{"id":223408,"date":"2020-05-02T06:19:04","date_gmt":"2020-05-02T09:19:04","guid":{"rendered":"https:\/\/franciscanos.org.br\/noticias\/?p=223408"},"modified":"2020-06-06T12:38:43","modified_gmt":"2020-06-06T15:38:43","slug":"papa-deus-ajude-os-governantes-sejam-unidos-nos-momentos-de-crise-para-o-bem-dos-povos","status":"publish","type":"post","link":"https:\/\/franciscanos.org.br\/noticias\/papa-deus-ajude-os-governantes-sejam-unidos-nos-momentos-de-crise-para-o-bem-dos-povos.html","title":{"rendered":"Papa: Deus ajude os governantes, sejam unidos nos momentos de crise para o bem dos povos"},"content":{"rendered":"<p><img loading=\"lazy\" class=\"alignnone size-full wp-image-223409\" src=\"https:\/\/franciscanos.org.br\/noticias\/wp-content\/uploads\/2020\/05\/marta_0205.jpg\" alt=\"\" width=\"1348\" height=\"768\" srcset=\"https:\/\/franciscanos.org.br\/noticias\/wp-content\/uploads\/2020\/05\/marta_0205.jpg 1348w, https:\/\/franciscanos.org.br\/noticias\/wp-content\/uploads\/2020\/05\/marta_0205-450x256.jpg 450w, https:\/\/franciscanos.org.br\/noticias\/wp-content\/uploads\/2020\/05\/marta_0205-1024x583.jpg 1024w, https:\/\/franciscanos.org.br\/noticias\/wp-content\/uploads\/2020\/05\/marta_0205-768x438.jpg 768w, https:\/\/franciscanos.org.br\/noticias\/wp-content\/uploads\/2020\/05\/marta_0205-150x85.jpg 150w\" sizes=\"(max-width: 1348px) 100vw, 1348px\" \/><\/p>\n<p><strong>Cidade do Vaticano<\/strong> &#8211; O Papa Francisco presidiu a Missa na Casa Santa Marta, no Vaticano, na manh\u00e3 deste s\u00e1bado da III Semana da P\u00e1scoa. Na introdu\u00e7\u00e3o, o Papa dirigiu seu pensamento aos governantes: Rezemos hoje pelos governantes que t\u00eam a responsabilidade de cuidar de seus povos nestes momentos de crise: chefes de Estado, chefes de governo, legisladores, prefeitos, governadores\u2026 Para que os Senhor os ajude e lhes d\u00ea for\u00e7a, porque o trabalho deles n\u00e3o \u00e9 f\u00e1cil. E quando houver diferen\u00e7as entre eles, entendam que, nos momentos de crise, devem ser muito unidos para o bem do povo, porque a unidade \u00e9 superior ao conflito.<\/p>\n<p>Hoje, s\u00e1bado, 2 de maio, se unem a n\u00f3s em ora\u00e7\u00e3o 300 grupos de ora\u00e7\u00e3o que se chamam os \u201cmadrugadores\u201d, em espanhol, isto \u00e9, os matineiros: aqueles que se levantam cedo para rezar, madrugam, propriamente para rezar. Eles se unem a n\u00f3s hoje, neste momento.<\/p>\n<p>Na homilia, o Papa comentou as leituras do dia, a partir da passagem do Livro dos Atos dos Ap\u00f3stolos (At 9,31-42) que conta como a primeira comunidade crist\u00e3 se consolidava e, com o conforto do Esp\u00edrito Santo, crescia em n\u00famero. Em seguida, traz dois eventos tendo Pedro ao centro: a cura de um paral\u00edtico em Lida e a ressurrei\u00e7\u00e3o de uma disc\u00edpula chamada Tabita. A Igreja \u2013 afirmou o Papa \u2013 cresce nos momentos de conforto. Mas h\u00e1 tempos dif\u00edceis, de persegui\u00e7\u00f5es, tempos de crises que colocam os fi\u00e9is em dificuldade. Como diz o Evangelho do Dia (Jo 6,60-69) em que, ap\u00f3s o discurso sobre o p\u00e3o vivo descido do c\u00e9u, a carne e o sangue de Cristo que d\u00e1 a vida eterna, muitos disc\u00edpulos abandonam Jesus dizendo que a sua palavra \u00e9 dura. Jesus sabia que os disc\u00edpulos murmuravam e nesta crise recorda que ningu\u00e9m pode vir a Ele se o Pai n\u00e3o o atrai. O momento de crise \u00e9 um momento de escolha que nos coloca diante das decis\u00f5es que devemos tomar. Tamb\u00e9m esta pandemia \u00e9 um momento de crise. No Evangelho Jesus pergunta aos Doze se tamb\u00e9m eles querem ir embora e Pedro responde: \u201cA quem iremos, Senhor? Tu tens palavras de vida eterna. N\u00f3s cremos firmemente e reconhecemos que tu \u00e9s o Santo de Deus\u201d. Pedro confessa que Jesus \u00e9 o Filho de Deus. Pedro n\u00e3o entende aquilo que Jesus diz, comer a carne e beber o sangue, mas confia. Que isso \u2013 prosseguiu Francisco \u2013 nos ajude a viver os momentos de crise. Nos momentos de crise \u00e9 preciso ser muito firmes na convic\u00e7\u00e3o de f\u00e9: h\u00e1 perseveran\u00e7a, n\u00e3o \u00e9 o momento de fazer mudan\u00e7as, \u00e9 o momento da fidelidade e da convers\u00e3o. N\u00f3s crist\u00e3os devemos aprender a administrar tanto os momentos de paz quanto os de crise. Que o Senhor \u2013 foi a ora\u00e7\u00e3o conclusiva do Papa \u2013 nos envie o Esp\u00edrito Santo para resistirmos \u00e0s tenta\u00e7\u00f5es nos momentos de crise e sermos fi\u00e9is, com a esperan\u00e7a de depois viver momentos de paz, e nos d\u00ea a for\u00e7a de n\u00e3o vender a f\u00e9.<\/p>\n<p><em>A seguir, o texto da homilia transcrita pelo Vatican News:<\/em><\/p>\n<p>A primeira Leitura tem in\u00edcio: \u201cNaqueles dias, a Igreja, vivia em paz em toda a Judeia, Galileia e Samaria. Ela consolidava-se e progredia no temor do Senhor e crescia em n\u00famero com a ajuda do Esp\u00edrito Santo\u201d. Tempo de paz. E a Igreja cresce. A Igreja est\u00e1 tranquila, tem o conforto do Esp\u00edrito Santo, est\u00e1 em consola\u00e7\u00e3o. Os bons tempos\u2026 Depois segue a cura de En\u00e9ias, depois Pedro ressuscita Gazela, Tabita\u2026 coisas que se fazem em paz.<\/p>\n<p>Mas h\u00e1 tempos n\u00e3o de paz, na Igreja primitiva: tempos de persegui\u00e7\u00f5es, tempos dif\u00edceis, tempos que colocam os fi\u00e9is em crise. Tempos de crise. E um tempo de crise \u00e9 o que o Evangelho de Jo\u00e3o nos conta hoje. Essa passagem do Evangelho \u00e9 o final de toda uma sequ\u00eancia que teve in\u00edcio com a multiplica\u00e7\u00e3o dos p\u00e3es, quando queriam fazer Jesus rei, Jesus vai rezar, eles no dia seguinte n\u00e3o o encontram, v\u00e3o procur\u00e1-lo, encontram-no e Jesus os repreende que o procurem para que lhes d\u00ea de comer e n\u00e3o pelas palavras de vida eterna\u2026 e toda aquela hist\u00f3ria acaba aqui. Eles lhe dizem: \u201cDai-nos este p\u00e3o\u201d, e Jesus explica que o p\u00e3o que dar\u00e1 \u00e9 o pr\u00f3prio corpo e o pr\u00f3prio sangue.<\/p>\n<p>Naquele tempo, muitos dos disc\u00edpulos de Jesus, ap\u00f3s terem ouvido disseram: \u201cEsta palavra \u00e9 dura. Quem consegue escut\u00e1-la?\u201d Jesus tinha dito que quem n\u00e3o comesse o seu corpo e (bebesse) o seu sangue n\u00e3o teria a vida eterna. Jesus, tamb\u00e9m dizia: \u201cSe comerdes o meu corpo e (beberdes) o meu sangue, ressuscitareis no \u00faltimo dia\u201d. Essas, as coisas que Jesus dizia, e \u201cesta palavra \u00e9 dura\u201d, \u00e9 muito dura. Algo aqui n\u00e3o est\u00e1 bem. Este homem foi al\u00e9m dos limites. E este \u00e9 um momento de crise. Havia momentos de paz e momentos de crise. Jesus sabia que os disc\u00edpulos murmuravam: aqui se tem a distin\u00e7\u00e3o entre os disc\u00edpulos e os ap\u00f3stolos. Os disc\u00edpulos eram aqueles 72 ou mais, os ap\u00f3stolos eram os Doze. \u201cJesus sabia, desde o in\u00edcio, quem eram os que n\u00e3o tinham f\u00e9 e quem havia de entreg\u00e1-lo.\u201d E por isso, diante dessa crise, recorda-lhes: \u201c\u00c9 por isso que vos disse: ningu\u00e9m pode vir a mim a n\u00e3o ser que lhe seja concedido pelo Pai\u201d. Retoma aquele ser atra\u00eddos pelo Pai: o Pai nos atrai a Jesus. E assim \u00e9 como a crise se resolve.<\/p>\n<p>E \u201ca partir daquele momento, muitos disc\u00edpulos voltaram atr\u00e1s e n\u00e3o andavam mais com ele\u201d. Distanciaram-se. \u201cEste homem \u00e9 um pouco perigoso, um pouco\u2026 mas estas doutrinas\u2026 sim, \u00e9 um homem bom, prega e cura, mas quando chega a essas coisas estranhas\u2026 por favor, vamos embora.\u201d E o mesmo fazem os disc\u00edpulos de Ema\u00fas, na manh\u00e3 da ressurrei\u00e7\u00e3o: \u201cAh, sim, uma coisa estranha: as mulheres que dizem que o sepulcro\u2026 mas a\u00ed tem coisa\u201d, diziam eles, \u201cvamos logo embora porque vir\u00e3o os soldados e nos crucificar\u00e3o\u201d. O mesmo fazem os soldados que vigiavam o sepulcro: tinham visto a verdade, mas depois preferiram vender seu segredo e \u201cestejamos seguros\u201d: n\u00e3o nos metamos nestas hist\u00f3rias, que s\u00e3o perigosas\u201d.<\/p>\n<p>Um momento de crise \u00e9 um momento de escolha, \u00e9 um momento que nos coloca diante das decis\u00f5es que devemos tomar: todos, na vida, tivemos e teremos momentos de crise. Crises familiares, crises matrimoniais, crises sociais, crises no trabalho, tantas crises\u2026 Tamb\u00e9m esta pandemia \u00e9 um momento de crise social.<\/p>\n<p>Como reagir naquele momento de crise? \u201cNaquele momento, muitos de seus disc\u00edpulos voltaram atr\u00e1s e n\u00e3o mais o seguiram\u201d. Jesus retoma a decis\u00e3o de interrogar os ap\u00f3stolos: \u201cEnt\u00e3o, Jesus disse aos doze: \u201cV\u00f3s tamb\u00e9m quereis ir embora?\u201d Tomem uma decis\u00e3o. E Pedro faz a segunda confiss\u00e3o. \u201cSim\u00e3o Pedro respondeu: \u2018A quem iremos, Senhor? Tu tens palavra de vida eterna. N\u00f3s cremos firmemente e reconhecemos que tu \u00e9s o Santo de Deus\u2019.\u201d Pedro confessa, em nome dos Doze, que Jesus \u00e9 o Santo de Deus, o Filho de Deus. A primeira confiss\u00e3o \u2013 \u201cTu \u00e9s o Cristo, o Filho do Deus vivo\u201d \u2013 e logo depois, quando Jesus come\u00e7ou a explicar a paix\u00e3o que iria chegar, ele o interrompe: \u201cN\u00e3o, n\u00e3o, Senhor, isto n\u00e3o!\u201d, e Jesus o repreende. Mas Pedro amadureceu um pouco e aqui n\u00e3o repreende. N\u00e3o entende aquilo que Jesus diz, este \u201ccomer a carne, beber o sangue\u201d: n\u00e3o entende. Mas confia no Mestre. Confia. E faz esta segunda confiss\u00e3o: \u201cA quem iremos, por favor, Tu tens palavra de vida eterna\u201d.<\/p>\n<p>Isso nos ajuda, todos n\u00f3s, a viver os momentos de crise. Na minha terra h\u00e1 um ditado que diz: \u201cQuando tu vais a cavalo e deves atravessar um rio, por favor, n\u00e3o troques cavalo no meio do rio\u201d. Nos momentos de crise, ser muito firmes na convic\u00e7\u00e3o da f\u00e9. Esses que foram embora, mudaram cavalo, buscaram outro mestre que n\u00e3o fosse t\u00e3o duro, como eles diziam. No momento de crise h\u00e1 a perseveran\u00e7a, o sil\u00eancio; permanecer onde estamos, firmes. N\u00e3o \u00e9 o momento de fazer mudan\u00e7as. \u00c9 o momento da fidelidade, da fidelidade a Deus, da fidelidade \u00e0s coisas que n\u00f3s assumimos antes; tamb\u00e9m, \u00e9 o momento da convers\u00e3o porque essa fidelidade sim, nos inspirar\u00e1 alguma mudan\u00e7a para o bem, n\u00e3o para distanciar-nos do bem.<\/p>\n<p>Momentos de paz e momentos de crise. N\u00f3s crist\u00e3os devemos aprender a administrar ambos. Ambos. Um padre espiritual diz que o momento de crise \u00e9 como passar pelo fogo para tornar-se fortes. Que o Senhor nos envie o Esp\u00edrito Santo para saber resistir \u00e0s tenta\u00e7\u00f5es nos momentos de crise, para saber ser fi\u00e9is \u00e0s primeiras palavras, com a esperan\u00e7a de depois viver momentos de paz. Pensemos em nossas crises: as crises de fam\u00edlia, as crises do bairro, as crises no trabalho, as crises sociais do mundo, do pa\u00eds\u2026 tantas crises, tantas crises.<\/p>\n<p>Que o Senhor nos d\u00ea a for\u00e7a \u2013 nos momentos de crise \u2013 de n\u00e3o vender a f\u00e9.<\/p>\n<p>O Papa convidou aqueles que n\u00e3o podem comungar sacramentalmente a fazer a Comunh\u00e3o espiritual com a seguinte ora\u00e7\u00e3o:<\/p>\n<p style=\"padding-left: 40px;\"><em>Meu Jesus, eu creio que estais presente no Sant\u00edssimo Sacramento do Altar. Amo-vos sobre todas as coisas, e minha alma suspira por V\u00f3s. Mas, como n\u00e3o posso receber-Vos agora no Sant\u00edssimo Sacramento, vinde, ao menos espiritualmente, a meu cora\u00e7\u00e3o. Abra\u00e7o-me convosco como se j\u00e1 estiv\u00e9sseis comigo: uno-me Convosco inteiramente. Ah! n\u00e3o permitais que torne a separar-me de V\u00f3s!<\/em><\/p>\n<p>O Santo Padre terminou a celebra\u00e7\u00e3o com adora\u00e7\u00e3o e a b\u00ean\u00e7\u00e3o eucar\u00edstica. Antes de deixar a Capela dedicada ao Esp\u00edrito Santo, foi entoada a ant\u00edfona mariana \u201cRegina Coeli\u201d, cantada no tempo pascal:<\/p>\n<p style=\"padding-left: 40px;\"><em>Rainha dos c\u00e9us, alegrai-vos. Aleluia!<\/em><\/p>\n<p style=\"padding-left: 40px;\"><em>Porque Aquele que merecestes trazer em vosso seio. Aleluia!<\/em><\/p>\n<p style=\"padding-left: 40px;\"><em>Ressuscitou como disse. Aleluia!<\/em><\/p>\n<p style=\"padding-left: 40px;\"><em>Rogai por n\u00f3s a Deus. Aleluia!<\/em><\/p>\n<p style=\"padding-left: 40px;\"><em>D.\/ Alegrai-vos e exultai, \u00f3 Virgem Maria. Aleluia!<\/em><\/p>\n<p style=\"padding-left: 40px;\"><em>C.\/ Porque o Senhor ressuscitou, verdadeiramente. Aleluia!<\/em><\/p>\n<hr \/>\n<p><em>Fonte: Vatican News<\/em><\/p>\n","protected":false},"excerpt":{"rendered":"<p>Missa em Santa Marta<\/p>\n","protected":false},"author":3,"featured_media":223410,"comment_status":"open","ping_status":"open","sticky":false,"template":"","format":"standard","meta":[],"categories":[1428],"tags":[1586],"acf":[],"yoast_head":"<!-- This site is optimized with the Yoast SEO plugin v19.2 - https:\/\/yoast.com\/wordpress\/plugins\/seo\/ -->\n<title>Papa: Deus ajude os governantes, sejam unidos nos momentos de crise para o bem dos povos - Not\u00edcias - Franciscanos<\/title>\n<meta name=\"robots\" content=\"index, follow, max-snippet:-1, max-image-preview:large, max-video-preview:-1\" \/>\n<link rel=\"canonical\" href=\"https:\/\/franciscanos.org.br\/noticias\/papa-deus-ajude-os-governantes-sejam-unidos-nos-momentos-de-crise-para-o-bem-dos-povos.html\" \/>\n<meta property=\"og:locale\" content=\"pt_BR\" \/>\n<meta property=\"og:type\" content=\"article\" \/>\n<meta property=\"og:title\" content=\"Papa: Deus ajude os governantes, sejam unidos nos momentos de crise para o bem dos povos - Not\u00edcias - Franciscanos\" \/>\n<meta property=\"og:description\" content=\"Missa em Santa Marta\" \/>\n<meta property=\"og:url\" content=\"https:\/\/franciscanos.org.br\/noticias\/papa-deus-ajude-os-governantes-sejam-unidos-nos-momentos-de-crise-para-o-bem-dos-povos.html\" \/>\n<meta property=\"og:site_name\" content=\"Not\u00edcias - Franciscanos\" \/>\n<meta property=\"article:published_time\" content=\"2020-05-02T09:19:04+00:00\" \/>\n<meta property=\"article:modified_time\" content=\"2020-06-06T15:38:43+00:00\" \/>\n<meta property=\"og:image\" content=\"https:\/\/franciscanos.org.br\/noticias\/wp-content\/uploads\/2020\/05\/marta_0205d.jpg\" \/>\n\t<meta property=\"og:image:width\" content=\"1024\" \/>\n\t<meta property=\"og:image:height\" content=\"768\" \/>\n\t<meta property=\"og:image:type\" content=\"image\/jpeg\" \/>\n<meta name=\"author\" content=\"moacir\" \/>\n<meta name=\"twitter:card\" content=\"summary_large_image\" \/>\n<meta name=\"twitter:label1\" content=\"Escrito por\" \/>\n\t<meta name=\"twitter:data1\" content=\"moacir\" \/>\n\t<meta name=\"twitter:label2\" content=\"Est. tempo de leitura\" \/>\n\t<meta name=\"twitter:data2\" content=\"9 minutos\" \/>\n<script type=\"application\/ld+json\" class=\"yoast-schema-graph\">{\"@context\":\"https:\/\/schema.org\",\"@graph\":[{\"@type\":\"WebSite\",\"@id\":\"https:\/\/franciscanos.org.br\/noticias\/#website\",\"url\":\"https:\/\/franciscanos.org.br\/noticias\/\",\"name\":\"Not\u00edcias - Franciscanos\",\"description\":\"Prov\u00edncia Franciscana da Imaculada Concei\u00e7\u00e3o do Brasil - Ordem dos Frades Menores - OFM\",\"potentialAction\":[{\"@type\":\"SearchAction\",\"target\":{\"@type\":\"EntryPoint\",\"urlTemplate\":\"https:\/\/franciscanos.org.br\/noticias\/?s={search_term_string}\"},\"query-input\":\"required name=search_term_string\"}],\"inLanguage\":\"pt-BR\"},{\"@type\":\"ImageObject\",\"inLanguage\":\"pt-BR\",\"@id\":\"https:\/\/franciscanos.org.br\/noticias\/papa-deus-ajude-os-governantes-sejam-unidos-nos-momentos-de-crise-para-o-bem-dos-povos.html#primaryimage\",\"url\":\"https:\/\/franciscanos.org.br\/noticias\/wp-content\/uploads\/2020\/05\/marta_0205d.jpg\",\"contentUrl\":\"https:\/\/franciscanos.org.br\/noticias\/wp-content\/uploads\/2020\/05\/marta_0205d.jpg\",\"width\":1024,\"height\":768},{\"@type\":\"WebPage\",\"@id\":\"https:\/\/franciscanos.org.br\/noticias\/papa-deus-ajude-os-governantes-sejam-unidos-nos-momentos-de-crise-para-o-bem-dos-povos.html#webpage\",\"url\":\"https:\/\/franciscanos.org.br\/noticias\/papa-deus-ajude-os-governantes-sejam-unidos-nos-momentos-de-crise-para-o-bem-dos-povos.html\",\"name\":\"Papa: Deus ajude os governantes, sejam unidos nos momentos de crise para o bem dos povos - Not\u00edcias - Franciscanos\",\"isPartOf\":{\"@id\":\"https:\/\/franciscanos.org.br\/noticias\/#website\"},\"primaryImageOfPage\":{\"@id\":\"https:\/\/franciscanos.org.br\/noticias\/papa-deus-ajude-os-governantes-sejam-unidos-nos-momentos-de-crise-para-o-bem-dos-povos.html#primaryimage\"},\"datePublished\":\"2020-05-02T09:19:04+00:00\",\"dateModified\":\"2020-06-06T15:38:43+00:00\",\"author\":{\"@id\":\"https:\/\/franciscanos.org.br\/noticias\/#\/schema\/person\/b5c8cba458c330ccff548b056e95a5d4\"},\"breadcrumb\":{\"@id\":\"https:\/\/franciscanos.org.br\/noticias\/papa-deus-ajude-os-governantes-sejam-unidos-nos-momentos-de-crise-para-o-bem-dos-povos.html#breadcrumb\"},\"inLanguage\":\"pt-BR\",\"potentialAction\":[{\"@type\":\"ReadAction\",\"target\":[\"https:\/\/franciscanos.org.br\/noticias\/papa-deus-ajude-os-governantes-sejam-unidos-nos-momentos-de-crise-para-o-bem-dos-povos.html\"]}]},{\"@type\":\"BreadcrumbList\",\"@id\":\"https:\/\/franciscanos.org.br\/noticias\/papa-deus-ajude-os-governantes-sejam-unidos-nos-momentos-de-crise-para-o-bem-dos-povos.html#breadcrumb\",\"itemListElement\":[{\"@type\":\"ListItem\",\"position\":1,\"name\":\"Home\",\"item\":\"https:\/\/franciscanos.org.br\/noticias\"},{\"@type\":\"ListItem\",\"position\":2,\"name\":\"Papa: Deus ajude os governantes, sejam unidos nos momentos de crise para o bem dos povos\"}]},{\"@type\":\"Person\",\"@id\":\"https:\/\/franciscanos.org.br\/noticias\/#\/schema\/person\/b5c8cba458c330ccff548b056e95a5d4\",\"name\":\"moacir\",\"image\":{\"@type\":\"ImageObject\",\"inLanguage\":\"pt-BR\",\"@id\":\"https:\/\/franciscanos.org.br\/noticias\/#\/schema\/person\/image\/\",\"url\":\"https:\/\/secure.gravatar.com\/avatar\/d08aa2ce4c8dd416d4479aa8536fcf64?s=96&d=mm&r=g\",\"contentUrl\":\"https:\/\/secure.gravatar.com\/avatar\/d08aa2ce4c8dd416d4479aa8536fcf64?s=96&d=mm&r=g\",\"caption\":\"moacir\"},\"url\":\"https:\/\/franciscanos.org.br\/noticias\/author\/moacir\"}]}<\/script>\n<!-- \/ Yoast SEO plugin. -->","yoast_head_json":{"title":"Papa: Deus ajude os governantes, sejam unidos nos momentos de crise para o bem dos povos - Not\u00edcias - Franciscanos","robots":{"index":"index","follow":"follow","max-snippet":"max-snippet:-1","max-image-preview":"max-image-preview:large","max-video-preview":"max-video-preview:-1"},"canonical":"https:\/\/franciscanos.org.br\/noticias\/papa-deus-ajude-os-governantes-sejam-unidos-nos-momentos-de-crise-para-o-bem-dos-povos.html","og_locale":"pt_BR","og_type":"article","og_title":"Papa: Deus ajude os governantes, sejam unidos nos momentos de crise para o bem dos povos - Not\u00edcias - Franciscanos","og_description":"Missa em Santa Marta","og_url":"https:\/\/franciscanos.org.br\/noticias\/papa-deus-ajude-os-governantes-sejam-unidos-nos-momentos-de-crise-para-o-bem-dos-povos.html","og_site_name":"Not\u00edcias - Franciscanos","article_published_time":"2020-05-02T09:19:04+00:00","article_modified_time":"2020-06-06T15:38:43+00:00","og_image":[{"width":1024,"height":768,"url":"https:\/\/franciscanos.org.br\/noticias\/wp-content\/uploads\/2020\/05\/marta_0205d.jpg","type":"image\/jpeg"}],"author":"moacir","twitter_card":"summary_large_image","twitter_misc":{"Escrito por":"moacir","Est. tempo de leitura":"9 minutos"},"schema":{"@context":"https:\/\/schema.org","@graph":[{"@type":"WebSite","@id":"https:\/\/franciscanos.org.br\/noticias\/#website","url":"https:\/\/franciscanos.org.br\/noticias\/","name":"Not\u00edcias - Franciscanos","description":"Prov\u00edncia Franciscana da Imaculada Concei\u00e7\u00e3o do Brasil - Ordem dos Frades Menores - OFM","potentialAction":[{"@type":"SearchAction","target":{"@type":"EntryPoint","urlTemplate":"https:\/\/franciscanos.org.br\/noticias\/?s={search_term_string}"},"query-input":"required name=search_term_string"}],"inLanguage":"pt-BR"},{"@type":"ImageObject","inLanguage":"pt-BR","@id":"https:\/\/franciscanos.org.br\/noticias\/papa-deus-ajude-os-governantes-sejam-unidos-nos-momentos-de-crise-para-o-bem-dos-povos.html#primaryimage","url":"https:\/\/franciscanos.org.br\/noticias\/wp-content\/uploads\/2020\/05\/marta_0205d.jpg","contentUrl":"https:\/\/franciscanos.org.br\/noticias\/wp-content\/uploads\/2020\/05\/marta_0205d.jpg","width":1024,"height":768},{"@type":"WebPage","@id":"https:\/\/franciscanos.org.br\/noticias\/papa-deus-ajude-os-governantes-sejam-unidos-nos-momentos-de-crise-para-o-bem-dos-povos.html#webpage","url":"https:\/\/franciscanos.org.br\/noticias\/papa-deus-ajude-os-governantes-sejam-unidos-nos-momentos-de-crise-para-o-bem-dos-povos.html","name":"Papa: Deus ajude os governantes, sejam unidos nos momentos de crise para o bem dos povos - Not\u00edcias - Franciscanos","isPartOf":{"@id":"https:\/\/franciscanos.org.br\/noticias\/#website"},"primaryImageOfPage":{"@id":"https:\/\/franciscanos.org.br\/noticias\/papa-deus-ajude-os-governantes-sejam-unidos-nos-momentos-de-crise-para-o-bem-dos-povos.html#primaryimage"},"datePublished":"2020-05-02T09:19:04+00:00","dateModified":"2020-06-06T15:38:43+00:00","author":{"@id":"https:\/\/franciscanos.org.br\/noticias\/#\/schema\/person\/b5c8cba458c330ccff548b056e95a5d4"},"breadcrumb":{"@id":"https:\/\/franciscanos.org.br\/noticias\/papa-deus-ajude-os-governantes-sejam-unidos-nos-momentos-de-crise-para-o-bem-dos-povos.html#breadcrumb"},"inLanguage":"pt-BR","potentialAction":[{"@type":"ReadAction","target":["https:\/\/franciscanos.org.br\/noticias\/papa-deus-ajude-os-governantes-sejam-unidos-nos-momentos-de-crise-para-o-bem-dos-povos.html"]}]},{"@type":"BreadcrumbList","@id":"https:\/\/franciscanos.org.br\/noticias\/papa-deus-ajude-os-governantes-sejam-unidos-nos-momentos-de-crise-para-o-bem-dos-povos.html#breadcrumb","itemListElement":[{"@type":"ListItem","position":1,"name":"Home","item":"https:\/\/franciscanos.org.br\/noticias"},{"@type":"ListItem","position":2,"name":"Papa: Deus ajude os governantes, sejam unidos nos momentos de crise para o bem dos povos"}]},{"@type":"Person","@id":"https:\/\/franciscanos.org.br\/noticias\/#\/schema\/person\/b5c8cba458c330ccff548b056e95a5d4","name":"moacir","image":{"@type":"ImageObject","inLanguage":"pt-BR","@id":"https:\/\/franciscanos.org.br\/noticias\/#\/schema\/person\/image\/","url":"https:\/\/secure.gravatar.com\/avatar\/d08aa2ce4c8dd416d4479aa8536fcf64?s=96&d=mm&r=g","contentUrl":"https:\/\/secure.gravatar.com\/avatar\/d08aa2ce4c8dd416d4479aa8536fcf64?s=96&d=mm&r=g","caption":"moacir"},"url":"https:\/\/franciscanos.org.br\/noticias\/author\/moacir"}]}},"_links":{"self":[{"href":"https:\/\/franciscanos.org.br\/noticias\/wp-json\/wp\/v2\/posts\/223408"}],"collection":[{"href":"https:\/\/franciscanos.org.br\/noticias\/wp-json\/wp\/v2\/posts"}],"about":[{"href":"https:\/\/franciscanos.org.br\/noticias\/wp-json\/wp\/v2\/types\/post"}],"author":[{"embeddable":true,"href":"https:\/\/franciscanos.org.br\/noticias\/wp-json\/wp\/v2\/users\/3"}],"replies":[{"embeddable":true,"href":"https:\/\/franciscanos.org.br\/noticias\/wp-json\/wp\/v2\/comments?post=223408"}],"version-history":[{"count":2,"href":"https:\/\/franciscanos.org.br\/noticias\/wp-json\/wp\/v2\/posts\/223408\/revisions"}],"predecessor-version":[{"id":224599,"href":"https:\/\/franciscanos.org.br\/noticias\/wp-json\/wp\/v2\/posts\/223408\/revisions\/224599"}],"wp:featuredmedia":[{"embeddable":true,"href":"https:\/\/franciscanos.org.br\/noticias\/wp-json\/wp\/v2\/media\/223410"}],"wp:attachment":[{"href":"https:\/\/franciscanos.org.br\/noticias\/wp-json\/wp\/v2\/media?parent=223408"}],"wp:term":[{"taxonomy":"category","embeddable":true,"href":"https:\/\/franciscanos.org.br\/noticias\/wp-json\/wp\/v2\/categories?post=223408"},{"taxonomy":"post_tag","embeddable":true,"href":"https:\/\/franciscanos.org.br\/noticias\/wp-json\/wp\/v2\/tags?post=223408"}],"curies":[{"name":"wp","href":"https:\/\/api.w.org\/{rel}","templated":true}]}}