{"id":223400,"date":"2020-04-30T12:04:06","date_gmt":"2020-04-30T15:04:06","guid":{"rendered":"https:\/\/franciscanos.org.br\/noticias\/?p=223400"},"modified":"2020-04-30T12:04:06","modified_gmt":"2020-04-30T15:04:06","slug":"posicionamento-da-cnbb-em-defesa-da-democracia-pela-justica-e-pela-paz","status":"publish","type":"post","link":"https:\/\/franciscanos.org.br\/noticias\/posicionamento-da-cnbb-em-defesa-da-democracia-pela-justica-e-pela-paz.html","title":{"rendered":"Posicionamento da CNBB em defesa da democracia, pela justi\u00e7a e pela paz!"},"content":{"rendered":"<p><img loading=\"lazy\" class=\"alignnone size-full wp-image-223401\" src=\"https:\/\/franciscanos.org.br\/noticias\/wp-content\/uploads\/2020\/04\/WhatsApp-Image-2020-04-30-at-01.18.42-1200x762_c.jpeg\" alt=\"\" width=\"1200\" height=\"762\" srcset=\"https:\/\/franciscanos.org.br\/noticias\/wp-content\/uploads\/2020\/04\/WhatsApp-Image-2020-04-30-at-01.18.42-1200x762_c.jpeg 1200w, https:\/\/franciscanos.org.br\/noticias\/wp-content\/uploads\/2020\/04\/WhatsApp-Image-2020-04-30-at-01.18.42-1200x762_c-450x286.jpeg 450w, https:\/\/franciscanos.org.br\/noticias\/wp-content\/uploads\/2020\/04\/WhatsApp-Image-2020-04-30-at-01.18.42-1200x762_c-1024x650.jpeg 1024w, https:\/\/franciscanos.org.br\/noticias\/wp-content\/uploads\/2020\/04\/WhatsApp-Image-2020-04-30-at-01.18.42-1200x762_c-768x488.jpeg 768w, https:\/\/franciscanos.org.br\/noticias\/wp-content\/uploads\/2020\/04\/WhatsApp-Image-2020-04-30-at-01.18.42-1200x762_c-150x95.jpeg 150w\" sizes=\"(max-width: 1200px) 100vw, 1200px\" \/><\/p>\n<p><em>\u201cParai de fazer o mal, aprendei a fazer o bem: buscai o direito, socorrei o oprimido, fazei justi\u00e7a ao \u00f3rf\u00e3o, defendei a causa da vi\u00fava. Ent\u00e3o, sim, podemos discutir\u201d (Is 1,16b-18a).<\/em><\/p>\n<p>A Confer\u00eancia Nacional dos Bispos do Brasil, CNBB, por meio do seu Conselho Episcopal Pastoral, reafirma, com veem\u00eancia, seu compromisso com o \u201cPacto pela Vida e pelo Brasil\u201d, de 7 de abril passado, assinado inicialmente por seis respeitadas institui\u00e7\u00f5es da sociedade civil e, posteriormente, por mais de 150 entidades, considerando que \u201ca hora \u00e9 grave e clama por lideran\u00e7a \u00e9tica, arrojada, human\u00edstica, que ecoe um pacto firmado por toda a sociedade, como compromisso e b\u00fassola para a supera\u00e7\u00e3o da crise atual\u201d.<\/p>\n<p>Diante da mais grave crise sanit\u00e1ria dos \u00faltimos tempos, com o sistema de sa\u00fade j\u00e1 entrando na fase de colapso, consideramos este momento dific\u00edlimo, que clama pelo efetivo exerc\u00edcio da solidariedade e da caridade. \u00c9 tempo das palavras e atitudes serenas de paz, de f\u00e9 e de esperan\u00e7a, de respeito \u00e0s leis e \u00e0 democracia. \u00c9 com perplexidade e indigna\u00e7\u00e3o que assistimos manifesta\u00e7\u00f5es violentas contra as medidas de preven\u00e7\u00e3o ao coronav\u00edrus; que ouvimos declara\u00e7\u00f5es enviesadas de desprezo pela vida, por parte de agentes p\u00fablicos sobre a morte de milhares de brasileiros e brasileiras contaminados pelo covid-19; que vimos acontecer eventos atentat\u00f3rios \u00e0 ordem constitucional, com a participa\u00e7\u00e3o de autoridades p\u00fablicas, onde se defendeu o fechamento do Congresso Nacional e do Supremo Tribunal Federal, a volta do AI-5 e o retorno aos sombrios tempos da ditadura; que todo o Brasil soube de den\u00fancias acerca da politiza\u00e7\u00e3o da justi\u00e7a, ferindo sua necess\u00e1ria autonomia de investiga\u00e7\u00e3o.<\/p>\n<p>A Doutrina Social da Igreja ensina, com clareza a intoc\u00e1vel harmonia e coopera\u00e7\u00e3o entre os Poderes, base constitutiva da Rep\u00fablica, garantia do Estado Democr\u00e1tico de Direito, o princ\u00edpio de que \u201c\u00e9 prefer\u00edvel que cada poder seja equilibrado por outros poderes e outras esferas de compet\u00eancia que o mantenham no seu justo limite. Este \u00e9 o princ\u00edpio do \u2018Estado de direito\u2019, no qual \u00e9 soberana a lei, e n\u00e3o a vontade arbitr\u00e1ria dos homens.\u201d (CDSI, 408). Portanto, buscar solu\u00e7\u00f5es para os problemas do Brasil fora da institucionalidade democr\u00e1tica e em confronto com os poderes da Rep\u00fablica, coloca em risco a democracia e a integridade do povo brasileiro. Nessa perspectiva, n\u00e3o s\u00e3o toler\u00e1veis as manifesta\u00e7\u00f5es sociais que atentam contra a Constitui\u00e7\u00e3o, assim como n\u00e3o \u00e9 toler\u00e1vel que qualquer autoridade viole os preceitos constitucionais e despreze a vida. Espera-se das institui\u00e7\u00f5es republicanas, garantidoras do Estado de direito, a devida responsabiliza\u00e7\u00e3o dos que atentam contra a ordem democr\u00e1tica.<\/p>\n<p>Reiterando o posicionamento contido no &#8220;Pacto pela Vida e pelo Brasil\u201d, a CNBB conclama a sociedade e os respons\u00e1veis pelos poderes p\u00fablicos a se libertarem dos v\u00edrus mortais da disc\u00f3rdia, da viol\u00eancia, do \u00f3dio e a se unirem no \u00fanico confronto que a todos nos interessa nesse momento: a preven\u00e7\u00e3o e o combate \u00e0 Covid-19, em defesa da vida, especialmente a dos mais pobres e vulner\u00e1veis.<\/p>\n<p>O cuidado da sa\u00fade das pessoas e da economia s\u00e3o fundamentais para a garantia da vida em sua plenitude e n\u00e3o se op\u00f5em. Na perspectiva da Doutrina Social da Igreja, a economia est\u00e1 a servi\u00e7o da vida: &#8220;o princ\u00edpio da destina\u00e7\u00e3o universal dos bens convida a cultivar uma vis\u00e3o da economia inspirada em valores morais que permitam nunca perder de vista nem a origem, nem a finalidade de tais bens, de modo a realizar um mundo equitativo e solid\u00e1rio, em que a forma\u00e7\u00e3o da riqueza possa assumir uma fun\u00e7\u00e3o positiva.&#8221; (CDSI, 174).<\/p>\n<p>Sob a prote\u00e7\u00e3o de Nossa Senhora Aparecida, Maria, m\u00e3e disc\u00edpula de Jesus, irmanamo-nos na luta empenhada por justi\u00e7a e paz e pela democracia plena, onde deve prevalecer o bem comum e a dignidade de cada pessoa, como part\u00edcipe da constru\u00e7\u00e3o de uma nova sociedade marcada pela solidariedade, como nos ensina o Papa Francisco: \u201co risco \u00e9 que possamos ser atingidos por um v\u00edrus ainda pior, o da indiferen\u00e7a ego\u00edsta. Um v\u00edrus que se espalha pelo pensamento de que a vida \u00e9 melhor se for melhor para mim e que tudo ficar\u00e1 bem se for bom para mim.\u201d (Papa Francisco, 19\/04\/2020).<\/p>\n<p>Bras\u00edlia, 29 de abril de 2020.<\/p>\n<p><strong>D. Walmor Oliveira de Azevedo<\/strong><br \/>\nArcebispo de Belo Horizonte, MG<br \/>\nPresidente<\/p>\n<p><strong>D. Jaime Spengler, OFM<\/strong><br \/>\nArcebispo de Porto Alegre, RS<br \/>\n1\u00ba Vice-Presidente<\/p>\n<p><strong>D. M\u00e1rio Ant\u00f4nio da Silva<\/strong><br \/>\nBispo de Roraima, RR<br \/>\n2\u00ba Vice-Presidente<\/p>\n<p><strong>D. Joel Portella Amado<\/strong><br \/>\nBispo auxiliar do Rio de Janeiro, RJ<br \/>\nSecret\u00e1rio-Geral<\/p>\n","protected":false},"excerpt":{"rendered":"<p>CNBB<\/p>\n","protected":false},"author":3,"featured_media":223402,"comment_status":"open","ping_status":"open","sticky":false,"template":"","format":"standard","meta":[],"categories":[1],"tags":[29],"acf":[],"yoast_head":"<!-- This site is optimized with the Yoast SEO plugin v19.2 - https:\/\/yoast.com\/wordpress\/plugins\/seo\/ -->\n<title>Posicionamento da CNBB em defesa da democracia, pela justi\u00e7a e pela paz! - Not\u00edcias - Franciscanos<\/title>\n<meta name=\"robots\" content=\"index, follow, max-snippet:-1, max-image-preview:large, max-video-preview:-1\" \/>\n<link rel=\"canonical\" href=\"https:\/\/franciscanos.org.br\/noticias\/posicionamento-da-cnbb-em-defesa-da-democracia-pela-justica-e-pela-paz.html\" \/>\n<meta property=\"og:locale\" content=\"pt_BR\" \/>\n<meta property=\"og:type\" content=\"article\" \/>\n<meta property=\"og:title\" content=\"Posicionamento da CNBB em defesa da democracia, pela justi\u00e7a e pela paz! - Not\u00edcias - Franciscanos\" \/>\n<meta property=\"og:description\" content=\"CNBB\" \/>\n<meta property=\"og:url\" content=\"https:\/\/franciscanos.org.br\/noticias\/posicionamento-da-cnbb-em-defesa-da-democracia-pela-justica-e-pela-paz.html\" \/>\n<meta property=\"og:site_name\" content=\"Not\u00edcias - Franciscanos\" \/>\n<meta property=\"article:published_time\" content=\"2020-04-30T15:04:06+00:00\" \/>\n<meta property=\"og:image\" content=\"https:\/\/franciscanos.org.br\/noticias\/wp-content\/uploads\/2020\/04\/cnbb.jpg\" \/>\n\t<meta property=\"og:image:width\" content=\"800\" \/>\n\t<meta property=\"og:image:height\" content=\"600\" \/>\n\t<meta property=\"og:image:type\" content=\"image\/jpeg\" \/>\n<meta name=\"author\" content=\"moacir\" \/>\n<meta name=\"twitter:card\" content=\"summary_large_image\" \/>\n<meta name=\"twitter:label1\" content=\"Escrito por\" \/>\n\t<meta name=\"twitter:data1\" content=\"moacir\" \/>\n\t<meta name=\"twitter:label2\" content=\"Est. tempo de leitura\" \/>\n\t<meta name=\"twitter:data2\" content=\"4 minutos\" \/>\n<script type=\"application\/ld+json\" class=\"yoast-schema-graph\">{\"@context\":\"https:\/\/schema.org\",\"@graph\":[{\"@type\":\"WebSite\",\"@id\":\"https:\/\/franciscanos.org.br\/noticias\/#website\",\"url\":\"https:\/\/franciscanos.org.br\/noticias\/\",\"name\":\"Not\u00edcias - Franciscanos\",\"description\":\"Prov\u00edncia Franciscana da Imaculada Concei\u00e7\u00e3o do Brasil - Ordem dos Frades Menores - OFM\",\"potentialAction\":[{\"@type\":\"SearchAction\",\"target\":{\"@type\":\"EntryPoint\",\"urlTemplate\":\"https:\/\/franciscanos.org.br\/noticias\/?s={search_term_string}\"},\"query-input\":\"required name=search_term_string\"}],\"inLanguage\":\"pt-BR\"},{\"@type\":\"ImageObject\",\"inLanguage\":\"pt-BR\",\"@id\":\"https:\/\/franciscanos.org.br\/noticias\/posicionamento-da-cnbb-em-defesa-da-democracia-pela-justica-e-pela-paz.html#primaryimage\",\"url\":\"https:\/\/franciscanos.org.br\/noticias\/wp-content\/uploads\/2020\/04\/cnbb.jpg\",\"contentUrl\":\"https:\/\/franciscanos.org.br\/noticias\/wp-content\/uploads\/2020\/04\/cnbb.jpg\",\"width\":800,\"height\":600},{\"@type\":\"WebPage\",\"@id\":\"https:\/\/franciscanos.org.br\/noticias\/posicionamento-da-cnbb-em-defesa-da-democracia-pela-justica-e-pela-paz.html#webpage\",\"url\":\"https:\/\/franciscanos.org.br\/noticias\/posicionamento-da-cnbb-em-defesa-da-democracia-pela-justica-e-pela-paz.html\",\"name\":\"Posicionamento da CNBB em defesa da democracia, pela justi\u00e7a e pela paz! - Not\u00edcias - Franciscanos\",\"isPartOf\":{\"@id\":\"https:\/\/franciscanos.org.br\/noticias\/#website\"},\"primaryImageOfPage\":{\"@id\":\"https:\/\/franciscanos.org.br\/noticias\/posicionamento-da-cnbb-em-defesa-da-democracia-pela-justica-e-pela-paz.html#primaryimage\"},\"datePublished\":\"2020-04-30T15:04:06+00:00\",\"dateModified\":\"2020-04-30T15:04:06+00:00\",\"author\":{\"@id\":\"https:\/\/franciscanos.org.br\/noticias\/#\/schema\/person\/b5c8cba458c330ccff548b056e95a5d4\"},\"breadcrumb\":{\"@id\":\"https:\/\/franciscanos.org.br\/noticias\/posicionamento-da-cnbb-em-defesa-da-democracia-pela-justica-e-pela-paz.html#breadcrumb\"},\"inLanguage\":\"pt-BR\",\"potentialAction\":[{\"@type\":\"ReadAction\",\"target\":[\"https:\/\/franciscanos.org.br\/noticias\/posicionamento-da-cnbb-em-defesa-da-democracia-pela-justica-e-pela-paz.html\"]}]},{\"@type\":\"BreadcrumbList\",\"@id\":\"https:\/\/franciscanos.org.br\/noticias\/posicionamento-da-cnbb-em-defesa-da-democracia-pela-justica-e-pela-paz.html#breadcrumb\",\"itemListElement\":[{\"@type\":\"ListItem\",\"position\":1,\"name\":\"Home\",\"item\":\"https:\/\/franciscanos.org.br\/noticias\"},{\"@type\":\"ListItem\",\"position\":2,\"name\":\"Posicionamento da CNBB em defesa da democracia, pela justi\u00e7a e pela paz!\"}]},{\"@type\":\"Person\",\"@id\":\"https:\/\/franciscanos.org.br\/noticias\/#\/schema\/person\/b5c8cba458c330ccff548b056e95a5d4\",\"name\":\"moacir\",\"image\":{\"@type\":\"ImageObject\",\"inLanguage\":\"pt-BR\",\"@id\":\"https:\/\/franciscanos.org.br\/noticias\/#\/schema\/person\/image\/\",\"url\":\"https:\/\/secure.gravatar.com\/avatar\/d08aa2ce4c8dd416d4479aa8536fcf64?s=96&d=mm&r=g\",\"contentUrl\":\"https:\/\/secure.gravatar.com\/avatar\/d08aa2ce4c8dd416d4479aa8536fcf64?s=96&d=mm&r=g\",\"caption\":\"moacir\"},\"url\":\"https:\/\/franciscanos.org.br\/noticias\/author\/moacir\"}]}<\/script>\n<!-- \/ Yoast SEO plugin. -->","yoast_head_json":{"title":"Posicionamento da CNBB em defesa da democracia, pela justi\u00e7a e pela paz! - Not\u00edcias - Franciscanos","robots":{"index":"index","follow":"follow","max-snippet":"max-snippet:-1","max-image-preview":"max-image-preview:large","max-video-preview":"max-video-preview:-1"},"canonical":"https:\/\/franciscanos.org.br\/noticias\/posicionamento-da-cnbb-em-defesa-da-democracia-pela-justica-e-pela-paz.html","og_locale":"pt_BR","og_type":"article","og_title":"Posicionamento da CNBB em defesa da democracia, pela justi\u00e7a e pela paz! - Not\u00edcias - Franciscanos","og_description":"CNBB","og_url":"https:\/\/franciscanos.org.br\/noticias\/posicionamento-da-cnbb-em-defesa-da-democracia-pela-justica-e-pela-paz.html","og_site_name":"Not\u00edcias - Franciscanos","article_published_time":"2020-04-30T15:04:06+00:00","og_image":[{"width":800,"height":600,"url":"https:\/\/franciscanos.org.br\/noticias\/wp-content\/uploads\/2020\/04\/cnbb.jpg","type":"image\/jpeg"}],"author":"moacir","twitter_card":"summary_large_image","twitter_misc":{"Escrito por":"moacir","Est. tempo de leitura":"4 minutos"},"schema":{"@context":"https:\/\/schema.org","@graph":[{"@type":"WebSite","@id":"https:\/\/franciscanos.org.br\/noticias\/#website","url":"https:\/\/franciscanos.org.br\/noticias\/","name":"Not\u00edcias - Franciscanos","description":"Prov\u00edncia Franciscana da Imaculada Concei\u00e7\u00e3o do Brasil - Ordem dos Frades Menores - OFM","potentialAction":[{"@type":"SearchAction","target":{"@type":"EntryPoint","urlTemplate":"https:\/\/franciscanos.org.br\/noticias\/?s={search_term_string}"},"query-input":"required name=search_term_string"}],"inLanguage":"pt-BR"},{"@type":"ImageObject","inLanguage":"pt-BR","@id":"https:\/\/franciscanos.org.br\/noticias\/posicionamento-da-cnbb-em-defesa-da-democracia-pela-justica-e-pela-paz.html#primaryimage","url":"https:\/\/franciscanos.org.br\/noticias\/wp-content\/uploads\/2020\/04\/cnbb.jpg","contentUrl":"https:\/\/franciscanos.org.br\/noticias\/wp-content\/uploads\/2020\/04\/cnbb.jpg","width":800,"height":600},{"@type":"WebPage","@id":"https:\/\/franciscanos.org.br\/noticias\/posicionamento-da-cnbb-em-defesa-da-democracia-pela-justica-e-pela-paz.html#webpage","url":"https:\/\/franciscanos.org.br\/noticias\/posicionamento-da-cnbb-em-defesa-da-democracia-pela-justica-e-pela-paz.html","name":"Posicionamento da CNBB em defesa da democracia, pela justi\u00e7a e pela paz! - Not\u00edcias - Franciscanos","isPartOf":{"@id":"https:\/\/franciscanos.org.br\/noticias\/#website"},"primaryImageOfPage":{"@id":"https:\/\/franciscanos.org.br\/noticias\/posicionamento-da-cnbb-em-defesa-da-democracia-pela-justica-e-pela-paz.html#primaryimage"},"datePublished":"2020-04-30T15:04:06+00:00","dateModified":"2020-04-30T15:04:06+00:00","author":{"@id":"https:\/\/franciscanos.org.br\/noticias\/#\/schema\/person\/b5c8cba458c330ccff548b056e95a5d4"},"breadcrumb":{"@id":"https:\/\/franciscanos.org.br\/noticias\/posicionamento-da-cnbb-em-defesa-da-democracia-pela-justica-e-pela-paz.html#breadcrumb"},"inLanguage":"pt-BR","potentialAction":[{"@type":"ReadAction","target":["https:\/\/franciscanos.org.br\/noticias\/posicionamento-da-cnbb-em-defesa-da-democracia-pela-justica-e-pela-paz.html"]}]},{"@type":"BreadcrumbList","@id":"https:\/\/franciscanos.org.br\/noticias\/posicionamento-da-cnbb-em-defesa-da-democracia-pela-justica-e-pela-paz.html#breadcrumb","itemListElement":[{"@type":"ListItem","position":1,"name":"Home","item":"https:\/\/franciscanos.org.br\/noticias"},{"@type":"ListItem","position":2,"name":"Posicionamento da CNBB em defesa da democracia, pela justi\u00e7a e pela paz!"}]},{"@type":"Person","@id":"https:\/\/franciscanos.org.br\/noticias\/#\/schema\/person\/b5c8cba458c330ccff548b056e95a5d4","name":"moacir","image":{"@type":"ImageObject","inLanguage":"pt-BR","@id":"https:\/\/franciscanos.org.br\/noticias\/#\/schema\/person\/image\/","url":"https:\/\/secure.gravatar.com\/avatar\/d08aa2ce4c8dd416d4479aa8536fcf64?s=96&d=mm&r=g","contentUrl":"https:\/\/secure.gravatar.com\/avatar\/d08aa2ce4c8dd416d4479aa8536fcf64?s=96&d=mm&r=g","caption":"moacir"},"url":"https:\/\/franciscanos.org.br\/noticias\/author\/moacir"}]}},"_links":{"self":[{"href":"https:\/\/franciscanos.org.br\/noticias\/wp-json\/wp\/v2\/posts\/223400"}],"collection":[{"href":"https:\/\/franciscanos.org.br\/noticias\/wp-json\/wp\/v2\/posts"}],"about":[{"href":"https:\/\/franciscanos.org.br\/noticias\/wp-json\/wp\/v2\/types\/post"}],"author":[{"embeddable":true,"href":"https:\/\/franciscanos.org.br\/noticias\/wp-json\/wp\/v2\/users\/3"}],"replies":[{"embeddable":true,"href":"https:\/\/franciscanos.org.br\/noticias\/wp-json\/wp\/v2\/comments?post=223400"}],"version-history":[{"count":1,"href":"https:\/\/franciscanos.org.br\/noticias\/wp-json\/wp\/v2\/posts\/223400\/revisions"}],"predecessor-version":[{"id":223403,"href":"https:\/\/franciscanos.org.br\/noticias\/wp-json\/wp\/v2\/posts\/223400\/revisions\/223403"}],"wp:featuredmedia":[{"embeddable":true,"href":"https:\/\/franciscanos.org.br\/noticias\/wp-json\/wp\/v2\/media\/223402"}],"wp:attachment":[{"href":"https:\/\/franciscanos.org.br\/noticias\/wp-json\/wp\/v2\/media?parent=223400"}],"wp:term":[{"taxonomy":"category","embeddable":true,"href":"https:\/\/franciscanos.org.br\/noticias\/wp-json\/wp\/v2\/categories?post=223400"},{"taxonomy":"post_tag","embeddable":true,"href":"https:\/\/franciscanos.org.br\/noticias\/wp-json\/wp\/v2\/tags?post=223400"}],"curies":[{"name":"wp","href":"https:\/\/api.w.org\/{rel}","templated":true}]}}