{"id":223392,"date":"2020-04-30T07:42:02","date_gmt":"2020-04-30T10:42:02","guid":{"rendered":"https:\/\/franciscanos.org.br\/noticias\/?p=223392"},"modified":"2021-08-29T11:35:45","modified_gmt":"2021-08-29T14:35:45","slug":"a-oracao-especial-do-papa-pelas-vitimas-anonimas-da-pandemia","status":"publish","type":"post","link":"https:\/\/franciscanos.org.br\/noticias\/a-oracao-especial-do-papa-pelas-vitimas-anonimas-da-pandemia.html","title":{"rendered":"A ora\u00e7\u00e3o especial do Papa pelas v\u00edtimas an\u00f4nimas da pandemia"},"content":{"rendered":"<p>&nbsp;<\/p>\n<div id=\"attachment_223397\" style=\"width: 1278px\" class=\"wp-caption alignnone\"><img aria-describedby=\"caption-attachment-223397\" loading=\"lazy\" class=\"wp-image-223397 size-full\" src=\"https:\/\/franciscanos.org.br\/noticias\/wp-content\/uploads\/2020\/04\/marta_300420.jpg\" alt=\"\" width=\"1268\" height=\"720\" srcset=\"https:\/\/franciscanos.org.br\/noticias\/wp-content\/uploads\/2020\/04\/marta_300420.jpg 1268w, https:\/\/franciscanos.org.br\/noticias\/wp-content\/uploads\/2020\/04\/marta_300420-450x256.jpg 450w, https:\/\/franciscanos.org.br\/noticias\/wp-content\/uploads\/2020\/04\/marta_300420-1024x581.jpg 1024w, https:\/\/franciscanos.org.br\/noticias\/wp-content\/uploads\/2020\/04\/marta_300420-768x436.jpg 768w, https:\/\/franciscanos.org.br\/noticias\/wp-content\/uploads\/2020\/04\/marta_300420-150x85.jpg 150w\" sizes=\"(max-width: 1268px) 100vw, 1268px\" \/><p id=\"caption-attachment-223397\" class=\"wp-caption-text\">\u00a0 \u00a0 \u00a0 \u00a0 \u00a0 \u00a0 \u00a0 \u00a0 \u00a0 \u00a0 \u00a0 \u00a0 \u00a0 \u00a0 \u00a0 \u00a0 \u00a0 \u00a0 \u00a0 \u00a0 \u00a0 \u00a0 \u00a0 \u00a0 \u00a0 \u00a0 \u00a0 \u00a0 \u00a0 \u00a0 \u00a0 \u00a0 \u00a0 \u00a0 \u00a0 \u00a0 \u00a0 \u00a0 \u00a0 \u00a0 \u00a0 \u00a0 \u00a0 \u00a0 \u00a0<em> \u00a0 \u00a0 \u00a0 Imagem: Vatican Media (captura de tela)<\/em><\/p><\/div>\n<p><strong>Cidade do Vaticano<\/strong> &#8211; O Papa Francisco presidiu a Missa na Casa Santa Marta na manh\u00e3 desta quinta-feira (30\/04) da III Semana da P\u00e1scoa. Na introdu\u00e7\u00e3o, dirigiu seu pensamento \u00e0s v\u00edtimas do novo coronav\u00edrus: Rezemos hoje pelos defuntos, aqueles que morreram por causa da pandemia; e tamb\u00e9m de modo especial pelos defuntos \u2013 digamos assim \u2013 an\u00f4nimos: vimos as fotografias das valas comuns. Muitos ali\u2026<\/p>\n<p>Na homilia, o Papa comentou a passagem do dia do Livro dos Atos dos Ap\u00f3stolos (At 8,26-40) que conta o encontro de Filipe com um et\u00edope eunuco, funcion\u00e1rio de Candace, desejoso de compreender quem era a pessoa descrita pelo profeta Isa\u00edas: \u201cEle foi levado como ovelha ao matadouro\u201d. Depois que Filipe lhe explicou que se tratava de Jesus, o et\u00edope se deixou batizar.<\/p>\n<p>\u00c9 o Pai \u2013 afirmou Francisco recordando o Evangelho de hoje (Jo 6,44-51) \u2013 quem atrai ao conhecimento do Filho: sem essa interven\u00e7\u00e3o n\u00e3o se pode conhecer o mist\u00e9rio de Cristo. Foi o que aconteceu com o funcion\u00e1rio et\u00edope, que ao ler o profeta Isa\u00edas tinha uma inquietude colocada pelo Pai em seu cora\u00e7\u00e3o. Isso \u2013 observou o Papa \u2013 vale tamb\u00e9m para a miss\u00e3o: n\u00f3s n\u00e3o convertemos ningu\u00e9m, \u00e9 o Pai que atrai. N\u00f3s podemos simplesmente dar um testemunho de f\u00e9. O Pai atrai atrav\u00e9s do testemunho de f\u00e9. \u00c9 preciso pedir que o Pai atraia as pessoas a Jesus: s\u00e3o necess\u00e1rios o testemunho e a ora\u00e7\u00e3o. Esse \u00e9 o centro do nosso apostolado. Perguntemo-nos: dou testemunho com meu estilo de vida, rezo para que o Pai atraia as pessoas a Jesus? Ir em miss\u00e3o n\u00e3o \u00e9 fazer proselitismo, \u00e9 testemunhar. N\u00f3s n\u00e3o convertemos ningu\u00e9m, \u00e9 Deus que toca o cora\u00e7\u00e3o das pessoas. Pe\u00e7amos ao Senhor \u2013 foi a ora\u00e7\u00e3o conclusiva do Papa \u2013 a gra\u00e7a de viver nosso trabalho com o testemunho e com a ora\u00e7\u00e3o para que Ele possa atrair as pessoas a Jesus.<\/p>\n<p><em>A seguir, a homilia transcrita pelo Vatican News:<\/em><\/p>\n<p>\u201cNingu\u00e9m pode vir a mim, se o Pai que me enviou n\u00e3o o atrai\u201d: Jesus recorda que tamb\u00e9m os profetas tinham preanunciado isto: \u201cE todos ser\u00e3o instru\u00eddos por Deus\u201d. \u00c9 Deus quem atrai ao conhecimento do Filho. Sem isso, n\u00e3o se pode conhecer Jesus. Sim se pode estudar, inclusive estudar a B\u00edblia, tamb\u00e9m conhecer como nasceu, o que fez: isso sim. Mas conhec\u00ea-Lo interiormente, conhecer o mist\u00e9rio de Cristo \u00e9 somente para aqueles que foram atra\u00eddos pelo Pai para isso.<\/p>\n<p>Foi o que aconteceu a este ministro da economia da rainha da Eti\u00f3pia. V\u00ea-se que era um homem piedoso e que reservou um tempo, em meio aos muitos neg\u00f3cios que tinha a fazer, para ir adorar Deus. Um fiel. E voltava \u00e0 p\u00e1tria lendo o profeta Isa\u00edas. O Senhor pegou Filipe, enviou-o \u00e0quele lugar e depois lhe disse: \u201cAproxima-te desse carro\u201d, e ouve o ministro que est\u00e1 lendo Isa\u00edas. (Ele) se aproxima e lhe faz uma pergunta: \u201cCompreendes?\u201d \u2013 \u201cComo posso, se ningu\u00e9m mo explica?\u201d, e faz a pergunta: \u201cDe quem o profeta est\u00e1 dizendo isso?\u201d Pe\u00e7o-te, suba no carro\u201d, e durante a viagem \u2013 n\u00e3o sei quanto tempo, penso que ao menos duas horas \u2013 Filipe explicou: explicou Jesus (conf. vers\u00edculos 26-35).<\/p>\n<p>Aquela inquietude que este senhor tinha na leitura do profeta Isa\u00edas era propriamente do Pai, que atraia a Jesus: o tinha preparado, o tinha levado da Eti\u00f3pia a Jerusal\u00e9m para adorar Deus e depois, com essa leitura, tinha preparado o cora\u00e7\u00e3o para revelar Jesus, a ponto que assim que viu a \u00e1gua disse: \u201cPosso ser batizado\u201d. E ele acreditou.<\/p>\n<p>E isso \u2013 que ningu\u00e9m pode conhecer Jesus sem que o Pai o atraia \u2013, isso \u00e9 v\u00e1lido para o nosso apostolado, para a nossa miss\u00e3o apost\u00f3lica como crist\u00e3os. Penso tamb\u00e9m nas miss\u00f5es. \u201cO que voc\u00ea vai fazer nas miss\u00f5es?\u201d \u2013 \u201cEu, converter as pessoas\u201d \u2013 \u201cPare, voc\u00ea n\u00e3o vai converter ningu\u00e9m! Ser\u00e1 o Pai a atrair aqueles cora\u00e7\u00f5es para reconhecer Jesus\u201d. Ir em miss\u00e3o \u00e9 dar testemunho da pr\u00f3pria f\u00e9; sem testemunho voc\u00ea n\u00e3o far\u00e1 nada. Ir em miss\u00e3o \u2013 e s\u00e3o bons mission\u00e1rios! \u2013 n\u00e3o significa criar grandes estruturas, coisas&#8230; e parar por a\u00ed. N\u00e3o: as estruturas devem ser testemunhos. Voc\u00ea pode fazer uma estrutura hospitalar, educacional de grande perfei\u00e7\u00e3o, de grande desenvolvimento, mas se uma estrutura \u00e9 sem testemunho crist\u00e3o, seu trabalho a\u00ed n\u00e3o ser\u00e1 um trabalho de testemunha, um trabalho de verdadeira prega\u00e7\u00e3o de Jesus: ser\u00e1 uma sociedade de benefic\u00eancia, muito boa \u2013 muito boa! \u2013 mas nada mais.<\/p>\n<p>Se eu quero ir em miss\u00e3o, e digo isso se eu quero ir em apostolado, devo ir com a disponibilidade que o Pai atraia as pessoas a Jesus, e isso \u00e9 feito pelo testemunho. Jesus mesmo o disse a Pedro, quando confessa que Ele \u00e9 o Messias: \u201cFeliz \u00e9s tu, Sim\u00e3o Pedro, porque quem te revelou isso foi o Pai\u201d. \u00c9 o Pai que atrai, e atrai com nosso testemunho. \u201cEu farei muitas obras, aqui, ali, acol\u00e1, de educa\u00e7\u00e3o, disso, daquilo outro&#8230;\u201d, mas sem testemunho s\u00e3o coisas boas, mas n\u00e3o s\u00e3o o an\u00fancio do Evangelho, n\u00e3o s\u00e3o lugares que d\u00e3o a possibilidade que o Pai atraia ao conhecimento de Jesus (conf. Jo 6,44). Trabalho e o testemunho.<\/p>\n<p>\u201cMas como posso fazer para que o Pai se preocupe em atrair essas pessoas?\u201d A ora\u00e7\u00e3o. E essa \u00e9 a ora\u00e7\u00e3o pelas miss\u00f5es: rezar para que o Pai atraia as pessoas a Jesus. Testemunho e ora\u00e7\u00e3o caminham juntos. Sem testemunho e ora\u00e7\u00e3o n\u00e3o se pode fazer prega\u00e7\u00e3o apost\u00f3lica, n\u00e3o se pode fazer an\u00fancio. Voc\u00ea far\u00e1 uma bonita prega\u00e7\u00e3o moral, far\u00e1 muitas coisas boas, todas boas. Mas o Pai n\u00e3o ter\u00e1 a possibilidade de atrair as pessoas a Jesus. E esse \u00e9 o centro: esse \u00e9 o centro do nosso apostolado, que o Pai possa atrair as pessoas a Jesus. Nosso testemunho abre as portas \u00e0s pessoas e nossa ora\u00e7\u00e3o abre as portas ao cora\u00e7\u00e3o do Pai para que atraia as pessoas. Testemunho e ora\u00e7\u00e3o. E isso n\u00e3o \u00e9 somente para as miss\u00f5es, \u00e9 tamb\u00e9m para nosso trabalho como crist\u00e3os. Eu dou testemunho de vida crist\u00e3, realmente, com o meu estilo de vida? Eu rezo para que o Pai atraia as pessoas a Jesus?<\/p>\n<p>Essa \u00e9 a grande regra para nosso apostolado, em todos os lugares, e de modo especial para as miss\u00f5es. Ir em miss\u00e3o n\u00e3o \u00e9 fazer proselitismo. Uma vez&#8230; uma senhora \u2013 uma boa pessoa, se via que era de boa vontade \u2013 se aproximou com dois jovens, um jovem e uma jovem, e me disse: \u201cEste (jovem), Padre, era protestante e se converteu: eu o converti. E esta (jovem) era&#8230;\u201d \u2013 n\u00e3o sei, animista, n\u00e3o sei o que me disse, \u201ce eu a converti\u201d. E a senhora era boa: boa. Mas errava. Perdi um pouco a paci\u00eancia e disse: \u201cEscute-me, a senhora n\u00e3o converteu ningu\u00e9m: foi Deus quem tocou o cora\u00e7\u00e3o das pessoas. E n\u00e3o se esque\u00e7a: testemunho, sim; proselitismo, n\u00e3o\u201d.<\/p>\n<p>Pe\u00e7amos ao Senhor a gra\u00e7a de viver nosso trabalho com testemunho e com ora\u00e7\u00e3o, para que Ele, o Pai, possa atrair as pessoas a Jesus.<\/p>\n<p>O Santo Padre terminou a celebra\u00e7\u00e3o com a adora\u00e7\u00e3o e a b\u00ean\u00e7\u00e3o eucar\u00edstica, convidando a fazer a Comunh\u00e3o espiritual. A seguir, a ora\u00e7\u00e3o recitada pelo Papa:<\/p>\n<p style=\"padding-left: 40px;\"><em>Meu Jesus, eu creio que estais presente no Sant\u00edssimo Sacramento do Altar. Amo-vos sobre todas as coisas, e minha alma suspira por V\u00f3s. Mas, como n\u00e3o posso receber-Vos agora no Sant\u00edssimo Sacramento, vinde, ao menos espiritualmente, a meu cora\u00e7\u00e3o. Abra\u00e7o-me convosco como se j\u00e1 estiv\u00e9sseis comigo: uno-me Convosco inteiramente. Ah! n\u00e3o permitais que torne a separar-me de V\u00f3s!<\/em><\/p>\n<p>Antes de deixar a Capela dedicada ao Esp\u00edrito Santo foi entoada a ant\u00edfona mariana \u201cRegina caeli\u201d, cantada no tempo pascal:<\/p>\n<p style=\"padding-left: 40px;\"><em>Rainha dos c\u00e9us, alegrai-vos. Aleluia!<\/em><\/p>\n<p style=\"padding-left: 40px;\"><em>Porque Aquele que merecestes trazer em vosso seio. Aleluia!<\/em><\/p>\n<p style=\"padding-left: 40px;\"><em>Ressuscitou como disse. Aleluia!<\/em><\/p>\n<p style=\"padding-left: 40px;\"><em>Rogai por n\u00f3s a Deus. Aleluia!<\/em><\/p>\n<p style=\"padding-left: 40px;\"><em>D.\/ Alegrai-vos e exultai, \u00f3 Virgem Maria. Aleluia!<\/em><\/p>\n<p style=\"padding-left: 40px;\"><em>C.\/ Porque o Senhor ressuscitou, verdadeiramente. Aleluia!<\/em><\/p>\n<hr \/>\n<p><em>Fonte: Vatican News<\/em><\/p>\n","protected":false},"excerpt":{"rendered":"<p>Missa em Santa Marta<\/p>\n","protected":false},"author":3,"featured_media":223394,"comment_status":"open","ping_status":"open","sticky":false,"template":"","format":"standard","meta":[],"categories":[1428],"tags":[1586],"acf":[],"yoast_head":"<!-- This site is optimized with the Yoast SEO plugin v19.2 - https:\/\/yoast.com\/wordpress\/plugins\/seo\/ -->\n<title>A ora\u00e7\u00e3o especial do Papa pelas v\u00edtimas an\u00f4nimas da pandemia - Not\u00edcias - Franciscanos<\/title>\n<meta name=\"robots\" content=\"index, follow, max-snippet:-1, max-image-preview:large, max-video-preview:-1\" \/>\n<link rel=\"canonical\" href=\"https:\/\/franciscanos.org.br\/noticias\/a-oracao-especial-do-papa-pelas-vitimas-anonimas-da-pandemia.html\" \/>\n<meta property=\"og:locale\" content=\"pt_BR\" \/>\n<meta property=\"og:type\" content=\"article\" \/>\n<meta property=\"og:title\" content=\"A ora\u00e7\u00e3o especial do Papa pelas v\u00edtimas an\u00f4nimas da pandemia - Not\u00edcias - Franciscanos\" \/>\n<meta property=\"og:description\" content=\"Missa em Santa Marta\" \/>\n<meta property=\"og:url\" content=\"https:\/\/franciscanos.org.br\/noticias\/a-oracao-especial-do-papa-pelas-vitimas-anonimas-da-pandemia.html\" \/>\n<meta property=\"og:site_name\" content=\"Not\u00edcias - Franciscanos\" \/>\n<meta property=\"article:published_time\" content=\"2020-04-30T10:42:02+00:00\" \/>\n<meta property=\"article:modified_time\" content=\"2021-08-29T14:35:45+00:00\" \/>\n<meta property=\"og:image\" content=\"https:\/\/franciscanos.org.br\/noticias\/wp-content\/uploads\/2020\/04\/marta_3004d.jpg\" \/>\n\t<meta property=\"og:image:width\" content=\"800\" \/>\n\t<meta property=\"og:image:height\" content=\"600\" \/>\n\t<meta property=\"og:image:type\" content=\"image\/jpeg\" \/>\n<meta name=\"author\" content=\"moacir\" \/>\n<meta name=\"twitter:card\" content=\"summary_large_image\" \/>\n<meta name=\"twitter:label1\" content=\"Escrito por\" \/>\n\t<meta name=\"twitter:data1\" content=\"moacir\" \/>\n\t<meta name=\"twitter:label2\" content=\"Est. tempo de leitura\" \/>\n\t<meta name=\"twitter:data2\" content=\"7 minutos\" \/>\n<script type=\"application\/ld+json\" class=\"yoast-schema-graph\">{\"@context\":\"https:\/\/schema.org\",\"@graph\":[{\"@type\":\"WebSite\",\"@id\":\"https:\/\/franciscanos.org.br\/noticias\/#website\",\"url\":\"https:\/\/franciscanos.org.br\/noticias\/\",\"name\":\"Not\u00edcias - Franciscanos\",\"description\":\"Prov\u00edncia Franciscana da Imaculada Concei\u00e7\u00e3o do Brasil - Ordem dos Frades Menores - OFM\",\"potentialAction\":[{\"@type\":\"SearchAction\",\"target\":{\"@type\":\"EntryPoint\",\"urlTemplate\":\"https:\/\/franciscanos.org.br\/noticias\/?s={search_term_string}\"},\"query-input\":\"required name=search_term_string\"}],\"inLanguage\":\"pt-BR\"},{\"@type\":\"ImageObject\",\"inLanguage\":\"pt-BR\",\"@id\":\"https:\/\/franciscanos.org.br\/noticias\/a-oracao-especial-do-papa-pelas-vitimas-anonimas-da-pandemia.html#primaryimage\",\"url\":\"https:\/\/franciscanos.org.br\/noticias\/wp-content\/uploads\/2020\/04\/marta_3004d.jpg\",\"contentUrl\":\"https:\/\/franciscanos.org.br\/noticias\/wp-content\/uploads\/2020\/04\/marta_3004d.jpg\",\"width\":800,\"height\":600},{\"@type\":\"WebPage\",\"@id\":\"https:\/\/franciscanos.org.br\/noticias\/a-oracao-especial-do-papa-pelas-vitimas-anonimas-da-pandemia.html#webpage\",\"url\":\"https:\/\/franciscanos.org.br\/noticias\/a-oracao-especial-do-papa-pelas-vitimas-anonimas-da-pandemia.html\",\"name\":\"A ora\u00e7\u00e3o especial do Papa pelas v\u00edtimas an\u00f4nimas da pandemia - Not\u00edcias - Franciscanos\",\"isPartOf\":{\"@id\":\"https:\/\/franciscanos.org.br\/noticias\/#website\"},\"primaryImageOfPage\":{\"@id\":\"https:\/\/franciscanos.org.br\/noticias\/a-oracao-especial-do-papa-pelas-vitimas-anonimas-da-pandemia.html#primaryimage\"},\"datePublished\":\"2020-04-30T10:42:02+00:00\",\"dateModified\":\"2021-08-29T14:35:45+00:00\",\"author\":{\"@id\":\"https:\/\/franciscanos.org.br\/noticias\/#\/schema\/person\/b5c8cba458c330ccff548b056e95a5d4\"},\"breadcrumb\":{\"@id\":\"https:\/\/franciscanos.org.br\/noticias\/a-oracao-especial-do-papa-pelas-vitimas-anonimas-da-pandemia.html#breadcrumb\"},\"inLanguage\":\"pt-BR\",\"potentialAction\":[{\"@type\":\"ReadAction\",\"target\":[\"https:\/\/franciscanos.org.br\/noticias\/a-oracao-especial-do-papa-pelas-vitimas-anonimas-da-pandemia.html\"]}]},{\"@type\":\"BreadcrumbList\",\"@id\":\"https:\/\/franciscanos.org.br\/noticias\/a-oracao-especial-do-papa-pelas-vitimas-anonimas-da-pandemia.html#breadcrumb\",\"itemListElement\":[{\"@type\":\"ListItem\",\"position\":1,\"name\":\"Home\",\"item\":\"https:\/\/franciscanos.org.br\/noticias\"},{\"@type\":\"ListItem\",\"position\":2,\"name\":\"A ora\u00e7\u00e3o especial do Papa pelas v\u00edtimas an\u00f4nimas da pandemia\"}]},{\"@type\":\"Person\",\"@id\":\"https:\/\/franciscanos.org.br\/noticias\/#\/schema\/person\/b5c8cba458c330ccff548b056e95a5d4\",\"name\":\"moacir\",\"image\":{\"@type\":\"ImageObject\",\"inLanguage\":\"pt-BR\",\"@id\":\"https:\/\/franciscanos.org.br\/noticias\/#\/schema\/person\/image\/\",\"url\":\"https:\/\/secure.gravatar.com\/avatar\/d08aa2ce4c8dd416d4479aa8536fcf64?s=96&d=mm&r=g\",\"contentUrl\":\"https:\/\/secure.gravatar.com\/avatar\/d08aa2ce4c8dd416d4479aa8536fcf64?s=96&d=mm&r=g\",\"caption\":\"moacir\"},\"url\":\"https:\/\/franciscanos.org.br\/noticias\/author\/moacir\"}]}<\/script>\n<!-- \/ Yoast SEO plugin. -->","yoast_head_json":{"title":"A ora\u00e7\u00e3o especial do Papa pelas v\u00edtimas an\u00f4nimas da pandemia - Not\u00edcias - Franciscanos","robots":{"index":"index","follow":"follow","max-snippet":"max-snippet:-1","max-image-preview":"max-image-preview:large","max-video-preview":"max-video-preview:-1"},"canonical":"https:\/\/franciscanos.org.br\/noticias\/a-oracao-especial-do-papa-pelas-vitimas-anonimas-da-pandemia.html","og_locale":"pt_BR","og_type":"article","og_title":"A ora\u00e7\u00e3o especial do Papa pelas v\u00edtimas an\u00f4nimas da pandemia - Not\u00edcias - Franciscanos","og_description":"Missa em Santa Marta","og_url":"https:\/\/franciscanos.org.br\/noticias\/a-oracao-especial-do-papa-pelas-vitimas-anonimas-da-pandemia.html","og_site_name":"Not\u00edcias - Franciscanos","article_published_time":"2020-04-30T10:42:02+00:00","article_modified_time":"2021-08-29T14:35:45+00:00","og_image":[{"width":800,"height":600,"url":"https:\/\/franciscanos.org.br\/noticias\/wp-content\/uploads\/2020\/04\/marta_3004d.jpg","type":"image\/jpeg"}],"author":"moacir","twitter_card":"summary_large_image","twitter_misc":{"Escrito por":"moacir","Est. tempo de leitura":"7 minutos"},"schema":{"@context":"https:\/\/schema.org","@graph":[{"@type":"WebSite","@id":"https:\/\/franciscanos.org.br\/noticias\/#website","url":"https:\/\/franciscanos.org.br\/noticias\/","name":"Not\u00edcias - Franciscanos","description":"Prov\u00edncia Franciscana da Imaculada Concei\u00e7\u00e3o do Brasil - Ordem dos Frades Menores - OFM","potentialAction":[{"@type":"SearchAction","target":{"@type":"EntryPoint","urlTemplate":"https:\/\/franciscanos.org.br\/noticias\/?s={search_term_string}"},"query-input":"required name=search_term_string"}],"inLanguage":"pt-BR"},{"@type":"ImageObject","inLanguage":"pt-BR","@id":"https:\/\/franciscanos.org.br\/noticias\/a-oracao-especial-do-papa-pelas-vitimas-anonimas-da-pandemia.html#primaryimage","url":"https:\/\/franciscanos.org.br\/noticias\/wp-content\/uploads\/2020\/04\/marta_3004d.jpg","contentUrl":"https:\/\/franciscanos.org.br\/noticias\/wp-content\/uploads\/2020\/04\/marta_3004d.jpg","width":800,"height":600},{"@type":"WebPage","@id":"https:\/\/franciscanos.org.br\/noticias\/a-oracao-especial-do-papa-pelas-vitimas-anonimas-da-pandemia.html#webpage","url":"https:\/\/franciscanos.org.br\/noticias\/a-oracao-especial-do-papa-pelas-vitimas-anonimas-da-pandemia.html","name":"A ora\u00e7\u00e3o especial do Papa pelas v\u00edtimas an\u00f4nimas da pandemia - Not\u00edcias - Franciscanos","isPartOf":{"@id":"https:\/\/franciscanos.org.br\/noticias\/#website"},"primaryImageOfPage":{"@id":"https:\/\/franciscanos.org.br\/noticias\/a-oracao-especial-do-papa-pelas-vitimas-anonimas-da-pandemia.html#primaryimage"},"datePublished":"2020-04-30T10:42:02+00:00","dateModified":"2021-08-29T14:35:45+00:00","author":{"@id":"https:\/\/franciscanos.org.br\/noticias\/#\/schema\/person\/b5c8cba458c330ccff548b056e95a5d4"},"breadcrumb":{"@id":"https:\/\/franciscanos.org.br\/noticias\/a-oracao-especial-do-papa-pelas-vitimas-anonimas-da-pandemia.html#breadcrumb"},"inLanguage":"pt-BR","potentialAction":[{"@type":"ReadAction","target":["https:\/\/franciscanos.org.br\/noticias\/a-oracao-especial-do-papa-pelas-vitimas-anonimas-da-pandemia.html"]}]},{"@type":"BreadcrumbList","@id":"https:\/\/franciscanos.org.br\/noticias\/a-oracao-especial-do-papa-pelas-vitimas-anonimas-da-pandemia.html#breadcrumb","itemListElement":[{"@type":"ListItem","position":1,"name":"Home","item":"https:\/\/franciscanos.org.br\/noticias"},{"@type":"ListItem","position":2,"name":"A ora\u00e7\u00e3o especial do Papa pelas v\u00edtimas an\u00f4nimas da pandemia"}]},{"@type":"Person","@id":"https:\/\/franciscanos.org.br\/noticias\/#\/schema\/person\/b5c8cba458c330ccff548b056e95a5d4","name":"moacir","image":{"@type":"ImageObject","inLanguage":"pt-BR","@id":"https:\/\/franciscanos.org.br\/noticias\/#\/schema\/person\/image\/","url":"https:\/\/secure.gravatar.com\/avatar\/d08aa2ce4c8dd416d4479aa8536fcf64?s=96&d=mm&r=g","contentUrl":"https:\/\/secure.gravatar.com\/avatar\/d08aa2ce4c8dd416d4479aa8536fcf64?s=96&d=mm&r=g","caption":"moacir"},"url":"https:\/\/franciscanos.org.br\/noticias\/author\/moacir"}]}},"_links":{"self":[{"href":"https:\/\/franciscanos.org.br\/noticias\/wp-json\/wp\/v2\/posts\/223392"}],"collection":[{"href":"https:\/\/franciscanos.org.br\/noticias\/wp-json\/wp\/v2\/posts"}],"about":[{"href":"https:\/\/franciscanos.org.br\/noticias\/wp-json\/wp\/v2\/types\/post"}],"author":[{"embeddable":true,"href":"https:\/\/franciscanos.org.br\/noticias\/wp-json\/wp\/v2\/users\/3"}],"replies":[{"embeddable":true,"href":"https:\/\/franciscanos.org.br\/noticias\/wp-json\/wp\/v2\/comments?post=223392"}],"version-history":[{"count":6,"href":"https:\/\/franciscanos.org.br\/noticias\/wp-json\/wp\/v2\/posts\/223392\/revisions"}],"predecessor-version":[{"id":234005,"href":"https:\/\/franciscanos.org.br\/noticias\/wp-json\/wp\/v2\/posts\/223392\/revisions\/234005"}],"wp:featuredmedia":[{"embeddable":true,"href":"https:\/\/franciscanos.org.br\/noticias\/wp-json\/wp\/v2\/media\/223394"}],"wp:attachment":[{"href":"https:\/\/franciscanos.org.br\/noticias\/wp-json\/wp\/v2\/media?parent=223392"}],"wp:term":[{"taxonomy":"category","embeddable":true,"href":"https:\/\/franciscanos.org.br\/noticias\/wp-json\/wp\/v2\/categories?post=223392"},{"taxonomy":"post_tag","embeddable":true,"href":"https:\/\/franciscanos.org.br\/noticias\/wp-json\/wp\/v2\/tags?post=223392"}],"curies":[{"name":"wp","href":"https:\/\/api.w.org\/{rel}","templated":true}]}}