{"id":223385,"date":"2020-04-29T06:28:11","date_gmt":"2020-04-29T09:28:11","guid":{"rendered":"https:\/\/franciscanos.org.br\/noticias\/?p=223385"},"modified":"2021-08-29T11:36:30","modified_gmt":"2021-08-29T14:36:30","slug":"francisco-o-caminho-das-bem-aventurancas-nos-leva-a-ser-de-cristo-e-nao-do-mundo","status":"publish","type":"post","link":"https:\/\/franciscanos.org.br\/noticias\/francisco-o-caminho-das-bem-aventurancas-nos-leva-a-ser-de-cristo-e-nao-do-mundo.html","title":{"rendered":"Francisco: o caminho das Bem-aventuran\u00e7as nos leva a ser de Cristo e n\u00e3o do mundo"},"content":{"rendered":"<div id=\"attachment_223386\" style=\"width: 1010px\" class=\"wp-caption alignnone\"><img aria-describedby=\"caption-attachment-223386\" loading=\"lazy\" class=\"wp-image-223386 size-full\" src=\"https:\/\/franciscanos.org.br\/noticias\/wp-content\/uploads\/2020\/04\/audiencia_2904.jpg\" alt=\"\" width=\"1000\" height=\"563\" srcset=\"https:\/\/franciscanos.org.br\/noticias\/wp-content\/uploads\/2020\/04\/audiencia_2904.jpg 1000w, https:\/\/franciscanos.org.br\/noticias\/wp-content\/uploads\/2020\/04\/audiencia_2904-450x253.jpg 450w, https:\/\/franciscanos.org.br\/noticias\/wp-content\/uploads\/2020\/04\/audiencia_2904-768x432.jpg 768w, https:\/\/franciscanos.org.br\/noticias\/wp-content\/uploads\/2020\/04\/audiencia_2904-150x84.jpg 150w\" sizes=\"(max-width: 1000px) 100vw, 1000px\" \/><p id=\"caption-attachment-223386\" class=\"wp-caption-text\">\u00a0 \u00a0 \u00a0 \u00a0 \u00a0 \u00a0 \u00a0 \u00a0 \u00a0 \u00a0 \u00a0 \u00a0 \u00a0 \u00a0 \u00a0 \u00a0 \u00a0 \u00a0 \u00a0 \u00a0 \u00a0 \u00a0 \u00a0 \u00a0 \u00a0 \u00a0 \u00a0 \u00a0 \u00a0 \u00a0 \u00a0 \u00a0 \u00a0 \u00a0 \u00a0 \u00a0 \u00a0 \u00a0 \u00a0 \u00a0 \u00a0 \u00a0 \u00a0 \u00a0 \u00a0 \u00a0 \u00a0 \u00a0 \u00a0 \u00a0<em> \u00a0 \u00a0 \u00a0Imagem: Vatican Media<\/em><\/p><\/div>\n<p><strong>Cidade do Vaticano &#8211;<\/strong> Na catequese da Audi\u00eancia Geral desta quarta-feira (29\/04), realizada na Biblioteca do Pal\u00e1cio Apost\u00f3lico por causa da pandemia de coronav\u00edrus, o Papa Francisco concluiu o percurso das Bem-aventuran\u00e7as.<\/p>\n<p>\u201cFelizes os que s\u00e3o perseguidos por causa da justi\u00e7a, porque deles \u00e9 o Reino do C\u00e9us.\u201d Esta Bem-aventuran\u00e7a proclama \u201ca alegria escatol\u00f3gica dos perseguidos por justi\u00e7a\u201d. Segundo Francisco, ela \u201canuncia a mesma felicidade que a primeira: o Reino dos C\u00e9us \u00e9 dos perseguidos e dos pobres em esp\u00edrito\u201d.<\/p>\n<p>\u201cPobreza em esp\u00edrito, choro, mansid\u00e3o, sede de santidade, miseric\u00f3rdia, purifica\u00e7\u00e3o do cora\u00e7\u00e3o e obras de paz podem levar \u00e0 persegui\u00e7\u00e3o por causa de Cristo, mas, no final, essa persegui\u00e7\u00e3o \u00e9 motivo de alegria e grande recompensa nos c\u00e9us\u201d, sublinhou Francisco. Para o Pont\u00edfice, \u201co caminho das Bem-aventuran\u00e7as \u00e9 um caminho pascal que leva de uma vida segundo o mundo para a vida segundo Deus, de uma exist\u00eancia guiada pela carne, ou seja, pelo ego\u00edsmo, para uma exist\u00eancia guiada pelo Esp\u00edrito\u201d. E o Papa acrescentou:<\/p>\n<p>O mundo, com seus \u00eddolos, seus acordos e suas prioridades, n\u00e3o pode aprovar esse tipo de exist\u00eancia. As \u2018estruturas de pecado, muitas vezes produzidas pela mentalidade humana, t\u00e3o estranhas ao Esp\u00edrito da verdade que o mundo n\u00e3o pode receber, s\u00f3 podem rejeitar a pobreza ou a mansid\u00e3o ou a pureza e declarar a vida segundo o Evangelho como um erro e um problema, como algo a ser marginalizado. O mundo pensa assim: estes s\u00e3o idealistas ou fan\u00e1ticos.<\/p>\n<p>Segundo Francisco, \u201cse o mundo vive em fun\u00e7\u00e3o do dinheiro, qualquer um que demonstre que a vida pode ser cumprida no dom e na ren\u00fancia se torna um inc\u00f4modo para o sistema \u00e1vido. A palavra \u2018fastio\u2019 \u00e9 fundamental, pois o testemunho crist\u00e3o, que faz bem a muitas pessoas, incomoda aqueles que t\u00eam uma mentalidade mundana. Eles vivem isso como uma repreens\u00e3o. Quando a santidade aparece e a vida dos filhos de Deus emerge, nessa beleza h\u00e1 algo de inconveniente que exige uma tomada de posi\u00e7\u00e3o: ser questionado e abrir-se ao bem ou recusar essa luz e endurecer o cora\u00e7\u00e3o\u201d.<\/p>\n<p>O Papa frisou que \u201c\u00e9 curioso, chama a aten\u00e7\u00e3o ver como, nas persegui\u00e7\u00f5es dos m\u00e1rtires, a hostilidade aumenta a ponto de incomodar\u201d. Basta recordar \u201cas persegui\u00e7\u00f5es das ditaduras europeias do s\u00e9culo passado: como se chega \u00e0 ira contra os crist\u00e3os, contra o testemunho crist\u00e3o e contra o hero\u00edsmo dos crist\u00e3os\u201d.<\/p>\n<p>\u00c9 doloroso recordar que, neste momento, existem muitos crist\u00e3os que sofrem persegui\u00e7\u00f5es em v\u00e1rias \u00e1reas do mundo, e devemos esperar e rezar para que sua tribula\u00e7\u00e3o seja interrompida o mais r\u00e1pido poss\u00edvel. S\u00e3o muitos: os m\u00e1rtires de hoje s\u00e3o mais do que os m\u00e1rtires dos primeiros s\u00e9culos. Expressamos nossa proximidade a esses irm\u00e3os e irm\u00e3s: somos um \u00fanico corpo, e esses crist\u00e3os s\u00e3o os membros ensanguentados do corpo de Cristo, que \u00e9 a Igreja.<\/p>\n<p>Segundo o Papa, \u201cdevemos estar atentos para n\u00e3o ler essa Bem-aventuran\u00e7a de maneira vitimista, de auto-comisera\u00e7\u00e3o. De fato, o desprezo dos homens nem sempre \u00e9 sin\u00f4nimo de persegui\u00e7\u00e3o: logo ap\u00f3s Jesus diz que os crist\u00e3os s\u00e3o o \u201csal da terra\u201d e alerta contra o perigo de \u201cperder o sabor\u201d, caso contr\u00e1rio, o sal \u201cn\u00e3o serve para mais nada; serve s\u00f3 para ser jogado fora e ser pisado pelos homens\u201d. Portanto, h\u00e1 tamb\u00e9m um desprezo que \u00e9 culpa nossa quando perdemos o sabor de Cristo e do Evangelho\u201d.<\/p>\n<p>Francisco afirmou que \u201cdevemos ser fi\u00e9is ao caminho humilde das Bem-aventuran\u00e7as, porque \u00e9 o que leva a ser de Cristo e n\u00e3o do mundo. Vale a pena lembrar o percurso de S\u00e3o Paulo: quando ele pensava que era justo, era de fato perseguidor, mas quando descobriu que era perseguidor, tornou-se um homem de amor, que enfrentou de bom grado o sofrimento da persegui\u00e7\u00e3o que sofria\u201d.<\/p>\n<p>A exclus\u00e3o e a persegui\u00e7\u00e3o, se Deus nos concede gra\u00e7a, nos fazem assemelhar a Cristo crucificado e, associando-nos \u00e0 sua paix\u00e3o, s\u00e3o a manifesta\u00e7\u00e3o de uma nova vida. Esta vida \u00e9 a mesma de Cristo, que para n\u00f3s homens e para a nossa salva\u00e7\u00e3o foi \u201cdesprezado e rejeitado pelos homens\u201d. Acolher seu Esp\u00edrito pode nos levar a ter tanto amor no cora\u00e7\u00e3o a ponto de oferecermos a vida ao mundo sem fazer acordos com seus enganos e aceitando a recusa.<\/p>\n<p>\u201cOs acordos com o mundo s\u00e3o perigosos: o crist\u00e3o \u00e9 sempre tentado a fazer acordos com o mundo, com o esp\u00edrito do mundo\u201d, disse o Papa, ressaltando que \u00e9 preciso \u201crejeitar os acordos e seguir o caminho de Jesus Cristo. A vida do Reino dos C\u00e9us \u00e9 a maior alegria, a verdadeira alegria\u201d.<\/p>\n<p>\u201cNas persegui\u00e7\u00f5es, h\u00e1 sempre a presen\u00e7a de Jesus que nos acompanha, a presen\u00e7a de Jesus que nos consola e a for\u00e7a do Esp\u00edrito que nos ajuda a seguir em frente. N\u00e3o desanimemos quando uma vida coerente do Evangelho atrai as persegui\u00e7\u00f5es das pessoas: o Esp\u00edrito nos sustenta nesse caminho\u201d, concluiu o Papa.<\/p>\n<hr \/>\n<h3>MISSA EM SANTA MARTA<\/h3>\n<h3>Papa reza pela Europa, para que seja unida e fraterna<\/h3>\n<p>Francisco presidiu a Missa na Casa Santa Marta, no Vaticano, na manh\u00e3 desta quarta-feira, 29 de abril, dia em que a Igreja celebra a mem\u00f3ria lit\u00fargica de Santa Catarina de Sena, virgem, doutora da Igreja, padroeira da It\u00e1lia e da Europa. Na introdu\u00e7\u00e3o, dirigiu seu pensamento \u00e0 Europa, como fez outras vezes nestes dias caracterizados pela pandemia da Covid-19:\u00a0Hoje \u00e9 Santa Catarina de Sena, doutora da Igreja, padroeira da Europa. Rezemos pela Europa, pela unidade da Europa, pela unidade da Uni\u00e3o Europeia: para que todos juntos possamos seguir adiante como irm\u00e3os.<\/p>\n<p>Na homilia, o Papa comentou a primeira Carta de S\u00e3o Jo\u00e3o (1,5-2,2) em que o ap\u00f3stolo afirma que Deus \u00e9 luz e se dissermos que estamos em comunh\u00e3o com Ele estamos tamb\u00e9m em comunh\u00e3o uns com os outros, e o sangue de Jesus nos purifica de todo pecado. E adverte: se dissermos que n\u00e3o temos pecado, estamo-nos enganando a n\u00f3s mesmos, mas se reconhecermos nossos pecados, ent\u00e3o Deus nos perdoa e nos purifica de toda culpa. O ap\u00f3stolo \u2013 observou Francisco \u2013 chama \u00e0 concretude da vida, \u00e0 verdade: diz que n\u00e3o podemos caminhar na luz e estar nas trevas. Pior \u00e9 caminhar no indefinido, porque faz voc\u00ea acreditar que caminha na luz e isso o tranquiliza. O indefinido \u00e9 muito traidor. O contr\u00e1rio \u00e9 a concretude de reconhecer os pr\u00f3prios pecados. A verdade \u00e9 concreta, as mentiras s\u00e3o et\u00e9reas: por isso \u00e9 preciso confessar os pecados n\u00e3o abstratamente, mas de modo concreto. Como diz o Evangelho do dia (Mt 11,25-30) em que Jesus louva ao Pai porque escondeu o Evangelho aos s\u00e1bios e entendidos e o revelou aos pequeninos. Os pequeninos \u2013 ressaltou o Santo Padre \u2013 confessam os pecados de modo simples, dizem coisas concretas porque t\u00eam a simplicidade que Deus lhes d\u00e1. Tamb\u00e9m n\u00f3s devemos ser simples e concretos e confessar, com humildade e vergonha, nossos pecados concretos. A concretude nos leva \u00e0 humildade. E o Senhor nos perdoa: \u00e9 preciso dar nome aos pecados. Se somos abstratos em confess\u00e1-los, somos gen\u00e9ricos, acabamos nas trevas. \u00c9 importante \u2013 afirmou o Papa \u2013 ter a liberdade de dizer ao Senhor as coisas como elas s\u00e3o, ter a sabedoria da concretude, porque o diabo quer que n\u00f3s vivamos na indefini\u00e7\u00e3o, nem branco nem preto. O Senhor n\u00e3o gosta dos mornos. A vida espiritual \u00e9 simples, mas n\u00f3s a complicamos com nuances. Pe\u00e7amos ao Senhor \u2013 concluiu Francisco \u2013 a gra\u00e7a da simplicidade, a transpar\u00eancia, a gra\u00e7a da liberdade de dizer as coisas como elas s\u00e3o e de conhecer bem quem somos diante de Deus.<\/p>\n<p>A seguir, o texto da homilia transcrita pelo <em>Vatican News:<\/em><\/p>\n<p>Na primeira Carta de S\u00e3o Jo\u00e3o ap\u00f3stolo h\u00e1 muitos contrastes: entre luz e trevas, entre mentira e verdade, entre pecado e inoc\u00eancia. Mas sempre o ap\u00f3stolo chama \u00e0 concretude, \u00e0 verdade, e nos diz que n\u00e3o podemos estar em comunh\u00e3o com Jesus e caminhar nas trevas, porque Ele \u00e9 luz. Ou uma coisa ou outra: o indefinido \u00e9 pior ainda, porque o indefinido faz voc\u00ea acreditar que caminha na luz, porque voc\u00ea n\u00e3o se encontra nas trevas e isso o tranquiliza. O indefinido \u00e9 muito traidor. Ou uma coisa ou outra.<\/p>\n<p>O ap\u00f3stolo continua: \u201cSe dissermos que n\u00e3o temos pecado, estamo-nos enganando a n\u00f3s mesmos, e a verdade n\u00e3o est\u00e1 dentro de n\u00f3s\u201d, porque todos pecamos, todos somos pecadores. E aqui h\u00e1 algo que pode nos enganar: dizer \u201ctodos somos pecadores\u201d, como quem diz \u201cbom-dia\u201d, \u201ctenha um bom-dia\u201d, uma coisa habitual, tamb\u00e9m uma coisa social, e assim n\u00e3o temos uma verdadeira consci\u00eancia do pecado. N\u00e3o: eu sou pecador por isto, isto, isto. A concretude. A concretude da verdade: a verdade \u00e9 sempre concreta; as mentiras s\u00e3o et\u00e9reas, s\u00e3o como o ar, voc\u00ea n\u00e3o pode peg\u00e1-lo. A verdade \u00e9 concreta. E voc\u00ea n\u00e3o pode ir confessar seus pecados de modo abstrato: \u201cSim, eu&#8230; sim, uma vez perdi a paci\u00eancia, outra&#8230;\u201d, e coisas abstratas. \u201cSou pecador\u201d. A concretude: \u201cEu fiz isto. Eu pensei isto. Eu disse isto\u201d. A concretude \u00e9 aquilo que me faz sentir-me seriamente pecador e n\u00e3o pecador no ar.<\/p>\n<p>Jesus no Evangelho: \u201cEu te louvo, \u00f3 Pai, Senhor do c\u00e9u e da terra, porque escondestes estas coisas aos s\u00e1bios e entendidos e as revelastes aos pequeninos\u201d. A concretude dos pequeninos. \u00c9 bonito ouvir os pequeninos quando veem confessar-se: n\u00e3o dizem coisas estranhas, no ar; dizem as coisas concretas; e \u00e0s vezes demasiadamente concretas porque t\u00eam aquela simplicidade que Deus d\u00e1 aos pequeninos. Lembro-me sempre de uma crian\u00e7a que uma vez veio dizer-me que estava triste porque tinha brigado com a tia&#8230; Depois continuou. Eu disse: \u201cMas o que voc\u00ea fez?\u201d \u2013 \u201cEu estava em casa, queria ir jogar bola \u2013 uma crian\u00e7a, hein? \u2013 mas a tia, a m\u00e3e estava fora, disse: \u201cN\u00e3o, voc\u00ea n\u00e3o sai: primeiro deve fazer as tarefas\u201d. Palavra vai, palavra vem, e no final acabei xingando-a. Era uma crian\u00e7a de grande cultura geogr\u00e1fica&#8230; Disse-me inclusive o nome do lugar para onde tinha mandado a tia! S\u00e3o assim: simples, concretas.<\/p>\n<p>Tamb\u00e9m n\u00f3s devemos ser simples, concretos: a concretude leva voc\u00ea \u00e0 humildade, porque a humildade \u00e9 concreta. \u201cSomos todos pecadores\u201d \u00e9 uma coisa abstrata. N\u00e3o: \u201ceu sou pecador por isto, isto e isto\u201d, e isso me leva \u00e0 vergonha de olhar para Jesus: \u201cPerdoai-me\u201d. A verdadeira atitude do pecador. \u201cSe dissermos que n\u00e3o temos pecado, estamo-nos enganando a n\u00f3s mesmos, e a verdade n\u00e3o est\u00e1 dentro de n\u00f3s\u201d. \u00c9 um modo de dizer que n\u00e3o temos pecado, \u00e9 esta atitude abstrata : \u201cSim, somos pecadores, sim, uma vez perdi a paci\u00eancia&#8230;\u201d mas tudo no ar. N\u00e3o me dou conta da realidade dos meus pecados. \u201cMas, o senhor sabe, todos fazemos essas coisas, sinto muito, sinto muito&#8230; me entristece, n\u00e3o quero mais fazer isso, n\u00e3o quero mais dizer isso, n\u00e3o quero mais pensar isso\u201d. \u00c9 importante que n\u00f3s, dentro de n\u00f3s, demos nome aos nossos pecados. A concretude. Porque se mantermos no ar, acabaremos nas trevas. Sejamos como os pequeninos, que dizem aquilo que sentem, aquilo que pensam: ainda n\u00e3o aprenderam a arte de dizer as coisas um pouco camufladas para que sejam entendidas mas n\u00e3o sejam ditas. Essa \u00e9 uma arte dos adultos, que muitas vezes n\u00e3o nos faz bem.<\/p>\n<p>Ontem recebi uma carta de um garoto de Caravaggio. Chama-se Andr\u00e9. E me contava suas coisas: as cartas dos garotos, das crian\u00e7as, s\u00e3o bel\u00edssimas, pela concretude. E me dizia que tinha acompanhado a Missa pela televis\u00e3o e que devia \u201creclamar-me\u201d uma coisa: que eu digo \u201cA paz esteja convosco\u201d, \u201ce voc\u00ea n\u00e3o pode dizer isso porque com a pandemia n\u00e3o podemos tocar-nos\u201d. N\u00e3o v\u00ea que voc\u00eas fazem assim com a cabe\u00e7a e n\u00e3o se tocam. Mas a liberdade de dizer as coisas como elas s\u00e3o.<\/p>\n<p>Tamb\u00e9m n\u00f3s, com o Senhor, a liberdade de dizer as coisas como elas s\u00e3o: \u201cSenhor, estou no pecado: ajuda-me\u201d. Como Pedro ap\u00f3s a primeira pesca milagrosa: \u201cAfasta-te de mim, Senhor, porque sou um pecador\u201d. Ter essa sabedoria da concretude. Porque o diabo quer que n\u00f3s vivamos na tepidez, mornos, no indefinido: nem bons nem maus, nem branco nem preto: indefinido. Uma vida que n\u00e3o agrada ao Senhor. O Senhor n\u00e3o gosta dos mornos.<\/p>\n<p>Concretude. Para n\u00e3o ser mentirosos. Se confessarmos nossos pecados, Ele se mostra fiel e justo, para nos perdoar: perdoa-nos quando somos concretos. A vida espiritual \u00e9 muito simples, muito simples; mas n\u00f3s a tornamos complicada com essas nuances, e acabamos jamais chegando \u00e0 meta.<\/p>\n<p>Pe\u00e7amos ao Senhor a gra\u00e7a da simplicidade e que Ele nos d\u00ea essa gra\u00e7a que d\u00e1 aos simples, \u00e0s crian\u00e7as, aos jovens que dizem aquilo que sentem, que n\u00e3o escondem aquilo que sentem. Mesmo se \u00e9 uma coisa errada, mas o dizem. Mesmo com Ele, dizer as coisas: a transpar\u00eancia. E n\u00e3o viver uma vida que n\u00e3o \u00e9 uma coisa nem outra. A gra\u00e7a da liberdade para dizer essas coisas e tamb\u00e9m a gra\u00e7a de conhecer bem quem somos diante de Deus.<\/p>\n<p>O Santo Padre terminou a celebra\u00e7\u00e3o com a adora\u00e7\u00e3o e a b\u00ean\u00e7\u00e3o eucar\u00edstica, convidando a fazer a Comunh\u00e3o espiritual. A seguir, a ora\u00e7\u00e3o recitada pelo Papa:<\/p>\n<p style=\"padding-left: 40px;\"><em>Meu Jesus, eu creio que estais presente no Sant\u00edssimo Sacramento do Altar. Amo-vos sobre todas as coisas, e minha alma suspira por V\u00f3s. Mas, como n\u00e3o posso receber-Vos agora no Sant\u00edssimo Sacramento, vinde, ao menos espiritualmente, a meu cora\u00e7\u00e3o. Abra\u00e7o-me convosco como se j\u00e1 estiv\u00e9sseis comigo: uno-me Convosco inteiramente. Ah! n\u00e3o permitais que torne a separar-me de V\u00f3s!<\/em><\/p>\n<p>Antes de deixar a Capela dedicada ao Esp\u00edrito Santo foi entoada a ant\u00edfona mariana \u201cRegina caeli\u201d, cantada no tempo pascal:<\/p>\n<p style=\"padding-left: 40px;\"><em>Rainha dos c\u00e9us, alegrai-vos. Aleluia!<\/em><\/p>\n<p style=\"padding-left: 40px;\"><em>Porque Aquele que merecestes trazer em vosso seio. Aleluia!<\/em><\/p>\n<p style=\"padding-left: 40px;\"><em>Ressuscitou como disse. Aleluia!<\/em><\/p>\n<p style=\"padding-left: 40px;\"><em>Rogai por n\u00f3s a Deus. Aleluia!<\/em><\/p>\n<p style=\"padding-left: 40px;\"><em>D.\/ Alegrai-vos e exultai, \u00f3 Virgem Maria. Aleluia!<\/em><\/p>\n<p style=\"padding-left: 40px;\"><em>C.\/ Porque o Senhor ressuscitou, verdadeiramente. Aleluia!<\/em><\/p>\n<hr \/>\n<p><em>Fonte: Vatican News<\/em><\/p>\n","protected":false},"excerpt":{"rendered":"<p>Audi\u00eancia Geral<\/p>\n","protected":false},"author":3,"featured_media":223387,"comment_status":"open","ping_status":"open","sticky":false,"template":"","format":"standard","meta":[],"categories":[1428],"tags":[487],"acf":[],"yoast_head":"<!-- This site is optimized with the Yoast SEO plugin v19.2 - https:\/\/yoast.com\/wordpress\/plugins\/seo\/ -->\n<title>Francisco: o caminho das Bem-aventuran\u00e7as nos leva a ser de Cristo e n\u00e3o do mundo - Not\u00edcias - Franciscanos<\/title>\n<meta name=\"robots\" content=\"index, follow, max-snippet:-1, max-image-preview:large, max-video-preview:-1\" \/>\n<link rel=\"canonical\" href=\"https:\/\/franciscanos.org.br\/noticias\/francisco-o-caminho-das-bem-aventurancas-nos-leva-a-ser-de-cristo-e-nao-do-mundo.html\" \/>\n<meta property=\"og:locale\" content=\"pt_BR\" \/>\n<meta property=\"og:type\" content=\"article\" \/>\n<meta property=\"og:title\" content=\"Francisco: o caminho das Bem-aventuran\u00e7as nos leva a ser de Cristo e n\u00e3o do mundo - Not\u00edcias - Franciscanos\" \/>\n<meta property=\"og:description\" content=\"Audi\u00eancia Geral\" \/>\n<meta property=\"og:url\" content=\"https:\/\/franciscanos.org.br\/noticias\/francisco-o-caminho-das-bem-aventurancas-nos-leva-a-ser-de-cristo-e-nao-do-mundo.html\" \/>\n<meta property=\"og:site_name\" content=\"Not\u00edcias - Franciscanos\" \/>\n<meta property=\"article:published_time\" content=\"2020-04-29T09:28:11+00:00\" \/>\n<meta property=\"article:modified_time\" content=\"2021-08-29T14:36:30+00:00\" \/>\n<meta property=\"og:image\" content=\"https:\/\/franciscanos.org.br\/noticias\/wp-content\/uploads\/2020\/04\/audiencia_2904d.jpg\" \/>\n\t<meta property=\"og:image:width\" content=\"800\" \/>\n\t<meta property=\"og:image:height\" content=\"601\" \/>\n\t<meta property=\"og:image:type\" content=\"image\/jpeg\" \/>\n<meta name=\"author\" content=\"moacir\" \/>\n<meta name=\"twitter:card\" content=\"summary_large_image\" \/>\n<meta name=\"twitter:label1\" content=\"Escrito por\" \/>\n\t<meta name=\"twitter:data1\" content=\"moacir\" \/>\n\t<meta name=\"twitter:label2\" content=\"Est. tempo de leitura\" \/>\n\t<meta name=\"twitter:data2\" content=\"12 minutos\" \/>\n<script type=\"application\/ld+json\" class=\"yoast-schema-graph\">{\"@context\":\"https:\/\/schema.org\",\"@graph\":[{\"@type\":\"WebSite\",\"@id\":\"https:\/\/franciscanos.org.br\/noticias\/#website\",\"url\":\"https:\/\/franciscanos.org.br\/noticias\/\",\"name\":\"Not\u00edcias - Franciscanos\",\"description\":\"Prov\u00edncia Franciscana da Imaculada Concei\u00e7\u00e3o do Brasil - Ordem dos Frades Menores - OFM\",\"potentialAction\":[{\"@type\":\"SearchAction\",\"target\":{\"@type\":\"EntryPoint\",\"urlTemplate\":\"https:\/\/franciscanos.org.br\/noticias\/?s={search_term_string}\"},\"query-input\":\"required name=search_term_string\"}],\"inLanguage\":\"pt-BR\"},{\"@type\":\"ImageObject\",\"inLanguage\":\"pt-BR\",\"@id\":\"https:\/\/franciscanos.org.br\/noticias\/francisco-o-caminho-das-bem-aventurancas-nos-leva-a-ser-de-cristo-e-nao-do-mundo.html#primaryimage\",\"url\":\"https:\/\/franciscanos.org.br\/noticias\/wp-content\/uploads\/2020\/04\/audiencia_2904d.jpg\",\"contentUrl\":\"https:\/\/franciscanos.org.br\/noticias\/wp-content\/uploads\/2020\/04\/audiencia_2904d.jpg\",\"width\":800,\"height\":601},{\"@type\":\"WebPage\",\"@id\":\"https:\/\/franciscanos.org.br\/noticias\/francisco-o-caminho-das-bem-aventurancas-nos-leva-a-ser-de-cristo-e-nao-do-mundo.html#webpage\",\"url\":\"https:\/\/franciscanos.org.br\/noticias\/francisco-o-caminho-das-bem-aventurancas-nos-leva-a-ser-de-cristo-e-nao-do-mundo.html\",\"name\":\"Francisco: o caminho das Bem-aventuran\u00e7as nos leva a ser de Cristo e n\u00e3o do mundo - Not\u00edcias - Franciscanos\",\"isPartOf\":{\"@id\":\"https:\/\/franciscanos.org.br\/noticias\/#website\"},\"primaryImageOfPage\":{\"@id\":\"https:\/\/franciscanos.org.br\/noticias\/francisco-o-caminho-das-bem-aventurancas-nos-leva-a-ser-de-cristo-e-nao-do-mundo.html#primaryimage\"},\"datePublished\":\"2020-04-29T09:28:11+00:00\",\"dateModified\":\"2021-08-29T14:36:30+00:00\",\"author\":{\"@id\":\"https:\/\/franciscanos.org.br\/noticias\/#\/schema\/person\/b5c8cba458c330ccff548b056e95a5d4\"},\"breadcrumb\":{\"@id\":\"https:\/\/franciscanos.org.br\/noticias\/francisco-o-caminho-das-bem-aventurancas-nos-leva-a-ser-de-cristo-e-nao-do-mundo.html#breadcrumb\"},\"inLanguage\":\"pt-BR\",\"potentialAction\":[{\"@type\":\"ReadAction\",\"target\":[\"https:\/\/franciscanos.org.br\/noticias\/francisco-o-caminho-das-bem-aventurancas-nos-leva-a-ser-de-cristo-e-nao-do-mundo.html\"]}]},{\"@type\":\"BreadcrumbList\",\"@id\":\"https:\/\/franciscanos.org.br\/noticias\/francisco-o-caminho-das-bem-aventurancas-nos-leva-a-ser-de-cristo-e-nao-do-mundo.html#breadcrumb\",\"itemListElement\":[{\"@type\":\"ListItem\",\"position\":1,\"name\":\"Home\",\"item\":\"https:\/\/franciscanos.org.br\/noticias\"},{\"@type\":\"ListItem\",\"position\":2,\"name\":\"Francisco: o caminho das Bem-aventuran\u00e7as nos leva a ser de Cristo e n\u00e3o do mundo\"}]},{\"@type\":\"Person\",\"@id\":\"https:\/\/franciscanos.org.br\/noticias\/#\/schema\/person\/b5c8cba458c330ccff548b056e95a5d4\",\"name\":\"moacir\",\"image\":{\"@type\":\"ImageObject\",\"inLanguage\":\"pt-BR\",\"@id\":\"https:\/\/franciscanos.org.br\/noticias\/#\/schema\/person\/image\/\",\"url\":\"https:\/\/secure.gravatar.com\/avatar\/d08aa2ce4c8dd416d4479aa8536fcf64?s=96&d=mm&r=g\",\"contentUrl\":\"https:\/\/secure.gravatar.com\/avatar\/d08aa2ce4c8dd416d4479aa8536fcf64?s=96&d=mm&r=g\",\"caption\":\"moacir\"},\"url\":\"https:\/\/franciscanos.org.br\/noticias\/author\/moacir\"}]}<\/script>\n<!-- \/ Yoast SEO plugin. -->","yoast_head_json":{"title":"Francisco: o caminho das Bem-aventuran\u00e7as nos leva a ser de Cristo e n\u00e3o do mundo - Not\u00edcias - Franciscanos","robots":{"index":"index","follow":"follow","max-snippet":"max-snippet:-1","max-image-preview":"max-image-preview:large","max-video-preview":"max-video-preview:-1"},"canonical":"https:\/\/franciscanos.org.br\/noticias\/francisco-o-caminho-das-bem-aventurancas-nos-leva-a-ser-de-cristo-e-nao-do-mundo.html","og_locale":"pt_BR","og_type":"article","og_title":"Francisco: o caminho das Bem-aventuran\u00e7as nos leva a ser de Cristo e n\u00e3o do mundo - Not\u00edcias - Franciscanos","og_description":"Audi\u00eancia Geral","og_url":"https:\/\/franciscanos.org.br\/noticias\/francisco-o-caminho-das-bem-aventurancas-nos-leva-a-ser-de-cristo-e-nao-do-mundo.html","og_site_name":"Not\u00edcias - Franciscanos","article_published_time":"2020-04-29T09:28:11+00:00","article_modified_time":"2021-08-29T14:36:30+00:00","og_image":[{"width":800,"height":601,"url":"https:\/\/franciscanos.org.br\/noticias\/wp-content\/uploads\/2020\/04\/audiencia_2904d.jpg","type":"image\/jpeg"}],"author":"moacir","twitter_card":"summary_large_image","twitter_misc":{"Escrito por":"moacir","Est. tempo de leitura":"12 minutos"},"schema":{"@context":"https:\/\/schema.org","@graph":[{"@type":"WebSite","@id":"https:\/\/franciscanos.org.br\/noticias\/#website","url":"https:\/\/franciscanos.org.br\/noticias\/","name":"Not\u00edcias - Franciscanos","description":"Prov\u00edncia Franciscana da Imaculada Concei\u00e7\u00e3o do Brasil - Ordem dos Frades Menores - OFM","potentialAction":[{"@type":"SearchAction","target":{"@type":"EntryPoint","urlTemplate":"https:\/\/franciscanos.org.br\/noticias\/?s={search_term_string}"},"query-input":"required name=search_term_string"}],"inLanguage":"pt-BR"},{"@type":"ImageObject","inLanguage":"pt-BR","@id":"https:\/\/franciscanos.org.br\/noticias\/francisco-o-caminho-das-bem-aventurancas-nos-leva-a-ser-de-cristo-e-nao-do-mundo.html#primaryimage","url":"https:\/\/franciscanos.org.br\/noticias\/wp-content\/uploads\/2020\/04\/audiencia_2904d.jpg","contentUrl":"https:\/\/franciscanos.org.br\/noticias\/wp-content\/uploads\/2020\/04\/audiencia_2904d.jpg","width":800,"height":601},{"@type":"WebPage","@id":"https:\/\/franciscanos.org.br\/noticias\/francisco-o-caminho-das-bem-aventurancas-nos-leva-a-ser-de-cristo-e-nao-do-mundo.html#webpage","url":"https:\/\/franciscanos.org.br\/noticias\/francisco-o-caminho-das-bem-aventurancas-nos-leva-a-ser-de-cristo-e-nao-do-mundo.html","name":"Francisco: o caminho das Bem-aventuran\u00e7as nos leva a ser de Cristo e n\u00e3o do mundo - Not\u00edcias - Franciscanos","isPartOf":{"@id":"https:\/\/franciscanos.org.br\/noticias\/#website"},"primaryImageOfPage":{"@id":"https:\/\/franciscanos.org.br\/noticias\/francisco-o-caminho-das-bem-aventurancas-nos-leva-a-ser-de-cristo-e-nao-do-mundo.html#primaryimage"},"datePublished":"2020-04-29T09:28:11+00:00","dateModified":"2021-08-29T14:36:30+00:00","author":{"@id":"https:\/\/franciscanos.org.br\/noticias\/#\/schema\/person\/b5c8cba458c330ccff548b056e95a5d4"},"breadcrumb":{"@id":"https:\/\/franciscanos.org.br\/noticias\/francisco-o-caminho-das-bem-aventurancas-nos-leva-a-ser-de-cristo-e-nao-do-mundo.html#breadcrumb"},"inLanguage":"pt-BR","potentialAction":[{"@type":"ReadAction","target":["https:\/\/franciscanos.org.br\/noticias\/francisco-o-caminho-das-bem-aventurancas-nos-leva-a-ser-de-cristo-e-nao-do-mundo.html"]}]},{"@type":"BreadcrumbList","@id":"https:\/\/franciscanos.org.br\/noticias\/francisco-o-caminho-das-bem-aventurancas-nos-leva-a-ser-de-cristo-e-nao-do-mundo.html#breadcrumb","itemListElement":[{"@type":"ListItem","position":1,"name":"Home","item":"https:\/\/franciscanos.org.br\/noticias"},{"@type":"ListItem","position":2,"name":"Francisco: o caminho das Bem-aventuran\u00e7as nos leva a ser de Cristo e n\u00e3o do mundo"}]},{"@type":"Person","@id":"https:\/\/franciscanos.org.br\/noticias\/#\/schema\/person\/b5c8cba458c330ccff548b056e95a5d4","name":"moacir","image":{"@type":"ImageObject","inLanguage":"pt-BR","@id":"https:\/\/franciscanos.org.br\/noticias\/#\/schema\/person\/image\/","url":"https:\/\/secure.gravatar.com\/avatar\/d08aa2ce4c8dd416d4479aa8536fcf64?s=96&d=mm&r=g","contentUrl":"https:\/\/secure.gravatar.com\/avatar\/d08aa2ce4c8dd416d4479aa8536fcf64?s=96&d=mm&r=g","caption":"moacir"},"url":"https:\/\/franciscanos.org.br\/noticias\/author\/moacir"}]}},"_links":{"self":[{"href":"https:\/\/franciscanos.org.br\/noticias\/wp-json\/wp\/v2\/posts\/223385"}],"collection":[{"href":"https:\/\/franciscanos.org.br\/noticias\/wp-json\/wp\/v2\/posts"}],"about":[{"href":"https:\/\/franciscanos.org.br\/noticias\/wp-json\/wp\/v2\/types\/post"}],"author":[{"embeddable":true,"href":"https:\/\/franciscanos.org.br\/noticias\/wp-json\/wp\/v2\/users\/3"}],"replies":[{"embeddable":true,"href":"https:\/\/franciscanos.org.br\/noticias\/wp-json\/wp\/v2\/comments?post=223385"}],"version-history":[{"count":5,"href":"https:\/\/franciscanos.org.br\/noticias\/wp-json\/wp\/v2\/posts\/223385\/revisions"}],"predecessor-version":[{"id":234006,"href":"https:\/\/franciscanos.org.br\/noticias\/wp-json\/wp\/v2\/posts\/223385\/revisions\/234006"}],"wp:featuredmedia":[{"embeddable":true,"href":"https:\/\/franciscanos.org.br\/noticias\/wp-json\/wp\/v2\/media\/223387"}],"wp:attachment":[{"href":"https:\/\/franciscanos.org.br\/noticias\/wp-json\/wp\/v2\/media?parent=223385"}],"wp:term":[{"taxonomy":"category","embeddable":true,"href":"https:\/\/franciscanos.org.br\/noticias\/wp-json\/wp\/v2\/categories?post=223385"},{"taxonomy":"post_tag","embeddable":true,"href":"https:\/\/franciscanos.org.br\/noticias\/wp-json\/wp\/v2\/tags?post=223385"}],"curies":[{"name":"wp","href":"https:\/\/api.w.org\/{rel}","templated":true}]}}