{"id":223363,"date":"2020-04-25T08:34:45","date_gmt":"2020-04-25T11:34:45","guid":{"rendered":"https:\/\/franciscanos.org.br\/noticias\/?p=223363"},"modified":"2020-06-06T12:02:43","modified_gmt":"2020-06-06T15:02:43","slug":"o-papa-reza-pelos-que-realizam-servicos-funerarios-a-fe-e-sempre-missionaria","status":"publish","type":"post","link":"https:\/\/franciscanos.org.br\/noticias\/o-papa-reza-pelos-que-realizam-servicos-funerarios-a-fe-e-sempre-missionaria.html","title":{"rendered":"O Papa reza pelos que realizam servi\u00e7os funer\u00e1rios. A f\u00e9 \u00e9 sempre mission\u00e1ria."},"content":{"rendered":"<p><img loading=\"lazy\" class=\"alignnone size-full wp-image-223364\" src=\"https:\/\/franciscanos.org.br\/noticias\/wp-content\/uploads\/2020\/04\/marta_2504.jpg\" alt=\"\" width=\"1280\" height=\"733\" srcset=\"https:\/\/franciscanos.org.br\/noticias\/wp-content\/uploads\/2020\/04\/marta_2504.jpg 1280w, https:\/\/franciscanos.org.br\/noticias\/wp-content\/uploads\/2020\/04\/marta_2504-450x258.jpg 450w, https:\/\/franciscanos.org.br\/noticias\/wp-content\/uploads\/2020\/04\/marta_2504-1024x586.jpg 1024w, https:\/\/franciscanos.org.br\/noticias\/wp-content\/uploads\/2020\/04\/marta_2504-768x440.jpg 768w, https:\/\/franciscanos.org.br\/noticias\/wp-content\/uploads\/2020\/04\/marta_2504-150x86.jpg 150w\" sizes=\"(max-width: 1280px) 100vw, 1280px\" \/><\/p>\n<p><strong>Cidade do Vaticano<\/strong> &#8211; Francisco presidiu a Missa na Casa Santa Marta, no Vaticano, na manh\u00e3 deste s\u00e1bado, 25 de abril, dia em que a Igreja celebra a festa de S\u00e3o Marcos evangelista. Na introdu\u00e7\u00e3o, dirigiu seu pensamento aos que neste per\u00edodo realizam os servi\u00e7os funer\u00e1rios.<\/p>\n<p>Hoje, rezemos juntos pelas pessoas que realizam servi\u00e7os funer\u00e1rios. \u00c9 muito doloroso, muito triste o trabalho que realizam, e sentem muito de perto a dor provocada por esta pandemia. Rezemos por elas.<\/p>\n<p>Na homilia, o Papa comentou o Evangelho do dia (Mc 16,15-20) em que Jesus ressuscitado aparece aos disc\u00edpulos exortando-os a ir pelo mundo inteiro anunciar o Evangelho a toda criatura e anuncia os sinais que acompanhar\u00e3o aqueles que creem: em seu nome \u201cexpulsar\u00e3o dem\u00f4nios, falar\u00e3o novas l\u00ednguas; se pegarem em serpentes ou beberem algum veneno mortal n\u00e3o lhes far\u00e1 mal algum; quando impuserem as m\u00e3os sobre os doentes, eles ficar\u00e3o curados\u201d. Ap\u00f3s essas palavras, Jesus sobe ao c\u00e9u para sentar-se \u00e0 direita de Deus. A f\u00e9 \u2013 disse o Papa \u2013, ou \u00e9 mission\u00e1ria ou n\u00e3o \u00e9 f\u00e9. A f\u00e9 n\u00e3o \u00e9 uma coisa somente para mim, para que eu cres\u00e7a com a f\u00e9: essa \u00e9 uma heresia gn\u00f3stica. A f\u00e9 \u00e9 levada com o testemunho de vida, sobretudo. Por vezes, falta a convic\u00e7\u00e3o da f\u00e9, que n\u00e3o \u00e9 somente um dado da carteira de identidade. Quem tem f\u00e9 deve sair de si mesmo e mostrar \u201csocialmente\u201d a f\u00e9. Isso n\u00e3o significa fazer proselitismo, \u00e9 testemunhar a f\u00e9 com o servi\u00e7o, \u00e9 viver como crist\u00e3os. Antes de dizer alguma coisa de crist\u00e3o \u00e9 preciso viver a f\u00e9 concretamente. N\u00e3o se transmite a f\u00e9 para convencer, mas para oferecer um tesouro. Como diz a Primeira Carta de Pedro (1 Pd 5,5b-14), se leva a f\u00e9 com humildade. Na transmiss\u00e3o da f\u00e9 est\u00e1 sempre o Senhor, na transmiss\u00e3o das ideologias est\u00e3o os \u201cmestres\u201d. Que o Senhor nos ajude a viver uma f\u00e9 de portas abertas, transparente \u2013 foi a ora\u00e7\u00e3o conclusiva do Papa \u2013, que leva a salva\u00e7\u00e3o aos outros.<\/p>\n<p><em>A seguir, o texto da homilia transcrita pelo<\/em> <em>Vatican News<\/em>:<\/p>\n<p>Hoje, a Igreja celebra S\u00e3o Marcos, um dos quatro evangelistas, muito pr\u00f3ximo do ap\u00f3stolo Pedro. O Evangelho de Marcos foi o primeiro a ser escrito. \u00c9 simples, um estilo simples, muito pr\u00f3ximo. Se hoje tiverem um pouco de tempo, tomem-no em m\u00e3os e leiam-no. N\u00e3o \u00e9 longo, \u00e9 agrad\u00e1vel ler a simplicidade com a qual Marcos narra a vida do Senhor.<\/p>\n<p>E no Evangelho \u2013 que \u00e9 o final do Evangelho de Marcos, isso que lemos agora \u2013 encontra-se o envio do Senhor. O Senhor revelou-se como salvador, como o Filho \u00fanico de Deus; revelou-se a todo Israel e ao povo, especialmente com mais detalhes aos ap\u00f3stolos, aos disc\u00edpulos. Esta \u00e9 a despedida do Senhor: o Senhor vai embora, parte e \u201cfoi levado ao c\u00e9u, e sentou-se \u00e0 direita de Deus\u201d. Mas antes de partir, quando apareceu aos Onze, lhes disse: \u201cIde pelo mundo inteiro e anunciai o Evangelho a toda criatura\u201d. H\u00e1 a missionariedade da f\u00e9. A f\u00e9, ou \u00e9 mission\u00e1ria ou n\u00e3o \u00e9 f\u00e9. A f\u00e9 n\u00e3o \u00e9 uma coisa somente para mim, para que eu cres\u00e7a com a f\u00e9: essa \u00e9 uma heresia gn\u00f3stica. A f\u00e9 sempre leva voc\u00ea a sair de si. Sair. A transmiss\u00e3o da f\u00e9: a f\u00e9 deve ser transmitida, deve ser oferecida, sobretudo com o testemunho: \u201cIde, que as pessoas vejam como viveis\u201d.<\/p>\n<p>Algu\u00e9m me dizia, um padre europeu, de uma cidade europeia: \u201cH\u00e1 muita incredulidade, muito agnosticismo em nossas cidades, porque os crist\u00e3os n\u00e3o t\u00eam f\u00e9. Se tivessem, certamente a ofereceriam \u00e0s pessoas\u201d. Falta a missionariedade. Porque na raiz falta a convic\u00e7\u00e3o: \u201cSim, eu sou crist\u00e3o, sou cat\u00f3lico, mas&#8230;\u201d Como se fosse uma atitude social. Na carta de identidade voc\u00ea se chama assim, assim, e \u201csou crist\u00e3o\u201d. \u00c9 um dado da carta de identidade. Isso n\u00e3o \u00e9 f\u00e9. Isso \u00e9 uma coisa cultural. A f\u00e9 necessariamente leva voc\u00ea para fora, leva voc\u00ea a d\u00e1-la, porque a f\u00e9 deve ser essencialmente transmitida. N\u00e3o \u00e9 quieta. \u201cAh, o senhor quer dizer, padre, que todos devemos ser mission\u00e1rios e ir aos pa\u00edses distantes?\u201d N\u00e3o, essa \u00e9 uma parte da missionariedade. Isso significa que se voc\u00ea tem f\u00e9 necessariamente deve sair de si, voc\u00ea deve sair de si, e mostrar socialmente a f\u00e9. A f\u00e9 social, \u00e9 para todos: \u201cIde pelo mundo inteiro e anunciai o Evangelho a toda criatura\u201d. E isso n\u00e3o significa fazer proselitismo, como se eu fosse um time de futebol que faz proselitismo ou fosse uma sociedade de benefic\u00eancia. N\u00e3o, a f\u00e9 \u00e9 \u201cnada de proselitismo\u201d. \u00c9 mostrar a revela\u00e7\u00e3o, para que o Esp\u00edrito Santo possa agir nas pessoas com o testemunho, e como testemunha com servi\u00e7o. O servi\u00e7o \u00e9 um modo de viver: se eu digo que sou crist\u00e3o e vivo como um pag\u00e3o, n\u00e3o est\u00e1 bem! Isso n\u00e3o convence ningu\u00e9m. Se eu digo que sou crist\u00e3o e vivo como crist\u00e3o, isso atrai. \u00c9 o testemunho.<\/p>\n<p>Uma vez, na Pol\u00f4nia, um estudante universit\u00e1rio me perguntou: \u201cTenho muitos colegas ateus na universidade. O que devo dizer a eles para convenc\u00ea-los?\u201d \u2013 \u201cNada, querido, nada! A \u00faltima coisa que voc\u00ea deve fazer \u00e9 dizer algo. Comece a viver (sua f\u00e9) e eles, vendo seu testemunho, lhe perguntar\u00e3o: \u2018Por que voc\u00ea vive assim?\u2019\u201d. A f\u00e9 deve ser transmitida, mas n\u00e3o para convencer, (e sim) para oferecer um tesouro. \u201cEst\u00e1 ali, veem? E essa \u00e9 tamb\u00e9m a humildade da qual falava S\u00e3o Pedro na Primeira Leitura: \u201cCar\u00edssimos, revesti-vos todos de humildade no relacionamento m\u00fatuo, porque Deus resiste aos soberbos, mas d\u00e1 a sua gra\u00e7a aos humildes\u201d. Quantas vezes na Igreja, na hist\u00f3ria, nasceram movimentos, grupos, de homens ou mulheres que queriam convencer sobre a f\u00e9, converter&#8230; Verdadeiros \u201cpros\u00e9litos\u201d. E como acabaram? Na corrup\u00e7\u00e3o.<\/p>\n<p>Essa passagem do Evangelho \u00e9 muito tenra. Mas onde est\u00e1 a seguran\u00e7a? Como posso estar seguro de que saindo de mim serei fecundo na transmiss\u00e3o da f\u00e9? \u201cAnunciai o Evangelho a toda criatura\u201d, fareis maravilhas. E o Senhor estar\u00e1 conosco at\u00e9 o fim do mundo. Acompanha-nos.<\/p>\n<p>Uma passagem da homilia do Papa Francisco<br \/>\nNa transmiss\u00e3o da f\u00e9 o Senhor est\u00e1 sempre conosco. Na transmiss\u00e3o da ideologia estar\u00e3o os mestres. Mas quando eu tenho uma atitude de f\u00e9 que deve ser transmitida, a\u00ed est\u00e1 o Senhor que me acompanha. Jamais estou sozinho na transmiss\u00e3o da f\u00e9. \u00c9 o Senhor comigo que transmite a f\u00e9. Ele prometeu isso: \u201cEu estarei convosco todos os dias at\u00e9 o fim do mundo\u201d.<\/p>\n<p>Pe\u00e7amos ao Senhor que nos ajude a viver a nossa f\u00e9 desse modo: a f\u00e9 de portas abertas, uma f\u00e9 transparente, n\u00e3o \u201cproselitista\u201d, mas que mostre: \u201cMas eu sou assim\u201d. E com essa sadia curiosidade, ajude as pessoas a receber essa mensagem que as salvar\u00e1.<\/p>\n<p>O Santo Padre terminou a celebra\u00e7\u00e3o com a adora\u00e7\u00e3o e a b\u00ean\u00e7\u00e3o eucar\u00edstica, convidando a fazer a Comunh\u00e3o espiritual. A seguir, a ora\u00e7\u00e3o recitada pelo Papa:<\/p>\n<p style=\"padding-left: 40px;\"><em>Aos vossos p\u00e9s, \u00f3 meu Jesus, me prostro e vos ofere\u00e7o o arrependimento do meu cora\u00e7\u00e3o contrito que mergulha no seu nada na Vossa santa presen\u00e7a. Eu vos adoro no Sacramento do vosso amor, a inef\u00e1vel Eucaristia. Desejo receber-vos na pobre morada que meu cora\u00e7\u00e3o vos oferece; \u00e0 espera da felicidade da comunh\u00e3o sacramental, quero possuir-vos em Esp\u00edrito. Vinde a mim, \u00f3 meu Jesus, que eu venha a v\u00f3s. Que o vosso amor possa inflamar todo o meu ser, para a vida e para a morte. Creio em v\u00f3s, espero em v\u00f3s. Amo-vos. Assim seja.<\/em><\/p>\n<p>Antes de deixar a Capela dedicada ao Esp\u00edrito Santo foi entoada a ant\u00edfona mariana \u201cRegina caeli\u201d, cantada no tempo pascal:<\/p>\n<p style=\"padding-left: 40px;\"><em>Rainha dos c\u00e9us, alegrai-vos. Aleluia!<\/em><\/p>\n<p style=\"padding-left: 40px;\"><em>Porque Aquele que merecestes trazer em vosso seio. Aleluia!<\/em><\/p>\n<p style=\"padding-left: 40px;\"><em>Ressuscitou como disse. Aleluia!<\/em><\/p>\n<p style=\"padding-left: 40px;\"><em>Rogai por n\u00f3s a Deus. Aleluia!<\/em><\/p>\n<p style=\"padding-left: 40px;\"><em>D.\/ Alegrai-vos e exultai, \u00f3 Virgem Maria. Aleluia!<\/em><\/p>\n<p style=\"padding-left: 40px;\"><em>C.\/ Porque o Senhor ressuscitou, verdadeiramente. Aleluia!<\/em><\/p>\n<hr \/>\n<p><em>Fonte: Vatican News<\/em><\/p>\n","protected":false},"excerpt":{"rendered":"<p>Missa em Santa Marta<\/p>\n","protected":false},"author":3,"featured_media":223365,"comment_status":"open","ping_status":"open","sticky":false,"template":"","format":"standard","meta":[],"categories":[1428],"tags":[1586],"acf":[],"yoast_head":"<!-- This site is optimized with the Yoast SEO plugin v19.2 - https:\/\/yoast.com\/wordpress\/plugins\/seo\/ -->\n<title>O Papa reza pelos que realizam servi\u00e7os funer\u00e1rios. A f\u00e9 \u00e9 sempre mission\u00e1ria. - Not\u00edcias - Franciscanos<\/title>\n<meta name=\"robots\" content=\"index, follow, max-snippet:-1, max-image-preview:large, max-video-preview:-1\" \/>\n<link rel=\"canonical\" href=\"https:\/\/franciscanos.org.br\/noticias\/o-papa-reza-pelos-que-realizam-servicos-funerarios-a-fe-e-sempre-missionaria.html\" \/>\n<meta property=\"og:locale\" content=\"pt_BR\" \/>\n<meta property=\"og:type\" content=\"article\" \/>\n<meta property=\"og:title\" content=\"O Papa reza pelos que realizam servi\u00e7os funer\u00e1rios. A f\u00e9 \u00e9 sempre mission\u00e1ria. - Not\u00edcias - Franciscanos\" \/>\n<meta property=\"og:description\" content=\"Missa em Santa Marta\" \/>\n<meta property=\"og:url\" content=\"https:\/\/franciscanos.org.br\/noticias\/o-papa-reza-pelos-que-realizam-servicos-funerarios-a-fe-e-sempre-missionaria.html\" \/>\n<meta property=\"og:site_name\" content=\"Not\u00edcias - Franciscanos\" \/>\n<meta property=\"article:published_time\" content=\"2020-04-25T11:34:45+00:00\" \/>\n<meta property=\"article:modified_time\" content=\"2020-06-06T15:02:43+00:00\" \/>\n<meta property=\"og:image\" content=\"https:\/\/franciscanos.org.br\/noticias\/wp-content\/uploads\/2020\/04\/marta_2504d.jpg\" \/>\n\t<meta property=\"og:image:width\" content=\"800\" \/>\n\t<meta property=\"og:image:height\" content=\"600\" \/>\n\t<meta property=\"og:image:type\" content=\"image\/jpeg\" \/>\n<meta name=\"author\" content=\"moacir\" \/>\n<meta name=\"twitter:card\" content=\"summary_large_image\" \/>\n<meta name=\"twitter:label1\" content=\"Escrito por\" \/>\n\t<meta name=\"twitter:data1\" content=\"moacir\" \/>\n\t<meta name=\"twitter:label2\" content=\"Est. tempo de leitura\" \/>\n\t<meta name=\"twitter:data2\" content=\"7 minutos\" \/>\n<script type=\"application\/ld+json\" class=\"yoast-schema-graph\">{\"@context\":\"https:\/\/schema.org\",\"@graph\":[{\"@type\":\"WebSite\",\"@id\":\"https:\/\/franciscanos.org.br\/noticias\/#website\",\"url\":\"https:\/\/franciscanos.org.br\/noticias\/\",\"name\":\"Not\u00edcias - Franciscanos\",\"description\":\"Prov\u00edncia Franciscana da Imaculada Concei\u00e7\u00e3o do Brasil - Ordem dos Frades Menores - OFM\",\"potentialAction\":[{\"@type\":\"SearchAction\",\"target\":{\"@type\":\"EntryPoint\",\"urlTemplate\":\"https:\/\/franciscanos.org.br\/noticias\/?s={search_term_string}\"},\"query-input\":\"required name=search_term_string\"}],\"inLanguage\":\"pt-BR\"},{\"@type\":\"ImageObject\",\"inLanguage\":\"pt-BR\",\"@id\":\"https:\/\/franciscanos.org.br\/noticias\/o-papa-reza-pelos-que-realizam-servicos-funerarios-a-fe-e-sempre-missionaria.html#primaryimage\",\"url\":\"https:\/\/franciscanos.org.br\/noticias\/wp-content\/uploads\/2020\/04\/marta_2504d.jpg\",\"contentUrl\":\"https:\/\/franciscanos.org.br\/noticias\/wp-content\/uploads\/2020\/04\/marta_2504d.jpg\",\"width\":800,\"height\":600},{\"@type\":\"WebPage\",\"@id\":\"https:\/\/franciscanos.org.br\/noticias\/o-papa-reza-pelos-que-realizam-servicos-funerarios-a-fe-e-sempre-missionaria.html#webpage\",\"url\":\"https:\/\/franciscanos.org.br\/noticias\/o-papa-reza-pelos-que-realizam-servicos-funerarios-a-fe-e-sempre-missionaria.html\",\"name\":\"O Papa reza pelos que realizam servi\u00e7os funer\u00e1rios. A f\u00e9 \u00e9 sempre mission\u00e1ria. - Not\u00edcias - Franciscanos\",\"isPartOf\":{\"@id\":\"https:\/\/franciscanos.org.br\/noticias\/#website\"},\"primaryImageOfPage\":{\"@id\":\"https:\/\/franciscanos.org.br\/noticias\/o-papa-reza-pelos-que-realizam-servicos-funerarios-a-fe-e-sempre-missionaria.html#primaryimage\"},\"datePublished\":\"2020-04-25T11:34:45+00:00\",\"dateModified\":\"2020-06-06T15:02:43+00:00\",\"author\":{\"@id\":\"https:\/\/franciscanos.org.br\/noticias\/#\/schema\/person\/b5c8cba458c330ccff548b056e95a5d4\"},\"breadcrumb\":{\"@id\":\"https:\/\/franciscanos.org.br\/noticias\/o-papa-reza-pelos-que-realizam-servicos-funerarios-a-fe-e-sempre-missionaria.html#breadcrumb\"},\"inLanguage\":\"pt-BR\",\"potentialAction\":[{\"@type\":\"ReadAction\",\"target\":[\"https:\/\/franciscanos.org.br\/noticias\/o-papa-reza-pelos-que-realizam-servicos-funerarios-a-fe-e-sempre-missionaria.html\"]}]},{\"@type\":\"BreadcrumbList\",\"@id\":\"https:\/\/franciscanos.org.br\/noticias\/o-papa-reza-pelos-que-realizam-servicos-funerarios-a-fe-e-sempre-missionaria.html#breadcrumb\",\"itemListElement\":[{\"@type\":\"ListItem\",\"position\":1,\"name\":\"Home\",\"item\":\"https:\/\/franciscanos.org.br\/noticias\"},{\"@type\":\"ListItem\",\"position\":2,\"name\":\"O Papa reza pelos que realizam servi\u00e7os funer\u00e1rios. A f\u00e9 \u00e9 sempre mission\u00e1ria.\"}]},{\"@type\":\"Person\",\"@id\":\"https:\/\/franciscanos.org.br\/noticias\/#\/schema\/person\/b5c8cba458c330ccff548b056e95a5d4\",\"name\":\"moacir\",\"image\":{\"@type\":\"ImageObject\",\"inLanguage\":\"pt-BR\",\"@id\":\"https:\/\/franciscanos.org.br\/noticias\/#\/schema\/person\/image\/\",\"url\":\"https:\/\/secure.gravatar.com\/avatar\/d08aa2ce4c8dd416d4479aa8536fcf64?s=96&d=mm&r=g\",\"contentUrl\":\"https:\/\/secure.gravatar.com\/avatar\/d08aa2ce4c8dd416d4479aa8536fcf64?s=96&d=mm&r=g\",\"caption\":\"moacir\"},\"url\":\"https:\/\/franciscanos.org.br\/noticias\/author\/moacir\"}]}<\/script>\n<!-- \/ Yoast SEO plugin. -->","yoast_head_json":{"title":"O Papa reza pelos que realizam servi\u00e7os funer\u00e1rios. A f\u00e9 \u00e9 sempre mission\u00e1ria. - Not\u00edcias - Franciscanos","robots":{"index":"index","follow":"follow","max-snippet":"max-snippet:-1","max-image-preview":"max-image-preview:large","max-video-preview":"max-video-preview:-1"},"canonical":"https:\/\/franciscanos.org.br\/noticias\/o-papa-reza-pelos-que-realizam-servicos-funerarios-a-fe-e-sempre-missionaria.html","og_locale":"pt_BR","og_type":"article","og_title":"O Papa reza pelos que realizam servi\u00e7os funer\u00e1rios. A f\u00e9 \u00e9 sempre mission\u00e1ria. - Not\u00edcias - Franciscanos","og_description":"Missa em Santa Marta","og_url":"https:\/\/franciscanos.org.br\/noticias\/o-papa-reza-pelos-que-realizam-servicos-funerarios-a-fe-e-sempre-missionaria.html","og_site_name":"Not\u00edcias - Franciscanos","article_published_time":"2020-04-25T11:34:45+00:00","article_modified_time":"2020-06-06T15:02:43+00:00","og_image":[{"width":800,"height":600,"url":"https:\/\/franciscanos.org.br\/noticias\/wp-content\/uploads\/2020\/04\/marta_2504d.jpg","type":"image\/jpeg"}],"author":"moacir","twitter_card":"summary_large_image","twitter_misc":{"Escrito por":"moacir","Est. tempo de leitura":"7 minutos"},"schema":{"@context":"https:\/\/schema.org","@graph":[{"@type":"WebSite","@id":"https:\/\/franciscanos.org.br\/noticias\/#website","url":"https:\/\/franciscanos.org.br\/noticias\/","name":"Not\u00edcias - Franciscanos","description":"Prov\u00edncia Franciscana da Imaculada Concei\u00e7\u00e3o do Brasil - Ordem dos Frades Menores - OFM","potentialAction":[{"@type":"SearchAction","target":{"@type":"EntryPoint","urlTemplate":"https:\/\/franciscanos.org.br\/noticias\/?s={search_term_string}"},"query-input":"required name=search_term_string"}],"inLanguage":"pt-BR"},{"@type":"ImageObject","inLanguage":"pt-BR","@id":"https:\/\/franciscanos.org.br\/noticias\/o-papa-reza-pelos-que-realizam-servicos-funerarios-a-fe-e-sempre-missionaria.html#primaryimage","url":"https:\/\/franciscanos.org.br\/noticias\/wp-content\/uploads\/2020\/04\/marta_2504d.jpg","contentUrl":"https:\/\/franciscanos.org.br\/noticias\/wp-content\/uploads\/2020\/04\/marta_2504d.jpg","width":800,"height":600},{"@type":"WebPage","@id":"https:\/\/franciscanos.org.br\/noticias\/o-papa-reza-pelos-que-realizam-servicos-funerarios-a-fe-e-sempre-missionaria.html#webpage","url":"https:\/\/franciscanos.org.br\/noticias\/o-papa-reza-pelos-que-realizam-servicos-funerarios-a-fe-e-sempre-missionaria.html","name":"O Papa reza pelos que realizam servi\u00e7os funer\u00e1rios. A f\u00e9 \u00e9 sempre mission\u00e1ria. - Not\u00edcias - Franciscanos","isPartOf":{"@id":"https:\/\/franciscanos.org.br\/noticias\/#website"},"primaryImageOfPage":{"@id":"https:\/\/franciscanos.org.br\/noticias\/o-papa-reza-pelos-que-realizam-servicos-funerarios-a-fe-e-sempre-missionaria.html#primaryimage"},"datePublished":"2020-04-25T11:34:45+00:00","dateModified":"2020-06-06T15:02:43+00:00","author":{"@id":"https:\/\/franciscanos.org.br\/noticias\/#\/schema\/person\/b5c8cba458c330ccff548b056e95a5d4"},"breadcrumb":{"@id":"https:\/\/franciscanos.org.br\/noticias\/o-papa-reza-pelos-que-realizam-servicos-funerarios-a-fe-e-sempre-missionaria.html#breadcrumb"},"inLanguage":"pt-BR","potentialAction":[{"@type":"ReadAction","target":["https:\/\/franciscanos.org.br\/noticias\/o-papa-reza-pelos-que-realizam-servicos-funerarios-a-fe-e-sempre-missionaria.html"]}]},{"@type":"BreadcrumbList","@id":"https:\/\/franciscanos.org.br\/noticias\/o-papa-reza-pelos-que-realizam-servicos-funerarios-a-fe-e-sempre-missionaria.html#breadcrumb","itemListElement":[{"@type":"ListItem","position":1,"name":"Home","item":"https:\/\/franciscanos.org.br\/noticias"},{"@type":"ListItem","position":2,"name":"O Papa reza pelos que realizam servi\u00e7os funer\u00e1rios. A f\u00e9 \u00e9 sempre mission\u00e1ria."}]},{"@type":"Person","@id":"https:\/\/franciscanos.org.br\/noticias\/#\/schema\/person\/b5c8cba458c330ccff548b056e95a5d4","name":"moacir","image":{"@type":"ImageObject","inLanguage":"pt-BR","@id":"https:\/\/franciscanos.org.br\/noticias\/#\/schema\/person\/image\/","url":"https:\/\/secure.gravatar.com\/avatar\/d08aa2ce4c8dd416d4479aa8536fcf64?s=96&d=mm&r=g","contentUrl":"https:\/\/secure.gravatar.com\/avatar\/d08aa2ce4c8dd416d4479aa8536fcf64?s=96&d=mm&r=g","caption":"moacir"},"url":"https:\/\/franciscanos.org.br\/noticias\/author\/moacir"}]}},"_links":{"self":[{"href":"https:\/\/franciscanos.org.br\/noticias\/wp-json\/wp\/v2\/posts\/223363"}],"collection":[{"href":"https:\/\/franciscanos.org.br\/noticias\/wp-json\/wp\/v2\/posts"}],"about":[{"href":"https:\/\/franciscanos.org.br\/noticias\/wp-json\/wp\/v2\/types\/post"}],"author":[{"embeddable":true,"href":"https:\/\/franciscanos.org.br\/noticias\/wp-json\/wp\/v2\/users\/3"}],"replies":[{"embeddable":true,"href":"https:\/\/franciscanos.org.br\/noticias\/wp-json\/wp\/v2\/comments?post=223363"}],"version-history":[{"count":2,"href":"https:\/\/franciscanos.org.br\/noticias\/wp-json\/wp\/v2\/posts\/223363\/revisions"}],"predecessor-version":[{"id":224588,"href":"https:\/\/franciscanos.org.br\/noticias\/wp-json\/wp\/v2\/posts\/223363\/revisions\/224588"}],"wp:featuredmedia":[{"embeddable":true,"href":"https:\/\/franciscanos.org.br\/noticias\/wp-json\/wp\/v2\/media\/223365"}],"wp:attachment":[{"href":"https:\/\/franciscanos.org.br\/noticias\/wp-json\/wp\/v2\/media?parent=223363"}],"wp:term":[{"taxonomy":"category","embeddable":true,"href":"https:\/\/franciscanos.org.br\/noticias\/wp-json\/wp\/v2\/categories?post=223363"},{"taxonomy":"post_tag","embeddable":true,"href":"https:\/\/franciscanos.org.br\/noticias\/wp-json\/wp\/v2\/tags?post=223363"}],"curies":[{"name":"wp","href":"https:\/\/api.w.org\/{rel}","templated":true}]}}