{"id":223356,"date":"2020-04-24T10:44:02","date_gmt":"2020-04-24T13:44:02","guid":{"rendered":"https:\/\/franciscanos.org.br\/noticias\/?p=223356"},"modified":"2021-07-05T19:28:50","modified_gmt":"2021-07-05T22:28:50","slug":"cancelada-a-ix-caminhada-franciscana-da-juventude","status":"publish","type":"post","link":"https:\/\/franciscanos.org.br\/noticias\/cancelada-a-ix-caminhada-franciscana-da-juventude.html","title":{"rendered":"Cancelada a IX Caminhada Franciscana da Juventude"},"content":{"rendered":"<p><img loading=\"lazy\" class=\"alignnone size-full wp-image-223357\" src=\"https:\/\/franciscanos.org.br\/noticias\/wp-content\/uploads\/2020\/04\/caminhada.jpg\" alt=\"\" width=\"1004\" height=\"591\" srcset=\"https:\/\/franciscanos.org.br\/noticias\/wp-content\/uploads\/2020\/04\/caminhada.jpg 1004w, https:\/\/franciscanos.org.br\/noticias\/wp-content\/uploads\/2020\/04\/caminhada-450x265.jpg 450w, https:\/\/franciscanos.org.br\/noticias\/wp-content\/uploads\/2020\/04\/caminhada-768x452.jpg 768w, https:\/\/franciscanos.org.br\/noticias\/wp-content\/uploads\/2020\/04\/caminhada-150x88.jpg 150w\" sizes=\"(max-width: 1004px) 100vw, 1004px\" \/><\/p>\n<p>A Caminhada Franciscana da Juventude (CFJ ), promovida pelo Servi\u00e7o de Anima\u00e7\u00e3o Vocacional da Prov\u00edncia Franciscana da Imaculada Concei\u00e7\u00e3o do Brasil e que estava programada para ser realizada de 31 de julho a 2 de agosto, em Vila Velha (ES), foi cancelada pela organiza\u00e7\u00e3o.<\/p>\n<p>&#8220;Embora j\u00e1 tiv\u00e9ssemos come\u00e7ado a organizar e articular com v\u00e1rias comunidades e institui\u00e7\u00f5es a realiza\u00e7\u00e3o dessa IX edi\u00e7\u00e3o da CFJ, achamos mais sensato e prudente escolher pelo seu cancelamento, explicou Frei Diego Melo, coordenador do SAV.<\/p>\n<p>Segundo o coordenador, sabendo que um evento desse porte envolve muita gente, viagens, hospedagens em fam\u00edlias e um contato pessoal muito intenso, achou-se mais prudente decidir pelo cancelamento. &#8220;Se o objetivo de tudo o que realizamos enquanto Juventudes da prov\u00edncia \u00e9 sempre promover a vida na sua integralidade, n\u00e3o teria sentido realizar uma Caminhada Franciscana em um momento em que as orienta\u00e7\u00f5es de preserva\u00e7\u00e3o da vida s\u00e3o pautadas \u00e0 partir distanciamento social e do evitar grandes aglomera\u00e7\u00f5es&#8221;, explicou o frade.<\/p>\n<p>&#8220;Evidentemente que tal decis\u00e3o gerou uma certa frustra\u00e7\u00e3o nossa e de tantos jovens que, inclusive, j\u00e1 tinham comprado passagem para ir at\u00e9 o Esp\u00edrito Santo. No entanto, consideramos que mesmo que at\u00e9 julho a situa\u00e7\u00e3o j\u00e1 esteja melhor, n\u00e3o haveria tempo h\u00e1bil para terminamos de organizar essa CFJ nem tampouco de todos os jovens se organizarem para participar&#8221;, acrescentou Frei Diego.<\/p>\n<p>Mas como a f\u00e9 e a criatividade evangelizadora s\u00e3o maiores que essas conting\u00eancias que estamos vivendo &#8211; observou Frei Diego -, os pr\u00f3prios jovens da organiza\u00e7\u00e3o dessa CFJ j\u00e1 est\u00e3o pensando e elaborando formas de preenchermos esse vazio deixado por tal cancelamento. &#8220;Em breve divulgaremos como bem celebrar o perd\u00e3o de Assis e o encontro das Juventudes de modo seguro, interativo e n\u00e3o menos evangelizador. Afinal, o que se cancelou foi uma Caminhada, mas n\u00e3o o Caminho proposto por Jesus, de modo que o importante \u00e9 seguirmos firmes e sem parar jamais&#8221;, completou.<\/p>\n<p>A Caminhada Franciscana, que acontece desde 2012, \u00e9 um movimento onde jovens franciscanos se unem para viver o carisma de S\u00e3o Francisco de Assis, o santo da paz. A caminhada oferece um grande momento de reflex\u00e3o, supera\u00e7\u00e3o, amizade, fraternidade e alegria franciscana.<\/p>\n<p>Desde a primeira Caminhada, que reuniu apenas 36 jovens, em 60 quil\u00f4metros pelo Caminho da F\u00e9 no Vale do Para\u00edba, at\u00e9 a \u00faltima edi\u00e7\u00e3o, em Curitibanos, mais de 700 jovens se reuniram em Curitibanos (SC):<\/p>\n<p><strong>1\u00aa edi\u00e7\u00e3o:<\/strong> Guaratinguet\u00e1 (SP), 60 km, 36 participantes.<br \/>\n<strong>2\u00aa edi\u00e7\u00e3o:<\/strong> Guaratinguet\u00e1\/ Fazenda da Esperan\u00e7a (SP), 29 km, 120 participantes.<br \/>\n<strong>3\u00aa edi\u00e7\u00e3o:<\/strong> Angelina (SC), 22 km, 180 participantes.<br \/>\n<strong>4\u00aa edi\u00e7\u00e3o<\/strong>: Curitiba (PR), 20 km, 300 participantes.<br \/>\n<strong>5\u00aa edi\u00e7\u00e3o:<\/strong> Bauru\/ Agudos (SP), 50 km, 270 participantes.<br \/>\n<strong>6\u00aa edi\u00e7\u00e3o:<\/strong> Rodeio (SC), 36 km, 550 participantes.<br \/>\n<strong>7\u00aa edi\u00e7\u00e3o:<\/strong> Campos do Jord\u00e3o (SP), 38 km, 800 participantes.<br \/>\n<strong>8\u00aa edi\u00e7\u00e3o:<\/strong> Curitibanos (SC), 62 km, 700 participantes<\/p>\n","protected":false},"excerpt":{"rendered":"<p>Caminhada Franciscana da Juventude<\/p>\n","protected":false},"author":3,"featured_media":223362,"comment_status":"open","ping_status":"open","sticky":false,"template":"","format":"standard","meta":[],"categories":[1],"tags":[699,1420],"acf":[],"yoast_head":"<!-- This site is optimized with the Yoast SEO plugin v19.2 - https:\/\/yoast.com\/wordpress\/plugins\/seo\/ -->\n<title>Cancelada a IX Caminhada Franciscana da Juventude - Not\u00edcias - Franciscanos<\/title>\n<meta name=\"robots\" content=\"index, follow, max-snippet:-1, max-image-preview:large, max-video-preview:-1\" \/>\n<link rel=\"canonical\" href=\"https:\/\/franciscanos.org.br\/noticias\/cancelada-a-ix-caminhada-franciscana-da-juventude.html\" \/>\n<meta property=\"og:locale\" content=\"pt_BR\" \/>\n<meta property=\"og:type\" content=\"article\" \/>\n<meta property=\"og:title\" content=\"Cancelada a IX Caminhada Franciscana da Juventude - Not\u00edcias - Franciscanos\" \/>\n<meta property=\"og:description\" content=\"Caminhada Franciscana da Juventude\" \/>\n<meta property=\"og:url\" content=\"https:\/\/franciscanos.org.br\/noticias\/cancelada-a-ix-caminhada-franciscana-da-juventude.html\" \/>\n<meta property=\"og:site_name\" content=\"Not\u00edcias - Franciscanos\" \/>\n<meta property=\"article:published_time\" content=\"2020-04-24T13:44:02+00:00\" \/>\n<meta property=\"article:modified_time\" content=\"2021-07-05T22:28:50+00:00\" \/>\n<meta property=\"og:image\" content=\"https:\/\/franciscanos.org.br\/noticias\/wp-content\/uploads\/2020\/04\/CAMINHADA_d.jpg\" \/>\n\t<meta property=\"og:image:width\" content=\"800\" \/>\n\t<meta property=\"og:image:height\" content=\"534\" \/>\n\t<meta property=\"og:image:type\" content=\"image\/jpeg\" \/>\n<meta name=\"author\" content=\"moacir\" \/>\n<meta name=\"twitter:card\" content=\"summary_large_image\" \/>\n<meta name=\"twitter:label1\" content=\"Escrito por\" \/>\n\t<meta name=\"twitter:data1\" content=\"moacir\" \/>\n\t<meta name=\"twitter:label2\" content=\"Est. tempo de leitura\" \/>\n\t<meta name=\"twitter:data2\" content=\"2 minutos\" \/>\n<script type=\"application\/ld+json\" class=\"yoast-schema-graph\">{\"@context\":\"https:\/\/schema.org\",\"@graph\":[{\"@type\":\"WebSite\",\"@id\":\"https:\/\/franciscanos.org.br\/noticias\/#website\",\"url\":\"https:\/\/franciscanos.org.br\/noticias\/\",\"name\":\"Not\u00edcias - Franciscanos\",\"description\":\"Prov\u00edncia Franciscana da Imaculada Concei\u00e7\u00e3o do Brasil - Ordem dos Frades Menores - OFM\",\"potentialAction\":[{\"@type\":\"SearchAction\",\"target\":{\"@type\":\"EntryPoint\",\"urlTemplate\":\"https:\/\/franciscanos.org.br\/noticias\/?s={search_term_string}\"},\"query-input\":\"required name=search_term_string\"}],\"inLanguage\":\"pt-BR\"},{\"@type\":\"ImageObject\",\"inLanguage\":\"pt-BR\",\"@id\":\"https:\/\/franciscanos.org.br\/noticias\/cancelada-a-ix-caminhada-franciscana-da-juventude.html#primaryimage\",\"url\":\"https:\/\/franciscanos.org.br\/noticias\/wp-content\/uploads\/2020\/04\/CAMINHADA_d.jpg\",\"contentUrl\":\"https:\/\/franciscanos.org.br\/noticias\/wp-content\/uploads\/2020\/04\/CAMINHADA_d.jpg\",\"width\":800,\"height\":534},{\"@type\":\"WebPage\",\"@id\":\"https:\/\/franciscanos.org.br\/noticias\/cancelada-a-ix-caminhada-franciscana-da-juventude.html#webpage\",\"url\":\"https:\/\/franciscanos.org.br\/noticias\/cancelada-a-ix-caminhada-franciscana-da-juventude.html\",\"name\":\"Cancelada a IX Caminhada Franciscana da Juventude - Not\u00edcias - Franciscanos\",\"isPartOf\":{\"@id\":\"https:\/\/franciscanos.org.br\/noticias\/#website\"},\"primaryImageOfPage\":{\"@id\":\"https:\/\/franciscanos.org.br\/noticias\/cancelada-a-ix-caminhada-franciscana-da-juventude.html#primaryimage\"},\"datePublished\":\"2020-04-24T13:44:02+00:00\",\"dateModified\":\"2021-07-05T22:28:50+00:00\",\"author\":{\"@id\":\"https:\/\/franciscanos.org.br\/noticias\/#\/schema\/person\/b5c8cba458c330ccff548b056e95a5d4\"},\"breadcrumb\":{\"@id\":\"https:\/\/franciscanos.org.br\/noticias\/cancelada-a-ix-caminhada-franciscana-da-juventude.html#breadcrumb\"},\"inLanguage\":\"pt-BR\",\"potentialAction\":[{\"@type\":\"ReadAction\",\"target\":[\"https:\/\/franciscanos.org.br\/noticias\/cancelada-a-ix-caminhada-franciscana-da-juventude.html\"]}]},{\"@type\":\"BreadcrumbList\",\"@id\":\"https:\/\/franciscanos.org.br\/noticias\/cancelada-a-ix-caminhada-franciscana-da-juventude.html#breadcrumb\",\"itemListElement\":[{\"@type\":\"ListItem\",\"position\":1,\"name\":\"Home\",\"item\":\"https:\/\/franciscanos.org.br\/noticias\"},{\"@type\":\"ListItem\",\"position\":2,\"name\":\"Cancelada a IX Caminhada Franciscana da Juventude\"}]},{\"@type\":\"Person\",\"@id\":\"https:\/\/franciscanos.org.br\/noticias\/#\/schema\/person\/b5c8cba458c330ccff548b056e95a5d4\",\"name\":\"moacir\",\"image\":{\"@type\":\"ImageObject\",\"inLanguage\":\"pt-BR\",\"@id\":\"https:\/\/franciscanos.org.br\/noticias\/#\/schema\/person\/image\/\",\"url\":\"https:\/\/secure.gravatar.com\/avatar\/d08aa2ce4c8dd416d4479aa8536fcf64?s=96&d=mm&r=g\",\"contentUrl\":\"https:\/\/secure.gravatar.com\/avatar\/d08aa2ce4c8dd416d4479aa8536fcf64?s=96&d=mm&r=g\",\"caption\":\"moacir\"},\"url\":\"https:\/\/franciscanos.org.br\/noticias\/author\/moacir\"}]}<\/script>\n<!-- \/ Yoast SEO plugin. -->","yoast_head_json":{"title":"Cancelada a IX Caminhada Franciscana da Juventude - Not\u00edcias - Franciscanos","robots":{"index":"index","follow":"follow","max-snippet":"max-snippet:-1","max-image-preview":"max-image-preview:large","max-video-preview":"max-video-preview:-1"},"canonical":"https:\/\/franciscanos.org.br\/noticias\/cancelada-a-ix-caminhada-franciscana-da-juventude.html","og_locale":"pt_BR","og_type":"article","og_title":"Cancelada a IX Caminhada Franciscana da Juventude - Not\u00edcias - Franciscanos","og_description":"Caminhada Franciscana da Juventude","og_url":"https:\/\/franciscanos.org.br\/noticias\/cancelada-a-ix-caminhada-franciscana-da-juventude.html","og_site_name":"Not\u00edcias - Franciscanos","article_published_time":"2020-04-24T13:44:02+00:00","article_modified_time":"2021-07-05T22:28:50+00:00","og_image":[{"width":800,"height":534,"url":"https:\/\/franciscanos.org.br\/noticias\/wp-content\/uploads\/2020\/04\/CAMINHADA_d.jpg","type":"image\/jpeg"}],"author":"moacir","twitter_card":"summary_large_image","twitter_misc":{"Escrito por":"moacir","Est. tempo de leitura":"2 minutos"},"schema":{"@context":"https:\/\/schema.org","@graph":[{"@type":"WebSite","@id":"https:\/\/franciscanos.org.br\/noticias\/#website","url":"https:\/\/franciscanos.org.br\/noticias\/","name":"Not\u00edcias - Franciscanos","description":"Prov\u00edncia Franciscana da Imaculada Concei\u00e7\u00e3o do Brasil - Ordem dos Frades Menores - OFM","potentialAction":[{"@type":"SearchAction","target":{"@type":"EntryPoint","urlTemplate":"https:\/\/franciscanos.org.br\/noticias\/?s={search_term_string}"},"query-input":"required name=search_term_string"}],"inLanguage":"pt-BR"},{"@type":"ImageObject","inLanguage":"pt-BR","@id":"https:\/\/franciscanos.org.br\/noticias\/cancelada-a-ix-caminhada-franciscana-da-juventude.html#primaryimage","url":"https:\/\/franciscanos.org.br\/noticias\/wp-content\/uploads\/2020\/04\/CAMINHADA_d.jpg","contentUrl":"https:\/\/franciscanos.org.br\/noticias\/wp-content\/uploads\/2020\/04\/CAMINHADA_d.jpg","width":800,"height":534},{"@type":"WebPage","@id":"https:\/\/franciscanos.org.br\/noticias\/cancelada-a-ix-caminhada-franciscana-da-juventude.html#webpage","url":"https:\/\/franciscanos.org.br\/noticias\/cancelada-a-ix-caminhada-franciscana-da-juventude.html","name":"Cancelada a IX Caminhada Franciscana da Juventude - Not\u00edcias - Franciscanos","isPartOf":{"@id":"https:\/\/franciscanos.org.br\/noticias\/#website"},"primaryImageOfPage":{"@id":"https:\/\/franciscanos.org.br\/noticias\/cancelada-a-ix-caminhada-franciscana-da-juventude.html#primaryimage"},"datePublished":"2020-04-24T13:44:02+00:00","dateModified":"2021-07-05T22:28:50+00:00","author":{"@id":"https:\/\/franciscanos.org.br\/noticias\/#\/schema\/person\/b5c8cba458c330ccff548b056e95a5d4"},"breadcrumb":{"@id":"https:\/\/franciscanos.org.br\/noticias\/cancelada-a-ix-caminhada-franciscana-da-juventude.html#breadcrumb"},"inLanguage":"pt-BR","potentialAction":[{"@type":"ReadAction","target":["https:\/\/franciscanos.org.br\/noticias\/cancelada-a-ix-caminhada-franciscana-da-juventude.html"]}]},{"@type":"BreadcrumbList","@id":"https:\/\/franciscanos.org.br\/noticias\/cancelada-a-ix-caminhada-franciscana-da-juventude.html#breadcrumb","itemListElement":[{"@type":"ListItem","position":1,"name":"Home","item":"https:\/\/franciscanos.org.br\/noticias"},{"@type":"ListItem","position":2,"name":"Cancelada a IX Caminhada Franciscana da Juventude"}]},{"@type":"Person","@id":"https:\/\/franciscanos.org.br\/noticias\/#\/schema\/person\/b5c8cba458c330ccff548b056e95a5d4","name":"moacir","image":{"@type":"ImageObject","inLanguage":"pt-BR","@id":"https:\/\/franciscanos.org.br\/noticias\/#\/schema\/person\/image\/","url":"https:\/\/secure.gravatar.com\/avatar\/d08aa2ce4c8dd416d4479aa8536fcf64?s=96&d=mm&r=g","contentUrl":"https:\/\/secure.gravatar.com\/avatar\/d08aa2ce4c8dd416d4479aa8536fcf64?s=96&d=mm&r=g","caption":"moacir"},"url":"https:\/\/franciscanos.org.br\/noticias\/author\/moacir"}]}},"_links":{"self":[{"href":"https:\/\/franciscanos.org.br\/noticias\/wp-json\/wp\/v2\/posts\/223356"}],"collection":[{"href":"https:\/\/franciscanos.org.br\/noticias\/wp-json\/wp\/v2\/posts"}],"about":[{"href":"https:\/\/franciscanos.org.br\/noticias\/wp-json\/wp\/v2\/types\/post"}],"author":[{"embeddable":true,"href":"https:\/\/franciscanos.org.br\/noticias\/wp-json\/wp\/v2\/users\/3"}],"replies":[{"embeddable":true,"href":"https:\/\/franciscanos.org.br\/noticias\/wp-json\/wp\/v2\/comments?post=223356"}],"version-history":[{"count":3,"href":"https:\/\/franciscanos.org.br\/noticias\/wp-json\/wp\/v2\/posts\/223356\/revisions"}],"predecessor-version":[{"id":223361,"href":"https:\/\/franciscanos.org.br\/noticias\/wp-json\/wp\/v2\/posts\/223356\/revisions\/223361"}],"wp:featuredmedia":[{"embeddable":true,"href":"https:\/\/franciscanos.org.br\/noticias\/wp-json\/wp\/v2\/media\/223362"}],"wp:attachment":[{"href":"https:\/\/franciscanos.org.br\/noticias\/wp-json\/wp\/v2\/media?parent=223356"}],"wp:term":[{"taxonomy":"category","embeddable":true,"href":"https:\/\/franciscanos.org.br\/noticias\/wp-json\/wp\/v2\/categories?post=223356"},{"taxonomy":"post_tag","embeddable":true,"href":"https:\/\/franciscanos.org.br\/noticias\/wp-json\/wp\/v2\/tags?post=223356"}],"curies":[{"name":"wp","href":"https:\/\/api.w.org\/{rel}","templated":true}]}}