{"id":223352,"date":"2020-04-24T06:43:06","date_gmt":"2020-04-24T09:43:06","guid":{"rendered":"https:\/\/franciscanos.org.br\/noticias\/?p=223352"},"modified":"2020-06-06T12:03:14","modified_gmt":"2020-06-06T15:03:14","slug":"papa-reza-pelos-professores-e-alunos-neste-tempo-de-pandemia","status":"publish","type":"post","link":"https:\/\/franciscanos.org.br\/noticias\/papa-reza-pelos-professores-e-alunos-neste-tempo-de-pandemia.html","title":{"rendered":"Papa reza pelos professores e alunos neste tempo de pandemia"},"content":{"rendered":"<p><img loading=\"lazy\" class=\"alignnone size-full wp-image-223353\" src=\"https:\/\/franciscanos.org.br\/noticias\/wp-content\/uploads\/2020\/04\/marta_2404.jpg\" alt=\"\" width=\"1280\" height=\"733\" srcset=\"https:\/\/franciscanos.org.br\/noticias\/wp-content\/uploads\/2020\/04\/marta_2404.jpg 1280w, https:\/\/franciscanos.org.br\/noticias\/wp-content\/uploads\/2020\/04\/marta_2404-450x258.jpg 450w, https:\/\/franciscanos.org.br\/noticias\/wp-content\/uploads\/2020\/04\/marta_2404-1024x586.jpg 1024w, https:\/\/franciscanos.org.br\/noticias\/wp-content\/uploads\/2020\/04\/marta_2404-768x440.jpg 768w, https:\/\/franciscanos.org.br\/noticias\/wp-content\/uploads\/2020\/04\/marta_2404-150x86.jpg 150w\" sizes=\"(max-width: 1280px) 100vw, 1280px\" \/><\/p>\n<p><strong>Cidade do Vaticano<\/strong> &#8211; O Papa Francisco presidiu a Missa na Casa Santa Marta, no Vaticano, na manh\u00e3 desta sexta-feira (24\/04) da II Semana da P\u00e1scoa. Na introdu\u00e7\u00e3o, dirigiu seu pensamento ao mundo escolar atingido pelo novo coronav\u00edrus:<\/p>\n<p>Rezemos hoje pelos professores que t\u00eam que trabalhar muito para dar aulas atrav\u00e9s da internet e de outros recursos midi\u00e1ticos e rezemos pelos estudantes que t\u00eam que fazer as provas num modo no qual n\u00e3o est\u00e3o acostumados. Acompanhemos todos eles com a ora\u00e7\u00e3o.<\/p>\n<p>Na homilia, o Papa comentou o Evangelho do dia (Jo 6,1-15) que narra a multiplica\u00e7\u00e3o dos p\u00e3es e dos peixes. Jesus coloca \u00e0 prova os ap\u00f3stolos que n\u00e3o sabem como alimentar a grande multid\u00e3o que os acompanha: os faz crescer. Jesus \u2013 afirmou Francisco \u2013 gostava muito de estar no meio da multid\u00e3o. Os disc\u00edpulos, nem tanto: e os corrigia. Jesus buscava a proximidade com as pessoas e ensinava os pastores a estar pr\u00f3ximo delas. O povo de Deus cansa \u2013 ressaltou \u2013 porque sempre pede aos pastores coisas concretas e o pastor deve cuidar daquilo que o povo pede. Jesus diz aos disc\u00edpulos: \u201cDai v\u00f3s mesmos de comer\u201d. E diz isso novamente hoje aos pastores: dar, dar \u00e0s pessoas. Depois Jesus vai rezar ao Pai. Essa d\u00faplice proximidade do pastor: ao Pai e \u00e0s pessoas. Ap\u00f3s a multiplica\u00e7\u00e3o dos p\u00e3es e dos peixes, a multid\u00e3o quer levar Jesus para proclam\u00e1-lo rei. Talvez \u2013 observou o Papa \u2013 algum ap\u00f3stolo ficasse contente em aproveitar esta ocasi\u00e3o para adquirir o poder: uma tenta\u00e7\u00e3o. Mas o poder do pastor \u2013 disse Francisco \u2013 \u00e9 o servi\u00e7o e quando erra sobre esse ponto o pastor estraga a voca\u00e7\u00e3o e se torna administrador de empresas pastorais, mas n\u00e3o pastor. Rezemos pelos pastores \u2013 foi a ora\u00e7\u00e3o conclusiva do Papa \u2013 para que o Senhor nos ensine a n\u00e3o ter medo de estar pr\u00f3ximo de Seu povo.<\/p>\n<p>A seguir, o texto da homilia transcrita pelo <em>Vatican News:<\/em><\/p>\n<p>Esta frase dessa passagem nos leva a pensar: \u201cDisse isso para p\u00f4-lo \u00e0 prova, pois ele mesmo sabia muito bem o que ia fazer\u201d. \u00c9 o que Jesus tinha em mente quando disse: \u201cOnde vamos comprar p\u00e3o para que eles possam comer?\u201d Mas disse isso para p\u00f4-lo \u00e0 prova. Ele sabia. Aqui se v\u00ea a atitude de Jesus com os ap\u00f3stolos. Continuamente os colocava \u00e0 prova para ensin\u00e1-los e, quando eles estavam fora do limite e fora daquela fun\u00e7\u00e3o que deviam desempenhar, detinha-os e os ensinava.<\/p>\n<p>O Evangelho \u00e9 repleto desses gestos de Jesus a fim de fazer seus ap\u00f3stolos crescerem para tornar-se pastores do povo de Deus, neste caso bispos, pastores do povo de Deus. E uma das coisas de que Jesus mais gostava era estar com a multid\u00e3o porque tamb\u00e9m esse \u00e9 um s\u00edmbolo da universalidade da reden\u00e7\u00e3o. E uma das coisas que menos agradava os ap\u00f3stolos era a multid\u00e3o porque eles gostavam de estar pr\u00f3ximos do Senhor, ouvir o Senhor, ouvir tudo aquilo que o Senhor dizia. Nesta ocasi\u00e3o foram ali passar um dia de repouso \u2013 dizem as outras vers\u00f5es nos outros Evangelhos, porque todos os quatro falam disso&#8230; talvez duas multiplica\u00e7\u00f5es dos p\u00e3es \u2013 e vinham de uma miss\u00e3o e o Senhor disse: \u201cVamos repousar-nos um pouco\u201d. E foram ali e as pessoas se deram conta de para onde iam pelo mar, deram a volta e ali os esperavam. E os disc\u00edpulos n\u00e3o estavam contentes porque as pessoas tinham estragado aquele \u201cdia de festa\u201d, n\u00e3o podiam fazer esta festa com o Senhor. N\u00e3o obstante (isso), Jesus come\u00e7ava a ensinar, eles escutavam, depois falavam entre si e passavam horas, horas, horas, Jesus falava e as pessoas felizes. E eles diziam: \u201cA nossa festa foi estragada, o nosso repouso tamb\u00e9m\u201d.<\/p>\n<p>Mas o Senhor buscava a proximidade com as pessoas e buscava formar o cora\u00e7\u00e3o dos pastores \u00e0 proximidade com o povo de Deus para servi-lo. E eles, \u00e9 o que se entende, foram eleitos e se sentiam de certo modo um c\u00edrculo privilegiado, uma classe privilegiada, \u201cuma aristocracia\u201d, digamos assim, pr\u00f3xima do Senhor, e muitas vezes o Senhor fazia gestos para corrigi-los. Por exemplo, pensemos com as crian\u00e7as. Eles protegiam o Senhor: \u201cN\u00e3o, n\u00e3o, n\u00e3o, n\u00e3o aproximem as crian\u00e7as, que importunam, incomodam&#8230; N\u00e3o, as crian\u00e7as (fiquem) com os pais. E Jesus? \u201cDeixai vir a mim as criancinhas\u201d. E eles n\u00e3o entendiam. Entenderam mais tarde. Penso depois no caminho rumo a Jeric\u00f3, aquele que gritava: \u201cJesus, filho de Davi, tende piedade de mim\u201d. E eles: \u201csil\u00eancio, que o Senhor est\u00e1 passando, n\u00e3o o incomodem\u201d. E Jesus diz: \u201cMas quem \u00e9 aquele? Fazei-o vir a mim\u201d. Outra vez o Senhor. E assim os ensinava aquela proximidade ao povo de Deus.<\/p>\n<p>\u00c9 verdade que o povo de Deus cansa o pastor, cansa: quando se tem um bom pastor as coisas se multiplicam, porque as pessoas v\u00e3o sempre at\u00e9 o bom pastor por um motivo, por outro. Uma vez, um grande p\u00e1roco de um bairro simples, humilde, da diocese&#8230; tinha a casa paroquial como uma casa normal e as pessoas batiam \u00e0 porta ou batiam \u00e0 janela, a qualquer hora&#8230; e uma vez me disse: \u201cEu gostaria de murar a porta e a janela para que me deixassem repousar\u201d. Mas ele se dava conta de que era pastor e devia estar com as pessoas. E Jesus forma, ensina os disc\u00edpulos, os ap\u00f3stolos essa atitude pastoral que \u00e9 a proximidade ao povo de Deus.<\/p>\n<p>E o povo de Deus cansa, porque sempre nos pede coisas concretas, sempre lhe pede algo concreto, talvez erroneamente, mas pede coisas concretas. E o pastor deve cuidar dessas coisas. A vers\u00e3o dos outros evangelistas quando mostram Jesus que as horas passaram e as pessoas tinham que ir embora porque come\u00e7ava a escurecer e dizem assim: \u201cDespedi as pessoas para que possam ir comprar de comer\u201d, propriamente no momento da escurid\u00e3o, quando come\u00e7ava a escurid\u00e3o&#8230; Mas o que eles tinham em mente? Ao menos fazer um pouco de festa entre eles. Aquele ego\u00edsmo, n\u00e3o mau, mas se entende, para estar com o pastor, estar com Jesus que \u00e9 o grande pastor, e Jesus responde, para coloca-os \u00e0 prova: \u201cDai v\u00f3s mesmos de comer\u201d. E isso \u00e9 o que Jesus diz hoje a todos os pastores: \u201cDai v\u00f3s mesmos de comer\u201d. \u201cEst\u00e3o angustiados? Dai-vos a consola\u00e7\u00e3o? Est\u00e3o esmorecidos? Dai-vos uma sa\u00edda. Est\u00e3o errados? Dai-vos para resolver os problemas&#8230; Dai-vos&#8230;\u201d E o pobre ap\u00f3stolo sente que deve dar, dar, dar, mas de quem recebe? Jesus nos ensina, do mesmo de quem Jesus recebia.<\/p>\n<p>Depois disso, despede os ap\u00f3stolos e vai rezar, ao Pai, a ora\u00e7\u00e3o. Essa d\u00faplice proximidade do pastor \u00e9 o que Jesus procura ajudar os ap\u00f3stolos a entender para que se tornem grandes pastores. Mas muitas vezes a multid\u00e3o erra e a\u00ed errou. \u201cEnt\u00e3o as pessoas, vendo o sinal que tinha realizado, diziam: \u201cEste \u00e9 verdadeiramente o Profeta, aquele que deve vir ao mundo\u201d. Mas, quando notou que estavam querendo lev\u00e1-lo para proclam\u00e1-lo rei, Jesus retirou-se de novo. Talvez \u2013 o Evangelho diz n\u00e3o isso \u2013 algu\u00e9m dos ap\u00f3stolos lhe teria dito: \u201cMas Senhor, aproveitemos disso e tomemos o poder\u201d. Outra tenta\u00e7\u00e3o. E Jesus lhe mostra que aquele n\u00e3o \u00e9 o caminho.<\/p>\n<p>O poder do pastor \u00e9 o servi\u00e7o, n\u00e3o h\u00e1 outro poder e quando erra sobre outro poder estraga a voca\u00e7\u00e3o e se tornam, n\u00e3o sei, administradores de empresas pastorais, mas n\u00e3o pastores. A estrutura n\u00e3o faz pastoral: \u00e9 o cora\u00e7\u00e3o do pastor o que faz a pastoral. Pe\u00e7amos hoje ao Senhor pelos pastores da Igreja para que o Senhor lhes fale sempre, porque os ama muito: nos fale sempre, nos diga como as coisas est\u00e3o, nos explique e, sobretudo, nos ensine a n\u00e3o ter medo do povo de Deus, a n\u00e3o ter medo de estar pr\u00f3ximo.<\/p>\n<p>O Santo Padre terminou a celebra\u00e7\u00e3o com a adora\u00e7\u00e3o e a b\u00ean\u00e7\u00e3o eucar\u00edstica, convidando a fazer a Comunh\u00e3o espiritual. A seguir, a ora\u00e7\u00e3o recitada pelo Papa:<\/p>\n<p style=\"padding-left: 40px;\"><em>Meu Jesus, eu creio que estais presente no Sant\u00edssimo Sacramento do Altar. Amo-vos sobre todas as coisas, e minha alma suspira por V\u00f3s. Mas, como n\u00e3o posso receber-Vos agora no Sant\u00edssimo Sacramento, vinde, ao menos espiritualmente, a meu cora\u00e7\u00e3o. Abra\u00e7o-me convosco como se j\u00e1 estiv\u00e9sseis comigo: uno-me Convosco inteiramente. Ah! n\u00e3o permitais que torne a separar-me de V\u00f3s!<\/em><\/p>\n<p>Antes de deixar a Capela dedicada ao Esp\u00edrito Santo foi entoada a ant\u00edfona mariana \u201cRegina caeli\u201d, cantada no tempo pascal:<\/p>\n<p style=\"padding-left: 40px;\"><em>Rainha dos c\u00e9us, alegrai-vos. Aleluia!<\/em><\/p>\n<p style=\"padding-left: 40px;\"><em>Porque Aquele que merecestes trazer em vosso seio. Aleluia!<\/em><\/p>\n<p style=\"padding-left: 40px;\"><em>Ressuscitou como disse. Aleluia!<\/em><\/p>\n<p style=\"padding-left: 40px;\"><em>Rogai por n\u00f3s a Deus. Aleluia!<\/em><\/p>\n<p style=\"padding-left: 40px;\"><em>D.\/ Alegrai-vos e exultai, \u00f3 Virgem Maria. Aleluia!<\/em><\/p>\n<p style=\"padding-left: 40px;\"><em>C.\/ Porque o Senhor ressuscitou, verdadeiramente. Aleluia!<\/em><\/p>\n<hr \/>\n<p><em>Fonte: Vatican News<\/em><\/p>\n","protected":false},"excerpt":{"rendered":"<p>Missa em Santa Marta<\/p>\n","protected":false},"author":3,"featured_media":223354,"comment_status":"open","ping_status":"open","sticky":false,"template":"","format":"standard","meta":[],"categories":[1428],"tags":[1586],"acf":[],"yoast_head":"<!-- This site is optimized with the Yoast SEO plugin v19.2 - https:\/\/yoast.com\/wordpress\/plugins\/seo\/ -->\n<title>Papa reza pelos professores e alunos neste tempo de pandemia - Not\u00edcias - Franciscanos<\/title>\n<meta name=\"robots\" content=\"index, follow, max-snippet:-1, max-image-preview:large, max-video-preview:-1\" \/>\n<link rel=\"canonical\" href=\"https:\/\/franciscanos.org.br\/noticias\/papa-reza-pelos-professores-e-alunos-neste-tempo-de-pandemia.html\" \/>\n<meta property=\"og:locale\" content=\"pt_BR\" \/>\n<meta property=\"og:type\" content=\"article\" \/>\n<meta property=\"og:title\" content=\"Papa reza pelos professores e alunos neste tempo de pandemia - Not\u00edcias - Franciscanos\" \/>\n<meta property=\"og:description\" content=\"Missa em Santa Marta\" \/>\n<meta property=\"og:url\" content=\"https:\/\/franciscanos.org.br\/noticias\/papa-reza-pelos-professores-e-alunos-neste-tempo-de-pandemia.html\" \/>\n<meta property=\"og:site_name\" content=\"Not\u00edcias - Franciscanos\" \/>\n<meta property=\"article:published_time\" content=\"2020-04-24T09:43:06+00:00\" \/>\n<meta property=\"article:modified_time\" content=\"2020-06-06T15:03:14+00:00\" \/>\n<meta property=\"og:image\" content=\"https:\/\/franciscanos.org.br\/noticias\/wp-content\/uploads\/2020\/04\/marta_2304d-1.jpg\" \/>\n\t<meta property=\"og:image:width\" content=\"800\" \/>\n\t<meta property=\"og:image:height\" content=\"600\" \/>\n\t<meta property=\"og:image:type\" content=\"image\/jpeg\" \/>\n<meta name=\"author\" content=\"moacir\" \/>\n<meta name=\"twitter:card\" content=\"summary_large_image\" \/>\n<meta name=\"twitter:label1\" content=\"Escrito por\" \/>\n\t<meta name=\"twitter:data1\" content=\"moacir\" \/>\n\t<meta name=\"twitter:label2\" content=\"Est. tempo de leitura\" \/>\n\t<meta name=\"twitter:data2\" content=\"8 minutos\" \/>\n<script type=\"application\/ld+json\" class=\"yoast-schema-graph\">{\"@context\":\"https:\/\/schema.org\",\"@graph\":[{\"@type\":\"WebSite\",\"@id\":\"https:\/\/franciscanos.org.br\/noticias\/#website\",\"url\":\"https:\/\/franciscanos.org.br\/noticias\/\",\"name\":\"Not\u00edcias - Franciscanos\",\"description\":\"Prov\u00edncia Franciscana da Imaculada Concei\u00e7\u00e3o do Brasil - Ordem dos Frades Menores - OFM\",\"potentialAction\":[{\"@type\":\"SearchAction\",\"target\":{\"@type\":\"EntryPoint\",\"urlTemplate\":\"https:\/\/franciscanos.org.br\/noticias\/?s={search_term_string}\"},\"query-input\":\"required name=search_term_string\"}],\"inLanguage\":\"pt-BR\"},{\"@type\":\"ImageObject\",\"inLanguage\":\"pt-BR\",\"@id\":\"https:\/\/franciscanos.org.br\/noticias\/papa-reza-pelos-professores-e-alunos-neste-tempo-de-pandemia.html#primaryimage\",\"url\":\"https:\/\/franciscanos.org.br\/noticias\/wp-content\/uploads\/2020\/04\/marta_2304d-1.jpg\",\"contentUrl\":\"https:\/\/franciscanos.org.br\/noticias\/wp-content\/uploads\/2020\/04\/marta_2304d-1.jpg\",\"width\":800,\"height\":600},{\"@type\":\"WebPage\",\"@id\":\"https:\/\/franciscanos.org.br\/noticias\/papa-reza-pelos-professores-e-alunos-neste-tempo-de-pandemia.html#webpage\",\"url\":\"https:\/\/franciscanos.org.br\/noticias\/papa-reza-pelos-professores-e-alunos-neste-tempo-de-pandemia.html\",\"name\":\"Papa reza pelos professores e alunos neste tempo de pandemia - Not\u00edcias - Franciscanos\",\"isPartOf\":{\"@id\":\"https:\/\/franciscanos.org.br\/noticias\/#website\"},\"primaryImageOfPage\":{\"@id\":\"https:\/\/franciscanos.org.br\/noticias\/papa-reza-pelos-professores-e-alunos-neste-tempo-de-pandemia.html#primaryimage\"},\"datePublished\":\"2020-04-24T09:43:06+00:00\",\"dateModified\":\"2020-06-06T15:03:14+00:00\",\"author\":{\"@id\":\"https:\/\/franciscanos.org.br\/noticias\/#\/schema\/person\/b5c8cba458c330ccff548b056e95a5d4\"},\"breadcrumb\":{\"@id\":\"https:\/\/franciscanos.org.br\/noticias\/papa-reza-pelos-professores-e-alunos-neste-tempo-de-pandemia.html#breadcrumb\"},\"inLanguage\":\"pt-BR\",\"potentialAction\":[{\"@type\":\"ReadAction\",\"target\":[\"https:\/\/franciscanos.org.br\/noticias\/papa-reza-pelos-professores-e-alunos-neste-tempo-de-pandemia.html\"]}]},{\"@type\":\"BreadcrumbList\",\"@id\":\"https:\/\/franciscanos.org.br\/noticias\/papa-reza-pelos-professores-e-alunos-neste-tempo-de-pandemia.html#breadcrumb\",\"itemListElement\":[{\"@type\":\"ListItem\",\"position\":1,\"name\":\"Home\",\"item\":\"https:\/\/franciscanos.org.br\/noticias\"},{\"@type\":\"ListItem\",\"position\":2,\"name\":\"Papa reza pelos professores e alunos neste tempo de pandemia\"}]},{\"@type\":\"Person\",\"@id\":\"https:\/\/franciscanos.org.br\/noticias\/#\/schema\/person\/b5c8cba458c330ccff548b056e95a5d4\",\"name\":\"moacir\",\"image\":{\"@type\":\"ImageObject\",\"inLanguage\":\"pt-BR\",\"@id\":\"https:\/\/franciscanos.org.br\/noticias\/#\/schema\/person\/image\/\",\"url\":\"https:\/\/secure.gravatar.com\/avatar\/d08aa2ce4c8dd416d4479aa8536fcf64?s=96&d=mm&r=g\",\"contentUrl\":\"https:\/\/secure.gravatar.com\/avatar\/d08aa2ce4c8dd416d4479aa8536fcf64?s=96&d=mm&r=g\",\"caption\":\"moacir\"},\"url\":\"https:\/\/franciscanos.org.br\/noticias\/author\/moacir\"}]}<\/script>\n<!-- \/ Yoast SEO plugin. -->","yoast_head_json":{"title":"Papa reza pelos professores e alunos neste tempo de pandemia - Not\u00edcias - Franciscanos","robots":{"index":"index","follow":"follow","max-snippet":"max-snippet:-1","max-image-preview":"max-image-preview:large","max-video-preview":"max-video-preview:-1"},"canonical":"https:\/\/franciscanos.org.br\/noticias\/papa-reza-pelos-professores-e-alunos-neste-tempo-de-pandemia.html","og_locale":"pt_BR","og_type":"article","og_title":"Papa reza pelos professores e alunos neste tempo de pandemia - Not\u00edcias - Franciscanos","og_description":"Missa em Santa Marta","og_url":"https:\/\/franciscanos.org.br\/noticias\/papa-reza-pelos-professores-e-alunos-neste-tempo-de-pandemia.html","og_site_name":"Not\u00edcias - Franciscanos","article_published_time":"2020-04-24T09:43:06+00:00","article_modified_time":"2020-06-06T15:03:14+00:00","og_image":[{"width":800,"height":600,"url":"https:\/\/franciscanos.org.br\/noticias\/wp-content\/uploads\/2020\/04\/marta_2304d-1.jpg","type":"image\/jpeg"}],"author":"moacir","twitter_card":"summary_large_image","twitter_misc":{"Escrito por":"moacir","Est. tempo de leitura":"8 minutos"},"schema":{"@context":"https:\/\/schema.org","@graph":[{"@type":"WebSite","@id":"https:\/\/franciscanos.org.br\/noticias\/#website","url":"https:\/\/franciscanos.org.br\/noticias\/","name":"Not\u00edcias - Franciscanos","description":"Prov\u00edncia Franciscana da Imaculada Concei\u00e7\u00e3o do Brasil - Ordem dos Frades Menores - OFM","potentialAction":[{"@type":"SearchAction","target":{"@type":"EntryPoint","urlTemplate":"https:\/\/franciscanos.org.br\/noticias\/?s={search_term_string}"},"query-input":"required name=search_term_string"}],"inLanguage":"pt-BR"},{"@type":"ImageObject","inLanguage":"pt-BR","@id":"https:\/\/franciscanos.org.br\/noticias\/papa-reza-pelos-professores-e-alunos-neste-tempo-de-pandemia.html#primaryimage","url":"https:\/\/franciscanos.org.br\/noticias\/wp-content\/uploads\/2020\/04\/marta_2304d-1.jpg","contentUrl":"https:\/\/franciscanos.org.br\/noticias\/wp-content\/uploads\/2020\/04\/marta_2304d-1.jpg","width":800,"height":600},{"@type":"WebPage","@id":"https:\/\/franciscanos.org.br\/noticias\/papa-reza-pelos-professores-e-alunos-neste-tempo-de-pandemia.html#webpage","url":"https:\/\/franciscanos.org.br\/noticias\/papa-reza-pelos-professores-e-alunos-neste-tempo-de-pandemia.html","name":"Papa reza pelos professores e alunos neste tempo de pandemia - Not\u00edcias - Franciscanos","isPartOf":{"@id":"https:\/\/franciscanos.org.br\/noticias\/#website"},"primaryImageOfPage":{"@id":"https:\/\/franciscanos.org.br\/noticias\/papa-reza-pelos-professores-e-alunos-neste-tempo-de-pandemia.html#primaryimage"},"datePublished":"2020-04-24T09:43:06+00:00","dateModified":"2020-06-06T15:03:14+00:00","author":{"@id":"https:\/\/franciscanos.org.br\/noticias\/#\/schema\/person\/b5c8cba458c330ccff548b056e95a5d4"},"breadcrumb":{"@id":"https:\/\/franciscanos.org.br\/noticias\/papa-reza-pelos-professores-e-alunos-neste-tempo-de-pandemia.html#breadcrumb"},"inLanguage":"pt-BR","potentialAction":[{"@type":"ReadAction","target":["https:\/\/franciscanos.org.br\/noticias\/papa-reza-pelos-professores-e-alunos-neste-tempo-de-pandemia.html"]}]},{"@type":"BreadcrumbList","@id":"https:\/\/franciscanos.org.br\/noticias\/papa-reza-pelos-professores-e-alunos-neste-tempo-de-pandemia.html#breadcrumb","itemListElement":[{"@type":"ListItem","position":1,"name":"Home","item":"https:\/\/franciscanos.org.br\/noticias"},{"@type":"ListItem","position":2,"name":"Papa reza pelos professores e alunos neste tempo de pandemia"}]},{"@type":"Person","@id":"https:\/\/franciscanos.org.br\/noticias\/#\/schema\/person\/b5c8cba458c330ccff548b056e95a5d4","name":"moacir","image":{"@type":"ImageObject","inLanguage":"pt-BR","@id":"https:\/\/franciscanos.org.br\/noticias\/#\/schema\/person\/image\/","url":"https:\/\/secure.gravatar.com\/avatar\/d08aa2ce4c8dd416d4479aa8536fcf64?s=96&d=mm&r=g","contentUrl":"https:\/\/secure.gravatar.com\/avatar\/d08aa2ce4c8dd416d4479aa8536fcf64?s=96&d=mm&r=g","caption":"moacir"},"url":"https:\/\/franciscanos.org.br\/noticias\/author\/moacir"}]}},"_links":{"self":[{"href":"https:\/\/franciscanos.org.br\/noticias\/wp-json\/wp\/v2\/posts\/223352"}],"collection":[{"href":"https:\/\/franciscanos.org.br\/noticias\/wp-json\/wp\/v2\/posts"}],"about":[{"href":"https:\/\/franciscanos.org.br\/noticias\/wp-json\/wp\/v2\/types\/post"}],"author":[{"embeddable":true,"href":"https:\/\/franciscanos.org.br\/noticias\/wp-json\/wp\/v2\/users\/3"}],"replies":[{"embeddable":true,"href":"https:\/\/franciscanos.org.br\/noticias\/wp-json\/wp\/v2\/comments?post=223352"}],"version-history":[{"count":2,"href":"https:\/\/franciscanos.org.br\/noticias\/wp-json\/wp\/v2\/posts\/223352\/revisions"}],"predecessor-version":[{"id":224589,"href":"https:\/\/franciscanos.org.br\/noticias\/wp-json\/wp\/v2\/posts\/223352\/revisions\/224589"}],"wp:featuredmedia":[{"embeddable":true,"href":"https:\/\/franciscanos.org.br\/noticias\/wp-json\/wp\/v2\/media\/223354"}],"wp:attachment":[{"href":"https:\/\/franciscanos.org.br\/noticias\/wp-json\/wp\/v2\/media?parent=223352"}],"wp:term":[{"taxonomy":"category","embeddable":true,"href":"https:\/\/franciscanos.org.br\/noticias\/wp-json\/wp\/v2\/categories?post=223352"},{"taxonomy":"post_tag","embeddable":true,"href":"https:\/\/franciscanos.org.br\/noticias\/wp-json\/wp\/v2\/tags?post=223352"}],"curies":[{"name":"wp","href":"https:\/\/api.w.org\/{rel}","templated":true}]}}