{"id":223343,"date":"2020-04-23T07:31:45","date_gmt":"2020-04-23T10:31:45","guid":{"rendered":"https:\/\/franciscanos.org.br\/noticias\/?p=223343"},"modified":"2020-06-06T12:28:39","modified_gmt":"2020-06-06T15:28:39","slug":"o-papa-reza-pelas-familias-em-crise-no-dia-de-seu-onomastico","status":"publish","type":"post","link":"https:\/\/franciscanos.org.br\/noticias\/o-papa-reza-pelas-familias-em-crise-no-dia-de-seu-onomastico.html","title":{"rendered":"O Papa reza pelas fam\u00edlias em crise no dia de seu onom\u00e1stico"},"content":{"rendered":"<p><img loading=\"lazy\" class=\"alignnone wp-image-223346 size-full\" src=\"https:\/\/franciscanos.org.br\/noticias\/wp-content\/uploads\/2020\/04\/marta_2304.jpg\" alt=\"\" width=\"1280\" height=\"731\" srcset=\"https:\/\/franciscanos.org.br\/noticias\/wp-content\/uploads\/2020\/04\/marta_2304.jpg 1280w, https:\/\/franciscanos.org.br\/noticias\/wp-content\/uploads\/2020\/04\/marta_2304-450x257.jpg 450w, https:\/\/franciscanos.org.br\/noticias\/wp-content\/uploads\/2020\/04\/marta_2304-1024x585.jpg 1024w, https:\/\/franciscanos.org.br\/noticias\/wp-content\/uploads\/2020\/04\/marta_2304-768x439.jpg 768w, https:\/\/franciscanos.org.br\/noticias\/wp-content\/uploads\/2020\/04\/marta_2304-150x86.jpg 150w\" sizes=\"(max-width: 1280px) 100vw, 1280px\" \/><\/p>\n<p><strong>Cidade do Vaticano<\/strong> &#8211; O Papa Francisco presidiu a Missa na Casa Santa Marta, no Vaticano, na manh\u00e3 desta quinta-feira (23\/04) da II Semana do Tempo Pascal. Na introdu\u00e7\u00e3o, dirigiu seu pensamento \u00e0s fam\u00edlias em dificuldade neste tempo de pandemia:<\/p>\n<p>Em muitos lugares se sente um dos efeitos desta pandemia: muitas fam\u00edlias em situa\u00e7\u00e3o de necessidade, passam fome, e, infelizmente, s\u00e3o ajudadas pelos agiotas. Esta \u00e9 outra pandemia. A pandemia social: fam\u00edlias de diaristas ou, infelizmente, de pessoas que t\u00eam um trabalho irregular que n\u00e3o podem trabalhar e n\u00e3o t\u00eam o que comer\u2026 com filhos. E depois os agiotas tomam deles o pouco que t\u00eam. Rezemos. Rezemos por estas fam\u00edlias, pelas muitas crian\u00e7as destas fam\u00edlias, pela dignidade destas fam\u00edlias e rezemos tamb\u00e9m pelos agiotas: que o Senhor toque o cora\u00e7\u00e3o deles e se convertam.<\/p>\n<p>Na homilia, o Papa comentou a passagem do Livro dos Atos dos Ap\u00f3stolos (At 5,27-33) em que Pedro, diante das repreens\u00f5es e das amea\u00e7as do sumo sacerdote que quer proibi-los de ensinar ao povo, responde que \u00e9 preciso obedecer a Deus, antes que aos homens e anuncia abertamente diante de todos a ressurrei\u00e7\u00e3o de Jesus, o Salvador, que os chefes religiosos mataram. A coragem de Pedro, que era um fraco \u2013 afirmou Francisco \u2013, vem da ora\u00e7\u00e3o de Jesus por ele, para que sua f\u00e9 n\u00e3o vacilasse. Jesus ora por Pedro. E Jesus ora tamb\u00e9m por n\u00f3s diante do Pai mostrando suas chagas, pre\u00e7o da nossa salva\u00e7\u00e3o. Jesus \u00e9 o intercessor: devemos ter mais confian\u00e7a na ora\u00e7\u00e3o de Jesus \u2013 concluiu o Papa \u2013 do que em nossas ora\u00e7\u00f5es. A seguir, o texto da homilia transcrita pelo <em>Vatican News:<\/em><\/p>\n<p>A primeira leitura continua a hist\u00f3ria que tinha se iniciado com a cura do coxo diante da Porta Bela do Templo. Os ap\u00f3stolos foram levados ao Sin\u00e9drio, depois foram encarcerados, depois um anjo os libertou. E esta manh\u00e3, propriamente naquela manh\u00e3, deviam sair do c\u00e1rcere para ser julgados, mas tinham sido libertados pelo anjo e pregavam no Templo. \u201cNaqueles dias, eles levaram os ap\u00f3stolos e os apresentaram ao Sin\u00e9drio. O sumo sacerdote come\u00e7ou a interrog\u00e1-los, dizendo: &#8216;N\u00f3s t\u00ednhamos proibido expressamente que v\u00f3s ensin\u00e1sseis neste nome \u2013 isto \u00e9, no nome de Jesus. Apesar disso, enchestes a cidade de Jerusal\u00e9m com a vossa doutrina. E ainda nos quereis tornar respons\u00e1veis pela morte desse homem!&#8217;\u201d, porque os ap\u00f3stolos, Pedro sobretudo, repreendia; Pedro e Jo\u00e3o repreendiam os dirigentes, os sacerdotes, por terem matado Jesus.<\/p>\n<p>E ent\u00e3o Pedro respondeu junto com os ap\u00f3stolos com esta hist\u00f3ria: \u201c\u00c9 preciso obedecer a Deus, n\u00f3s somos obedientes a Deus e v\u00f3s sois os culpados disto\u201d. E acusa, mas com uma coragem, com uma franqueza, que a pessoa se pergunta: \u201cMas este \u00e9 o Pedro que renegou Jesus? Aquele Pedro que tinha tanto medo, aquele Pedro que era at\u00e9 mesmo um covarde? Como \u00e9 poss\u00edvel que tenha chegado a este ponto?\u201d E acaba inclusive dizendo: \u201cE disso somos testemunhas, n\u00f3s e o Esp\u00edrito Santo, que Deus concedeu \u00e0queles que lhe obedecem\u201d. Qual foi o caminho deste Pedro para chegar a este ponto, a esta coragem, a esta franqueza, a expor-se? Porque ele podia chegar a um acordo e dizer aos sacerdotes: \u201cEstejais tranquilos, n\u00f3s iremos, falaremos um pouco a baixa voz, n\u00e3o mais vos acusaremos em p\u00fablico, mas deveis deixar-nos em paz\u2026, e chegar a um acordo.<\/p>\n<p>Na hist\u00f3ria, a Igreja teve que fazer isso muitas vezes para salvar o povo de Deus. E muitas vezes, tamb\u00e9m o fez para salvar a si mesma \u2013 mas n\u00e3o a Santa Igreja! \u2013 at\u00e9 os dirigentes. Os acordos podem ser bons e podem ser ruins. Mas eles poderiam abandonar o acordo? N\u00e3o. Pedro disse: \u201cNada de acordo. V\u00f3s sois os culpados\u201d, e com esta coragem.<\/p>\n<p>E como Pedro chegou a este ponto? Porque era um homem entusiasta, um homem que amava com intensidade, tamb\u00e9m um homem temeroso, um homem que era aberto a Deus a ponto que Deus lhe revela que Jesus \u00e9 o Cristo, o Filho de Deus, mas pouco depois \u2013 logo depois \u2013 se deixa cair na tenta\u00e7\u00e3o de dizer a Jesus: \u201cN\u00e3o, Senhor, por este caminho n\u00e3o: vamos por outro\u201d. A reden\u00e7\u00e3o sem a Cruz. E Jesus lhe diz: \u201cSatan\u00e1s\u201d. Um Pedro que passava da tenta\u00e7\u00e3o \u00e0 gra\u00e7a, um Pedro que \u00e9 capaz de ajoelhar-se diante de Jesus (e dizer): \u201cAfasta-te de mim que sou pecador\u201d, e depois um Pedro que busca safar-se sem mostrar-se e, para n\u00e3o acabar preso, renega Jesus. \u00c9 um Pedro inst\u00e1vel, mas porque era muito generoso e tamb\u00e9m muito fraco. Qual \u00e9 o segredo, qual foi a for\u00e7a que Pedro teve para chegar aqui? H\u00e1 um vers\u00edculo que nos ajudar\u00e1 a entender isso. Antes da Paix\u00e3o, Jesus disse aos ap\u00f3stolos: \u201cSatan\u00e1s vos procurou para ceifar-vos como o trigo\u201d. \u00c9 o momento da tenta\u00e7\u00e3o: \u201cSereis assim, como o trigo\u201d. E diz a Pedro: \u201cE eu orarei por ti, para que a tua f\u00e9 n\u00e3o vacile\u201d. Este \u00e9 o segredo de Pedro: a ora\u00e7\u00e3o de Jesus. Jesus ora por Pedro, para que a sua f\u00e9 n\u00e3o vacile e possa \u2013 diz Jesus \u2013 confirmar os irm\u00e3os na f\u00e9. Jesus ora por Pedro.<\/p>\n<p>E isso que Jesus fez com Pedro, faz com todos n\u00f3s. Jesus ora por n\u00f3s; ora diante do Pai. N\u00f3s somos habituados a pedir a Jesus que nos d\u00ea essa gra\u00e7a, aquela gra\u00e7a, nos ajude, mas n\u00e3o somos habituados a contemplar Jesus que mostra as chagas ao Pai, a Jesus, o intercessor, a Jesus que ora por n\u00f3s. E Pedro foi capaz de fazer todo esse caminho de covarde a corajoso com o dom do Esp\u00edrito Santo gra\u00e7as \u00e0 ora\u00e7\u00e3o de Jesus.<\/p>\n<p>Pensemos um pouco nisso. Dirijamo-nos a Jesus, agradecendo por Ele orar por n\u00f3s. Jesus ora por cada um de n\u00f3s. Jesus \u00e9 o intercessor. Jesus quis levar consigo as chagas para mostr\u00e1-las ao Pai. \u00c9 o pre\u00e7o da nossa salva\u00e7\u00e3o. Devemos ter mais confian\u00e7a; mais do que em nossas ora\u00e7\u00f5es, na ora\u00e7\u00e3o de Jesus. \u201cSenhor, orai por mim\u201d \u2013 \u201cMas eu sou Deus, eu posso conceder-vos\u2026\u201d \u2013 \u201cSim, mas orai por mim, porque V\u00f3s sois o intercessor\u201d. E este \u00e9 o segredo de Pedro: \u201cPedro, eu orarei por ti para que tua f\u00e9 n\u00e3o vacile\u201d.<\/p>\n<p>Que o Senhor nos ensine a pedir-Lhe a gra\u00e7a de orar por cada um de n\u00f3s.<\/p>\n<p>O Santo Padre terminou a celebra\u00e7\u00e3o com a adora\u00e7\u00e3o e a b\u00ean\u00e7\u00e3o eucar\u00edstica, convidando a fazer a Comunh\u00e3o espiritual. A seguir, a ora\u00e7\u00e3o recitada pelo Papa:<\/p>\n<p style=\"padding-left: 40px;\"><em>Aos vossos p\u00e9s, \u00f3 meu Jesus, me prostro e vos ofere\u00e7o o arrependimento do meu cora\u00e7\u00e3o contrito que mergulha no seu nada na Vossa santa presen\u00e7a. Eu vos adoro no Sacramento do vosso amor (a Eucaristia). Desejo receber-vos na pobre morada que meu cora\u00e7\u00e3o vos oferece; \u00e0 espera da felicidade da comunh\u00e3o sacramental, quero possuir-vos em Esp\u00edrito. Vinde a mim, \u00f3 meu Jesus, que eu venha a v\u00f3s. Que o vosso amor possa inflamar todo o meu ser, para a vida e para a morte. Creio em v\u00f3s, espero em v\u00f3s. Amo-vos. Assim seja.<\/em><\/p>\n<p>Antes de deixar a Capela dedicada ao Esp\u00edrito Santo foi entoada a ant\u00edfona mariana \u201cRegina caeli\u201d, cantada no tempo pascal:<\/p>\n<p><em>Rainha dos c\u00e9us, alegrai-vos. Aleluia!<\/em><\/p>\n<p><em>Porque Aquele que merecestes trazer em vosso seio. Aleluia!<\/em><\/p>\n<p><em>Ressuscitou como disse. Aleluia!<\/em><\/p>\n<p><em>Rogai por n\u00f3s a Deus. Aleluia!<\/em><\/p>\n<p><em>D.\/ Alegrai-vos e exultai, \u00f3 Virgem Maria. Aleluia!<\/em><\/p>\n<p><em>C.\/ Porque o Senhor ressuscitou, verdadeiramente. Aleluia!<\/em><\/p>\n<hr \/>\n<h3><img loading=\"lazy\" class=\"alignnone size-full wp-image-223344\" src=\"https:\/\/franciscanos.org.br\/noticias\/wp-content\/uploads\/2020\/04\/francisco_2304.jpg\" alt=\"\" width=\"1280\" height=\"720\" srcset=\"https:\/\/franciscanos.org.br\/noticias\/wp-content\/uploads\/2020\/04\/francisco_2304.jpg 1280w, https:\/\/franciscanos.org.br\/noticias\/wp-content\/uploads\/2020\/04\/francisco_2304-450x253.jpg 450w, https:\/\/franciscanos.org.br\/noticias\/wp-content\/uploads\/2020\/04\/francisco_2304-1024x576.jpg 1024w, https:\/\/franciscanos.org.br\/noticias\/wp-content\/uploads\/2020\/04\/francisco_2304-768x432.jpg 768w, https:\/\/franciscanos.org.br\/noticias\/wp-content\/uploads\/2020\/04\/francisco_2304-150x84.jpg 150w\" sizes=\"(max-width: 1280px) 100vw, 1280px\" \/><br \/>\nO belo gesto do Papa no dia de seu onom\u00e1stico<\/h3>\n<p style=\"padding-left: 40px;\"><em>No dia de seu onom\u00e1stico, quando lhe chegam felicita\u00e7\u00f5es de todo o mundo, o Papa Francisco tem a alegria de saber que respiradores partiram do Vaticano com destino a hospitais na Rom\u00eania, Espanha e sul da It\u00e1lia. O presidente da Rep\u00fablica Italiana, S\u00e9rgio Mattarella, em sua mensagem de P\u00e1scoa, havia agradecido Francisco pelas &#8220;vibrantes palavras de vida e de esperan\u00e7a&#8221; diversas vezes por ele dirigidas ao pa\u00eds, formulando seus votos pelo onom\u00e1stico do Pont\u00edfice.<\/em><\/p>\n<p>N\u00e3o receber, mas dar. \u00c9 o esp\u00edrito do Evangelho que caracteriza o dia em que a Igreja celebra a mem\u00f3ria do m\u00e1rtir S\u00e3o Jorge, morto em 303 por n\u00e3o renegar a f\u00e9 durante as persegui\u00e7\u00f5es anticrist\u00e3s desencadeadas pelo imperador romano Diocleciano. A tradi\u00e7\u00e3o recorda dele com o epis\u00f3dio em que, protegido pela Cruz, mata o drag\u00e3o que devorava as pessoas: um s\u00edmbolo da f\u00e9 que triunfa sobre o mal.<\/p>\n<p><strong>O onom\u00e1stico do Papa<\/strong><\/p>\n<p>Neste dia, portanto, festeja-se o onom\u00e1stico de Jorge Mario Bergoglio, o Papa Francisco. O presente do Pont\u00edfice \u00e9 a entrega de respiradores e de material sa\u00fade como m\u00e1scaras, \u00f3culos de prote\u00e7\u00e3o para m\u00e9dicos e enfermeiras e roupas apropriadas para cuidados intensivos.<\/p>\n<p>Os hospitais beneficiados com a doa\u00e7\u00e3o est\u00e3o na cidade de Suceava, na Rom\u00eania, foco dos cont\u00e1gios de Covid-19 no pa\u00eds, onde s\u00e3o esperados 5 respiradores de \u00faltima gera\u00e7\u00e3o; 2 outros ir\u00e3o para o hospital em Lecce, na It\u00e1lia, e 3 para Madri, na Espanha.<\/p>\n<p>&#8220;Um belo sinal que acontece neste dia particular em que o Santo Padre n\u00e3o recebe um presente, mas presenteia os outros&#8221;, observa o Esmoler Pontif\u00edcio, cardeal Konrad Krajewski, ao falar da entrega iminente por ele definida como, &#8220;um abra\u00e7o do Papa ao mundo inteiro em uma situa\u00e7\u00e3o dif\u00edcil&#8221;.<\/p>\n<p>A Rom\u00eania est\u00e1 passando por uma verdadeira emerg\u00eancia, em particular na pequena cidade de Suceava, para onde s\u00e3o destinados os respiradores. Na localidade s\u00e3o registrados 25% do total de casos no pa\u00eds.<\/p>\n<p>A pequena cidade, localizada na regi\u00e3o mais pobre do pa\u00eds e da Uni\u00e3o Europ\u00e9ia, juntamente com v\u00e1rios munic\u00edpios vizinhos, est\u00e1 em quarentena. Na Rom\u00eania, as v\u00edtimas fatais s\u00e3o mais de 515 e os infectados quase 10 mil.<\/p>\n<p>Os respiradores e todo o material doado pelo Papa ser\u00e3o transportados em um voo no qual viajar\u00e1 a equipe de onze m\u00e9dicos e seis profissionais de sa\u00fade romenos, enviados em 7 de abril pelo governo de Bucareste ao hospital Lecce, para trabalhar com a It\u00e1lia no momento mais dif\u00edcil da batalha contra o coronav\u00edrus.<\/p>\n<p><strong>As ajudas \u00e0 Espanha e It\u00e1lia<\/strong><\/p>\n<p>A entrega dos tr\u00eas respiradores aos hospitais em Madri est\u00e1 a cargo da Nunciatura Apost\u00f3lica, juntamente com o cardeal Carlos Osoro Sierra, arcebispo da capital espanhola.<\/p>\n<p>O pa\u00eds ib\u00e9rico est\u00e1 em quarentena at\u00e9 9 de maio. O n\u00famero de pessoas infectadas ultrapassa 208 mil, as mortes chegam a quase de 22 mil, e cerca de 86 mil infectados pelo Covid-19 j\u00e1 se recuperaram.<\/p>\n<p>Os dois respiradores destinados ao hospital de Lecce ser\u00e3o entregues nesta quinta-feira, 23, pelo pr\u00f3prio cardeal Krajewski. Antes de retornar ao Vaticano, o Esmoler cumpre etapa em N\u00e1poles, para receber os medicamentos destinados aos pobres em Roma.<\/p>\n<p>&#8220;Como o caf\u00e9 suspenso &#8211; explica o purpurado &#8211; a arquidiocese promoveu o &#8220;rem\u00e9dio suspenso&#8221; e, para agradecer a proximidade do Papa durante a emerg\u00eancia do coronav\u00edrus, foram preparados medicamentos destinados aos pobres de Roma&#8221;.<\/p>\n<p>Alguns dias antes da P\u00e1scoa, chegaram no hospital de Cotugno, em N\u00e1poles, dois respiradores pulmonares, diretamente do Vaticano, al\u00e9m de equipamentos de sa\u00fade para m\u00e9dicos e enfermeiros.<\/p>\n<p>No ano passado, sempre no dia de seu onom\u00e1stico, o Papa Francisco por meio da Esmolaria Apost\u00f3lica, havia doado aos jovens da Arquidiocese de Mil\u00e3o os Ter\u00e7os feitos para a JMJ do Panam\u00e1, e aos pobres do refeit\u00f3rio Caritas da Esta\u00e7\u00e3o Termini, em Roma, um ovo de chocolate de 20 kg.<\/p>\n<p><strong>As felicita\u00e7\u00f5es ao Papa<\/strong><\/p>\n<p>Nestas horas chegam de todo o mundo as felicita\u00e7\u00f5es ao Papa. Em sua mensagem para a P\u00e1scoa, o presidente da Rep\u00fablica Italiana, S\u00e9rgio Mattarella, agradeceu a Francisco pelas &#8220;vibrantes palavras de vida e de esperan\u00e7a&#8221; diversas vezes por ele dirigidas ao pa\u00eds, formulando os votos pelo onom\u00e1stico do Pont\u00edfice.<\/p>\n<hr \/>\n<p><em>Fonte: Vatican News<\/em><\/p>\n","protected":false},"excerpt":{"rendered":"<p>Missa em Santa Marta<\/p>\n","protected":false},"author":3,"featured_media":223345,"comment_status":"open","ping_status":"open","sticky":false,"template":"","format":"standard","meta":[],"categories":[1428],"tags":[1586],"acf":[],"yoast_head":"<!-- This site is optimized with the Yoast SEO plugin v19.2 - https:\/\/yoast.com\/wordpress\/plugins\/seo\/ -->\n<title>O Papa reza pelas fam\u00edlias em crise no dia de seu onom\u00e1stico - Not\u00edcias - Franciscanos<\/title>\n<meta name=\"robots\" content=\"index, follow, max-snippet:-1, max-image-preview:large, max-video-preview:-1\" \/>\n<link rel=\"canonical\" href=\"https:\/\/franciscanos.org.br\/noticias\/o-papa-reza-pelas-familias-em-crise-no-dia-de-seu-onomastico.html\" \/>\n<meta property=\"og:locale\" content=\"pt_BR\" \/>\n<meta property=\"og:type\" content=\"article\" \/>\n<meta property=\"og:title\" content=\"O Papa reza pelas fam\u00edlias em crise no dia de seu onom\u00e1stico - Not\u00edcias - Franciscanos\" \/>\n<meta property=\"og:description\" content=\"Missa em Santa Marta\" \/>\n<meta property=\"og:url\" content=\"https:\/\/franciscanos.org.br\/noticias\/o-papa-reza-pelas-familias-em-crise-no-dia-de-seu-onomastico.html\" \/>\n<meta property=\"og:site_name\" content=\"Not\u00edcias - Franciscanos\" \/>\n<meta property=\"article:published_time\" content=\"2020-04-23T10:31:45+00:00\" \/>\n<meta property=\"article:modified_time\" content=\"2020-06-06T15:28:39+00:00\" \/>\n<meta property=\"og:image\" content=\"https:\/\/franciscanos.org.br\/noticias\/wp-content\/uploads\/2020\/04\/marta_2304d.jpg\" \/>\n\t<meta property=\"og:image:width\" content=\"800\" \/>\n\t<meta property=\"og:image:height\" content=\"600\" \/>\n\t<meta property=\"og:image:type\" content=\"image\/jpeg\" \/>\n<meta name=\"author\" content=\"moacir\" \/>\n<meta name=\"twitter:card\" content=\"summary_large_image\" \/>\n<meta name=\"twitter:label1\" content=\"Escrito por\" \/>\n\t<meta name=\"twitter:data1\" content=\"moacir\" \/>\n\t<meta name=\"twitter:label2\" content=\"Est. tempo de leitura\" \/>\n\t<meta name=\"twitter:data2\" content=\"10 minutos\" \/>\n<script type=\"application\/ld+json\" class=\"yoast-schema-graph\">{\"@context\":\"https:\/\/schema.org\",\"@graph\":[{\"@type\":\"WebSite\",\"@id\":\"https:\/\/franciscanos.org.br\/noticias\/#website\",\"url\":\"https:\/\/franciscanos.org.br\/noticias\/\",\"name\":\"Not\u00edcias - Franciscanos\",\"description\":\"Prov\u00edncia Franciscana da Imaculada Concei\u00e7\u00e3o do Brasil - Ordem dos Frades Menores - OFM\",\"potentialAction\":[{\"@type\":\"SearchAction\",\"target\":{\"@type\":\"EntryPoint\",\"urlTemplate\":\"https:\/\/franciscanos.org.br\/noticias\/?s={search_term_string}\"},\"query-input\":\"required name=search_term_string\"}],\"inLanguage\":\"pt-BR\"},{\"@type\":\"ImageObject\",\"inLanguage\":\"pt-BR\",\"@id\":\"https:\/\/franciscanos.org.br\/noticias\/o-papa-reza-pelas-familias-em-crise-no-dia-de-seu-onomastico.html#primaryimage\",\"url\":\"https:\/\/franciscanos.org.br\/noticias\/wp-content\/uploads\/2020\/04\/marta_2304d.jpg\",\"contentUrl\":\"https:\/\/franciscanos.org.br\/noticias\/wp-content\/uploads\/2020\/04\/marta_2304d.jpg\",\"width\":800,\"height\":600},{\"@type\":\"WebPage\",\"@id\":\"https:\/\/franciscanos.org.br\/noticias\/o-papa-reza-pelas-familias-em-crise-no-dia-de-seu-onomastico.html#webpage\",\"url\":\"https:\/\/franciscanos.org.br\/noticias\/o-papa-reza-pelas-familias-em-crise-no-dia-de-seu-onomastico.html\",\"name\":\"O Papa reza pelas fam\u00edlias em crise no dia de seu onom\u00e1stico - Not\u00edcias - Franciscanos\",\"isPartOf\":{\"@id\":\"https:\/\/franciscanos.org.br\/noticias\/#website\"},\"primaryImageOfPage\":{\"@id\":\"https:\/\/franciscanos.org.br\/noticias\/o-papa-reza-pelas-familias-em-crise-no-dia-de-seu-onomastico.html#primaryimage\"},\"datePublished\":\"2020-04-23T10:31:45+00:00\",\"dateModified\":\"2020-06-06T15:28:39+00:00\",\"author\":{\"@id\":\"https:\/\/franciscanos.org.br\/noticias\/#\/schema\/person\/b5c8cba458c330ccff548b056e95a5d4\"},\"breadcrumb\":{\"@id\":\"https:\/\/franciscanos.org.br\/noticias\/o-papa-reza-pelas-familias-em-crise-no-dia-de-seu-onomastico.html#breadcrumb\"},\"inLanguage\":\"pt-BR\",\"potentialAction\":[{\"@type\":\"ReadAction\",\"target\":[\"https:\/\/franciscanos.org.br\/noticias\/o-papa-reza-pelas-familias-em-crise-no-dia-de-seu-onomastico.html\"]}]},{\"@type\":\"BreadcrumbList\",\"@id\":\"https:\/\/franciscanos.org.br\/noticias\/o-papa-reza-pelas-familias-em-crise-no-dia-de-seu-onomastico.html#breadcrumb\",\"itemListElement\":[{\"@type\":\"ListItem\",\"position\":1,\"name\":\"Home\",\"item\":\"https:\/\/franciscanos.org.br\/noticias\"},{\"@type\":\"ListItem\",\"position\":2,\"name\":\"O Papa reza pelas fam\u00edlias em crise no dia de seu onom\u00e1stico\"}]},{\"@type\":\"Person\",\"@id\":\"https:\/\/franciscanos.org.br\/noticias\/#\/schema\/person\/b5c8cba458c330ccff548b056e95a5d4\",\"name\":\"moacir\",\"image\":{\"@type\":\"ImageObject\",\"inLanguage\":\"pt-BR\",\"@id\":\"https:\/\/franciscanos.org.br\/noticias\/#\/schema\/person\/image\/\",\"url\":\"https:\/\/secure.gravatar.com\/avatar\/d08aa2ce4c8dd416d4479aa8536fcf64?s=96&d=mm&r=g\",\"contentUrl\":\"https:\/\/secure.gravatar.com\/avatar\/d08aa2ce4c8dd416d4479aa8536fcf64?s=96&d=mm&r=g\",\"caption\":\"moacir\"},\"url\":\"https:\/\/franciscanos.org.br\/noticias\/author\/moacir\"}]}<\/script>\n<!-- \/ Yoast SEO plugin. -->","yoast_head_json":{"title":"O Papa reza pelas fam\u00edlias em crise no dia de seu onom\u00e1stico - Not\u00edcias - Franciscanos","robots":{"index":"index","follow":"follow","max-snippet":"max-snippet:-1","max-image-preview":"max-image-preview:large","max-video-preview":"max-video-preview:-1"},"canonical":"https:\/\/franciscanos.org.br\/noticias\/o-papa-reza-pelas-familias-em-crise-no-dia-de-seu-onomastico.html","og_locale":"pt_BR","og_type":"article","og_title":"O Papa reza pelas fam\u00edlias em crise no dia de seu onom\u00e1stico - Not\u00edcias - Franciscanos","og_description":"Missa em Santa Marta","og_url":"https:\/\/franciscanos.org.br\/noticias\/o-papa-reza-pelas-familias-em-crise-no-dia-de-seu-onomastico.html","og_site_name":"Not\u00edcias - Franciscanos","article_published_time":"2020-04-23T10:31:45+00:00","article_modified_time":"2020-06-06T15:28:39+00:00","og_image":[{"width":800,"height":600,"url":"https:\/\/franciscanos.org.br\/noticias\/wp-content\/uploads\/2020\/04\/marta_2304d.jpg","type":"image\/jpeg"}],"author":"moacir","twitter_card":"summary_large_image","twitter_misc":{"Escrito por":"moacir","Est. tempo de leitura":"10 minutos"},"schema":{"@context":"https:\/\/schema.org","@graph":[{"@type":"WebSite","@id":"https:\/\/franciscanos.org.br\/noticias\/#website","url":"https:\/\/franciscanos.org.br\/noticias\/","name":"Not\u00edcias - Franciscanos","description":"Prov\u00edncia Franciscana da Imaculada Concei\u00e7\u00e3o do Brasil - Ordem dos Frades Menores - OFM","potentialAction":[{"@type":"SearchAction","target":{"@type":"EntryPoint","urlTemplate":"https:\/\/franciscanos.org.br\/noticias\/?s={search_term_string}"},"query-input":"required name=search_term_string"}],"inLanguage":"pt-BR"},{"@type":"ImageObject","inLanguage":"pt-BR","@id":"https:\/\/franciscanos.org.br\/noticias\/o-papa-reza-pelas-familias-em-crise-no-dia-de-seu-onomastico.html#primaryimage","url":"https:\/\/franciscanos.org.br\/noticias\/wp-content\/uploads\/2020\/04\/marta_2304d.jpg","contentUrl":"https:\/\/franciscanos.org.br\/noticias\/wp-content\/uploads\/2020\/04\/marta_2304d.jpg","width":800,"height":600},{"@type":"WebPage","@id":"https:\/\/franciscanos.org.br\/noticias\/o-papa-reza-pelas-familias-em-crise-no-dia-de-seu-onomastico.html#webpage","url":"https:\/\/franciscanos.org.br\/noticias\/o-papa-reza-pelas-familias-em-crise-no-dia-de-seu-onomastico.html","name":"O Papa reza pelas fam\u00edlias em crise no dia de seu onom\u00e1stico - Not\u00edcias - Franciscanos","isPartOf":{"@id":"https:\/\/franciscanos.org.br\/noticias\/#website"},"primaryImageOfPage":{"@id":"https:\/\/franciscanos.org.br\/noticias\/o-papa-reza-pelas-familias-em-crise-no-dia-de-seu-onomastico.html#primaryimage"},"datePublished":"2020-04-23T10:31:45+00:00","dateModified":"2020-06-06T15:28:39+00:00","author":{"@id":"https:\/\/franciscanos.org.br\/noticias\/#\/schema\/person\/b5c8cba458c330ccff548b056e95a5d4"},"breadcrumb":{"@id":"https:\/\/franciscanos.org.br\/noticias\/o-papa-reza-pelas-familias-em-crise-no-dia-de-seu-onomastico.html#breadcrumb"},"inLanguage":"pt-BR","potentialAction":[{"@type":"ReadAction","target":["https:\/\/franciscanos.org.br\/noticias\/o-papa-reza-pelas-familias-em-crise-no-dia-de-seu-onomastico.html"]}]},{"@type":"BreadcrumbList","@id":"https:\/\/franciscanos.org.br\/noticias\/o-papa-reza-pelas-familias-em-crise-no-dia-de-seu-onomastico.html#breadcrumb","itemListElement":[{"@type":"ListItem","position":1,"name":"Home","item":"https:\/\/franciscanos.org.br\/noticias"},{"@type":"ListItem","position":2,"name":"O Papa reza pelas fam\u00edlias em crise no dia de seu onom\u00e1stico"}]},{"@type":"Person","@id":"https:\/\/franciscanos.org.br\/noticias\/#\/schema\/person\/b5c8cba458c330ccff548b056e95a5d4","name":"moacir","image":{"@type":"ImageObject","inLanguage":"pt-BR","@id":"https:\/\/franciscanos.org.br\/noticias\/#\/schema\/person\/image\/","url":"https:\/\/secure.gravatar.com\/avatar\/d08aa2ce4c8dd416d4479aa8536fcf64?s=96&d=mm&r=g","contentUrl":"https:\/\/secure.gravatar.com\/avatar\/d08aa2ce4c8dd416d4479aa8536fcf64?s=96&d=mm&r=g","caption":"moacir"},"url":"https:\/\/franciscanos.org.br\/noticias\/author\/moacir"}]}},"_links":{"self":[{"href":"https:\/\/franciscanos.org.br\/noticias\/wp-json\/wp\/v2\/posts\/223343"}],"collection":[{"href":"https:\/\/franciscanos.org.br\/noticias\/wp-json\/wp\/v2\/posts"}],"about":[{"href":"https:\/\/franciscanos.org.br\/noticias\/wp-json\/wp\/v2\/types\/post"}],"author":[{"embeddable":true,"href":"https:\/\/franciscanos.org.br\/noticias\/wp-json\/wp\/v2\/users\/3"}],"replies":[{"embeddable":true,"href":"https:\/\/franciscanos.org.br\/noticias\/wp-json\/wp\/v2\/comments?post=223343"}],"version-history":[{"count":2,"href":"https:\/\/franciscanos.org.br\/noticias\/wp-json\/wp\/v2\/posts\/223343\/revisions"}],"predecessor-version":[{"id":224590,"href":"https:\/\/franciscanos.org.br\/noticias\/wp-json\/wp\/v2\/posts\/223343\/revisions\/224590"}],"wp:featuredmedia":[{"embeddable":true,"href":"https:\/\/franciscanos.org.br\/noticias\/wp-json\/wp\/v2\/media\/223345"}],"wp:attachment":[{"href":"https:\/\/franciscanos.org.br\/noticias\/wp-json\/wp\/v2\/media?parent=223343"}],"wp:term":[{"taxonomy":"category","embeddable":true,"href":"https:\/\/franciscanos.org.br\/noticias\/wp-json\/wp\/v2\/categories?post=223343"},{"taxonomy":"post_tag","embeddable":true,"href":"https:\/\/franciscanos.org.br\/noticias\/wp-json\/wp\/v2\/tags?post=223343"}],"curies":[{"name":"wp","href":"https:\/\/api.w.org\/{rel}","templated":true}]}}