{"id":22334,"date":"2012-08-17T13:22:05","date_gmt":"2012-08-17T16:22:05","guid":{"rendered":"http:\/\/new.franciscanos.org.br\/?p=22334"},"modified":"2019-07-04T13:16:16","modified_gmt":"2019-07-04T16:16:16","slug":"inaugurada-capela-no-campus-de-sao-paulo","status":"publish","type":"post","link":"https:\/\/franciscanos.org.br\/noticias\/inaugurada-capela-no-campus-de-sao-paulo.html","title":{"rendered":"Inaugurada capela no campus de S\u00e3o Paulo"},"content":{"rendered":"<p><img loading=\"lazy\" title=\"3038_170812\" src=\"http:\/\/franciscanos.org.br\/wp-content\/uploads\/2012\/08\/3038_170812.jpg\" alt=\"\" width=\"830\" height=\"314\" border=\"0\" \/><\/p>\n<p>Nesta quinta-feira, dia 16 de agosto, a capela Santa Maria dos Anjos foi inaugurada no campus da Universidade S\u00e3o Francisco (USF) na Freguesia do \u00d3. A institui\u00e7\u00e3o se transferiu para o bairro no in\u00edcio do ano, depois de 25 anos no Pari. O evento que marca o in\u00edcio das atividades religiosas na institui\u00e7\u00e3o contou com a presen\u00e7a de D. Milton Kenan Jr., bispo da regi\u00e3o da Freguesia e da Brasil\u00e2ndia, Coronel Arruda, diretor de ensino da Policia Militar e com o subprefeito Valdir Suzano.<\/p>\n<p>Para Frei Jos\u00e9 Antonio, presidente da mantenedora da institui\u00e7\u00e3o, a religiosidade \u00e9 uma experi\u00eancia em que o ser humano caminha ao encontro do seu ser mais profundo. \u201cDevemos criar espa\u00e7os para que as pessoas vivam esta experi\u00eancia, eis a\u00a0 raz\u00e3o para a constru\u00e7\u00e3o da capela dentro da universidade\u201d, orienta. O Frei lembra ainda que a regi\u00e3o da Freguesia tem uma das festas devocionais mais tradicionais, a Festa do Divino, que acontece h\u00e1 mais de cem anos, e que por isso acredita que a capela ser\u00e1 bem recebida pela comunidade local.<\/p>\n<p>De acordo com a diretora do campus, prof\u00aa. Simone Spiandorello, a abertura da Capela conceder\u00e1 aos alunos e \u00e0 comunidade um espa\u00e7o livre para reflex\u00e3o e ora\u00e7\u00e3o. &#8220;Com a inaugura\u00e7\u00e3o da capela o aluno ganhar\u00e1 um novo espa\u00e7o de acolhimento e tamb\u00e9m que estaremos contribuindo para a miss\u00e3o da Universidade que \u00e9 a forma\u00e7\u00e3o integral do ser humano&#8221;, explica Simone.<\/p>\n<p><strong>Sobre a USF<\/strong><br \/>\nA Universidade S\u00e3o Francisco (USF) \u00e9 uma institui\u00e7\u00e3o de ensino superior, sem fins lucrativos, com 35 anos de tradi\u00e7\u00e3o e 10 mil alunos matriculados. Presente nas cidades de Bragan\u00e7a Paulista, Campinas, Itatiba e S\u00e3o Paulo oferece estrutura completa para mais de 40 cursos de gradua\u00e7\u00e3o e 20 de p\u00f3s-gradua\u00e7\u00e3o, incluindo tr\u00eas programas stricto sensu. Em parceria com a ESADE Business School de Barcelona, oferta tamb\u00e9m o programa de educa\u00e7\u00e3o executiva AMP (Advanced Management Program).<\/p>\n<p>Os alunos da institui\u00e7\u00e3o contam ainda com o N\u00facleo de Empregabilidade e Empreendedorismo e o N\u00facleo de Rela\u00e7\u00f5es Internacionais, que promovem conv\u00eanios empresariais e encaminhamento profissional dos alunos e interc\u00e2mbio estudantil por meio de parcerias com universidades estrangeiras, respectivamente. Inspirada no lema \u201cEduca\u00e7\u00e3o para a Paz\u201d e movida pelo seu Patrono, S\u00e3o Francisco de Assis, tem como miss\u00e3o a produ\u00e7\u00e3o e a difus\u00e3o de conhecimento, da fraternidade e da solidariedade.<\/p>\n<p><em><strong>Andrea Vargas, assessora de Imprensa da USF<\/strong><\/em><\/p>\n","protected":false},"excerpt":{"rendered":"<p>USF<\/p>\n","protected":false},"author":1,"featured_media":207279,"comment_status":"closed","ping_status":"closed","sticky":false,"template":"","format":"standard","meta":[],"categories":[1],"tags":[354],"acf":[],"yoast_head":"<!-- This site is optimized with the Yoast SEO plugin v19.2 - https:\/\/yoast.com\/wordpress\/plugins\/seo\/ -->\n<title>Inaugurada capela no campus de S\u00e3o Paulo - Not\u00edcias - Franciscanos<\/title>\n<meta name=\"robots\" content=\"index, follow, max-snippet:-1, max-image-preview:large, max-video-preview:-1\" \/>\n<link rel=\"canonical\" href=\"https:\/\/franciscanos.org.br\/noticias\/inaugurada-capela-no-campus-de-sao-paulo.html\" \/>\n<meta property=\"og:locale\" content=\"pt_BR\" \/>\n<meta property=\"og:type\" content=\"article\" \/>\n<meta property=\"og:title\" content=\"Inaugurada capela no campus de S\u00e3o Paulo - Not\u00edcias - Franciscanos\" \/>\n<meta property=\"og:description\" content=\"USF\" \/>\n<meta property=\"og:url\" content=\"https:\/\/franciscanos.org.br\/noticias\/inaugurada-capela-no-campus-de-sao-paulo.html\" \/>\n<meta property=\"og:site_name\" content=\"Not\u00edcias - Franciscanos\" \/>\n<meta property=\"article:published_time\" content=\"2012-08-17T16:22:05+00:00\" \/>\n<meta property=\"article:modified_time\" content=\"2019-07-04T16:16:16+00:00\" \/>\n<meta property=\"og:image\" content=\"https:\/\/franciscanos.org.br\/noticias\/wp-content\/uploads\/2012\/08\/usf_0407.jpg\" \/>\n\t<meta property=\"og:image:width\" content=\"273\" \/>\n\t<meta property=\"og:image:height\" content=\"181\" \/>\n\t<meta property=\"og:image:type\" content=\"image\/jpeg\" \/>\n<meta name=\"author\" content=\"admin\" \/>\n<meta name=\"twitter:card\" content=\"summary_large_image\" \/>\n<meta name=\"twitter:label1\" content=\"Escrito por\" \/>\n\t<meta name=\"twitter:data1\" content=\"admin\" \/>\n\t<meta name=\"twitter:label2\" content=\"Est. tempo de leitura\" \/>\n\t<meta name=\"twitter:data2\" content=\"2 minutos\" \/>\n<script type=\"application\/ld+json\" class=\"yoast-schema-graph\">{\"@context\":\"https:\/\/schema.org\",\"@graph\":[{\"@type\":\"WebSite\",\"@id\":\"https:\/\/franciscanos.org.br\/noticias\/#website\",\"url\":\"https:\/\/franciscanos.org.br\/noticias\/\",\"name\":\"Not\u00edcias - Franciscanos\",\"description\":\"Prov\u00edncia Franciscana da Imaculada Concei\u00e7\u00e3o do Brasil - Ordem dos Frades Menores - OFM\",\"potentialAction\":[{\"@type\":\"SearchAction\",\"target\":{\"@type\":\"EntryPoint\",\"urlTemplate\":\"https:\/\/franciscanos.org.br\/noticias\/?s={search_term_string}\"},\"query-input\":\"required name=search_term_string\"}],\"inLanguage\":\"pt-BR\"},{\"@type\":\"ImageObject\",\"inLanguage\":\"pt-BR\",\"@id\":\"https:\/\/franciscanos.org.br\/noticias\/inaugurada-capela-no-campus-de-sao-paulo.html#primaryimage\",\"url\":\"https:\/\/franciscanos.org.br\/noticias\/wp-content\/uploads\/2012\/08\/usf_0407.jpg\",\"contentUrl\":\"https:\/\/franciscanos.org.br\/noticias\/wp-content\/uploads\/2012\/08\/usf_0407.jpg\",\"width\":273,\"height\":181},{\"@type\":\"WebPage\",\"@id\":\"https:\/\/franciscanos.org.br\/noticias\/inaugurada-capela-no-campus-de-sao-paulo.html#webpage\",\"url\":\"https:\/\/franciscanos.org.br\/noticias\/inaugurada-capela-no-campus-de-sao-paulo.html\",\"name\":\"Inaugurada capela no campus de S\u00e3o Paulo - Not\u00edcias - Franciscanos\",\"isPartOf\":{\"@id\":\"https:\/\/franciscanos.org.br\/noticias\/#website\"},\"primaryImageOfPage\":{\"@id\":\"https:\/\/franciscanos.org.br\/noticias\/inaugurada-capela-no-campus-de-sao-paulo.html#primaryimage\"},\"datePublished\":\"2012-08-17T16:22:05+00:00\",\"dateModified\":\"2019-07-04T16:16:16+00:00\",\"author\":{\"@id\":\"https:\/\/franciscanos.org.br\/noticias\/#\/schema\/person\/b38fbf43118f02820bd932f2e4b14ad3\"},\"breadcrumb\":{\"@id\":\"https:\/\/franciscanos.org.br\/noticias\/inaugurada-capela-no-campus-de-sao-paulo.html#breadcrumb\"},\"inLanguage\":\"pt-BR\",\"potentialAction\":[{\"@type\":\"ReadAction\",\"target\":[\"https:\/\/franciscanos.org.br\/noticias\/inaugurada-capela-no-campus-de-sao-paulo.html\"]}]},{\"@type\":\"BreadcrumbList\",\"@id\":\"https:\/\/franciscanos.org.br\/noticias\/inaugurada-capela-no-campus-de-sao-paulo.html#breadcrumb\",\"itemListElement\":[{\"@type\":\"ListItem\",\"position\":1,\"name\":\"Home\",\"item\":\"https:\/\/franciscanos.org.br\/noticias\"},{\"@type\":\"ListItem\",\"position\":2,\"name\":\"Inaugurada capela no campus de S\u00e3o Paulo\"}]},{\"@type\":\"Person\",\"@id\":\"https:\/\/franciscanos.org.br\/noticias\/#\/schema\/person\/b38fbf43118f02820bd932f2e4b14ad3\",\"name\":\"admin\",\"image\":{\"@type\":\"ImageObject\",\"inLanguage\":\"pt-BR\",\"@id\":\"https:\/\/franciscanos.org.br\/noticias\/#\/schema\/person\/image\/\",\"url\":\"https:\/\/secure.gravatar.com\/avatar\/e8495742d34d0ba6448ea1c628263b3e?s=96&d=mm&r=g\",\"contentUrl\":\"https:\/\/secure.gravatar.com\/avatar\/e8495742d34d0ba6448ea1c628263b3e?s=96&d=mm&r=g\",\"caption\":\"admin\"},\"url\":\"https:\/\/franciscanos.org.br\/noticias\/author\/admin\"}]}<\/script>\n<!-- \/ Yoast SEO plugin. -->","yoast_head_json":{"title":"Inaugurada capela no campus de S\u00e3o Paulo - Not\u00edcias - Franciscanos","robots":{"index":"index","follow":"follow","max-snippet":"max-snippet:-1","max-image-preview":"max-image-preview:large","max-video-preview":"max-video-preview:-1"},"canonical":"https:\/\/franciscanos.org.br\/noticias\/inaugurada-capela-no-campus-de-sao-paulo.html","og_locale":"pt_BR","og_type":"article","og_title":"Inaugurada capela no campus de S\u00e3o Paulo - Not\u00edcias - Franciscanos","og_description":"USF","og_url":"https:\/\/franciscanos.org.br\/noticias\/inaugurada-capela-no-campus-de-sao-paulo.html","og_site_name":"Not\u00edcias - Franciscanos","article_published_time":"2012-08-17T16:22:05+00:00","article_modified_time":"2019-07-04T16:16:16+00:00","og_image":[{"width":273,"height":181,"url":"https:\/\/franciscanos.org.br\/noticias\/wp-content\/uploads\/2012\/08\/usf_0407.jpg","type":"image\/jpeg"}],"author":"admin","twitter_card":"summary_large_image","twitter_misc":{"Escrito por":"admin","Est. tempo de leitura":"2 minutos"},"schema":{"@context":"https:\/\/schema.org","@graph":[{"@type":"WebSite","@id":"https:\/\/franciscanos.org.br\/noticias\/#website","url":"https:\/\/franciscanos.org.br\/noticias\/","name":"Not\u00edcias - Franciscanos","description":"Prov\u00edncia Franciscana da Imaculada Concei\u00e7\u00e3o do Brasil - Ordem dos Frades Menores - OFM","potentialAction":[{"@type":"SearchAction","target":{"@type":"EntryPoint","urlTemplate":"https:\/\/franciscanos.org.br\/noticias\/?s={search_term_string}"},"query-input":"required name=search_term_string"}],"inLanguage":"pt-BR"},{"@type":"ImageObject","inLanguage":"pt-BR","@id":"https:\/\/franciscanos.org.br\/noticias\/inaugurada-capela-no-campus-de-sao-paulo.html#primaryimage","url":"https:\/\/franciscanos.org.br\/noticias\/wp-content\/uploads\/2012\/08\/usf_0407.jpg","contentUrl":"https:\/\/franciscanos.org.br\/noticias\/wp-content\/uploads\/2012\/08\/usf_0407.jpg","width":273,"height":181},{"@type":"WebPage","@id":"https:\/\/franciscanos.org.br\/noticias\/inaugurada-capela-no-campus-de-sao-paulo.html#webpage","url":"https:\/\/franciscanos.org.br\/noticias\/inaugurada-capela-no-campus-de-sao-paulo.html","name":"Inaugurada capela no campus de S\u00e3o Paulo - Not\u00edcias - Franciscanos","isPartOf":{"@id":"https:\/\/franciscanos.org.br\/noticias\/#website"},"primaryImageOfPage":{"@id":"https:\/\/franciscanos.org.br\/noticias\/inaugurada-capela-no-campus-de-sao-paulo.html#primaryimage"},"datePublished":"2012-08-17T16:22:05+00:00","dateModified":"2019-07-04T16:16:16+00:00","author":{"@id":"https:\/\/franciscanos.org.br\/noticias\/#\/schema\/person\/b38fbf43118f02820bd932f2e4b14ad3"},"breadcrumb":{"@id":"https:\/\/franciscanos.org.br\/noticias\/inaugurada-capela-no-campus-de-sao-paulo.html#breadcrumb"},"inLanguage":"pt-BR","potentialAction":[{"@type":"ReadAction","target":["https:\/\/franciscanos.org.br\/noticias\/inaugurada-capela-no-campus-de-sao-paulo.html"]}]},{"@type":"BreadcrumbList","@id":"https:\/\/franciscanos.org.br\/noticias\/inaugurada-capela-no-campus-de-sao-paulo.html#breadcrumb","itemListElement":[{"@type":"ListItem","position":1,"name":"Home","item":"https:\/\/franciscanos.org.br\/noticias"},{"@type":"ListItem","position":2,"name":"Inaugurada capela no campus de S\u00e3o Paulo"}]},{"@type":"Person","@id":"https:\/\/franciscanos.org.br\/noticias\/#\/schema\/person\/b38fbf43118f02820bd932f2e4b14ad3","name":"admin","image":{"@type":"ImageObject","inLanguage":"pt-BR","@id":"https:\/\/franciscanos.org.br\/noticias\/#\/schema\/person\/image\/","url":"https:\/\/secure.gravatar.com\/avatar\/e8495742d34d0ba6448ea1c628263b3e?s=96&d=mm&r=g","contentUrl":"https:\/\/secure.gravatar.com\/avatar\/e8495742d34d0ba6448ea1c628263b3e?s=96&d=mm&r=g","caption":"admin"},"url":"https:\/\/franciscanos.org.br\/noticias\/author\/admin"}]}},"_links":{"self":[{"href":"https:\/\/franciscanos.org.br\/noticias\/wp-json\/wp\/v2\/posts\/22334"}],"collection":[{"href":"https:\/\/franciscanos.org.br\/noticias\/wp-json\/wp\/v2\/posts"}],"about":[{"href":"https:\/\/franciscanos.org.br\/noticias\/wp-json\/wp\/v2\/types\/post"}],"author":[{"embeddable":true,"href":"https:\/\/franciscanos.org.br\/noticias\/wp-json\/wp\/v2\/users\/1"}],"replies":[{"embeddable":true,"href":"https:\/\/franciscanos.org.br\/noticias\/wp-json\/wp\/v2\/comments?post=22334"}],"version-history":[{"count":0,"href":"https:\/\/franciscanos.org.br\/noticias\/wp-json\/wp\/v2\/posts\/22334\/revisions"}],"wp:featuredmedia":[{"embeddable":true,"href":"https:\/\/franciscanos.org.br\/noticias\/wp-json\/wp\/v2\/media\/207279"}],"wp:attachment":[{"href":"https:\/\/franciscanos.org.br\/noticias\/wp-json\/wp\/v2\/media?parent=22334"}],"wp:term":[{"taxonomy":"category","embeddable":true,"href":"https:\/\/franciscanos.org.br\/noticias\/wp-json\/wp\/v2\/categories?post=22334"},{"taxonomy":"post_tag","embeddable":true,"href":"https:\/\/franciscanos.org.br\/noticias\/wp-json\/wp\/v2\/tags?post=22334"}],"curies":[{"name":"wp","href":"https:\/\/api.w.org\/{rel}","templated":true}]}}