{"id":223317,"date":"2020-04-22T06:27:06","date_gmt":"2020-04-22T09:27:06","guid":{"rendered":"https:\/\/franciscanos.org.br\/noticias\/?p=223317"},"modified":"2021-08-29T11:37:40","modified_gmt":"2021-08-29T14:37:40","slug":"papa-no-dia-mundial-da-terra-falhamos-em-nossa-responsabilidade-como-guardioes-da-terra","status":"publish","type":"post","link":"https:\/\/franciscanos.org.br\/noticias\/papa-no-dia-mundial-da-terra-falhamos-em-nossa-responsabilidade-como-guardioes-da-terra.html","title":{"rendered":"Papa no Dia Mundial da Terra: falhamos em nossa responsabilidade como guardi\u00f5es da terra"},"content":{"rendered":"<div id=\"attachment_223318\" style=\"width: 1010px\" class=\"wp-caption alignnone\"><img aria-describedby=\"caption-attachment-223318\" loading=\"lazy\" class=\"wp-image-223318 size-full\" src=\"https:\/\/franciscanos.org.br\/noticias\/wp-content\/uploads\/2020\/04\/audiencia_22.jpg\" alt=\"\" width=\"1000\" height=\"563\" srcset=\"https:\/\/franciscanos.org.br\/noticias\/wp-content\/uploads\/2020\/04\/audiencia_22.jpg 1000w, https:\/\/franciscanos.org.br\/noticias\/wp-content\/uploads\/2020\/04\/audiencia_22-450x253.jpg 450w, https:\/\/franciscanos.org.br\/noticias\/wp-content\/uploads\/2020\/04\/audiencia_22-768x432.jpg 768w, https:\/\/franciscanos.org.br\/noticias\/wp-content\/uploads\/2020\/04\/audiencia_22-150x84.jpg 150w\" sizes=\"(max-width: 1000px) 100vw, 1000px\" \/><p id=\"caption-attachment-223318\" class=\"wp-caption-text\">\u00a0 \u00a0 \u00a0 \u00a0 \u00a0 \u00a0 \u00a0 \u00a0 \u00a0 \u00a0 \u00a0 \u00a0 \u00a0 \u00a0 \u00a0 \u00a0 \u00a0 \u00a0 \u00a0 \u00a0 \u00a0 \u00a0 \u00a0 \u00a0 \u00a0 \u00a0 \u00a0 \u00a0 \u00a0 \u00a0 \u00a0 \u00a0 \u00a0 \u00a0 \u00a0 \u00a0 \u00a0 \u00a0 \u00a0 \u00a0 \u00a0 \u00a0 \u00a0 \u00a0 \u00a0 \u00a0 \u00a0 \u00a0 \u00a0 \u00a0 \u00a0 \u00a0 \u00a0 \u00a0 \u00a0 \u00a0 \u00a0 \u00a0 \u00a0<em> \u00a0 \u00a0 \u00a0 Imagem: Vatican Media<\/em><\/p><\/div>\n<p><strong>Cidade do Vaticano<\/strong> &#8211; A catequese do Papa Francisco, desta quarta-feira (22\/04), realizada na Biblioteca do Pal\u00e1cio Apost\u00f3lico por causa da pandemia de coronav\u00edrus, foi dedicada ao 50\u00ba Dia Mundial da Terra. \u201cCelebramos hoje o 50\u00ba Dia Mundial da Terra. \u00c9 uma oportunidade para renovar o nosso compromisso de amar a nossa Casa comum e cuidar dela e dos membros mais fr\u00e1geis de nossa fam\u00edlia. Como a tr\u00e1gica pandemia de coronav\u00edrus est\u00e1 nos mostrando, somente juntos e ajudando os mais fr\u00e1geis podemos vencer os desafios globais\u201d, disse o Pont\u00edfice.<\/p>\n<p>O Papa citou um trecho de sua Enc\u00edclica <em>Laudato Si\u2019<\/em> \u201cSobre o cuidado da Casa comum\u201d e convidou a refletir sobre a responsabilidade que caracteriza a \u201cnossa passagem nesta terra\u201d. A seguir, Francisco disse: \u201cSomos feitos de mat\u00e9ria terrestre, e os frutos da terra sustentam a nossa vida. Mas, como o livro do G\u00eanesis nos recorda, n\u00e3o somos simplesmente \u201cterrestres\u201d: tamb\u00e9m carregamos em n\u00f3s o sopro vital que vem de Deus. Portanto, vivemos na Casa comum como uma \u00fanica fam\u00edlia humana e na biodiversidade com as outras criaturas de Deus. Como <em>imago Dei<\/em>, somos chamados a cuidar e respeitar todas as criaturas e nutrir amor e compaix\u00e3o por nossos irm\u00e3os e irm\u00e3s, especialmente os mais fr\u00e1geis, imitando o amor de Deus por n\u00f3s, manifestado em seu Filho Jesus.<\/p>\n<p><strong>Nova maneira de olhar a nossa Casa comum<\/strong><br \/>\nSegundo Francisco, \u201cpor causa do ego\u00edsmo, falhamos em nossa responsabilidade como guardi\u00f5es e administradores da terra. \u2018Basta olhar a realidade com sinceridade para ver que h\u00e1 uma grande deteriora\u00e7\u00e3o de nossa Casa comum\u2019.\u201d \u201cN\u00f3s a polu\u00edmos e depredamos, colocando em risco nossa pr\u00f3pria vida. Por isso, v\u00e1rios movimentos internacionais e locais foram formados para despertar as consci\u00eancias\u201d, frisou o Papa que aprecia sinceramente essas iniciativas, reiterando \u201cque ainda ser\u00e1 necess\u00e1rio que os nossos filhos saiam \u00e0s ruas para nos ensinar o que \u00e9 \u00f3bvio, ou seja, que n\u00e3o h\u00e1 futuro para n\u00f3s se destru\u00edmos o ambiente que nos sustenta\u201d.<\/p>\n<p>Para Francisco, \u201cfalhamos em proteger a terra, nossa casa-jardim, e em proteger os nossos irm\u00e3os. Pecamos contra a terra, contra o nosso pr\u00f3ximo e contra o Criador, o Pai bom que prov\u00ea a todos e quer que vivamos juntos em comunh\u00e3o e prosperidade\u201d.<\/p>\n<p>\u201cE como a Terra reage?\u201d, perguntou o Papa, citando um \u201cditado espanhol que \u00e9 muito claro nisso, e diz o seguinte:<\/p>\n<p>\u201cDeus sempre perdoa; n\u00f3s, homens, perdoamos \u00e0s vezes sim, \u00e0s vezes n\u00e3o; a Terra nunca perdoa\u201d. A Terra n\u00e3o perdoa: se deterioramos a Terra, a resposta ser\u00e1 muito ruim.\u201d<\/p>\n<p>A seguir, o Papa perguntou: Como podemos restabelecer uma rela\u00e7\u00e3o harmoniosa com a terra e o resto da humanidade?<\/p>\n<p>\u201cPrecisamos de uma nova maneira de olhar a nossa Casa comum. Ela n\u00e3o \u00e9 um dep\u00f3sito de recursos a serem explorados. Para n\u00f3s, fi\u00e9is, o mundo natural \u00e9 o \u201cEvangelho da Cria\u00e7\u00e3o\u201d, que expressa o poder criativo de Deus em plasmar a vida humana e em fazer o mundo existir junto com o que ele cont\u00e9m para sustentar a humanidade. A narra\u00e7\u00e3o b\u00edblica da cria\u00e7\u00e3o termina assim: \u201cE Deus viu tudo o que havia feito, e tudo era muito bom\u201d.\u201d<\/p>\n<p><strong>Redescobrir o sentido do respeito sagrado pela terra<\/strong><br \/>\n\u201cQuando vemos essas trag\u00e9dias naturais que s\u00e3o a resposta da Terra aos nossos maus-tratos, penso: \u201cSe eu perguntar ao Senhor agora o que ele pensa sobre isso, n\u00e3o acredito que ele me diga que \u00e9 uma coisa muito boa\u201d. \u201cFomos n\u00f3s que arruinamos a obra do Senhor\u201d, disse ainda o Papa, acrescentando:<\/p>\n<p>Ao celebrar o Dia Mundial da Terra hoje, somos chamados a redescobrir o sentido do respeito sagrado pela terra, porque n\u00e3o \u00e9 apenas a nossa casa, mas tamb\u00e9m a casa de Deus. Da\u00ed vem a consci\u00eancia em n\u00f3s de estar numa terra sagrada!<\/p>\n<p>O Pont\u00edfice frisou que \u00e9 necess\u00e1rio despertar \u201co sentido est\u00e9tico e contemplativo que Deus colocou em n\u00f3s\u201d. Segundo ele, \u201ca profecia da contempla\u00e7\u00e3o \u00e9 algo que aprendemos sobretudo com os povos nativos, que nos ensinam que n\u00e3o podemos cuidar da Terra se n\u00e3o a amamos e n\u00e3o a respeitamos\u201d. A seguir, disse:\u00a0\u201cAo mesmo tempo, precisamos de uma convers\u00e3o ecol\u00f3gica expressa em a\u00e7\u00f5es concretas. Como uma fam\u00edlia \u00fanica e interdependente, precisamos de um plano compartilhado para afastar as amea\u00e7as contra nossa Casa comum.\u201d<\/p>\n<p>\u201cA interdepend\u00eancia nos obriga a pensar num s\u00f3 mundo, a um projeto comum\u201d. &#8220;Estamos conscientes da import\u00e2ncia de colaborar como comunidade internacional para a prote\u00e7\u00e3o de nossa Casa comum&#8221;.<\/p>\n<p><strong>Duas importantes Confer\u00eancias internacionais<\/strong><\/p>\n<p>O Papa exortou os que t\u00eam autoridade de guiar o processo que levar\u00e1 a duas importantes Confer\u00eancias internacionais: a COP15 sobre a Biodiversidade, em Kunming, na China, e a COP26 sobre Mudan\u00e7as Clim\u00e1ticas, em Glasgow, no Reino Unido. Incentivou a organiza\u00e7\u00e3o de a\u00e7\u00f5es miradas no \u00e2mbito nacional e local, e a dar vida a um movimento popular \u201cde baixo\u201d. \u201cO Dia Mundial da Terra, que celebramos hoje, nasceu assim. Cada um de n\u00f3s pode dar sua pequena contribui\u00e7\u00e3o\u201d, disse ele, citando um trecho da Enc\u00edclica<em> Laudato Si&#8217;<\/em>: \u201cE n\u00e3o se pense que estes esfor\u00e7os s\u00e3o incapazes de mudar o mundo. Estas a\u00e7\u00f5es espalham, na sociedade, um bem que frutifica sempre para al\u00e9m do que \u00e9 poss\u00edvel constatar; provocam, no seio desta terra, um bem que sempre tende a difundir-se, por vezes invisivelmente\u201d.<\/p>\n<p>Francisco concluiu sua catequese, pedindo que \u201cneste tempo de renova\u00e7\u00e3o pascal, procuremos amar e apreciar o magn\u00edfico dom da terra, nossa Casa comum e a cuidar de todos os membros da fam\u00edlia humana. Como irm\u00e3os e irm\u00e3s, supliquemos juntos o nosso Pai celestial: \u201cEnvia o seu Esp\u00edrito e renova a face da terra\u201d.<\/p>\n<hr \/>\n<h3>O Papa reza para que a Europa consiga ter a unidade fraterna sonhada pelos pais fundadores<\/h3>\n<p>Francisco presidiu a Missa na Casa Santa Marta, no Vaticano, na manh\u00e3 desta quarta-feira (22\/04) da II Semana do Tempo Pascal. Na introdu\u00e7\u00e3o, dirigiu seu pensamento \u00e0 Europa: Neste tempo no qual \u00e9 preciso muita unidade entre n\u00f3s, entre as na\u00e7\u00f5es, rezemos hoje pela Europa, a fim de que a Europa consiga ter esta unidade, esta unidade fraterna que os pais fundadores da Uni\u00e3o Europeia sonharam.<\/p>\n<p>Na homilia, o Papa comentou o Evangelho do dia (Jo 3,16-21) em que Jesus diz a Nicodemos que \u201cDeus amou tanto o mundo, que deu o seu Filho unig\u00eanito, para que n\u00e3o morra todo o que nele crer, mas tenha a vida eterna. De fato, Deus n\u00e3o enviou o seu Filho ao mundo para condenar o mundo, mas para que o mundo seja salvo por ele\u201d. E o julgamento \u00e9 este, afirma Jesus: \u201ca luz veio ao mundo, mas os homens preferiram as trevas \u00e0 luz, porque suas a\u00e7\u00f5es eram m\u00e1s\u201d. O amor de Deus parece uma loucura \u2013 disse o Papa \u2013, o Pai nos deu o Filho unig\u00eanito que morreu na cruz por n\u00f3s. O crucifixo \u00e9 o grande livro do amor de Deus por n\u00f3s. Muitos crist\u00e3os passam o tempo contemplando o crucifixo e nele encontram tudo, porque entenderam, o Esp\u00edrito Santo os fez entender que ali est\u00e1 toda a ci\u00eancia, todo o amor de Deus, toda a sabedoria crist\u00e3: a luz de Deus. Mas muitas pessoas \u2013 acrescentou \u2013 n\u00e3o podem viver na luz, s\u00e3o morcegos humanos que vivem na noite. E tamb\u00e9m n\u00f3s, quando vivemos no pecado, preferimos viver nas trevas e caminhamos como cegos. O Papa convidou a fazer-nos hoje esta pergunta: sou filho de Deus, filho da luz, ou filho das trevas? A seguir, o texto da homilia transcrita pelo Vatican News:<\/p>\n<p>Esta passagem do Evangelho de Jo\u00e3o, cap\u00edtulo 3\u00ba, o di\u00e1logo entre Jesus e Nicodemos, \u00e9 um verdadeiro tratado de teologia: aqui est\u00e1 tudo. O Kerigma, a catequese, a reflex\u00e3o teol\u00f3gica, a parenesi&#8230; est\u00e1 tudo, neste cap\u00edtulo. E toda vez que n\u00f3s o lemos, encontramos mais riqueza, mais explica\u00e7\u00f5es, mais coisas que nos fazem entender a revela\u00e7\u00e3o de Deus. Seria bonito l\u00ea-lo v\u00e1rias vezes, para aproximar-nos do mist\u00e9rio da reden\u00e7\u00e3o. Hoje, tomarei somente dois pontos de tudo isso, dois pontos que est\u00e3o na passagem de hoje.<\/p>\n<p>O primeiro \u00e9 a revela\u00e7\u00e3o do amor de Deus. Deus nos ama, e nos ama \u2013 como diz um santo \u2013 como uma loucura: o amor de Deus parece uma loucura. Ama-nos: \u201camou tanto o mundo, que deu o seu Filho unig\u00eanito\u201d. Deu o seu Filho, enviou seu Filho e o enviou para morrer na cruz. Toda vez que n\u00f3s olhamos o crucifixo, encontramos este amor. O crucifico \u00e9 o grande libro do amor de Deus. N\u00e3o \u00e9 um objeto a ser colocado aqui ou acol\u00e1, mais bonito, n\u00e3o t\u00e3o bonito, mais antigo, mais moderno&#8230; n\u00e3o. \u00c9 propriamente a express\u00e3o do amor de Deus. Deus nos amou assim: enviou seu Filho, (que) se aniquilou at\u00e9 a morte de cruz por amor. Deus amou tanto o mundo, que deu o seu Filho.<\/p>\n<p><strong>Uma passagem da homilia do Papa Francisco<\/strong><br \/>\nQuantas pessoas, quantos crist\u00e3os passam o tempo olhando o crucifixo&#8230; e nele encontram tudo, porque entenderam, o Esp\u00edrito Santo os fez entender que ali est\u00e1 toda a ci\u00eancia, todo o amor de Deus, toda a sabedoria crist\u00e3. Paulo fala disso, explicando que todos os racioc\u00ednios humanos que ele faz servem at\u00e9 um certo ponto, mas o verdadeiro racioc\u00ednio, o modo de pensar mais bonito, mas tamb\u00e9m que mais explica tudo \u00e9 a cruz de Cristo, \u00e9 Cristo crucificado que \u00e9 esc\u00e2ndalo e loucura, mas \u00e9 o caminho. E esse \u00e9 o amor de Deus. Deus amou tanto o mundo, que deu o seu Filho unig\u00eanito. E por que? Para que todo aquele que crer n\u2019Ele n\u00e3o se perca, mas tenha a vida eterna. O amor do Pai que quer seus filhos consigo.<\/p>\n<p>Olhar o crucifixo em sil\u00eancio, olhar as chagas, olhar o cora\u00e7\u00e3o de Jesus, olhar o todo: Cristo crucificado, o Filho de Deus, aniquilado, humilhado&#8230; por amor. Este \u00e9 o primeiro ponto que hoje este tratado de teologia nos mostra, que \u00e9 o di\u00e1logo de Jesus com Nicodemos.<\/p>\n<p>O segundo ponto \u00e9 um ponto que nos ajudar\u00e1, tamb\u00e9m: \u201cA luz veio ao mundo, mas os homens preferiram as trevas \u00e0 luz, porque suas a\u00e7\u00f5es era m\u00e1s\u201d. Jesus retoma tamb\u00e9m essa luz. H\u00e1 pessoas \u2013 tamb\u00e9m n\u00f3s, muitas vezes \u2013 que n\u00e3o podem viver na luz porque est\u00e3o acostumadas com as trevas. A luz as encandeia, s\u00e3o incapazes de ver. S\u00e3o morcegos humanos: sabem deslocar-se somente na noite. E tamb\u00e9m n\u00f3s, quando estamos no pecado, nos encontramos nesse estado: n\u00e3o toleramos a luz. Viver nas trevas \u00e9 mais c\u00f4modo para n\u00f3s; a luz nos esbofeteia, nos mostra aquilo que n\u00e3o queremos ver. Mas o pior \u00e9 que os olhos, os olhos da alma de tanto viver nas trevas se acostumam a tal ponto que acabam por ignorar o que vem a ser a luz. Perder o sentido da luz porque me acostumo mais com as trevas. E muitos esc\u00e2ndalos humanos, muitas corrup\u00e7\u00f5es nos indicam isso. Os corruptos n\u00e3o sabem o que \u00e9 a luz, n\u00e3o conhecem. Tamb\u00e9m n\u00f3s, quando nos encontramos em estado de pecado, em estado de distanciamento do Senhor, nos tornamos cegos e nos sentimos melhor nas trevas e caminhamos assim, sem ver, como os cegos, deslocando-nos como podemos.<\/p>\n<p>Deixemos que o amor de Deus, que enviou Jesus para salvar-nos, entre em n\u00f3s e a luz que Jesus traz, a luz do Esp\u00edrito entre em n\u00f3s e nos ajude a ver as coisas com a luz de Deus, com a luz verdadeira e n\u00e3o com as trevas que o senhor das trevas nos d\u00e1.<\/p>\n<p>Duas coisas, hoje: o amor de Deus no Cristo, no crucificado; no cotidiano, na pergunta cotidiana que podemos fazer-nos: \u201cEu caminho na luz ou caminho nas trevas? Sou filho de Deus ou acabei me tornando um pobre morcego?\u201d<\/p>\n<p>O Santo Padre terminou a celebra\u00e7\u00e3o com a adora\u00e7\u00e3o e a b\u00ean\u00e7\u00e3o eucar\u00edstica, convidando a fazer a Comunh\u00e3o espiritual. A seguir, a ora\u00e7\u00e3o recitada pelo Papa:<\/p>\n<p style=\"padding-left: 40px;\"><em>Meu Jesus, eu creio que estais presente no Sant\u00edssimo Sacramento do Altar. Amo-vos sobre todas as coisas, e minha alma suspira por V\u00f3s. Mas, como n\u00e3o posso receber-Vos agora no Sant\u00edssimo Sacramento, vinde, ao menos espiritualmente, a meu cora\u00e7\u00e3o. Abra\u00e7o-me convosco como se j\u00e1 estiv\u00e9sseis comigo: uno-me Convosco inteiramente. Ah! n\u00e3o permitais que torne a separar-me de V\u00f3s!<\/em><\/p>\n<p>Antes de deixar a Capela dedicada ao Esp\u00edrito Santo foi entoada a ant\u00edfona mariana \u201cRegina caeli\u201d, cantada no tempo pascal:<\/p>\n<p style=\"padding-left: 40px;\"><em>Rainha dos c\u00e9us, alegrai-vos. Aleluia!<\/em><\/p>\n<p style=\"padding-left: 40px;\"><em>Porque Aquele que merecestes trazer em vosso seio. Aleluia!<\/em><\/p>\n<p style=\"padding-left: 40px;\"><em>Ressuscitou como disse. Aleluia!<\/em><\/p>\n<p style=\"padding-left: 40px;\"><em>Rogai por n\u00f3s a Deus. Aleluia!<\/em><\/p>\n<p style=\"padding-left: 40px;\"><em>D.\/ Alegrai-vos e exultai, \u00f3 Virgem Maria. Aleluia!<\/em><\/p>\n<p style=\"padding-left: 40px;\"><em>C.\/ Porque o Senhor ressuscitou, verdadeiramente. Aleluia!<\/em><\/p>\n<hr \/>\n<p><em>Fonte: Vatican News<\/em><\/p>\n","protected":false},"excerpt":{"rendered":"<p>Audi\u00eancia Geral<\/p>\n","protected":false},"author":3,"featured_media":223319,"comment_status":"open","ping_status":"open","sticky":false,"template":"","format":"standard","meta":[],"categories":[1428],"tags":[487],"acf":[],"yoast_head":"<!-- This site is optimized with the Yoast SEO plugin v19.2 - https:\/\/yoast.com\/wordpress\/plugins\/seo\/ -->\n<title>Papa no Dia Mundial da Terra: falhamos em nossa responsabilidade como guardi\u00f5es da terra - Not\u00edcias - Franciscanos<\/title>\n<meta name=\"robots\" content=\"index, follow, max-snippet:-1, max-image-preview:large, max-video-preview:-1\" \/>\n<link rel=\"canonical\" href=\"https:\/\/franciscanos.org.br\/noticias\/papa-no-dia-mundial-da-terra-falhamos-em-nossa-responsabilidade-como-guardioes-da-terra.html\" \/>\n<meta property=\"og:locale\" content=\"pt_BR\" \/>\n<meta property=\"og:type\" content=\"article\" \/>\n<meta property=\"og:title\" content=\"Papa no Dia Mundial da Terra: falhamos em nossa responsabilidade como guardi\u00f5es da terra - Not\u00edcias - Franciscanos\" \/>\n<meta property=\"og:description\" content=\"Audi\u00eancia Geral\" \/>\n<meta property=\"og:url\" content=\"https:\/\/franciscanos.org.br\/noticias\/papa-no-dia-mundial-da-terra-falhamos-em-nossa-responsabilidade-como-guardioes-da-terra.html\" \/>\n<meta property=\"og:site_name\" content=\"Not\u00edcias - Franciscanos\" \/>\n<meta property=\"article:published_time\" content=\"2020-04-22T09:27:06+00:00\" \/>\n<meta property=\"article:modified_time\" content=\"2021-08-29T14:37:40+00:00\" \/>\n<meta property=\"og:image\" content=\"https:\/\/franciscanos.org.br\/noticias\/wp-content\/uploads\/2020\/04\/audiencia_22d.jpg\" \/>\n\t<meta property=\"og:image:width\" content=\"800\" \/>\n\t<meta property=\"og:image:height\" content=\"601\" \/>\n\t<meta property=\"og:image:type\" content=\"image\/jpeg\" \/>\n<meta name=\"author\" content=\"moacir\" \/>\n<meta name=\"twitter:card\" content=\"summary_large_image\" \/>\n<meta name=\"twitter:label1\" content=\"Escrito por\" \/>\n\t<meta name=\"twitter:data1\" content=\"moacir\" \/>\n\t<meta name=\"twitter:label2\" content=\"Est. tempo de leitura\" \/>\n\t<meta name=\"twitter:data2\" content=\"11 minutos\" \/>\n<script type=\"application\/ld+json\" class=\"yoast-schema-graph\">{\"@context\":\"https:\/\/schema.org\",\"@graph\":[{\"@type\":\"WebSite\",\"@id\":\"https:\/\/franciscanos.org.br\/noticias\/#website\",\"url\":\"https:\/\/franciscanos.org.br\/noticias\/\",\"name\":\"Not\u00edcias - Franciscanos\",\"description\":\"Prov\u00edncia Franciscana da Imaculada Concei\u00e7\u00e3o do Brasil - Ordem dos Frades Menores - OFM\",\"potentialAction\":[{\"@type\":\"SearchAction\",\"target\":{\"@type\":\"EntryPoint\",\"urlTemplate\":\"https:\/\/franciscanos.org.br\/noticias\/?s={search_term_string}\"},\"query-input\":\"required name=search_term_string\"}],\"inLanguage\":\"pt-BR\"},{\"@type\":\"ImageObject\",\"inLanguage\":\"pt-BR\",\"@id\":\"https:\/\/franciscanos.org.br\/noticias\/papa-no-dia-mundial-da-terra-falhamos-em-nossa-responsabilidade-como-guardioes-da-terra.html#primaryimage\",\"url\":\"https:\/\/franciscanos.org.br\/noticias\/wp-content\/uploads\/2020\/04\/audiencia_22d.jpg\",\"contentUrl\":\"https:\/\/franciscanos.org.br\/noticias\/wp-content\/uploads\/2020\/04\/audiencia_22d.jpg\",\"width\":800,\"height\":601},{\"@type\":\"WebPage\",\"@id\":\"https:\/\/franciscanos.org.br\/noticias\/papa-no-dia-mundial-da-terra-falhamos-em-nossa-responsabilidade-como-guardioes-da-terra.html#webpage\",\"url\":\"https:\/\/franciscanos.org.br\/noticias\/papa-no-dia-mundial-da-terra-falhamos-em-nossa-responsabilidade-como-guardioes-da-terra.html\",\"name\":\"Papa no Dia Mundial da Terra: falhamos em nossa responsabilidade como guardi\u00f5es da terra - Not\u00edcias - Franciscanos\",\"isPartOf\":{\"@id\":\"https:\/\/franciscanos.org.br\/noticias\/#website\"},\"primaryImageOfPage\":{\"@id\":\"https:\/\/franciscanos.org.br\/noticias\/papa-no-dia-mundial-da-terra-falhamos-em-nossa-responsabilidade-como-guardioes-da-terra.html#primaryimage\"},\"datePublished\":\"2020-04-22T09:27:06+00:00\",\"dateModified\":\"2021-08-29T14:37:40+00:00\",\"author\":{\"@id\":\"https:\/\/franciscanos.org.br\/noticias\/#\/schema\/person\/b5c8cba458c330ccff548b056e95a5d4\"},\"breadcrumb\":{\"@id\":\"https:\/\/franciscanos.org.br\/noticias\/papa-no-dia-mundial-da-terra-falhamos-em-nossa-responsabilidade-como-guardioes-da-terra.html#breadcrumb\"},\"inLanguage\":\"pt-BR\",\"potentialAction\":[{\"@type\":\"ReadAction\",\"target\":[\"https:\/\/franciscanos.org.br\/noticias\/papa-no-dia-mundial-da-terra-falhamos-em-nossa-responsabilidade-como-guardioes-da-terra.html\"]}]},{\"@type\":\"BreadcrumbList\",\"@id\":\"https:\/\/franciscanos.org.br\/noticias\/papa-no-dia-mundial-da-terra-falhamos-em-nossa-responsabilidade-como-guardioes-da-terra.html#breadcrumb\",\"itemListElement\":[{\"@type\":\"ListItem\",\"position\":1,\"name\":\"Home\",\"item\":\"https:\/\/franciscanos.org.br\/noticias\"},{\"@type\":\"ListItem\",\"position\":2,\"name\":\"Papa no Dia Mundial da Terra: falhamos em nossa responsabilidade como guardi\u00f5es da terra\"}]},{\"@type\":\"Person\",\"@id\":\"https:\/\/franciscanos.org.br\/noticias\/#\/schema\/person\/b5c8cba458c330ccff548b056e95a5d4\",\"name\":\"moacir\",\"image\":{\"@type\":\"ImageObject\",\"inLanguage\":\"pt-BR\",\"@id\":\"https:\/\/franciscanos.org.br\/noticias\/#\/schema\/person\/image\/\",\"url\":\"https:\/\/secure.gravatar.com\/avatar\/d08aa2ce4c8dd416d4479aa8536fcf64?s=96&d=mm&r=g\",\"contentUrl\":\"https:\/\/secure.gravatar.com\/avatar\/d08aa2ce4c8dd416d4479aa8536fcf64?s=96&d=mm&r=g\",\"caption\":\"moacir\"},\"url\":\"https:\/\/franciscanos.org.br\/noticias\/author\/moacir\"}]}<\/script>\n<!-- \/ Yoast SEO plugin. -->","yoast_head_json":{"title":"Papa no Dia Mundial da Terra: falhamos em nossa responsabilidade como guardi\u00f5es da terra - Not\u00edcias - Franciscanos","robots":{"index":"index","follow":"follow","max-snippet":"max-snippet:-1","max-image-preview":"max-image-preview:large","max-video-preview":"max-video-preview:-1"},"canonical":"https:\/\/franciscanos.org.br\/noticias\/papa-no-dia-mundial-da-terra-falhamos-em-nossa-responsabilidade-como-guardioes-da-terra.html","og_locale":"pt_BR","og_type":"article","og_title":"Papa no Dia Mundial da Terra: falhamos em nossa responsabilidade como guardi\u00f5es da terra - Not\u00edcias - Franciscanos","og_description":"Audi\u00eancia Geral","og_url":"https:\/\/franciscanos.org.br\/noticias\/papa-no-dia-mundial-da-terra-falhamos-em-nossa-responsabilidade-como-guardioes-da-terra.html","og_site_name":"Not\u00edcias - Franciscanos","article_published_time":"2020-04-22T09:27:06+00:00","article_modified_time":"2021-08-29T14:37:40+00:00","og_image":[{"width":800,"height":601,"url":"https:\/\/franciscanos.org.br\/noticias\/wp-content\/uploads\/2020\/04\/audiencia_22d.jpg","type":"image\/jpeg"}],"author":"moacir","twitter_card":"summary_large_image","twitter_misc":{"Escrito por":"moacir","Est. tempo de leitura":"11 minutos"},"schema":{"@context":"https:\/\/schema.org","@graph":[{"@type":"WebSite","@id":"https:\/\/franciscanos.org.br\/noticias\/#website","url":"https:\/\/franciscanos.org.br\/noticias\/","name":"Not\u00edcias - Franciscanos","description":"Prov\u00edncia Franciscana da Imaculada Concei\u00e7\u00e3o do Brasil - Ordem dos Frades Menores - OFM","potentialAction":[{"@type":"SearchAction","target":{"@type":"EntryPoint","urlTemplate":"https:\/\/franciscanos.org.br\/noticias\/?s={search_term_string}"},"query-input":"required name=search_term_string"}],"inLanguage":"pt-BR"},{"@type":"ImageObject","inLanguage":"pt-BR","@id":"https:\/\/franciscanos.org.br\/noticias\/papa-no-dia-mundial-da-terra-falhamos-em-nossa-responsabilidade-como-guardioes-da-terra.html#primaryimage","url":"https:\/\/franciscanos.org.br\/noticias\/wp-content\/uploads\/2020\/04\/audiencia_22d.jpg","contentUrl":"https:\/\/franciscanos.org.br\/noticias\/wp-content\/uploads\/2020\/04\/audiencia_22d.jpg","width":800,"height":601},{"@type":"WebPage","@id":"https:\/\/franciscanos.org.br\/noticias\/papa-no-dia-mundial-da-terra-falhamos-em-nossa-responsabilidade-como-guardioes-da-terra.html#webpage","url":"https:\/\/franciscanos.org.br\/noticias\/papa-no-dia-mundial-da-terra-falhamos-em-nossa-responsabilidade-como-guardioes-da-terra.html","name":"Papa no Dia Mundial da Terra: falhamos em nossa responsabilidade como guardi\u00f5es da terra - Not\u00edcias - Franciscanos","isPartOf":{"@id":"https:\/\/franciscanos.org.br\/noticias\/#website"},"primaryImageOfPage":{"@id":"https:\/\/franciscanos.org.br\/noticias\/papa-no-dia-mundial-da-terra-falhamos-em-nossa-responsabilidade-como-guardioes-da-terra.html#primaryimage"},"datePublished":"2020-04-22T09:27:06+00:00","dateModified":"2021-08-29T14:37:40+00:00","author":{"@id":"https:\/\/franciscanos.org.br\/noticias\/#\/schema\/person\/b5c8cba458c330ccff548b056e95a5d4"},"breadcrumb":{"@id":"https:\/\/franciscanos.org.br\/noticias\/papa-no-dia-mundial-da-terra-falhamos-em-nossa-responsabilidade-como-guardioes-da-terra.html#breadcrumb"},"inLanguage":"pt-BR","potentialAction":[{"@type":"ReadAction","target":["https:\/\/franciscanos.org.br\/noticias\/papa-no-dia-mundial-da-terra-falhamos-em-nossa-responsabilidade-como-guardioes-da-terra.html"]}]},{"@type":"BreadcrumbList","@id":"https:\/\/franciscanos.org.br\/noticias\/papa-no-dia-mundial-da-terra-falhamos-em-nossa-responsabilidade-como-guardioes-da-terra.html#breadcrumb","itemListElement":[{"@type":"ListItem","position":1,"name":"Home","item":"https:\/\/franciscanos.org.br\/noticias"},{"@type":"ListItem","position":2,"name":"Papa no Dia Mundial da Terra: falhamos em nossa responsabilidade como guardi\u00f5es da terra"}]},{"@type":"Person","@id":"https:\/\/franciscanos.org.br\/noticias\/#\/schema\/person\/b5c8cba458c330ccff548b056e95a5d4","name":"moacir","image":{"@type":"ImageObject","inLanguage":"pt-BR","@id":"https:\/\/franciscanos.org.br\/noticias\/#\/schema\/person\/image\/","url":"https:\/\/secure.gravatar.com\/avatar\/d08aa2ce4c8dd416d4479aa8536fcf64?s=96&d=mm&r=g","contentUrl":"https:\/\/secure.gravatar.com\/avatar\/d08aa2ce4c8dd416d4479aa8536fcf64?s=96&d=mm&r=g","caption":"moacir"},"url":"https:\/\/franciscanos.org.br\/noticias\/author\/moacir"}]}},"_links":{"self":[{"href":"https:\/\/franciscanos.org.br\/noticias\/wp-json\/wp\/v2\/posts\/223317"}],"collection":[{"href":"https:\/\/franciscanos.org.br\/noticias\/wp-json\/wp\/v2\/posts"}],"about":[{"href":"https:\/\/franciscanos.org.br\/noticias\/wp-json\/wp\/v2\/types\/post"}],"author":[{"embeddable":true,"href":"https:\/\/franciscanos.org.br\/noticias\/wp-json\/wp\/v2\/users\/3"}],"replies":[{"embeddable":true,"href":"https:\/\/franciscanos.org.br\/noticias\/wp-json\/wp\/v2\/comments?post=223317"}],"version-history":[{"count":4,"href":"https:\/\/franciscanos.org.br\/noticias\/wp-json\/wp\/v2\/posts\/223317\/revisions"}],"predecessor-version":[{"id":234007,"href":"https:\/\/franciscanos.org.br\/noticias\/wp-json\/wp\/v2\/posts\/223317\/revisions\/234007"}],"wp:featuredmedia":[{"embeddable":true,"href":"https:\/\/franciscanos.org.br\/noticias\/wp-json\/wp\/v2\/media\/223319"}],"wp:attachment":[{"href":"https:\/\/franciscanos.org.br\/noticias\/wp-json\/wp\/v2\/media?parent=223317"}],"wp:term":[{"taxonomy":"category","embeddable":true,"href":"https:\/\/franciscanos.org.br\/noticias\/wp-json\/wp\/v2\/categories?post=223317"},{"taxonomy":"post_tag","embeddable":true,"href":"https:\/\/franciscanos.org.br\/noticias\/wp-json\/wp\/v2\/tags?post=223317"}],"curies":[{"name":"wp","href":"https:\/\/api.w.org\/{rel}","templated":true}]}}