{"id":223299,"date":"2020-04-21T07:17:21","date_gmt":"2020-04-21T10:17:21","guid":{"rendered":"https:\/\/franciscanos.org.br\/noticias\/?p=223299"},"modified":"2020-06-06T11:40:52","modified_gmt":"2020-06-06T14:40:52","slug":"papa-o-silencio-do-tempo-atual-nos-ensine-a-ouvir","status":"publish","type":"post","link":"https:\/\/franciscanos.org.br\/noticias\/papa-o-silencio-do-tempo-atual-nos-ensine-a-ouvir.html","title":{"rendered":"Papa: o sil\u00eancio do tempo atual nos ensine a ouvir"},"content":{"rendered":"<p>&nbsp;<\/p>\n<p>&nbsp;<\/p>\n<p><img loading=\"lazy\" class=\"alignleft size-full wp-image-223306\" src=\"https:\/\/franciscanos.org.br\/noticias\/wp-content\/uploads\/2020\/04\/marta_210420.jpg\" alt=\"\" width=\"1262\" height=\"720\" srcset=\"https:\/\/franciscanos.org.br\/noticias\/wp-content\/uploads\/2020\/04\/marta_210420.jpg 1262w, https:\/\/franciscanos.org.br\/noticias\/wp-content\/uploads\/2020\/04\/marta_210420-450x257.jpg 450w, https:\/\/franciscanos.org.br\/noticias\/wp-content\/uploads\/2020\/04\/marta_210420-1024x584.jpg 1024w, https:\/\/franciscanos.org.br\/noticias\/wp-content\/uploads\/2020\/04\/marta_210420-768x438.jpg 768w, https:\/\/franciscanos.org.br\/noticias\/wp-content\/uploads\/2020\/04\/marta_210420-150x86.jpg 150w\" sizes=\"(max-width: 1262px) 100vw, 1262px\" \/><\/p>\n<p><strong>Cidade do Vaticano<\/strong> &#8211; Francisco presidiu a Missa na Casa Santa Marta na manh\u00e3 desta ter\u00e7a-feira (21\/04) da II Semana da P\u00e1scoa. Na introdu\u00e7\u00e3o, pensou na oportunidade que nos \u00e9 oferecida pelo sil\u00eancio deste per\u00edodo: No tempo atual h\u00e1 muito sil\u00eancio. Tamb\u00e9m o sil\u00eancio pode ser ouvido. Que este sil\u00eancio, que de certo modo \u00e9 novo em nossos h\u00e1bitos, nos ensine a ouvir, nos fa\u00e7a crescer na capacidade de ouvir. Rezemos por isso.<\/p>\n<p>Na homilia, o Papa comentou a passagem de hoje dos Atos dos Ap\u00f3stolos (At 4,32-37) que descreve a vida dos membros da primeira comunidade crist\u00e3 que tinham um s\u00f3 cora\u00e7\u00e3o e uma s\u00f3 alma e ningu\u00e9m considerava como pr\u00f3prias as coisas que possu\u00eda, mas tudo era posto em comum, e entre eles ningu\u00e9m passava necessidade. O Esp\u00edrito Santo \u2013 afirmou Francisco \u2013 \u00e9 capaz de fazer estas maravilhas. A primeira comunidade crist\u00e3 \u00e9 um modelo, um ideal, sinal daquilo que o Esp\u00edrito Santo pode fazer se somos d\u00f3ceis. O Esp\u00edrito cria a harmonia. Depois chegam os problemas e as divis\u00f5es. H\u00e1 tr\u00eas causa de divis\u00e3o: a primeira \u00e9 o dinheiro. Os pobres s\u00e3o discriminados. O dinheiro divide a comunidade, a Igreja. Muitas vezes, por tr\u00e1s de desvios doutrinais est\u00e1 o dinheiro. A pobreza, ao inv\u00e9s, \u00e9 a m\u00e3e da comunidade. Muitas fam\u00edlias se dividem por uma heran\u00e7a. A segunda coisa que divide \u00e9 a vaidade, o sentir-se melhores do que os outros e o mostrar-se como fazem os pav\u00f5es. A terceira coisa que divide a comunidade \u00e9 o mexerico, que o diabo coloca em n\u00f3s como uma necessidade de difamar os outros. O Esp\u00edrito vem salvar-nos destas tenta\u00e7\u00f5es mundanas. Pe\u00e7amos ao Senhor \u2013 foi a ora\u00e7\u00e3o conclusiva do Papa \u2013 a docilidade ao Esp\u00edrito para que nos transforme e transforme nossas comunidades para seguir adiante na harmonia. A seguir, o texto da homilia transcrita pelo Vatican News:<\/p>\n<p>Nascer do alto \u00e9 nascer com a for\u00e7a do Esp\u00edrito Santo. N\u00e3o podemos pegar o Esp\u00edrito Santo para n\u00f3s; somente, podemos deixar que Ele nos transforme. E a nossa docilidade abre a porta ao Esp\u00edrito Santo: \u00e9 Ele que faz a mudan\u00e7a, a transforma\u00e7\u00e3o, este renascimento do alto. \u00c9 a promessa de Jesus de enviar o Esp\u00edrito Santo. O Esp\u00edrito Santo \u00e9 capaz de fazer maravilhas, coisas que n\u00f3s nem mesmo podemos pensar.<\/p>\n<p>Um exemplo desta primeira comunidade crist\u00e3, que n\u00e3o \u00e9 uma fantasia, isto nos \u00e9 dito aqui: \u00e9 um modelo, onde se pode chegar quando se tem a docilidade e se deixa o Esp\u00edrito Santo entrar e nos transforma. Uma comunidade \u2013 digamos assim \u2013 \u201cideal\u201d. \u00c9 verdade que logo depois disso come\u00e7am os problemas, mas o Senhor nos mostra at\u00e9 onde podemos chegar se somos abertos ao Esp\u00edrito Santo, se somos d\u00f3ceis. Nesta comunidade h\u00e1 harmonia. O Esp\u00edrito Santo \u00e9 o mestre da harmonia, \u00e9 capaz de faz\u00ea-la e aqui a fez. Deve faz\u00ea-la em nosso cora\u00e7\u00e3o, deve mudar muitas coisas em n\u00f3s, mas fazer a harmonia: porque Ele mesmo \u00e9 a harmonia. Tamb\u00e9m entre o Pai e o Filho: Ele \u00e9 o amor de harmonia. E Ele, com a harmonia, cria essas coisas como esta comunidade t\u00e3o harm\u00f4nica. Mas depois, a hist\u00f3ria nos fala \u2013 o pr\u00f3prio Livro dos Atos dos Ap\u00f3stolos \u2013 de muitos problemas na comunidade. Este \u00e9 um modelo: o Senhor permitiu este modelo de uma comunidade quase \u201cceleste\u201d, para mostrar-nos onde deveremos chegar.<\/p>\n<p>Mas depois come\u00e7am as divis\u00f5es, na comunidade. O ap\u00f3stolo Tiago, no segundo cap\u00edtulo da sua Carta, diz: \u201cQue vossa f\u00e9 seja imune de favoritismos pessoais\u201d: porque havia! \u201cN\u00e3o discrimineis\u201d: os ap\u00f3stolos devem sair para advertir. E Paulo, na primeira Carta aos Cor\u00edntios, no cap\u00edtulo 11, se lamenta: \u201cOuvi que h\u00e1 divis\u00f5es entre v\u00f3s\u201d: come\u00e7am as divis\u00f5es internas nas comunidades. Este \u201cideal\u201d \u00e9 a ser alcan\u00e7ado, mas n\u00e3o \u00e9 f\u00e1cil: h\u00e1 muitas coisas que dividem uma comunidade, seja uma comunidade crist\u00e3, paroquial ou diocesana ou presbiteral ou de religiosos ou religiosas\u2026 muitas coisas entram para dividir a comunidade.<\/p>\n<p>Olhando quais s\u00e3o as coisas que dividiram as primeiras comunidades crist\u00e3s, encontro tr\u00eas: primeiro, o dinheiro. Quando o ap\u00f3stolos Tiago diz isto, que n\u00e3o se deve ter favoritismos pessoais, d\u00e1 um exemplo porque \u201cse na sua igreja, na sua assembleia entra um com o anel de ouro, imediatamente levam-no para frente, e o pobre \u00e9 deixado de lado\u201d. O dinheiro. Paulo diz ainda a mesma coisa: \u201cOs ricos trazem de comer e eles comem, e os pobres, de p\u00e9\u201d, os deixamos ali como a dizer-lhes: \u201cSe vire com pode\u201d.<\/p>\n<p><strong>Uma passagem da homilia do Papa Francisco<\/strong><br \/>\n<em>O dinheiro divide, o amor pelo dinheiro divide a comunidade, divide a Igreja.<\/em><\/p>\n<p>Muitas vezes, na hist\u00f3ria da Igreja, onde h\u00e1 desvios doutrinais \u2013 nem sempre, por\u00e9m muitas vezes \u2013, por tr\u00e1s est\u00e1 o dinheiro: o dinheiro do poder, seja o poder pol\u00edtico, seja dinheiro em esp\u00e9cie, mas \u00e9 dinheiro. O dinheiro divide a comunidade. Por isso, a pobreza \u00e9 a m\u00e3e da comunidade, a pobreza \u00e9 o muro que protege a comunidade. O dinheiro divide, o interesse pessoal. Tamb\u00e9m nas fam\u00edlias: quantas fam\u00edlias acabaram divididas por (causa de) uma heran\u00e7a? Quantas fam\u00edlias? E n\u00e3o se falam mais\u2026 Quantas fam\u00edlias\u2026 Uma heran\u00e7a\u2026 Divide: o dinheiro divide.<\/p>\n<p>Outra coisa que divide uma comunidade \u00e9 a vaidade, aquela vontade de sentir-se melhor do que os outros. \u201cSenhor, agrade\u00e7o, porque n\u00e3o sou como os outros\u201d, a ora\u00e7\u00e3o do fariseu. A vaidade, sentir-me que\u2026 E tamb\u00e9m a vaidade no mostrar-me, a vaidade nos costumes, no vestir-se: quantas vezes \u2013 nem sempre mas quantas vezes \u2013 a celebra\u00e7\u00e3o de um sacramento \u00e9 um exemplo de vaidade, quem vai com as melhores roupas, quem faz isso e aquilo\u2026 A vaidade\u2026 a festa maior\u2026 Tamb\u00e9m a\u00ed entra a vaidade. E a vaidade divide. Porque a vaidade leva voc\u00ea a pavonear-se e onde est\u00e1 o pav\u00e3o, h\u00e1 divis\u00e3o, sempre.<\/p>\n<p>Uma terceira coisa que divide uma comunidade \u00e9 o mexerico: n\u00e3o \u00e9 a primeira vez que digo isso, mas \u00e9 a realidade. Aquela coisa que o diabo coloca em n\u00f3s, como uma necessidade de difamar os outros. \u201cMas que pessoa boa que \u00e9\u2026\u201d \u2013 \u201cSim, sim, mas por\u00e9m\u2026\u201d Imediatamente depois o \u201cmas\u201d: isso \u00e9 uma pedra para desqualificar o outro e logo ap\u00f3s algo que ouvi, conto em seguida, e assim o diminuo um pouco.<\/p>\n<p>Mas o Esp\u00edrito vem sempre com a sua for\u00e7a par salvar-nos deste mundanismo do dinheiro, da vaidade e do mexerico, porque o Esp\u00edrito n\u00e3o \u00e9 o mundo: \u00e9 contra o mundo. \u00c9 capaz de fazer esses milagres, essas grandes coisas.<\/p>\n<p>Pe\u00e7amos ao Senhor essa docilidade ao Esp\u00edrito para que Ele nos transforme e transforme nossas comunidades, nossas comunidades paroquiais, diocesanas, religiosas: as transforme, para caminhar sempre avante na harmonia que Jesus quer para a comunidade crist\u00e3.<\/p>\n<p>O Santo Padre terminou a celebra\u00e7\u00e3o com a adora\u00e7\u00e3o e a b\u00ean\u00e7\u00e3o eucar\u00edstica, convidando a fazer a Comunh\u00e3o espiritual. A seguir, a ora\u00e7\u00e3o recitada pelo Papa:<\/p>\n<p style=\"padding-left: 40px;\"><em>Meu Jesus, eu creio que estais presente no Sant\u00edssimo Sacramento do Altar. Amo-vos sobre todas as coisas, e minha alma suspira por V\u00f3s. Mas, como n\u00e3o posso receber-Vos agora no Sant\u00edssimo Sacramento, vinde, ao menos espiritualmente, a meu cora\u00e7\u00e3o. Abra\u00e7o-me convosco como se j\u00e1 estiv\u00e9sseis comigo: uno-me Convosco inteiramente. Ah! n\u00e3o permitais que torne a separar-me de V\u00f3s!<\/em><\/p>\n<p>Antes de deixar a Capela dedicada ao Esp\u00edrito Santo foi entoada a ant\u00edfona mariana \u201cRegina caeli\u201d, cantada no tempo pascal:<\/p>\n<p style=\"padding-left: 40px;\"><em>Rainha dos c\u00e9us, alegrai-vos. Aleluia!<\/em><\/p>\n<p style=\"padding-left: 40px;\"><em>Porque Aquele que merecestes trazer em vosso seio. Aleluia!<\/em><\/p>\n<p style=\"padding-left: 40px;\"><em>Ressuscitou como disse. Aleluia!<\/em><\/p>\n<p style=\"padding-left: 40px;\"><em>Rogai por n\u00f3s a Deus. Aleluia!<\/em><\/p>\n<p style=\"padding-left: 40px;\"><em>D.\/ Alegrai-vos e exultai, \u00f3 Virgem Maria. Aleluia!<\/em><\/p>\n<p style=\"padding-left: 40px;\"><em>C.\/ Porque o Senhor ressuscitou, verdadeiramente. Aleluia!<\/em><\/p>\n<hr \/>\n<p><em>Fonte: Vatican News<\/em><\/p>\n","protected":false},"excerpt":{"rendered":"<p>Missa em Santa Marta<\/p>\n","protected":false},"author":3,"featured_media":223301,"comment_status":"open","ping_status":"open","sticky":false,"template":"","format":"standard","meta":[],"categories":[1428],"tags":[1586],"acf":[],"yoast_head":"<!-- This site is optimized with the Yoast SEO plugin v19.2 - https:\/\/yoast.com\/wordpress\/plugins\/seo\/ -->\n<title>Papa: o sil\u00eancio do tempo atual nos ensine a ouvir - Not\u00edcias - Franciscanos<\/title>\n<meta name=\"robots\" content=\"index, follow, max-snippet:-1, max-image-preview:large, max-video-preview:-1\" \/>\n<link rel=\"canonical\" href=\"https:\/\/franciscanos.org.br\/noticias\/papa-o-silencio-do-tempo-atual-nos-ensine-a-ouvir.html\" \/>\n<meta property=\"og:locale\" content=\"pt_BR\" \/>\n<meta property=\"og:type\" content=\"article\" \/>\n<meta property=\"og:title\" content=\"Papa: o sil\u00eancio do tempo atual nos ensine a ouvir - Not\u00edcias - Franciscanos\" \/>\n<meta property=\"og:description\" content=\"Missa em Santa Marta\" \/>\n<meta property=\"og:url\" content=\"https:\/\/franciscanos.org.br\/noticias\/papa-o-silencio-do-tempo-atual-nos-ensine-a-ouvir.html\" \/>\n<meta property=\"og:site_name\" content=\"Not\u00edcias - Franciscanos\" \/>\n<meta property=\"article:published_time\" content=\"2020-04-21T10:17:21+00:00\" \/>\n<meta property=\"article:modified_time\" content=\"2020-06-06T14:40:52+00:00\" \/>\n<meta property=\"og:image\" content=\"https:\/\/franciscanos.org.br\/noticias\/wp-content\/uploads\/2020\/04\/marta_2104d.jpg\" \/>\n\t<meta property=\"og:image:width\" content=\"800\" \/>\n\t<meta property=\"og:image:height\" content=\"600\" \/>\n\t<meta property=\"og:image:type\" content=\"image\/jpeg\" \/>\n<meta name=\"author\" content=\"moacir\" \/>\n<meta name=\"twitter:card\" content=\"summary_large_image\" \/>\n<meta name=\"twitter:label1\" content=\"Escrito por\" \/>\n\t<meta name=\"twitter:data1\" content=\"moacir\" \/>\n\t<meta name=\"twitter:label2\" content=\"Est. tempo de leitura\" \/>\n\t<meta name=\"twitter:data2\" content=\"7 minutos\" \/>\n<script type=\"application\/ld+json\" class=\"yoast-schema-graph\">{\"@context\":\"https:\/\/schema.org\",\"@graph\":[{\"@type\":\"WebSite\",\"@id\":\"https:\/\/franciscanos.org.br\/noticias\/#website\",\"url\":\"https:\/\/franciscanos.org.br\/noticias\/\",\"name\":\"Not\u00edcias - Franciscanos\",\"description\":\"Prov\u00edncia Franciscana da Imaculada Concei\u00e7\u00e3o do Brasil - Ordem dos Frades Menores - OFM\",\"potentialAction\":[{\"@type\":\"SearchAction\",\"target\":{\"@type\":\"EntryPoint\",\"urlTemplate\":\"https:\/\/franciscanos.org.br\/noticias\/?s={search_term_string}\"},\"query-input\":\"required name=search_term_string\"}],\"inLanguage\":\"pt-BR\"},{\"@type\":\"ImageObject\",\"inLanguage\":\"pt-BR\",\"@id\":\"https:\/\/franciscanos.org.br\/noticias\/papa-o-silencio-do-tempo-atual-nos-ensine-a-ouvir.html#primaryimage\",\"url\":\"https:\/\/franciscanos.org.br\/noticias\/wp-content\/uploads\/2020\/04\/marta_2104d.jpg\",\"contentUrl\":\"https:\/\/franciscanos.org.br\/noticias\/wp-content\/uploads\/2020\/04\/marta_2104d.jpg\",\"width\":800,\"height\":600},{\"@type\":\"WebPage\",\"@id\":\"https:\/\/franciscanos.org.br\/noticias\/papa-o-silencio-do-tempo-atual-nos-ensine-a-ouvir.html#webpage\",\"url\":\"https:\/\/franciscanos.org.br\/noticias\/papa-o-silencio-do-tempo-atual-nos-ensine-a-ouvir.html\",\"name\":\"Papa: o sil\u00eancio do tempo atual nos ensine a ouvir - Not\u00edcias - Franciscanos\",\"isPartOf\":{\"@id\":\"https:\/\/franciscanos.org.br\/noticias\/#website\"},\"primaryImageOfPage\":{\"@id\":\"https:\/\/franciscanos.org.br\/noticias\/papa-o-silencio-do-tempo-atual-nos-ensine-a-ouvir.html#primaryimage\"},\"datePublished\":\"2020-04-21T10:17:21+00:00\",\"dateModified\":\"2020-06-06T14:40:52+00:00\",\"author\":{\"@id\":\"https:\/\/franciscanos.org.br\/noticias\/#\/schema\/person\/b5c8cba458c330ccff548b056e95a5d4\"},\"breadcrumb\":{\"@id\":\"https:\/\/franciscanos.org.br\/noticias\/papa-o-silencio-do-tempo-atual-nos-ensine-a-ouvir.html#breadcrumb\"},\"inLanguage\":\"pt-BR\",\"potentialAction\":[{\"@type\":\"ReadAction\",\"target\":[\"https:\/\/franciscanos.org.br\/noticias\/papa-o-silencio-do-tempo-atual-nos-ensine-a-ouvir.html\"]}]},{\"@type\":\"BreadcrumbList\",\"@id\":\"https:\/\/franciscanos.org.br\/noticias\/papa-o-silencio-do-tempo-atual-nos-ensine-a-ouvir.html#breadcrumb\",\"itemListElement\":[{\"@type\":\"ListItem\",\"position\":1,\"name\":\"Home\",\"item\":\"https:\/\/franciscanos.org.br\/noticias\"},{\"@type\":\"ListItem\",\"position\":2,\"name\":\"Papa: o sil\u00eancio do tempo atual nos ensine a ouvir\"}]},{\"@type\":\"Person\",\"@id\":\"https:\/\/franciscanos.org.br\/noticias\/#\/schema\/person\/b5c8cba458c330ccff548b056e95a5d4\",\"name\":\"moacir\",\"image\":{\"@type\":\"ImageObject\",\"inLanguage\":\"pt-BR\",\"@id\":\"https:\/\/franciscanos.org.br\/noticias\/#\/schema\/person\/image\/\",\"url\":\"https:\/\/secure.gravatar.com\/avatar\/d08aa2ce4c8dd416d4479aa8536fcf64?s=96&d=mm&r=g\",\"contentUrl\":\"https:\/\/secure.gravatar.com\/avatar\/d08aa2ce4c8dd416d4479aa8536fcf64?s=96&d=mm&r=g\",\"caption\":\"moacir\"},\"url\":\"https:\/\/franciscanos.org.br\/noticias\/author\/moacir\"}]}<\/script>\n<!-- \/ Yoast SEO plugin. -->","yoast_head_json":{"title":"Papa: o sil\u00eancio do tempo atual nos ensine a ouvir - Not\u00edcias - Franciscanos","robots":{"index":"index","follow":"follow","max-snippet":"max-snippet:-1","max-image-preview":"max-image-preview:large","max-video-preview":"max-video-preview:-1"},"canonical":"https:\/\/franciscanos.org.br\/noticias\/papa-o-silencio-do-tempo-atual-nos-ensine-a-ouvir.html","og_locale":"pt_BR","og_type":"article","og_title":"Papa: o sil\u00eancio do tempo atual nos ensine a ouvir - Not\u00edcias - Franciscanos","og_description":"Missa em Santa Marta","og_url":"https:\/\/franciscanos.org.br\/noticias\/papa-o-silencio-do-tempo-atual-nos-ensine-a-ouvir.html","og_site_name":"Not\u00edcias - Franciscanos","article_published_time":"2020-04-21T10:17:21+00:00","article_modified_time":"2020-06-06T14:40:52+00:00","og_image":[{"width":800,"height":600,"url":"https:\/\/franciscanos.org.br\/noticias\/wp-content\/uploads\/2020\/04\/marta_2104d.jpg","type":"image\/jpeg"}],"author":"moacir","twitter_card":"summary_large_image","twitter_misc":{"Escrito por":"moacir","Est. tempo de leitura":"7 minutos"},"schema":{"@context":"https:\/\/schema.org","@graph":[{"@type":"WebSite","@id":"https:\/\/franciscanos.org.br\/noticias\/#website","url":"https:\/\/franciscanos.org.br\/noticias\/","name":"Not\u00edcias - Franciscanos","description":"Prov\u00edncia Franciscana da Imaculada Concei\u00e7\u00e3o do Brasil - Ordem dos Frades Menores - OFM","potentialAction":[{"@type":"SearchAction","target":{"@type":"EntryPoint","urlTemplate":"https:\/\/franciscanos.org.br\/noticias\/?s={search_term_string}"},"query-input":"required name=search_term_string"}],"inLanguage":"pt-BR"},{"@type":"ImageObject","inLanguage":"pt-BR","@id":"https:\/\/franciscanos.org.br\/noticias\/papa-o-silencio-do-tempo-atual-nos-ensine-a-ouvir.html#primaryimage","url":"https:\/\/franciscanos.org.br\/noticias\/wp-content\/uploads\/2020\/04\/marta_2104d.jpg","contentUrl":"https:\/\/franciscanos.org.br\/noticias\/wp-content\/uploads\/2020\/04\/marta_2104d.jpg","width":800,"height":600},{"@type":"WebPage","@id":"https:\/\/franciscanos.org.br\/noticias\/papa-o-silencio-do-tempo-atual-nos-ensine-a-ouvir.html#webpage","url":"https:\/\/franciscanos.org.br\/noticias\/papa-o-silencio-do-tempo-atual-nos-ensine-a-ouvir.html","name":"Papa: o sil\u00eancio do tempo atual nos ensine a ouvir - Not\u00edcias - Franciscanos","isPartOf":{"@id":"https:\/\/franciscanos.org.br\/noticias\/#website"},"primaryImageOfPage":{"@id":"https:\/\/franciscanos.org.br\/noticias\/papa-o-silencio-do-tempo-atual-nos-ensine-a-ouvir.html#primaryimage"},"datePublished":"2020-04-21T10:17:21+00:00","dateModified":"2020-06-06T14:40:52+00:00","author":{"@id":"https:\/\/franciscanos.org.br\/noticias\/#\/schema\/person\/b5c8cba458c330ccff548b056e95a5d4"},"breadcrumb":{"@id":"https:\/\/franciscanos.org.br\/noticias\/papa-o-silencio-do-tempo-atual-nos-ensine-a-ouvir.html#breadcrumb"},"inLanguage":"pt-BR","potentialAction":[{"@type":"ReadAction","target":["https:\/\/franciscanos.org.br\/noticias\/papa-o-silencio-do-tempo-atual-nos-ensine-a-ouvir.html"]}]},{"@type":"BreadcrumbList","@id":"https:\/\/franciscanos.org.br\/noticias\/papa-o-silencio-do-tempo-atual-nos-ensine-a-ouvir.html#breadcrumb","itemListElement":[{"@type":"ListItem","position":1,"name":"Home","item":"https:\/\/franciscanos.org.br\/noticias"},{"@type":"ListItem","position":2,"name":"Papa: o sil\u00eancio do tempo atual nos ensine a ouvir"}]},{"@type":"Person","@id":"https:\/\/franciscanos.org.br\/noticias\/#\/schema\/person\/b5c8cba458c330ccff548b056e95a5d4","name":"moacir","image":{"@type":"ImageObject","inLanguage":"pt-BR","@id":"https:\/\/franciscanos.org.br\/noticias\/#\/schema\/person\/image\/","url":"https:\/\/secure.gravatar.com\/avatar\/d08aa2ce4c8dd416d4479aa8536fcf64?s=96&d=mm&r=g","contentUrl":"https:\/\/secure.gravatar.com\/avatar\/d08aa2ce4c8dd416d4479aa8536fcf64?s=96&d=mm&r=g","caption":"moacir"},"url":"https:\/\/franciscanos.org.br\/noticias\/author\/moacir"}]}},"_links":{"self":[{"href":"https:\/\/franciscanos.org.br\/noticias\/wp-json\/wp\/v2\/posts\/223299"}],"collection":[{"href":"https:\/\/franciscanos.org.br\/noticias\/wp-json\/wp\/v2\/posts"}],"about":[{"href":"https:\/\/franciscanos.org.br\/noticias\/wp-json\/wp\/v2\/types\/post"}],"author":[{"embeddable":true,"href":"https:\/\/franciscanos.org.br\/noticias\/wp-json\/wp\/v2\/users\/3"}],"replies":[{"embeddable":true,"href":"https:\/\/franciscanos.org.br\/noticias\/wp-json\/wp\/v2\/comments?post=223299"}],"version-history":[{"count":5,"href":"https:\/\/franciscanos.org.br\/noticias\/wp-json\/wp\/v2\/posts\/223299\/revisions"}],"predecessor-version":[{"id":224571,"href":"https:\/\/franciscanos.org.br\/noticias\/wp-json\/wp\/v2\/posts\/223299\/revisions\/224571"}],"wp:featuredmedia":[{"embeddable":true,"href":"https:\/\/franciscanos.org.br\/noticias\/wp-json\/wp\/v2\/media\/223301"}],"wp:attachment":[{"href":"https:\/\/franciscanos.org.br\/noticias\/wp-json\/wp\/v2\/media?parent=223299"}],"wp:term":[{"taxonomy":"category","embeddable":true,"href":"https:\/\/franciscanos.org.br\/noticias\/wp-json\/wp\/v2\/categories?post=223299"},{"taxonomy":"post_tag","embeddable":true,"href":"https:\/\/franciscanos.org.br\/noticias\/wp-json\/wp\/v2\/tags?post=223299"}],"curies":[{"name":"wp","href":"https:\/\/api.w.org\/{rel}","templated":true}]}}