{"id":223288,"date":"2020-04-20T20:24:48","date_gmt":"2020-04-20T23:24:48","guid":{"rendered":"https:\/\/franciscanos.org.br\/noticias\/?p=223288"},"modified":"2020-04-20T20:24:48","modified_gmt":"2020-04-20T23:24:48","slug":"termina-a-festa-da-penha-nao-deixemos-passar-a-graca-divina-nesse-tempo-tao-desafiador-pede-d-dario","status":"publish","type":"post","link":"https:\/\/franciscanos.org.br\/noticias\/termina-a-festa-da-penha-nao-deixemos-passar-a-graca-divina-nesse-tempo-tao-desafiador-pede-d-dario.html","title":{"rendered":"Termina a Festa da Penha: &#8220;N\u00e3o deixemos passar a gra\u00e7a divina nesse tempo t\u00e3o desafiador&#8221;, pede D. Dario"},"content":{"rendered":"<p><img loading=\"lazy\" class=\"alignleft size-full wp-image-223289\" src=\"https:\/\/franciscanos.org.br\/noticias\/wp-content\/uploads\/2020\/04\/penha_02-1.jpg\" alt=\"\" width=\"1280\" height=\"720\" srcset=\"https:\/\/franciscanos.org.br\/noticias\/wp-content\/uploads\/2020\/04\/penha_02-1.jpg 1280w, https:\/\/franciscanos.org.br\/noticias\/wp-content\/uploads\/2020\/04\/penha_02-1-450x253.jpg 450w, https:\/\/franciscanos.org.br\/noticias\/wp-content\/uploads\/2020\/04\/penha_02-1-1024x576.jpg 1024w, https:\/\/franciscanos.org.br\/noticias\/wp-content\/uploads\/2020\/04\/penha_02-1-768x432.jpg 768w, https:\/\/franciscanos.org.br\/noticias\/wp-content\/uploads\/2020\/04\/penha_02-1-150x84.jpg 150w\" sizes=\"(max-width: 1280px) 100vw, 1280px\" \/><\/p>\n<p><strong>Moacir Beggo (*)<\/strong><\/p>\n<p><strong>\u00a0<\/strong><strong>S\u00e3o Paulo (SP) &#8211;<\/strong> O Arcebispo de Vit\u00f3ria, Dom Dario Campos, presidiu a Santa Missa que encerrou a 450\u00aa edi\u00e7\u00e3o da Festa da Penha nesta segunda-feira (20\/4), \u00e0s 17 horas, Dia da Padroeira do Esp\u00edrito Santo. Como aconteceu durante todo Oitav\u00e1rio, a celebra\u00e7\u00e3o na pequena capela do Convento da Penha chegou aos milhares de lares capixabas pelos meios de comunica\u00e7\u00e3o e pelas redes sociais. Presentes na capela, os frades que concelebraram com o Arcebispo, autoridades, os m\u00fasicos e cantores que alegraram a celebra\u00e7\u00e3o e os volunt\u00e1rios.<\/p>\n<p>Dom Dario saudou a todos e, de maneira carinhosa, os seus irm\u00e3os franciscanos na pessoa do Vig\u00e1rio Provincial, Frei Gustavo Medella, e do guardi\u00e3o do Convento da Penha, Frei Paulo Pereira. &#8220;Na pessoa desses dois irm\u00e3os frades, quero abra\u00e7ar todos os frades que colaboram conosco&#8221;, disse.<\/p>\n<p>Mas para o povo foi ainda mais carinhoso. &#8220;Partilho com todos voc\u00eas algo que trago no cora\u00e7\u00e3o como peregrino que sou. Sinto muita falta dos meus irm\u00e3os e irm\u00e3s, do seu canto, caminhando em dire\u00e7\u00e3o \u00e0 Virgem da Penha&#8221;, confessou, pedindo para cantar o hino &#8220;Virgem da Penha&#8221;.<\/p>\n<p><img loading=\"lazy\" class=\"alignleft size-full wp-image-223290\" src=\"https:\/\/franciscanos.org.br\/noticias\/wp-content\/uploads\/2020\/04\/penha_08.jpg\" alt=\"\" width=\"1280\" height=\"720\" srcset=\"https:\/\/franciscanos.org.br\/noticias\/wp-content\/uploads\/2020\/04\/penha_08.jpg 1280w, https:\/\/franciscanos.org.br\/noticias\/wp-content\/uploads\/2020\/04\/penha_08-450x253.jpg 450w, https:\/\/franciscanos.org.br\/noticias\/wp-content\/uploads\/2020\/04\/penha_08-1024x576.jpg 1024w, https:\/\/franciscanos.org.br\/noticias\/wp-content\/uploads\/2020\/04\/penha_08-768x432.jpg 768w, https:\/\/franciscanos.org.br\/noticias\/wp-content\/uploads\/2020\/04\/penha_08-150x84.jpg 150w\" sizes=\"(max-width: 1280px) 100vw, 1280px\" \/><\/p>\n<p>&#8220;Por\u00e9m, ao mesmo tempo, o meu cora\u00e7\u00e3o se enche de alegria, pois apesar das dificuldades deste tempo de isolamento social, hoje sei que este canto se espalhou e \u00e9 cantado em toda casa, na Igreja dom\u00e9stica do nosso Estado do Esp\u00edrito Santo. Desejo me dirigir a cada um de voc\u00eas, irm\u00e3os e irm\u00e3s, que estavam esperando ansiosos a Festa de Nossa Senhora da Penha, para fazer o seu peregrinar at\u00e9 o alto do Convento, de maneira especial neste ano, no qual celebramos 450 anos de celebra\u00e7\u00f5es, de romarias ao Convento da Penha. Por isso, quero saudar com grande ternura e afeto a todos voc\u00eas que celebram conosco em suas casas, atrav\u00e9s dos meios de comunica\u00e7\u00e3o social e das muitas redes sociais. A voc\u00eas, meu muito obrigado!&#8221;<\/p>\n<p>Segundo Dom Dario, as restri\u00e7\u00f5es necessariamente impostas impossibilitaram a participa\u00e7\u00e3o mais ativa de cada um, de cada uma, no Oitav\u00e1rio e na celebra\u00e7\u00e3o de hoje: &#8220;Sendo assim, a voc\u00eas que est\u00e3o em casa, reunidos em fam\u00edlia para esta celebra\u00e7\u00e3o, eu digo com grande convic\u00e7\u00e3o: a Virgem da Penha, hoje, entra em sua casa e cobre a todos com seu manto de amor e tamb\u00e9m com sua preciosa intercess\u00e3o junto a seu Filho Jesus de Nazar\u00e9. O nosso Estado do Esp\u00edrito Santo se une para depositar aos p\u00e9s da Virgem das Alegrias a nossa s\u00faplica, a nossa ora\u00e7\u00e3o nesse tempo t\u00e3o desafiador que estamos vivendo&#8221;, pediu.<\/p>\n<p>Na sua homilia, ressaltou dois pontos do Evangelho: O primeiro diz respeito \u00e0 total disponibilidade de Maria ao dizer: &#8216;Eis aqui a serva do Senhor&#8217;, assumindo seu papel na hist\u00f3ria da salva\u00e7\u00e3o, colocando-se inteiramente dispon\u00edvel nas m\u00e3os do Senhor. O segundo est\u00e1 unido ao primeiro, pois ao afirmar: &#8220;Fa\u00e7a-se em mim segundo a tua palavra&#8221;, Maria n\u00e3o somente aceita mas deseja e se empenha a fim de que a vontade de Deus se cumpra em sua vida.<\/p>\n<p><img loading=\"lazy\" class=\"alignleft size-full wp-image-223292\" src=\"https:\/\/franciscanos.org.br\/noticias\/wp-content\/uploads\/2020\/04\/penha_05-1.jpg\" alt=\"\" width=\"1280\" height=\"720\" srcset=\"https:\/\/franciscanos.org.br\/noticias\/wp-content\/uploads\/2020\/04\/penha_05-1.jpg 1280w, https:\/\/franciscanos.org.br\/noticias\/wp-content\/uploads\/2020\/04\/penha_05-1-450x253.jpg 450w, https:\/\/franciscanos.org.br\/noticias\/wp-content\/uploads\/2020\/04\/penha_05-1-1024x576.jpg 1024w, https:\/\/franciscanos.org.br\/noticias\/wp-content\/uploads\/2020\/04\/penha_05-1-768x432.jpg 768w, https:\/\/franciscanos.org.br\/noticias\/wp-content\/uploads\/2020\/04\/penha_05-1-150x84.jpg 150w\" sizes=\"(max-width: 1280px) 100vw, 1280px\" \/><\/p>\n<p>&#8220;O anjo Gabriel foi enviado a uma pequena cidade da Galileia, sendo portador de uma not\u00edcia que mudaria o rumo da hist\u00f3ria. Maria recebe o an\u00fancio do anjo em Nazar\u00e9, uma vila, um povoado, esquecido da Galileia, um lugar que nunca \u00e9 mencionado no Antigo Testamento. O chamado divino n\u00e3o \u00e9 dirigido a um sacerdote ou a um anci\u00e3o, nem mesmo a um homem, mas a Palavra do Senhor \u00e9 dirigida a uma virgem pobre, de uma fam\u00edlia desconhecida&#8221;, explicou o Arcebispo.<\/p>\n<p>&#8220;Meus irm\u00e3os e minhas irm\u00e3s, ao responder ao Senhor, colocando-se como serva em suas m\u00e3os, Maria \u00e9 colocada diante da vontade de Deus, algo que mudaria radicalmente toda a sua vida e a hist\u00f3ria da humanidade inteira. Ela se coloca na total disponibilidade a Deus e, seguindo o seu exemplo, devemos desejar dizer ao nosso irm\u00e3o, da mesma forma, e com a mesma radicalidade da Virgem, confirmando assim o nosso compromisso com o Senhor e vamos fazer unidos e acompanhados pelo testemunho de Maria. Que possamos dizer hoje e sempre: &#8216;Eis aqui o teu servo e serva do Senhor!'&#8221;, acrescentou<\/p>\n<p>Dom Dario usou o exemplo de Maria para convocar a todos nesse momento desafiador, colocando a servi\u00e7o como volunt\u00e1rios diante dos irm\u00e3os e irm\u00e3s que necessitam de n\u00f3s nesses dias com tamanha pandemia no mundo, como fez Maria, colocando-se a servi\u00e7o de sua prima Isabel.<\/p>\n<p><img loading=\"lazy\" class=\"alignleft size-full wp-image-223293\" src=\"https:\/\/franciscanos.org.br\/noticias\/wp-content\/uploads\/2020\/04\/penha_03-1.jpg\" alt=\"\" width=\"1280\" height=\"635\" srcset=\"https:\/\/franciscanos.org.br\/noticias\/wp-content\/uploads\/2020\/04\/penha_03-1.jpg 1280w, https:\/\/franciscanos.org.br\/noticias\/wp-content\/uploads\/2020\/04\/penha_03-1-450x223.jpg 450w, https:\/\/franciscanos.org.br\/noticias\/wp-content\/uploads\/2020\/04\/penha_03-1-1024x508.jpg 1024w, https:\/\/franciscanos.org.br\/noticias\/wp-content\/uploads\/2020\/04\/penha_03-1-768x381.jpg 768w, https:\/\/franciscanos.org.br\/noticias\/wp-content\/uploads\/2020\/04\/penha_03-1-150x74.jpg 150w\" sizes=\"(max-width: 1280px) 100vw, 1280px\" \/><\/p>\n<p>Segundo Dom Dario, Maria n\u00e3o somente se coloca como serva dispon\u00edvel nas m\u00e3os do Senhor, mas se compromete profundamente em deixar que a gra\u00e7a de Deus nela possa atuar. &#8220;Algo que \u00e9 reconhecido por Isabel ao receber a visita de Maria, quando exclama com alegria: &#8216;Feliz aquela que acreditou, pois o que lhe foi dito da parte do Senhor ser\u00e1 cumprido&#8217;. Maria foi a disc\u00edpula da primeira hora, acolheu e gerou o Salvador. Seguiu seu Filho at\u00e9 a morte na cruz. Ao receber o corpo de seu Filho morto nos seus bra\u00e7os, em seu cora\u00e7\u00e3o ferido pela lan\u00e7a j\u00e1 estava tamb\u00e9m presente a esperan\u00e7a na ressurrei\u00e7\u00e3o. Ou seja, as alegrias de Maria s\u00e3o frutos de sua ades\u00e3o \u00e0 vontade de Deus, que fez dela uma disc\u00edpula fiel, testemunha viva pela gra\u00e7a alcan\u00e7ada pela ressurrei\u00e7\u00e3o de seu Filho Jesus de Nazar\u00e9&#8221;, exortou Dom Dario.<\/p>\n<p>&#8220;Meus irm\u00e3os e minhas irm\u00e3s, n\u00f3s somos convidados a aderir profundamente \u00e0 vontade divina, acolhendo a Palavra de Deus, empenhando-nos, contando com a a\u00e7\u00e3o do Esp\u00edrito Santo em cumprir o que o Senhor quer de n\u00f3s, hoje, aqui e agora, neste ano de 2020. E o que o Senhor quer de n\u00f3s, como disc\u00edpulos e disc\u00edpulas e tendo Nossa Senhora da Penha como nossa Padroeira?&#8221;, perguntou o Arcebispo.<\/p>\n<p><img loading=\"lazy\" class=\"alignleft size-full wp-image-223294\" src=\"https:\/\/franciscanos.org.br\/noticias\/wp-content\/uploads\/2020\/04\/penha_04-1.jpg\" alt=\"\" width=\"1280\" height=\"720\" srcset=\"https:\/\/franciscanos.org.br\/noticias\/wp-content\/uploads\/2020\/04\/penha_04-1.jpg 1280w, https:\/\/franciscanos.org.br\/noticias\/wp-content\/uploads\/2020\/04\/penha_04-1-450x253.jpg 450w, https:\/\/franciscanos.org.br\/noticias\/wp-content\/uploads\/2020\/04\/penha_04-1-1024x576.jpg 1024w, https:\/\/franciscanos.org.br\/noticias\/wp-content\/uploads\/2020\/04\/penha_04-1-768x432.jpg 768w, https:\/\/franciscanos.org.br\/noticias\/wp-content\/uploads\/2020\/04\/penha_04-1-150x84.jpg 150w\" sizes=\"(max-width: 1280px) 100vw, 1280px\" \/><\/p>\n<p>&#8220;A vida. E \u00a0a vida em abund\u00e2ncia&#8221;, respondeu. &#8220;O respeito por essa vida, desde a sua concep\u00e7\u00e3o at\u00e9 a morte. Em outras palavras: N\u00e3o ao aborto! Jesus de Nazar\u00e9 quer a alegria, quer a partilha. Jesus n\u00e3o quer ver ningu\u00e9m triste&#8221;, enfatizou.<\/p>\n<p>Como havia pedido na abertura da Festa, n\u00e3o podemos sair deste momento em que estamos vivendo do mesmo modo que entramos. &#8220;Este momento nos mostra a fragilidade da vida. \u00c9 uma guerra declarada. \u00c9 uma guerra que n\u00e3o tem canh\u00e3o, n\u00e3o tem bomba, tantas outras armas, mas \u00e9 um min\u00fasculo v\u00edrus que ataca, que mata&#8221;, situou.<\/p>\n<p>Segundo o Arcebispo, Nossa Senhora nos pede: Chega de gan\u00e2ncia, de busca de poder, de busca do lucro! &#8220;No dizer do nosso povo pobre do Norte de Minas &#8211; com grande saudade falo isso -, eles dizem a express\u00e3o: &#8216;Chega de enricar \u00e0s custas dos outros!'&#8221;.<\/p>\n<p>Dom Dario ressaltou, contudo, o lado solid\u00e1rio do povo, que p\u00f4de ser visto nas \u00faltimas tempestades de ver\u00e3o e agora com a pandemia. &#8220;Quanta partilha!&#8221;, disse, mas pediu um cuidado todo especial com o sem teto, com o sem casa. &#8220;Como dizer neste momento &#8216;fique em casa&#8217; quando n\u00e3o se tem casa. No dizer do nosso Papa Francisco &#8211; tenho repetido isso esses dias &#8211; a rua n\u00e3o \u00e9 lugar para se morar e nem lugar para se morrer&#8221;, disse.<\/p>\n<p><img loading=\"lazy\" class=\"alignleft size-full wp-image-223295\" src=\"https:\/\/franciscanos.org.br\/noticias\/wp-content\/uploads\/2020\/04\/penha_07.jpg\" alt=\"\" width=\"1280\" height=\"720\" srcset=\"https:\/\/franciscanos.org.br\/noticias\/wp-content\/uploads\/2020\/04\/penha_07.jpg 1280w, https:\/\/franciscanos.org.br\/noticias\/wp-content\/uploads\/2020\/04\/penha_07-450x253.jpg 450w, https:\/\/franciscanos.org.br\/noticias\/wp-content\/uploads\/2020\/04\/penha_07-1024x576.jpg 1024w, https:\/\/franciscanos.org.br\/noticias\/wp-content\/uploads\/2020\/04\/penha_07-768x432.jpg 768w, https:\/\/franciscanos.org.br\/noticias\/wp-content\/uploads\/2020\/04\/penha_07-150x84.jpg 150w\" sizes=\"(max-width: 1280px) 100vw, 1280px\" \/><\/p>\n<p>Dom Dario pediu uni\u00e3o entre o poder p\u00fablico e sociedade. &#8220;Isso n\u00f3s queremos no nosso Estado. Chega de ficar puxando um pra c\u00e1 outro pra l\u00e1. Vamos juntar nossas for\u00e7as e, com isso, nosso povo vai ter vida e vida em abund\u00e2ncia. Assim sendo, somos convidados a sermos portadores das alegrias de Maria, sinais claro da ressurrei\u00e7\u00e3o de Cristo. Homens e mulheres marcados pelos valores do evangelho, de modo que nossas vidas resplande\u00e7a \u00e0 luz do Ressuscitado que estamos celebrando, principalmente pela caridade, pelo servi\u00e7o para aqueles que mais precisam&#8221;, encorajou.<\/p>\n<p>&#8220;Nesse tempo dif\u00edcil de pandemia, o Senhor nos oferece uma oportunidade de superarmos o sofrimento e a dor com a caridade e o compromisso com a vida. Repito: n\u00e3o deixemos passar a gra\u00e7a divina nesse tempo t\u00e3o desafiador, mas abracemos a chance de darmos um salto de humanidade, um salto de qualidade, de profiss\u00e3o de f\u00e9, tornando-nos solid\u00e1rios e comprometidos com os mais vulner\u00e1veis, superando o ego\u00edsmo de uma sociedade que s\u00f3 visa o lucro e o descaso, ou seja, a l\u00f3gica excludente do lucro&#8221;, completou.<\/p>\n<p>No final, Dom Dario fez os seus agradecimentos e disse: &#8220;Hoje, apesar de distante, estamos unidos num s\u00f3 cora\u00e7\u00e3o, numa mesma ora\u00e7\u00e3o, no mesmo desejo da gra\u00e7a pelos meios de comunica\u00e7\u00e3o social&#8221;.<\/p>\n<p><img loading=\"lazy\" class=\"alignleft size-full wp-image-223296\" src=\"https:\/\/franciscanos.org.br\/noticias\/wp-content\/uploads\/2020\/04\/penha_01-1.jpg\" alt=\"\" width=\"1280\" height=\"720\" srcset=\"https:\/\/franciscanos.org.br\/noticias\/wp-content\/uploads\/2020\/04\/penha_01-1.jpg 1280w, https:\/\/franciscanos.org.br\/noticias\/wp-content\/uploads\/2020\/04\/penha_01-1-450x253.jpg 450w, https:\/\/franciscanos.org.br\/noticias\/wp-content\/uploads\/2020\/04\/penha_01-1-1024x576.jpg 1024w, https:\/\/franciscanos.org.br\/noticias\/wp-content\/uploads\/2020\/04\/penha_01-1-768x432.jpg 768w, https:\/\/franciscanos.org.br\/noticias\/wp-content\/uploads\/2020\/04\/penha_01-1-150x84.jpg 150w\" sizes=\"(max-width: 1280px) 100vw, 1280px\" \/><\/p>\n<p>O Vig\u00e1rio Provincial, Frei Gustavo Medella, em nome do Convento da Penha e da Prov\u00edncia Franciscana da Imaculada Concei\u00e7\u00e3o, agradeceu ao &#8220;estimado confrade, amigo e pastor Dom Dario Campos&#8221;. Tamb\u00e9m lembrou as autoridades presentes e os queridos espectadores, internautas e ouvintes.<\/p>\n<p>A pedido de Dom Dario, destacou uma preocupa\u00e7\u00e3o da Igreja do Brasil, expressa pela Confer\u00eancia Nacional dos Bispos do Brasil, a CNBB. &#8220;Todos n\u00f3s sabemos que o lema da Festa da Penha deste ano \u00e9 &#8216;Todas as gera\u00e7\u00f5es me chamar\u00e3o bem-aventurada&#8217;. Esse termo &#8211; &#8216;Todas as gera\u00e7\u00f5es&#8217; &#8211; engloba todos aqueles que j\u00e1 nasceram e partiram, aqueles que vivem o presente e aqueles que ainda v\u00e3o nascer. E \u00e9 por conta daqueles que ainda v\u00e3o nascer que esta profecia de Maria deve ser assumida por todos n\u00f3s, crist\u00e3os, segundo essa preocupa\u00e7\u00e3o da CNBB expressa em nota divulgada no dia 19, ontem, diante de uma quest\u00e3o que est\u00e1 agendada para ser votada no Supremo Tribunal Federal no pr\u00f3ximo dia 24. \u00c9 uma a\u00e7\u00e3o direta de inconstitucionalidade, ajuizada pela Associa\u00e7\u00e3o Nacional dos Defensores P\u00fablicos em rela\u00e7\u00e3o \u00e0 lei que protege e versa sobre o cuidado das mulheres gestantes que adquiriram o zikav\u00edrus. Lembrando que cuidar da vida \u00e9 um compromisso crist\u00e3o e cidad\u00e3o, a CNBB manifesta uma s\u00e9rie de argumentos que colocam em d\u00favida e mostram que n\u00f3s devemos rejeitar esta proposta&#8221;, explicou Frei Medella, destacando os pontos principais da nota:<\/p>\n<p><img loading=\"lazy\" class=\"alignleft size-full wp-image-223297\" src=\"https:\/\/franciscanos.org.br\/noticias\/wp-content\/uploads\/2020\/04\/penha_10.jpg\" alt=\"\" width=\"1280\" height=\"720\" srcset=\"https:\/\/franciscanos.org.br\/noticias\/wp-content\/uploads\/2020\/04\/penha_10.jpg 1280w, https:\/\/franciscanos.org.br\/noticias\/wp-content\/uploads\/2020\/04\/penha_10-450x253.jpg 450w, https:\/\/franciscanos.org.br\/noticias\/wp-content\/uploads\/2020\/04\/penha_10-1024x576.jpg 1024w, https:\/\/franciscanos.org.br\/noticias\/wp-content\/uploads\/2020\/04\/penha_10-768x432.jpg 768w, https:\/\/franciscanos.org.br\/noticias\/wp-content\/uploads\/2020\/04\/penha_10-150x84.jpg 150w\" sizes=\"(max-width: 1280px) 100vw, 1280px\" \/><\/p>\n<p style=\"padding-left: 40px;\"><em>&#8211; &#8220;A Confer\u00eancia Nacional dos Bispos do Brasil-CNBB, reitera sua imut\u00e1vel e comprometida posi\u00e7\u00e3o em defesa da vida humana com toda a sua integralidade, inviolabilidade e dignidade, desde a sua fecunda\u00e7\u00e3o at\u00e9 a morte natural comprometida com a verdade moral intoc\u00e1vel de que o direito \u00e0 vida \u00e9 incondicional, deve ser respeitado e defendido, em qualquer etapa ou condi\u00e7\u00e3o em que se encontre a pessoa humana. N\u00e3o compete a nenhuma autoridade p\u00fablica reconhecer seletivamente o direito \u00e0 vida, assegurando-o a alguns e negando-o a outros. Essa discrimina\u00e7\u00e3o \u00e9 in\u00edqua e excludente; \u201ccausa horror s\u00f3 o pensar que haja crian\u00e7as que n\u00e3o poder\u00e3o jamais ver a luz, v\u00edtimas do aborto\u201d. S\u00e3o imorais leis que imponham aos profissionais da sa\u00fade a obriga\u00e7\u00e3o de agir contra a sua consci\u00eancia, cooperando, direta ou indiretamente, na pr\u00e1tica do aborto.<\/em><\/p>\n<p style=\"padding-left: 40px;\"><em>&#8211; &#8220;A CNBB requer, portanto, que, acaso seja superada a preliminar de ilegitimidade ativa suscitada por todas as autoridades p\u00fablicas que se manifestaram, e n\u00e3o seja extinta a ADI pela perda do objeto, no m\u00e9rito n\u00e3o sejam acolhidos quaisquer dos pedidos formulados para autorizar, de qualquer forma, o aborto de crian\u00e7as cujas m\u00e3es sejam diagnosticadas com o zikav\u00edrus durante a gesta\u00e7\u00e3o.<\/em><\/p>\n<p style=\"padding-left: 40px;\"><em>&#8211; &#8220;Reafirmamos, fi\u00e9is ao Evangelho de Jesus Cristo, nosso rep\u00fadio ao aborto e quaisquer iniciativas que atentam contra a vida, particularmente, as que se aproveitam das situa\u00e7\u00f5es de fragilidade que atingem as fam\u00edlias. S\u00e3o atitudes que utilizam os mais vulner\u00e1veis para colocar em pr\u00e1tica interesses de grupos que mostram desprezo pela integridade da vida humana. (S. Jo\u00e3o Paulo II, Carta Enc\u00edclica Evangelium Vitae, 58)&#8221;. A nota \u00e9 assinada por Dom Walmor Oliveira de Azevedo, presidente da CNBB.<\/em><\/p>\n<p>A festa da Penha \u00e9 fruto de uma semente lan\u00e7ada por Frei Pedro Pal\u00e1cios em 1558, quando chegou ao Brasil com os colonizadores portugueses e desembarcou nas terras capixabas. O frade espanhol trouxe na sua bagagem um painel de Nossa Senhora das 7 Alegrias, que foi colocado numa gruta e deu origem \u00e0 devo\u00e7\u00e3o franciscana que vem at\u00e9 hoje. Ao longo do tempo, essa devo\u00e7\u00e3o cresceu e foi constru\u00eddo o Santu\u00e1rio para a M\u00e3e de Deus no ponto mais alto do penhasco. Desde ent\u00e3o, romeiros visitam o Convento durante todo o ano.<\/p>\n<hr \/>\n<p><em>(*) Com a transmiss\u00e3o ao vivo pelo Convento da Penha<\/em><\/p>\n","protected":false},"excerpt":{"rendered":"<p>Encerramento da 450\u00aa Festa da Penha<\/p>\n","protected":false},"author":3,"featured_media":223291,"comment_status":"open","ping_status":"open","sticky":false,"template":"","format":"standard","meta":[],"categories":[1],"tags":[245],"acf":[],"yoast_head":"<!-- This site is optimized with the Yoast SEO plugin v19.2 - https:\/\/yoast.com\/wordpress\/plugins\/seo\/ -->\n<title>Termina a Festa da Penha: &quot;N\u00e3o deixemos passar a gra\u00e7a divina nesse tempo t\u00e3o desafiador&quot;, pede D. Dario - Not\u00edcias - Franciscanos<\/title>\n<meta name=\"robots\" content=\"index, follow, max-snippet:-1, max-image-preview:large, max-video-preview:-1\" \/>\n<link rel=\"canonical\" href=\"https:\/\/franciscanos.org.br\/noticias\/termina-a-festa-da-penha-nao-deixemos-passar-a-graca-divina-nesse-tempo-tao-desafiador-pede-d-dario.html\" \/>\n<meta property=\"og:locale\" content=\"pt_BR\" \/>\n<meta property=\"og:type\" content=\"article\" \/>\n<meta property=\"og:title\" content=\"Termina a Festa da Penha: &quot;N\u00e3o deixemos passar a gra\u00e7a divina nesse tempo t\u00e3o desafiador&quot;, pede D. Dario - Not\u00edcias - Franciscanos\" \/>\n<meta property=\"og:description\" content=\"Encerramento da 450\u00aa Festa da Penha\" \/>\n<meta property=\"og:url\" content=\"https:\/\/franciscanos.org.br\/noticias\/termina-a-festa-da-penha-nao-deixemos-passar-a-graca-divina-nesse-tempo-tao-desafiador-pede-d-dario.html\" \/>\n<meta property=\"og:site_name\" content=\"Not\u00edcias - Franciscanos\" \/>\n<meta property=\"article:published_time\" content=\"2020-04-20T23:24:48+00:00\" \/>\n<meta property=\"og:image\" content=\"https:\/\/franciscanos.org.br\/noticias\/wp-content\/uploads\/2020\/04\/penha_02d-1.jpg\" \/>\n\t<meta property=\"og:image:width\" content=\"800\" \/>\n\t<meta property=\"og:image:height\" content=\"600\" \/>\n\t<meta property=\"og:image:type\" content=\"image\/jpeg\" \/>\n<meta name=\"author\" content=\"moacir\" \/>\n<meta name=\"twitter:card\" content=\"summary_large_image\" \/>\n<meta name=\"twitter:label1\" content=\"Escrito por\" \/>\n\t<meta name=\"twitter:data1\" content=\"moacir\" \/>\n\t<meta name=\"twitter:label2\" content=\"Est. tempo de leitura\" \/>\n\t<meta name=\"twitter:data2\" content=\"11 minutos\" \/>\n<script type=\"application\/ld+json\" class=\"yoast-schema-graph\">{\"@context\":\"https:\/\/schema.org\",\"@graph\":[{\"@type\":\"WebSite\",\"@id\":\"https:\/\/franciscanos.org.br\/noticias\/#website\",\"url\":\"https:\/\/franciscanos.org.br\/noticias\/\",\"name\":\"Not\u00edcias - Franciscanos\",\"description\":\"Prov\u00edncia Franciscana da Imaculada Concei\u00e7\u00e3o do Brasil - Ordem dos Frades Menores - OFM\",\"potentialAction\":[{\"@type\":\"SearchAction\",\"target\":{\"@type\":\"EntryPoint\",\"urlTemplate\":\"https:\/\/franciscanos.org.br\/noticias\/?s={search_term_string}\"},\"query-input\":\"required name=search_term_string\"}],\"inLanguage\":\"pt-BR\"},{\"@type\":\"ImageObject\",\"inLanguage\":\"pt-BR\",\"@id\":\"https:\/\/franciscanos.org.br\/noticias\/termina-a-festa-da-penha-nao-deixemos-passar-a-graca-divina-nesse-tempo-tao-desafiador-pede-d-dario.html#primaryimage\",\"url\":\"https:\/\/franciscanos.org.br\/noticias\/wp-content\/uploads\/2020\/04\/penha_02d-1.jpg\",\"contentUrl\":\"https:\/\/franciscanos.org.br\/noticias\/wp-content\/uploads\/2020\/04\/penha_02d-1.jpg\",\"width\":800,\"height\":600},{\"@type\":\"WebPage\",\"@id\":\"https:\/\/franciscanos.org.br\/noticias\/termina-a-festa-da-penha-nao-deixemos-passar-a-graca-divina-nesse-tempo-tao-desafiador-pede-d-dario.html#webpage\",\"url\":\"https:\/\/franciscanos.org.br\/noticias\/termina-a-festa-da-penha-nao-deixemos-passar-a-graca-divina-nesse-tempo-tao-desafiador-pede-d-dario.html\",\"name\":\"Termina a Festa da Penha: \\\"N\u00e3o deixemos passar a gra\u00e7a divina nesse tempo t\u00e3o desafiador\\\", pede D. Dario - Not\u00edcias - Franciscanos\",\"isPartOf\":{\"@id\":\"https:\/\/franciscanos.org.br\/noticias\/#website\"},\"primaryImageOfPage\":{\"@id\":\"https:\/\/franciscanos.org.br\/noticias\/termina-a-festa-da-penha-nao-deixemos-passar-a-graca-divina-nesse-tempo-tao-desafiador-pede-d-dario.html#primaryimage\"},\"datePublished\":\"2020-04-20T23:24:48+00:00\",\"dateModified\":\"2020-04-20T23:24:48+00:00\",\"author\":{\"@id\":\"https:\/\/franciscanos.org.br\/noticias\/#\/schema\/person\/b5c8cba458c330ccff548b056e95a5d4\"},\"breadcrumb\":{\"@id\":\"https:\/\/franciscanos.org.br\/noticias\/termina-a-festa-da-penha-nao-deixemos-passar-a-graca-divina-nesse-tempo-tao-desafiador-pede-d-dario.html#breadcrumb\"},\"inLanguage\":\"pt-BR\",\"potentialAction\":[{\"@type\":\"ReadAction\",\"target\":[\"https:\/\/franciscanos.org.br\/noticias\/termina-a-festa-da-penha-nao-deixemos-passar-a-graca-divina-nesse-tempo-tao-desafiador-pede-d-dario.html\"]}]},{\"@type\":\"BreadcrumbList\",\"@id\":\"https:\/\/franciscanos.org.br\/noticias\/termina-a-festa-da-penha-nao-deixemos-passar-a-graca-divina-nesse-tempo-tao-desafiador-pede-d-dario.html#breadcrumb\",\"itemListElement\":[{\"@type\":\"ListItem\",\"position\":1,\"name\":\"Home\",\"item\":\"https:\/\/franciscanos.org.br\/noticias\"},{\"@type\":\"ListItem\",\"position\":2,\"name\":\"Termina a Festa da Penha: &#8220;N\u00e3o deixemos passar a gra\u00e7a divina nesse tempo t\u00e3o desafiador&#8221;, pede D. Dario\"}]},{\"@type\":\"Person\",\"@id\":\"https:\/\/franciscanos.org.br\/noticias\/#\/schema\/person\/b5c8cba458c330ccff548b056e95a5d4\",\"name\":\"moacir\",\"image\":{\"@type\":\"ImageObject\",\"inLanguage\":\"pt-BR\",\"@id\":\"https:\/\/franciscanos.org.br\/noticias\/#\/schema\/person\/image\/\",\"url\":\"https:\/\/secure.gravatar.com\/avatar\/d08aa2ce4c8dd416d4479aa8536fcf64?s=96&d=mm&r=g\",\"contentUrl\":\"https:\/\/secure.gravatar.com\/avatar\/d08aa2ce4c8dd416d4479aa8536fcf64?s=96&d=mm&r=g\",\"caption\":\"moacir\"},\"url\":\"https:\/\/franciscanos.org.br\/noticias\/author\/moacir\"}]}<\/script>\n<!-- \/ Yoast SEO plugin. -->","yoast_head_json":{"title":"Termina a Festa da Penha: \"N\u00e3o deixemos passar a gra\u00e7a divina nesse tempo t\u00e3o desafiador\", pede D. Dario - Not\u00edcias - Franciscanos","robots":{"index":"index","follow":"follow","max-snippet":"max-snippet:-1","max-image-preview":"max-image-preview:large","max-video-preview":"max-video-preview:-1"},"canonical":"https:\/\/franciscanos.org.br\/noticias\/termina-a-festa-da-penha-nao-deixemos-passar-a-graca-divina-nesse-tempo-tao-desafiador-pede-d-dario.html","og_locale":"pt_BR","og_type":"article","og_title":"Termina a Festa da Penha: \"N\u00e3o deixemos passar a gra\u00e7a divina nesse tempo t\u00e3o desafiador\", pede D. Dario - Not\u00edcias - Franciscanos","og_description":"Encerramento da 450\u00aa Festa da Penha","og_url":"https:\/\/franciscanos.org.br\/noticias\/termina-a-festa-da-penha-nao-deixemos-passar-a-graca-divina-nesse-tempo-tao-desafiador-pede-d-dario.html","og_site_name":"Not\u00edcias - Franciscanos","article_published_time":"2020-04-20T23:24:48+00:00","og_image":[{"width":800,"height":600,"url":"https:\/\/franciscanos.org.br\/noticias\/wp-content\/uploads\/2020\/04\/penha_02d-1.jpg","type":"image\/jpeg"}],"author":"moacir","twitter_card":"summary_large_image","twitter_misc":{"Escrito por":"moacir","Est. tempo de leitura":"11 minutos"},"schema":{"@context":"https:\/\/schema.org","@graph":[{"@type":"WebSite","@id":"https:\/\/franciscanos.org.br\/noticias\/#website","url":"https:\/\/franciscanos.org.br\/noticias\/","name":"Not\u00edcias - Franciscanos","description":"Prov\u00edncia Franciscana da Imaculada Concei\u00e7\u00e3o do Brasil - Ordem dos Frades Menores - OFM","potentialAction":[{"@type":"SearchAction","target":{"@type":"EntryPoint","urlTemplate":"https:\/\/franciscanos.org.br\/noticias\/?s={search_term_string}"},"query-input":"required name=search_term_string"}],"inLanguage":"pt-BR"},{"@type":"ImageObject","inLanguage":"pt-BR","@id":"https:\/\/franciscanos.org.br\/noticias\/termina-a-festa-da-penha-nao-deixemos-passar-a-graca-divina-nesse-tempo-tao-desafiador-pede-d-dario.html#primaryimage","url":"https:\/\/franciscanos.org.br\/noticias\/wp-content\/uploads\/2020\/04\/penha_02d-1.jpg","contentUrl":"https:\/\/franciscanos.org.br\/noticias\/wp-content\/uploads\/2020\/04\/penha_02d-1.jpg","width":800,"height":600},{"@type":"WebPage","@id":"https:\/\/franciscanos.org.br\/noticias\/termina-a-festa-da-penha-nao-deixemos-passar-a-graca-divina-nesse-tempo-tao-desafiador-pede-d-dario.html#webpage","url":"https:\/\/franciscanos.org.br\/noticias\/termina-a-festa-da-penha-nao-deixemos-passar-a-graca-divina-nesse-tempo-tao-desafiador-pede-d-dario.html","name":"Termina a Festa da Penha: \"N\u00e3o deixemos passar a gra\u00e7a divina nesse tempo t\u00e3o desafiador\", pede D. Dario - Not\u00edcias - Franciscanos","isPartOf":{"@id":"https:\/\/franciscanos.org.br\/noticias\/#website"},"primaryImageOfPage":{"@id":"https:\/\/franciscanos.org.br\/noticias\/termina-a-festa-da-penha-nao-deixemos-passar-a-graca-divina-nesse-tempo-tao-desafiador-pede-d-dario.html#primaryimage"},"datePublished":"2020-04-20T23:24:48+00:00","dateModified":"2020-04-20T23:24:48+00:00","author":{"@id":"https:\/\/franciscanos.org.br\/noticias\/#\/schema\/person\/b5c8cba458c330ccff548b056e95a5d4"},"breadcrumb":{"@id":"https:\/\/franciscanos.org.br\/noticias\/termina-a-festa-da-penha-nao-deixemos-passar-a-graca-divina-nesse-tempo-tao-desafiador-pede-d-dario.html#breadcrumb"},"inLanguage":"pt-BR","potentialAction":[{"@type":"ReadAction","target":["https:\/\/franciscanos.org.br\/noticias\/termina-a-festa-da-penha-nao-deixemos-passar-a-graca-divina-nesse-tempo-tao-desafiador-pede-d-dario.html"]}]},{"@type":"BreadcrumbList","@id":"https:\/\/franciscanos.org.br\/noticias\/termina-a-festa-da-penha-nao-deixemos-passar-a-graca-divina-nesse-tempo-tao-desafiador-pede-d-dario.html#breadcrumb","itemListElement":[{"@type":"ListItem","position":1,"name":"Home","item":"https:\/\/franciscanos.org.br\/noticias"},{"@type":"ListItem","position":2,"name":"Termina a Festa da Penha: &#8220;N\u00e3o deixemos passar a gra\u00e7a divina nesse tempo t\u00e3o desafiador&#8221;, pede D. Dario"}]},{"@type":"Person","@id":"https:\/\/franciscanos.org.br\/noticias\/#\/schema\/person\/b5c8cba458c330ccff548b056e95a5d4","name":"moacir","image":{"@type":"ImageObject","inLanguage":"pt-BR","@id":"https:\/\/franciscanos.org.br\/noticias\/#\/schema\/person\/image\/","url":"https:\/\/secure.gravatar.com\/avatar\/d08aa2ce4c8dd416d4479aa8536fcf64?s=96&d=mm&r=g","contentUrl":"https:\/\/secure.gravatar.com\/avatar\/d08aa2ce4c8dd416d4479aa8536fcf64?s=96&d=mm&r=g","caption":"moacir"},"url":"https:\/\/franciscanos.org.br\/noticias\/author\/moacir"}]}},"_links":{"self":[{"href":"https:\/\/franciscanos.org.br\/noticias\/wp-json\/wp\/v2\/posts\/223288"}],"collection":[{"href":"https:\/\/franciscanos.org.br\/noticias\/wp-json\/wp\/v2\/posts"}],"about":[{"href":"https:\/\/franciscanos.org.br\/noticias\/wp-json\/wp\/v2\/types\/post"}],"author":[{"embeddable":true,"href":"https:\/\/franciscanos.org.br\/noticias\/wp-json\/wp\/v2\/users\/3"}],"replies":[{"embeddable":true,"href":"https:\/\/franciscanos.org.br\/noticias\/wp-json\/wp\/v2\/comments?post=223288"}],"version-history":[{"count":1,"href":"https:\/\/franciscanos.org.br\/noticias\/wp-json\/wp\/v2\/posts\/223288\/revisions"}],"predecessor-version":[{"id":223298,"href":"https:\/\/franciscanos.org.br\/noticias\/wp-json\/wp\/v2\/posts\/223288\/revisions\/223298"}],"wp:featuredmedia":[{"embeddable":true,"href":"https:\/\/franciscanos.org.br\/noticias\/wp-json\/wp\/v2\/media\/223291"}],"wp:attachment":[{"href":"https:\/\/franciscanos.org.br\/noticias\/wp-json\/wp\/v2\/media?parent=223288"}],"wp:term":[{"taxonomy":"category","embeddable":true,"href":"https:\/\/franciscanos.org.br\/noticias\/wp-json\/wp\/v2\/categories?post=223288"},{"taxonomy":"post_tag","embeddable":true,"href":"https:\/\/franciscanos.org.br\/noticias\/wp-json\/wp\/v2\/tags?post=223288"}],"curies":[{"name":"wp","href":"https:\/\/api.w.org\/{rel}","templated":true}]}}