{"id":223283,"date":"2020-04-20T07:22:29","date_gmt":"2020-04-20T10:22:29","guid":{"rendered":"https:\/\/franciscanos.org.br\/noticias\/?p=223283"},"modified":"2020-06-06T11:43:19","modified_gmt":"2020-06-06T14:43:19","slug":"papa-politicos-busquem-o-bem-das-populacoes-e-nao-do-seu-partido","status":"publish","type":"post","link":"https:\/\/franciscanos.org.br\/noticias\/papa-politicos-busquem-o-bem-das-populacoes-e-nao-do-seu-partido.html","title":{"rendered":"Papa: pol\u00edticos busquem o bem das popula\u00e7\u00f5es e n\u00e3o do seu partido"},"content":{"rendered":"<p><img loading=\"lazy\" class=\"alignleft size-full wp-image-223284\" src=\"https:\/\/franciscanos.org.br\/noticias\/wp-content\/uploads\/2020\/04\/papa_2004.jpg\" alt=\"\" width=\"1280\" height=\"729\" srcset=\"https:\/\/franciscanos.org.br\/noticias\/wp-content\/uploads\/2020\/04\/papa_2004.jpg 1280w, https:\/\/franciscanos.org.br\/noticias\/wp-content\/uploads\/2020\/04\/papa_2004-450x256.jpg 450w, https:\/\/franciscanos.org.br\/noticias\/wp-content\/uploads\/2020\/04\/papa_2004-1024x583.jpg 1024w, https:\/\/franciscanos.org.br\/noticias\/wp-content\/uploads\/2020\/04\/papa_2004-768x437.jpg 768w, https:\/\/franciscanos.org.br\/noticias\/wp-content\/uploads\/2020\/04\/papa_2004-150x85.jpg 150w\" sizes=\"(max-width: 1280px) 100vw, 1280px\" \/><\/p>\n<p><strong>Cidade do Vaticano &#8211;<\/strong> Ap\u00f3s a Missa de ontem, por ocasi\u00e3o do Domingo da Divina Miseric\u00f3rdia, na Igreja do Esp\u00edrito Santo em Sassia (nas proximidades da Pra\u00e7a S\u00e3o Pedro), hoje, segunda-feira (20\/04) da II Semana da P\u00e1scoa, Francisco retomou as celebra\u00e7\u00f5es matutinas na Casa Santa Marta. Na introdu\u00e7\u00e3o, dirigiu seu pensamento a quem \u00e9 engajado na pol\u00edtica:<\/p>\n<p>Rezemos hoje pelos homens e mulheres que t\u00eam voca\u00e7\u00e3o pol\u00edtica: a pol\u00edtica \u00e9 uma forma alta de caridade. Pelos partidos pol\u00edticos nos v\u00e1rios pa\u00edses, a fim de que neste momento de pandemia busquem juntos o bem do pa\u00eds e n\u00e3o o bem do seu partido.<\/p>\n<p>Na homilia, o Papa comentou o Evangelho do dia (Jo 3,1-8) em que Jesus diz a Nicodemos, um fariseu, que foi ter com Ele, de noite, que se algu\u00e9m n\u00e3o nasce do alto, n\u00e3o pode ver o Reino de Deus. Nem todos os fariseus eram maus \u2013 afirmou o Papa \u2013 e Nicodemos era um fariseu justo que sentia uma inquietude e buscava o Senhor. Nicodemos n\u00e3o sabe como dar este salto: nascer do Esp\u00edrito, porque o Esp\u00edrito \u00e9 imprevis\u00edvel. Quem se deixa guiar pelo Esp\u00edrito \u00e9 uma pessoa d\u00f3cil e livre. O crist\u00e3o n\u00e3o somente deve observar os mandamentos, mas deve deixar-se conduzir pelo Esp\u00edrito, aonde o Esp\u00edrito quer: deve deixar entrar nele o Esp\u00edrito que nos guia aonde n\u00e3o sabemos. O crist\u00e3o jamais deve limitar-se ao cumprimento dos mandamentos, mas deve ir al\u00e9m, entrando na liberdade do Esp\u00edrito. O Papa comentou tamb\u00e9m a passagem dos Atos dos Ap\u00f3stolos (At 4,23-31) em que, ap\u00f3s a liberta\u00e7\u00e3o de Pedro e Jo\u00e3o, os disc\u00edpulos de Jesus elevam juntos uma ora\u00e7\u00e3o a Deus a fim de que sejam capazes de proclamar com toda franqueza a sua Palavra diante das dificuldades e das amea\u00e7as: esta coragem \u00e9 fruto do Esp\u00edrito, disse Francisco, acrescentando que se renasce do alto com a ora\u00e7\u00e3o. A seguir, o texto da homilia transcrita pelo <em>Vatican News:<\/em><\/p>\n<p>Este homem, Nicodemos, \u00e9 um chefe dos judeus, um homem digno de cr\u00e9dito; sentiu a necessidade de ir ter com Jesus. Foi \u00e0 noite, porque devia fazer um certo equil\u00edbrio, porque aqueles que iam falar com Jesus n\u00e3o eram bem visto. \u00c9 um fariseu justo, porque nem todos os fariseus s\u00e3o maus: n\u00e3o, n\u00e3o; havia tamb\u00e9m fariseus justos. Este \u00e9 um fariseu justo. Sentiu a inquietude, porque \u00e9 um homem que tinha lido os profetas e sabia que isso que Jesus fazia tinha sido anunciado pelos profetas. Sentiu a inquietude e foi falar com Jesus: \u201cRabi, sabemos que vieste como mestre da parte de Deus\u201d: \u00e9 uma confiss\u00e3o, at\u00e9 um certo ponto. \u201cDe fato, ningu\u00e9m pode realizar os sinais que tu fazes, a n\u00e3o ser que Deus esteja com ele\u201d. Det\u00e9m-se diante do \u201cassim sendo\u201d. Se eu digo isso&#8230; assim sendo&#8230; e Jesus respondeu. Respondeu misticamente, como ele, Nicodemos, n\u00e3o esperava. Respondeu com aquela figura do nascimento: se algu\u00e9m n\u00e3o nasce do alto, n\u00e3o pode ver o Reino de Deus. E ele, Nicodemos, fica confuso, n\u00e3o entende e pega ad litteram (ao p\u00e9 da letra, literalmente) aquela resposta de Jesus: mas como \u00e9 que algu\u00e9m pode nascer, se \u00e9 adulto, se j\u00e1 \u00e9 velho? Nascer do alto, nascer do Esp\u00edrito. \u00c9 o salto que a confiss\u00e3o de Nicodemos deve fazer e ele n\u00e3o sabe como faz\u00ea-lo. Porque o Esp\u00edrito \u00e9 imprevis\u00edvel. A defini\u00e7\u00e3o do Esp\u00edrito que Jesus d\u00e1 aqui \u00e9 interessante: \u201cO vento sopra onde quer e tu podes ouvir o seu ru\u00eddo, mas n\u00e3o sabes de onde vem, nem para onde vai. Assim acontece a todo aquele que nasceu do Esp\u00edrito\u201d, ou seja, \u00e9 livre. Uma pessoa que se deixa conduzir de um lado para outro pelo Esp\u00edrito Santo: essa \u00e9 a liberdade do Esp\u00edrito. E quem faz isso \u00e9 uma pessoa d\u00f3cil e aqui se fala da docilidade do Esp\u00edrito.<\/p>\n<p><img loading=\"lazy\" class=\"alignleft size-full wp-image-223286\" src=\"https:\/\/franciscanos.org.br\/noticias\/wp-content\/uploads\/2020\/04\/papa_2004_1.jpg\" alt=\"\" width=\"1280\" height=\"590\" srcset=\"https:\/\/franciscanos.org.br\/noticias\/wp-content\/uploads\/2020\/04\/papa_2004_1.jpg 1280w, https:\/\/franciscanos.org.br\/noticias\/wp-content\/uploads\/2020\/04\/papa_2004_1-450x207.jpg 450w, https:\/\/franciscanos.org.br\/noticias\/wp-content\/uploads\/2020\/04\/papa_2004_1-1024x472.jpg 1024w, https:\/\/franciscanos.org.br\/noticias\/wp-content\/uploads\/2020\/04\/papa_2004_1-768x354.jpg 768w, https:\/\/franciscanos.org.br\/noticias\/wp-content\/uploads\/2020\/04\/papa_2004_1-150x69.jpg 150w\" sizes=\"(max-width: 1280px) 100vw, 1280px\" \/><\/p>\n<p><strong>Uma passagem da homilia do Papa Francisco<\/strong><br \/>\nSer crist\u00e3o n\u00e3o \u00e9 somente cumprir os Mandamentos: devem ser cumpridos, isso \u00e9 verdade, mas se voc\u00ea se det\u00e9m a\u00ed, voc\u00ea n\u00e3o \u00e9 um bom crist\u00e3o. Ser um bom crist\u00e3o \u00e9 deixar que o Esp\u00edrito Santo entre em voc\u00ea e o carregue, leve-o aonde Ele quer. Em nossa vida crist\u00e3 muitas vezes nos detemos como Nicodemos, diante do \u201cassim sendo\u201d, n\u00e3o sabemos qual passo posso dar, n\u00e3o sabemos como faz\u00ea-lo ou n\u00e3o temos a confian\u00e7a em Deus para dar esse passo e deixar o Esp\u00edrito entrar. Nascer novamente \u00e9 deixar que o Esp\u00edrito entre em n\u00f3s e que seja o Esp\u00edrito a conduzir-me e n\u00e3o eu, e a\u00ed, livre, com essa liberdade do Esp\u00edrito em que voc\u00ea jamais saber\u00e1 onde vai parar.<\/p>\n<p>Os ap\u00f3stolos, que estavam no cen\u00e1culo, quando vem o Esp\u00edrito sa\u00edram a pregar com aquela coragem, aquela franqueza&#8230; n\u00e3o sabiam que isso aconteceria; e o fizeram, porque o Esp\u00edrito os guiava. O crist\u00e3o jamais deve deter-se ao cumprimento dos Mandamentos: sim, deve cumpri-los, mas ir al\u00e9m, rumo a esse novo nascimento que \u00e9 o nascimento no Esp\u00edrito, que lhe d\u00e1 a liberdade do Esp\u00edrito.<\/p>\n<p>Foi o que aconteceu a esta comunidade crist\u00e3 da primeira Leitura, depois que Jo\u00e3o e Pedro voltaram daquele interrogat\u00f3rio que tiveram com os sacerdotes. Eles foram para junto de seus irm\u00e3os, nesta comunidade, e contaram tudo o que os sumos sacerdotes e os anci\u00e3os lhes haviam dito. E a comunidade, ao ouvir o relato, todos juntos, se assustaram um pouco. E o que fizeram? Rezar. N\u00e3o se limitaram a medidas prudenciais, \u201cn\u00e3o, agora fa\u00e7amos isso, estejamos um pouco mais tranquilos&#8230;\u201d: n\u00e3o. Rezar. Que fosse o Esp\u00edrito a dizer-lhes o que deveriam fazer. Elevaram suas vozes a Deus dizendo: \u201cSenhor!\u201d, e rezam. Essa bonita ora\u00e7\u00e3o de um momento sombrio, de um momento em que devem tomar decis\u00f5es e n\u00e3o sabem o que fazer. Querem nascer do Esp\u00edrito, abrem o cora\u00e7\u00e3o ao Esp\u00edrito: que seja Ele a diz\u00ea-lo&#8230; e pedem: \u201cSenhor, Herodes, P\u00f4ncio Pilatos uniram-se com as na\u00e7\u00f5es e os povos de Israel contra o teu Santo Esp\u00edrito e Jesus\u201d, contam a hist\u00f3ria e dizem: \u201cSenhor, faze alguma coisa!\u201d \u201cAgora, Senhor, olha as amea\u00e7as\u201d, as do grupo dos sacerdotes, e concede que os teus servos anunciem corajosamente a tua Palavra\u201d \u2013 pedem a franqueza, a coragem, a n\u00e3o ter medo, \u201cEstende a m\u00e3o para que se realizem curas, sinais e prod\u00edgios por meio do nome do teu santo servo Jesus. Quando terminaram a ora\u00e7\u00e3o, tremeu o lugar onde estavam reunidos. Todos, ent\u00e3o, ficaram cheios do Esp\u00edrito Santo e anunciavam corajosamente a palavra de Deus\u201d. Deu-se um segundo Pentecostes, a\u00ed.<\/p>\n<p>Diante das dificuldades, diante de uma porta fechada, em que eles n\u00e3o sabiam como seguir adiante, dirigem-se ao Senhor, abrem o cora\u00e7\u00e3o e vem o Esp\u00edrito e lhes d\u00e1 aquilo de que precisam e saem para pregar, com coragem, e adiante. Isso \u00e9 nascer do Esp\u00edrito, isso \u00e9 n\u00e3o deter-se no \u201cassim sendo\u201d, no \u201cassim sendo\u201d das coisas que sempre fiz, no \u201cassim sendo\u201d do p\u00f3s Mandamentos, no \u201cassim sendo\u201d ap\u00f3s os costumes religiosos: n\u00e3o! Isso \u00e9 nascer novamente. E como algu\u00e9m se prepara para nascer novamente? Com a ora\u00e7\u00e3o. A ora\u00e7\u00e3o \u00e9 quem nos abre a porta ao Esp\u00edrito e nos d\u00e1 essa liberdade, essa franqueza, essa coragem do Esp\u00edrito Santo. Que jamais saber\u00e1 aonde levar\u00e1 voc\u00ea. Mas \u00e9 o Esp\u00edrito.<\/p>\n<p>Que o Senhor nos ajude a ser sempre abertos ao Esp\u00edrito, porque ser\u00e1 Ele a nos levar adiante em nossa vida de servi\u00e7o ao Senhor.<\/p>\n<p>O Santo Padre terminou a celebra\u00e7\u00e3o com a adora\u00e7\u00e3o e a b\u00ean\u00e7\u00e3o eucar\u00edstica, convidando a fazer a Comunh\u00e3o espiritual. A seguir, a ora\u00e7\u00e3o recitada pelo Papa:<\/p>\n<p style=\"padding-left: 40px;\"><em>Aos vossos p\u00e9s, \u00f3 meu Jesus, me prostro e vos ofere\u00e7o o arrependimento do meu cora\u00e7\u00e3o contrito que mergulha no seu nada na Vossa santa presen\u00e7a. Eu vos adoro no Sacramento do vosso amor, a inef\u00e1vel Eucaristia. Desejo receber-vos na pobre morada que meu cora\u00e7\u00e3o vos oferece; \u00e0 espera da felicidade da comunh\u00e3o sacramental, quero possuir-vos em Esp\u00edrito. Vinde a mim, \u00f3 meu Jesus, que eu venha a v\u00f3s. Que o vosso amor possa inflamar todo o meu ser, para a vida e para a morte. Creio em v\u00f3s, espero em v\u00f3s. Amo-vos. Assim seja.<\/em><\/p>\n<p>Antes de deixar a Capela dedicada ao Esp\u00edrito Santo foi entoada a ant\u00edfona mariana \u201cRegina caeli\u201d, cantada no tempo pascal:<\/p>\n<p style=\"padding-left: 40px;\"><em>Rainha dos c\u00e9us, alegrai-vos. Aleluia!<\/em><\/p>\n<p style=\"padding-left: 40px;\"><em>Porque Aquele que merecestes trazer em vosso seio. Aleluia!<\/em><\/p>\n<p style=\"padding-left: 40px;\"><em>Ressuscitou como disse. Aleluia!<\/em><\/p>\n<p style=\"padding-left: 40px;\"><em>Rogai por n\u00f3s a Deus. Aleluia!<\/em><\/p>\n<p style=\"padding-left: 40px;\"><em>D.\/ Alegrai-vos e exultai, \u00f3 Virgem Maria. Aleluia!<\/em><\/p>\n<p style=\"padding-left: 40px;\"><em>C.\/ Porque o Senhor ressuscitou, verdadeiramente. Aleluia!<\/em><\/p>\n<hr \/>\n<p><em>Fonte: Vatican News<\/em><\/p>\n","protected":false},"excerpt":{"rendered":"<p>Missa em Santa Marta<\/p>\n","protected":false},"author":3,"featured_media":223285,"comment_status":"open","ping_status":"open","sticky":false,"template":"","format":"standard","meta":[],"categories":[1428],"tags":[1586],"acf":[],"yoast_head":"<!-- This site is optimized with the Yoast SEO plugin v19.2 - https:\/\/yoast.com\/wordpress\/plugins\/seo\/ -->\n<title>Papa: pol\u00edticos busquem o bem das popula\u00e7\u00f5es e n\u00e3o do seu partido - Not\u00edcias - Franciscanos<\/title>\n<meta name=\"robots\" content=\"index, follow, max-snippet:-1, max-image-preview:large, max-video-preview:-1\" \/>\n<link rel=\"canonical\" href=\"https:\/\/franciscanos.org.br\/noticias\/papa-politicos-busquem-o-bem-das-populacoes-e-nao-do-seu-partido.html\" \/>\n<meta property=\"og:locale\" content=\"pt_BR\" \/>\n<meta property=\"og:type\" content=\"article\" \/>\n<meta property=\"og:title\" content=\"Papa: pol\u00edticos busquem o bem das popula\u00e7\u00f5es e n\u00e3o do seu partido - Not\u00edcias - Franciscanos\" \/>\n<meta property=\"og:description\" content=\"Missa em Santa Marta\" \/>\n<meta property=\"og:url\" content=\"https:\/\/franciscanos.org.br\/noticias\/papa-politicos-busquem-o-bem-das-populacoes-e-nao-do-seu-partido.html\" \/>\n<meta property=\"og:site_name\" content=\"Not\u00edcias - Franciscanos\" \/>\n<meta property=\"article:published_time\" content=\"2020-04-20T10:22:29+00:00\" \/>\n<meta property=\"article:modified_time\" content=\"2020-06-06T14:43:19+00:00\" \/>\n<meta property=\"og:image\" content=\"https:\/\/franciscanos.org.br\/noticias\/wp-content\/uploads\/2020\/04\/papa_2004d.jpg\" \/>\n\t<meta property=\"og:image:width\" content=\"800\" \/>\n\t<meta property=\"og:image:height\" content=\"600\" \/>\n\t<meta property=\"og:image:type\" content=\"image\/jpeg\" \/>\n<meta name=\"author\" content=\"moacir\" \/>\n<meta name=\"twitter:card\" content=\"summary_large_image\" \/>\n<meta name=\"twitter:label1\" content=\"Escrito por\" \/>\n\t<meta name=\"twitter:data1\" content=\"moacir\" \/>\n\t<meta name=\"twitter:label2\" content=\"Est. tempo de leitura\" \/>\n\t<meta name=\"twitter:data2\" content=\"8 minutos\" \/>\n<script type=\"application\/ld+json\" class=\"yoast-schema-graph\">{\"@context\":\"https:\/\/schema.org\",\"@graph\":[{\"@type\":\"WebSite\",\"@id\":\"https:\/\/franciscanos.org.br\/noticias\/#website\",\"url\":\"https:\/\/franciscanos.org.br\/noticias\/\",\"name\":\"Not\u00edcias - Franciscanos\",\"description\":\"Prov\u00edncia Franciscana da Imaculada Concei\u00e7\u00e3o do Brasil - Ordem dos Frades Menores - OFM\",\"potentialAction\":[{\"@type\":\"SearchAction\",\"target\":{\"@type\":\"EntryPoint\",\"urlTemplate\":\"https:\/\/franciscanos.org.br\/noticias\/?s={search_term_string}\"},\"query-input\":\"required name=search_term_string\"}],\"inLanguage\":\"pt-BR\"},{\"@type\":\"ImageObject\",\"inLanguage\":\"pt-BR\",\"@id\":\"https:\/\/franciscanos.org.br\/noticias\/papa-politicos-busquem-o-bem-das-populacoes-e-nao-do-seu-partido.html#primaryimage\",\"url\":\"https:\/\/franciscanos.org.br\/noticias\/wp-content\/uploads\/2020\/04\/papa_2004d.jpg\",\"contentUrl\":\"https:\/\/franciscanos.org.br\/noticias\/wp-content\/uploads\/2020\/04\/papa_2004d.jpg\",\"width\":800,\"height\":600},{\"@type\":\"WebPage\",\"@id\":\"https:\/\/franciscanos.org.br\/noticias\/papa-politicos-busquem-o-bem-das-populacoes-e-nao-do-seu-partido.html#webpage\",\"url\":\"https:\/\/franciscanos.org.br\/noticias\/papa-politicos-busquem-o-bem-das-populacoes-e-nao-do-seu-partido.html\",\"name\":\"Papa: pol\u00edticos busquem o bem das popula\u00e7\u00f5es e n\u00e3o do seu partido - Not\u00edcias - Franciscanos\",\"isPartOf\":{\"@id\":\"https:\/\/franciscanos.org.br\/noticias\/#website\"},\"primaryImageOfPage\":{\"@id\":\"https:\/\/franciscanos.org.br\/noticias\/papa-politicos-busquem-o-bem-das-populacoes-e-nao-do-seu-partido.html#primaryimage\"},\"datePublished\":\"2020-04-20T10:22:29+00:00\",\"dateModified\":\"2020-06-06T14:43:19+00:00\",\"author\":{\"@id\":\"https:\/\/franciscanos.org.br\/noticias\/#\/schema\/person\/b5c8cba458c330ccff548b056e95a5d4\"},\"breadcrumb\":{\"@id\":\"https:\/\/franciscanos.org.br\/noticias\/papa-politicos-busquem-o-bem-das-populacoes-e-nao-do-seu-partido.html#breadcrumb\"},\"inLanguage\":\"pt-BR\",\"potentialAction\":[{\"@type\":\"ReadAction\",\"target\":[\"https:\/\/franciscanos.org.br\/noticias\/papa-politicos-busquem-o-bem-das-populacoes-e-nao-do-seu-partido.html\"]}]},{\"@type\":\"BreadcrumbList\",\"@id\":\"https:\/\/franciscanos.org.br\/noticias\/papa-politicos-busquem-o-bem-das-populacoes-e-nao-do-seu-partido.html#breadcrumb\",\"itemListElement\":[{\"@type\":\"ListItem\",\"position\":1,\"name\":\"Home\",\"item\":\"https:\/\/franciscanos.org.br\/noticias\"},{\"@type\":\"ListItem\",\"position\":2,\"name\":\"Papa: pol\u00edticos busquem o bem das popula\u00e7\u00f5es e n\u00e3o do seu partido\"}]},{\"@type\":\"Person\",\"@id\":\"https:\/\/franciscanos.org.br\/noticias\/#\/schema\/person\/b5c8cba458c330ccff548b056e95a5d4\",\"name\":\"moacir\",\"image\":{\"@type\":\"ImageObject\",\"inLanguage\":\"pt-BR\",\"@id\":\"https:\/\/franciscanos.org.br\/noticias\/#\/schema\/person\/image\/\",\"url\":\"https:\/\/secure.gravatar.com\/avatar\/d08aa2ce4c8dd416d4479aa8536fcf64?s=96&d=mm&r=g\",\"contentUrl\":\"https:\/\/secure.gravatar.com\/avatar\/d08aa2ce4c8dd416d4479aa8536fcf64?s=96&d=mm&r=g\",\"caption\":\"moacir\"},\"url\":\"https:\/\/franciscanos.org.br\/noticias\/author\/moacir\"}]}<\/script>\n<!-- \/ Yoast SEO plugin. -->","yoast_head_json":{"title":"Papa: pol\u00edticos busquem o bem das popula\u00e7\u00f5es e n\u00e3o do seu partido - Not\u00edcias - Franciscanos","robots":{"index":"index","follow":"follow","max-snippet":"max-snippet:-1","max-image-preview":"max-image-preview:large","max-video-preview":"max-video-preview:-1"},"canonical":"https:\/\/franciscanos.org.br\/noticias\/papa-politicos-busquem-o-bem-das-populacoes-e-nao-do-seu-partido.html","og_locale":"pt_BR","og_type":"article","og_title":"Papa: pol\u00edticos busquem o bem das popula\u00e7\u00f5es e n\u00e3o do seu partido - Not\u00edcias - Franciscanos","og_description":"Missa em Santa Marta","og_url":"https:\/\/franciscanos.org.br\/noticias\/papa-politicos-busquem-o-bem-das-populacoes-e-nao-do-seu-partido.html","og_site_name":"Not\u00edcias - Franciscanos","article_published_time":"2020-04-20T10:22:29+00:00","article_modified_time":"2020-06-06T14:43:19+00:00","og_image":[{"width":800,"height":600,"url":"https:\/\/franciscanos.org.br\/noticias\/wp-content\/uploads\/2020\/04\/papa_2004d.jpg","type":"image\/jpeg"}],"author":"moacir","twitter_card":"summary_large_image","twitter_misc":{"Escrito por":"moacir","Est. tempo de leitura":"8 minutos"},"schema":{"@context":"https:\/\/schema.org","@graph":[{"@type":"WebSite","@id":"https:\/\/franciscanos.org.br\/noticias\/#website","url":"https:\/\/franciscanos.org.br\/noticias\/","name":"Not\u00edcias - Franciscanos","description":"Prov\u00edncia Franciscana da Imaculada Concei\u00e7\u00e3o do Brasil - Ordem dos Frades Menores - OFM","potentialAction":[{"@type":"SearchAction","target":{"@type":"EntryPoint","urlTemplate":"https:\/\/franciscanos.org.br\/noticias\/?s={search_term_string}"},"query-input":"required name=search_term_string"}],"inLanguage":"pt-BR"},{"@type":"ImageObject","inLanguage":"pt-BR","@id":"https:\/\/franciscanos.org.br\/noticias\/papa-politicos-busquem-o-bem-das-populacoes-e-nao-do-seu-partido.html#primaryimage","url":"https:\/\/franciscanos.org.br\/noticias\/wp-content\/uploads\/2020\/04\/papa_2004d.jpg","contentUrl":"https:\/\/franciscanos.org.br\/noticias\/wp-content\/uploads\/2020\/04\/papa_2004d.jpg","width":800,"height":600},{"@type":"WebPage","@id":"https:\/\/franciscanos.org.br\/noticias\/papa-politicos-busquem-o-bem-das-populacoes-e-nao-do-seu-partido.html#webpage","url":"https:\/\/franciscanos.org.br\/noticias\/papa-politicos-busquem-o-bem-das-populacoes-e-nao-do-seu-partido.html","name":"Papa: pol\u00edticos busquem o bem das popula\u00e7\u00f5es e n\u00e3o do seu partido - Not\u00edcias - Franciscanos","isPartOf":{"@id":"https:\/\/franciscanos.org.br\/noticias\/#website"},"primaryImageOfPage":{"@id":"https:\/\/franciscanos.org.br\/noticias\/papa-politicos-busquem-o-bem-das-populacoes-e-nao-do-seu-partido.html#primaryimage"},"datePublished":"2020-04-20T10:22:29+00:00","dateModified":"2020-06-06T14:43:19+00:00","author":{"@id":"https:\/\/franciscanos.org.br\/noticias\/#\/schema\/person\/b5c8cba458c330ccff548b056e95a5d4"},"breadcrumb":{"@id":"https:\/\/franciscanos.org.br\/noticias\/papa-politicos-busquem-o-bem-das-populacoes-e-nao-do-seu-partido.html#breadcrumb"},"inLanguage":"pt-BR","potentialAction":[{"@type":"ReadAction","target":["https:\/\/franciscanos.org.br\/noticias\/papa-politicos-busquem-o-bem-das-populacoes-e-nao-do-seu-partido.html"]}]},{"@type":"BreadcrumbList","@id":"https:\/\/franciscanos.org.br\/noticias\/papa-politicos-busquem-o-bem-das-populacoes-e-nao-do-seu-partido.html#breadcrumb","itemListElement":[{"@type":"ListItem","position":1,"name":"Home","item":"https:\/\/franciscanos.org.br\/noticias"},{"@type":"ListItem","position":2,"name":"Papa: pol\u00edticos busquem o bem das popula\u00e7\u00f5es e n\u00e3o do seu partido"}]},{"@type":"Person","@id":"https:\/\/franciscanos.org.br\/noticias\/#\/schema\/person\/b5c8cba458c330ccff548b056e95a5d4","name":"moacir","image":{"@type":"ImageObject","inLanguage":"pt-BR","@id":"https:\/\/franciscanos.org.br\/noticias\/#\/schema\/person\/image\/","url":"https:\/\/secure.gravatar.com\/avatar\/d08aa2ce4c8dd416d4479aa8536fcf64?s=96&d=mm&r=g","contentUrl":"https:\/\/secure.gravatar.com\/avatar\/d08aa2ce4c8dd416d4479aa8536fcf64?s=96&d=mm&r=g","caption":"moacir"},"url":"https:\/\/franciscanos.org.br\/noticias\/author\/moacir"}]}},"_links":{"self":[{"href":"https:\/\/franciscanos.org.br\/noticias\/wp-json\/wp\/v2\/posts\/223283"}],"collection":[{"href":"https:\/\/franciscanos.org.br\/noticias\/wp-json\/wp\/v2\/posts"}],"about":[{"href":"https:\/\/franciscanos.org.br\/noticias\/wp-json\/wp\/v2\/types\/post"}],"author":[{"embeddable":true,"href":"https:\/\/franciscanos.org.br\/noticias\/wp-json\/wp\/v2\/users\/3"}],"replies":[{"embeddable":true,"href":"https:\/\/franciscanos.org.br\/noticias\/wp-json\/wp\/v2\/comments?post=223283"}],"version-history":[{"count":3,"href":"https:\/\/franciscanos.org.br\/noticias\/wp-json\/wp\/v2\/posts\/223283\/revisions"}],"predecessor-version":[{"id":224573,"href":"https:\/\/franciscanos.org.br\/noticias\/wp-json\/wp\/v2\/posts\/223283\/revisions\/224573"}],"wp:featuredmedia":[{"embeddable":true,"href":"https:\/\/franciscanos.org.br\/noticias\/wp-json\/wp\/v2\/media\/223285"}],"wp:attachment":[{"href":"https:\/\/franciscanos.org.br\/noticias\/wp-json\/wp\/v2\/media?parent=223283"}],"wp:term":[{"taxonomy":"category","embeddable":true,"href":"https:\/\/franciscanos.org.br\/noticias\/wp-json\/wp\/v2\/categories?post=223283"},{"taxonomy":"post_tag","embeddable":true,"href":"https:\/\/franciscanos.org.br\/noticias\/wp-json\/wp\/v2\/tags?post=223283"}],"curies":[{"name":"wp","href":"https:\/\/api.w.org\/{rel}","templated":true}]}}