{"id":223262,"date":"2020-04-19T19:24:56","date_gmt":"2020-04-19T22:24:56","guid":{"rendered":"https:\/\/franciscanos.org.br\/noticias\/?p=223262"},"modified":"2020-04-19T19:35:56","modified_gmt":"2020-04-19T22:35:56","slug":"frei-medella-homenageia-as-mulheres-e-pede-magnanimidade-dos-dirigentes-neste-flagelo-da-pandemia","status":"publish","type":"post","link":"https:\/\/franciscanos.org.br\/noticias\/frei-medella-homenageia-as-mulheres-e-pede-magnanimidade-dos-dirigentes-neste-flagelo-da-pandemia.html","title":{"rendered":"Frei Medella homenageia as mulheres e pede magnanimidade dos dirigentes neste flagelo da pandemia"},"content":{"rendered":"<p><img loading=\"lazy\" class=\"alignnone size-full wp-image-223263\" src=\"https:\/\/franciscanos.org.br\/noticias\/wp-content\/uploads\/2020\/04\/penha_1904_1-1.jpg\" alt=\"\" width=\"1280\" height=\"720\" srcset=\"https:\/\/franciscanos.org.br\/noticias\/wp-content\/uploads\/2020\/04\/penha_1904_1-1.jpg 1280w, https:\/\/franciscanos.org.br\/noticias\/wp-content\/uploads\/2020\/04\/penha_1904_1-1-450x253.jpg 450w, https:\/\/franciscanos.org.br\/noticias\/wp-content\/uploads\/2020\/04\/penha_1904_1-1-1024x576.jpg 1024w, https:\/\/franciscanos.org.br\/noticias\/wp-content\/uploads\/2020\/04\/penha_1904_1-1-768x432.jpg 768w, https:\/\/franciscanos.org.br\/noticias\/wp-content\/uploads\/2020\/04\/penha_1904_1-1-150x84.jpg 150w\" sizes=\"(max-width: 1280px) 100vw, 1280px\" \/><\/p>\n<p><strong>Moacir Beggo (*)<\/strong><\/p>\n<p><strong>\u00a0<\/strong><strong>S\u00e3o Paulo (SP)<\/strong> &#8211; Todos os anos, na v\u00e9spera do dia da Padroeira do Esp\u00edrito Santo, Nossa Senhora da Penha, uma multid\u00e3o de mulheres invade as ruas de Vila Velha para homenagear a Senhora das Alegrias. Neste ano, por conta das restri\u00e7\u00f5es de isolamento devido \u00e0 pandemia do novo coronav\u00edrus, essa homenagem ficou em cada cora\u00e7\u00e3o dos devotos e devotas de Maria. Mas o Vig\u00e1rio Provincial, Frei Gustavo Medella, \u00a0fez uma bela homenagem \u00e0s mulheres durante a Celebra\u00e7\u00e3o Eucar\u00edstica, \u00e0s 17 horas, que encerrou o Oitav\u00e1rio em prepara\u00e7\u00e3o para a Festa da Penha, a ser celebrada amanh\u00e3.<\/p>\n<p>No Ato Penitencial, Frei Medella pediu: &#8220;N\u00f3s, homens, precisamos pedir perd\u00e3o por todas as vezes que fomos injustos com as mulheres. \u00c9 muito triste abrir o jornal e ver as not\u00edcias de viol\u00eancia dom\u00e9stica. Precisamos mudar esse quadro, que n\u00e3o condiz com a maioria do povo que se diz crist\u00e3o&#8221;.<\/p>\n<p><img loading=\"lazy\" class=\"alignnone size-full wp-image-223264\" src=\"https:\/\/franciscanos.org.br\/noticias\/wp-content\/uploads\/2020\/04\/penha_1904_4.jpg\" alt=\"\" width=\"1280\" height=\"720\" srcset=\"https:\/\/franciscanos.org.br\/noticias\/wp-content\/uploads\/2020\/04\/penha_1904_4.jpg 1280w, https:\/\/franciscanos.org.br\/noticias\/wp-content\/uploads\/2020\/04\/penha_1904_4-450x253.jpg 450w, https:\/\/franciscanos.org.br\/noticias\/wp-content\/uploads\/2020\/04\/penha_1904_4-1024x576.jpg 1024w, https:\/\/franciscanos.org.br\/noticias\/wp-content\/uploads\/2020\/04\/penha_1904_4-768x432.jpg 768w, https:\/\/franciscanos.org.br\/noticias\/wp-content\/uploads\/2020\/04\/penha_1904_4-150x84.jpg 150w\" sizes=\"(max-width: 1280px) 100vw, 1280px\" \/><\/p>\n<p>Depois, no in\u00edcio de sua reflex\u00e3o, fez a homenagem \u00e0s mulheres, pedindo que as musicistas do Oitav\u00e1rio ficassem de p\u00e9: Rosilene, B\u00e1rbara e La\u00eds. &#8220;Elas representam todas as mulheres, nossas trabalhadoras, as m\u00e3es, as profissionais de sa\u00fade. Recebam, da nossa parte, um carinhoso muito obrigado! Cobrem de n\u00f3s, homens, o compromisso de sermos mais sensatos, mais fraternos, mais respeitosos na lida com voc\u00eas. Recebam, com todo carinho, nossa homenagem, nosso aplauso e o aplauso de todos que nos acompanham nas redes sociais&#8221;, disse Frei Gustavo, pedindo um viva a todas mulheres. &#8220;Que Nossa Senhora aben\u00e7oe a todas!&#8221;<\/p>\n<p>Depois, Frei Medella leu o in\u00edcio do Evangelho &#8211; &#8220;Ao anoitecer daquele dia, o primeiro da semana, estando fechadas, por medo dos judeus, as portas do lugar onde os disc\u00edpulos se encontravam, Jesus entrou e, pondo-se no meio deles, disse: &#8216;A paz esteja convosco'&#8221; &#8211; e fez a seguinte compara\u00e7\u00e3o:<\/p>\n<p>&#8220;Estando fechadas as portas. Se trocarmos &#8216;por medo dos judeus&#8217; e colocarmos &#8216;por medo do coronav\u00edrus&#8217;, quais s\u00e3o as portas fechadas hoje? E como Jesus transp\u00f5e essas portas e se faz presente nessas situa\u00e7\u00f5es onde o medo adquire muita for\u00e7a? Estando fechadas as portas do hospital e da UTI por medo do coronavirus, de que maneira Jesus se faz presente ali onde, a princ\u00edpio, parece que as for\u00e7as da morte est\u00e3o muitos fortes, muito evidentes?&#8221;, perguntou o celebrante.<\/p>\n<p><img loading=\"lazy\" class=\"alignnone size-full wp-image-223265\" src=\"https:\/\/franciscanos.org.br\/noticias\/wp-content\/uploads\/2020\/04\/penha_1904_3.jpg\" alt=\"\" width=\"1280\" height=\"635\" srcset=\"https:\/\/franciscanos.org.br\/noticias\/wp-content\/uploads\/2020\/04\/penha_1904_3.jpg 1280w, https:\/\/franciscanos.org.br\/noticias\/wp-content\/uploads\/2020\/04\/penha_1904_3-450x223.jpg 450w, https:\/\/franciscanos.org.br\/noticias\/wp-content\/uploads\/2020\/04\/penha_1904_3-1024x508.jpg 1024w, https:\/\/franciscanos.org.br\/noticias\/wp-content\/uploads\/2020\/04\/penha_1904_3-768x381.jpg 768w, https:\/\/franciscanos.org.br\/noticias\/wp-content\/uploads\/2020\/04\/penha_1904_3-150x74.jpg 150w\" sizes=\"(max-width: 1280px) 100vw, 1280px\" \/><\/p>\n<p>&#8220;N\u00e3o tenho d\u00favida de que ele se faz presente em cada destemido profissional de sa\u00fade, que coloca em risco a pr\u00f3pria vida, que se afasta do conv\u00edvio de sua fam\u00edlia para ser fam\u00edlia daqueles que n\u00e3o podem conviver com os seus por conta das restri\u00e7\u00f5es de um isolamento muito dolorido e dif\u00edcil. E Jesus, na voz desse profissional de sa\u00fade, chega bem perto do ouvido deste doente, com todos os equipamentos que as normas prescrevem, e \u00e9 capaz de dizer: &#8216;tudo o que estiver ao meu alcance fazer para que voc\u00ea recupere a sa\u00fade, eu vou fazer'&#8221;, ensinou.<\/p>\n<p>&#8220;N\u00e3o tenho d\u00favida que \u00e9 Jesus falando e levando um pouco de paz para aquele cora\u00e7\u00e3o aflito numa casa de fam\u00edlia, onde come\u00e7a vir o medo da fome. Estando as portas fechadas, por medo do coronav\u00edrus, aparecendo tamb\u00e9m o medo da fome, Jesus se encarna na presen\u00e7a de pessoas e de organiza\u00e7\u00f5es generosas que sabem pensar no outro e se organizam para que n\u00e3o faltem nada para ningu\u00e9m. Bate na porta, nem se apresenta, e deixa uma cesta b\u00e1sica naquela porta. A m\u00e3e abre e, eis a paz tempor\u00e1ria que se instala no seu cora\u00e7\u00e3o, ao saber que vai ter um almo\u00e7o, uma jantinha e um caf\u00e9 para ela e para os seus&#8221;, evidenciou.<\/p>\n<p><img loading=\"lazy\" class=\"alignnone size-full wp-image-223266\" src=\"https:\/\/franciscanos.org.br\/noticias\/wp-content\/uploads\/2020\/04\/penha_1904_2.jpg\" alt=\"\" width=\"1280\" height=\"720\" srcset=\"https:\/\/franciscanos.org.br\/noticias\/wp-content\/uploads\/2020\/04\/penha_1904_2.jpg 1280w, https:\/\/franciscanos.org.br\/noticias\/wp-content\/uploads\/2020\/04\/penha_1904_2-450x253.jpg 450w, https:\/\/franciscanos.org.br\/noticias\/wp-content\/uploads\/2020\/04\/penha_1904_2-1024x576.jpg 1024w, https:\/\/franciscanos.org.br\/noticias\/wp-content\/uploads\/2020\/04\/penha_1904_2-768x432.jpg 768w, https:\/\/franciscanos.org.br\/noticias\/wp-content\/uploads\/2020\/04\/penha_1904_2-150x84.jpg 150w\" sizes=\"(max-width: 1280px) 100vw, 1280px\" \/><\/p>\n<p>Segundo o frade, esses s\u00e3o alguns dos modos em que Jesus continua sendo presen\u00e7a de paz entre n\u00f3s e atrav\u00e9s de n\u00f3s: &#8220;Ele nos ajuda a vencer o medo. Ele nos ajuda a cultivar a esperan\u00e7a de que, juntos, solid\u00e1rios, atentos uns das necessidades dos outros, tolerantes, e abertos ao di\u00e1logo, n\u00f3s teremos condi\u00e7\u00f5es de vencer o flagelo dessa pandemia&#8221;.<\/p>\n<p>Depois Frei Gustavo lembrou que neste \u00faltimo dia do Oitav\u00e1rio de Nossa Senhora, que neste ano abordou as alegrias de Maria, faria uma medita\u00e7\u00e3o sobre a coroa\u00e7\u00e3o de Maria como Rainha do c\u00e9u e da terra. &#8220;Voc\u00ea que nos assiste, v\u00ea a imagem que temos aqui, em nosso convento, que traz Nossa Senhora das Alegrias coroada. Sobre sua cabe\u00e7a voc\u00ea v\u00ea esta coroa, s\u00edmbolo da realeza e do poder. Mas \u00e9 um poder exercido de uma forma muito espec\u00edfica. \u00c9 s\u00edmbolo de um poder que jamais oprime, que agride, que desrespeita, que s\u00f3 pensa em si. Esse n\u00e3o \u00e9 um poder real. Este n\u00e3o \u00e9 o poder de um verdadeiro rei. N\u00f3s n\u00e3o podemos esquecer que a Virgem que diz, &#8216;todas as gera\u00e7\u00f5es me chamar\u00e3o de bem-aventurada&#8217;, \u00e9 a mesma que diante de Deus \u00e9 capaz de, corajosamente, dizer: &#8216;Eis aqui a serva do Senhor&#8217;. A coroa \u00e9 sinal de humildade. O verdadeiro rei \u00e9 portador de uma caracter\u00edstica que se chama magnanimidade. Ele \u00e9 magn\u00e2nimo, generoso. \u00c9 ser capaz de enfrentar as dificuldades sem pensar primeiro em si ou nos seus interesses mais mesquinhos, mas olha para o todo da realidade, dando as respostas que cada situa\u00e7\u00e3o necessita, refletiu.<\/p>\n<p>&nbsp;<\/p>\n<p><img loading=\"lazy\" class=\"alignnone size-full wp-image-223270\" src=\"https:\/\/franciscanos.org.br\/noticias\/wp-content\/uploads\/2020\/04\/penha_1904_5.jpg\" alt=\"\" width=\"1280\" height=\"554\" srcset=\"https:\/\/franciscanos.org.br\/noticias\/wp-content\/uploads\/2020\/04\/penha_1904_5.jpg 1280w, https:\/\/franciscanos.org.br\/noticias\/wp-content\/uploads\/2020\/04\/penha_1904_5-450x195.jpg 450w, https:\/\/franciscanos.org.br\/noticias\/wp-content\/uploads\/2020\/04\/penha_1904_5-1024x443.jpg 1024w, https:\/\/franciscanos.org.br\/noticias\/wp-content\/uploads\/2020\/04\/penha_1904_5-768x332.jpg 768w, https:\/\/franciscanos.org.br\/noticias\/wp-content\/uploads\/2020\/04\/penha_1904_5-150x65.jpg 150w\" sizes=\"(max-width: 1280px) 100vw, 1280px\" \/><\/p>\n<p>Para o frade, Tom\u00e9, de certa maneira, n\u00e3o se comportou como um bom l\u00edder, um bom rei, no epis\u00f3dio do Evangelho deste domingo. &#8220;Faltou a ele a humildade de confiar em seus pares, em quem estava melhor informado, em quem conhecia melhor o epis\u00f3dio envolvendo Jesus. Ele negou-se acreditar no testemunho dos seus e, orgulhosamente, fez quest\u00e3o de ele mesmo ter que conferir a seu modo. Levou uma repreens\u00e3o. Muito merecida. Gra\u00e7as a Deus entrou no eixo&#8221;, observou.<\/p>\n<p>&#8220;Que as repreens\u00f5es dos fatos, dos problemas e das dificuldades fa\u00e7am com que aqueles que nos dirigem entrem no eixo e tomem consci\u00eancia da responsabilidade que t\u00eam e ajam magnanimamente. E a\u00ed ser\u00e3o lembrados, sim, como grandes. Ser\u00e3o lembrados, sim, como pessoas que souberam honrar a miss\u00e3o para que foram designados&#8221;, emendou o frade, trazendo a reflex\u00e3o para nossos dias.<\/p>\n<p><img loading=\"lazy\" class=\"alignnone size-full wp-image-223268\" src=\"https:\/\/franciscanos.org.br\/noticias\/wp-content\/uploads\/2020\/04\/penha_1904_8.jpg\" alt=\"\" width=\"1366\" height=\"702\" srcset=\"https:\/\/franciscanos.org.br\/noticias\/wp-content\/uploads\/2020\/04\/penha_1904_8.jpg 1366w, https:\/\/franciscanos.org.br\/noticias\/wp-content\/uploads\/2020\/04\/penha_1904_8-450x231.jpg 450w, https:\/\/franciscanos.org.br\/noticias\/wp-content\/uploads\/2020\/04\/penha_1904_8-1024x526.jpg 1024w, https:\/\/franciscanos.org.br\/noticias\/wp-content\/uploads\/2020\/04\/penha_1904_8-768x395.jpg 768w, https:\/\/franciscanos.org.br\/noticias\/wp-content\/uploads\/2020\/04\/penha_1904_8-150x77.jpg 150w\" sizes=\"(max-width: 1366px) 100vw, 1366px\" \/><\/p>\n<p>Para encerrar, Frei Medella deixou uma palavra de muito carinho para os frades da Prov\u00edncia Franciscana da Imaculada Concei\u00e7\u00e3o do Brasil. &#8220;S\u00e3o Francisco de Assis fundou a Ordem Franciscana numa pequena capela dedicada a Nossa Senhora, Santa Maria dos Anjos, em Assis, na It\u00e1lia, um ter\u00e7o, mais ou menos, desta capela aqui do Convento da Penha. E essa capelinha, pequena, \u00e9 muito grande e importante para todos os franciscanos. \u00c9 chamada a Porci\u00fancula, a pequena por\u00e7\u00e3o onde nasceu a experi\u00eancia, o carisma, o modo de viver inspirado por Francisco de Assis. N\u00e3o temo em dizer, queridos confrades, que o Convento da Penha, para a nossa Prov\u00edncia Franciscana da Imaculada Concei\u00e7\u00e3o do Brasil, \u00e9 esta Porci\u00fancula de onde nascem as melhores esperan\u00e7as, de onde brotam sinceras ora\u00e7\u00f5es, que sustenta e anima a vida e a miss\u00e3o de nossos frades espalhados no territ\u00f3rio onde nossa Prov\u00edncia se faz presente: Do Esp\u00edrito Santo a Santa Catarina, e tamb\u00e9m em Angola e outros pa\u00edses onde temos irm\u00e3os em miss\u00e3o&#8221;, homenageou.<\/p>\n<p>&#8220;Que Nossa Senhora das Alegrias, a Virgem da Penha, olhe e interceda por todos n\u00f3s, frades franciscanos, por todas as mulheres, pelos nossos governantes e dirigentes e por todo o povo capixaba!&#8221;, completou.<\/p>\n<p><img loading=\"lazy\" class=\"alignnone size-full wp-image-223269\" src=\"https:\/\/franciscanos.org.br\/noticias\/wp-content\/uploads\/2020\/04\/penha_1904_6.jpg\" alt=\"\" width=\"1280\" height=\"720\" srcset=\"https:\/\/franciscanos.org.br\/noticias\/wp-content\/uploads\/2020\/04\/penha_1904_6.jpg 1280w, https:\/\/franciscanos.org.br\/noticias\/wp-content\/uploads\/2020\/04\/penha_1904_6-450x253.jpg 450w, https:\/\/franciscanos.org.br\/noticias\/wp-content\/uploads\/2020\/04\/penha_1904_6-1024x576.jpg 1024w, https:\/\/franciscanos.org.br\/noticias\/wp-content\/uploads\/2020\/04\/penha_1904_6-768x432.jpg 768w, https:\/\/franciscanos.org.br\/noticias\/wp-content\/uploads\/2020\/04\/penha_1904_6-150x84.jpg 150w\" sizes=\"(max-width: 1280px) 100vw, 1280px\" \/><\/p>\n<p>A festa da Penha \u00e9 fruto de uma semente lan\u00e7ada por Frei Pedro Pal\u00e1cios em 1558, quando chegou ao Brasil com os colonizadores portugueses e desembarcou nas terras capixabas. O frade espanhol trouxe na sua bagagem um painel de Nossa Senhora das 7 Alegrias, que foi colocado numa gruta e deu origem \u00e0 devo\u00e7\u00e3o franciscana que vem at\u00e9 hoje. Ao longo do tempo, essa devo\u00e7\u00e3o cresceu e foi constru\u00eddo o Santu\u00e1rio para a M\u00e3e de Deus no ponto mais alto do penhasco. Desde ent\u00e3o, romeiros visitam o Convento durante todo o ano.<\/p>\n<p>A programa\u00e7\u00e3o est\u00e1 dispon\u00edvel nas redes sociais do Convento da Penha atrav\u00e9s do Facebook (https:\/\/www.facebook.com\/penhaconvento\/), Instagram (https:\/\/www.instagram.com\/conventodapenha\/) e o Canal do YouTube (https:\/\/www.youtube.com\/channel\/UCur6FpU2tk0IDg6NkTBMqog).<\/p>\n<p>O Oitav\u00e1rio tamb\u00e9m est\u00e1 sendo transmitido diariamente pelo site do G1\/ES (https:\/\/g1.globo.com\/es\/espirito-santo\/).<\/p>\n<p><strong><img loading=\"lazy\" class=\"alignleft wp-image-223271\" src=\"https:\/\/franciscanos.org.br\/noticias\/wp-content\/uploads\/2020\/04\/penha_1904_9.jpg\" alt=\"\" width=\"368\" height=\"334\" srcset=\"https:\/\/franciscanos.org.br\/noticias\/wp-content\/uploads\/2020\/04\/penha_1904_9.jpg 600w, https:\/\/franciscanos.org.br\/noticias\/wp-content\/uploads\/2020\/04\/penha_1904_9-450x408.jpg 450w, https:\/\/franciscanos.org.br\/noticias\/wp-content\/uploads\/2020\/04\/penha_1904_9-150x136.jpg 150w\" sizes=\"(max-width: 368px) 100vw, 368px\" \/>SEGUNDA \u2013 20 de abril \u2013 DIA DA PADROEIRA DO ESP\u00cdRITO SANTO<\/strong><\/p>\n<p><strong>6h00<\/strong> \u2013 Alvorada com toque de sinos, ao vivo no Instagram, Facebook e Canal do YouTube do Convento da Penha<br \/>\n<strong>9h00<\/strong> \u2013 Missa, com transmiss\u00e3o ao vivo no Instagram, Facebook e YouTube do Convento da Penha<br \/>\n<strong>10h00<\/strong> \u2013 Exibi\u00e7\u00e3o do Programa Salve M\u00e3e das Alegrias, ao vivo no Instagram, Facebook e Canal do YouTube do Convento da Penha<br \/>\n<strong>12h00<\/strong> \u2013 Missa com o Padre Reginaldo Manzotti, ao vivo no Instagram, Facebook e YouTube do Convento da Penha e tamb\u00e9m na R\u00e1dio Am\u00e9rica, TVE e TV Evangelizar<br \/>\n<strong>15h00<\/strong> \u2013 Consagra\u00e7\u00e3o \u00e0 Nossa Senhora, ao vivo no Instagram, Facebook e Canal do YouTube do Convento da Penha<br \/>\n<strong>17h00<\/strong> \u2013 Missa de Encerramento \u2013 ao vivo na TV Gazeta e G1\/ES, al\u00e9m do Instagram, Facebook e Canal do YouTube do Convento da Penha<br \/>\n<strong>18h00<\/strong> \u2013 Festival Amor e Esperan\u00e7a, com apresenta\u00e7\u00f5es art\u00edsticas ao vivo no Instagram da TV Gazeta<\/p>\n<hr \/>\n<p><em>(*) Com a transmiss\u00e3o ao vivo pelo Convento da Penha<\/em><\/p>\n","protected":false},"excerpt":{"rendered":"<p>Encerramento do Oitav\u00e1rio da Festa da Penha<\/p>\n","protected":false},"author":3,"featured_media":223272,"comment_status":"open","ping_status":"open","sticky":false,"template":"","format":"standard","meta":[],"categories":[1],"tags":[245],"acf":[],"yoast_head":"<!-- This site is optimized with the Yoast SEO plugin v19.2 - https:\/\/yoast.com\/wordpress\/plugins\/seo\/ -->\n<title>Frei Medella homenageia as mulheres e pede magnanimidade dos dirigentes neste flagelo da pandemia - Not\u00edcias - Franciscanos<\/title>\n<meta name=\"robots\" content=\"index, follow, max-snippet:-1, max-image-preview:large, max-video-preview:-1\" \/>\n<link rel=\"canonical\" href=\"https:\/\/franciscanos.org.br\/noticias\/frei-medella-homenageia-as-mulheres-e-pede-magnanimidade-dos-dirigentes-neste-flagelo-da-pandemia.html\" \/>\n<meta property=\"og:locale\" content=\"pt_BR\" \/>\n<meta property=\"og:type\" content=\"article\" \/>\n<meta property=\"og:title\" content=\"Frei Medella homenageia as mulheres e pede magnanimidade dos dirigentes neste flagelo da pandemia - Not\u00edcias - Franciscanos\" \/>\n<meta property=\"og:description\" content=\"Encerramento do Oitav\u00e1rio da Festa da Penha\" \/>\n<meta property=\"og:url\" content=\"https:\/\/franciscanos.org.br\/noticias\/frei-medella-homenageia-as-mulheres-e-pede-magnanimidade-dos-dirigentes-neste-flagelo-da-pandemia.html\" \/>\n<meta property=\"og:site_name\" content=\"Not\u00edcias - Franciscanos\" \/>\n<meta property=\"article:published_time\" content=\"2020-04-19T22:24:56+00:00\" \/>\n<meta property=\"article:modified_time\" content=\"2020-04-19T22:35:56+00:00\" \/>\n<meta property=\"og:image\" content=\"https:\/\/franciscanos.org.br\/noticias\/wp-content\/uploads\/2020\/04\/penha_1904_1d-1.jpg\" \/>\n\t<meta property=\"og:image:width\" content=\"800\" \/>\n\t<meta property=\"og:image:height\" content=\"600\" \/>\n\t<meta property=\"og:image:type\" content=\"image\/jpeg\" \/>\n<meta name=\"author\" content=\"moacir\" \/>\n<meta name=\"twitter:card\" content=\"summary_large_image\" \/>\n<meta name=\"twitter:label1\" content=\"Escrito por\" \/>\n\t<meta name=\"twitter:data1\" content=\"moacir\" \/>\n\t<meta name=\"twitter:label2\" content=\"Est. tempo de leitura\" \/>\n\t<meta name=\"twitter:data2\" content=\"8 minutos\" \/>\n<script type=\"application\/ld+json\" class=\"yoast-schema-graph\">{\"@context\":\"https:\/\/schema.org\",\"@graph\":[{\"@type\":\"WebSite\",\"@id\":\"https:\/\/franciscanos.org.br\/noticias\/#website\",\"url\":\"https:\/\/franciscanos.org.br\/noticias\/\",\"name\":\"Not\u00edcias - Franciscanos\",\"description\":\"Prov\u00edncia Franciscana da Imaculada Concei\u00e7\u00e3o do Brasil - Ordem dos Frades Menores - OFM\",\"potentialAction\":[{\"@type\":\"SearchAction\",\"target\":{\"@type\":\"EntryPoint\",\"urlTemplate\":\"https:\/\/franciscanos.org.br\/noticias\/?s={search_term_string}\"},\"query-input\":\"required name=search_term_string\"}],\"inLanguage\":\"pt-BR\"},{\"@type\":\"ImageObject\",\"inLanguage\":\"pt-BR\",\"@id\":\"https:\/\/franciscanos.org.br\/noticias\/frei-medella-homenageia-as-mulheres-e-pede-magnanimidade-dos-dirigentes-neste-flagelo-da-pandemia.html#primaryimage\",\"url\":\"https:\/\/franciscanos.org.br\/noticias\/wp-content\/uploads\/2020\/04\/penha_1904_1d-1.jpg\",\"contentUrl\":\"https:\/\/franciscanos.org.br\/noticias\/wp-content\/uploads\/2020\/04\/penha_1904_1d-1.jpg\",\"width\":800,\"height\":600},{\"@type\":\"WebPage\",\"@id\":\"https:\/\/franciscanos.org.br\/noticias\/frei-medella-homenageia-as-mulheres-e-pede-magnanimidade-dos-dirigentes-neste-flagelo-da-pandemia.html#webpage\",\"url\":\"https:\/\/franciscanos.org.br\/noticias\/frei-medella-homenageia-as-mulheres-e-pede-magnanimidade-dos-dirigentes-neste-flagelo-da-pandemia.html\",\"name\":\"Frei Medella homenageia as mulheres e pede magnanimidade dos dirigentes neste flagelo da pandemia - Not\u00edcias - Franciscanos\",\"isPartOf\":{\"@id\":\"https:\/\/franciscanos.org.br\/noticias\/#website\"},\"primaryImageOfPage\":{\"@id\":\"https:\/\/franciscanos.org.br\/noticias\/frei-medella-homenageia-as-mulheres-e-pede-magnanimidade-dos-dirigentes-neste-flagelo-da-pandemia.html#primaryimage\"},\"datePublished\":\"2020-04-19T22:24:56+00:00\",\"dateModified\":\"2020-04-19T22:35:56+00:00\",\"author\":{\"@id\":\"https:\/\/franciscanos.org.br\/noticias\/#\/schema\/person\/b5c8cba458c330ccff548b056e95a5d4\"},\"breadcrumb\":{\"@id\":\"https:\/\/franciscanos.org.br\/noticias\/frei-medella-homenageia-as-mulheres-e-pede-magnanimidade-dos-dirigentes-neste-flagelo-da-pandemia.html#breadcrumb\"},\"inLanguage\":\"pt-BR\",\"potentialAction\":[{\"@type\":\"ReadAction\",\"target\":[\"https:\/\/franciscanos.org.br\/noticias\/frei-medella-homenageia-as-mulheres-e-pede-magnanimidade-dos-dirigentes-neste-flagelo-da-pandemia.html\"]}]},{\"@type\":\"BreadcrumbList\",\"@id\":\"https:\/\/franciscanos.org.br\/noticias\/frei-medella-homenageia-as-mulheres-e-pede-magnanimidade-dos-dirigentes-neste-flagelo-da-pandemia.html#breadcrumb\",\"itemListElement\":[{\"@type\":\"ListItem\",\"position\":1,\"name\":\"Home\",\"item\":\"https:\/\/franciscanos.org.br\/noticias\"},{\"@type\":\"ListItem\",\"position\":2,\"name\":\"Frei Medella homenageia as mulheres e pede magnanimidade dos dirigentes neste flagelo da pandemia\"}]},{\"@type\":\"Person\",\"@id\":\"https:\/\/franciscanos.org.br\/noticias\/#\/schema\/person\/b5c8cba458c330ccff548b056e95a5d4\",\"name\":\"moacir\",\"image\":{\"@type\":\"ImageObject\",\"inLanguage\":\"pt-BR\",\"@id\":\"https:\/\/franciscanos.org.br\/noticias\/#\/schema\/person\/image\/\",\"url\":\"https:\/\/secure.gravatar.com\/avatar\/d08aa2ce4c8dd416d4479aa8536fcf64?s=96&d=mm&r=g\",\"contentUrl\":\"https:\/\/secure.gravatar.com\/avatar\/d08aa2ce4c8dd416d4479aa8536fcf64?s=96&d=mm&r=g\",\"caption\":\"moacir\"},\"url\":\"https:\/\/franciscanos.org.br\/noticias\/author\/moacir\"}]}<\/script>\n<!-- \/ Yoast SEO plugin. -->","yoast_head_json":{"title":"Frei Medella homenageia as mulheres e pede magnanimidade dos dirigentes neste flagelo da pandemia - Not\u00edcias - Franciscanos","robots":{"index":"index","follow":"follow","max-snippet":"max-snippet:-1","max-image-preview":"max-image-preview:large","max-video-preview":"max-video-preview:-1"},"canonical":"https:\/\/franciscanos.org.br\/noticias\/frei-medella-homenageia-as-mulheres-e-pede-magnanimidade-dos-dirigentes-neste-flagelo-da-pandemia.html","og_locale":"pt_BR","og_type":"article","og_title":"Frei Medella homenageia as mulheres e pede magnanimidade dos dirigentes neste flagelo da pandemia - Not\u00edcias - Franciscanos","og_description":"Encerramento do Oitav\u00e1rio da Festa da Penha","og_url":"https:\/\/franciscanos.org.br\/noticias\/frei-medella-homenageia-as-mulheres-e-pede-magnanimidade-dos-dirigentes-neste-flagelo-da-pandemia.html","og_site_name":"Not\u00edcias - Franciscanos","article_published_time":"2020-04-19T22:24:56+00:00","article_modified_time":"2020-04-19T22:35:56+00:00","og_image":[{"width":800,"height":600,"url":"https:\/\/franciscanos.org.br\/noticias\/wp-content\/uploads\/2020\/04\/penha_1904_1d-1.jpg","type":"image\/jpeg"}],"author":"moacir","twitter_card":"summary_large_image","twitter_misc":{"Escrito por":"moacir","Est. tempo de leitura":"8 minutos"},"schema":{"@context":"https:\/\/schema.org","@graph":[{"@type":"WebSite","@id":"https:\/\/franciscanos.org.br\/noticias\/#website","url":"https:\/\/franciscanos.org.br\/noticias\/","name":"Not\u00edcias - Franciscanos","description":"Prov\u00edncia Franciscana da Imaculada Concei\u00e7\u00e3o do Brasil - Ordem dos Frades Menores - OFM","potentialAction":[{"@type":"SearchAction","target":{"@type":"EntryPoint","urlTemplate":"https:\/\/franciscanos.org.br\/noticias\/?s={search_term_string}"},"query-input":"required name=search_term_string"}],"inLanguage":"pt-BR"},{"@type":"ImageObject","inLanguage":"pt-BR","@id":"https:\/\/franciscanos.org.br\/noticias\/frei-medella-homenageia-as-mulheres-e-pede-magnanimidade-dos-dirigentes-neste-flagelo-da-pandemia.html#primaryimage","url":"https:\/\/franciscanos.org.br\/noticias\/wp-content\/uploads\/2020\/04\/penha_1904_1d-1.jpg","contentUrl":"https:\/\/franciscanos.org.br\/noticias\/wp-content\/uploads\/2020\/04\/penha_1904_1d-1.jpg","width":800,"height":600},{"@type":"WebPage","@id":"https:\/\/franciscanos.org.br\/noticias\/frei-medella-homenageia-as-mulheres-e-pede-magnanimidade-dos-dirigentes-neste-flagelo-da-pandemia.html#webpage","url":"https:\/\/franciscanos.org.br\/noticias\/frei-medella-homenageia-as-mulheres-e-pede-magnanimidade-dos-dirigentes-neste-flagelo-da-pandemia.html","name":"Frei Medella homenageia as mulheres e pede magnanimidade dos dirigentes neste flagelo da pandemia - Not\u00edcias - Franciscanos","isPartOf":{"@id":"https:\/\/franciscanos.org.br\/noticias\/#website"},"primaryImageOfPage":{"@id":"https:\/\/franciscanos.org.br\/noticias\/frei-medella-homenageia-as-mulheres-e-pede-magnanimidade-dos-dirigentes-neste-flagelo-da-pandemia.html#primaryimage"},"datePublished":"2020-04-19T22:24:56+00:00","dateModified":"2020-04-19T22:35:56+00:00","author":{"@id":"https:\/\/franciscanos.org.br\/noticias\/#\/schema\/person\/b5c8cba458c330ccff548b056e95a5d4"},"breadcrumb":{"@id":"https:\/\/franciscanos.org.br\/noticias\/frei-medella-homenageia-as-mulheres-e-pede-magnanimidade-dos-dirigentes-neste-flagelo-da-pandemia.html#breadcrumb"},"inLanguage":"pt-BR","potentialAction":[{"@type":"ReadAction","target":["https:\/\/franciscanos.org.br\/noticias\/frei-medella-homenageia-as-mulheres-e-pede-magnanimidade-dos-dirigentes-neste-flagelo-da-pandemia.html"]}]},{"@type":"BreadcrumbList","@id":"https:\/\/franciscanos.org.br\/noticias\/frei-medella-homenageia-as-mulheres-e-pede-magnanimidade-dos-dirigentes-neste-flagelo-da-pandemia.html#breadcrumb","itemListElement":[{"@type":"ListItem","position":1,"name":"Home","item":"https:\/\/franciscanos.org.br\/noticias"},{"@type":"ListItem","position":2,"name":"Frei Medella homenageia as mulheres e pede magnanimidade dos dirigentes neste flagelo da pandemia"}]},{"@type":"Person","@id":"https:\/\/franciscanos.org.br\/noticias\/#\/schema\/person\/b5c8cba458c330ccff548b056e95a5d4","name":"moacir","image":{"@type":"ImageObject","inLanguage":"pt-BR","@id":"https:\/\/franciscanos.org.br\/noticias\/#\/schema\/person\/image\/","url":"https:\/\/secure.gravatar.com\/avatar\/d08aa2ce4c8dd416d4479aa8536fcf64?s=96&d=mm&r=g","contentUrl":"https:\/\/secure.gravatar.com\/avatar\/d08aa2ce4c8dd416d4479aa8536fcf64?s=96&d=mm&r=g","caption":"moacir"},"url":"https:\/\/franciscanos.org.br\/noticias\/author\/moacir"}]}},"_links":{"self":[{"href":"https:\/\/franciscanos.org.br\/noticias\/wp-json\/wp\/v2\/posts\/223262"}],"collection":[{"href":"https:\/\/franciscanos.org.br\/noticias\/wp-json\/wp\/v2\/posts"}],"about":[{"href":"https:\/\/franciscanos.org.br\/noticias\/wp-json\/wp\/v2\/types\/post"}],"author":[{"embeddable":true,"href":"https:\/\/franciscanos.org.br\/noticias\/wp-json\/wp\/v2\/users\/3"}],"replies":[{"embeddable":true,"href":"https:\/\/franciscanos.org.br\/noticias\/wp-json\/wp\/v2\/comments?post=223262"}],"version-history":[{"count":3,"href":"https:\/\/franciscanos.org.br\/noticias\/wp-json\/wp\/v2\/posts\/223262\/revisions"}],"predecessor-version":[{"id":223275,"href":"https:\/\/franciscanos.org.br\/noticias\/wp-json\/wp\/v2\/posts\/223262\/revisions\/223275"}],"wp:featuredmedia":[{"embeddable":true,"href":"https:\/\/franciscanos.org.br\/noticias\/wp-json\/wp\/v2\/media\/223272"}],"wp:attachment":[{"href":"https:\/\/franciscanos.org.br\/noticias\/wp-json\/wp\/v2\/media?parent=223262"}],"wp:term":[{"taxonomy":"category","embeddable":true,"href":"https:\/\/franciscanos.org.br\/noticias\/wp-json\/wp\/v2\/categories?post=223262"},{"taxonomy":"post_tag","embeddable":true,"href":"https:\/\/franciscanos.org.br\/noticias\/wp-json\/wp\/v2\/tags?post=223262"}],"curies":[{"name":"wp","href":"https:\/\/api.w.org\/{rel}","templated":true}]}}