{"id":223257,"date":"2020-04-19T15:05:03","date_gmt":"2020-04-19T18:05:03","guid":{"rendered":"https:\/\/franciscanos.org.br\/noticias\/?p=223257"},"modified":"2020-04-19T15:05:03","modified_gmt":"2020-04-19T18:05:03","slug":"nossa-senhora-da-penha-vai-ate-o-povo-em-4-horas-de-devocao-e-fe","status":"publish","type":"post","link":"https:\/\/franciscanos.org.br\/noticias\/nossa-senhora-da-penha-vai-ate-o-povo-em-4-horas-de-devocao-e-fe.html","title":{"rendered":"Nossa Senhora da Penha vai at\u00e9 o povo em 4 horas de devo\u00e7\u00e3o e f\u00e9"},"content":{"rendered":"<p><img loading=\"lazy\" class=\"alignnone size-full wp-image-223258\" src=\"https:\/\/franciscanos.org.br\/noticias\/wp-content\/uploads\/2020\/04\/penha_1904_1.jpg\" alt=\"\" width=\"1280\" height=\"854\" srcset=\"https:\/\/franciscanos.org.br\/noticias\/wp-content\/uploads\/2020\/04\/penha_1904_1.jpg 1280w, https:\/\/franciscanos.org.br\/noticias\/wp-content\/uploads\/2020\/04\/penha_1904_1-450x300.jpg 450w, https:\/\/franciscanos.org.br\/noticias\/wp-content\/uploads\/2020\/04\/penha_1904_1-1024x683.jpg 1024w, https:\/\/franciscanos.org.br\/noticias\/wp-content\/uploads\/2020\/04\/penha_1904_1-768x512.jpg 768w, https:\/\/franciscanos.org.br\/noticias\/wp-content\/uploads\/2020\/04\/penha_1904_1-150x100.jpg 150w\" sizes=\"(max-width: 1280px) 100vw, 1280px\" \/><br \/>\nLuzes piscando dos apartamentos e casas, fi\u00e9is usando m\u00e1scaras e ajoelhados durante a passagem do cortejo, devotos saudando a frota com \u201cvivas\u201d. Fazendo jus \u00e0 tradi\u00e7\u00e3o, o s\u00e1bado da Festa da Penha foi marcado por esses e outros incont\u00e1veis gestos fervorosos dedicados \u00e0 padroeira do Estado ao longo dos 50,3 km da Romaria das Fam\u00edlias, que este ano, por conta da pandemia do novo coronav\u00edrus, estreou, em car\u00e1ter excepcional, e substituiu \u00e0 altura a hist\u00f3rica Romaria dos Homens e seus 14 km.<\/p>\n<p>Em quatro horas e meia de um cortejo comovente por regi\u00f5es da Grande Vit\u00f3ria, o que se viu foram pedidos de b\u00ean\u00e7\u00e3o para um mundo melhor e demonstra\u00e7\u00f5es de carinho e amor diante da imagem da santa, que desfilou em um caminh\u00e3o do Corpo de Bombeiros, um dos ve\u00edculos integrantes do comboio.<\/p>\n<p>Em um minitrio, incans\u00e1veis, os freis Paulo Roberto Pereira, guardi\u00e3o do Convento, e Pedro de Oliveira, conduziram a celebra\u00e7\u00e3o sobre rodas, que partiu do Centro de Vit\u00f3ria, da regi\u00e3o da Pra\u00e7a Costa Pereira, \u00e0s 20 horas deste s\u00e1bado (18), seguiu at\u00e9 a \u00e1rea da rodovi\u00e1ria da capital, voltou pela Vila Rubim, acessando depois a Beira-Mar.<\/p>\n<p>Eram os quil\u00f4metros iniciais de uma festa itinerante que s\u00f3 foi acabar por volta da 0h30 deste domingo (19), embalada com m\u00fasicas religiosas compostas em tributo a Maria.<\/p>\n<p><strong>\u201cPisque as luzes de suas casas\u201d<\/strong><br \/>\nNo ve\u00edculo, o Frei Pedro rogou pelos moradores em v\u00e1rias preces \u00e0 M\u00e3e das Alegrias. Na altura do bairro Jesus de Nazareth, clamou aos c\u00e9us pelas fam\u00edlias daquela comunidade. &#8220;Pessoal do bairro de Jesus de Nazareth, pisque as luzes de suas casas. Queremos pedir a b\u00ean\u00e7\u00e3o e prote\u00e7\u00e3o da Virgem da Penha para toda essa regi\u00e3o&#8221;, falou.<\/p>\n<p>Mais adiante, o frade continuou: \u201cViva Nossa Senhora da Penha. Ela merece. \u00c9 a nossa homenagem \u00e0 m\u00e3e de Deus e \u00e0 nossa m\u00e3e. N\u00e3o foi poss\u00edvel ir at\u00e9 o santu\u00e1rio dela por causa dessa pandemia, mas ela passa no nosso meio para nos aben\u00e7oar&#8221;.<\/p>\n<p>Os carros prosseguiram pela Leit\u00e3o da Silva, pela C\u00e9sar Hilal, pela Reta da Penha, pela Fernando Ferrari e pela reta do antigo aeroporto, ainda na Capital. Entraram por Carapina, j\u00e1 na Serra, indo para Bairro de F\u00e1tima e retornando assim a Vit\u00f3ria por Jardim Camburi. Orla de Camburi, Praia do Canto e Enseada tamb\u00e9m foram trechos visitados na cidade.<\/p>\n<p>Na sequ\u00eancia, a imagem chegou \u00e0 Terceira Ponte e \u00e0 orla de Vila Velha, sendo saudada por devotos em Itaparica, Itapo\u00e3 e Praia da Costa at\u00e9 se direcionar ao Centro do munic\u00edpio e ao destino final da caravana, a Prainha.<\/p>\n<p>Uma das passagens mais emocionantes foi quando o comboio, em velocidade reduzida, atravessava a Terceira Ponte.<\/p>\n<p>Nesse momento, j\u00e1 pr\u00f3ximo \u00e0 cidade canela-verde e pr\u00f3ximo ao morro do Convento, um verdadeiro mosaico de luzes se formou, um belo espet\u00e1culo proporcionado pelos moradores dos v\u00e1rios edif\u00edcios do entorno da liga\u00e7\u00e3o entre Vit\u00f3ria e Vila Velha, coroando um formato in\u00e9dito, virtual e, como seu viu, interativo do maior evento religioso do Estado.<\/p>\n<p>Ao longo do percurso, cat\u00f3licos nas cal\u00e7adas, alguns ajoelhados, saudaram a padroeira, mas a maioria continuou em suas casas acenando, atendendo assim ao pedido do comando da caravana de se manter nas resid\u00eancias em isolamento social para evitar o cont\u00e1gio da Covid-19.<\/p>\n<p>Vila Velha foi onde houve mais concentra\u00e7\u00e3o de carros nas ruas; motoristas decidiram aderir \u00e0 rota, contrariando as recomenda\u00e7\u00f5es dos organizadores.<\/p>\n<p>&#8220;Estamos vivendo o tempo da solidariedade, do cuidado de um pelo outro. Deus cuida de n\u00f3s. Por isso devemos ser mais cuidadosos uns com os outros (&#8230;). Fique em casa&#8221;, ressaltou Frei Pedro, defendendo o distanciamento.<\/p>\n<p><img loading=\"lazy\" class=\"alignnone size-full wp-image-223260\" src=\"https:\/\/franciscanos.org.br\/noticias\/wp-content\/uploads\/2020\/04\/penha_1904.jpg\" alt=\"\" width=\"1280\" height=\"854\" srcset=\"https:\/\/franciscanos.org.br\/noticias\/wp-content\/uploads\/2020\/04\/penha_1904.jpg 1280w, https:\/\/franciscanos.org.br\/noticias\/wp-content\/uploads\/2020\/04\/penha_1904-450x300.jpg 450w, https:\/\/franciscanos.org.br\/noticias\/wp-content\/uploads\/2020\/04\/penha_1904-1024x683.jpg 1024w, https:\/\/franciscanos.org.br\/noticias\/wp-content\/uploads\/2020\/04\/penha_1904-768x512.jpg 768w, https:\/\/franciscanos.org.br\/noticias\/wp-content\/uploads\/2020\/04\/penha_1904-150x100.jpg 150w\" sizes=\"(max-width: 1280px) 100vw, 1280px\" \/><\/p>\n<p><strong>\u201cMomento hist\u00f3rico\u201d<\/strong><br \/>\nDo est\u00fadio do G1ES, na sede da Rede Gazeta, o Padre Renato Criste e o Frei Gustavo Medella comentaram as principais cenas da romaria, falaram sobre a hist\u00f3ria de devo\u00e7\u00e3o \u00e0 Virgem da Penha e leram as inten\u00e7\u00f5es de votos dos fi\u00e9is que acenderam suas velas virtuais em A Gazeta. O n\u00famero impressionou: o total de inten\u00e7\u00f5es\/velas virtuais registrado h\u00e1 havia passado de 40,3 mil ainda na noite de s\u00e1bado.<\/p>\n<p>&#8220;Momento hist\u00f3rico. Certamente os livros de Hist\u00f3ria v\u00e3o registrar essa romaria&#8221;, disse, entusiasmado, o Frei Gustavo ao ver a santa nas ruas.<\/p>\n<p>Na chegada \u00e0 Prainha, a mensagem transmitida pelos religiosos serviu de alento para quem observava as cenas. &#8220;Estamos aos p\u00e9s do santu\u00e1rio. A imagem de Nossa Senhora desceu nesta noite para nos aben\u00e7oar&#8221;, falou o Frei Paulo. &#8220;Sairemos mais forte desta turbul\u00eancia, pois temos uma m\u00e3e que intercede por n\u00f3s.&#8221;<\/p>\n<hr \/>\n<p><em>Texto do Est\u00fadio Gazeta &#8211; G1 Esp\u00edrito Santo<\/em><br \/>\n<em>Fotos: Adessandro Reis<\/em><\/p>\n","protected":false},"excerpt":{"rendered":"<p>Romaria das Fam\u00edlias da 450\u00aa Festa da Penha<\/p>\n","protected":false},"author":3,"featured_media":223259,"comment_status":"open","ping_status":"open","sticky":false,"template":"","format":"standard","meta":[],"categories":[1],"tags":[245],"acf":[],"yoast_head":"<!-- This site is optimized with the Yoast SEO plugin v19.2 - https:\/\/yoast.com\/wordpress\/plugins\/seo\/ -->\n<title>Nossa Senhora da Penha vai at\u00e9 o povo em 4 horas de devo\u00e7\u00e3o e f\u00e9 - Not\u00edcias - Franciscanos<\/title>\n<meta name=\"robots\" content=\"index, follow, max-snippet:-1, max-image-preview:large, max-video-preview:-1\" \/>\n<link rel=\"canonical\" href=\"https:\/\/franciscanos.org.br\/noticias\/nossa-senhora-da-penha-vai-ate-o-povo-em-4-horas-de-devocao-e-fe.html\" \/>\n<meta property=\"og:locale\" content=\"pt_BR\" \/>\n<meta property=\"og:type\" content=\"article\" \/>\n<meta property=\"og:title\" content=\"Nossa Senhora da Penha vai at\u00e9 o povo em 4 horas de devo\u00e7\u00e3o e f\u00e9 - Not\u00edcias - Franciscanos\" \/>\n<meta property=\"og:description\" content=\"Romaria das Fam\u00edlias da 450\u00aa Festa da Penha\" \/>\n<meta property=\"og:url\" content=\"https:\/\/franciscanos.org.br\/noticias\/nossa-senhora-da-penha-vai-ate-o-povo-em-4-horas-de-devocao-e-fe.html\" \/>\n<meta property=\"og:site_name\" content=\"Not\u00edcias - Franciscanos\" \/>\n<meta property=\"article:published_time\" content=\"2020-04-19T18:05:03+00:00\" \/>\n<meta property=\"og:image\" content=\"https:\/\/franciscanos.org.br\/noticias\/wp-content\/uploads\/2020\/04\/penha_1904_1d.jpg\" \/>\n\t<meta property=\"og:image:width\" content=\"800\" \/>\n\t<meta property=\"og:image:height\" content=\"600\" \/>\n\t<meta property=\"og:image:type\" content=\"image\/jpeg\" \/>\n<meta name=\"author\" content=\"moacir\" \/>\n<meta name=\"twitter:card\" content=\"summary_large_image\" \/>\n<meta name=\"twitter:label1\" content=\"Escrito por\" \/>\n\t<meta name=\"twitter:data1\" content=\"moacir\" \/>\n\t<meta name=\"twitter:label2\" content=\"Est. tempo de leitura\" \/>\n\t<meta name=\"twitter:data2\" content=\"4 minutos\" \/>\n<script type=\"application\/ld+json\" class=\"yoast-schema-graph\">{\"@context\":\"https:\/\/schema.org\",\"@graph\":[{\"@type\":\"WebSite\",\"@id\":\"https:\/\/franciscanos.org.br\/noticias\/#website\",\"url\":\"https:\/\/franciscanos.org.br\/noticias\/\",\"name\":\"Not\u00edcias - Franciscanos\",\"description\":\"Prov\u00edncia Franciscana da Imaculada Concei\u00e7\u00e3o do Brasil - Ordem dos Frades Menores - OFM\",\"potentialAction\":[{\"@type\":\"SearchAction\",\"target\":{\"@type\":\"EntryPoint\",\"urlTemplate\":\"https:\/\/franciscanos.org.br\/noticias\/?s={search_term_string}\"},\"query-input\":\"required name=search_term_string\"}],\"inLanguage\":\"pt-BR\"},{\"@type\":\"ImageObject\",\"inLanguage\":\"pt-BR\",\"@id\":\"https:\/\/franciscanos.org.br\/noticias\/nossa-senhora-da-penha-vai-ate-o-povo-em-4-horas-de-devocao-e-fe.html#primaryimage\",\"url\":\"https:\/\/franciscanos.org.br\/noticias\/wp-content\/uploads\/2020\/04\/penha_1904_1d.jpg\",\"contentUrl\":\"https:\/\/franciscanos.org.br\/noticias\/wp-content\/uploads\/2020\/04\/penha_1904_1d.jpg\",\"width\":800,\"height\":600},{\"@type\":\"WebPage\",\"@id\":\"https:\/\/franciscanos.org.br\/noticias\/nossa-senhora-da-penha-vai-ate-o-povo-em-4-horas-de-devocao-e-fe.html#webpage\",\"url\":\"https:\/\/franciscanos.org.br\/noticias\/nossa-senhora-da-penha-vai-ate-o-povo-em-4-horas-de-devocao-e-fe.html\",\"name\":\"Nossa Senhora da Penha vai at\u00e9 o povo em 4 horas de devo\u00e7\u00e3o e f\u00e9 - Not\u00edcias - Franciscanos\",\"isPartOf\":{\"@id\":\"https:\/\/franciscanos.org.br\/noticias\/#website\"},\"primaryImageOfPage\":{\"@id\":\"https:\/\/franciscanos.org.br\/noticias\/nossa-senhora-da-penha-vai-ate-o-povo-em-4-horas-de-devocao-e-fe.html#primaryimage\"},\"datePublished\":\"2020-04-19T18:05:03+00:00\",\"dateModified\":\"2020-04-19T18:05:03+00:00\",\"author\":{\"@id\":\"https:\/\/franciscanos.org.br\/noticias\/#\/schema\/person\/b5c8cba458c330ccff548b056e95a5d4\"},\"breadcrumb\":{\"@id\":\"https:\/\/franciscanos.org.br\/noticias\/nossa-senhora-da-penha-vai-ate-o-povo-em-4-horas-de-devocao-e-fe.html#breadcrumb\"},\"inLanguage\":\"pt-BR\",\"potentialAction\":[{\"@type\":\"ReadAction\",\"target\":[\"https:\/\/franciscanos.org.br\/noticias\/nossa-senhora-da-penha-vai-ate-o-povo-em-4-horas-de-devocao-e-fe.html\"]}]},{\"@type\":\"BreadcrumbList\",\"@id\":\"https:\/\/franciscanos.org.br\/noticias\/nossa-senhora-da-penha-vai-ate-o-povo-em-4-horas-de-devocao-e-fe.html#breadcrumb\",\"itemListElement\":[{\"@type\":\"ListItem\",\"position\":1,\"name\":\"Home\",\"item\":\"https:\/\/franciscanos.org.br\/noticias\"},{\"@type\":\"ListItem\",\"position\":2,\"name\":\"Nossa Senhora da Penha vai at\u00e9 o povo em 4 horas de devo\u00e7\u00e3o e f\u00e9\"}]},{\"@type\":\"Person\",\"@id\":\"https:\/\/franciscanos.org.br\/noticias\/#\/schema\/person\/b5c8cba458c330ccff548b056e95a5d4\",\"name\":\"moacir\",\"image\":{\"@type\":\"ImageObject\",\"inLanguage\":\"pt-BR\",\"@id\":\"https:\/\/franciscanos.org.br\/noticias\/#\/schema\/person\/image\/\",\"url\":\"https:\/\/secure.gravatar.com\/avatar\/d08aa2ce4c8dd416d4479aa8536fcf64?s=96&d=mm&r=g\",\"contentUrl\":\"https:\/\/secure.gravatar.com\/avatar\/d08aa2ce4c8dd416d4479aa8536fcf64?s=96&d=mm&r=g\",\"caption\":\"moacir\"},\"url\":\"https:\/\/franciscanos.org.br\/noticias\/author\/moacir\"}]}<\/script>\n<!-- \/ Yoast SEO plugin. -->","yoast_head_json":{"title":"Nossa Senhora da Penha vai at\u00e9 o povo em 4 horas de devo\u00e7\u00e3o e f\u00e9 - Not\u00edcias - Franciscanos","robots":{"index":"index","follow":"follow","max-snippet":"max-snippet:-1","max-image-preview":"max-image-preview:large","max-video-preview":"max-video-preview:-1"},"canonical":"https:\/\/franciscanos.org.br\/noticias\/nossa-senhora-da-penha-vai-ate-o-povo-em-4-horas-de-devocao-e-fe.html","og_locale":"pt_BR","og_type":"article","og_title":"Nossa Senhora da Penha vai at\u00e9 o povo em 4 horas de devo\u00e7\u00e3o e f\u00e9 - Not\u00edcias - Franciscanos","og_description":"Romaria das Fam\u00edlias da 450\u00aa Festa da Penha","og_url":"https:\/\/franciscanos.org.br\/noticias\/nossa-senhora-da-penha-vai-ate-o-povo-em-4-horas-de-devocao-e-fe.html","og_site_name":"Not\u00edcias - Franciscanos","article_published_time":"2020-04-19T18:05:03+00:00","og_image":[{"width":800,"height":600,"url":"https:\/\/franciscanos.org.br\/noticias\/wp-content\/uploads\/2020\/04\/penha_1904_1d.jpg","type":"image\/jpeg"}],"author":"moacir","twitter_card":"summary_large_image","twitter_misc":{"Escrito por":"moacir","Est. tempo de leitura":"4 minutos"},"schema":{"@context":"https:\/\/schema.org","@graph":[{"@type":"WebSite","@id":"https:\/\/franciscanos.org.br\/noticias\/#website","url":"https:\/\/franciscanos.org.br\/noticias\/","name":"Not\u00edcias - Franciscanos","description":"Prov\u00edncia Franciscana da Imaculada Concei\u00e7\u00e3o do Brasil - Ordem dos Frades Menores - OFM","potentialAction":[{"@type":"SearchAction","target":{"@type":"EntryPoint","urlTemplate":"https:\/\/franciscanos.org.br\/noticias\/?s={search_term_string}"},"query-input":"required name=search_term_string"}],"inLanguage":"pt-BR"},{"@type":"ImageObject","inLanguage":"pt-BR","@id":"https:\/\/franciscanos.org.br\/noticias\/nossa-senhora-da-penha-vai-ate-o-povo-em-4-horas-de-devocao-e-fe.html#primaryimage","url":"https:\/\/franciscanos.org.br\/noticias\/wp-content\/uploads\/2020\/04\/penha_1904_1d.jpg","contentUrl":"https:\/\/franciscanos.org.br\/noticias\/wp-content\/uploads\/2020\/04\/penha_1904_1d.jpg","width":800,"height":600},{"@type":"WebPage","@id":"https:\/\/franciscanos.org.br\/noticias\/nossa-senhora-da-penha-vai-ate-o-povo-em-4-horas-de-devocao-e-fe.html#webpage","url":"https:\/\/franciscanos.org.br\/noticias\/nossa-senhora-da-penha-vai-ate-o-povo-em-4-horas-de-devocao-e-fe.html","name":"Nossa Senhora da Penha vai at\u00e9 o povo em 4 horas de devo\u00e7\u00e3o e f\u00e9 - Not\u00edcias - Franciscanos","isPartOf":{"@id":"https:\/\/franciscanos.org.br\/noticias\/#website"},"primaryImageOfPage":{"@id":"https:\/\/franciscanos.org.br\/noticias\/nossa-senhora-da-penha-vai-ate-o-povo-em-4-horas-de-devocao-e-fe.html#primaryimage"},"datePublished":"2020-04-19T18:05:03+00:00","dateModified":"2020-04-19T18:05:03+00:00","author":{"@id":"https:\/\/franciscanos.org.br\/noticias\/#\/schema\/person\/b5c8cba458c330ccff548b056e95a5d4"},"breadcrumb":{"@id":"https:\/\/franciscanos.org.br\/noticias\/nossa-senhora-da-penha-vai-ate-o-povo-em-4-horas-de-devocao-e-fe.html#breadcrumb"},"inLanguage":"pt-BR","potentialAction":[{"@type":"ReadAction","target":["https:\/\/franciscanos.org.br\/noticias\/nossa-senhora-da-penha-vai-ate-o-povo-em-4-horas-de-devocao-e-fe.html"]}]},{"@type":"BreadcrumbList","@id":"https:\/\/franciscanos.org.br\/noticias\/nossa-senhora-da-penha-vai-ate-o-povo-em-4-horas-de-devocao-e-fe.html#breadcrumb","itemListElement":[{"@type":"ListItem","position":1,"name":"Home","item":"https:\/\/franciscanos.org.br\/noticias"},{"@type":"ListItem","position":2,"name":"Nossa Senhora da Penha vai at\u00e9 o povo em 4 horas de devo\u00e7\u00e3o e f\u00e9"}]},{"@type":"Person","@id":"https:\/\/franciscanos.org.br\/noticias\/#\/schema\/person\/b5c8cba458c330ccff548b056e95a5d4","name":"moacir","image":{"@type":"ImageObject","inLanguage":"pt-BR","@id":"https:\/\/franciscanos.org.br\/noticias\/#\/schema\/person\/image\/","url":"https:\/\/secure.gravatar.com\/avatar\/d08aa2ce4c8dd416d4479aa8536fcf64?s=96&d=mm&r=g","contentUrl":"https:\/\/secure.gravatar.com\/avatar\/d08aa2ce4c8dd416d4479aa8536fcf64?s=96&d=mm&r=g","caption":"moacir"},"url":"https:\/\/franciscanos.org.br\/noticias\/author\/moacir"}]}},"_links":{"self":[{"href":"https:\/\/franciscanos.org.br\/noticias\/wp-json\/wp\/v2\/posts\/223257"}],"collection":[{"href":"https:\/\/franciscanos.org.br\/noticias\/wp-json\/wp\/v2\/posts"}],"about":[{"href":"https:\/\/franciscanos.org.br\/noticias\/wp-json\/wp\/v2\/types\/post"}],"author":[{"embeddable":true,"href":"https:\/\/franciscanos.org.br\/noticias\/wp-json\/wp\/v2\/users\/3"}],"replies":[{"embeddable":true,"href":"https:\/\/franciscanos.org.br\/noticias\/wp-json\/wp\/v2\/comments?post=223257"}],"version-history":[{"count":1,"href":"https:\/\/franciscanos.org.br\/noticias\/wp-json\/wp\/v2\/posts\/223257\/revisions"}],"predecessor-version":[{"id":223261,"href":"https:\/\/franciscanos.org.br\/noticias\/wp-json\/wp\/v2\/posts\/223257\/revisions\/223261"}],"wp:featuredmedia":[{"embeddable":true,"href":"https:\/\/franciscanos.org.br\/noticias\/wp-json\/wp\/v2\/media\/223259"}],"wp:attachment":[{"href":"https:\/\/franciscanos.org.br\/noticias\/wp-json\/wp\/v2\/media?parent=223257"}],"wp:term":[{"taxonomy":"category","embeddable":true,"href":"https:\/\/franciscanos.org.br\/noticias\/wp-json\/wp\/v2\/categories?post=223257"},{"taxonomy":"post_tag","embeddable":true,"href":"https:\/\/franciscanos.org.br\/noticias\/wp-json\/wp\/v2\/tags?post=223257"}],"curies":[{"name":"wp","href":"https:\/\/api.w.org\/{rel}","templated":true}]}}