{"id":223246,"date":"2020-04-19T07:36:33","date_gmt":"2020-04-19T10:36:33","guid":{"rendered":"https:\/\/franciscanos.org.br\/noticias\/?p=223246"},"modified":"2021-08-29T11:39:02","modified_gmt":"2021-08-29T14:39:02","slug":"papa-alerta-para-o-virus-da-indiferenca-a-misericordia-nao-abandona-quem-fica-para-tras","status":"publish","type":"post","link":"https:\/\/franciscanos.org.br\/noticias\/papa-alerta-para-o-virus-da-indiferenca-a-misericordia-nao-abandona-quem-fica-para-tras.html","title":{"rendered":"Papa alerta para o v\u00edrus da indiferen\u00e7a: &#8220;A miseric\u00f3rdia n\u00e3o abandona quem fica para tr\u00e1s&#8221;"},"content":{"rendered":"<div id=\"attachment_223248\" style=\"width: 1290px\" class=\"wp-caption alignnone\"><img aria-describedby=\"caption-attachment-223248\" loading=\"lazy\" class=\"wp-image-223248 size-full\" src=\"https:\/\/franciscanos.org.br\/noticias\/wp-content\/uploads\/2020\/04\/papa_1904_1.jpg\" alt=\"\" width=\"1280\" height=\"720\" srcset=\"https:\/\/franciscanos.org.br\/noticias\/wp-content\/uploads\/2020\/04\/papa_1904_1.jpg 1280w, https:\/\/franciscanos.org.br\/noticias\/wp-content\/uploads\/2020\/04\/papa_1904_1-450x253.jpg 450w, https:\/\/franciscanos.org.br\/noticias\/wp-content\/uploads\/2020\/04\/papa_1904_1-1024x576.jpg 1024w, https:\/\/franciscanos.org.br\/noticias\/wp-content\/uploads\/2020\/04\/papa_1904_1-768x432.jpg 768w, https:\/\/franciscanos.org.br\/noticias\/wp-content\/uploads\/2020\/04\/papa_1904_1-150x84.jpg 150w\" sizes=\"(max-width: 1280px) 100vw, 1280px\" \/><p id=\"caption-attachment-223248\" class=\"wp-caption-text\">\u00a0 \u00a0 \u00a0 \u00a0 \u00a0 \u00a0 \u00a0 \u00a0 \u00a0 \u00a0 \u00a0 \u00a0 \u00a0 \u00a0 \u00a0 \u00a0 \u00a0 \u00a0 \u00a0 \u00a0 \u00a0 \u00a0 \u00a0 \u00a0 \u00a0 \u00a0 \u00a0 \u00a0 \u00a0 \u00a0 \u00a0 \u00a0 \u00a0 \u00a0 \u00a0 \u00a0 \u00a0 \u00a0 \u00a0 \u00a0 \u00a0 \u00a0 \u00a0 \u00a0 \u00a0 \u00a0 \u00a0 \u00a0 \u00a0 \u00a0 \u00a0 \u00a0 \u00a0 \u00a0 \u00a0 \u00a0 \u00a0 \u00a0 \u00a0 \u00a0 \u00a0<em> \u00a0Imagens: Vatican Media<\/em><\/p><\/div>\n<p><strong>Cidade do Vaticano<\/strong> &#8211; O Papa Francisco deixou o Vaticano esta manh\u00e3 para percorrer poucos metros at\u00e9 a Igreja do Esp\u00edrito Santo \u2018in Sassia\u2019, ao lado da C\u00faria Geral dos Jesu\u00edtas, para celebrar a missa deste II Domingo de P\u00e1scoa. E o fez no mesmo lugar onde, 20 anos antes, S\u00e3o Jo\u00e3o Paulo II instituiu o Domingo da Miseric\u00f3rdia ao canonizar a polonesa Ir. Faustina Kowalska.<\/p>\n<p>Como nos ritos da Semana Santa, n\u00e3o havia fi\u00e9is. Na homilia, o Pont\u00edfice comentou o Evangelho de Jo\u00e3o e a semana que os disc\u00edpulos transcorreram depois da ressurrei\u00e7\u00e3o do Mestre \u2013 uma semana marcada pela \u201cincredulidade medrosa\u201d.<\/p>\n<p>Diante deste sentimento, Jesus volta para o meio deles para anunciar que Deus n\u00e3o se cansa de estender a Sua m\u00e3o para nos levantar. E esta \u201cm\u00e3o\u201d \u00e9 precisamente a miseric\u00f3rdia. Deus n\u00e3o \u00e9 um patr\u00e3o com o qual ajustar as contas, mas o Pai que sempre nos levanta.<\/p>\n<p>\u201cHoje, nesta igreja que se tornou santu\u00e1rio da miseric\u00f3rdia em Roma, no domingo que S\u00e3o Jo\u00e3o Paulo II dedicou \u00e0 Miseric\u00f3rdia Divina h\u00e1 vinte anos, acolhamos confiadamente esta mensagem\u201d, disse o Papa.<\/p>\n<p><img loading=\"lazy\" class=\"alignnone size-full wp-image-223247\" src=\"https:\/\/franciscanos.org.br\/noticias\/wp-content\/uploads\/2020\/04\/papa_1904.jpg\" alt=\"\" width=\"1280\" height=\"720\" srcset=\"https:\/\/franciscanos.org.br\/noticias\/wp-content\/uploads\/2020\/04\/papa_1904.jpg 1280w, https:\/\/franciscanos.org.br\/noticias\/wp-content\/uploads\/2020\/04\/papa_1904-450x253.jpg 450w, https:\/\/franciscanos.org.br\/noticias\/wp-content\/uploads\/2020\/04\/papa_1904-1024x576.jpg 1024w, https:\/\/franciscanos.org.br\/noticias\/wp-content\/uploads\/2020\/04\/papa_1904-768x432.jpg 768w, https:\/\/franciscanos.org.br\/noticias\/wp-content\/uploads\/2020\/04\/papa_1904-150x84.jpg 150w\" sizes=\"(max-width: 1280px) 100vw, 1280px\" \/><\/p>\n<p><strong>Entregar as nossas mis\u00e9rias ao Senhor<\/strong><br \/>\nA Santa Faustina, disse Jesus: \u00abEu sou o amor e a miseric\u00f3rdia em pessoa; n\u00e3o h\u00e1 mis\u00e9ria que possa superar a minha miseric\u00f3rdia\u00bb (Di\u00e1rio, 14\/IX\/1937). Uma frase que surpreendeu a santa foi quando Cristo pediu que ela oferecesse aquilo que \u00e9 verdadeiramente seu \u2013 tamb\u00e9m nosso -, a sua mis\u00e9ria.<\/p>\n<p>Tamb\u00e9m n\u00f3s podemos nos interrogar se mostramos as nossas quedas ao Senhor ou se h\u00e1 um pecado, remorso, ferida ou rancor que guardamos para n\u00f3s. \u201cO Senhor espera que Lhe levemos as nossas mis\u00e9rias, para nos fazer descobrir a sua miseric\u00f3rdia.\u201d<\/p>\n<p>Em meio aos disc\u00edpulos, Jesus mostra as suas chagas e pede que Tom\u00e9 as toquem descobrindo o amor. \u201cTom\u00e9, que chegara atrasado, quando abra\u00e7a a miseric\u00f3rdia, ultrapassa os outros disc\u00edpulos: n\u00e3o acredita s\u00f3 na ressurrei\u00e7\u00e3o, mas tamb\u00e9m no amor sem limites de Deus. E faz a profiss\u00e3o de f\u00e9 mais simples e mais bela: \u00abMeu Senhor e meu Deus!\u00bb (Jo 20, 28).\u201d<\/p>\n<p>Eis a ressurrei\u00e7\u00e3o do disc\u00edpulo, explica Francisco, que se realiza quando a sua humanidade, fr\u00e1gil e ferida, entra na humanidade de Jesus. \u00c9 a mesma fragilidade que estamos experimentando neste momento de reclus\u00e3o.<\/p>\n<p>Nesta festa da Divina Miseric\u00f3rdia, o an\u00fancio mais encantador chega atrav\u00e9s do disc\u00edpulo mais atrasado. S\u00f3 faltava ele, Tom\u00e9. Mas o Senhor esperou por ele.<\/p>\n<p><img loading=\"lazy\" class=\"alignnone size-full wp-image-223249\" src=\"https:\/\/franciscanos.org.br\/noticias\/wp-content\/uploads\/2020\/04\/papa_1904_2.jpg\" alt=\"\" width=\"1000\" height=\"563\" srcset=\"https:\/\/franciscanos.org.br\/noticias\/wp-content\/uploads\/2020\/04\/papa_1904_2.jpg 1000w, https:\/\/franciscanos.org.br\/noticias\/wp-content\/uploads\/2020\/04\/papa_1904_2-450x253.jpg 450w, https:\/\/franciscanos.org.br\/noticias\/wp-content\/uploads\/2020\/04\/papa_1904_2-768x432.jpg 768w, https:\/\/franciscanos.org.br\/noticias\/wp-content\/uploads\/2020\/04\/papa_1904_2-150x84.jpg 150w\" sizes=\"(max-width: 1000px) 100vw, 1000px\" \/><\/p>\n<p><strong>O v\u00edrus da indiferen\u00e7a ego\u00edsta<\/strong><br \/>\nEnquanto pensamos numa recupera\u00e7\u00e3o da pandemia, alertou o Pont\u00edfice, \u00e9 precisamente este perigo que se insinua: esquecer quem ficou para tr\u00e1s. \u201cO risco \u00e9 que nos atinja um v\u00edrus ainda pior: o da indiferen\u00e7a ego\u00edsta. Transmite-se a partir da ideia que a vida melhora se vai melhor para mim, que tudo correr\u00e1 bem se correr bem para mim.\u201d<\/p>\n<p>O v\u00edrus se alastra quando se selecionam as pessoas, se descartam os pobres, se imola \u201cno altar do progresso quem fica para tr\u00e1s\u201d. \u201c\u00c9 tempo de remover as desigualdades, sanar a injusti\u00e7a que mina pela raiz a sa\u00fade da humanidade inteira!\u201d, exortou.<\/p>\n<p><strong>Distribuir os bens n\u00e3o \u00e9 ideologia, \u00e9 cristianismo<\/strong><br \/>\nA comunidade crist\u00e3 primitiva colocou em pr\u00e1tica a miseric\u00f3rdia, como descreve o livro dos Atos dos Ap\u00f3stolos: os fi\u00e9is \u00abpossu\u00edam tudo em comum. Vendiam terras e outros bens e distribu\u00edam o dinheiro por todos, de acordo com as necessidades de cada um\u00bb (At 2, 44-45). \u201cIsto n\u00e3o \u00e9 ideologia\u201d, recordou Francisco. \u201c\u00c9 cristianismo.\u201d<\/p>\n<p>Naquela comunidade, depois da ressurrei\u00e7\u00e3o de Jesus, apenas um tinha ficado para tr\u00e1s. Hoje, parece acontecer o contr\u00e1rio: uma pequena parte da humanidade avan\u00e7ou, enquanto a maioria ficou para tr\u00e1s. E o Papa insistiu:<\/p>\n<p>\u201cN\u00e3o pensemos s\u00f3 nos nossos interesses. Aproveitemos esta prova como uma oportunidade para preparar o amanh\u00e3 de todos. Porque, sem uma vis\u00e3o de conjunto, n\u00e3o haver\u00e1 futuro para ningu\u00e9m.\u201d<\/p>\n<p>Fa\u00e7amos como o ap\u00f3stolo Tom\u00e9, concluiu o Papa: acolhamos a miseric\u00f3rdia, que \u00e9 a salva\u00e7\u00e3o do mundo. E usemos de miseric\u00f3rdia para com os mais fr\u00e1geis: s\u00f3 assim reconstruiremos um mundo novo.<\/p>\n<p><img loading=\"lazy\" class=\"alignnone size-full wp-image-223250\" src=\"https:\/\/franciscanos.org.br\/noticias\/wp-content\/uploads\/2020\/04\/papa_1904_6.jpg\" alt=\"\" width=\"1000\" height=\"563\" srcset=\"https:\/\/franciscanos.org.br\/noticias\/wp-content\/uploads\/2020\/04\/papa_1904_6.jpg 1000w, https:\/\/franciscanos.org.br\/noticias\/wp-content\/uploads\/2020\/04\/papa_1904_6-450x253.jpg 450w, https:\/\/franciscanos.org.br\/noticias\/wp-content\/uploads\/2020\/04\/papa_1904_6-768x432.jpg 768w, https:\/\/franciscanos.org.br\/noticias\/wp-content\/uploads\/2020\/04\/papa_1904_6-150x84.jpg 150w\" sizes=\"(max-width: 1000px) 100vw, 1000px\" \/><\/p>\n<p><strong>REGINA COELI<\/strong><\/p>\n<h3>\u201cN\u00e3o piedosismo nem assistencialismo, mas compaix\u00e3o\u201d<\/h3>\n<p>N\u00e3o piedosismo nem assistencialismo, mas compaix\u00e3o. Foi o que disse o Papa Francisco ao rezar o Regina Coeli.<\/p>\n<p>\u201cNeste II Domingo de P\u00e1scoa, foi significativo celebrar a Eucaristia aqui, na Igreja do Santo Esp\u00edrito \u2018in Sassia\u2019, que S\u00e3o Jo\u00e3o Paulo II quis como santu\u00e1rio da Divina Miseric\u00f3rdia\u201d, disse o Pont\u00edfice.<\/p>\n<p>De fato, \u00e9 a miseric\u00f3rdia a resposta dos crist\u00e3os nas tempestades da vida e da hist\u00f3ria.<\/p>\n<p>Trata-se do amor compassivo entre n\u00f3s e por todos, especialmente por quem sofre, tem mais dificuldade, est\u00e1 abandonado.<\/p>\n<p>\u201cN\u00e3o piedosismo nem assistencialismo, mas compaix\u00e3o\u201d, disse o Papa, fazendo votos de que a miseric\u00f3rdia crist\u00e3 inspire tamb\u00e9m a justa compartilha entre as na\u00e7\u00f5es e suas institui\u00e7\u00f5es para enfrentar a crise atual de maneira solid\u00e1ria.<\/p>\n<p><strong>P\u00e1scoa nas Igrejas orientais<\/strong><br \/>\nFrancisco felicitou a comunidade das Igrejas orientais, que neste domingo celebram a P\u00e1scoa:<\/p>\n<p>\u201cSobretudo neste tempo de prova\u00e7\u00e3o, sentimos qu\u00e3o grande \u00e9 o dom da esperan\u00e7a que nasce do ser ressuscitados com Cristo! De modo especial, congratulo-me com as comunidades cat\u00f3licas orientais que, por motivos ecum\u00eanicos, celebram a P\u00e1scoa com os ortodoxos: que esta fraternidade seja de conforto l\u00e1 onde os crist\u00e3os s\u00e3o uma pequena minoria.\u201d<\/p>\n<hr \/>\n<p><em>Fonte: Vatican News<\/em><\/p>\n","protected":false},"excerpt":{"rendered":"<p>Santa Missa no Domingo da Divina Miseric\u00f3rdia e a ora\u00e7\u00e3o do Regina Coeli<\/p>\n","protected":false},"author":3,"featured_media":223251,"comment_status":"open","ping_status":"open","sticky":false,"template":"","format":"standard","meta":[],"categories":[1428],"tags":[1186],"acf":[],"yoast_head":"<!-- This site is optimized with the Yoast SEO plugin v19.2 - https:\/\/yoast.com\/wordpress\/plugins\/seo\/ -->\n<title>Papa alerta para o v\u00edrus da indiferen\u00e7a: &quot;A miseric\u00f3rdia n\u00e3o abandona quem fica para tr\u00e1s&quot; - Not\u00edcias - Franciscanos<\/title>\n<meta name=\"robots\" content=\"index, follow, max-snippet:-1, max-image-preview:large, max-video-preview:-1\" \/>\n<link rel=\"canonical\" href=\"https:\/\/franciscanos.org.br\/noticias\/papa-alerta-para-o-virus-da-indiferenca-a-misericordia-nao-abandona-quem-fica-para-tras.html\" \/>\n<meta property=\"og:locale\" content=\"pt_BR\" \/>\n<meta property=\"og:type\" content=\"article\" \/>\n<meta property=\"og:title\" content=\"Papa alerta para o v\u00edrus da indiferen\u00e7a: &quot;A miseric\u00f3rdia n\u00e3o abandona quem fica para tr\u00e1s&quot; - Not\u00edcias - Franciscanos\" \/>\n<meta property=\"og:description\" content=\"Santa Missa no Domingo da Divina Miseric\u00f3rdia e a ora\u00e7\u00e3o do Regina Coeli\" \/>\n<meta property=\"og:url\" content=\"https:\/\/franciscanos.org.br\/noticias\/papa-alerta-para-o-virus-da-indiferenca-a-misericordia-nao-abandona-quem-fica-para-tras.html\" \/>\n<meta property=\"og:site_name\" content=\"Not\u00edcias - Franciscanos\" \/>\n<meta property=\"article:published_time\" content=\"2020-04-19T10:36:33+00:00\" \/>\n<meta property=\"article:modified_time\" content=\"2021-08-29T14:39:02+00:00\" \/>\n<meta property=\"og:image\" content=\"https:\/\/franciscanos.org.br\/noticias\/wp-content\/uploads\/2020\/04\/papa_1904d.jpg\" \/>\n\t<meta property=\"og:image:width\" content=\"800\" \/>\n\t<meta property=\"og:image:height\" content=\"600\" \/>\n\t<meta property=\"og:image:type\" content=\"image\/jpeg\" \/>\n<meta name=\"author\" content=\"moacir\" \/>\n<meta name=\"twitter:card\" content=\"summary_large_image\" \/>\n<meta name=\"twitter:label1\" content=\"Escrito por\" \/>\n\t<meta name=\"twitter:data1\" content=\"moacir\" \/>\n\t<meta name=\"twitter:label2\" content=\"Est. tempo de leitura\" \/>\n\t<meta name=\"twitter:data2\" content=\"5 minutos\" \/>\n<script type=\"application\/ld+json\" class=\"yoast-schema-graph\">{\"@context\":\"https:\/\/schema.org\",\"@graph\":[{\"@type\":\"WebSite\",\"@id\":\"https:\/\/franciscanos.org.br\/noticias\/#website\",\"url\":\"https:\/\/franciscanos.org.br\/noticias\/\",\"name\":\"Not\u00edcias - Franciscanos\",\"description\":\"Prov\u00edncia Franciscana da Imaculada Concei\u00e7\u00e3o do Brasil - Ordem dos Frades Menores - OFM\",\"potentialAction\":[{\"@type\":\"SearchAction\",\"target\":{\"@type\":\"EntryPoint\",\"urlTemplate\":\"https:\/\/franciscanos.org.br\/noticias\/?s={search_term_string}\"},\"query-input\":\"required name=search_term_string\"}],\"inLanguage\":\"pt-BR\"},{\"@type\":\"ImageObject\",\"inLanguage\":\"pt-BR\",\"@id\":\"https:\/\/franciscanos.org.br\/noticias\/papa-alerta-para-o-virus-da-indiferenca-a-misericordia-nao-abandona-quem-fica-para-tras.html#primaryimage\",\"url\":\"https:\/\/franciscanos.org.br\/noticias\/wp-content\/uploads\/2020\/04\/papa_1904d.jpg\",\"contentUrl\":\"https:\/\/franciscanos.org.br\/noticias\/wp-content\/uploads\/2020\/04\/papa_1904d.jpg\",\"width\":800,\"height\":600},{\"@type\":\"WebPage\",\"@id\":\"https:\/\/franciscanos.org.br\/noticias\/papa-alerta-para-o-virus-da-indiferenca-a-misericordia-nao-abandona-quem-fica-para-tras.html#webpage\",\"url\":\"https:\/\/franciscanos.org.br\/noticias\/papa-alerta-para-o-virus-da-indiferenca-a-misericordia-nao-abandona-quem-fica-para-tras.html\",\"name\":\"Papa alerta para o v\u00edrus da indiferen\u00e7a: \\\"A miseric\u00f3rdia n\u00e3o abandona quem fica para tr\u00e1s\\\" - Not\u00edcias - Franciscanos\",\"isPartOf\":{\"@id\":\"https:\/\/franciscanos.org.br\/noticias\/#website\"},\"primaryImageOfPage\":{\"@id\":\"https:\/\/franciscanos.org.br\/noticias\/papa-alerta-para-o-virus-da-indiferenca-a-misericordia-nao-abandona-quem-fica-para-tras.html#primaryimage\"},\"datePublished\":\"2020-04-19T10:36:33+00:00\",\"dateModified\":\"2021-08-29T14:39:02+00:00\",\"author\":{\"@id\":\"https:\/\/franciscanos.org.br\/noticias\/#\/schema\/person\/b5c8cba458c330ccff548b056e95a5d4\"},\"breadcrumb\":{\"@id\":\"https:\/\/franciscanos.org.br\/noticias\/papa-alerta-para-o-virus-da-indiferenca-a-misericordia-nao-abandona-quem-fica-para-tras.html#breadcrumb\"},\"inLanguage\":\"pt-BR\",\"potentialAction\":[{\"@type\":\"ReadAction\",\"target\":[\"https:\/\/franciscanos.org.br\/noticias\/papa-alerta-para-o-virus-da-indiferenca-a-misericordia-nao-abandona-quem-fica-para-tras.html\"]}]},{\"@type\":\"BreadcrumbList\",\"@id\":\"https:\/\/franciscanos.org.br\/noticias\/papa-alerta-para-o-virus-da-indiferenca-a-misericordia-nao-abandona-quem-fica-para-tras.html#breadcrumb\",\"itemListElement\":[{\"@type\":\"ListItem\",\"position\":1,\"name\":\"Home\",\"item\":\"https:\/\/franciscanos.org.br\/noticias\"},{\"@type\":\"ListItem\",\"position\":2,\"name\":\"Papa alerta para o v\u00edrus da indiferen\u00e7a: &#8220;A miseric\u00f3rdia n\u00e3o abandona quem fica para tr\u00e1s&#8221;\"}]},{\"@type\":\"Person\",\"@id\":\"https:\/\/franciscanos.org.br\/noticias\/#\/schema\/person\/b5c8cba458c330ccff548b056e95a5d4\",\"name\":\"moacir\",\"image\":{\"@type\":\"ImageObject\",\"inLanguage\":\"pt-BR\",\"@id\":\"https:\/\/franciscanos.org.br\/noticias\/#\/schema\/person\/image\/\",\"url\":\"https:\/\/secure.gravatar.com\/avatar\/d08aa2ce4c8dd416d4479aa8536fcf64?s=96&d=mm&r=g\",\"contentUrl\":\"https:\/\/secure.gravatar.com\/avatar\/d08aa2ce4c8dd416d4479aa8536fcf64?s=96&d=mm&r=g\",\"caption\":\"moacir\"},\"url\":\"https:\/\/franciscanos.org.br\/noticias\/author\/moacir\"}]}<\/script>\n<!-- \/ Yoast SEO plugin. -->","yoast_head_json":{"title":"Papa alerta para o v\u00edrus da indiferen\u00e7a: \"A miseric\u00f3rdia n\u00e3o abandona quem fica para tr\u00e1s\" - Not\u00edcias - Franciscanos","robots":{"index":"index","follow":"follow","max-snippet":"max-snippet:-1","max-image-preview":"max-image-preview:large","max-video-preview":"max-video-preview:-1"},"canonical":"https:\/\/franciscanos.org.br\/noticias\/papa-alerta-para-o-virus-da-indiferenca-a-misericordia-nao-abandona-quem-fica-para-tras.html","og_locale":"pt_BR","og_type":"article","og_title":"Papa alerta para o v\u00edrus da indiferen\u00e7a: \"A miseric\u00f3rdia n\u00e3o abandona quem fica para tr\u00e1s\" - Not\u00edcias - Franciscanos","og_description":"Santa Missa no Domingo da Divina Miseric\u00f3rdia e a ora\u00e7\u00e3o do Regina Coeli","og_url":"https:\/\/franciscanos.org.br\/noticias\/papa-alerta-para-o-virus-da-indiferenca-a-misericordia-nao-abandona-quem-fica-para-tras.html","og_site_name":"Not\u00edcias - Franciscanos","article_published_time":"2020-04-19T10:36:33+00:00","article_modified_time":"2021-08-29T14:39:02+00:00","og_image":[{"width":800,"height":600,"url":"https:\/\/franciscanos.org.br\/noticias\/wp-content\/uploads\/2020\/04\/papa_1904d.jpg","type":"image\/jpeg"}],"author":"moacir","twitter_card":"summary_large_image","twitter_misc":{"Escrito por":"moacir","Est. tempo de leitura":"5 minutos"},"schema":{"@context":"https:\/\/schema.org","@graph":[{"@type":"WebSite","@id":"https:\/\/franciscanos.org.br\/noticias\/#website","url":"https:\/\/franciscanos.org.br\/noticias\/","name":"Not\u00edcias - Franciscanos","description":"Prov\u00edncia Franciscana da Imaculada Concei\u00e7\u00e3o do Brasil - Ordem dos Frades Menores - OFM","potentialAction":[{"@type":"SearchAction","target":{"@type":"EntryPoint","urlTemplate":"https:\/\/franciscanos.org.br\/noticias\/?s={search_term_string}"},"query-input":"required name=search_term_string"}],"inLanguage":"pt-BR"},{"@type":"ImageObject","inLanguage":"pt-BR","@id":"https:\/\/franciscanos.org.br\/noticias\/papa-alerta-para-o-virus-da-indiferenca-a-misericordia-nao-abandona-quem-fica-para-tras.html#primaryimage","url":"https:\/\/franciscanos.org.br\/noticias\/wp-content\/uploads\/2020\/04\/papa_1904d.jpg","contentUrl":"https:\/\/franciscanos.org.br\/noticias\/wp-content\/uploads\/2020\/04\/papa_1904d.jpg","width":800,"height":600},{"@type":"WebPage","@id":"https:\/\/franciscanos.org.br\/noticias\/papa-alerta-para-o-virus-da-indiferenca-a-misericordia-nao-abandona-quem-fica-para-tras.html#webpage","url":"https:\/\/franciscanos.org.br\/noticias\/papa-alerta-para-o-virus-da-indiferenca-a-misericordia-nao-abandona-quem-fica-para-tras.html","name":"Papa alerta para o v\u00edrus da indiferen\u00e7a: \"A miseric\u00f3rdia n\u00e3o abandona quem fica para tr\u00e1s\" - Not\u00edcias - Franciscanos","isPartOf":{"@id":"https:\/\/franciscanos.org.br\/noticias\/#website"},"primaryImageOfPage":{"@id":"https:\/\/franciscanos.org.br\/noticias\/papa-alerta-para-o-virus-da-indiferenca-a-misericordia-nao-abandona-quem-fica-para-tras.html#primaryimage"},"datePublished":"2020-04-19T10:36:33+00:00","dateModified":"2021-08-29T14:39:02+00:00","author":{"@id":"https:\/\/franciscanos.org.br\/noticias\/#\/schema\/person\/b5c8cba458c330ccff548b056e95a5d4"},"breadcrumb":{"@id":"https:\/\/franciscanos.org.br\/noticias\/papa-alerta-para-o-virus-da-indiferenca-a-misericordia-nao-abandona-quem-fica-para-tras.html#breadcrumb"},"inLanguage":"pt-BR","potentialAction":[{"@type":"ReadAction","target":["https:\/\/franciscanos.org.br\/noticias\/papa-alerta-para-o-virus-da-indiferenca-a-misericordia-nao-abandona-quem-fica-para-tras.html"]}]},{"@type":"BreadcrumbList","@id":"https:\/\/franciscanos.org.br\/noticias\/papa-alerta-para-o-virus-da-indiferenca-a-misericordia-nao-abandona-quem-fica-para-tras.html#breadcrumb","itemListElement":[{"@type":"ListItem","position":1,"name":"Home","item":"https:\/\/franciscanos.org.br\/noticias"},{"@type":"ListItem","position":2,"name":"Papa alerta para o v\u00edrus da indiferen\u00e7a: &#8220;A miseric\u00f3rdia n\u00e3o abandona quem fica para tr\u00e1s&#8221;"}]},{"@type":"Person","@id":"https:\/\/franciscanos.org.br\/noticias\/#\/schema\/person\/b5c8cba458c330ccff548b056e95a5d4","name":"moacir","image":{"@type":"ImageObject","inLanguage":"pt-BR","@id":"https:\/\/franciscanos.org.br\/noticias\/#\/schema\/person\/image\/","url":"https:\/\/secure.gravatar.com\/avatar\/d08aa2ce4c8dd416d4479aa8536fcf64?s=96&d=mm&r=g","contentUrl":"https:\/\/secure.gravatar.com\/avatar\/d08aa2ce4c8dd416d4479aa8536fcf64?s=96&d=mm&r=g","caption":"moacir"},"url":"https:\/\/franciscanos.org.br\/noticias\/author\/moacir"}]}},"_links":{"self":[{"href":"https:\/\/franciscanos.org.br\/noticias\/wp-json\/wp\/v2\/posts\/223246"}],"collection":[{"href":"https:\/\/franciscanos.org.br\/noticias\/wp-json\/wp\/v2\/posts"}],"about":[{"href":"https:\/\/franciscanos.org.br\/noticias\/wp-json\/wp\/v2\/types\/post"}],"author":[{"embeddable":true,"href":"https:\/\/franciscanos.org.br\/noticias\/wp-json\/wp\/v2\/users\/3"}],"replies":[{"embeddable":true,"href":"https:\/\/franciscanos.org.br\/noticias\/wp-json\/wp\/v2\/comments?post=223246"}],"version-history":[{"count":3,"href":"https:\/\/franciscanos.org.br\/noticias\/wp-json\/wp\/v2\/posts\/223246\/revisions"}],"predecessor-version":[{"id":234008,"href":"https:\/\/franciscanos.org.br\/noticias\/wp-json\/wp\/v2\/posts\/223246\/revisions\/234008"}],"wp:featuredmedia":[{"embeddable":true,"href":"https:\/\/franciscanos.org.br\/noticias\/wp-json\/wp\/v2\/media\/223251"}],"wp:attachment":[{"href":"https:\/\/franciscanos.org.br\/noticias\/wp-json\/wp\/v2\/media?parent=223246"}],"wp:term":[{"taxonomy":"category","embeddable":true,"href":"https:\/\/franciscanos.org.br\/noticias\/wp-json\/wp\/v2\/categories?post=223246"},{"taxonomy":"post_tag","embeddable":true,"href":"https:\/\/franciscanos.org.br\/noticias\/wp-json\/wp\/v2\/tags?post=223246"}],"curies":[{"name":"wp","href":"https:\/\/api.w.org\/{rel}","templated":true}]}}