{"id":223233,"date":"2020-04-18T18:51:45","date_gmt":"2020-04-18T21:51:45","guid":{"rendered":"https:\/\/franciscanos.org.br\/noticias\/?p=223233"},"modified":"2020-04-18T18:57:45","modified_gmt":"2020-04-18T21:57:45","slug":"frei-djalmo-pede-a-protecao-de-maria-para-aqueles-que-sofrem-no-corpo-e-no-espirito","status":"publish","type":"post","link":"https:\/\/franciscanos.org.br\/noticias\/frei-djalmo-pede-a-protecao-de-maria-para-aqueles-que-sofrem-no-corpo-e-no-espirito.html","title":{"rendered":"Frei Djalmo pede a prote\u00e7\u00e3o de Maria para aqueles que sofrem no corpo e no esp\u00edrito"},"content":{"rendered":"<p><img loading=\"lazy\" class=\"alignnone wp-image-223234 size-full\" src=\"https:\/\/franciscanos.org.br\/noticias\/wp-content\/uploads\/2020\/04\/setimo_1804_2.jpg\" alt=\"\" width=\"1280\" height=\"720\" srcset=\"https:\/\/franciscanos.org.br\/noticias\/wp-content\/uploads\/2020\/04\/setimo_1804_2.jpg 1280w, https:\/\/franciscanos.org.br\/noticias\/wp-content\/uploads\/2020\/04\/setimo_1804_2-450x253.jpg 450w, https:\/\/franciscanos.org.br\/noticias\/wp-content\/uploads\/2020\/04\/setimo_1804_2-1024x576.jpg 1024w, https:\/\/franciscanos.org.br\/noticias\/wp-content\/uploads\/2020\/04\/setimo_1804_2-768x432.jpg 768w, https:\/\/franciscanos.org.br\/noticias\/wp-content\/uploads\/2020\/04\/setimo_1804_2-150x84.jpg 150w\" sizes=\"(max-width: 1280px) 100vw, 1280px\" \/><\/p>\n<p><strong>Moacir Beggo (*)<\/strong><\/p>\n<p><strong>\u00a0<\/strong><strong>S\u00e3o Paulo (SP)<\/strong> &#8211; O p\u00e1roco da Par\u00f3quia do Ros\u00e1rio e Santu\u00e1rio do Divino Esp\u00edrito Santo, Frei Djalmo Fuck, presidiu a Celebra\u00e7\u00e3o Eucar\u00edstica no s\u00e9timo dia do Oitav\u00e1rio da 450\u00aa Festa da Penha, neste s\u00e1bado (18\/4), \u00e0s 17 horas. Ele teve como concelebrantes os frades das Fraternidades do Convento da Penha e do Santu\u00e1rio Divino Esp\u00edrito Santo, que pertencem a esta Prov\u00edncia Franciscana da Imaculada Concei\u00e7\u00e3o.<\/p>\n<p>Esta edi\u00e7\u00e3o da Festa, que este ano acontece virtualmente por causa da pandemia do novo coronav\u00edrus, est\u00e1 sendo transmitida pelas redes sociais do Convento e pelo site G1\/E e tem como tema \u201cTodas as gera\u00e7\u00f5es me chamar\u00e3o bem-aventurada\u201d (Lc 1,48). Frei Pedro Oliveira fez a acolhida e destacou a s\u00e9tima e \u00faltima alegria de Nossa Senhora: a sua assun\u00e7\u00e3o ao c\u00e9u em corpo e alma.<\/p>\n<p>&#8220;O c\u00e9u se veste de festa para receber a M\u00e3e do Salvador. Tendo sido serva do Senhor na terra, Maria \u00e9 coroada Rainha do C\u00e9u. Sua caminhada de fidelidade preparou para ela lugar de honra junto ao trono de Deus. Os anjos a coroam no c\u00e9u porque sua vida j\u00e1 havia sido coroada na terra por sua disponibilidade ao servi\u00e7o de Deus, por seu sim \u00e0 miss\u00e3o de ser a M\u00e3e do Salvador&#8221;, ressaltou Frei Djalmo.<\/p>\n<p><img loading=\"lazy\" class=\"alignnone wp-image-223236 size-full\" src=\"https:\/\/franciscanos.org.br\/noticias\/wp-content\/uploads\/2020\/04\/setimo_1804_6.jpg\" alt=\"\" width=\"1280\" height=\"720\" srcset=\"https:\/\/franciscanos.org.br\/noticias\/wp-content\/uploads\/2020\/04\/setimo_1804_6.jpg 1280w, https:\/\/franciscanos.org.br\/noticias\/wp-content\/uploads\/2020\/04\/setimo_1804_6-450x253.jpg 450w, https:\/\/franciscanos.org.br\/noticias\/wp-content\/uploads\/2020\/04\/setimo_1804_6-1024x576.jpg 1024w, https:\/\/franciscanos.org.br\/noticias\/wp-content\/uploads\/2020\/04\/setimo_1804_6-768x432.jpg 768w, https:\/\/franciscanos.org.br\/noticias\/wp-content\/uploads\/2020\/04\/setimo_1804_6-150x84.jpg 150w\" sizes=\"(max-width: 1280px) 100vw, 1280px\" \/><\/p>\n<p>Segundo ele, a Senhora da Assun\u00e7\u00e3o, a Virgem da Penha, a Senhora das Alegrias, e tantos outros t\u00edtulos que podemos devidamente atribuir a Maria, s\u00e3o sempre a Virgem de Nazar\u00e9, a M\u00e3e de Jesus e nossa. &#8220;M\u00e3e que amamentou Jesus, que ensinou os primeiros passos, que ensinou a balbuciar as primeiras palavras da l\u00edngua hebraica, a participa\u00e7\u00e3o ass\u00eddua na sinagoga, sobretudo nas grandes festas do povo, especialmente a participa\u00e7\u00e3o na festa da P\u00e1scoa&#8221;, lembrou o celebrante.<\/p>\n<p>Segundo ele, Maria \u00e9 a m\u00e3e atenta, m\u00e3e exigente, m\u00e3e amorosa, m\u00e3e preocupada com o futuro de seu filho, assim como tantas e tantas m\u00e3es. &#8220;\u00c9 pr\u00f3prio do cora\u00e7\u00e3o de m\u00e3e cuidar, proteger, se preocupar, alimentar, educar&#8221;, acrescentou.<\/p>\n<p>Frei Djalmo explicou que desde o nascimento da Igreja, o povo santo fiel de Deus expressa com alegria a sua venera\u00e7\u00e3o \u00e0 Virgem M\u00e3e e o faz na liturgia comum e nas grandes festas. &#8220;E tamb\u00e9m com diferentes formas de piedade, realizando a profecia de Maria sobre si mesma: &#8216;Todas as gera\u00e7\u00f5es me chamar\u00e3o de bem-aventurada, porque o Senhor elevou sua humildade serva&#8217;. \u00c9 esta M\u00e3e que \u00e9 elevada ao c\u00e9u, que se torna modelo para cada um de n\u00f3s. M\u00e3e com os olhos voltados para o c\u00e9u. M\u00e3e com os p\u00e9s fincado na hist\u00f3ria. Ela \u00e9 Maria de Jos\u00e9, como nos lembra a bela a can\u00e7\u00e3o que muitas vezes entoamos em nossas comunidades, em nossas casas e neste Convento.<\/p>\n<p><img loading=\"lazy\" class=\"alignnone size-full wp-image-223237\" src=\"https:\/\/franciscanos.org.br\/noticias\/wp-content\/uploads\/2020\/04\/setimo_1804_4.jpg\" alt=\"\" width=\"1280\" height=\"655\" srcset=\"https:\/\/franciscanos.org.br\/noticias\/wp-content\/uploads\/2020\/04\/setimo_1804_4.jpg 1280w, https:\/\/franciscanos.org.br\/noticias\/wp-content\/uploads\/2020\/04\/setimo_1804_4-450x230.jpg 450w, https:\/\/franciscanos.org.br\/noticias\/wp-content\/uploads\/2020\/04\/setimo_1804_4-1024x524.jpg 1024w, https:\/\/franciscanos.org.br\/noticias\/wp-content\/uploads\/2020\/04\/setimo_1804_4-768x393.jpg 768w, https:\/\/franciscanos.org.br\/noticias\/wp-content\/uploads\/2020\/04\/setimo_1804_4-150x77.jpg 150w\" sizes=\"(max-width: 1280px) 100vw, 1280px\" \/><\/p>\n<p style=\"padding-left: 40px;\"><em>Singela doce e pura, Maria de Jos\u00e9,<\/em><\/p>\n<p style=\"padding-left: 40px;\"><em>M\u00e3e terna e escolhida, \u00e9s a m\u00e3e leal da f\u00e9.<\/em><\/p>\n<p style=\"padding-left: 40px;\"><em>Seu nome \u00e9 Maria de Deus.<\/em><\/p>\n<p style=\"padding-left: 40px;\"><em>Maria santa e fiel, ensina-nos a viver como escolhidos.<\/em><\/p>\n<p style=\"padding-left: 40px;\"><em>Olhos voltados para o c\u00e9u e por Ele construir a nova vida.<\/em><\/p>\n<p style=\"padding-left: 40px;\"><em>M\u00e3e da obedi\u00eancia, da gra\u00e7a e do amor.<\/em><\/p>\n<p style=\"padding-left: 40px;\"><em>Seu nome \u00e9 Maria de Deus.<\/em><\/p>\n<p style=\"padding-left: 40px;\"><em>Maria santa e fiel, ensina-nos a viver como escolhidos.<\/em><\/p>\n<p style=\"padding-left: 40px;\"><em>Olhos voltados para o c\u00e9u e por Ele construir a nova vida.<\/em><\/p>\n<p><img loading=\"lazy\" class=\"alignnone size-full wp-image-223238\" src=\"https:\/\/franciscanos.org.br\/noticias\/wp-content\/uploads\/2020\/04\/setimo_1804_5.jpg\" alt=\"\" width=\"1280\" height=\"720\" srcset=\"https:\/\/franciscanos.org.br\/noticias\/wp-content\/uploads\/2020\/04\/setimo_1804_5.jpg 1280w, https:\/\/franciscanos.org.br\/noticias\/wp-content\/uploads\/2020\/04\/setimo_1804_5-450x253.jpg 450w, https:\/\/franciscanos.org.br\/noticias\/wp-content\/uploads\/2020\/04\/setimo_1804_5-1024x576.jpg 1024w, https:\/\/franciscanos.org.br\/noticias\/wp-content\/uploads\/2020\/04\/setimo_1804_5-768x432.jpg 768w, https:\/\/franciscanos.org.br\/noticias\/wp-content\/uploads\/2020\/04\/setimo_1804_5-150x84.jpg 150w\" sizes=\"(max-width: 1280px) 100vw, 1280px\" \/><\/p>\n<p>Frei Djalmo citou o Papa Francisco, que nos recorda acerca da assun\u00e7\u00e3o de Maria que o c\u00e9u \u00e9 a nossa meta e n\u00e3o as pequenezas da vida. &#8220;\u00c9 preciso olhar para as alturas. Quanta mesquinhez na vida, quanta baixeza! Maria, a Senhora da Assun\u00e7\u00e3o, nos convida a olhar para as grandes coisas que o Senhor realizou nela. As grandes coisas s\u00e3o evocadas pelo verbo engrandecer. De falto, engrandecer significa exaltar uma realidade pela sua grandeza&#8221;, observou.<\/p>\n<p>&#8220;Maria exalta a grandeza do Senhor. Na vida, o que realmente importa s\u00e3o as coisas grandes. \u00c9 o que n\u00e3o passa: o amor, a justi\u00e7a, a partilha, o cuidado com a fam\u00edlia, com as nossas crian\u00e7as, com nossos idosos, nossas comunidades de f\u00e9. Do contr\u00e1rio, perdemos tempo, muitas vezes, com aquilo que n\u00e3o importa e aquilo que nos apequena na vida. N\u00f3s deixamos o essencial e voltamos os nossos olhos para sup\u00e9rfluo e para o acess\u00f3rio&#8221;, questionou.<\/p>\n<p>Para o celebrante, Maria ensina que, se quisermos que a nossa vida seja feliz e verdadeira, Deus deve ser colocado em primeiro lugar, porque somente ele \u00e9 grande. &#8220;Quantas vezes, ao inv\u00e9s de buscar o Senhor, vivemos buscando coisas de pouco de valor. As coisas rasteiras da vida: o preconceito, as rivalidades, as amarguras, invejas, ilus\u00f5es, bens materiais sup\u00e9rfluos&#8221;, interpelou.<\/p>\n<p>&#8220;Maria, hoje, nos convida a elevar o olhar para as grandes coisas que o Senhor realizou nela e tamb\u00e9m em n\u00f3s. Em cada um de n\u00f3s, o Senhor realiza grandes coisas. \u00c9 preciso reconhec\u00ea-las e exultar a Deus dispensador de todos os bens. Que Nossa Senhora da Penha, a Virgem das Alegrias, a Senhora da Assun\u00e7\u00e3o, a Senhora Consoladora dos Aflitos esteja ao nosso lado, nas ang\u00fastias e nos tormentos daqueles, que em muitas partes do mundo, neste instante, sofrem no corpo e no esp\u00edrito&#8221;, pediu.<\/p>\n<p><img loading=\"lazy\" class=\"alignnone size-full wp-image-223239\" src=\"https:\/\/franciscanos.org.br\/noticias\/wp-content\/uploads\/2020\/04\/setimo_1804_1.jpg\" alt=\"\" width=\"1280\" height=\"720\" srcset=\"https:\/\/franciscanos.org.br\/noticias\/wp-content\/uploads\/2020\/04\/setimo_1804_1.jpg 1280w, https:\/\/franciscanos.org.br\/noticias\/wp-content\/uploads\/2020\/04\/setimo_1804_1-450x253.jpg 450w, https:\/\/franciscanos.org.br\/noticias\/wp-content\/uploads\/2020\/04\/setimo_1804_1-1024x576.jpg 1024w, https:\/\/franciscanos.org.br\/noticias\/wp-content\/uploads\/2020\/04\/setimo_1804_1-768x432.jpg 768w, https:\/\/franciscanos.org.br\/noticias\/wp-content\/uploads\/2020\/04\/setimo_1804_1-150x84.jpg 150w\" sizes=\"(max-width: 1280px) 100vw, 1280px\" \/><\/p>\n<p>O guardi\u00e3o do Convento da Penha agradeceu Frei Djalmo pela celebra\u00e7\u00e3o e voltou a convidar os fi\u00e9is devotos a participarem, logo mais, da Romaria Virtual das Fam\u00edlias. &#8220;A imagem peregrina de Nossa Senhora da Penha vai passar pelas ruas e avenidas da cidade. Pode ser que n\u00e3o passe na sua rua, mas mesmo assim, coloque uma vela na sua janela. Hoje, o melhor jeito de louvar a M\u00e3e de Deus \u00e9 rezando em sua casa&#8221;.<\/p>\n<p>A festa da Penha \u00e9 fruto de uma semente lan\u00e7ada por Frei Pedro Pal\u00e1cios em 1558, quando chegou ao Brasil com os colonizadores portugueses e desembarcou nas terras capixabas. O frade espanhol trouxe na sua bagagem um painel de Nossa Senhora das 7 Alegrias, que foi colocado numa gruta e deu origem \u00e0 devo\u00e7\u00e3o franciscana que vem at\u00e9 hoje. Ao longo do tempo, essa devo\u00e7\u00e3o cresceu e foi constru\u00eddo o Santu\u00e1rio para a M\u00e3e de Deus no ponto mais alto do penhasco. Desde ent\u00e3o, romeiros visitam o Convento durante todo o ano.<\/p>\n<p>A programa\u00e7\u00e3o est\u00e1 dispon\u00edvel nas redes sociais do Convento da Penha atrav\u00e9s do Facebook (https:\/\/www.facebook.com\/penhaconvento\/), Instagram (https:\/\/www.instagram.com\/conventodapenha\/) e o Canal do YouTube (https:\/\/www.youtube.com\/channel\/UCur6FpU2tk0IDg6NkTBMqog).<\/p>\n<p>O Oitav\u00e1rio tamb\u00e9m est\u00e1 sendo transmitido diariamente pelo site do G1\/ES (https:\/\/g1.globo.com\/es\/espirito-santo\/).<\/p>\n<p><img loading=\"lazy\" class=\"alignnone size-full wp-image-223240\" src=\"https:\/\/franciscanos.org.br\/noticias\/wp-content\/uploads\/2020\/04\/setimo_1804_3.jpg\" alt=\"\" width=\"1280\" height=\"627\" srcset=\"https:\/\/franciscanos.org.br\/noticias\/wp-content\/uploads\/2020\/04\/setimo_1804_3.jpg 1280w, https:\/\/franciscanos.org.br\/noticias\/wp-content\/uploads\/2020\/04\/setimo_1804_3-450x220.jpg 450w, https:\/\/franciscanos.org.br\/noticias\/wp-content\/uploads\/2020\/04\/setimo_1804_3-1024x502.jpg 1024w, https:\/\/franciscanos.org.br\/noticias\/wp-content\/uploads\/2020\/04\/setimo_1804_3-768x376.jpg 768w, https:\/\/franciscanos.org.br\/noticias\/wp-content\/uploads\/2020\/04\/setimo_1804_3-150x73.jpg 150w\" sizes=\"(max-width: 1280px) 100vw, 1280px\" \/><\/p>\n<h3>Confira a programa\u00e7\u00e3o deste domingo, 19 de abril,\u00a0 da Festa da Penha<\/h3>\n<p><strong>9h00<\/strong> \u2013 Missa ao vivo no Instagram, Facebook e Canal do YouTube do Convento da Penha<br \/>\n<strong>10h00 \u2013<\/strong> Exibi\u00e7\u00e3o do Programa Salve M\u00e3e das Alegrias ao vivo no Instagram, Facebook e Canal do YouTube do Convento da Penha<br \/>\n<strong>17h00<\/strong> \u2013 Oitavo dia do Oitav\u00e1rio \u2013 Missa, ao vivo no G1\/ES e no Instagram, Facebook e Canal do YouTube do Convento da Penha, R\u00e1dios Am\u00e9rica 91,1 FM e Esp\u00edrito Santo 1160 AM e TV Educativa-ES canal 2.1 aberto<br \/>\n<strong>18h00<\/strong> \u2013 Homenagem a Romaria das Mulheres com atra\u00e7\u00e3o art\u00edstica no Instagram, Facebook e YouTube do Convento da Penha<br \/>\n<strong>19h00<\/strong> \u2013 Festival Amor e Esperan\u00e7a, com apresenta\u00e7\u00f5es art\u00edsticas ao vivo no Instagram da TV Gazeta<\/p>\n<hr \/>\n<p><em>(*) Com a transmiss\u00e3o ao vivo pelo Convento da Penha<\/em><\/p>\n<p><img loading=\"lazy\" class=\"alignnone size-full wp-image-223243\" src=\"https:\/\/franciscanos.org.br\/noticias\/wp-content\/uploads\/2020\/04\/setimo_1804.jpg\" alt=\"\" width=\"1280\" height=\"720\" srcset=\"https:\/\/franciscanos.org.br\/noticias\/wp-content\/uploads\/2020\/04\/setimo_1804.jpg 1280w, https:\/\/franciscanos.org.br\/noticias\/wp-content\/uploads\/2020\/04\/setimo_1804-450x253.jpg 450w, https:\/\/franciscanos.org.br\/noticias\/wp-content\/uploads\/2020\/04\/setimo_1804-1024x576.jpg 1024w, https:\/\/franciscanos.org.br\/noticias\/wp-content\/uploads\/2020\/04\/setimo_1804-768x432.jpg 768w, https:\/\/franciscanos.org.br\/noticias\/wp-content\/uploads\/2020\/04\/setimo_1804-150x84.jpg 150w\" sizes=\"(max-width: 1280px) 100vw, 1280px\" \/><\/p>\n","protected":false},"excerpt":{"rendered":"<p>S\u00e9timo dia do Oitav\u00e1rio da Festa da Penha<\/p>\n","protected":false},"author":3,"featured_media":223235,"comment_status":"open","ping_status":"open","sticky":false,"template":"","format":"standard","meta":[],"categories":[1],"tags":[245],"acf":[],"yoast_head":"<!-- This site is optimized with the Yoast SEO plugin v19.2 - https:\/\/yoast.com\/wordpress\/plugins\/seo\/ -->\n<title>Frei Djalmo pede a prote\u00e7\u00e3o de Maria para aqueles que sofrem no corpo e no esp\u00edrito - Not\u00edcias - Franciscanos<\/title>\n<meta name=\"robots\" content=\"index, follow, max-snippet:-1, max-image-preview:large, max-video-preview:-1\" \/>\n<link rel=\"canonical\" href=\"https:\/\/franciscanos.org.br\/noticias\/frei-djalmo-pede-a-protecao-de-maria-para-aqueles-que-sofrem-no-corpo-e-no-espirito.html\" \/>\n<meta property=\"og:locale\" content=\"pt_BR\" \/>\n<meta property=\"og:type\" content=\"article\" \/>\n<meta property=\"og:title\" content=\"Frei Djalmo pede a prote\u00e7\u00e3o de Maria para aqueles que sofrem no corpo e no esp\u00edrito - Not\u00edcias - Franciscanos\" \/>\n<meta property=\"og:description\" content=\"S\u00e9timo dia do Oitav\u00e1rio da Festa da Penha\" \/>\n<meta property=\"og:url\" content=\"https:\/\/franciscanos.org.br\/noticias\/frei-djalmo-pede-a-protecao-de-maria-para-aqueles-que-sofrem-no-corpo-e-no-espirito.html\" \/>\n<meta property=\"og:site_name\" content=\"Not\u00edcias - Franciscanos\" \/>\n<meta property=\"article:published_time\" content=\"2020-04-18T21:51:45+00:00\" \/>\n<meta property=\"article:modified_time\" content=\"2020-04-18T21:57:45+00:00\" \/>\n<meta property=\"og:image\" content=\"https:\/\/franciscanos.org.br\/noticias\/wp-content\/uploads\/2020\/04\/setimo_1804_2d.jpg\" \/>\n\t<meta property=\"og:image:width\" content=\"800\" \/>\n\t<meta property=\"og:image:height\" content=\"600\" \/>\n\t<meta property=\"og:image:type\" content=\"image\/jpeg\" \/>\n<meta name=\"author\" content=\"moacir\" \/>\n<meta name=\"twitter:card\" content=\"summary_large_image\" \/>\n<meta name=\"twitter:label1\" content=\"Escrito por\" \/>\n\t<meta name=\"twitter:data1\" content=\"moacir\" \/>\n\t<meta name=\"twitter:label2\" content=\"Est. tempo de leitura\" \/>\n\t<meta name=\"twitter:data2\" content=\"6 minutos\" \/>\n<script type=\"application\/ld+json\" class=\"yoast-schema-graph\">{\"@context\":\"https:\/\/schema.org\",\"@graph\":[{\"@type\":\"WebSite\",\"@id\":\"https:\/\/franciscanos.org.br\/noticias\/#website\",\"url\":\"https:\/\/franciscanos.org.br\/noticias\/\",\"name\":\"Not\u00edcias - Franciscanos\",\"description\":\"Prov\u00edncia Franciscana da Imaculada Concei\u00e7\u00e3o do Brasil - Ordem dos Frades Menores - OFM\",\"potentialAction\":[{\"@type\":\"SearchAction\",\"target\":{\"@type\":\"EntryPoint\",\"urlTemplate\":\"https:\/\/franciscanos.org.br\/noticias\/?s={search_term_string}\"},\"query-input\":\"required name=search_term_string\"}],\"inLanguage\":\"pt-BR\"},{\"@type\":\"ImageObject\",\"inLanguage\":\"pt-BR\",\"@id\":\"https:\/\/franciscanos.org.br\/noticias\/frei-djalmo-pede-a-protecao-de-maria-para-aqueles-que-sofrem-no-corpo-e-no-espirito.html#primaryimage\",\"url\":\"https:\/\/franciscanos.org.br\/noticias\/wp-content\/uploads\/2020\/04\/setimo_1804_2d.jpg\",\"contentUrl\":\"https:\/\/franciscanos.org.br\/noticias\/wp-content\/uploads\/2020\/04\/setimo_1804_2d.jpg\",\"width\":800,\"height\":600},{\"@type\":\"WebPage\",\"@id\":\"https:\/\/franciscanos.org.br\/noticias\/frei-djalmo-pede-a-protecao-de-maria-para-aqueles-que-sofrem-no-corpo-e-no-espirito.html#webpage\",\"url\":\"https:\/\/franciscanos.org.br\/noticias\/frei-djalmo-pede-a-protecao-de-maria-para-aqueles-que-sofrem-no-corpo-e-no-espirito.html\",\"name\":\"Frei Djalmo pede a prote\u00e7\u00e3o de Maria para aqueles que sofrem no corpo e no esp\u00edrito - Not\u00edcias - Franciscanos\",\"isPartOf\":{\"@id\":\"https:\/\/franciscanos.org.br\/noticias\/#website\"},\"primaryImageOfPage\":{\"@id\":\"https:\/\/franciscanos.org.br\/noticias\/frei-djalmo-pede-a-protecao-de-maria-para-aqueles-que-sofrem-no-corpo-e-no-espirito.html#primaryimage\"},\"datePublished\":\"2020-04-18T21:51:45+00:00\",\"dateModified\":\"2020-04-18T21:57:45+00:00\",\"author\":{\"@id\":\"https:\/\/franciscanos.org.br\/noticias\/#\/schema\/person\/b5c8cba458c330ccff548b056e95a5d4\"},\"breadcrumb\":{\"@id\":\"https:\/\/franciscanos.org.br\/noticias\/frei-djalmo-pede-a-protecao-de-maria-para-aqueles-que-sofrem-no-corpo-e-no-espirito.html#breadcrumb\"},\"inLanguage\":\"pt-BR\",\"potentialAction\":[{\"@type\":\"ReadAction\",\"target\":[\"https:\/\/franciscanos.org.br\/noticias\/frei-djalmo-pede-a-protecao-de-maria-para-aqueles-que-sofrem-no-corpo-e-no-espirito.html\"]}]},{\"@type\":\"BreadcrumbList\",\"@id\":\"https:\/\/franciscanos.org.br\/noticias\/frei-djalmo-pede-a-protecao-de-maria-para-aqueles-que-sofrem-no-corpo-e-no-espirito.html#breadcrumb\",\"itemListElement\":[{\"@type\":\"ListItem\",\"position\":1,\"name\":\"Home\",\"item\":\"https:\/\/franciscanos.org.br\/noticias\"},{\"@type\":\"ListItem\",\"position\":2,\"name\":\"Frei Djalmo pede a prote\u00e7\u00e3o de Maria para aqueles que sofrem no corpo e no esp\u00edrito\"}]},{\"@type\":\"Person\",\"@id\":\"https:\/\/franciscanos.org.br\/noticias\/#\/schema\/person\/b5c8cba458c330ccff548b056e95a5d4\",\"name\":\"moacir\",\"image\":{\"@type\":\"ImageObject\",\"inLanguage\":\"pt-BR\",\"@id\":\"https:\/\/franciscanos.org.br\/noticias\/#\/schema\/person\/image\/\",\"url\":\"https:\/\/secure.gravatar.com\/avatar\/d08aa2ce4c8dd416d4479aa8536fcf64?s=96&d=mm&r=g\",\"contentUrl\":\"https:\/\/secure.gravatar.com\/avatar\/d08aa2ce4c8dd416d4479aa8536fcf64?s=96&d=mm&r=g\",\"caption\":\"moacir\"},\"url\":\"https:\/\/franciscanos.org.br\/noticias\/author\/moacir\"}]}<\/script>\n<!-- \/ Yoast SEO plugin. -->","yoast_head_json":{"title":"Frei Djalmo pede a prote\u00e7\u00e3o de Maria para aqueles que sofrem no corpo e no esp\u00edrito - Not\u00edcias - Franciscanos","robots":{"index":"index","follow":"follow","max-snippet":"max-snippet:-1","max-image-preview":"max-image-preview:large","max-video-preview":"max-video-preview:-1"},"canonical":"https:\/\/franciscanos.org.br\/noticias\/frei-djalmo-pede-a-protecao-de-maria-para-aqueles-que-sofrem-no-corpo-e-no-espirito.html","og_locale":"pt_BR","og_type":"article","og_title":"Frei Djalmo pede a prote\u00e7\u00e3o de Maria para aqueles que sofrem no corpo e no esp\u00edrito - Not\u00edcias - Franciscanos","og_description":"S\u00e9timo dia do Oitav\u00e1rio da Festa da Penha","og_url":"https:\/\/franciscanos.org.br\/noticias\/frei-djalmo-pede-a-protecao-de-maria-para-aqueles-que-sofrem-no-corpo-e-no-espirito.html","og_site_name":"Not\u00edcias - Franciscanos","article_published_time":"2020-04-18T21:51:45+00:00","article_modified_time":"2020-04-18T21:57:45+00:00","og_image":[{"width":800,"height":600,"url":"https:\/\/franciscanos.org.br\/noticias\/wp-content\/uploads\/2020\/04\/setimo_1804_2d.jpg","type":"image\/jpeg"}],"author":"moacir","twitter_card":"summary_large_image","twitter_misc":{"Escrito por":"moacir","Est. tempo de leitura":"6 minutos"},"schema":{"@context":"https:\/\/schema.org","@graph":[{"@type":"WebSite","@id":"https:\/\/franciscanos.org.br\/noticias\/#website","url":"https:\/\/franciscanos.org.br\/noticias\/","name":"Not\u00edcias - Franciscanos","description":"Prov\u00edncia Franciscana da Imaculada Concei\u00e7\u00e3o do Brasil - Ordem dos Frades Menores - OFM","potentialAction":[{"@type":"SearchAction","target":{"@type":"EntryPoint","urlTemplate":"https:\/\/franciscanos.org.br\/noticias\/?s={search_term_string}"},"query-input":"required name=search_term_string"}],"inLanguage":"pt-BR"},{"@type":"ImageObject","inLanguage":"pt-BR","@id":"https:\/\/franciscanos.org.br\/noticias\/frei-djalmo-pede-a-protecao-de-maria-para-aqueles-que-sofrem-no-corpo-e-no-espirito.html#primaryimage","url":"https:\/\/franciscanos.org.br\/noticias\/wp-content\/uploads\/2020\/04\/setimo_1804_2d.jpg","contentUrl":"https:\/\/franciscanos.org.br\/noticias\/wp-content\/uploads\/2020\/04\/setimo_1804_2d.jpg","width":800,"height":600},{"@type":"WebPage","@id":"https:\/\/franciscanos.org.br\/noticias\/frei-djalmo-pede-a-protecao-de-maria-para-aqueles-que-sofrem-no-corpo-e-no-espirito.html#webpage","url":"https:\/\/franciscanos.org.br\/noticias\/frei-djalmo-pede-a-protecao-de-maria-para-aqueles-que-sofrem-no-corpo-e-no-espirito.html","name":"Frei Djalmo pede a prote\u00e7\u00e3o de Maria para aqueles que sofrem no corpo e no esp\u00edrito - Not\u00edcias - Franciscanos","isPartOf":{"@id":"https:\/\/franciscanos.org.br\/noticias\/#website"},"primaryImageOfPage":{"@id":"https:\/\/franciscanos.org.br\/noticias\/frei-djalmo-pede-a-protecao-de-maria-para-aqueles-que-sofrem-no-corpo-e-no-espirito.html#primaryimage"},"datePublished":"2020-04-18T21:51:45+00:00","dateModified":"2020-04-18T21:57:45+00:00","author":{"@id":"https:\/\/franciscanos.org.br\/noticias\/#\/schema\/person\/b5c8cba458c330ccff548b056e95a5d4"},"breadcrumb":{"@id":"https:\/\/franciscanos.org.br\/noticias\/frei-djalmo-pede-a-protecao-de-maria-para-aqueles-que-sofrem-no-corpo-e-no-espirito.html#breadcrumb"},"inLanguage":"pt-BR","potentialAction":[{"@type":"ReadAction","target":["https:\/\/franciscanos.org.br\/noticias\/frei-djalmo-pede-a-protecao-de-maria-para-aqueles-que-sofrem-no-corpo-e-no-espirito.html"]}]},{"@type":"BreadcrumbList","@id":"https:\/\/franciscanos.org.br\/noticias\/frei-djalmo-pede-a-protecao-de-maria-para-aqueles-que-sofrem-no-corpo-e-no-espirito.html#breadcrumb","itemListElement":[{"@type":"ListItem","position":1,"name":"Home","item":"https:\/\/franciscanos.org.br\/noticias"},{"@type":"ListItem","position":2,"name":"Frei Djalmo pede a prote\u00e7\u00e3o de Maria para aqueles que sofrem no corpo e no esp\u00edrito"}]},{"@type":"Person","@id":"https:\/\/franciscanos.org.br\/noticias\/#\/schema\/person\/b5c8cba458c330ccff548b056e95a5d4","name":"moacir","image":{"@type":"ImageObject","inLanguage":"pt-BR","@id":"https:\/\/franciscanos.org.br\/noticias\/#\/schema\/person\/image\/","url":"https:\/\/secure.gravatar.com\/avatar\/d08aa2ce4c8dd416d4479aa8536fcf64?s=96&d=mm&r=g","contentUrl":"https:\/\/secure.gravatar.com\/avatar\/d08aa2ce4c8dd416d4479aa8536fcf64?s=96&d=mm&r=g","caption":"moacir"},"url":"https:\/\/franciscanos.org.br\/noticias\/author\/moacir"}]}},"_links":{"self":[{"href":"https:\/\/franciscanos.org.br\/noticias\/wp-json\/wp\/v2\/posts\/223233"}],"collection":[{"href":"https:\/\/franciscanos.org.br\/noticias\/wp-json\/wp\/v2\/posts"}],"about":[{"href":"https:\/\/franciscanos.org.br\/noticias\/wp-json\/wp\/v2\/types\/post"}],"author":[{"embeddable":true,"href":"https:\/\/franciscanos.org.br\/noticias\/wp-json\/wp\/v2\/users\/3"}],"replies":[{"embeddable":true,"href":"https:\/\/franciscanos.org.br\/noticias\/wp-json\/wp\/v2\/comments?post=223233"}],"version-history":[{"count":4,"href":"https:\/\/franciscanos.org.br\/noticias\/wp-json\/wp\/v2\/posts\/223233\/revisions"}],"predecessor-version":[{"id":223245,"href":"https:\/\/franciscanos.org.br\/noticias\/wp-json\/wp\/v2\/posts\/223233\/revisions\/223245"}],"wp:featuredmedia":[{"embeddable":true,"href":"https:\/\/franciscanos.org.br\/noticias\/wp-json\/wp\/v2\/media\/223235"}],"wp:attachment":[{"href":"https:\/\/franciscanos.org.br\/noticias\/wp-json\/wp\/v2\/media?parent=223233"}],"wp:term":[{"taxonomy":"category","embeddable":true,"href":"https:\/\/franciscanos.org.br\/noticias\/wp-json\/wp\/v2\/categories?post=223233"},{"taxonomy":"post_tag","embeddable":true,"href":"https:\/\/franciscanos.org.br\/noticias\/wp-json\/wp\/v2\/tags?post=223233"}],"curies":[{"name":"wp","href":"https:\/\/api.w.org\/{rel}","templated":true}]}}