{"id":223227,"date":"2020-04-18T06:54:31","date_gmt":"2020-04-18T09:54:31","guid":{"rendered":"https:\/\/franciscanos.org.br\/noticias\/?p=223227"},"modified":"2020-06-06T11:45:37","modified_gmt":"2020-06-06T14:45:37","slug":"martasabado","status":"publish","type":"post","link":"https:\/\/franciscanos.org.br\/noticias\/martasabado.html","title":{"rendered":"Papa:  A coragem crist\u00e3 sempre \u00e9 prudente, mas \u00e9 coragem"},"content":{"rendered":"<p><img loading=\"lazy\" class=\"alignnone size-full wp-image-223228\" src=\"https:\/\/franciscanos.org.br\/noticias\/wp-content\/uploads\/2020\/04\/marta_1804.jpg\" alt=\"\" width=\"1259\" height=\"720\" srcset=\"https:\/\/franciscanos.org.br\/noticias\/wp-content\/uploads\/2020\/04\/marta_1804.jpg 1259w, https:\/\/franciscanos.org.br\/noticias\/wp-content\/uploads\/2020\/04\/marta_1804-450x257.jpg 450w, https:\/\/franciscanos.org.br\/noticias\/wp-content\/uploads\/2020\/04\/marta_1804-1024x586.jpg 1024w, https:\/\/franciscanos.org.br\/noticias\/wp-content\/uploads\/2020\/04\/marta_1804-768x439.jpg 768w, https:\/\/franciscanos.org.br\/noticias\/wp-content\/uploads\/2020\/04\/marta_1804-150x86.jpg 150w\" sizes=\"(max-width: 1259px) 100vw, 1259px\" \/><\/p>\n<p><strong>Cidade do Vaticano &#8211;<\/strong> Francisco presidiu a Missa na Casa Santa Marta, no Vaticano, na manh\u00e3 deste s\u00e1bado (18\/04) da Oitava da P\u00e1scoa, vig\u00edlia do Domingo da Divina Miseric\u00f3rdia. A ant\u00edfona de entrada da liturgia de hoje \u00e9 uma manifesta\u00e7\u00e3o de exulta\u00e7\u00e3o extra\u00edda do Salmo 104: \u201cO Senhor fez o seu povo sair com grande j\u00fabilo; com gritos de alegria, os seus eleitos, aleluia!\u201d (Sl 104,43). A inten\u00e7\u00e3o de ora\u00e7\u00e3o do Santo Padre foi dirigida aos profissionais da sa\u00fade que assistem as pessoas com defici\u00eancia que contra\u00edram a doen\u00e7a causada pelo novo coronav\u00edrus:<\/p>\n<p>Ontem recebi uma carta de uma freira, que trabalha como tradutora na l\u00edngua dos sinais para surdos-mudos, e me falava do trabalho t\u00e3o dif\u00edcil que os profissionais da sa\u00fade, os enfermeiros, os m\u00e9dicos, t\u00eam com os doentes pessoas deficientes que contra\u00edram a Covide-19. Rezemos por eles que est\u00e3o sempre a servi\u00e7o destas pessoas com diferentes habilidades, mas que n\u00e3o t\u00eam as habilidades que n\u00f3s temos.<\/p>\n<p>Na primeira parte da homilia, o Papa comentou a passagem dos Atos dos Ap\u00f3stolos (At 4,13-21) em que os chefes religiosos amea\u00e7am veementemente Pedro e Jo\u00e3o a n\u00e3o ensinar em nome de Jesus. Mas os dois replicam com coragem e franqueza: \u201cJulgai v\u00f3s mesmos, se \u00e9 justo diante de Deus que obede\u00e7amos a v\u00f3s e n\u00e3o a Deus! Quanto a n\u00f3s, n\u00e3o nos podemos calar sobre o que vimos e ouvimos\u201d. A franqueza \u2013 disse o Papa \u2013 \u00e9 uma palavra importante, \u00e9 o estilo dos pregadores. A palavra grega \u00e9 parres\u00eda. \u00c9 a coragem crist\u00e3 que impele a falar com liberdade. O cora\u00e7\u00e3o dos chefes religiosos estava fechado diante desta franqueza, estava corrompido: o Esp\u00edrito Santo n\u00e3o pode entrar nestes cora\u00e7\u00f5es. Pedro, que era um covarde, diante das amea\u00e7as dos chefes, responde com coragem, aquela coragem que vem do Esp\u00edrito. O crist\u00e3o diz toda a verdade porque \u00e9 coerente. O Papa passou em seguida a comentar o Evangelho do dia (Mc 16,9-15) em que Jesus primeiro repreende os disc\u00edpulos pela dureza de cora\u00e7\u00e3o deles, porque n\u00e3o acreditaram em quem disse t\u00ea-lo visto ressuscitado, e depois os exorta a ir pelo mundo inteiro e anunciar com coragem o Evangelho a toda criatura. A miss\u00e3o nasce do Esp\u00edrito Santo. Que o Senhor \u2013 foi a ora\u00e7\u00e3o conclusiva de Francisco \u2013 nos ajude sempre a ser corajosos: isso n\u00e3o significa imprudentes, a coragem crist\u00e3 \u00e9 sempre prudente, mas \u00e9 coragem.<\/p>\n<p>Ao t\u00e9rmino da Missa o Papa recordou que amanh\u00e3 (domingo) a Santa Missa ser\u00e1 celebrada na par\u00f3quia do Esp\u00edrito Santo em Sassia, \u00e0s 11h (6h de Bras\u00edlia, ndr). E segunda-feira ser\u00e3o retomadas as missas das 7h (2h de Bras\u00edlia, ndr) na Casa Santa Marta. A seguir, o texto da homilia transcrita pelo <em>Vatican News:<\/em><\/p>\n<p>Os chefes, os anci\u00e3os, os escribas, vendo estes homens e a franqueza com a qual falavam, e sabendo que eram pessoas sem instru\u00e7\u00e3o \u2013 talvez n\u00e3o soubessem escrever \u2013, ficavam admirados. N\u00e3o entendiam: \u201cMas \u00e9 uma coisa que n\u00e3o podemos entender, como essas pessoas sejam t\u00e3o corajosas, tenham essa franqueza\u201d. Esta palavra \u00e9 uma palavra muito importante que se torna o estilo pr\u00f3prio dos pregadores crist\u00e3os, inclusive no Livro dos Atos dos Ap\u00f3stolos: franqueza. Coragem. Significa dizer tudo aquilo. Dizer claramente. Vem da raiz grega de dizer tudo, e tamb\u00e9m n\u00f3s muitas vezes usamos esta palavra, propriamente a palavra grega, para indicar isto: parres\u00eda, franqueza, coragem. E viam neles essa franqueza, essa coragem, essa parres\u00eda, e n\u00e3o entendiam.<\/p>\n<p>Franqueza. A coragem e a franqueza com as quais os primeiros ap\u00f3stolos pregavam\u2026 Por exemplo, o Livro dos Atos dos Ap\u00f3stolos est\u00e1 cheio disso: diz que Paulo e Barnab\u00e9 buscavam explicar com franqueza aos judeus o mist\u00e9rio de Jesus e pregavam o Evangelho com franqueza.<\/p>\n<p>Mas h\u00e1 um vers\u00edculo do qual gosto muito na Carta aos Hebreus, quando o autor da Carta aos Hebreu se d\u00e1 conta de que h\u00e1 algo na comunidade que est\u00e1 declinando, que se perde aquela coisa, que \u00e9 um certo calor, que estes crist\u00e3os est\u00e3o se tornando mornos. E diz isso \u2013 n\u00e3o me recordo bem a cita\u00e7\u00e3o, creio que seja no cap\u00edtulo 13\u2026 \u2013 diz isto: \u201cRecordai-vos dos vossos primeiros dias, suportastes um combate doloroso: n\u00e3o jogai fora a vossa franqueza\u201d. \u201cN\u00e3o percais\u201d, retomar a franqueza: se n\u00e3o vem, voc\u00ea n\u00e3o \u00e9 um bom crist\u00e3o. Se n\u00e3o tem a coragem, se para explicar a sua posi\u00e7\u00e3o escorrega nas ideologias ou nas explica\u00e7\u00f5es casu\u00edsticas, lhe falta aquela franqueza, lhe falta aquele estilo crist\u00e3o, a liberdade de falar, de dizer tudo. A coragem.<\/p>\n<p>E depois, vemos que os chefes, os anci\u00e3os e os escribas s\u00e3o v\u00edtimas, s\u00e3o v\u00edtimas desta franqueza, porque os coloca na parede: n\u00e3o sabem o que fazer. Dando-se conta de \u201cque eram pessoas simples e sem instru\u00e7\u00e3o, ficavam admirados e os reconheciam ser aqueles que tinham estado com Jesus. Depois, vendo, de p\u00e9, junto a eles o homem que tinha sido curado, n\u00e3o sabiam o que replicar\u201d. Ao inv\u00e9s de aceitar a verdade como se via, tinham o cora\u00e7\u00e3o t\u00e3o fechado que procuraram o caminho da diplomacia, o caminho da imposi\u00e7\u00e3o do acordo: \u201cDe certo modo, os assustemos, digamos-lhes que ser\u00e3o punidos e vemos assim se calam\u201d. Realmente, a pr\u00f3pria franqueza deles os coloca na parede: n\u00e3o sabem como encontrar sa\u00edda. Mas n\u00e3o lhes vinham \u00e0 mente dizer: \u201cMas n\u00e3o ser\u00e1 verdade, isso?\u201d O cora\u00e7\u00e3o estava fechado, endurecido; o cora\u00e7\u00e3o estava corrompido. Este \u00e9 um dos dramas: a for\u00e7a do Esp\u00edrito Santo que se manifesta nesta franqueza da prega\u00e7\u00e3o, nesta loucura da prega\u00e7\u00e3o, n\u00e3o pode entrar nos cora\u00e7\u00f5es corrompidos. Por isso, estejamos atentos: pecadores sim, corrompidos jamais. E n\u00e3o chegar a essa corrup\u00e7\u00e3o que tem muitos modos de manifestar-se\u2026<\/p>\n<p>Mas, se encontravam colocados na parede e n\u00e3o sabiam o que dizer. E acabaram compactuando entre eles: \u201cDe certo modo, os ameacemos, os assustemos um pouco\u201d, e os convidam, os chamaram novamente e lhes deram ordem, os convidaram a n\u00e3o falar, de modo algum, nem de ensinar em nome de Jesus. \u201cFa\u00e7amos a paz: v\u00f3s ide em paz, mas n\u00e3o falai em nome de Jesus, n\u00e3o ensinar\u201d. Conheciam Pedro: n\u00e3o era um corajoso nato. Foi um covarde, renegou Jesus. Mas o que aconteceu, agora? Respondem: \u201cJulgai v\u00f3s mesmos, se \u00e9 justo diante de Deus que obede\u00e7amos a v\u00f3s e n\u00e3o a Deus! Quanto a n\u00f3s, n\u00e3o nos podemos calar sobre o que vimos e ouvimos\u201d. Mas esta coragem, de onde vem, a este covarde que renegou o Senhor? O que aconteceu no cora\u00e7\u00e3o deste homem? O dom do Esp\u00edrito Santo: a franqueza, a coragem, a parres\u00eda \u00e9 um dom, uma gra\u00e7a que o Esp\u00edrito Santo d\u00e1 no dia de Pentecostes. Propriamente ap\u00f3s terem recebido o Esp\u00edrito Santo foram pregar: de certo modo corajosos, uma coisa nova para eles. Esta \u00e9 a coer\u00eancia, o sinal do crist\u00e3o, do verdadeiro crist\u00e3o: \u00e9 corajoso, diz toda a verdade porque \u00e9 coerente.<\/p>\n<p>E o Senhor no envio chama a esta coer\u00eancia. Ap\u00f3s esta s\u00edntese que Marcos faz no Evangelho, \u201cressuscitado pela manh\u00e3 \u2013 uma s\u00edntese da ressurrei\u00e7\u00e3o \u2013 os repreendeu pela incredulidade e dureza de cora\u00e7\u00e3o deles, porque n\u00e3o tinham acreditado naqueles que o tinham visto ressuscitado\u201d. Mas com a for\u00e7a do Esp\u00edrito Santo \u2013 \u00e9 a sauda\u00e7\u00e3o de Jesus: \u201cRecebeis o Esp\u00edrito Santo \u2013 e disse-lhes: \u201cIde pelo mundo inteiro e anunciai o Evangelho a toda criatura\u201d, ide com coragem, ide com franqueza, n\u00e3o tenhais medo. N\u00e3o \u2013 retomando o vers\u00edculo da Carta aos Hebreus \u2013 \u201cjoguem fora a vossa franqueza, n\u00e3o joguem fora este dom do Esp\u00edrito Santo\u201d. A miss\u00e3o nasce propriamente da\u00ed, desse dom que nos torna corajosos, francos no an\u00fancio da Palavra.<\/p>\n<p>Que o Senhor nos ajude sempre a ser assim: corajosos! Isso n\u00e3o significa imprudentes: n\u00e3o, n\u00e3o. Corajosos. A coragem crist\u00e3 sempre \u00e9 prudente, mas \u00e9 coragem.<\/p>\n<p>O Santo Padre terminou a celebra\u00e7\u00e3o com a adora\u00e7\u00e3o e a b\u00ean\u00e7\u00e3o eucar\u00edstica, convidando a fazer a Comunh\u00e3o espiritual. A seguir, a ora\u00e7\u00e3o recitada pelo Papa:<\/p>\n<p>Aos vossos p\u00e9s, \u00f3 meu Jesus, me prostro e vos ofere\u00e7o o arrependimento do meu cora\u00e7\u00e3o contrito que mergulha no seu nada na Vossa santa presen\u00e7a. Eu vos adoro no Sacramento do vosso amor, a inef\u00e1vel Eucaristia. Desejo receber-vos na pobre morada que meu cora\u00e7\u00e3o vos oferece; \u00e0 espera da felicidade da comunh\u00e3o sacramental, quero possuir-vos em Esp\u00edrito. Vinde a mim, \u00f3 meu Jesus, que eu venha a v\u00f3s. Que o vosso amor possa inflamar todo o meu ser, para a vida e para a morte. Creio em v\u00f3s, espero em v\u00f3s. Amo-vos. Assim seja.<\/p>\n<p>Antes de deixar a Capela dedicada ao Esp\u00edrito Santo foi entoada a ant\u00edfona mariana \u201cRegina caeli\u201d, cantada no tempo pascal:<\/p>\n<p style=\"padding-left: 40px;\"><em>Rainha dos c\u00e9us, alegrai-vos. Aleluia!<\/em><\/p>\n<p style=\"padding-left: 40px;\"><em>Porque Aquele que merecestes trazer em vosso seio. Aleluia!<\/em><\/p>\n<p style=\"padding-left: 40px;\"><em>Ressuscitou como disse. Aleluia!<\/em><\/p>\n<p style=\"padding-left: 40px;\"><em>Rogai por n\u00f3s a Deus. Aleluia!<\/em><\/p>\n<p style=\"padding-left: 40px;\"><em>D.\/ Alegrai-vos e exultai, \u00f3 Virgem Maria. Aleluia!<\/em><\/p>\n<p style=\"padding-left: 40px;\"><em>C.\/ Porque o Senhor ressuscitou, verdadeiramente. Aleluia!<\/em><\/p>\n<hr \/>\n<h3 style=\"padding-left: 40px;\"><em>Festa da Divina Miseric\u00f3rdia, rem\u00e9dio para a alma do mundo<\/em><\/h3>\n<p>Neste domingo, \u00e0s 11 da manh\u00e3 ( hora de Roma), na Igreja de S. Espirito em Sassia, centro italiano da devo\u00e7\u00e3o a Jesus misericordioso, o Papa Francisco celebra a Missa da festa da Divina Miseric\u00f3rdia, institu\u00edda h\u00e1 20 anos por S. Jo\u00e3o Paulo II. O reitor monsenhor Bart: &#8220;Todos os dias o Papa nos recorda que Deus \u00e9 miseric\u00f3rdia&#8221;.<\/p>\n<p>Uma festa solicitada por Jesus a uma pequena freira polonesa entre a primeira e a segunda Guerra Mundial, que &#8220;seja de abrigo e ref\u00fagio para todas as almas&#8221;. A humanidade, disse Crsito que apareceu \u00e0 irm\u00e3 Faustina Kowalska, &#8220;n\u00e3o encontrar\u00e1 a paz at\u00e9 quando n\u00e3o se dirigir\u00e1 \u00e0 fonte da minha miseric\u00f3rdia&#8221;. Palavras que o Papa Francisco recordou quarta-feira, no final da audi\u00eancia geral, na sua sauda\u00e7\u00e3o aos fi\u00e9is poloneses, lembrando o encontro deste domingo, o segundo da P\u00e1scoa, chamado &#8220;in albis&#8221;, e desde o ano 2000 Festa da Divina Miseric\u00f3rdia.<\/p>\n<p><strong>Um Papa retorna ao santu\u00e1rio italiano da Divina Miseric\u00f3rdia<\/strong><br \/>\nNa quinta-feira, a Sala de Imprensa vaticana comunicou que este ano o Papa celebrar\u00e1 a Missa n\u00e3o na Pra\u00e7a S\u00e3o Pedro, como no passado, e em 2014 foi uma ocasi\u00e3o especial, com a canoniza\u00e7\u00e3o de Jo\u00e3o Paulo II e Jo\u00e3o XXIII, e nem mesmo na Bas\u00edlica do Vaticano, como no tr\u00edduo pascal que acaba de se concluir, mas na Igreja do Santo Esp\u00edrito em Sassia, a poucos metros da grande pra\u00e7a de Bernini. Desde o dia 1\u00ba de janeiro de 1994 este templo reconstru\u00eddo em meados de 1500 por Paulo III, por desejo do Papa Wojtyla \u00e9 centro de espiritualidade da Divina Miseric\u00f3rdia.<\/p>\n<hr \/>\n<p><em>Fonte: Vatican News<\/em><\/p>\n","protected":false},"excerpt":{"rendered":"<p>Missa em Santa Marta<\/p>\n","protected":false},"author":3,"featured_media":223229,"comment_status":"open","ping_status":"open","sticky":false,"template":"","format":"standard","meta":[],"categories":[1428],"tags":[1586],"acf":[],"yoast_head":"<!-- This site is optimized with the Yoast SEO plugin v19.2 - https:\/\/yoast.com\/wordpress\/plugins\/seo\/ -->\n<title>Papa: A coragem crist\u00e3 sempre \u00e9 prudente, mas \u00e9 coragem - Not\u00edcias - Franciscanos<\/title>\n<meta name=\"robots\" content=\"index, follow, max-snippet:-1, max-image-preview:large, max-video-preview:-1\" \/>\n<link rel=\"canonical\" href=\"https:\/\/franciscanos.org.br\/noticias\/martasabado.html\" \/>\n<meta property=\"og:locale\" content=\"pt_BR\" \/>\n<meta property=\"og:type\" content=\"article\" \/>\n<meta property=\"og:title\" content=\"Papa: A coragem crist\u00e3 sempre \u00e9 prudente, mas \u00e9 coragem - Not\u00edcias - Franciscanos\" \/>\n<meta property=\"og:description\" content=\"Missa em Santa Marta\" \/>\n<meta property=\"og:url\" content=\"https:\/\/franciscanos.org.br\/noticias\/martasabado.html\" \/>\n<meta property=\"og:site_name\" content=\"Not\u00edcias - Franciscanos\" \/>\n<meta property=\"article:published_time\" content=\"2020-04-18T09:54:31+00:00\" \/>\n<meta property=\"article:modified_time\" content=\"2020-06-06T14:45:37+00:00\" \/>\n<meta property=\"og:image\" content=\"https:\/\/franciscanos.org.br\/noticias\/wp-content\/uploads\/2020\/04\/marta_1804d.jpg\" \/>\n\t<meta property=\"og:image:width\" content=\"800\" \/>\n\t<meta property=\"og:image:height\" content=\"600\" \/>\n\t<meta property=\"og:image:type\" content=\"image\/jpeg\" \/>\n<meta name=\"author\" content=\"moacir\" \/>\n<meta name=\"twitter:card\" content=\"summary_large_image\" \/>\n<meta name=\"twitter:label1\" content=\"Escrito por\" \/>\n\t<meta name=\"twitter:data1\" content=\"moacir\" \/>\n\t<meta name=\"twitter:label2\" content=\"Est. tempo de leitura\" \/>\n\t<meta name=\"twitter:data2\" content=\"9 minutos\" \/>\n<script type=\"application\/ld+json\" class=\"yoast-schema-graph\">{\"@context\":\"https:\/\/schema.org\",\"@graph\":[{\"@type\":\"WebSite\",\"@id\":\"https:\/\/franciscanos.org.br\/noticias\/#website\",\"url\":\"https:\/\/franciscanos.org.br\/noticias\/\",\"name\":\"Not\u00edcias - Franciscanos\",\"description\":\"Prov\u00edncia Franciscana da Imaculada Concei\u00e7\u00e3o do Brasil - Ordem dos Frades Menores - OFM\",\"potentialAction\":[{\"@type\":\"SearchAction\",\"target\":{\"@type\":\"EntryPoint\",\"urlTemplate\":\"https:\/\/franciscanos.org.br\/noticias\/?s={search_term_string}\"},\"query-input\":\"required name=search_term_string\"}],\"inLanguage\":\"pt-BR\"},{\"@type\":\"ImageObject\",\"inLanguage\":\"pt-BR\",\"@id\":\"https:\/\/franciscanos.org.br\/noticias\/martasabado.html#primaryimage\",\"url\":\"https:\/\/franciscanos.org.br\/noticias\/wp-content\/uploads\/2020\/04\/marta_1804d.jpg\",\"contentUrl\":\"https:\/\/franciscanos.org.br\/noticias\/wp-content\/uploads\/2020\/04\/marta_1804d.jpg\",\"width\":800,\"height\":600},{\"@type\":\"WebPage\",\"@id\":\"https:\/\/franciscanos.org.br\/noticias\/martasabado.html#webpage\",\"url\":\"https:\/\/franciscanos.org.br\/noticias\/martasabado.html\",\"name\":\"Papa: A coragem crist\u00e3 sempre \u00e9 prudente, mas \u00e9 coragem - Not\u00edcias - Franciscanos\",\"isPartOf\":{\"@id\":\"https:\/\/franciscanos.org.br\/noticias\/#website\"},\"primaryImageOfPage\":{\"@id\":\"https:\/\/franciscanos.org.br\/noticias\/martasabado.html#primaryimage\"},\"datePublished\":\"2020-04-18T09:54:31+00:00\",\"dateModified\":\"2020-06-06T14:45:37+00:00\",\"author\":{\"@id\":\"https:\/\/franciscanos.org.br\/noticias\/#\/schema\/person\/b5c8cba458c330ccff548b056e95a5d4\"},\"breadcrumb\":{\"@id\":\"https:\/\/franciscanos.org.br\/noticias\/martasabado.html#breadcrumb\"},\"inLanguage\":\"pt-BR\",\"potentialAction\":[{\"@type\":\"ReadAction\",\"target\":[\"https:\/\/franciscanos.org.br\/noticias\/martasabado.html\"]}]},{\"@type\":\"BreadcrumbList\",\"@id\":\"https:\/\/franciscanos.org.br\/noticias\/martasabado.html#breadcrumb\",\"itemListElement\":[{\"@type\":\"ListItem\",\"position\":1,\"name\":\"Home\",\"item\":\"https:\/\/franciscanos.org.br\/noticias\"},{\"@type\":\"ListItem\",\"position\":2,\"name\":\"Papa: A coragem crist\u00e3 sempre \u00e9 prudente, mas \u00e9 coragem\"}]},{\"@type\":\"Person\",\"@id\":\"https:\/\/franciscanos.org.br\/noticias\/#\/schema\/person\/b5c8cba458c330ccff548b056e95a5d4\",\"name\":\"moacir\",\"image\":{\"@type\":\"ImageObject\",\"inLanguage\":\"pt-BR\",\"@id\":\"https:\/\/franciscanos.org.br\/noticias\/#\/schema\/person\/image\/\",\"url\":\"https:\/\/secure.gravatar.com\/avatar\/d08aa2ce4c8dd416d4479aa8536fcf64?s=96&d=mm&r=g\",\"contentUrl\":\"https:\/\/secure.gravatar.com\/avatar\/d08aa2ce4c8dd416d4479aa8536fcf64?s=96&d=mm&r=g\",\"caption\":\"moacir\"},\"url\":\"https:\/\/franciscanos.org.br\/noticias\/author\/moacir\"}]}<\/script>\n<!-- \/ Yoast SEO plugin. -->","yoast_head_json":{"title":"Papa: A coragem crist\u00e3 sempre \u00e9 prudente, mas \u00e9 coragem - Not\u00edcias - Franciscanos","robots":{"index":"index","follow":"follow","max-snippet":"max-snippet:-1","max-image-preview":"max-image-preview:large","max-video-preview":"max-video-preview:-1"},"canonical":"https:\/\/franciscanos.org.br\/noticias\/martasabado.html","og_locale":"pt_BR","og_type":"article","og_title":"Papa: A coragem crist\u00e3 sempre \u00e9 prudente, mas \u00e9 coragem - Not\u00edcias - Franciscanos","og_description":"Missa em Santa Marta","og_url":"https:\/\/franciscanos.org.br\/noticias\/martasabado.html","og_site_name":"Not\u00edcias - Franciscanos","article_published_time":"2020-04-18T09:54:31+00:00","article_modified_time":"2020-06-06T14:45:37+00:00","og_image":[{"width":800,"height":600,"url":"https:\/\/franciscanos.org.br\/noticias\/wp-content\/uploads\/2020\/04\/marta_1804d.jpg","type":"image\/jpeg"}],"author":"moacir","twitter_card":"summary_large_image","twitter_misc":{"Escrito por":"moacir","Est. tempo de leitura":"9 minutos"},"schema":{"@context":"https:\/\/schema.org","@graph":[{"@type":"WebSite","@id":"https:\/\/franciscanos.org.br\/noticias\/#website","url":"https:\/\/franciscanos.org.br\/noticias\/","name":"Not\u00edcias - Franciscanos","description":"Prov\u00edncia Franciscana da Imaculada Concei\u00e7\u00e3o do Brasil - Ordem dos Frades Menores - OFM","potentialAction":[{"@type":"SearchAction","target":{"@type":"EntryPoint","urlTemplate":"https:\/\/franciscanos.org.br\/noticias\/?s={search_term_string}"},"query-input":"required name=search_term_string"}],"inLanguage":"pt-BR"},{"@type":"ImageObject","inLanguage":"pt-BR","@id":"https:\/\/franciscanos.org.br\/noticias\/martasabado.html#primaryimage","url":"https:\/\/franciscanos.org.br\/noticias\/wp-content\/uploads\/2020\/04\/marta_1804d.jpg","contentUrl":"https:\/\/franciscanos.org.br\/noticias\/wp-content\/uploads\/2020\/04\/marta_1804d.jpg","width":800,"height":600},{"@type":"WebPage","@id":"https:\/\/franciscanos.org.br\/noticias\/martasabado.html#webpage","url":"https:\/\/franciscanos.org.br\/noticias\/martasabado.html","name":"Papa: A coragem crist\u00e3 sempre \u00e9 prudente, mas \u00e9 coragem - Not\u00edcias - Franciscanos","isPartOf":{"@id":"https:\/\/franciscanos.org.br\/noticias\/#website"},"primaryImageOfPage":{"@id":"https:\/\/franciscanos.org.br\/noticias\/martasabado.html#primaryimage"},"datePublished":"2020-04-18T09:54:31+00:00","dateModified":"2020-06-06T14:45:37+00:00","author":{"@id":"https:\/\/franciscanos.org.br\/noticias\/#\/schema\/person\/b5c8cba458c330ccff548b056e95a5d4"},"breadcrumb":{"@id":"https:\/\/franciscanos.org.br\/noticias\/martasabado.html#breadcrumb"},"inLanguage":"pt-BR","potentialAction":[{"@type":"ReadAction","target":["https:\/\/franciscanos.org.br\/noticias\/martasabado.html"]}]},{"@type":"BreadcrumbList","@id":"https:\/\/franciscanos.org.br\/noticias\/martasabado.html#breadcrumb","itemListElement":[{"@type":"ListItem","position":1,"name":"Home","item":"https:\/\/franciscanos.org.br\/noticias"},{"@type":"ListItem","position":2,"name":"Papa: A coragem crist\u00e3 sempre \u00e9 prudente, mas \u00e9 coragem"}]},{"@type":"Person","@id":"https:\/\/franciscanos.org.br\/noticias\/#\/schema\/person\/b5c8cba458c330ccff548b056e95a5d4","name":"moacir","image":{"@type":"ImageObject","inLanguage":"pt-BR","@id":"https:\/\/franciscanos.org.br\/noticias\/#\/schema\/person\/image\/","url":"https:\/\/secure.gravatar.com\/avatar\/d08aa2ce4c8dd416d4479aa8536fcf64?s=96&d=mm&r=g","contentUrl":"https:\/\/secure.gravatar.com\/avatar\/d08aa2ce4c8dd416d4479aa8536fcf64?s=96&d=mm&r=g","caption":"moacir"},"url":"https:\/\/franciscanos.org.br\/noticias\/author\/moacir"}]}},"_links":{"self":[{"href":"https:\/\/franciscanos.org.br\/noticias\/wp-json\/wp\/v2\/posts\/223227"}],"collection":[{"href":"https:\/\/franciscanos.org.br\/noticias\/wp-json\/wp\/v2\/posts"}],"about":[{"href":"https:\/\/franciscanos.org.br\/noticias\/wp-json\/wp\/v2\/types\/post"}],"author":[{"embeddable":true,"href":"https:\/\/franciscanos.org.br\/noticias\/wp-json\/wp\/v2\/users\/3"}],"replies":[{"embeddable":true,"href":"https:\/\/franciscanos.org.br\/noticias\/wp-json\/wp\/v2\/comments?post=223227"}],"version-history":[{"count":4,"href":"https:\/\/franciscanos.org.br\/noticias\/wp-json\/wp\/v2\/posts\/223227\/revisions"}],"predecessor-version":[{"id":224576,"href":"https:\/\/franciscanos.org.br\/noticias\/wp-json\/wp\/v2\/posts\/223227\/revisions\/224576"}],"wp:featuredmedia":[{"embeddable":true,"href":"https:\/\/franciscanos.org.br\/noticias\/wp-json\/wp\/v2\/media\/223229"}],"wp:attachment":[{"href":"https:\/\/franciscanos.org.br\/noticias\/wp-json\/wp\/v2\/media?parent=223227"}],"wp:term":[{"taxonomy":"category","embeddable":true,"href":"https:\/\/franciscanos.org.br\/noticias\/wp-json\/wp\/v2\/categories?post=223227"},{"taxonomy":"post_tag","embeddable":true,"href":"https:\/\/franciscanos.org.br\/noticias\/wp-json\/wp\/v2\/tags?post=223227"}],"curies":[{"name":"wp","href":"https:\/\/api.w.org\/{rel}","templated":true}]}}