{"id":223216,"date":"2020-04-17T21:30:57","date_gmt":"2020-04-18T00:30:57","guid":{"rendered":"https:\/\/franciscanos.org.br\/noticias\/?p=223216"},"modified":"2020-04-17T21:31:20","modified_gmt":"2020-04-18T00:31:20","slug":"pe-anderson-nao-sucumba-diante-das-provacoes","status":"publish","type":"post","link":"https:\/\/franciscanos.org.br\/noticias\/pe-anderson-nao-sucumba-diante-das-provacoes.html","title":{"rendered":"Pe. Anderson:  &#8220;N\u00e3o sucumba diante das prova\u00e7\u00f5es&#8221;"},"content":{"rendered":"<p><img loading=\"lazy\" class=\"alignnone size-full wp-image-223217\" src=\"https:\/\/franciscanos.org.br\/noticias\/wp-content\/uploads\/2020\/04\/sexto_02.jpg\" alt=\"\" width=\"1280\" height=\"720\" srcset=\"https:\/\/franciscanos.org.br\/noticias\/wp-content\/uploads\/2020\/04\/sexto_02.jpg 1280w, https:\/\/franciscanos.org.br\/noticias\/wp-content\/uploads\/2020\/04\/sexto_02-450x253.jpg 450w, https:\/\/franciscanos.org.br\/noticias\/wp-content\/uploads\/2020\/04\/sexto_02-1024x576.jpg 1024w, https:\/\/franciscanos.org.br\/noticias\/wp-content\/uploads\/2020\/04\/sexto_02-768x432.jpg 768w, https:\/\/franciscanos.org.br\/noticias\/wp-content\/uploads\/2020\/04\/sexto_02-150x84.jpg 150w\" sizes=\"(max-width: 1280px) 100vw, 1280px\" \/><\/p>\n<p><strong>Moacir Beggo (*)<\/strong><\/p>\n<p><strong>\u00a0<\/strong><strong>S\u00e3o Paulo (SP)<\/strong> &#8211; O p\u00e1roco da Par\u00f3quia Sagrada Fam\u00edlia, em Vit\u00f3ria (ES), Pe. Anderson Teixeira, representou a \u00c1rea Pastoral da capital capixaba neste 6\u00aa dia do Oitav\u00e1rio da 450\u00aa Festa da Penha, celebrado com a Santa Missa, \u00e0s 19h30, na capela do Convento da Penha. Como concelebrantes, participaram os frades do Convento e o di\u00e1cono Renan.<\/p>\n<p>Esta edi\u00e7\u00e3o da Festa, que este ano acontece virtualmente por causa da pandemia do novo coronav\u00edrus, est\u00e1 sendo transmitida pelas redes sociais do Convento e pelo site G1\/E e tem como tema \u201cTodas as gera\u00e7\u00f5es me chamar\u00e3o bem-aventurada\u201d (Lc 1,48).<\/p>\n<p>Frei Pedro Oliveira fez a ora\u00e7\u00e3o do Oitav\u00e1rio e explicou que neste dia se lembrava sexta alegria de Nossa Senhora: o reencontro com o Menino Jesus depois de seu desaparecimento por tr\u00eas dias. Maria e Jos\u00e9 o encontraram no templo discutindo com os doutores da lei. Esse reencontro \u00e9 mais uma alegria da M\u00e3e das Alegrias.<\/p>\n<p><img loading=\"lazy\" class=\"alignnone size-full wp-image-223218\" src=\"https:\/\/franciscanos.org.br\/noticias\/wp-content\/uploads\/2020\/04\/sexto_07.jpg\" alt=\"\" width=\"1280\" height=\"720\" srcset=\"https:\/\/franciscanos.org.br\/noticias\/wp-content\/uploads\/2020\/04\/sexto_07.jpg 1280w, https:\/\/franciscanos.org.br\/noticias\/wp-content\/uploads\/2020\/04\/sexto_07-450x253.jpg 450w, https:\/\/franciscanos.org.br\/noticias\/wp-content\/uploads\/2020\/04\/sexto_07-1024x576.jpg 1024w, https:\/\/franciscanos.org.br\/noticias\/wp-content\/uploads\/2020\/04\/sexto_07-768x432.jpg 768w, https:\/\/franciscanos.org.br\/noticias\/wp-content\/uploads\/2020\/04\/sexto_07-150x84.jpg 150w\" sizes=\"(max-width: 1280px) 100vw, 1280px\" \/><\/p>\n<p>Pe. Anderson explicou que estamos na oitava da P\u00e1scoa, o tempo prop\u00edcio onde n\u00f3s compreendemos que Deus tem a \u00faltima resposta sobre n\u00f3s. &#8220;Estes dias, a liturgia da Palavra, que ilumina esse momento celebrativo, lembrava de maneira muito intensa que a presen\u00e7a do Ressuscitado na vida dos disc\u00edpulos mudava tudo. Dava a eles uma nova compreens\u00e3o de toda a sua hist\u00f3ria e da hist\u00f3ria da salva\u00e7\u00e3o. Eles conseguiam, com o evento da ressurrei\u00e7\u00e3o, iluminar todo passado, toda ang\u00fastia, todo aquilo que trouxe a eles uma decep\u00e7\u00e3o&#8221;, detalhou o pregador.<\/p>\n<p>Segundo o sacerdote, o Evangelho de hoje destina-se \u00e0 comunidade, destina-se \u00e0 Igreja, destina-se a cada um de n\u00f3s que fomos pelo batismo incorporados ao mist\u00e9rio pascal de Cristo. &#8220;\u00c9 neste mist\u00e9rio de salva\u00e7\u00e3o que aqui nos reunimos e aqui nos alimentamos. Por isso, olhar os disc\u00edpulos que passam a noite inteira procurando pescar e n\u00e3o conseguem, que no momento em que se encontram com o Ressuscitado a pesca \u00e9 abundante, \u00e9 olhar para a nossa Igreja, que em meio \u00e0s turbul\u00eancias dessa vida, ao mar muitas vezes n\u00e3o favor\u00e1vel, n\u00e3o pode deixar de cumprir a sua miss\u00e3o de ser sinal permanente do amor ao Cristo, de ser sinal permanente da ressurrei\u00e7\u00e3o, de ser sinal permanente de boas not\u00edcias&#8221;, acrescentou Pe Anderson.<\/p>\n<p><img loading=\"lazy\" class=\"alignnone size-full wp-image-223219\" src=\"https:\/\/franciscanos.org.br\/noticias\/wp-content\/uploads\/2020\/04\/sexto_05.jpg\" alt=\"\" width=\"1280\" height=\"720\" srcset=\"https:\/\/franciscanos.org.br\/noticias\/wp-content\/uploads\/2020\/04\/sexto_05.jpg 1280w, https:\/\/franciscanos.org.br\/noticias\/wp-content\/uploads\/2020\/04\/sexto_05-450x253.jpg 450w, https:\/\/franciscanos.org.br\/noticias\/wp-content\/uploads\/2020\/04\/sexto_05-1024x576.jpg 1024w, https:\/\/franciscanos.org.br\/noticias\/wp-content\/uploads\/2020\/04\/sexto_05-768x432.jpg 768w, https:\/\/franciscanos.org.br\/noticias\/wp-content\/uploads\/2020\/04\/sexto_05-150x84.jpg 150w\" sizes=\"(max-width: 1280px) 100vw, 1280px\" \/><\/p>\n<p>&#8220;N\u00e3o podemos deixar que as contradi\u00e7\u00f5es, as atitudes, as imperfei\u00e7\u00f5es humanas, que tantas vezes demonstram uma atitude anticrist\u00e3, que crucifica o Cristo no sofrimento de nossos irm\u00e3os e irm\u00e3s, nos tire a esperan\u00e7a e a capacidade de lutar por eles&#8221;, exortou.<\/p>\n<p>Para o sacerdote, essa rede, que foi arrastada com uma numerosa quantidade de peixes, traz aqueles que est\u00e3o dentro da nossa Igreja e tamb\u00e9m aqueles que dela se afastaram, destinat\u00e1rios do pr\u00f3prio Cristo Ressuscitado. &#8220;\u00c9 claro que aqueles que fizeram a sua experi\u00eancia com Cristo tiveram a sua vida transformada, tiveram uma transi\u00e7\u00e3o de f\u00e9, uma transi\u00e7\u00e3o de amor. Foram amados e deram sentido \u00e0 miss\u00e3o e se tornaram testemunhas do Cristo Ressuscitado, sem temer os homens, sem temer nada, mas foram sinais do Cristo para seus irm\u00e3os&#8221;, ressaltou.<\/p>\n<p><img loading=\"lazy\" class=\"alignnone size-full wp-image-223220\" src=\"https:\/\/franciscanos.org.br\/noticias\/wp-content\/uploads\/2020\/04\/sexto_06.jpg\" alt=\"\" width=\"1280\" height=\"655\" srcset=\"https:\/\/franciscanos.org.br\/noticias\/wp-content\/uploads\/2020\/04\/sexto_06.jpg 1280w, https:\/\/franciscanos.org.br\/noticias\/wp-content\/uploads\/2020\/04\/sexto_06-450x230.jpg 450w, https:\/\/franciscanos.org.br\/noticias\/wp-content\/uploads\/2020\/04\/sexto_06-1024x524.jpg 1024w, https:\/\/franciscanos.org.br\/noticias\/wp-content\/uploads\/2020\/04\/sexto_06-768x393.jpg 768w, https:\/\/franciscanos.org.br\/noticias\/wp-content\/uploads\/2020\/04\/sexto_06-150x77.jpg 150w\" sizes=\"(max-width: 1280px) 100vw, 1280px\" \/><\/p>\n<p>&#8220;No momento de persegui\u00e7\u00e3o, de prova\u00e7\u00e3o, de incerteza, das intemp\u00e9ries da vida, n\u00f3s buscamos a certeza da f\u00e9. N\u00f3s buscamos aquilo que \u00e9 convic\u00e7\u00e3o na f\u00e9, para nos sustentar neste momento. E n\u00f3s dizemos como o ap\u00f3stolo Pedro e tantos outros perseguidos: &#8216;N\u00f3s temos uma f\u00e9 e uma raz\u00e3o da nossa esperan\u00e7a: \u00c9 Cristo Jesus que est\u00e1 vivo e Ressuscitado!'&#8221;, ensinou.<\/p>\n<p>Falando aos devotos que acompanham a Festa da Penha pelos meios de comunica\u00e7\u00e3o e m\u00eddias digitais, consolou: &#8220;N\u00e3o se preocupe pelas dores do dia a dia. N\u00e3o se deixe abater pelas dificuldades e obst\u00e1culos. N\u00e3o sucumba diante das prova\u00e7\u00f5es. Mas tende f\u00e9 em Cristo. Tende certeza convicta em sua Palavra de que a \u00faltima resposta fundamental vem de Deus&#8221;.<\/p>\n<p><img loading=\"lazy\" class=\"alignnone size-full wp-image-223221\" src=\"https:\/\/franciscanos.org.br\/noticias\/wp-content\/uploads\/2020\/04\/sexto_04.jpg\" alt=\"\" width=\"1280\" height=\"720\" srcset=\"https:\/\/franciscanos.org.br\/noticias\/wp-content\/uploads\/2020\/04\/sexto_04.jpg 1280w, https:\/\/franciscanos.org.br\/noticias\/wp-content\/uploads\/2020\/04\/sexto_04-450x253.jpg 450w, https:\/\/franciscanos.org.br\/noticias\/wp-content\/uploads\/2020\/04\/sexto_04-1024x576.jpg 1024w, https:\/\/franciscanos.org.br\/noticias\/wp-content\/uploads\/2020\/04\/sexto_04-768x432.jpg 768w, https:\/\/franciscanos.org.br\/noticias\/wp-content\/uploads\/2020\/04\/sexto_04-150x84.jpg 150w\" sizes=\"(max-width: 1280px) 100vw, 1280px\" \/><\/p>\n<p>&#8220;Maria silenciou tudo isso, cada dor, cada acontecimento. E por isso foi a bem-aventurada entre todas as mulheres e todas as gera\u00e7\u00f5es a chamar\u00e3o de bendita. \u00c9 por isso que n\u00f3s celebramos esta Festa. \u00c9 por isso que n\u00e3o deixamos de proclamar que Maria tem, ao lado de Jesus, um lugar privilegiado no cora\u00e7\u00e3o da Igreja. Ent\u00e3o, que a gra\u00e7a de Nossa Senhora da Penha chegue ao cora\u00e7\u00e3o de cada pessoa, chegue \u00e0 nossa querida \u00c1rea Pastoral de Vit\u00f3ria, uma \u00e1rea urbana com tanta beleza e com tantas contradi\u00e7\u00f5es, chegue ao cora\u00e7\u00e3o de cada fiel que espera ansiosamente voltar \u00e0 sua comunidade de f\u00e9, mas que n\u00e3o pode perder o seu compromisso em preservar a vida, em defender a vida&#8221;, orientou.<\/p>\n<p>&#8220;Que Deus nos conceda, pela celebra\u00e7\u00e3o desta Festa de Nossa Senhora da Penha, uma confian\u00e7a e uma certeza que nos mantenha de cabe\u00e7as erguidas diante de qualquer acontecimento ou prova\u00e7\u00e3o&#8221;, desejou.<\/p>\n<p><img loading=\"lazy\" class=\"alignnone size-full wp-image-223222\" src=\"https:\/\/franciscanos.org.br\/noticias\/wp-content\/uploads\/2020\/04\/sexto_01.jpg\" alt=\"\" width=\"1280\" height=\"630\" srcset=\"https:\/\/franciscanos.org.br\/noticias\/wp-content\/uploads\/2020\/04\/sexto_01.jpg 1280w, https:\/\/franciscanos.org.br\/noticias\/wp-content\/uploads\/2020\/04\/sexto_01-450x221.jpg 450w, https:\/\/franciscanos.org.br\/noticias\/wp-content\/uploads\/2020\/04\/sexto_01-1024x504.jpg 1024w, https:\/\/franciscanos.org.br\/noticias\/wp-content\/uploads\/2020\/04\/sexto_01-768x378.jpg 768w, https:\/\/franciscanos.org.br\/noticias\/wp-content\/uploads\/2020\/04\/sexto_01-150x74.jpg 150w\" sizes=\"(max-width: 1280px) 100vw, 1280px\" \/><\/p>\n<p>O guardi\u00e3o do Convento da Penha, Frei Paulo Pereira, fez os agradecimentos finais, especialmente ao Pe. Anderson e di\u00e1cono Renan que celebraram nesta noite, em que a juventude ganhou a homenagem no final da celebra\u00e7\u00e3o. Para isso, lembrou uma mensagem do Papa Francisco: \u201cO crist\u00e3o n\u00e3o pode ser pessimista! N\u00e3o pode ter uma cara de quem parece num constante estado de luto. Se estivermos verdadeiramente enamorados de Cristo e sentirmos o quanto Ele nos ama, o nosso cora\u00e7\u00e3o se &#8216;incendiar\u00e1&#8217; de tal alegria que contagiar\u00e1 quem estiver ao nosso lado&#8221;.<\/p>\n<p>Frei Paulo tamb\u00e9m lembrou que toda a Festa da Penha vive o seu grande momento no s\u00e1bado com a Romaria dos Homens. Este ano, por causa do isolamento social, Frei Paulo pediu que as pessoas fiquem em casa: &#8220;O melhor jeito de louvar a Deus \u00e9 ficando em casa&#8221;, orientou.<\/p>\n<p>Ele, contudo, anunciou que o povo n\u00e3o ficar\u00e1 sem a romaria. Nossa Senhora da Penha ser\u00e1 levada aos bairros e a melhor participa\u00e7\u00e3o nesta Romaria das Fam\u00edlias, segundo Frei Paulo, ser\u00e1 a de colocar um sinal nas janelas ou portas das casas.<\/p>\n<p><img loading=\"lazy\" class=\"alignnone size-full wp-image-223223\" src=\"https:\/\/franciscanos.org.br\/noticias\/wp-content\/uploads\/2020\/04\/sexto_03.jpg\" alt=\"\" width=\"1280\" height=\"720\" srcset=\"https:\/\/franciscanos.org.br\/noticias\/wp-content\/uploads\/2020\/04\/sexto_03.jpg 1280w, https:\/\/franciscanos.org.br\/noticias\/wp-content\/uploads\/2020\/04\/sexto_03-450x253.jpg 450w, https:\/\/franciscanos.org.br\/noticias\/wp-content\/uploads\/2020\/04\/sexto_03-1024x576.jpg 1024w, https:\/\/franciscanos.org.br\/noticias\/wp-content\/uploads\/2020\/04\/sexto_03-768x432.jpg 768w, https:\/\/franciscanos.org.br\/noticias\/wp-content\/uploads\/2020\/04\/sexto_03-150x84.jpg 150w\" sizes=\"(max-width: 1280px) 100vw, 1280px\" \/><\/p>\n<p>A festa da Penha \u00e9 fruto de uma semente lan\u00e7ada por Frei Pedro Pal\u00e1cios em 1558, quando chegou ao Brasil com os colonizadores portugueses e desembarcou nas terras capixabas. O frade espanhol trouxe na sua bagagem um painel de Nossa Senhora das 7 Alegrias, que foi colocado numa gruta e deu origem \u00e0 devo\u00e7\u00e3o franciscana que vem at\u00e9 hoje. Ao longo do tempo, essa devo\u00e7\u00e3o cresceu e foi constru\u00eddo o Santu\u00e1rio para a M\u00e3e de Deus no ponto mais alto do penhasco. Desde ent\u00e3o, romeiros visitam o Convento durante todo o ano.<\/p>\n<p>A programa\u00e7\u00e3o est\u00e1 dispon\u00edvel nas redes sociais do Convento da Penha atrav\u00e9s do Facebook (https:\/\/www.facebook.com\/penhaconvento\/), Instagram (https:\/\/www.instagram.com\/conventodapenha\/) e o Canal do YouTube (https:\/\/www.youtube.com\/channel\/UCur6FpU2tk0IDg6NkTBMqog).<\/p>\n<p>O Oitav\u00e1rio tamb\u00e9m est\u00e1 sendo transmitido diariamente pelo site do G1\/ES (https:\/\/g1.globo.com\/es\/espirito-santo\/).<\/p>\n<p><strong>Neste s\u00e1bado, 18 de abril, a programa\u00e7\u00e3o \u00e9 a seguinte:<\/strong><\/p>\n<p>10h00 \u2013 Exibi\u00e7\u00e3o do Programa Salve M\u00e3e das Alegrias, ao vivo no Instagram, Facebook e Canal do YouTube do Convento da Penha<br \/>\n12h00 \u2013 Missa ao vivo no Instagram, Facebook e Canal do YouTube do Convento da Penha<br \/>\n13h00 \u2013 Continua\u00e7ao de exibi\u00e7\u00e3o do Programa Salve M\u00e3e das Alegrias, ao vivo no Instagram, Facebook e Canal do YouTube do Convento da Penha<br \/>\n17h00 \u2013 S\u00e9timo dia do Oitav\u00e1rio \u2013 Missa, ao vivo no G1\/ES e no Instagram, Facebook e Canal do YouTube do Convento da Penha, R\u00e1dios Am\u00e9rica 91,1 FM e Esp\u00edrito Santo 1160 AM e TV Educativa-ES canal 2.1 aberto<br \/>\n20h00 \u2013 Romaria das Fam\u00edlias, ao vivo no G1\/ES e nas redes do Convento da Penha<br \/>\n22h00 \u2013 Festival Amor e Esperan\u00e7a, com apresenta\u00e7\u00f5es art\u00edsticas ao vivo no G1-ES<\/p>\n<hr \/>\n<p><em>(*) Com a transmiss\u00e3o ao vivo pelo Convento da Penha<\/em><\/p>\n","protected":false},"excerpt":{"rendered":"<p>Sexto dia do Oitav\u00e1rio da Festa da Penha<\/p>\n","protected":false},"author":3,"featured_media":223224,"comment_status":"open","ping_status":"open","sticky":false,"template":"","format":"standard","meta":[],"categories":[1],"tags":[245],"acf":[],"yoast_head":"<!-- This site is optimized with the Yoast SEO plugin v19.2 - https:\/\/yoast.com\/wordpress\/plugins\/seo\/ -->\n<title>Pe. Anderson: &quot;N\u00e3o sucumba diante das prova\u00e7\u00f5es&quot; - Not\u00edcias - Franciscanos<\/title>\n<meta name=\"robots\" content=\"index, follow, max-snippet:-1, max-image-preview:large, max-video-preview:-1\" \/>\n<link rel=\"canonical\" href=\"https:\/\/franciscanos.org.br\/noticias\/pe-anderson-nao-sucumba-diante-das-provacoes.html\" \/>\n<meta property=\"og:locale\" content=\"pt_BR\" \/>\n<meta property=\"og:type\" content=\"article\" \/>\n<meta property=\"og:title\" content=\"Pe. Anderson: &quot;N\u00e3o sucumba diante das prova\u00e7\u00f5es&quot; - Not\u00edcias - Franciscanos\" \/>\n<meta property=\"og:description\" content=\"Sexto dia do Oitav\u00e1rio da Festa da Penha\" \/>\n<meta property=\"og:url\" content=\"https:\/\/franciscanos.org.br\/noticias\/pe-anderson-nao-sucumba-diante-das-provacoes.html\" \/>\n<meta property=\"og:site_name\" content=\"Not\u00edcias - Franciscanos\" \/>\n<meta property=\"article:published_time\" content=\"2020-04-18T00:30:57+00:00\" \/>\n<meta property=\"article:modified_time\" content=\"2020-04-18T00:31:20+00:00\" \/>\n<meta property=\"og:image\" content=\"https:\/\/franciscanos.org.br\/noticias\/wp-content\/uploads\/2020\/04\/penha_02d.jpg\" \/>\n\t<meta property=\"og:image:width\" content=\"800\" \/>\n\t<meta property=\"og:image:height\" content=\"600\" \/>\n\t<meta property=\"og:image:type\" content=\"image\/jpeg\" \/>\n<meta name=\"author\" content=\"moacir\" \/>\n<meta name=\"twitter:card\" content=\"summary_large_image\" \/>\n<meta name=\"twitter:label1\" content=\"Escrito por\" \/>\n\t<meta name=\"twitter:data1\" content=\"moacir\" \/>\n\t<meta name=\"twitter:label2\" content=\"Est. tempo de leitura\" \/>\n\t<meta name=\"twitter:data2\" content=\"7 minutos\" \/>\n<script type=\"application\/ld+json\" class=\"yoast-schema-graph\">{\"@context\":\"https:\/\/schema.org\",\"@graph\":[{\"@type\":\"WebSite\",\"@id\":\"https:\/\/franciscanos.org.br\/noticias\/#website\",\"url\":\"https:\/\/franciscanos.org.br\/noticias\/\",\"name\":\"Not\u00edcias - Franciscanos\",\"description\":\"Prov\u00edncia Franciscana da Imaculada Concei\u00e7\u00e3o do Brasil - Ordem dos Frades Menores - OFM\",\"potentialAction\":[{\"@type\":\"SearchAction\",\"target\":{\"@type\":\"EntryPoint\",\"urlTemplate\":\"https:\/\/franciscanos.org.br\/noticias\/?s={search_term_string}\"},\"query-input\":\"required name=search_term_string\"}],\"inLanguage\":\"pt-BR\"},{\"@type\":\"ImageObject\",\"inLanguage\":\"pt-BR\",\"@id\":\"https:\/\/franciscanos.org.br\/noticias\/pe-anderson-nao-sucumba-diante-das-provacoes.html#primaryimage\",\"url\":\"https:\/\/franciscanos.org.br\/noticias\/wp-content\/uploads\/2020\/04\/penha_02d.jpg\",\"contentUrl\":\"https:\/\/franciscanos.org.br\/noticias\/wp-content\/uploads\/2020\/04\/penha_02d.jpg\",\"width\":800,\"height\":600},{\"@type\":\"WebPage\",\"@id\":\"https:\/\/franciscanos.org.br\/noticias\/pe-anderson-nao-sucumba-diante-das-provacoes.html#webpage\",\"url\":\"https:\/\/franciscanos.org.br\/noticias\/pe-anderson-nao-sucumba-diante-das-provacoes.html\",\"name\":\"Pe. Anderson: \\\"N\u00e3o sucumba diante das prova\u00e7\u00f5es\\\" - Not\u00edcias - Franciscanos\",\"isPartOf\":{\"@id\":\"https:\/\/franciscanos.org.br\/noticias\/#website\"},\"primaryImageOfPage\":{\"@id\":\"https:\/\/franciscanos.org.br\/noticias\/pe-anderson-nao-sucumba-diante-das-provacoes.html#primaryimage\"},\"datePublished\":\"2020-04-18T00:30:57+00:00\",\"dateModified\":\"2020-04-18T00:31:20+00:00\",\"author\":{\"@id\":\"https:\/\/franciscanos.org.br\/noticias\/#\/schema\/person\/b5c8cba458c330ccff548b056e95a5d4\"},\"breadcrumb\":{\"@id\":\"https:\/\/franciscanos.org.br\/noticias\/pe-anderson-nao-sucumba-diante-das-provacoes.html#breadcrumb\"},\"inLanguage\":\"pt-BR\",\"potentialAction\":[{\"@type\":\"ReadAction\",\"target\":[\"https:\/\/franciscanos.org.br\/noticias\/pe-anderson-nao-sucumba-diante-das-provacoes.html\"]}]},{\"@type\":\"BreadcrumbList\",\"@id\":\"https:\/\/franciscanos.org.br\/noticias\/pe-anderson-nao-sucumba-diante-das-provacoes.html#breadcrumb\",\"itemListElement\":[{\"@type\":\"ListItem\",\"position\":1,\"name\":\"Home\",\"item\":\"https:\/\/franciscanos.org.br\/noticias\"},{\"@type\":\"ListItem\",\"position\":2,\"name\":\"Pe. Anderson: &#8220;N\u00e3o sucumba diante das prova\u00e7\u00f5es&#8221;\"}]},{\"@type\":\"Person\",\"@id\":\"https:\/\/franciscanos.org.br\/noticias\/#\/schema\/person\/b5c8cba458c330ccff548b056e95a5d4\",\"name\":\"moacir\",\"image\":{\"@type\":\"ImageObject\",\"inLanguage\":\"pt-BR\",\"@id\":\"https:\/\/franciscanos.org.br\/noticias\/#\/schema\/person\/image\/\",\"url\":\"https:\/\/secure.gravatar.com\/avatar\/d08aa2ce4c8dd416d4479aa8536fcf64?s=96&d=mm&r=g\",\"contentUrl\":\"https:\/\/secure.gravatar.com\/avatar\/d08aa2ce4c8dd416d4479aa8536fcf64?s=96&d=mm&r=g\",\"caption\":\"moacir\"},\"url\":\"https:\/\/franciscanos.org.br\/noticias\/author\/moacir\"}]}<\/script>\n<!-- \/ Yoast SEO plugin. -->","yoast_head_json":{"title":"Pe. Anderson: \"N\u00e3o sucumba diante das prova\u00e7\u00f5es\" - Not\u00edcias - Franciscanos","robots":{"index":"index","follow":"follow","max-snippet":"max-snippet:-1","max-image-preview":"max-image-preview:large","max-video-preview":"max-video-preview:-1"},"canonical":"https:\/\/franciscanos.org.br\/noticias\/pe-anderson-nao-sucumba-diante-das-provacoes.html","og_locale":"pt_BR","og_type":"article","og_title":"Pe. Anderson: \"N\u00e3o sucumba diante das prova\u00e7\u00f5es\" - Not\u00edcias - Franciscanos","og_description":"Sexto dia do Oitav\u00e1rio da Festa da Penha","og_url":"https:\/\/franciscanos.org.br\/noticias\/pe-anderson-nao-sucumba-diante-das-provacoes.html","og_site_name":"Not\u00edcias - Franciscanos","article_published_time":"2020-04-18T00:30:57+00:00","article_modified_time":"2020-04-18T00:31:20+00:00","og_image":[{"width":800,"height":600,"url":"https:\/\/franciscanos.org.br\/noticias\/wp-content\/uploads\/2020\/04\/penha_02d.jpg","type":"image\/jpeg"}],"author":"moacir","twitter_card":"summary_large_image","twitter_misc":{"Escrito por":"moacir","Est. tempo de leitura":"7 minutos"},"schema":{"@context":"https:\/\/schema.org","@graph":[{"@type":"WebSite","@id":"https:\/\/franciscanos.org.br\/noticias\/#website","url":"https:\/\/franciscanos.org.br\/noticias\/","name":"Not\u00edcias - Franciscanos","description":"Prov\u00edncia Franciscana da Imaculada Concei\u00e7\u00e3o do Brasil - Ordem dos Frades Menores - OFM","potentialAction":[{"@type":"SearchAction","target":{"@type":"EntryPoint","urlTemplate":"https:\/\/franciscanos.org.br\/noticias\/?s={search_term_string}"},"query-input":"required name=search_term_string"}],"inLanguage":"pt-BR"},{"@type":"ImageObject","inLanguage":"pt-BR","@id":"https:\/\/franciscanos.org.br\/noticias\/pe-anderson-nao-sucumba-diante-das-provacoes.html#primaryimage","url":"https:\/\/franciscanos.org.br\/noticias\/wp-content\/uploads\/2020\/04\/penha_02d.jpg","contentUrl":"https:\/\/franciscanos.org.br\/noticias\/wp-content\/uploads\/2020\/04\/penha_02d.jpg","width":800,"height":600},{"@type":"WebPage","@id":"https:\/\/franciscanos.org.br\/noticias\/pe-anderson-nao-sucumba-diante-das-provacoes.html#webpage","url":"https:\/\/franciscanos.org.br\/noticias\/pe-anderson-nao-sucumba-diante-das-provacoes.html","name":"Pe. Anderson: \"N\u00e3o sucumba diante das prova\u00e7\u00f5es\" - Not\u00edcias - Franciscanos","isPartOf":{"@id":"https:\/\/franciscanos.org.br\/noticias\/#website"},"primaryImageOfPage":{"@id":"https:\/\/franciscanos.org.br\/noticias\/pe-anderson-nao-sucumba-diante-das-provacoes.html#primaryimage"},"datePublished":"2020-04-18T00:30:57+00:00","dateModified":"2020-04-18T00:31:20+00:00","author":{"@id":"https:\/\/franciscanos.org.br\/noticias\/#\/schema\/person\/b5c8cba458c330ccff548b056e95a5d4"},"breadcrumb":{"@id":"https:\/\/franciscanos.org.br\/noticias\/pe-anderson-nao-sucumba-diante-das-provacoes.html#breadcrumb"},"inLanguage":"pt-BR","potentialAction":[{"@type":"ReadAction","target":["https:\/\/franciscanos.org.br\/noticias\/pe-anderson-nao-sucumba-diante-das-provacoes.html"]}]},{"@type":"BreadcrumbList","@id":"https:\/\/franciscanos.org.br\/noticias\/pe-anderson-nao-sucumba-diante-das-provacoes.html#breadcrumb","itemListElement":[{"@type":"ListItem","position":1,"name":"Home","item":"https:\/\/franciscanos.org.br\/noticias"},{"@type":"ListItem","position":2,"name":"Pe. Anderson: &#8220;N\u00e3o sucumba diante das prova\u00e7\u00f5es&#8221;"}]},{"@type":"Person","@id":"https:\/\/franciscanos.org.br\/noticias\/#\/schema\/person\/b5c8cba458c330ccff548b056e95a5d4","name":"moacir","image":{"@type":"ImageObject","inLanguage":"pt-BR","@id":"https:\/\/franciscanos.org.br\/noticias\/#\/schema\/person\/image\/","url":"https:\/\/secure.gravatar.com\/avatar\/d08aa2ce4c8dd416d4479aa8536fcf64?s=96&d=mm&r=g","contentUrl":"https:\/\/secure.gravatar.com\/avatar\/d08aa2ce4c8dd416d4479aa8536fcf64?s=96&d=mm&r=g","caption":"moacir"},"url":"https:\/\/franciscanos.org.br\/noticias\/author\/moacir"}]}},"_links":{"self":[{"href":"https:\/\/franciscanos.org.br\/noticias\/wp-json\/wp\/v2\/posts\/223216"}],"collection":[{"href":"https:\/\/franciscanos.org.br\/noticias\/wp-json\/wp\/v2\/posts"}],"about":[{"href":"https:\/\/franciscanos.org.br\/noticias\/wp-json\/wp\/v2\/types\/post"}],"author":[{"embeddable":true,"href":"https:\/\/franciscanos.org.br\/noticias\/wp-json\/wp\/v2\/users\/3"}],"replies":[{"embeddable":true,"href":"https:\/\/franciscanos.org.br\/noticias\/wp-json\/wp\/v2\/comments?post=223216"}],"version-history":[{"count":2,"href":"https:\/\/franciscanos.org.br\/noticias\/wp-json\/wp\/v2\/posts\/223216\/revisions"}],"predecessor-version":[{"id":223226,"href":"https:\/\/franciscanos.org.br\/noticias\/wp-json\/wp\/v2\/posts\/223216\/revisions\/223226"}],"wp:featuredmedia":[{"embeddable":true,"href":"https:\/\/franciscanos.org.br\/noticias\/wp-json\/wp\/v2\/media\/223224"}],"wp:attachment":[{"href":"https:\/\/franciscanos.org.br\/noticias\/wp-json\/wp\/v2\/media?parent=223216"}],"wp:term":[{"taxonomy":"category","embeddable":true,"href":"https:\/\/franciscanos.org.br\/noticias\/wp-json\/wp\/v2\/categories?post=223216"},{"taxonomy":"post_tag","embeddable":true,"href":"https:\/\/franciscanos.org.br\/noticias\/wp-json\/wp\/v2\/tags?post=223216"}],"curies":[{"name":"wp","href":"https:\/\/api.w.org\/{rel}","templated":true}]}}