{"id":223199,"date":"2020-04-16T21:41:07","date_gmt":"2020-04-17T00:41:07","guid":{"rendered":"https:\/\/franciscanos.org.br\/noticias\/?p=223199"},"modified":"2020-04-16T21:41:07","modified_gmt":"2020-04-17T00:41:07","slug":"pe-roberto-nossa-geracao-precisa-aprender-a-cuidar-da-vida-e-nao-cultivar-a-morte","status":"publish","type":"post","link":"https:\/\/franciscanos.org.br\/noticias\/pe-roberto-nossa-geracao-precisa-aprender-a-cuidar-da-vida-e-nao-cultivar-a-morte.html","title":{"rendered":"Pe. Roberto: &#8220;Nossa gera\u00e7\u00e3o precisa aprender a cuidar da vida e n\u00e3o cultivar a morte&#8221;"},"content":{"rendered":"<p><img loading=\"lazy\" class=\"alignnone size-full wp-image-223201\" src=\"https:\/\/franciscanos.org.br\/noticias\/wp-content\/uploads\/2020\/04\/convento_16_2.jpg\" alt=\"\" width=\"1280\" height=\"720\" srcset=\"https:\/\/franciscanos.org.br\/noticias\/wp-content\/uploads\/2020\/04\/convento_16_2.jpg 1280w, https:\/\/franciscanos.org.br\/noticias\/wp-content\/uploads\/2020\/04\/convento_16_2-450x253.jpg 450w, https:\/\/franciscanos.org.br\/noticias\/wp-content\/uploads\/2020\/04\/convento_16_2-1024x576.jpg 1024w, https:\/\/franciscanos.org.br\/noticias\/wp-content\/uploads\/2020\/04\/convento_16_2-768x432.jpg 768w, https:\/\/franciscanos.org.br\/noticias\/wp-content\/uploads\/2020\/04\/convento_16_2-150x84.jpg 150w\" sizes=\"(max-width: 1280px) 100vw, 1280px\" \/><\/p>\n<p><strong>Moacir Beggo (*)<\/strong><\/p>\n<p><strong>\u00a0<\/strong><strong>S\u00e3o Paulo (SP) &#8211;<\/strong> Neste quinto dia do Oitav\u00e1rio da 450\u00aa Festa da Penha (16\/4), a \u00c1rea Pastoral Serra\/Fund\u00e3o da Arquidiocese de Vit\u00f3ria se fez presente no Convento da Penha com o Pe. Hugo Pereira de Souza, scj, p\u00e1roco da Par\u00f3quia Santo Andr\u00e9, e o Pe. Roberto Francisco Sebasti\u00e3o Natal, p\u00e1roco da Par\u00f3quia dos Sagrados Cora\u00e7\u00e3o de Jesus e Maria. Pe. Hugo, que presidiu a celebra\u00e7\u00e3o, e Pe. Roberto, que fez a homilia, tiveram como concelebrantes os frades da Fraternidade do Convento.<\/p>\n<p>Esta edi\u00e7\u00e3o da Festa, que este ano acontece virtualmente por causa da pandemia do novo coronav\u00edrus, est\u00e1 sendo transmitida pelas redes sociais do Convento e pelo site G1\/E. Neste dia tamb\u00e9m se refletiu sobre a quinta alegria de Nossa Senhora: a visita dos Magos do Oriente. Maria se alegra quando os Magos prestam adora\u00e7\u00e3o ao Menino Jesus. Neste ano, a festa tem como tema \u201cTodas as gera\u00e7\u00f5es me chamar\u00e3o bem-aventurada\u201d (Lc 1,48).<\/p>\n<div id=\"attachment_223203\" style=\"width: 388px\" class=\"wp-caption alignleft\"><img aria-describedby=\"caption-attachment-223203\" loading=\"lazy\" class=\"wp-image-223203\" src=\"https:\/\/franciscanos.org.br\/noticias\/wp-content\/uploads\/2020\/04\/pregador.jpg\" alt=\"\" width=\"378\" height=\"428\" srcset=\"https:\/\/franciscanos.org.br\/noticias\/wp-content\/uploads\/2020\/04\/pregador.jpg 600w, https:\/\/franciscanos.org.br\/noticias\/wp-content\/uploads\/2020\/04\/pregador-398x450.jpg 398w, https:\/\/franciscanos.org.br\/noticias\/wp-content\/uploads\/2020\/04\/pregador-150x170.jpg 150w\" sizes=\"(max-width: 378px) 100vw, 378px\" \/><p id=\"caption-attachment-223203\" class=\"wp-caption-text\"><em>Pe. Roberto fez a homilia<\/em><\/p><\/div>\n<p>Tendo o Evangelho como refer\u00eancia, Pe. Roberto explicou que Jesus aparece onde os disc\u00edpulos se encontravam e se coloca no meio deles. &#8220;O gesto de se colocar no meio deles afirma que ele deve ser o centro da f\u00e9 dos disc\u00edpulos&#8221;, disse. Segundo ele, a tristeza vivida pelo sofrimento da cruz com a morte de Jesus, n\u00e3o os deixava em paz. &#8220;E Jesus se p\u00f5e no meio deles e deseja a paz.\u00a0 Aquele que n\u00e3o tem paz no cora\u00e7\u00e3o, tem dificuldade de encontrar o Cristo Ressuscitado e anunci\u00e1-Lo para qualquer gera\u00e7\u00e3o&#8221;, enfatizou o pregador.<\/p>\n<p>Segundo o sacerdote, Jesus Cristo continua se apresentando na comunidade dos disc\u00edpulos ainda que eles n\u00e3o tenham compreendido o sentido da Ressurrei\u00e7\u00e3o. &#8220;No evangelho de hoje, Jesus tem um pedido a mais para fazer: sejam minhas testemunhas, anunciem a boa nova do Reino. Jesus pede para ir a lugares desafiadores e mostra o caminho da Jerusal\u00e9m. Em tempos atuais, somos convidados a ir ao encontro dos necessitados nas periferias existenciais, nas grandes metr\u00f3poles, na zona rural, e anunciar o Reino de Deus&#8221;, enfatizou.<\/p>\n<p>Para Pe. Roberto, a Palavra de Deus iluminou a intelig\u00eancia dos disc\u00edpulos e precisa ainda hoje continuar iluminando tamb\u00e9m a nossa intelig\u00eancia para as gera\u00e7\u00f5es futuras. &#8220;L\u00edderes religiosos, profissionais da sa\u00fade, lideran\u00e7as pol\u00edticas precisam colocar em pr\u00e1tica o cuidado que devemos ter com a vida, porque ela \u00e9 dom supremo que carece de todos os cuidados&#8221;, explicou.<\/p>\n<p><img loading=\"lazy\" class=\"alignleft size-full wp-image-223204\" src=\"https:\/\/franciscanos.org.br\/noticias\/wp-content\/uploads\/2020\/04\/convento_16_3.jpg\" alt=\"\" width=\"1280\" height=\"720\" srcset=\"https:\/\/franciscanos.org.br\/noticias\/wp-content\/uploads\/2020\/04\/convento_16_3.jpg 1280w, https:\/\/franciscanos.org.br\/noticias\/wp-content\/uploads\/2020\/04\/convento_16_3-450x253.jpg 450w, https:\/\/franciscanos.org.br\/noticias\/wp-content\/uploads\/2020\/04\/convento_16_3-1024x576.jpg 1024w, https:\/\/franciscanos.org.br\/noticias\/wp-content\/uploads\/2020\/04\/convento_16_3-768x432.jpg 768w, https:\/\/franciscanos.org.br\/noticias\/wp-content\/uploads\/2020\/04\/convento_16_3-150x84.jpg 150w\" sizes=\"(max-width: 1280px) 100vw, 1280px\" \/><\/p>\n<p>&#8220;A vida \u00e9 dom Deus e merece cuidado e n\u00e3o pode e n\u00e3o deve ser descartada de maneira nenhuma. A vida em tempos modernos \u00e9 uma tarefa, n\u00e3o algo determinado. \u00c9, sim, uma tarefa ainda incompleta que clama por cuidados e novos esfor\u00e7os, n\u00e3o naquela m\u00e1xima do capitalismo, &#8216;compro, logo existo&#8217;, como afirma o fil\u00f3sofo e soci\u00f3logo Bauman no mundo l\u00edquido moderno dos consumidores. E at\u00e9 mesmo os consumidores religiosos&#8221;, acrescentou.<\/p>\n<p>Durante esses 450 anos, muitas gera\u00e7\u00f5es se deixaram conduzir por Maria: &#8220;Todas as gera\u00e7\u00f5es me chamar\u00e3o de bem-aventurada&#8221;. &#8220;Nossa gera\u00e7\u00e3o precisa aprender a cuidar da Casa Comum, da vida e n\u00e3o cultivar a morte. Amar e colocar em pr\u00e1tica o plano de Deus&#8221;, enfatizou.<\/p>\n<p>&#8220;N\u00e3o podemos descartar a vida. Mas, sim, ela deve ser colocada no altar do Senhor e ser celebrada em todos os momentos da nossa vida. Refazer a nossa hist\u00f3ria e caminhar como verdadeiros seguidores do Evangelho&#8221;, insistiu Pe. Roberto.<\/p>\n<p><img loading=\"lazy\" class=\"alignnone size-full wp-image-223205\" src=\"https:\/\/franciscanos.org.br\/noticias\/wp-content\/uploads\/2020\/04\/convento_16_4.jpg\" alt=\"\" width=\"1280\" height=\"720\" srcset=\"https:\/\/franciscanos.org.br\/noticias\/wp-content\/uploads\/2020\/04\/convento_16_4.jpg 1280w, https:\/\/franciscanos.org.br\/noticias\/wp-content\/uploads\/2020\/04\/convento_16_4-450x253.jpg 450w, https:\/\/franciscanos.org.br\/noticias\/wp-content\/uploads\/2020\/04\/convento_16_4-1024x576.jpg 1024w, https:\/\/franciscanos.org.br\/noticias\/wp-content\/uploads\/2020\/04\/convento_16_4-768x432.jpg 768w, https:\/\/franciscanos.org.br\/noticias\/wp-content\/uploads\/2020\/04\/convento_16_4-150x84.jpg 150w\" sizes=\"(max-width: 1280px) 100vw, 1280px\" \/><\/p>\n<p>&#8220;Queridos irm\u00e3os e irm\u00e3s, que filosofia de vida nossas gera\u00e7\u00f5es v\u00e3o colocar em pr\u00e1tica ap\u00f3s o coronav\u00edrus passar do nosso meio. Ser\u00e1 que v\u00e3o chamar<\/p>\n<p>Maria de bem-aventurada entre os humildes e humilhados? Maria pertence ao povo pobre e humilde que o Senhor escolheu. Deus a escolheu para ser a M\u00e3e e protetora, a escolhida para ser M\u00e3e&#8221;, ensinou.<\/p>\n<p>No final, deixou tr\u00eas pequenas posturas para o crist\u00e3o seguir: conserve a esperan\u00e7a; deixe-se surpreender pela presen\u00e7a de deus; viva na alegria, na qual a Igreja daqui est\u00e1 vivendo com Nossa Senhora das Alegrias.<\/p>\n<p>O Vig\u00e1rio Provincial, Frei Gustavo Medella, agradeceu a presen\u00e7a dos sacerdotes da \u00c1rea Serra\/Funda\u00e7\u00e3o e fez uma homenagem aos profissionais dos setores essenciais que n\u00e3o podem parar e n\u00e3o podem ficar em casa. &#8220;S\u00e3o muitas; n\u00e3o vou citar todas as atividades essenciais, mas todos voc\u00eas se sintam inclu\u00eddos nesta prece&#8221;, disse.<\/p>\n<p><img loading=\"lazy\" class=\"alignnone size-full wp-image-223182\" src=\"https:\/\/franciscanos.org.br\/noticias\/wp-content\/uploads\/2020\/04\/oitavario_15_2.jpg\" alt=\"\" width=\"1280\" height=\"720\" srcset=\"https:\/\/franciscanos.org.br\/noticias\/wp-content\/uploads\/2020\/04\/oitavario_15_2.jpg 1280w, https:\/\/franciscanos.org.br\/noticias\/wp-content\/uploads\/2020\/04\/oitavario_15_2-450x253.jpg 450w, https:\/\/franciscanos.org.br\/noticias\/wp-content\/uploads\/2020\/04\/oitavario_15_2-1024x576.jpg 1024w, https:\/\/franciscanos.org.br\/noticias\/wp-content\/uploads\/2020\/04\/oitavario_15_2-768x432.jpg 768w, https:\/\/franciscanos.org.br\/noticias\/wp-content\/uploads\/2020\/04\/oitavario_15_2-150x84.jpg 150w\" sizes=\"(max-width: 1280px) 100vw, 1280px\" \/><\/p>\n<p>Frei Gustavo tamb\u00e9m falou do Projeto Condividir, que tem como objetivo de arrecadar material de higiene e comida para as comunidades carentes. &#8220;J\u00e1 foram arrecadas 10 toneladas, mas precisamos de mais doa\u00e7\u00f5es&#8221;, pediu. Ele tamb\u00e9m pediu doa\u00e7\u00f5es para manuten\u00e7\u00e3o do Convento da Penha.<\/p>\n<p>A festa da Penha \u00e9 fruto de uma semente lan\u00e7ada por Frei Pedro Pal\u00e1cios em 1558, quando chegou ao Brasil com os colonizadores portugueses e desembarcou nas terras capixabas. O frade espanhol trouxe na sua bagagem um painel de Nossa Senhora das 7 Alegrias, que foi colocado numa gruta e deu origem \u00e0 devo\u00e7\u00e3o franciscana que vem at\u00e9 hoje. Ao longo do tempo, essa devo\u00e7\u00e3o cresceu e foi constru\u00eddo o Santu\u00e1rio para a M\u00e3e de Deus no ponto mais alto do penhasco. Desde ent\u00e3o, romeiros visitam o Convento durante todo o ano.<\/p>\n<p>A programa\u00e7\u00e3o est\u00e1 dispon\u00edvel nas redes sociais do Convento da Penha atrav\u00e9s do Facebook (https:\/\/www.facebook.com\/penhaconvento\/), Instagram (https:\/\/www.instagram.com\/conventodapenha\/) e o Canal do YouTube (https:\/\/www.youtube.com\/channel\/UCur6FpU2tk0IDg6NkTBMqog).<\/p>\n<p>O Oitav\u00e1rio tamb\u00e9m est\u00e1 sendo transmitido diariamente pelo site do G1\/ES (https:\/\/g1.globo.com\/es\/espirito-santo\/).<\/p>\n<p><img loading=\"lazy\" class=\"alignnone size-full wp-image-223200\" src=\"https:\/\/franciscanos.org.br\/noticias\/wp-content\/uploads\/2020\/04\/convento_16_1.jpg\" alt=\"\" width=\"1280\" height=\"545\" srcset=\"https:\/\/franciscanos.org.br\/noticias\/wp-content\/uploads\/2020\/04\/convento_16_1.jpg 1280w, https:\/\/franciscanos.org.br\/noticias\/wp-content\/uploads\/2020\/04\/convento_16_1-450x192.jpg 450w, https:\/\/franciscanos.org.br\/noticias\/wp-content\/uploads\/2020\/04\/convento_16_1-1024x436.jpg 1024w, https:\/\/franciscanos.org.br\/noticias\/wp-content\/uploads\/2020\/04\/convento_16_1-768x327.jpg 768w, https:\/\/franciscanos.org.br\/noticias\/wp-content\/uploads\/2020\/04\/convento_16_1-150x64.jpg 150w\" sizes=\"(max-width: 1280px) 100vw, 1280px\" \/><\/p>\n<p><strong>Nesta sexta-feira, 17 de abril, a programa\u00e7\u00e3o \u00e9 a seguinte:<\/strong><\/p>\n<p><strong>6h00<\/strong> \u2013 B\u00ean\u00e7\u00e3o do dia, com Padre Renato, na TV Gazeta<br \/>\n<strong>12h00<\/strong> \u2013 Ter\u00e7o Mariano \u2013 no Instagram e Facebook do Convento da Penha<br \/>\n<strong>13h00<\/strong> \u2013 Exibi\u00e7\u00e3o do Programa Salve M\u00e3e das Alegrias, ao vivo no Instagram, Facebook e Canal do YouTube do Convento da Penha<br \/>\n<strong>15h00<\/strong> \u2013 Missa ao vivo no Instagram, Facebook e Canal do YouTube do Convento da Penha, R\u00e1dios Am\u00e9rica 91,1 FM e Esp\u00edrito Santo 1160 AM e TV Educativa-ES canal 2.1 aberto<br \/>\n<strong>19h30<\/strong> \u2013 Sexto dia do Oitav\u00e1rio, ao vivo no G1\/ES e no Instagram, Facebook e Canal do YouTube do Convento da Penha<br \/>\n<strong>20h30<\/strong> \u2013 Festival Amor e Esperan\u00e7a, com apresenta\u00e7\u00f5es art\u00edsticas ao vivo no Instagram da TV Gazeta<\/p>\n<hr \/>\n<p><em>(*) Com a transmiss\u00e3o ao vivo pelo Convento da Penha<\/em><\/p>\n","protected":false},"excerpt":{"rendered":"<p>Quinto dia do Oitav\u00e1rio da Festa da Penha<\/p>\n","protected":false},"author":3,"featured_media":223202,"comment_status":"open","ping_status":"open","sticky":false,"template":"","format":"standard","meta":[],"categories":[1],"tags":[245],"acf":[],"yoast_head":"<!-- This site is optimized with the Yoast SEO plugin v19.2 - https:\/\/yoast.com\/wordpress\/plugins\/seo\/ -->\n<title>Pe. Roberto: &quot;Nossa gera\u00e7\u00e3o precisa aprender a cuidar da vida e n\u00e3o cultivar a morte&quot; - Not\u00edcias - Franciscanos<\/title>\n<meta name=\"robots\" content=\"index, follow, max-snippet:-1, max-image-preview:large, max-video-preview:-1\" \/>\n<link rel=\"canonical\" href=\"https:\/\/franciscanos.org.br\/noticias\/pe-roberto-nossa-geracao-precisa-aprender-a-cuidar-da-vida-e-nao-cultivar-a-morte.html\" \/>\n<meta property=\"og:locale\" content=\"pt_BR\" \/>\n<meta property=\"og:type\" content=\"article\" \/>\n<meta property=\"og:title\" content=\"Pe. Roberto: &quot;Nossa gera\u00e7\u00e3o precisa aprender a cuidar da vida e n\u00e3o cultivar a morte&quot; - Not\u00edcias - Franciscanos\" \/>\n<meta property=\"og:description\" content=\"Quinto dia do Oitav\u00e1rio da Festa da Penha\" \/>\n<meta property=\"og:url\" content=\"https:\/\/franciscanos.org.br\/noticias\/pe-roberto-nossa-geracao-precisa-aprender-a-cuidar-da-vida-e-nao-cultivar-a-morte.html\" \/>\n<meta property=\"og:site_name\" content=\"Not\u00edcias - Franciscanos\" \/>\n<meta property=\"article:published_time\" content=\"2020-04-17T00:41:07+00:00\" \/>\n<meta property=\"og:image\" content=\"https:\/\/franciscanos.org.br\/noticias\/wp-content\/uploads\/2020\/04\/convento_16_2d.jpg\" \/>\n\t<meta property=\"og:image:width\" content=\"800\" \/>\n\t<meta property=\"og:image:height\" content=\"600\" \/>\n\t<meta property=\"og:image:type\" content=\"image\/jpeg\" \/>\n<meta name=\"author\" content=\"moacir\" \/>\n<meta name=\"twitter:card\" content=\"summary_large_image\" \/>\n<meta name=\"twitter:label1\" content=\"Escrito por\" \/>\n\t<meta name=\"twitter:data1\" content=\"moacir\" \/>\n\t<meta name=\"twitter:label2\" content=\"Est. tempo de leitura\" \/>\n\t<meta name=\"twitter:data2\" content=\"6 minutos\" \/>\n<script type=\"application\/ld+json\" class=\"yoast-schema-graph\">{\"@context\":\"https:\/\/schema.org\",\"@graph\":[{\"@type\":\"WebSite\",\"@id\":\"https:\/\/franciscanos.org.br\/noticias\/#website\",\"url\":\"https:\/\/franciscanos.org.br\/noticias\/\",\"name\":\"Not\u00edcias - Franciscanos\",\"description\":\"Prov\u00edncia Franciscana da Imaculada Concei\u00e7\u00e3o do Brasil - Ordem dos Frades Menores - OFM\",\"potentialAction\":[{\"@type\":\"SearchAction\",\"target\":{\"@type\":\"EntryPoint\",\"urlTemplate\":\"https:\/\/franciscanos.org.br\/noticias\/?s={search_term_string}\"},\"query-input\":\"required name=search_term_string\"}],\"inLanguage\":\"pt-BR\"},{\"@type\":\"ImageObject\",\"inLanguage\":\"pt-BR\",\"@id\":\"https:\/\/franciscanos.org.br\/noticias\/pe-roberto-nossa-geracao-precisa-aprender-a-cuidar-da-vida-e-nao-cultivar-a-morte.html#primaryimage\",\"url\":\"https:\/\/franciscanos.org.br\/noticias\/wp-content\/uploads\/2020\/04\/convento_16_2d.jpg\",\"contentUrl\":\"https:\/\/franciscanos.org.br\/noticias\/wp-content\/uploads\/2020\/04\/convento_16_2d.jpg\",\"width\":800,\"height\":600},{\"@type\":\"WebPage\",\"@id\":\"https:\/\/franciscanos.org.br\/noticias\/pe-roberto-nossa-geracao-precisa-aprender-a-cuidar-da-vida-e-nao-cultivar-a-morte.html#webpage\",\"url\":\"https:\/\/franciscanos.org.br\/noticias\/pe-roberto-nossa-geracao-precisa-aprender-a-cuidar-da-vida-e-nao-cultivar-a-morte.html\",\"name\":\"Pe. Roberto: \\\"Nossa gera\u00e7\u00e3o precisa aprender a cuidar da vida e n\u00e3o cultivar a morte\\\" - Not\u00edcias - Franciscanos\",\"isPartOf\":{\"@id\":\"https:\/\/franciscanos.org.br\/noticias\/#website\"},\"primaryImageOfPage\":{\"@id\":\"https:\/\/franciscanos.org.br\/noticias\/pe-roberto-nossa-geracao-precisa-aprender-a-cuidar-da-vida-e-nao-cultivar-a-morte.html#primaryimage\"},\"datePublished\":\"2020-04-17T00:41:07+00:00\",\"dateModified\":\"2020-04-17T00:41:07+00:00\",\"author\":{\"@id\":\"https:\/\/franciscanos.org.br\/noticias\/#\/schema\/person\/b5c8cba458c330ccff548b056e95a5d4\"},\"breadcrumb\":{\"@id\":\"https:\/\/franciscanos.org.br\/noticias\/pe-roberto-nossa-geracao-precisa-aprender-a-cuidar-da-vida-e-nao-cultivar-a-morte.html#breadcrumb\"},\"inLanguage\":\"pt-BR\",\"potentialAction\":[{\"@type\":\"ReadAction\",\"target\":[\"https:\/\/franciscanos.org.br\/noticias\/pe-roberto-nossa-geracao-precisa-aprender-a-cuidar-da-vida-e-nao-cultivar-a-morte.html\"]}]},{\"@type\":\"BreadcrumbList\",\"@id\":\"https:\/\/franciscanos.org.br\/noticias\/pe-roberto-nossa-geracao-precisa-aprender-a-cuidar-da-vida-e-nao-cultivar-a-morte.html#breadcrumb\",\"itemListElement\":[{\"@type\":\"ListItem\",\"position\":1,\"name\":\"Home\",\"item\":\"https:\/\/franciscanos.org.br\/noticias\"},{\"@type\":\"ListItem\",\"position\":2,\"name\":\"Pe. Roberto: &#8220;Nossa gera\u00e7\u00e3o precisa aprender a cuidar da vida e n\u00e3o cultivar a morte&#8221;\"}]},{\"@type\":\"Person\",\"@id\":\"https:\/\/franciscanos.org.br\/noticias\/#\/schema\/person\/b5c8cba458c330ccff548b056e95a5d4\",\"name\":\"moacir\",\"image\":{\"@type\":\"ImageObject\",\"inLanguage\":\"pt-BR\",\"@id\":\"https:\/\/franciscanos.org.br\/noticias\/#\/schema\/person\/image\/\",\"url\":\"https:\/\/secure.gravatar.com\/avatar\/d08aa2ce4c8dd416d4479aa8536fcf64?s=96&d=mm&r=g\",\"contentUrl\":\"https:\/\/secure.gravatar.com\/avatar\/d08aa2ce4c8dd416d4479aa8536fcf64?s=96&d=mm&r=g\",\"caption\":\"moacir\"},\"url\":\"https:\/\/franciscanos.org.br\/noticias\/author\/moacir\"}]}<\/script>\n<!-- \/ Yoast SEO plugin. -->","yoast_head_json":{"title":"Pe. Roberto: \"Nossa gera\u00e7\u00e3o precisa aprender a cuidar da vida e n\u00e3o cultivar a morte\" - Not\u00edcias - Franciscanos","robots":{"index":"index","follow":"follow","max-snippet":"max-snippet:-1","max-image-preview":"max-image-preview:large","max-video-preview":"max-video-preview:-1"},"canonical":"https:\/\/franciscanos.org.br\/noticias\/pe-roberto-nossa-geracao-precisa-aprender-a-cuidar-da-vida-e-nao-cultivar-a-morte.html","og_locale":"pt_BR","og_type":"article","og_title":"Pe. Roberto: \"Nossa gera\u00e7\u00e3o precisa aprender a cuidar da vida e n\u00e3o cultivar a morte\" - Not\u00edcias - Franciscanos","og_description":"Quinto dia do Oitav\u00e1rio da Festa da Penha","og_url":"https:\/\/franciscanos.org.br\/noticias\/pe-roberto-nossa-geracao-precisa-aprender-a-cuidar-da-vida-e-nao-cultivar-a-morte.html","og_site_name":"Not\u00edcias - Franciscanos","article_published_time":"2020-04-17T00:41:07+00:00","og_image":[{"width":800,"height":600,"url":"https:\/\/franciscanos.org.br\/noticias\/wp-content\/uploads\/2020\/04\/convento_16_2d.jpg","type":"image\/jpeg"}],"author":"moacir","twitter_card":"summary_large_image","twitter_misc":{"Escrito por":"moacir","Est. tempo de leitura":"6 minutos"},"schema":{"@context":"https:\/\/schema.org","@graph":[{"@type":"WebSite","@id":"https:\/\/franciscanos.org.br\/noticias\/#website","url":"https:\/\/franciscanos.org.br\/noticias\/","name":"Not\u00edcias - Franciscanos","description":"Prov\u00edncia Franciscana da Imaculada Concei\u00e7\u00e3o do Brasil - Ordem dos Frades Menores - OFM","potentialAction":[{"@type":"SearchAction","target":{"@type":"EntryPoint","urlTemplate":"https:\/\/franciscanos.org.br\/noticias\/?s={search_term_string}"},"query-input":"required name=search_term_string"}],"inLanguage":"pt-BR"},{"@type":"ImageObject","inLanguage":"pt-BR","@id":"https:\/\/franciscanos.org.br\/noticias\/pe-roberto-nossa-geracao-precisa-aprender-a-cuidar-da-vida-e-nao-cultivar-a-morte.html#primaryimage","url":"https:\/\/franciscanos.org.br\/noticias\/wp-content\/uploads\/2020\/04\/convento_16_2d.jpg","contentUrl":"https:\/\/franciscanos.org.br\/noticias\/wp-content\/uploads\/2020\/04\/convento_16_2d.jpg","width":800,"height":600},{"@type":"WebPage","@id":"https:\/\/franciscanos.org.br\/noticias\/pe-roberto-nossa-geracao-precisa-aprender-a-cuidar-da-vida-e-nao-cultivar-a-morte.html#webpage","url":"https:\/\/franciscanos.org.br\/noticias\/pe-roberto-nossa-geracao-precisa-aprender-a-cuidar-da-vida-e-nao-cultivar-a-morte.html","name":"Pe. Roberto: \"Nossa gera\u00e7\u00e3o precisa aprender a cuidar da vida e n\u00e3o cultivar a morte\" - Not\u00edcias - Franciscanos","isPartOf":{"@id":"https:\/\/franciscanos.org.br\/noticias\/#website"},"primaryImageOfPage":{"@id":"https:\/\/franciscanos.org.br\/noticias\/pe-roberto-nossa-geracao-precisa-aprender-a-cuidar-da-vida-e-nao-cultivar-a-morte.html#primaryimage"},"datePublished":"2020-04-17T00:41:07+00:00","dateModified":"2020-04-17T00:41:07+00:00","author":{"@id":"https:\/\/franciscanos.org.br\/noticias\/#\/schema\/person\/b5c8cba458c330ccff548b056e95a5d4"},"breadcrumb":{"@id":"https:\/\/franciscanos.org.br\/noticias\/pe-roberto-nossa-geracao-precisa-aprender-a-cuidar-da-vida-e-nao-cultivar-a-morte.html#breadcrumb"},"inLanguage":"pt-BR","potentialAction":[{"@type":"ReadAction","target":["https:\/\/franciscanos.org.br\/noticias\/pe-roberto-nossa-geracao-precisa-aprender-a-cuidar-da-vida-e-nao-cultivar-a-morte.html"]}]},{"@type":"BreadcrumbList","@id":"https:\/\/franciscanos.org.br\/noticias\/pe-roberto-nossa-geracao-precisa-aprender-a-cuidar-da-vida-e-nao-cultivar-a-morte.html#breadcrumb","itemListElement":[{"@type":"ListItem","position":1,"name":"Home","item":"https:\/\/franciscanos.org.br\/noticias"},{"@type":"ListItem","position":2,"name":"Pe. Roberto: &#8220;Nossa gera\u00e7\u00e3o precisa aprender a cuidar da vida e n\u00e3o cultivar a morte&#8221;"}]},{"@type":"Person","@id":"https:\/\/franciscanos.org.br\/noticias\/#\/schema\/person\/b5c8cba458c330ccff548b056e95a5d4","name":"moacir","image":{"@type":"ImageObject","inLanguage":"pt-BR","@id":"https:\/\/franciscanos.org.br\/noticias\/#\/schema\/person\/image\/","url":"https:\/\/secure.gravatar.com\/avatar\/d08aa2ce4c8dd416d4479aa8536fcf64?s=96&d=mm&r=g","contentUrl":"https:\/\/secure.gravatar.com\/avatar\/d08aa2ce4c8dd416d4479aa8536fcf64?s=96&d=mm&r=g","caption":"moacir"},"url":"https:\/\/franciscanos.org.br\/noticias\/author\/moacir"}]}},"_links":{"self":[{"href":"https:\/\/franciscanos.org.br\/noticias\/wp-json\/wp\/v2\/posts\/223199"}],"collection":[{"href":"https:\/\/franciscanos.org.br\/noticias\/wp-json\/wp\/v2\/posts"}],"about":[{"href":"https:\/\/franciscanos.org.br\/noticias\/wp-json\/wp\/v2\/types\/post"}],"author":[{"embeddable":true,"href":"https:\/\/franciscanos.org.br\/noticias\/wp-json\/wp\/v2\/users\/3"}],"replies":[{"embeddable":true,"href":"https:\/\/franciscanos.org.br\/noticias\/wp-json\/wp\/v2\/comments?post=223199"}],"version-history":[{"count":1,"href":"https:\/\/franciscanos.org.br\/noticias\/wp-json\/wp\/v2\/posts\/223199\/revisions"}],"predecessor-version":[{"id":223206,"href":"https:\/\/franciscanos.org.br\/noticias\/wp-json\/wp\/v2\/posts\/223199\/revisions\/223206"}],"wp:featuredmedia":[{"embeddable":true,"href":"https:\/\/franciscanos.org.br\/noticias\/wp-json\/wp\/v2\/media\/223202"}],"wp:attachment":[{"href":"https:\/\/franciscanos.org.br\/noticias\/wp-json\/wp\/v2\/media?parent=223199"}],"wp:term":[{"taxonomy":"category","embeddable":true,"href":"https:\/\/franciscanos.org.br\/noticias\/wp-json\/wp\/v2\/categories?post=223199"},{"taxonomy":"post_tag","embeddable":true,"href":"https:\/\/franciscanos.org.br\/noticias\/wp-json\/wp\/v2\/tags?post=223199"}],"curies":[{"name":"wp","href":"https:\/\/api.w.org\/{rel}","templated":true}]}}