{"id":223195,"date":"2020-04-16T09:12:14","date_gmt":"2020-04-16T12:12:14","guid":{"rendered":"https:\/\/franciscanos.org.br\/noticias\/?p=223195"},"modified":"2020-04-16T09:12:14","modified_gmt":"2020-04-16T12:12:14","slug":"exposicao-450-anos-da-festa-da-penha-pode-ser-vista-em-catalogo-virtual","status":"publish","type":"post","link":"https:\/\/franciscanos.org.br\/noticias\/exposicao-450-anos-da-festa-da-penha-pode-ser-vista-em-catalogo-virtual.html","title":{"rendered":"Exposi\u00e7\u00e3o \u201c450 anos da Festa da Penha\u201d pode ser vista em cat\u00e1logo virtual"},"content":{"rendered":"<p><img loading=\"lazy\" class=\"alignnone size-full wp-image-223196\" src=\"https:\/\/franciscanos.org.br\/noticias\/wp-content\/uploads\/2020\/04\/penha_catalogo.jpg\" alt=\"\" width=\"990\" height=\"599\" srcset=\"https:\/\/franciscanos.org.br\/noticias\/wp-content\/uploads\/2020\/04\/penha_catalogo.jpg 990w, https:\/\/franciscanos.org.br\/noticias\/wp-content\/uploads\/2020\/04\/penha_catalogo-450x272.jpg 450w, https:\/\/franciscanos.org.br\/noticias\/wp-content\/uploads\/2020\/04\/penha_catalogo-768x465.jpg 768w, https:\/\/franciscanos.org.br\/noticias\/wp-content\/uploads\/2020\/04\/penha_catalogo-150x91.jpg 150w\" sizes=\"(max-width: 990px) 100vw, 990px\" \/><\/p>\n<p>A Exposi\u00e7\u00e3o \u201c450 Anos da Festa da Penha\u201d, organizada pelo Sindicato dos Artistas Pl\u00e1sticos do Esp\u00edrito Santo e que re\u00fane obras de 80 artistas capixabas, de Minas Gerais, Rio de Janeiro, S\u00e3o Paulo, Bahia, Amazonas e outros estados em todo o Brasil, est\u00e1 dispon\u00edvel em cat\u00e1logo virtual.<\/p>\n<p>\u201cAs obras t\u00eam t\u00e9cnicas e conceitos variados como pintura, desenhos, mosaicos, fotografias, bordados e objetos. Todos abordam, de alguma maneira, temas relacionados \u00e0 Festa da Penha\u201d, explica o artista pl\u00e1stico Celso Adolfo.<\/p>\n<p>A exposi\u00e7\u00e3o aconteceria na galeria Virginia Tamanini em abril, mas foi transformada em um cat\u00e1logo, assinado por Last\u00eanio Scopel, dispon\u00edvel abaixo ou no Instagram da galeria: @galeriavirginiatamanini.<\/p>\n<p>As obras est\u00e3o \u00e0 venda. Quem tiver interesse \u00e9 s\u00f3 entrar em contato diretamente com o artista.<\/p>\n<h3><a href=\"https:\/\/franciscanos.org.br\/banca\/festa-da-penha-exposicao-virtual.html\">CONFIRA AQUI O CAT\u00c1LOGO VIRTUAL<\/a><\/h3>\n","protected":false},"excerpt":{"rendered":"<p>450\u00aa Festa da Penha<\/p>\n","protected":false},"author":3,"featured_media":223197,"comment_status":"open","ping_status":"open","sticky":false,"template":"","format":"standard","meta":[],"categories":[1],"tags":[245],"acf":[],"yoast_head":"<!-- This site is optimized with the Yoast SEO plugin v19.2 - https:\/\/yoast.com\/wordpress\/plugins\/seo\/ -->\n<title>Exposi\u00e7\u00e3o \u201c450 anos da Festa da Penha\u201d pode ser vista em cat\u00e1logo virtual - Not\u00edcias - Franciscanos<\/title>\n<meta name=\"robots\" content=\"index, follow, max-snippet:-1, max-image-preview:large, max-video-preview:-1\" \/>\n<link rel=\"canonical\" href=\"https:\/\/franciscanos.org.br\/noticias\/exposicao-450-anos-da-festa-da-penha-pode-ser-vista-em-catalogo-virtual.html\" \/>\n<meta property=\"og:locale\" content=\"pt_BR\" \/>\n<meta property=\"og:type\" content=\"article\" \/>\n<meta property=\"og:title\" content=\"Exposi\u00e7\u00e3o \u201c450 anos da Festa da Penha\u201d pode ser vista em cat\u00e1logo virtual - Not\u00edcias - Franciscanos\" \/>\n<meta property=\"og:description\" content=\"450\u00aa Festa da Penha\" \/>\n<meta property=\"og:url\" content=\"https:\/\/franciscanos.org.br\/noticias\/exposicao-450-anos-da-festa-da-penha-pode-ser-vista-em-catalogo-virtual.html\" \/>\n<meta property=\"og:site_name\" content=\"Not\u00edcias - Franciscanos\" \/>\n<meta property=\"article:published_time\" content=\"2020-04-16T12:12:14+00:00\" \/>\n<meta property=\"og:image\" content=\"https:\/\/franciscanos.org.br\/noticias\/wp-content\/uploads\/2020\/04\/festa_16.jpg\" \/>\n\t<meta property=\"og:image:width\" content=\"800\" \/>\n\t<meta property=\"og:image:height\" content=\"601\" \/>\n\t<meta property=\"og:image:type\" content=\"image\/jpeg\" \/>\n<meta name=\"author\" content=\"moacir\" \/>\n<meta name=\"twitter:card\" content=\"summary_large_image\" \/>\n<meta name=\"twitter:label1\" content=\"Escrito por\" \/>\n\t<meta name=\"twitter:data1\" content=\"moacir\" \/>\n\t<meta name=\"twitter:label2\" content=\"Est. tempo de leitura\" \/>\n\t<meta name=\"twitter:data2\" content=\"1 minuto\" \/>\n<script type=\"application\/ld+json\" class=\"yoast-schema-graph\">{\"@context\":\"https:\/\/schema.org\",\"@graph\":[{\"@type\":\"WebSite\",\"@id\":\"https:\/\/franciscanos.org.br\/noticias\/#website\",\"url\":\"https:\/\/franciscanos.org.br\/noticias\/\",\"name\":\"Not\u00edcias - Franciscanos\",\"description\":\"Prov\u00edncia Franciscana da Imaculada Concei\u00e7\u00e3o do Brasil - Ordem dos Frades Menores - OFM\",\"potentialAction\":[{\"@type\":\"SearchAction\",\"target\":{\"@type\":\"EntryPoint\",\"urlTemplate\":\"https:\/\/franciscanos.org.br\/noticias\/?s={search_term_string}\"},\"query-input\":\"required name=search_term_string\"}],\"inLanguage\":\"pt-BR\"},{\"@type\":\"ImageObject\",\"inLanguage\":\"pt-BR\",\"@id\":\"https:\/\/franciscanos.org.br\/noticias\/exposicao-450-anos-da-festa-da-penha-pode-ser-vista-em-catalogo-virtual.html#primaryimage\",\"url\":\"https:\/\/franciscanos.org.br\/noticias\/wp-content\/uploads\/2020\/04\/festa_16.jpg\",\"contentUrl\":\"https:\/\/franciscanos.org.br\/noticias\/wp-content\/uploads\/2020\/04\/festa_16.jpg\",\"width\":800,\"height\":601},{\"@type\":\"WebPage\",\"@id\":\"https:\/\/franciscanos.org.br\/noticias\/exposicao-450-anos-da-festa-da-penha-pode-ser-vista-em-catalogo-virtual.html#webpage\",\"url\":\"https:\/\/franciscanos.org.br\/noticias\/exposicao-450-anos-da-festa-da-penha-pode-ser-vista-em-catalogo-virtual.html\",\"name\":\"Exposi\u00e7\u00e3o \u201c450 anos da Festa da Penha\u201d pode ser vista em cat\u00e1logo virtual - Not\u00edcias - Franciscanos\",\"isPartOf\":{\"@id\":\"https:\/\/franciscanos.org.br\/noticias\/#website\"},\"primaryImageOfPage\":{\"@id\":\"https:\/\/franciscanos.org.br\/noticias\/exposicao-450-anos-da-festa-da-penha-pode-ser-vista-em-catalogo-virtual.html#primaryimage\"},\"datePublished\":\"2020-04-16T12:12:14+00:00\",\"dateModified\":\"2020-04-16T12:12:14+00:00\",\"author\":{\"@id\":\"https:\/\/franciscanos.org.br\/noticias\/#\/schema\/person\/b5c8cba458c330ccff548b056e95a5d4\"},\"breadcrumb\":{\"@id\":\"https:\/\/franciscanos.org.br\/noticias\/exposicao-450-anos-da-festa-da-penha-pode-ser-vista-em-catalogo-virtual.html#breadcrumb\"},\"inLanguage\":\"pt-BR\",\"potentialAction\":[{\"@type\":\"ReadAction\",\"target\":[\"https:\/\/franciscanos.org.br\/noticias\/exposicao-450-anos-da-festa-da-penha-pode-ser-vista-em-catalogo-virtual.html\"]}]},{\"@type\":\"BreadcrumbList\",\"@id\":\"https:\/\/franciscanos.org.br\/noticias\/exposicao-450-anos-da-festa-da-penha-pode-ser-vista-em-catalogo-virtual.html#breadcrumb\",\"itemListElement\":[{\"@type\":\"ListItem\",\"position\":1,\"name\":\"Home\",\"item\":\"https:\/\/franciscanos.org.br\/noticias\"},{\"@type\":\"ListItem\",\"position\":2,\"name\":\"Exposi\u00e7\u00e3o \u201c450 anos da Festa da Penha\u201d pode ser vista em cat\u00e1logo virtual\"}]},{\"@type\":\"Person\",\"@id\":\"https:\/\/franciscanos.org.br\/noticias\/#\/schema\/person\/b5c8cba458c330ccff548b056e95a5d4\",\"name\":\"moacir\",\"image\":{\"@type\":\"ImageObject\",\"inLanguage\":\"pt-BR\",\"@id\":\"https:\/\/franciscanos.org.br\/noticias\/#\/schema\/person\/image\/\",\"url\":\"https:\/\/secure.gravatar.com\/avatar\/d08aa2ce4c8dd416d4479aa8536fcf64?s=96&d=mm&r=g\",\"contentUrl\":\"https:\/\/secure.gravatar.com\/avatar\/d08aa2ce4c8dd416d4479aa8536fcf64?s=96&d=mm&r=g\",\"caption\":\"moacir\"},\"url\":\"https:\/\/franciscanos.org.br\/noticias\/author\/moacir\"}]}<\/script>\n<!-- \/ Yoast SEO plugin. -->","yoast_head_json":{"title":"Exposi\u00e7\u00e3o \u201c450 anos da Festa da Penha\u201d pode ser vista em cat\u00e1logo virtual - Not\u00edcias - Franciscanos","robots":{"index":"index","follow":"follow","max-snippet":"max-snippet:-1","max-image-preview":"max-image-preview:large","max-video-preview":"max-video-preview:-1"},"canonical":"https:\/\/franciscanos.org.br\/noticias\/exposicao-450-anos-da-festa-da-penha-pode-ser-vista-em-catalogo-virtual.html","og_locale":"pt_BR","og_type":"article","og_title":"Exposi\u00e7\u00e3o \u201c450 anos da Festa da Penha\u201d pode ser vista em cat\u00e1logo virtual - Not\u00edcias - Franciscanos","og_description":"450\u00aa Festa da Penha","og_url":"https:\/\/franciscanos.org.br\/noticias\/exposicao-450-anos-da-festa-da-penha-pode-ser-vista-em-catalogo-virtual.html","og_site_name":"Not\u00edcias - Franciscanos","article_published_time":"2020-04-16T12:12:14+00:00","og_image":[{"width":800,"height":601,"url":"https:\/\/franciscanos.org.br\/noticias\/wp-content\/uploads\/2020\/04\/festa_16.jpg","type":"image\/jpeg"}],"author":"moacir","twitter_card":"summary_large_image","twitter_misc":{"Escrito por":"moacir","Est. tempo de leitura":"1 minuto"},"schema":{"@context":"https:\/\/schema.org","@graph":[{"@type":"WebSite","@id":"https:\/\/franciscanos.org.br\/noticias\/#website","url":"https:\/\/franciscanos.org.br\/noticias\/","name":"Not\u00edcias - Franciscanos","description":"Prov\u00edncia Franciscana da Imaculada Concei\u00e7\u00e3o do Brasil - Ordem dos Frades Menores - OFM","potentialAction":[{"@type":"SearchAction","target":{"@type":"EntryPoint","urlTemplate":"https:\/\/franciscanos.org.br\/noticias\/?s={search_term_string}"},"query-input":"required name=search_term_string"}],"inLanguage":"pt-BR"},{"@type":"ImageObject","inLanguage":"pt-BR","@id":"https:\/\/franciscanos.org.br\/noticias\/exposicao-450-anos-da-festa-da-penha-pode-ser-vista-em-catalogo-virtual.html#primaryimage","url":"https:\/\/franciscanos.org.br\/noticias\/wp-content\/uploads\/2020\/04\/festa_16.jpg","contentUrl":"https:\/\/franciscanos.org.br\/noticias\/wp-content\/uploads\/2020\/04\/festa_16.jpg","width":800,"height":601},{"@type":"WebPage","@id":"https:\/\/franciscanos.org.br\/noticias\/exposicao-450-anos-da-festa-da-penha-pode-ser-vista-em-catalogo-virtual.html#webpage","url":"https:\/\/franciscanos.org.br\/noticias\/exposicao-450-anos-da-festa-da-penha-pode-ser-vista-em-catalogo-virtual.html","name":"Exposi\u00e7\u00e3o \u201c450 anos da Festa da Penha\u201d pode ser vista em cat\u00e1logo virtual - Not\u00edcias - Franciscanos","isPartOf":{"@id":"https:\/\/franciscanos.org.br\/noticias\/#website"},"primaryImageOfPage":{"@id":"https:\/\/franciscanos.org.br\/noticias\/exposicao-450-anos-da-festa-da-penha-pode-ser-vista-em-catalogo-virtual.html#primaryimage"},"datePublished":"2020-04-16T12:12:14+00:00","dateModified":"2020-04-16T12:12:14+00:00","author":{"@id":"https:\/\/franciscanos.org.br\/noticias\/#\/schema\/person\/b5c8cba458c330ccff548b056e95a5d4"},"breadcrumb":{"@id":"https:\/\/franciscanos.org.br\/noticias\/exposicao-450-anos-da-festa-da-penha-pode-ser-vista-em-catalogo-virtual.html#breadcrumb"},"inLanguage":"pt-BR","potentialAction":[{"@type":"ReadAction","target":["https:\/\/franciscanos.org.br\/noticias\/exposicao-450-anos-da-festa-da-penha-pode-ser-vista-em-catalogo-virtual.html"]}]},{"@type":"BreadcrumbList","@id":"https:\/\/franciscanos.org.br\/noticias\/exposicao-450-anos-da-festa-da-penha-pode-ser-vista-em-catalogo-virtual.html#breadcrumb","itemListElement":[{"@type":"ListItem","position":1,"name":"Home","item":"https:\/\/franciscanos.org.br\/noticias"},{"@type":"ListItem","position":2,"name":"Exposi\u00e7\u00e3o \u201c450 anos da Festa da Penha\u201d pode ser vista em cat\u00e1logo virtual"}]},{"@type":"Person","@id":"https:\/\/franciscanos.org.br\/noticias\/#\/schema\/person\/b5c8cba458c330ccff548b056e95a5d4","name":"moacir","image":{"@type":"ImageObject","inLanguage":"pt-BR","@id":"https:\/\/franciscanos.org.br\/noticias\/#\/schema\/person\/image\/","url":"https:\/\/secure.gravatar.com\/avatar\/d08aa2ce4c8dd416d4479aa8536fcf64?s=96&d=mm&r=g","contentUrl":"https:\/\/secure.gravatar.com\/avatar\/d08aa2ce4c8dd416d4479aa8536fcf64?s=96&d=mm&r=g","caption":"moacir"},"url":"https:\/\/franciscanos.org.br\/noticias\/author\/moacir"}]}},"_links":{"self":[{"href":"https:\/\/franciscanos.org.br\/noticias\/wp-json\/wp\/v2\/posts\/223195"}],"collection":[{"href":"https:\/\/franciscanos.org.br\/noticias\/wp-json\/wp\/v2\/posts"}],"about":[{"href":"https:\/\/franciscanos.org.br\/noticias\/wp-json\/wp\/v2\/types\/post"}],"author":[{"embeddable":true,"href":"https:\/\/franciscanos.org.br\/noticias\/wp-json\/wp\/v2\/users\/3"}],"replies":[{"embeddable":true,"href":"https:\/\/franciscanos.org.br\/noticias\/wp-json\/wp\/v2\/comments?post=223195"}],"version-history":[{"count":1,"href":"https:\/\/franciscanos.org.br\/noticias\/wp-json\/wp\/v2\/posts\/223195\/revisions"}],"predecessor-version":[{"id":223198,"href":"https:\/\/franciscanos.org.br\/noticias\/wp-json\/wp\/v2\/posts\/223195\/revisions\/223198"}],"wp:featuredmedia":[{"embeddable":true,"href":"https:\/\/franciscanos.org.br\/noticias\/wp-json\/wp\/v2\/media\/223197"}],"wp:attachment":[{"href":"https:\/\/franciscanos.org.br\/noticias\/wp-json\/wp\/v2\/media?parent=223195"}],"wp:term":[{"taxonomy":"category","embeddable":true,"href":"https:\/\/franciscanos.org.br\/noticias\/wp-json\/wp\/v2\/categories?post=223195"},{"taxonomy":"post_tag","embeddable":true,"href":"https:\/\/franciscanos.org.br\/noticias\/wp-json\/wp\/v2\/tags?post=223195"}],"curies":[{"name":"wp","href":"https:\/\/api.w.org\/{rel}","templated":true}]}}