{"id":223189,"date":"2020-04-16T06:40:32","date_gmt":"2020-04-16T09:40:32","guid":{"rendered":"https:\/\/franciscanos.org.br\/noticias\/?p=223189"},"modified":"2020-06-06T11:46:56","modified_gmt":"2020-06-06T14:46:56","slug":"papa-reza-pelos-farmaceuticos-obrigado-pela-ajuda-que-dao-aos-doentes","status":"publish","type":"post","link":"https:\/\/franciscanos.org.br\/noticias\/papa-reza-pelos-farmaceuticos-obrigado-pela-ajuda-que-dao-aos-doentes.html","title":{"rendered":"Papa reza pelos farmac\u00eauticos: obrigado pela ajuda que d\u00e3o aos doentes!"},"content":{"rendered":"<p><img loading=\"lazy\" class=\"alignnone size-full wp-image-223190\" src=\"https:\/\/franciscanos.org.br\/noticias\/wp-content\/uploads\/2020\/04\/marta_1604.jpg\" alt=\"\" width=\"1280\" height=\"729\" srcset=\"https:\/\/franciscanos.org.br\/noticias\/wp-content\/uploads\/2020\/04\/marta_1604.jpg 1280w, https:\/\/franciscanos.org.br\/noticias\/wp-content\/uploads\/2020\/04\/marta_1604-450x256.jpg 450w, https:\/\/franciscanos.org.br\/noticias\/wp-content\/uploads\/2020\/04\/marta_1604-1024x583.jpg 1024w, https:\/\/franciscanos.org.br\/noticias\/wp-content\/uploads\/2020\/04\/marta_1604-768x437.jpg 768w, https:\/\/franciscanos.org.br\/noticias\/wp-content\/uploads\/2020\/04\/marta_1604-150x85.jpg 150w\" sizes=\"(max-width: 1280px) 100vw, 1280px\" \/><\/p>\n<p><strong>Cidade do Vaticano<\/strong> &#8211; O Papa presidiu a Missa na Capela da Casa Santa Marta, no Vaticano, na manh\u00e3 desta quinta-feira (16\/04) da Oitava da P\u00e1scoa. Na introdu\u00e7\u00e3o, Francisco dirigiu seu pensamento aos farmac\u00eauticos: &#8220;Nestes dias me reclamaram porque me esqueci de agradecer a um grupo de pessoas que tamb\u00e9m trabalha\u2026 Agradeci aos m\u00e9dicos, enfermeiros, volunt\u00e1rios\u2026 \u201cMas o senhor se esqueceu dos farmac\u00eauticos\u201d: tamb\u00e9m eles trabalham muito para ajudar os doentes a sair da enfermidade. Rezemos tamb\u00e9m por eles&#8221;.<\/p>\n<p>Na homilia, Francisco comentou o Evangelho do dia (Lc 24,35-48) em que Jesus ressuscitado aparece aos disc\u00edpulos, assustados e cheios de medo, porque pensavam que estavam vendo um fantasma, e lhes abre a intelig\u00eancia para entenderem as Escrituras. E pela alegria n\u00e3o conseguiam acreditar. Ser repletos de alegria \u2013 ressaltou o Papa \u2013 \u00e9 a experi\u00eancia mais alta da consola\u00e7\u00e3o. \u00c9 a plenitude da presen\u00e7a do Senhor, \u00e9 o fruto do Esp\u00edrito Santo, \u00e9 uma gra\u00e7a. Citou a Exorta\u00e7\u00e3o apost\u00f3lica de Paulo VI <em>\u201cEvangelii nuntiandi\u201d<\/em> que fala de evangelizadores alegres. A grande for\u00e7a que temos para pregar o Evangelho, e seguir avante como testemunhas de vida, \u00e9 a alegria do Senhor, que \u00e9 fruto do Esp\u00edrito Santo. A seguir, o texto da homilia transcrita pelo<em> Vatican News:<\/em><\/p>\n<p>Nestes dias, em Jerusal\u00e9m, as pessoas tinham muitos sentimentos: o medo, o espanto, a d\u00favida. \u201cNaqueles dias, enquanto o coxo curado n\u00e3o deixava mais Pedro e Jo\u00e3o, todo o povo, fora de si pelo espanto\u2026\u201d: h\u00e1 um ambiente n\u00e3o tranquilo porque aconteciam coisas que n\u00e3o se entendia. O Senhor apareceu a seus disc\u00edpulos. Tamb\u00e9m eles j\u00e1 sabiam que tinha ressuscitado, inclusive Pedro o sabia porque tinha falado com Ele naquela manh\u00e3. Esses dois que tinham retornado de Ema\u00fas o sabiam, mas quando o Senhor apareceu se assustaram. \u201cAssustados e cheios de medo, pensando que estavam vendo um fantasma\u201d; a mesma experi\u00eancia que tiveram no lago, quando Jesus veio caminhando sobre as \u00e1guas. Mas naquele tempo Pedro, tomando coragem, apostou no Senhor, disse: \u201cSe \u00e9s tu, faze-me caminhar sobre as \u00e1guas\u201d. Este dia Pedro estava calado, tinha falado com o Senhor, naquela manh\u00e3, e daquele di\u00e1logo ningu\u00e9m sabe o que foi dito entre eles e por isso estava calado. Mas estavam cheio de medo, assustados, acreditavam ver um fantasma. E diz: \u201cPor que estais preocupados, e porque tendes d\u00favidas no cora\u00e7\u00e3o? Vede minhas m\u00e3os e meus p\u00e9s&#8230;\u201d, mostra-lhes as chagas. Aquele tesouro de Jesus que Ele levou para o C\u00e9u a fim de mostr\u00e1-lo ao Pai e interceder por n\u00f3s. \u201cTocai em mim e vede! Um fantasma n\u00e3o tem carne, nem ossos\u201d.<\/p>\n<p>E depois vem uma frase que me d\u00e1 muita consola\u00e7\u00e3o e, por isso, esta passagem do Evangelho \u00e9 uma das minhas preferidas: \u201cMas eles n\u00e3o podiam acreditar, porque estavam muito alegres\u201d, ainda e estavam repletos de surpresa, a alegria os impedia de acreditar. Era tamanha aquela alegria que \u201cn\u00e3o, isso n\u00e3o pode ser verdade. Essa alegria n\u00e3o \u00e9 real, \u00e9 demasiada alegria\u201d. E isso os impedia de acreditar. A alegria. Os momentos de grande alegria. Estavam repletos de alegria, mas paralisados pela alegria. E a alegria \u00e9 um dos votos que Paulo faz aos seus de Roma: \u201cQue o Deus da esperan\u00e7a vos torne repletos de alegria\u201d, lhes diz. Encher de alegria, ser repletos de alegria. \u00c9 a experi\u00eancia da mais alta consola\u00e7\u00e3o, quando o Senhor nos faz entender que isso \u00e9 diferente do estar alegre, positivo, luminoso&#8230; N\u00e3o, \u00e9 outra coisa. Ser alegre, mas repleto de alegria, uma alegria transbordante que verdadeiramente nos invade. E por isso Paulo lhes deseja que \u201co Deus da esperan\u00e7a vos torne repletos de alegria\u201d, aos Romanos.<\/p>\n<p>E aquela palavra, aquela express\u00e3o, encher de alegria \u00e9 repetida, muitas, muitas vezes. Por exemplo, quando se d\u00e1 no c\u00e1rcere e Pedro salva a vida do carcereiro que estava para suicidar-se porque as portas se abriram com o terremoto e depois lhe anuncia o Evangelho, o batiza, e o carcereiro , diz a B\u00edblia, estava \u201crepleto de alegria\u201d por ter acreditado. O mesmo acontece com o ministro da economia de Candace, quando Filipe o batizou, desapareceu, ele seguiu seu caminho \u201crepleto de alegria\u201d. O mesmo acontece no dia da Ascens\u00e3o: os disc\u00edpulos voltaram para Jerusal\u00e9m, diz a B\u00edblia \u201ccheios de alegria\u201d. \u00c9 a plenitude da consola\u00e7\u00e3o, a plenitude da presen\u00e7a do Senhor. Porque, como Paulo diz aos G\u00e1latas, \u201ca alegria \u00e9 o fruto do Esp\u00edrito Santo\u201d, n\u00e3o \u00e9 a consequ\u00eancia de emo\u00e7\u00f5es que nascem por uma coisa maravilhosa&#8230; N\u00e3o, \u00e9 mais que isso. Esta alegria, esta que nos toma \u00e9 o fruto do Esp\u00edrito Santo. Sem o Esp\u00edrito n\u00e3o se pode ter esta alegria. \u00c9 uma gra\u00e7a receber a alegria do Esp\u00edrito.<\/p>\n<p>Veem-me \u00e0 mente os \u00faltimos n\u00fameros, os \u00faltimos par\u00e1grafos da Exorta\u00e7\u00e3o <em>Evangelii nuntiandi<\/em> de Paulo VI, quando fala dos crist\u00e3os alegres, dos evangelizadores alegres, e n\u00e3o daqueles que vivem sempre tristonhos. Hoje \u00e9 um dia bonito para l\u00ea-los. Repletos de alegria. \u00c9 isso que a B\u00edblia nos diz: \u201cMas eles ainda n\u00e3o podiam acreditar, porque estavam muito alegres&#8230;\u201d, era tanta que n\u00e3o acreditavam.<\/p>\n<p>H\u00e1 uma passagem do livro de Neemias que nos ajudar\u00e1 hoje nesta reflex\u00e3o sobre a alegria. O povo tendo voltado para Jerusal\u00e9m reencontrou o livro da Lei, foi descoberto novamente \u2013 porque eles sabiam a Lei de cor, n\u00e3o encontravam o livro da Lei \u2013, grande festa e todo o povo se reuniu para ouvir o sacerdote. Esdras que lia o livro da Lei. O povo comovido chorava, chorava de alegria porque tinha encontrado o livro da Lei e chorava, estava alegre, o choro&#8230; Quando o sacerdote Esdras terminou, Neemias disse ao povo: \u201cEstejam tranquilos, agora n\u00e3o chorem mais, conservem a alegria, porque a alegria no Senhor \u00e9 a for\u00e7a de voc\u00eas\u201d.<\/p>\n<p>Esta palavra do livro de Neemias nos ajudar\u00e1 hoje. A grande for\u00e7a que temos para transformar, para pregar o Evangelho, para seguir adiante como testemunhas de vida \u00e9 a alegria do Senhor que \u00e9 fruto do Esp\u00edrito Santo, e hoje pe\u00e7amos a Ele que nos conceda esse fruto.<\/p>\n<p>O Santo Padre terminou a celebra\u00e7\u00e3o com a adora\u00e7\u00e3o e a b\u00ean\u00e7\u00e3o eucar\u00edstica, convidando a fazer a Comunh\u00e3o espiritual. A seguir, a ora\u00e7\u00e3o recitada pelo Papa:<\/p>\n<p>Meu Jesus, eu creio que estais presente no Sant\u00edssimo Sacramento do Altar. Amo-vos sobre todas as coisas, e minha alma suspira por V\u00f3s. Mas, como n\u00e3o posso receber-Vos agora no Sant\u00edssimo Sacramento, vinde, ao menos espiritualmente, a meu cora\u00e7\u00e3o. Abra\u00e7o-me convosco como se j\u00e1 estiv\u00e9sseis comigo: uno-me Convosco inteiramente. Ah! n\u00e3o permitais que torne a separar-me de V\u00f3s!<\/p>\n<p>Antes de deixar a Capela dedicada ao Esp\u00edrito Santo foi entoada a ant\u00edfona mariana \u201cRegina caeli\u201d, cantada no tempo pascal:<\/p>\n<p style=\"padding-left: 40px;\"><em>Rainha dos c\u00e9us, alegrai-vos. Aleluia!<\/em><\/p>\n<p style=\"padding-left: 40px;\"><em>Porque Aquele que merecestes trazer em vosso seio. Aleluia!<\/em><\/p>\n<p style=\"padding-left: 40px;\"><em>Ressuscitou como disse. Aleluia!<\/em><\/p>\n<p style=\"padding-left: 40px;\"><em>Rogai por n\u00f3s a Deus. Aleluia!<\/em><\/p>\n<p style=\"padding-left: 40px;\"><em>D.\/ Alegrai-vos e exultai, \u00f3 Virgem Maria. Aleluia!<\/em><\/p>\n<p style=\"padding-left: 40px;\"><em>C.\/ Porque o Senhor ressuscitou, verdadeiramente. Aleluia!<\/em><\/p>\n<hr \/>\n<h3>Papa Francisco forma Comiss\u00e3o especial para o Covid-19<\/h3>\n<p>No dia 20 de mar\u00e7o de 2020, o Papa Francisco solicitou ao Dicast\u00e9rio para o Servi\u00e7o do Desenvolvimento Humano Integral (DSDHI), a forma\u00e7\u00e3o de uma Comiss\u00e3o, em colabora\u00e7\u00e3o com outros Dicast\u00e9rios da C\u00faria Romana, para exprimir a solicitude e o amor da Igreja pela fam\u00edlia humana diante da pandemia do Covid-19, principalmente mediante a an\u00e1lise e a reflex\u00e3o dos desafios socio-econ\u00f4micos e culturais do futuro e a proposta de diretrizes para enfrent\u00e1-los. Portanto, o Dicast\u00e9rio instituiu uma Comiss\u00e3o formada por cinco Grupos de trabalho:<\/p>\n<p>O Grupo de trabalho 1, coordenado pelo DSDHI, \u00e9 dedicado \u00e0 escuta e ao apoio das Igrejas locais, em um servi\u00e7o que as torne protagonistas das situa\u00e7\u00f5es em que vivem, em coopera\u00e7\u00e3o com a C\u00e1ritas Internacional. O grupo tem a tarefa de colaborar positivamente com as iniciativas de caridade promovidas por outros setores da Santa S\u00e9 como a Esmolaria Apost\u00f3lica, a Congrega\u00e7\u00e3o para a Evangeliza\u00e7\u00e3o dos Povos e a Farm\u00e1cia do Vaticano.<\/p>\n<p>O Grupo de trabalho 2, coordenado pelo DSDHI, ser\u00e1 respons\u00e1vel por pesquisas e estudos da pandemia, reflex\u00f5es sobre a sociedade e sobre o mundo p\u00f3s-coronav\u00edrus, particularmente nos setores do meio ambiente, da economia, do trabalho, da sa\u00fade, da pol\u00edtica, da comunica\u00e7\u00e3o e da seguran\u00e7a. O Grupo far\u00e1 seu trabalho em conjunto com as Pontif\u00edcias Academias para a Vida e a das Ci\u00eancias, tamb\u00e9m com v\u00e1rias Organiza\u00e7\u00f5es que j\u00e1 colaboram com o DSDHI.<\/p>\n<p>O Grupo de trabalho 3, coordenado pelo Dicast\u00e9rio para a Comunica\u00e7\u00e3o, tem a tarefa de informar sobre os trabalhos dos Grupos e promover\u00e1 a comunica\u00e7\u00e3o com as Igrejas locais, ajudando-as a responder de maneira aut\u00eantica e plaus\u00edvel ao mundo p\u00f3s-coronav\u00edrus.<\/p>\n<p>O Grupo de trabalho 4, coordenado pela Se\u00e7\u00e3o para as Rela\u00e7\u00f5es com os Estados da Secretaria de Estado, apoiar\u00e1 a Santa S\u00e9 nas suas atividades e nas suas rela\u00e7\u00f5es com os pa\u00edses e Organismos internacionais comunicando-lhes os resultados da pesquisa, do di\u00e1logo e das reflex\u00f5es produzidas.<\/p>\n<p>O Grupo de trabalho 5, coordenado pelo DSDHI, \u00e9 respons\u00e1vel pelo financiamento para sustentar a assist\u00eancia da Comiss\u00e3o para o Covid-19 \u00e0s Igrejas locais e \u00e0s organiza\u00e7\u00f5es cat\u00f3licas, e a sua atividade de pesquisa, an\u00e1lise e comunica\u00e7\u00e3o.<\/p>\n<p>Os objetivos dos cinco Grupos de trabalho, apresentados ao Papa em 27 de mar\u00e7o de 2020, ser\u00e3o coordenados por uma Dire\u00e7\u00e3o que responder\u00e1 diretamente ao Santo Padre, formada pelo prefeito do DSDHI, Cardeal Peter K. A. Turkson, pelo Secret\u00e1rio Mons. Bruno-Marie Duff\u00e9 e pelo Secret\u00e1rio Adjunto, Padre Augusto Zampini.<\/p>\n<hr \/>\n<p><em>Fonte: Vatican News<\/em><\/p>\n","protected":false},"excerpt":{"rendered":"<p>Missa em Santa Marta<\/p>\n","protected":false},"author":3,"featured_media":223191,"comment_status":"open","ping_status":"open","sticky":false,"template":"","format":"standard","meta":[],"categories":[1428],"tags":[1586],"acf":[],"yoast_head":"<!-- This site is optimized with the Yoast SEO plugin v19.2 - https:\/\/yoast.com\/wordpress\/plugins\/seo\/ -->\n<title>Papa reza pelos farmac\u00eauticos: obrigado pela ajuda que d\u00e3o aos doentes! - Not\u00edcias - Franciscanos<\/title>\n<meta name=\"robots\" content=\"index, follow, max-snippet:-1, max-image-preview:large, max-video-preview:-1\" \/>\n<link rel=\"canonical\" href=\"https:\/\/franciscanos.org.br\/noticias\/papa-reza-pelos-farmaceuticos-obrigado-pela-ajuda-que-dao-aos-doentes.html\" \/>\n<meta property=\"og:locale\" content=\"pt_BR\" \/>\n<meta property=\"og:type\" content=\"article\" \/>\n<meta property=\"og:title\" content=\"Papa reza pelos farmac\u00eauticos: obrigado pela ajuda que d\u00e3o aos doentes! - Not\u00edcias - Franciscanos\" \/>\n<meta property=\"og:description\" content=\"Missa em Santa Marta\" \/>\n<meta property=\"og:url\" content=\"https:\/\/franciscanos.org.br\/noticias\/papa-reza-pelos-farmaceuticos-obrigado-pela-ajuda-que-dao-aos-doentes.html\" \/>\n<meta property=\"og:site_name\" content=\"Not\u00edcias - Franciscanos\" \/>\n<meta property=\"article:published_time\" content=\"2020-04-16T09:40:32+00:00\" \/>\n<meta property=\"article:modified_time\" content=\"2020-06-06T14:46:56+00:00\" \/>\n<meta property=\"og:image\" content=\"https:\/\/franciscanos.org.br\/noticias\/wp-content\/uploads\/2020\/04\/marta_1604d.jpg\" \/>\n\t<meta property=\"og:image:width\" content=\"800\" \/>\n\t<meta property=\"og:image:height\" content=\"600\" \/>\n\t<meta property=\"og:image:type\" content=\"image\/jpeg\" \/>\n<meta name=\"author\" content=\"moacir\" \/>\n<meta name=\"twitter:card\" content=\"summary_large_image\" \/>\n<meta name=\"twitter:label1\" content=\"Escrito por\" \/>\n\t<meta name=\"twitter:data1\" content=\"moacir\" \/>\n\t<meta name=\"twitter:label2\" content=\"Est. tempo de leitura\" \/>\n\t<meta name=\"twitter:data2\" content=\"8 minutos\" \/>\n<script type=\"application\/ld+json\" class=\"yoast-schema-graph\">{\"@context\":\"https:\/\/schema.org\",\"@graph\":[{\"@type\":\"WebSite\",\"@id\":\"https:\/\/franciscanos.org.br\/noticias\/#website\",\"url\":\"https:\/\/franciscanos.org.br\/noticias\/\",\"name\":\"Not\u00edcias - Franciscanos\",\"description\":\"Prov\u00edncia Franciscana da Imaculada Concei\u00e7\u00e3o do Brasil - Ordem dos Frades Menores - OFM\",\"potentialAction\":[{\"@type\":\"SearchAction\",\"target\":{\"@type\":\"EntryPoint\",\"urlTemplate\":\"https:\/\/franciscanos.org.br\/noticias\/?s={search_term_string}\"},\"query-input\":\"required name=search_term_string\"}],\"inLanguage\":\"pt-BR\"},{\"@type\":\"ImageObject\",\"inLanguage\":\"pt-BR\",\"@id\":\"https:\/\/franciscanos.org.br\/noticias\/papa-reza-pelos-farmaceuticos-obrigado-pela-ajuda-que-dao-aos-doentes.html#primaryimage\",\"url\":\"https:\/\/franciscanos.org.br\/noticias\/wp-content\/uploads\/2020\/04\/marta_1604d.jpg\",\"contentUrl\":\"https:\/\/franciscanos.org.br\/noticias\/wp-content\/uploads\/2020\/04\/marta_1604d.jpg\",\"width\":800,\"height\":600},{\"@type\":\"WebPage\",\"@id\":\"https:\/\/franciscanos.org.br\/noticias\/papa-reza-pelos-farmaceuticos-obrigado-pela-ajuda-que-dao-aos-doentes.html#webpage\",\"url\":\"https:\/\/franciscanos.org.br\/noticias\/papa-reza-pelos-farmaceuticos-obrigado-pela-ajuda-que-dao-aos-doentes.html\",\"name\":\"Papa reza pelos farmac\u00eauticos: obrigado pela ajuda que d\u00e3o aos doentes! - Not\u00edcias - Franciscanos\",\"isPartOf\":{\"@id\":\"https:\/\/franciscanos.org.br\/noticias\/#website\"},\"primaryImageOfPage\":{\"@id\":\"https:\/\/franciscanos.org.br\/noticias\/papa-reza-pelos-farmaceuticos-obrigado-pela-ajuda-que-dao-aos-doentes.html#primaryimage\"},\"datePublished\":\"2020-04-16T09:40:32+00:00\",\"dateModified\":\"2020-06-06T14:46:56+00:00\",\"author\":{\"@id\":\"https:\/\/franciscanos.org.br\/noticias\/#\/schema\/person\/b5c8cba458c330ccff548b056e95a5d4\"},\"breadcrumb\":{\"@id\":\"https:\/\/franciscanos.org.br\/noticias\/papa-reza-pelos-farmaceuticos-obrigado-pela-ajuda-que-dao-aos-doentes.html#breadcrumb\"},\"inLanguage\":\"pt-BR\",\"potentialAction\":[{\"@type\":\"ReadAction\",\"target\":[\"https:\/\/franciscanos.org.br\/noticias\/papa-reza-pelos-farmaceuticos-obrigado-pela-ajuda-que-dao-aos-doentes.html\"]}]},{\"@type\":\"BreadcrumbList\",\"@id\":\"https:\/\/franciscanos.org.br\/noticias\/papa-reza-pelos-farmaceuticos-obrigado-pela-ajuda-que-dao-aos-doentes.html#breadcrumb\",\"itemListElement\":[{\"@type\":\"ListItem\",\"position\":1,\"name\":\"Home\",\"item\":\"https:\/\/franciscanos.org.br\/noticias\"},{\"@type\":\"ListItem\",\"position\":2,\"name\":\"Papa reza pelos farmac\u00eauticos: obrigado pela ajuda que d\u00e3o aos doentes!\"}]},{\"@type\":\"Person\",\"@id\":\"https:\/\/franciscanos.org.br\/noticias\/#\/schema\/person\/b5c8cba458c330ccff548b056e95a5d4\",\"name\":\"moacir\",\"image\":{\"@type\":\"ImageObject\",\"inLanguage\":\"pt-BR\",\"@id\":\"https:\/\/franciscanos.org.br\/noticias\/#\/schema\/person\/image\/\",\"url\":\"https:\/\/secure.gravatar.com\/avatar\/d08aa2ce4c8dd416d4479aa8536fcf64?s=96&d=mm&r=g\",\"contentUrl\":\"https:\/\/secure.gravatar.com\/avatar\/d08aa2ce4c8dd416d4479aa8536fcf64?s=96&d=mm&r=g\",\"caption\":\"moacir\"},\"url\":\"https:\/\/franciscanos.org.br\/noticias\/author\/moacir\"}]}<\/script>\n<!-- \/ Yoast SEO plugin. -->","yoast_head_json":{"title":"Papa reza pelos farmac\u00eauticos: obrigado pela ajuda que d\u00e3o aos doentes! - Not\u00edcias - Franciscanos","robots":{"index":"index","follow":"follow","max-snippet":"max-snippet:-1","max-image-preview":"max-image-preview:large","max-video-preview":"max-video-preview:-1"},"canonical":"https:\/\/franciscanos.org.br\/noticias\/papa-reza-pelos-farmaceuticos-obrigado-pela-ajuda-que-dao-aos-doentes.html","og_locale":"pt_BR","og_type":"article","og_title":"Papa reza pelos farmac\u00eauticos: obrigado pela ajuda que d\u00e3o aos doentes! - Not\u00edcias - Franciscanos","og_description":"Missa em Santa Marta","og_url":"https:\/\/franciscanos.org.br\/noticias\/papa-reza-pelos-farmaceuticos-obrigado-pela-ajuda-que-dao-aos-doentes.html","og_site_name":"Not\u00edcias - Franciscanos","article_published_time":"2020-04-16T09:40:32+00:00","article_modified_time":"2020-06-06T14:46:56+00:00","og_image":[{"width":800,"height":600,"url":"https:\/\/franciscanos.org.br\/noticias\/wp-content\/uploads\/2020\/04\/marta_1604d.jpg","type":"image\/jpeg"}],"author":"moacir","twitter_card":"summary_large_image","twitter_misc":{"Escrito por":"moacir","Est. tempo de leitura":"8 minutos"},"schema":{"@context":"https:\/\/schema.org","@graph":[{"@type":"WebSite","@id":"https:\/\/franciscanos.org.br\/noticias\/#website","url":"https:\/\/franciscanos.org.br\/noticias\/","name":"Not\u00edcias - Franciscanos","description":"Prov\u00edncia Franciscana da Imaculada Concei\u00e7\u00e3o do Brasil - Ordem dos Frades Menores - OFM","potentialAction":[{"@type":"SearchAction","target":{"@type":"EntryPoint","urlTemplate":"https:\/\/franciscanos.org.br\/noticias\/?s={search_term_string}"},"query-input":"required name=search_term_string"}],"inLanguage":"pt-BR"},{"@type":"ImageObject","inLanguage":"pt-BR","@id":"https:\/\/franciscanos.org.br\/noticias\/papa-reza-pelos-farmaceuticos-obrigado-pela-ajuda-que-dao-aos-doentes.html#primaryimage","url":"https:\/\/franciscanos.org.br\/noticias\/wp-content\/uploads\/2020\/04\/marta_1604d.jpg","contentUrl":"https:\/\/franciscanos.org.br\/noticias\/wp-content\/uploads\/2020\/04\/marta_1604d.jpg","width":800,"height":600},{"@type":"WebPage","@id":"https:\/\/franciscanos.org.br\/noticias\/papa-reza-pelos-farmaceuticos-obrigado-pela-ajuda-que-dao-aos-doentes.html#webpage","url":"https:\/\/franciscanos.org.br\/noticias\/papa-reza-pelos-farmaceuticos-obrigado-pela-ajuda-que-dao-aos-doentes.html","name":"Papa reza pelos farmac\u00eauticos: obrigado pela ajuda que d\u00e3o aos doentes! - Not\u00edcias - Franciscanos","isPartOf":{"@id":"https:\/\/franciscanos.org.br\/noticias\/#website"},"primaryImageOfPage":{"@id":"https:\/\/franciscanos.org.br\/noticias\/papa-reza-pelos-farmaceuticos-obrigado-pela-ajuda-que-dao-aos-doentes.html#primaryimage"},"datePublished":"2020-04-16T09:40:32+00:00","dateModified":"2020-06-06T14:46:56+00:00","author":{"@id":"https:\/\/franciscanos.org.br\/noticias\/#\/schema\/person\/b5c8cba458c330ccff548b056e95a5d4"},"breadcrumb":{"@id":"https:\/\/franciscanos.org.br\/noticias\/papa-reza-pelos-farmaceuticos-obrigado-pela-ajuda-que-dao-aos-doentes.html#breadcrumb"},"inLanguage":"pt-BR","potentialAction":[{"@type":"ReadAction","target":["https:\/\/franciscanos.org.br\/noticias\/papa-reza-pelos-farmaceuticos-obrigado-pela-ajuda-que-dao-aos-doentes.html"]}]},{"@type":"BreadcrumbList","@id":"https:\/\/franciscanos.org.br\/noticias\/papa-reza-pelos-farmaceuticos-obrigado-pela-ajuda-que-dao-aos-doentes.html#breadcrumb","itemListElement":[{"@type":"ListItem","position":1,"name":"Home","item":"https:\/\/franciscanos.org.br\/noticias"},{"@type":"ListItem","position":2,"name":"Papa reza pelos farmac\u00eauticos: obrigado pela ajuda que d\u00e3o aos doentes!"}]},{"@type":"Person","@id":"https:\/\/franciscanos.org.br\/noticias\/#\/schema\/person\/b5c8cba458c330ccff548b056e95a5d4","name":"moacir","image":{"@type":"ImageObject","inLanguage":"pt-BR","@id":"https:\/\/franciscanos.org.br\/noticias\/#\/schema\/person\/image\/","url":"https:\/\/secure.gravatar.com\/avatar\/d08aa2ce4c8dd416d4479aa8536fcf64?s=96&d=mm&r=g","contentUrl":"https:\/\/secure.gravatar.com\/avatar\/d08aa2ce4c8dd416d4479aa8536fcf64?s=96&d=mm&r=g","caption":"moacir"},"url":"https:\/\/franciscanos.org.br\/noticias\/author\/moacir"}]}},"_links":{"self":[{"href":"https:\/\/franciscanos.org.br\/noticias\/wp-json\/wp\/v2\/posts\/223189"}],"collection":[{"href":"https:\/\/franciscanos.org.br\/noticias\/wp-json\/wp\/v2\/posts"}],"about":[{"href":"https:\/\/franciscanos.org.br\/noticias\/wp-json\/wp\/v2\/types\/post"}],"author":[{"embeddable":true,"href":"https:\/\/franciscanos.org.br\/noticias\/wp-json\/wp\/v2\/users\/3"}],"replies":[{"embeddable":true,"href":"https:\/\/franciscanos.org.br\/noticias\/wp-json\/wp\/v2\/comments?post=223189"}],"version-history":[{"count":2,"href":"https:\/\/franciscanos.org.br\/noticias\/wp-json\/wp\/v2\/posts\/223189\/revisions"}],"predecessor-version":[{"id":224578,"href":"https:\/\/franciscanos.org.br\/noticias\/wp-json\/wp\/v2\/posts\/223189\/revisions\/224578"}],"wp:featuredmedia":[{"embeddable":true,"href":"https:\/\/franciscanos.org.br\/noticias\/wp-json\/wp\/v2\/media\/223191"}],"wp:attachment":[{"href":"https:\/\/franciscanos.org.br\/noticias\/wp-json\/wp\/v2\/media?parent=223189"}],"wp:term":[{"taxonomy":"category","embeddable":true,"href":"https:\/\/franciscanos.org.br\/noticias\/wp-json\/wp\/v2\/categories?post=223189"},{"taxonomy":"post_tag","embeddable":true,"href":"https:\/\/franciscanos.org.br\/noticias\/wp-json\/wp\/v2\/tags?post=223189"}],"curies":[{"name":"wp","href":"https:\/\/api.w.org\/{rel}","templated":true}]}}