{"id":223167,"date":"2020-04-15T06:17:52","date_gmt":"2020-04-15T09:17:52","guid":{"rendered":"https:\/\/franciscanos.org.br\/noticias\/?p=223167"},"modified":"2021-08-29T12:41:28","modified_gmt":"2021-08-29T15:41:28","slug":"francisco-a-paz-de-alguns-corresponde-a-guerra-de-outros-esta-nao-e-a-paz-de-cristo","status":"publish","type":"post","link":"https:\/\/franciscanos.org.br\/noticias\/francisco-a-paz-de-alguns-corresponde-a-guerra-de-outros-esta-nao-e-a-paz-de-cristo.html","title":{"rendered":"Francisco: a \u201cpaz\u201d de alguns corresponde \u00e0 \u201cguerra\u201d de outros. Esta n\u00e3o \u00e9 a paz de Cristo."},"content":{"rendered":"<div id=\"attachment_223168\" style=\"width: 1010px\" class=\"wp-caption alignnone\"><img aria-describedby=\"caption-attachment-223168\" loading=\"lazy\" class=\"wp-image-223168 size-full\" src=\"https:\/\/franciscanos.org.br\/noticias\/wp-content\/uploads\/2020\/04\/audiencia_15.jpeg\" alt=\"\" width=\"1000\" height=\"563\" srcset=\"https:\/\/franciscanos.org.br\/noticias\/wp-content\/uploads\/2020\/04\/audiencia_15.jpeg 1000w, https:\/\/franciscanos.org.br\/noticias\/wp-content\/uploads\/2020\/04\/audiencia_15-450x253.jpeg 450w, https:\/\/franciscanos.org.br\/noticias\/wp-content\/uploads\/2020\/04\/audiencia_15-768x432.jpeg 768w, https:\/\/franciscanos.org.br\/noticias\/wp-content\/uploads\/2020\/04\/audiencia_15-150x84.jpeg 150w\" sizes=\"(max-width: 1000px) 100vw, 1000px\" \/><p id=\"caption-attachment-223168\" class=\"wp-caption-text\">\u00a0 \u00a0 \u00a0 \u00a0 \u00a0 \u00a0 \u00a0 \u00a0 \u00a0 \u00a0 \u00a0 \u00a0 \u00a0 \u00a0 \u00a0 \u00a0 \u00a0 \u00a0 \u00a0 \u00a0 \u00a0 \u00a0 \u00a0 \u00a0 \u00a0 \u00a0 \u00a0 \u00a0 \u00a0 \u00a0 \u00a0 \u00a0 \u00a0 \u00a0 \u00a0 \u00a0 \u00a0 \u00a0 \u00a0 \u00a0 \u00a0 \u00a0 \u00a0 \u00a0 \u00a0 \u00a0 \u00a0 \u00a0 \u00a0 \u00a0 \u00a0 \u00a0 \u00a0 \u00a0 \u00a0<em> \u00a0 \u00a0 \u00a0Imagem: Vatican Media<\/em><\/p><\/div>\n<p><strong>Cidade do Vaticano<\/strong> &#8211; A catequese do Papa Francisco, desta quarta-feira (15\/04), realizada na Biblioteca Apost\u00f3lica Vaticana por causa da pandemia de coronav\u00edrus, foi dedicada \u00e0 s\u00e9tima Bem-aventuran\u00e7a: \u201cFelizes os que promovem a paz, porque ser\u00e3o chamados filhos de Deus\u201d.<\/p>\n<p>\u201cPara entender essa bem-aventuran\u00e7a, \u00e9 preciso explicar o significado da palavra \u201cpaz\u201d, que pode ser mal entendido ou banalizado\u201d, disse o Pont\u00edfice.<\/p>\n<p><strong>Duas ideias de paz<\/strong><br \/>\nSegundo Francisco, \u201cdevemos nos orientar entre duas ideias de paz: a primeira \u00e9 b\u00edblica, onde aparece a bela palavra <em>shal\u00f2m,<\/em> que expressa abund\u00e2ncia, prosperidade e bem-estar. Quando em hebraico se deseja <em>shal\u00f2m<\/em>, deseja-se uma vida bela, plena e pr\u00f3spera, mas tamb\u00e9m de acordo com a verdade e a justi\u00e7a, que ser\u00e3o cumpridas no Messias, pr\u00edncipe da paz\u201d.<\/p>\n<p>\u201cDepois, h\u00e1 outro sentido, mais difundido, em que a palavra \u201cpaz\u201d \u00e9 entendida como uma esp\u00e9cie de tranquilidade interior. Essa \u00e9 uma ideia moderna, psicol\u00f3gica e mais subjetiva\u201d, disse o Papa, acrescentando:<\/p>\n<p>Acredita-se que a paz seja calma, harmonia, equil\u00edbrio interior. Esse significado da palavra paz \u00e9 incompleto e n\u00e3o pode ser absoluto, porque a inquietude na vida pode ser um momento importante de crescimento, enquanto pode acontecer que a tranquilidade interior corresponda a uma consci\u00eancia domesticada e n\u00e3o a uma verdadeira reden\u00e7\u00e3o espiritual. Muitas vezes o Senhor deve ser um \u201csinal de contradi\u00e7\u00e3o\u201d, abalando as nossas falsas seguran\u00e7as, para nos levar \u00e0 salva\u00e7\u00e3o.<\/p>\n<p><img loading=\"lazy\" class=\"wp-image-223171 size-full aligncenter\" src=\"https:\/\/franciscanos.org.br\/noticias\/wp-content\/uploads\/2020\/04\/audiencia_15_7.jpeg\" alt=\"\" width=\"800\" height=\"533\" srcset=\"https:\/\/franciscanos.org.br\/noticias\/wp-content\/uploads\/2020\/04\/audiencia_15_7.jpeg 800w, https:\/\/franciscanos.org.br\/noticias\/wp-content\/uploads\/2020\/04\/audiencia_15_7-450x300.jpeg 450w, https:\/\/franciscanos.org.br\/noticias\/wp-content\/uploads\/2020\/04\/audiencia_15_7-768x512.jpeg 768w, https:\/\/franciscanos.org.br\/noticias\/wp-content\/uploads\/2020\/04\/audiencia_15_7-150x100.jpeg 150w\" sizes=\"(max-width: 800px) 100vw, 800px\" \/><\/p>\n<p><strong>A paz do Senhor \u00e9 diferente da paz humana<\/strong><br \/>\nFrancisco recordou que o Senhor entende sua paz como diferente da paz humana, a do mundo, quando diz: \u00abEu deixo para voc\u00eas a paz, eu lhes dou a minha paz. A paz que eu dou para voc\u00eas n\u00e3o \u00e9 a paz que o mundo d\u00e1\u00bb.<\/p>\n<p>A seguir, o Papa nos convidou a fazer a seguinte pergunta: \u201cComo o mundo d\u00e1 a paz?\u201d<\/p>\n<p>Se pensamos nos conflitos b\u00e9licos, as guerras normalmente terminam de duas maneiras: com a derrota de uma das duas partes ou com os tratados de paz. S\u00f3 podemos esperar e rezar para que esse segundo caminho possa sempre ser seguido. No entanto, devemos considerar que a hist\u00f3ria \u00e9 uma s\u00e9rie infinita de tratados de paz desmentidos por guerras sucessivas ou pela metamorfose dessas mesmas guerras em outras maneiras ou em outros lugares.<\/p>\n<p>\u201cEm nosso tempo, uma guerra \u201cem peda\u00e7os\u201d \u00e9 travada em v\u00e1rios cen\u00e1rios e de maneiras diferentes. Devemos pelo menos suspeitar que, no contexto de uma globaliza\u00e7\u00e3o composta sobretudo de interesses econ\u00f4micos, a \u201cpaz\u201d de alguns corresponde \u00e0 \u201cguerra\u201d de outros. Esta n\u00e3o \u00e9 a paz de Cristo!\u201d<\/p>\n<p>\u201cComo o Senhor Jesus d\u00e1 a sua paz?\u201d, perguntou Francisco. \u201cS\u00e3o Paulo diz que a paz de Cristo \u00e9 \u201cfazer de dois, um\u201d para cancelar a inimizade e se reconciliar. E o caminho para realizar essa obra de paz \u00e9 o seu corpo. De fato, ele reconcilia todas as coisas e d\u00e1 a paz com o sangue de sua cruz.\u201d<\/p>\n<p><img loading=\"lazy\" class=\"size-full wp-image-223172 aligncenter\" src=\"https:\/\/franciscanos.org.br\/noticias\/wp-content\/uploads\/2020\/04\/audiencia_15_8.jpeg\" alt=\"\" width=\"890\" height=\"593\" srcset=\"https:\/\/franciscanos.org.br\/noticias\/wp-content\/uploads\/2020\/04\/audiencia_15_8.jpeg 890w, https:\/\/franciscanos.org.br\/noticias\/wp-content\/uploads\/2020\/04\/audiencia_15_8-450x300.jpeg 450w, https:\/\/franciscanos.org.br\/noticias\/wp-content\/uploads\/2020\/04\/audiencia_15_8-768x512.jpeg 768w, https:\/\/franciscanos.org.br\/noticias\/wp-content\/uploads\/2020\/04\/audiencia_15_8-150x100.jpeg 150w\" sizes=\"(max-width: 890px) 100vw, 890px\" \/><\/p>\n<p><strong>Aprender a arte a paz<\/strong><br \/>\n\u201cEnt\u00e3o, quem s\u00e3o os promotores de paz?\u201d, perguntou ainda o Pont\u00edfice. &#8220;A s\u00e9tima bem-aventuran\u00e7a \u00e9 a mais ativa, explicitamente operativa. A express\u00e3o verbal \u00e9 an\u00e1loga \u00e0 usada no primeiro vers\u00edculo da B\u00edblia para cria\u00e7\u00e3o e indica iniciativa e laboriosidade.&#8221;<\/p>\n<p>\u201cO amor, por sua natureza, \u00e9 criativo e busca a reconcilia\u00e7\u00e3o a qualquer custo. Aqueles que aprenderam a arte da paz e a exercitam s\u00e3o chamados filhos de Deus, sabem que n\u00e3o h\u00e1 reconcilia\u00e7\u00e3o sem o dom da vida, e que a paz sempre deve ser buscada.\u201d<\/p>\n<p>&#8220;Esta n\u00e3o \u00e9 uma obra aut\u00f4noma fruto das pr\u00f3prias capacidades. \u00c9 uma manifesta\u00e7\u00e3o da gra\u00e7a recebida de Cristo, que nos tornou filhos de Deus.&#8221;<\/p>\n<p>O Papa concluiu sua catequese, dizendo que a verdadeira paz e o verdadeiro equil\u00edbrio interior jorram da paz de Cristo \u201cque vem de sua cruz e gera uma nova humanidade, encarnada numa infinita multid\u00e3o de santos, santas, inventivos, criativos, que delinearam sempre novas maneiras de amar. Esta vida como filhos de Deus, que buscam e encontram seus irm\u00e3os pelo sangue de Cristo, \u00e9 a verdadeira felicidade\u201d.<\/p>\n<hr \/>\n<h1><img loading=\"lazy\" class=\"size-full wp-image-223173 aligncenter\" src=\"https:\/\/franciscanos.org.br\/noticias\/wp-content\/uploads\/2020\/04\/audiencia_15_4.jpeg\" alt=\"\" width=\"800\" height=\"533\" srcset=\"https:\/\/franciscanos.org.br\/noticias\/wp-content\/uploads\/2020\/04\/audiencia_15_4.jpeg 800w, https:\/\/franciscanos.org.br\/noticias\/wp-content\/uploads\/2020\/04\/audiencia_15_4-450x300.jpeg 450w, https:\/\/franciscanos.org.br\/noticias\/wp-content\/uploads\/2020\/04\/audiencia_15_4-768x512.jpeg 768w, https:\/\/franciscanos.org.br\/noticias\/wp-content\/uploads\/2020\/04\/audiencia_15_4-150x100.jpeg 150w\" sizes=\"(max-width: 800px) 100vw, 800px\" \/><\/h1>\n<h1 class=\"article__title\">O Papa reza pelos anci\u00e3os que t\u00eam medo por causa da pandemia<\/h1>\n<div class=\"article__subTitle\" style=\"padding-left: 40px;\"><em>Na Missa na Casa Santa Marta esta quarta-feira (15\/04), Francisco rezou ao Senhor a fim de que esteja pr\u00f3ximo das pessoas anci\u00e3s isoladas ou nos abrigos de idosos neste tempo dif\u00edcil. Na homilia, recordou a fidelidade de Deus que continua caminhando com seu povo como Salvador: esta fidelidade \u00e9 alegria para todos n\u00f3s e aquece o cora\u00e7\u00e3o<\/em><\/div>\n<div class=\"article__text\">\n<hr \/>\n<p>O Papa presidiu a Missa na Casa Santa Marta, no Vaticano, na manh\u00e3 desta quarta-feira (15\/04) da Oitava da P\u00e1scoa. Na introdu\u00e7\u00e3o, Francisco dirigiu seu pensamento aos anci\u00e3os:<\/p>\n<p><i>Rezemos hoje pelos anci\u00e3os, especialmente pelos que est\u00e3o isolados ou nos abrigos de idosos. Eles t\u00eam medo, medo de morrer sozinhos. Veem esta pandemia como uma coisa agressiva para eles. Eles s\u00e3o nossas ra\u00edzes, nossa hist\u00f3ria. Eles nos deram a f\u00e9, a tradi\u00e7\u00e3o, o sentido de perten\u00e7a a uma p\u00e1tria. Rezemos por eles a fim de que o Senhor esteja pr\u00f3ximo deles neste momento.<\/i><\/p>\n<p>Na homilia, o Santo Padre comentou as\u00a0<b>leituras do dia<\/b>, extra\u00eddas dos Atos dos Ap\u00f3stolos (At 3,1-10), em que um homem, coxo de nascen\u00e7a, \u00e9 curado, atrav\u00e9s da ora\u00e7\u00e3o de Pedro, \u201cem nome de Jesus Cristo\u201d, e o Evangelho hodierno (Lc 24,13-35) em que Jesus ressuscitado caminha com os disc\u00edpulos de Ema\u00fas explicando-lhes o mist\u00e9rio da sua morte. Os dois disc\u00edpulos acolhem-No em casa reconhecendo o Senhor \u00e0 mesa ao partir o p\u00e3o. Deus \u2013 afirmou o Papa \u2013 \u00e9 fiel \u00e0 sua promessa, \u00e9 pr\u00f3ximo de seu povo, faz o povo senti-Lo como seu Salvador: a fidelidade \u00e9 festa para todos n\u00f3s, como fez com o coxo curado, \u00e9 uma fidelidade paciente e aquece o cora\u00e7\u00e3o como aconteceu com os disc\u00edpulos de Ema\u00fas. O nosso ser fi\u00e9is \u00e9 uma resposta a esta fidelidade.<\/p>\n<p><b>A seguir, o texto da homilia transcrita pelo Vatican News:<\/b><\/p>\n<p><i>Ontem refletimos sobre Maria Madalena como \u00edcone da fidelidade: a fidelidade a Deus. Mas como \u00e9 esta fidelidade a Deus? A qual Deus? Propriamente ao Deus fiel.<\/i><\/p>\n<p><i>A nossa fidelidade n\u00e3o \u00e9 nada mais que uma resposta \u00e0 fidelidade de Deus. Deus que \u00e9 fiel \u00e0 sua palavra, que \u00e9 fiel \u00e0 sua promessa, que caminha com o seu povo levando adiante a promessa pr\u00f3ximo de seu povo. Fiel \u00e0 promessa: Deus, que continuamente faz o povo senti-Lo como seu Salvador porque \u00e9 fiel \u00e0 sua promessa. Deus, que \u00e9 capaz de re-fazer as coisas, de re-criar, como fez com o coxo de nascen\u00e7a que lhe re-criou os p\u00e9s, f\u00ea-lo curar, o Deus que cura, o Deus que sempre traz uma consola\u00e7\u00e3o a seu povo. O Deus que re-cria. Uma nova re-cria\u00e7\u00e3o: essa \u00e9 a sua fidelidade conosco. Uma re-cria\u00e7\u00e3o que \u00e9 mais maravilhosa do que a cria\u00e7\u00e3o.<\/i><\/p>\n<p><i>Um Deus que segue adiante e que n\u00e3o se cansa de trabalhar \u2013 digamos \u201ctrabalhar\u201d, \u201cad instar laborantis\u201d, como dizem os te\u00f3logos \u2013 para levar o povo adiante, e n\u00e3o tem medo de \u201ccansar-se\u201d, digamos assim&#8230; Como aquele pastor que quando volta para casa se d\u00e1 conta de que lhe falta uma ovelha e vai, volta para buscar a ovelha que se perdeu por ali. O pastor que faz horas extras, mas por amor, por fidelidade&#8230; E o nosso Deus \u00e9 um Deus que faz horas extras, mas n\u00e3o mediante pagamento: gratuitamente. \u00c9 a fidelidade da gratuidade, da abund\u00e2ncia. E a fidelidade \u00e9 aquele pai que \u00e9 capaz de subir muitas vezes ao terra\u00e7o para ver se o filho retorna e n\u00e3o se cansa de subir: espera-o para fazer festa. A fidelidade de Deus \u00e9 festa, \u00e9 alegria, \u00e9 uma alegria tal que nos leva a fazer como este coxo fez: entrou no templo andando, pulando e louvando a Deus. A fidelidade de Deus \u00e9 festa, \u00e9 festa gratuita. E festa para todos n\u00f3s.<\/i><\/p>\n<p><i>A fidelidade de Deus \u00e9 uma fidelidade paciente: tem paci\u00eancia com o seu povo, escuta-o, guia-o, explica-lhe lentamente e lhe aquece o cora\u00e7\u00e3o, como fez com esses dois disc\u00edpulos que caminhavam distante de Jerusal\u00e9m: aquece o cora\u00e7\u00e3o deles a fim de que voltem para casa. A fidelidade de Deus \u00e9 aquilo que n\u00e3o sabemos o que aconteceu naquele di\u00e1logo, mas \u00e9 o Deus generoso que buscou Pedro que o havia renegado. Sabemos apenas que o Senhor ressuscitou e apareceu a Sim\u00e3o: o que aconteceu naquele di\u00e1logo n\u00e3o o sabemos. Mas sim, sabemos que era a fidelidade de Deus a buscar Pedro. A fidelidade de Deus sempre nos precede e a nossa fidelidade sempre \u00e9 resposta \u00e0quela fidelidade que nos precede. \u00c9 o Deus que nos precede sempre. E a flor da amendoeira, na primavera: floresce primeiro.<\/i><\/p>\n<p><i>Ser fi\u00e9is \u00e9 louvar esta fidelidade, ser fi\u00e9is a esta fidelidade. \u00c9 uma resposta a esta fidelidade.<\/i><\/p>\n<p>O Santo Padre terminou a celebra\u00e7\u00e3o com a adora\u00e7\u00e3o e a b\u00ean\u00e7\u00e3o eucar\u00edstica, convidando a fazer a Comunh\u00e3o espiritual.<\/p>\n<p><b>A seguir, a ora\u00e7\u00e3o recitada pelo Papa:<\/b><\/p>\n<p><i>Meu Jesus, eu creio que estais presente no Sant\u00edssimo Sacramento do Altar. Amo-vos sobre todas as coisas, e minha alma suspira por V\u00f3s. Mas, como n\u00e3o posso receber-Vos agora no Sant\u00edssimo Sacramento, vinde, ao menos espiritualmente, a meu cora\u00e7\u00e3o. Abra\u00e7o-me convosco como se j\u00e1 estiv\u00e9sseis comigo: uno-me Convosco inteiramente. Ah! n\u00e3o permitais que torne a separar-me de V\u00f3s!<\/i><\/p>\n<p>Antes de deixar a Capela dedicada ao Esp\u00edrito Santo foi entoada a ant\u00edfona mariana<i>\u00a0\u201cRegina caeli\u201d<\/i>, cantada no tempo pascal:<\/p>\n<p style=\"padding-left: 40px;\"><i>Rainha dos c\u00e9us, alegrai-vos. Aleluia!<\/i><\/p>\n<p style=\"padding-left: 40px;\"><i>Porque Aquele que merecestes trazer em vosso seio. Aleluia!<\/i><\/p>\n<p style=\"padding-left: 40px;\"><i>Ressuscitou como disse. Aleluia!<\/i><\/p>\n<p style=\"padding-left: 40px;\"><i>Rogai por n\u00f3s a Deus. Aleluia!<\/i><\/p>\n<p style=\"padding-left: 40px;\"><i>D.\/ Alegrai-vos e exultai, \u00f3 Virgem Maria. Aleluia!<\/i><\/p>\n<p style=\"padding-left: 40px;\"><i>C.\/ Porque o Senhor ressuscitou, verdadeiramente. Aleluia!<\/i><\/p>\n<hr \/>\n<p><em>Fonte: Vatican News<\/em><\/p>\n<\/div>\n","protected":false},"excerpt":{"rendered":"<p>Audi\u00eancia Geral<\/p>\n","protected":false},"author":3,"featured_media":0,"comment_status":"open","ping_status":"open","sticky":false,"template":"","format":"standard","meta":[],"categories":[1428],"tags":[487],"acf":[],"yoast_head":"<!-- This site is optimized with the Yoast SEO plugin v19.2 - https:\/\/yoast.com\/wordpress\/plugins\/seo\/ -->\n<title>Francisco: a \u201cpaz\u201d de alguns corresponde \u00e0 \u201cguerra\u201d de outros. Esta n\u00e3o \u00e9 a paz de Cristo. - Not\u00edcias - Franciscanos<\/title>\n<meta name=\"robots\" content=\"index, follow, max-snippet:-1, max-image-preview:large, max-video-preview:-1\" \/>\n<link rel=\"canonical\" href=\"https:\/\/franciscanos.org.br\/noticias\/francisco-a-paz-de-alguns-corresponde-a-guerra-de-outros-esta-nao-e-a-paz-de-cristo.html\" \/>\n<meta property=\"og:locale\" content=\"pt_BR\" \/>\n<meta property=\"og:type\" content=\"article\" \/>\n<meta property=\"og:title\" content=\"Francisco: a \u201cpaz\u201d de alguns corresponde \u00e0 \u201cguerra\u201d de outros. Esta n\u00e3o \u00e9 a paz de Cristo. - Not\u00edcias - Franciscanos\" \/>\n<meta property=\"og:description\" content=\"Audi\u00eancia Geral\" \/>\n<meta property=\"og:url\" content=\"https:\/\/franciscanos.org.br\/noticias\/francisco-a-paz-de-alguns-corresponde-a-guerra-de-outros-esta-nao-e-a-paz-de-cristo.html\" \/>\n<meta property=\"og:site_name\" content=\"Not\u00edcias - Franciscanos\" \/>\n<meta property=\"article:published_time\" content=\"2020-04-15T09:17:52+00:00\" \/>\n<meta property=\"article:modified_time\" content=\"2021-08-29T15:41:28+00:00\" \/>\n<meta property=\"og:image\" content=\"https:\/\/franciscanos.org.br\/noticias\/wp-content\/uploads\/2020\/04\/audiencia_15.jpeg\" \/>\n<meta name=\"author\" content=\"moacir\" \/>\n<meta name=\"twitter:card\" content=\"summary_large_image\" \/>\n<meta name=\"twitter:label1\" content=\"Escrito por\" \/>\n\t<meta name=\"twitter:data1\" content=\"moacir\" \/>\n\t<meta name=\"twitter:label2\" content=\"Est. tempo de leitura\" \/>\n\t<meta name=\"twitter:data2\" content=\"8 minutos\" \/>\n<script type=\"application\/ld+json\" class=\"yoast-schema-graph\">{\"@context\":\"https:\/\/schema.org\",\"@graph\":[{\"@type\":\"WebSite\",\"@id\":\"https:\/\/franciscanos.org.br\/noticias\/#website\",\"url\":\"https:\/\/franciscanos.org.br\/noticias\/\",\"name\":\"Not\u00edcias - Franciscanos\",\"description\":\"Prov\u00edncia Franciscana da Imaculada Concei\u00e7\u00e3o do Brasil - Ordem dos Frades Menores - OFM\",\"potentialAction\":[{\"@type\":\"SearchAction\",\"target\":{\"@type\":\"EntryPoint\",\"urlTemplate\":\"https:\/\/franciscanos.org.br\/noticias\/?s={search_term_string}\"},\"query-input\":\"required name=search_term_string\"}],\"inLanguage\":\"pt-BR\"},{\"@type\":\"ImageObject\",\"inLanguage\":\"pt-BR\",\"@id\":\"https:\/\/franciscanos.org.br\/noticias\/francisco-a-paz-de-alguns-corresponde-a-guerra-de-outros-esta-nao-e-a-paz-de-cristo.html#primaryimage\",\"url\":\"https:\/\/franciscanos.org.br\/noticias\/wp-content\/uploads\/2020\/04\/audiencia_15.jpeg\",\"contentUrl\":\"https:\/\/franciscanos.org.br\/noticias\/wp-content\/uploads\/2020\/04\/audiencia_15.jpeg\",\"width\":1000,\"height\":563},{\"@type\":\"WebPage\",\"@id\":\"https:\/\/franciscanos.org.br\/noticias\/francisco-a-paz-de-alguns-corresponde-a-guerra-de-outros-esta-nao-e-a-paz-de-cristo.html#webpage\",\"url\":\"https:\/\/franciscanos.org.br\/noticias\/francisco-a-paz-de-alguns-corresponde-a-guerra-de-outros-esta-nao-e-a-paz-de-cristo.html\",\"name\":\"Francisco: a \u201cpaz\u201d de alguns corresponde \u00e0 \u201cguerra\u201d de outros. Esta n\u00e3o \u00e9 a paz de Cristo. - Not\u00edcias - Franciscanos\",\"isPartOf\":{\"@id\":\"https:\/\/franciscanos.org.br\/noticias\/#website\"},\"primaryImageOfPage\":{\"@id\":\"https:\/\/franciscanos.org.br\/noticias\/francisco-a-paz-de-alguns-corresponde-a-guerra-de-outros-esta-nao-e-a-paz-de-cristo.html#primaryimage\"},\"datePublished\":\"2020-04-15T09:17:52+00:00\",\"dateModified\":\"2021-08-29T15:41:28+00:00\",\"author\":{\"@id\":\"https:\/\/franciscanos.org.br\/noticias\/#\/schema\/person\/b5c8cba458c330ccff548b056e95a5d4\"},\"breadcrumb\":{\"@id\":\"https:\/\/franciscanos.org.br\/noticias\/francisco-a-paz-de-alguns-corresponde-a-guerra-de-outros-esta-nao-e-a-paz-de-cristo.html#breadcrumb\"},\"inLanguage\":\"pt-BR\",\"potentialAction\":[{\"@type\":\"ReadAction\",\"target\":[\"https:\/\/franciscanos.org.br\/noticias\/francisco-a-paz-de-alguns-corresponde-a-guerra-de-outros-esta-nao-e-a-paz-de-cristo.html\"]}]},{\"@type\":\"BreadcrumbList\",\"@id\":\"https:\/\/franciscanos.org.br\/noticias\/francisco-a-paz-de-alguns-corresponde-a-guerra-de-outros-esta-nao-e-a-paz-de-cristo.html#breadcrumb\",\"itemListElement\":[{\"@type\":\"ListItem\",\"position\":1,\"name\":\"Home\",\"item\":\"https:\/\/franciscanos.org.br\/noticias\"},{\"@type\":\"ListItem\",\"position\":2,\"name\":\"Francisco: a \u201cpaz\u201d de alguns corresponde \u00e0 \u201cguerra\u201d de outros. Esta n\u00e3o \u00e9 a paz de Cristo.\"}]},{\"@type\":\"Person\",\"@id\":\"https:\/\/franciscanos.org.br\/noticias\/#\/schema\/person\/b5c8cba458c330ccff548b056e95a5d4\",\"name\":\"moacir\",\"image\":{\"@type\":\"ImageObject\",\"inLanguage\":\"pt-BR\",\"@id\":\"https:\/\/franciscanos.org.br\/noticias\/#\/schema\/person\/image\/\",\"url\":\"https:\/\/secure.gravatar.com\/avatar\/d08aa2ce4c8dd416d4479aa8536fcf64?s=96&d=mm&r=g\",\"contentUrl\":\"https:\/\/secure.gravatar.com\/avatar\/d08aa2ce4c8dd416d4479aa8536fcf64?s=96&d=mm&r=g\",\"caption\":\"moacir\"},\"url\":\"https:\/\/franciscanos.org.br\/noticias\/author\/moacir\"}]}<\/script>\n<!-- \/ Yoast SEO plugin. -->","yoast_head_json":{"title":"Francisco: a \u201cpaz\u201d de alguns corresponde \u00e0 \u201cguerra\u201d de outros. Esta n\u00e3o \u00e9 a paz de Cristo. - Not\u00edcias - Franciscanos","robots":{"index":"index","follow":"follow","max-snippet":"max-snippet:-1","max-image-preview":"max-image-preview:large","max-video-preview":"max-video-preview:-1"},"canonical":"https:\/\/franciscanos.org.br\/noticias\/francisco-a-paz-de-alguns-corresponde-a-guerra-de-outros-esta-nao-e-a-paz-de-cristo.html","og_locale":"pt_BR","og_type":"article","og_title":"Francisco: a \u201cpaz\u201d de alguns corresponde \u00e0 \u201cguerra\u201d de outros. Esta n\u00e3o \u00e9 a paz de Cristo. - Not\u00edcias - Franciscanos","og_description":"Audi\u00eancia Geral","og_url":"https:\/\/franciscanos.org.br\/noticias\/francisco-a-paz-de-alguns-corresponde-a-guerra-de-outros-esta-nao-e-a-paz-de-cristo.html","og_site_name":"Not\u00edcias - Franciscanos","article_published_time":"2020-04-15T09:17:52+00:00","article_modified_time":"2021-08-29T15:41:28+00:00","og_image":[{"url":"https:\/\/franciscanos.org.br\/noticias\/wp-content\/uploads\/2020\/04\/audiencia_15.jpeg"}],"author":"moacir","twitter_card":"summary_large_image","twitter_misc":{"Escrito por":"moacir","Est. tempo de leitura":"8 minutos"},"schema":{"@context":"https:\/\/schema.org","@graph":[{"@type":"WebSite","@id":"https:\/\/franciscanos.org.br\/noticias\/#website","url":"https:\/\/franciscanos.org.br\/noticias\/","name":"Not\u00edcias - Franciscanos","description":"Prov\u00edncia Franciscana da Imaculada Concei\u00e7\u00e3o do Brasil - Ordem dos Frades Menores - OFM","potentialAction":[{"@type":"SearchAction","target":{"@type":"EntryPoint","urlTemplate":"https:\/\/franciscanos.org.br\/noticias\/?s={search_term_string}"},"query-input":"required name=search_term_string"}],"inLanguage":"pt-BR"},{"@type":"ImageObject","inLanguage":"pt-BR","@id":"https:\/\/franciscanos.org.br\/noticias\/francisco-a-paz-de-alguns-corresponde-a-guerra-de-outros-esta-nao-e-a-paz-de-cristo.html#primaryimage","url":"https:\/\/franciscanos.org.br\/noticias\/wp-content\/uploads\/2020\/04\/audiencia_15.jpeg","contentUrl":"https:\/\/franciscanos.org.br\/noticias\/wp-content\/uploads\/2020\/04\/audiencia_15.jpeg","width":1000,"height":563},{"@type":"WebPage","@id":"https:\/\/franciscanos.org.br\/noticias\/francisco-a-paz-de-alguns-corresponde-a-guerra-de-outros-esta-nao-e-a-paz-de-cristo.html#webpage","url":"https:\/\/franciscanos.org.br\/noticias\/francisco-a-paz-de-alguns-corresponde-a-guerra-de-outros-esta-nao-e-a-paz-de-cristo.html","name":"Francisco: a \u201cpaz\u201d de alguns corresponde \u00e0 \u201cguerra\u201d de outros. Esta n\u00e3o \u00e9 a paz de Cristo. - Not\u00edcias - Franciscanos","isPartOf":{"@id":"https:\/\/franciscanos.org.br\/noticias\/#website"},"primaryImageOfPage":{"@id":"https:\/\/franciscanos.org.br\/noticias\/francisco-a-paz-de-alguns-corresponde-a-guerra-de-outros-esta-nao-e-a-paz-de-cristo.html#primaryimage"},"datePublished":"2020-04-15T09:17:52+00:00","dateModified":"2021-08-29T15:41:28+00:00","author":{"@id":"https:\/\/franciscanos.org.br\/noticias\/#\/schema\/person\/b5c8cba458c330ccff548b056e95a5d4"},"breadcrumb":{"@id":"https:\/\/franciscanos.org.br\/noticias\/francisco-a-paz-de-alguns-corresponde-a-guerra-de-outros-esta-nao-e-a-paz-de-cristo.html#breadcrumb"},"inLanguage":"pt-BR","potentialAction":[{"@type":"ReadAction","target":["https:\/\/franciscanos.org.br\/noticias\/francisco-a-paz-de-alguns-corresponde-a-guerra-de-outros-esta-nao-e-a-paz-de-cristo.html"]}]},{"@type":"BreadcrumbList","@id":"https:\/\/franciscanos.org.br\/noticias\/francisco-a-paz-de-alguns-corresponde-a-guerra-de-outros-esta-nao-e-a-paz-de-cristo.html#breadcrumb","itemListElement":[{"@type":"ListItem","position":1,"name":"Home","item":"https:\/\/franciscanos.org.br\/noticias"},{"@type":"ListItem","position":2,"name":"Francisco: a \u201cpaz\u201d de alguns corresponde \u00e0 \u201cguerra\u201d de outros. Esta n\u00e3o \u00e9 a paz de Cristo."}]},{"@type":"Person","@id":"https:\/\/franciscanos.org.br\/noticias\/#\/schema\/person\/b5c8cba458c330ccff548b056e95a5d4","name":"moacir","image":{"@type":"ImageObject","inLanguage":"pt-BR","@id":"https:\/\/franciscanos.org.br\/noticias\/#\/schema\/person\/image\/","url":"https:\/\/secure.gravatar.com\/avatar\/d08aa2ce4c8dd416d4479aa8536fcf64?s=96&d=mm&r=g","contentUrl":"https:\/\/secure.gravatar.com\/avatar\/d08aa2ce4c8dd416d4479aa8536fcf64?s=96&d=mm&r=g","caption":"moacir"},"url":"https:\/\/franciscanos.org.br\/noticias\/author\/moacir"}]}},"_links":{"self":[{"href":"https:\/\/franciscanos.org.br\/noticias\/wp-json\/wp\/v2\/posts\/223167"}],"collection":[{"href":"https:\/\/franciscanos.org.br\/noticias\/wp-json\/wp\/v2\/posts"}],"about":[{"href":"https:\/\/franciscanos.org.br\/noticias\/wp-json\/wp\/v2\/types\/post"}],"author":[{"embeddable":true,"href":"https:\/\/franciscanos.org.br\/noticias\/wp-json\/wp\/v2\/users\/3"}],"replies":[{"embeddable":true,"href":"https:\/\/franciscanos.org.br\/noticias\/wp-json\/wp\/v2\/comments?post=223167"}],"version-history":[{"count":4,"href":"https:\/\/franciscanos.org.br\/noticias\/wp-json\/wp\/v2\/posts\/223167\/revisions"}],"predecessor-version":[{"id":234009,"href":"https:\/\/franciscanos.org.br\/noticias\/wp-json\/wp\/v2\/posts\/223167\/revisions\/234009"}],"wp:attachment":[{"href":"https:\/\/franciscanos.org.br\/noticias\/wp-json\/wp\/v2\/media?parent=223167"}],"wp:term":[{"taxonomy":"category","embeddable":true,"href":"https:\/\/franciscanos.org.br\/noticias\/wp-json\/wp\/v2\/categories?post=223167"},{"taxonomy":"post_tag","embeddable":true,"href":"https:\/\/franciscanos.org.br\/noticias\/wp-json\/wp\/v2\/tags?post=223167"}],"curies":[{"name":"wp","href":"https:\/\/api.w.org\/{rel}","templated":true}]}}