{"id":223156,"date":"2020-04-14T21:40:00","date_gmt":"2020-04-15T00:40:00","guid":{"rendered":"https:\/\/franciscanos.org.br\/noticias\/?p=223156"},"modified":"2020-04-14T22:21:40","modified_gmt":"2020-04-15T01:21:40","slug":"pe-rodrigo-nessa-pandemia-somos-convidados-pelo-ressuscitado-a-darmos-mais-um-passo-em-nossa-fe","status":"publish","type":"post","link":"https:\/\/franciscanos.org.br\/noticias\/pe-rodrigo-nessa-pandemia-somos-convidados-pelo-ressuscitado-a-darmos-mais-um-passo-em-nossa-fe.html","title":{"rendered":"Pe. Rodrigo: &#8220;Nessa pandemia, somos convidados pelo Ressuscitado a darmos mais um passo em nossa f\u00e9&#8221;"},"content":{"rendered":"<p><img loading=\"lazy\" class=\"alignnone wp-image-223158 size-full\" src=\"https:\/\/franciscanos.org.br\/noticias\/wp-content\/uploads\/2020\/04\/penha_1404_1.jpg\" alt=\"\" width=\"1280\" height=\"720\" srcset=\"https:\/\/franciscanos.org.br\/noticias\/wp-content\/uploads\/2020\/04\/penha_1404_1.jpg 1280w, https:\/\/franciscanos.org.br\/noticias\/wp-content\/uploads\/2020\/04\/penha_1404_1-450x253.jpg 450w, https:\/\/franciscanos.org.br\/noticias\/wp-content\/uploads\/2020\/04\/penha_1404_1-1024x576.jpg 1024w, https:\/\/franciscanos.org.br\/noticias\/wp-content\/uploads\/2020\/04\/penha_1404_1-768x432.jpg 768w, https:\/\/franciscanos.org.br\/noticias\/wp-content\/uploads\/2020\/04\/penha_1404_1-150x84.jpg 150w\" sizes=\"(max-width: 1280px) 100vw, 1280px\" \/><\/p>\n<p><strong>Moacir Beggo (*)<\/strong><\/p>\n<p><strong>S\u00e3o Paulo (SP)<\/strong> &#8211; A 450\u00aa edi\u00e7\u00e3o da Festa da Penha, que neste ano est\u00e1 sendo realizada virtualmente, chegou ao terceiro dia do Oitav\u00e1rio, com a Celebra\u00e7\u00e3o Eucar\u00edstica \u00e0s 19h30. Dois jovens padres presidiram a Santa Missa: Pe. Edmilson Boechat de Castro, vig\u00e1rio na Par\u00f3quia S\u00e3o Francisco de Assis, em Vit\u00f3ria; e Pe. Rodrigo Costa, da Par\u00f3quia Sagrada Fam\u00edlia, em Cariacica. Os dois, rec\u00e9m-ordenados, celebraram pela primeira vez na pequena e hist\u00f3rica capela do Convento da Penha, juntamente com os frades que ali residem.<\/p>\n<p>Nesta celebra\u00e7\u00e3o, lembrou-se a terceira alegria de Nossa Senhora: a visita \u00e0 sua prima Isabel. &#8220;Como todos os anos, dentro da Oitava da P\u00e1scoa, celebrando a alegria da ressurrei\u00e7\u00e3o do Senhor, todo o povo capixaba tem a gra\u00e7a de celebrar a sua Padroeira, a Virgem das Alegrias, meditando as suas alegrias e colhendo os frutos da ressurrei\u00e7\u00e3o do Senhor&#8221;, explicou Pe. Rodrigo, que fez a homilia.<\/p>\n<p>&#8220;Este ano, por conta da situa\u00e7\u00e3o que vivemos, situa\u00e7\u00e3o especial em todo o mundo, n\u00e3o podemos estar juntos fisicamente, mas permanecemos unidos na mesma f\u00e9, no amor do Ressuscitado e no amor para com nossa M\u00e3e Maria&#8221;, saudou o pregador. &#8220;Pe\u00e7amos, meus irm\u00e3os e irm\u00e3s, que Nossa Senhora tamb\u00e9m nos ajude a conjugar as tristezas e as alegrias nos diversos acontecimentos de nossa vida&#8221;, acrescentou.<\/p>\n<div id=\"attachment_223160\" style=\"width: 1290px\" class=\"wp-caption alignnone\"><img aria-describedby=\"caption-attachment-223160\" loading=\"lazy\" class=\"wp-image-223160 size-full\" src=\"https:\/\/franciscanos.org.br\/noticias\/wp-content\/uploads\/2020\/04\/penha_1404_3.jpg\" alt=\"\" width=\"1280\" height=\"720\" srcset=\"https:\/\/franciscanos.org.br\/noticias\/wp-content\/uploads\/2020\/04\/penha_1404_3.jpg 1280w, https:\/\/franciscanos.org.br\/noticias\/wp-content\/uploads\/2020\/04\/penha_1404_3-450x253.jpg 450w, https:\/\/franciscanos.org.br\/noticias\/wp-content\/uploads\/2020\/04\/penha_1404_3-1024x576.jpg 1024w, https:\/\/franciscanos.org.br\/noticias\/wp-content\/uploads\/2020\/04\/penha_1404_3-768x432.jpg 768w, https:\/\/franciscanos.org.br\/noticias\/wp-content\/uploads\/2020\/04\/penha_1404_3-150x84.jpg 150w\" sizes=\"(max-width: 1280px) 100vw, 1280px\" \/><p id=\"caption-attachment-223160\" class=\"wp-caption-text\"><em><strong>Pe. Rodrigo fez a homilia deste terceiro dia do Oitav\u00e1rio<\/strong><\/em><\/p><\/div>\n<p>Tomando a Palavra de Deus nesta ter\u00e7a-feira da Oitava da P\u00e1scoa, retirada do Evangelho de Jo\u00e3o, Pe. Rodrigo citou a pergunta do pr\u00f3prio Jesus a Madalena: &#8216;Mulher, por que choras?&#8217; &#8220;Levaram o meu Senhor e n\u00e3o sei onde colocaram&#8221;, disse Madalena pensando em se tratar do jardineiro.<\/p>\n<p>&#8220;Maria Madalena ainda n\u00e3o havia compreendido o que aconteceu. Suas palavras e atitudes n\u00e3o estavam totalmente equivocadas, porque ela chorava e lamentava por n\u00e3o ter mais o corpo do Senhor. Sua dor \u00e9 express\u00e3o do profundo amor que sentia pelo Senhor&#8221;, explicou o sacerdote.<\/p>\n<p>Segundo Pe. Rodrigo, a pergunta que Jesus dirige a Maria Madalena \u00e9 direcionada a n\u00f3s: &#8220;Por que choras?&#8221;<br \/>\n&#8220;Quantas vezes, meus irm\u00e3os e minhas irm\u00e3s, quando o peso da dor, da morte, nos visita e nos toma, retirando nossas for\u00e7as e nossas esperan\u00e7as, agimos como Maria Madalena? Queremos nos agarrar \u00e0s nossas fr\u00e1geis seguran\u00e7as, aqui simbolizadas pelo corpo inerte do Senhor. Ou mergulhamos no medo e no desespero, esquecendo Aquele que foi vitorioso sobre o pecado e a morte&#8221;, sublinhou.<\/p>\n<p><img loading=\"lazy\" class=\"alignnone size-full wp-image-223161\" src=\"https:\/\/franciscanos.org.br\/noticias\/wp-content\/uploads\/2020\/04\/penha_1404_6.jpg\" alt=\"\" width=\"1280\" height=\"720\" srcset=\"https:\/\/franciscanos.org.br\/noticias\/wp-content\/uploads\/2020\/04\/penha_1404_6.jpg 1280w, https:\/\/franciscanos.org.br\/noticias\/wp-content\/uploads\/2020\/04\/penha_1404_6-450x253.jpg 450w, https:\/\/franciscanos.org.br\/noticias\/wp-content\/uploads\/2020\/04\/penha_1404_6-1024x576.jpg 1024w, https:\/\/franciscanos.org.br\/noticias\/wp-content\/uploads\/2020\/04\/penha_1404_6-768x432.jpg 768w, https:\/\/franciscanos.org.br\/noticias\/wp-content\/uploads\/2020\/04\/penha_1404_6-150x84.jpg 150w\" sizes=\"(max-width: 1280px) 100vw, 1280px\" \/><\/p>\n<p>Segundo Pe. Rodrigo, de modo especial nessa pandemia que estamos vivendo, em que a realidade da morte est\u00e1 t\u00e3o pr\u00f3xima de n\u00f3s e a incerteza quanto ao futuro toma conta do nosso cora\u00e7\u00e3o, &#8220;somos convidados pelo Cristo Ressuscitado a darmos mais um passo em nossa f\u00e9, como ele convidou Maria Madalena, procurando n\u00e3o a morte mas a vida, cultivando a alegria, servindo generosamente a quem precisa da nossa ajuda, na certeza de que, nesses lugares, Ele mesmo vir\u00e1 ao nosso encontro nos chamando pelo nome, enxugando as nossas l\u00e1grimas e ajudando a seguirmos em frente&#8221;, consolou.<\/p>\n<p>Pe. Rodrigo tamb\u00e9m refletiu sobre a alegria de Maria ao vistar sua prima Isabel, conforme Lucas 1,39-45. &#8220;Uma imagem que tem muito a ver com a realidade da ressurrei\u00e7\u00e3o e com a atitude que devemos cultivar vivendo j\u00e1 agora como ressuscitados. Maria nos ensina a acolher o Senhor e dar-Lhes um lugar que Ele deve ter em nossas vidas. Mas, para acolher algu\u00e9m, \u00e9 preciso sairmos de n\u00f3s mesmos. Deslocarmos fisicamente ou interiormente como fez Maria. Primeiro em sua atitude de f\u00e9, acolhendo a miss\u00e3o que o Senhor lhe confiara. Tanto Maria quanto Isabel saem de si mesmas para se acolherem mutuamente e, nessa acolhida, receber o pr\u00f3prio Senhor como Isabel exclama: &#8216;Bendito \u00e9 o fruto do vosso ventre&#8217;, reconhecendo que naquela jovem simples e humilde de Nazar\u00e9 estava a M\u00e3e do Senhor&#8221;, ensinou.<\/p>\n<p>&#8220;Maria \u00e9, ent\u00e3o, o modelo do disc\u00edpulo que abre m\u00e3o das pr\u00f3prias preocupa\u00e7\u00f5es e interesses, ainda que \u00e0s vezes leg\u00edtimos, para receber a novidade do Senhor que nos alegra e engrandece profundamente. &#8216;A minha alma engrandece o Senhor e meu Esp\u00edrito exulta em Deus meu Salvador, porque olhou para a condi\u00e7\u00e3o de sua serva&#8217;, \u00e9 o que canta Maria, louvando as grandes maravilhas em sua vida&#8221;, destacou Pe. Rodrigo.<\/p>\n<p><img loading=\"lazy\" class=\"alignnone size-full wp-image-223162\" src=\"https:\/\/franciscanos.org.br\/noticias\/wp-content\/uploads\/2020\/04\/penha_1404_4.jpg\" alt=\"\" width=\"1280\" height=\"720\" srcset=\"https:\/\/franciscanos.org.br\/noticias\/wp-content\/uploads\/2020\/04\/penha_1404_4.jpg 1280w, https:\/\/franciscanos.org.br\/noticias\/wp-content\/uploads\/2020\/04\/penha_1404_4-450x253.jpg 450w, https:\/\/franciscanos.org.br\/noticias\/wp-content\/uploads\/2020\/04\/penha_1404_4-1024x576.jpg 1024w, https:\/\/franciscanos.org.br\/noticias\/wp-content\/uploads\/2020\/04\/penha_1404_4-768x432.jpg 768w, https:\/\/franciscanos.org.br\/noticias\/wp-content\/uploads\/2020\/04\/penha_1404_4-150x84.jpg 150w\" sizes=\"(max-width: 1280px) 100vw, 1280px\" \/><\/p>\n<p>Para ele, os frutos da Ressurrei\u00e7\u00e3o do Senhor s\u00f3 poder\u00e3o ser experimentados quando sa\u00edmos de n\u00f3s mesmos, das nossas preocupa\u00e7\u00f5es, quando n\u00f3s rompemos a casca do medo e passamos a assumir a nossa vida e a enxergar o que acontece a nossa volta com o novo olhar da P\u00e1scoa do Senhor. &#8220;Ser\u00e1 que neste momento que vivemos n\u00e3o \u00e9 esta gra\u00e7a que devemos pedir e a atitude que devemos tomar? De aprender a olhar com olhos do Ressuscitado tudo aquilo que nos acontece?&#8221;, questionou.<\/p>\n<p>&#8220;Para terminar, \u00e9 verdade que somos pequenos e fr\u00e1geis, nossa f\u00e9 nem sempre \u00e9 forte o suficiente diante da prova\u00e7\u00e3o, mas o Senhor Ressuscitado n\u00e3o cessa de nos chamar a acolh\u00ea-Lo em sua vida, como em Maria e em Madalena, sua fiel disc\u00edpula. &#8216;Eis que estou \u00e0 porta e bato&#8217; \u00e9 a Palavra que o Senhor dirige a n\u00f3s tamb\u00e9m&#8221;, enfatizou, lembrando que se O acolhermos em nossa casa, a vida, o amor, a esperan\u00e7a, que s\u00e3o frutos da ressurrei\u00e7\u00e3o, nos dar\u00e3o for\u00e7as para caminhar.<\/p>\n<p>&#8220;Abra ent\u00e3o, meu querido irm\u00e3o, minha irm\u00e3, tamb\u00e9m a porta do seu cora\u00e7\u00e3o e receba-O como recebeu Isabel; seja sua testemunha como anunciou Maria Madalena; sirva os que mais precisam como O serviu nossa M\u00e3e Maria. E que a Virgem da Penha nos ajude a viver as alegrias da Ressurrei\u00e7\u00e3o e que a tristeza n\u00e3o tome conta do nosso cora\u00e7\u00e3o!&#8221;, desejou.<\/p>\n<p>Pe. Edmilson agradeceu aos frades pela oportunidade de celebrar neste dia sua Primeira Missa na capela do Convento, e Pe. Rodrigo, representando o povo de Cariacica e Viana, tamb\u00e9m fez os seus agradecimentos.<\/p>\n<div id=\"attachment_223164\" style=\"width: 1290px\" class=\"wp-caption alignnone\"><img aria-describedby=\"caption-attachment-223164\" loading=\"lazy\" class=\"wp-image-223164 size-full\" src=\"https:\/\/franciscanos.org.br\/noticias\/wp-content\/uploads\/2020\/04\/penha_1404_9.jpg\" alt=\"\" width=\"1280\" height=\"720\" srcset=\"https:\/\/franciscanos.org.br\/noticias\/wp-content\/uploads\/2020\/04\/penha_1404_9.jpg 1280w, https:\/\/franciscanos.org.br\/noticias\/wp-content\/uploads\/2020\/04\/penha_1404_9-450x253.jpg 450w, https:\/\/franciscanos.org.br\/noticias\/wp-content\/uploads\/2020\/04\/penha_1404_9-1024x576.jpg 1024w, https:\/\/franciscanos.org.br\/noticias\/wp-content\/uploads\/2020\/04\/penha_1404_9-768x432.jpg 768w, https:\/\/franciscanos.org.br\/noticias\/wp-content\/uploads\/2020\/04\/penha_1404_9-150x84.jpg 150w\" sizes=\"(max-width: 1280px) 100vw, 1280px\" \/><p id=\"caption-attachment-223164\" class=\"wp-caption-text\"><strong>Frei Paulo Pereira, o guardi\u00e3o do Convento da Penha<\/strong><\/p><\/div>\n<p>O guardi\u00e3o do Convento, Frei Paulo Pereira, agradeceu e pediu muitos &#8216;vivas virtuais&#8217; para os novos sacerdotes.<\/p>\n<p>Segundo ele, se hoje houvesse a Festa da Penha nos moldes tradicionais, seria a Noite dos Casais, que costuma lotar o Campinho. Mas, mesmo virtualmente, convidou os casais para rezarem nesta noite. &#8220;Deus nos chamou para viver o dom do matrim\u00f4nio. Ningu\u00e9m casa para si mesmo, mas faz o exerc\u00edcio da solidariedade&#8221;, disse Frei Paulo, pedindo que os casais dessem as m\u00e3os em suas casas e rezassem, cantando a &#8220;Ora\u00e7\u00e3o da Fam\u00edlia, do Pe. Zezinho.<\/p>\n<p>Frei Paulo pediu aos devotos que participem do Mural Virtual enviando uma foto da fauna e flora feita durante uma visita ao Convento (<em>o n\u00famero do Whatsapp est\u00e1 na foto).<\/em><\/p>\n<p>Neste ano, a festa tem como tema \u201cTodas as gera\u00e7\u00f5es me chamar\u00e3o bem-aventurada\u201d (Lc 1,48). O canto prof\u00e9tico de Maria no <em>&#8220;Magnificat&#8221;<\/em> prefigura o imenso carinho e devo\u00e7\u00e3o pela Virgem que marcou e marca todos aqueles que a celebraram nestes 450 anos de tradi\u00e7\u00e3o. A festa da Penha \u00e9 fruto de uma semente lan\u00e7ada por Frei Pedro Pal\u00e1cios em 1558, quando chegou ao Brasil com os colonizadores portugueses e desembarcou nas terras capixabas. O frade espanhol trouxe na sua bagagem um painel de Nossa Senhora das 7 Alegrias, que foi colocado numa gruta e deu origem \u00e0 devo\u00e7\u00e3o franciscana que vem at\u00e9 hoje. Ao longo do tempo, essa devo\u00e7\u00e3o cresceu e foi constru\u00eddo o Santu\u00e1rio para a M\u00e3e de Deus no ponto mais alto do penhasco. Desde ent\u00e3o, romeiros visitam o Convento durante todo o ano.<\/p>\n<div id=\"attachment_223163\" style=\"width: 1376px\" class=\"wp-caption alignnone\"><img aria-describedby=\"caption-attachment-223163\" loading=\"lazy\" class=\"wp-image-223163 size-full\" src=\"https:\/\/franciscanos.org.br\/noticias\/wp-content\/uploads\/2020\/04\/penha_1404_5.jpg\" alt=\"\" width=\"1366\" height=\"702\" srcset=\"https:\/\/franciscanos.org.br\/noticias\/wp-content\/uploads\/2020\/04\/penha_1404_5.jpg 1366w, https:\/\/franciscanos.org.br\/noticias\/wp-content\/uploads\/2020\/04\/penha_1404_5-450x231.jpg 450w, https:\/\/franciscanos.org.br\/noticias\/wp-content\/uploads\/2020\/04\/penha_1404_5-1024x526.jpg 1024w, https:\/\/franciscanos.org.br\/noticias\/wp-content\/uploads\/2020\/04\/penha_1404_5-768x395.jpg 768w, https:\/\/franciscanos.org.br\/noticias\/wp-content\/uploads\/2020\/04\/penha_1404_5-150x77.jpg 150w\" sizes=\"(max-width: 1366px) 100vw, 1366px\" \/><p id=\"caption-attachment-223163\" class=\"wp-caption-text\"><em>Frei Paulo C\u00e9sar Ferreira, o cantor do Convento.<\/em><\/p><\/div>\n<p>A programa\u00e7\u00e3o est\u00e1 dispon\u00edvel nas redes sociais do Convento da Penha atrav\u00e9s do Facebook (https:\/\/www.facebook.com\/penhaconvento\/), Instagram (https:\/\/www.instagram.com\/conventodapenha\/) e o Canal do YouTube (https:\/\/www.youtube.com\/channel\/UCur6FpU2tk0IDg6NkTBMqog).<\/p>\n<p>O Oitav\u00e1rio tamb\u00e9m est\u00e1 sendo transmitido diariamente pelo site do G1\/ES (https:\/\/g1.globo.com\/es\/espirito-santo\/).<\/p>\n<p><strong>Nesta quarta-feira, 15 de abril, a Festa da Penha ter\u00e1 a seguinte programa\u00e7\u00e3o:<\/strong><\/p>\n<p><strong>6h00<\/strong> \u2013 B\u00ean\u00e7\u00e3o do dia, com Padre Renato, na TV Gazeta<br \/>\n<strong>12h00<\/strong> \u2013 Ter\u00e7o Mariano \u2013 no <em>Instagram e Facebook<\/em> do Convento da Penha<br \/>\n<strong>13h00<\/strong> \u2013 Exibi\u00e7\u00e3o do Programa Salve M\u00e3e das Alegrias, ao vivo no <em>Instagram, Facebook e Canal do YouTube<\/em> do Convento da Penha<br \/>\n<strong>15h00<\/strong> \u2013 Missa ao vivo no <em>Instagram, Facebook e Canal do YouTube<\/em> do Convento da Penha<br \/>\n<strong>19h30<\/strong> \u2013 Quarto dia do Oitav\u00e1rio \u2013 Missa, ao vivo no G1\/ES e no <em>Instagram, Facebook e Canal do YouTube<\/em> do Convento da Penha<br \/>\n<strong>20h30 \u2013<\/strong> Festival Amor e Esperan\u00e7a, com apresenta\u00e7\u00f5es art\u00edsticas ao vivo no <em>Instagram<\/em> da TV Gazeta<\/p>\n<hr \/>\n<p><em>(*) Com a transmiss\u00e3o ao vivo pelo Convento da Penha<\/em><\/p>\n","protected":false},"excerpt":{"rendered":"<p>Terceiro dia do Oitav\u00e1rio da Festa da Penha<\/p>\n","protected":false},"author":3,"featured_media":223159,"comment_status":"open","ping_status":"open","sticky":false,"template":"","format":"standard","meta":[],"categories":[1],"tags":[245],"acf":[],"yoast_head":"<!-- This site is optimized with the Yoast SEO plugin v19.2 - https:\/\/yoast.com\/wordpress\/plugins\/seo\/ -->\n<title>Pe. Rodrigo: &quot;Nessa pandemia, somos convidados pelo Ressuscitado a darmos mais um passo em nossa f\u00e9&quot; - Not\u00edcias - Franciscanos<\/title>\n<meta name=\"robots\" content=\"index, follow, max-snippet:-1, max-image-preview:large, max-video-preview:-1\" \/>\n<link rel=\"canonical\" href=\"https:\/\/franciscanos.org.br\/noticias\/pe-rodrigo-nessa-pandemia-somos-convidados-pelo-ressuscitado-a-darmos-mais-um-passo-em-nossa-fe.html\" \/>\n<meta property=\"og:locale\" content=\"pt_BR\" \/>\n<meta property=\"og:type\" content=\"article\" \/>\n<meta property=\"og:title\" content=\"Pe. Rodrigo: &quot;Nessa pandemia, somos convidados pelo Ressuscitado a darmos mais um passo em nossa f\u00e9&quot; - Not\u00edcias - Franciscanos\" \/>\n<meta property=\"og:description\" content=\"Terceiro dia do Oitav\u00e1rio da Festa da Penha\" \/>\n<meta property=\"og:url\" content=\"https:\/\/franciscanos.org.br\/noticias\/pe-rodrigo-nessa-pandemia-somos-convidados-pelo-ressuscitado-a-darmos-mais-um-passo-em-nossa-fe.html\" \/>\n<meta property=\"og:site_name\" content=\"Not\u00edcias - Franciscanos\" \/>\n<meta property=\"article:published_time\" content=\"2020-04-15T00:40:00+00:00\" \/>\n<meta property=\"article:modified_time\" content=\"2020-04-15T01:21:40+00:00\" \/>\n<meta property=\"og:image\" content=\"https:\/\/franciscanos.org.br\/noticias\/wp-content\/uploads\/2020\/04\/penha_1404_1d.jpg\" \/>\n\t<meta property=\"og:image:width\" content=\"800\" \/>\n\t<meta property=\"og:image:height\" content=\"600\" \/>\n\t<meta property=\"og:image:type\" content=\"image\/jpeg\" \/>\n<meta name=\"author\" content=\"moacir\" \/>\n<meta name=\"twitter:card\" content=\"summary_large_image\" \/>\n<meta name=\"twitter:label1\" content=\"Escrito por\" \/>\n\t<meta name=\"twitter:data1\" content=\"moacir\" \/>\n\t<meta name=\"twitter:label2\" content=\"Est. tempo de leitura\" \/>\n\t<meta name=\"twitter:data2\" content=\"8 minutos\" \/>\n<script type=\"application\/ld+json\" class=\"yoast-schema-graph\">{\"@context\":\"https:\/\/schema.org\",\"@graph\":[{\"@type\":\"WebSite\",\"@id\":\"https:\/\/franciscanos.org.br\/noticias\/#website\",\"url\":\"https:\/\/franciscanos.org.br\/noticias\/\",\"name\":\"Not\u00edcias - Franciscanos\",\"description\":\"Prov\u00edncia Franciscana da Imaculada Concei\u00e7\u00e3o do Brasil - Ordem dos Frades Menores - OFM\",\"potentialAction\":[{\"@type\":\"SearchAction\",\"target\":{\"@type\":\"EntryPoint\",\"urlTemplate\":\"https:\/\/franciscanos.org.br\/noticias\/?s={search_term_string}\"},\"query-input\":\"required name=search_term_string\"}],\"inLanguage\":\"pt-BR\"},{\"@type\":\"ImageObject\",\"inLanguage\":\"pt-BR\",\"@id\":\"https:\/\/franciscanos.org.br\/noticias\/pe-rodrigo-nessa-pandemia-somos-convidados-pelo-ressuscitado-a-darmos-mais-um-passo-em-nossa-fe.html#primaryimage\",\"url\":\"https:\/\/franciscanos.org.br\/noticias\/wp-content\/uploads\/2020\/04\/penha_1404_1d.jpg\",\"contentUrl\":\"https:\/\/franciscanos.org.br\/noticias\/wp-content\/uploads\/2020\/04\/penha_1404_1d.jpg\",\"width\":800,\"height\":600},{\"@type\":\"WebPage\",\"@id\":\"https:\/\/franciscanos.org.br\/noticias\/pe-rodrigo-nessa-pandemia-somos-convidados-pelo-ressuscitado-a-darmos-mais-um-passo-em-nossa-fe.html#webpage\",\"url\":\"https:\/\/franciscanos.org.br\/noticias\/pe-rodrigo-nessa-pandemia-somos-convidados-pelo-ressuscitado-a-darmos-mais-um-passo-em-nossa-fe.html\",\"name\":\"Pe. Rodrigo: \\\"Nessa pandemia, somos convidados pelo Ressuscitado a darmos mais um passo em nossa f\u00e9\\\" - Not\u00edcias - Franciscanos\",\"isPartOf\":{\"@id\":\"https:\/\/franciscanos.org.br\/noticias\/#website\"},\"primaryImageOfPage\":{\"@id\":\"https:\/\/franciscanos.org.br\/noticias\/pe-rodrigo-nessa-pandemia-somos-convidados-pelo-ressuscitado-a-darmos-mais-um-passo-em-nossa-fe.html#primaryimage\"},\"datePublished\":\"2020-04-15T00:40:00+00:00\",\"dateModified\":\"2020-04-15T01:21:40+00:00\",\"author\":{\"@id\":\"https:\/\/franciscanos.org.br\/noticias\/#\/schema\/person\/b5c8cba458c330ccff548b056e95a5d4\"},\"breadcrumb\":{\"@id\":\"https:\/\/franciscanos.org.br\/noticias\/pe-rodrigo-nessa-pandemia-somos-convidados-pelo-ressuscitado-a-darmos-mais-um-passo-em-nossa-fe.html#breadcrumb\"},\"inLanguage\":\"pt-BR\",\"potentialAction\":[{\"@type\":\"ReadAction\",\"target\":[\"https:\/\/franciscanos.org.br\/noticias\/pe-rodrigo-nessa-pandemia-somos-convidados-pelo-ressuscitado-a-darmos-mais-um-passo-em-nossa-fe.html\"]}]},{\"@type\":\"BreadcrumbList\",\"@id\":\"https:\/\/franciscanos.org.br\/noticias\/pe-rodrigo-nessa-pandemia-somos-convidados-pelo-ressuscitado-a-darmos-mais-um-passo-em-nossa-fe.html#breadcrumb\",\"itemListElement\":[{\"@type\":\"ListItem\",\"position\":1,\"name\":\"Home\",\"item\":\"https:\/\/franciscanos.org.br\/noticias\"},{\"@type\":\"ListItem\",\"position\":2,\"name\":\"Pe. Rodrigo: &#8220;Nessa pandemia, somos convidados pelo Ressuscitado a darmos mais um passo em nossa f\u00e9&#8221;\"}]},{\"@type\":\"Person\",\"@id\":\"https:\/\/franciscanos.org.br\/noticias\/#\/schema\/person\/b5c8cba458c330ccff548b056e95a5d4\",\"name\":\"moacir\",\"image\":{\"@type\":\"ImageObject\",\"inLanguage\":\"pt-BR\",\"@id\":\"https:\/\/franciscanos.org.br\/noticias\/#\/schema\/person\/image\/\",\"url\":\"https:\/\/secure.gravatar.com\/avatar\/d08aa2ce4c8dd416d4479aa8536fcf64?s=96&d=mm&r=g\",\"contentUrl\":\"https:\/\/secure.gravatar.com\/avatar\/d08aa2ce4c8dd416d4479aa8536fcf64?s=96&d=mm&r=g\",\"caption\":\"moacir\"},\"url\":\"https:\/\/franciscanos.org.br\/noticias\/author\/moacir\"}]}<\/script>\n<!-- \/ Yoast SEO plugin. -->","yoast_head_json":{"title":"Pe. Rodrigo: \"Nessa pandemia, somos convidados pelo Ressuscitado a darmos mais um passo em nossa f\u00e9\" - Not\u00edcias - Franciscanos","robots":{"index":"index","follow":"follow","max-snippet":"max-snippet:-1","max-image-preview":"max-image-preview:large","max-video-preview":"max-video-preview:-1"},"canonical":"https:\/\/franciscanos.org.br\/noticias\/pe-rodrigo-nessa-pandemia-somos-convidados-pelo-ressuscitado-a-darmos-mais-um-passo-em-nossa-fe.html","og_locale":"pt_BR","og_type":"article","og_title":"Pe. Rodrigo: \"Nessa pandemia, somos convidados pelo Ressuscitado a darmos mais um passo em nossa f\u00e9\" - Not\u00edcias - Franciscanos","og_description":"Terceiro dia do Oitav\u00e1rio da Festa da Penha","og_url":"https:\/\/franciscanos.org.br\/noticias\/pe-rodrigo-nessa-pandemia-somos-convidados-pelo-ressuscitado-a-darmos-mais-um-passo-em-nossa-fe.html","og_site_name":"Not\u00edcias - Franciscanos","article_published_time":"2020-04-15T00:40:00+00:00","article_modified_time":"2020-04-15T01:21:40+00:00","og_image":[{"width":800,"height":600,"url":"https:\/\/franciscanos.org.br\/noticias\/wp-content\/uploads\/2020\/04\/penha_1404_1d.jpg","type":"image\/jpeg"}],"author":"moacir","twitter_card":"summary_large_image","twitter_misc":{"Escrito por":"moacir","Est. tempo de leitura":"8 minutos"},"schema":{"@context":"https:\/\/schema.org","@graph":[{"@type":"WebSite","@id":"https:\/\/franciscanos.org.br\/noticias\/#website","url":"https:\/\/franciscanos.org.br\/noticias\/","name":"Not\u00edcias - Franciscanos","description":"Prov\u00edncia Franciscana da Imaculada Concei\u00e7\u00e3o do Brasil - Ordem dos Frades Menores - OFM","potentialAction":[{"@type":"SearchAction","target":{"@type":"EntryPoint","urlTemplate":"https:\/\/franciscanos.org.br\/noticias\/?s={search_term_string}"},"query-input":"required name=search_term_string"}],"inLanguage":"pt-BR"},{"@type":"ImageObject","inLanguage":"pt-BR","@id":"https:\/\/franciscanos.org.br\/noticias\/pe-rodrigo-nessa-pandemia-somos-convidados-pelo-ressuscitado-a-darmos-mais-um-passo-em-nossa-fe.html#primaryimage","url":"https:\/\/franciscanos.org.br\/noticias\/wp-content\/uploads\/2020\/04\/penha_1404_1d.jpg","contentUrl":"https:\/\/franciscanos.org.br\/noticias\/wp-content\/uploads\/2020\/04\/penha_1404_1d.jpg","width":800,"height":600},{"@type":"WebPage","@id":"https:\/\/franciscanos.org.br\/noticias\/pe-rodrigo-nessa-pandemia-somos-convidados-pelo-ressuscitado-a-darmos-mais-um-passo-em-nossa-fe.html#webpage","url":"https:\/\/franciscanos.org.br\/noticias\/pe-rodrigo-nessa-pandemia-somos-convidados-pelo-ressuscitado-a-darmos-mais-um-passo-em-nossa-fe.html","name":"Pe. Rodrigo: \"Nessa pandemia, somos convidados pelo Ressuscitado a darmos mais um passo em nossa f\u00e9\" - Not\u00edcias - Franciscanos","isPartOf":{"@id":"https:\/\/franciscanos.org.br\/noticias\/#website"},"primaryImageOfPage":{"@id":"https:\/\/franciscanos.org.br\/noticias\/pe-rodrigo-nessa-pandemia-somos-convidados-pelo-ressuscitado-a-darmos-mais-um-passo-em-nossa-fe.html#primaryimage"},"datePublished":"2020-04-15T00:40:00+00:00","dateModified":"2020-04-15T01:21:40+00:00","author":{"@id":"https:\/\/franciscanos.org.br\/noticias\/#\/schema\/person\/b5c8cba458c330ccff548b056e95a5d4"},"breadcrumb":{"@id":"https:\/\/franciscanos.org.br\/noticias\/pe-rodrigo-nessa-pandemia-somos-convidados-pelo-ressuscitado-a-darmos-mais-um-passo-em-nossa-fe.html#breadcrumb"},"inLanguage":"pt-BR","potentialAction":[{"@type":"ReadAction","target":["https:\/\/franciscanos.org.br\/noticias\/pe-rodrigo-nessa-pandemia-somos-convidados-pelo-ressuscitado-a-darmos-mais-um-passo-em-nossa-fe.html"]}]},{"@type":"BreadcrumbList","@id":"https:\/\/franciscanos.org.br\/noticias\/pe-rodrigo-nessa-pandemia-somos-convidados-pelo-ressuscitado-a-darmos-mais-um-passo-em-nossa-fe.html#breadcrumb","itemListElement":[{"@type":"ListItem","position":1,"name":"Home","item":"https:\/\/franciscanos.org.br\/noticias"},{"@type":"ListItem","position":2,"name":"Pe. Rodrigo: &#8220;Nessa pandemia, somos convidados pelo Ressuscitado a darmos mais um passo em nossa f\u00e9&#8221;"}]},{"@type":"Person","@id":"https:\/\/franciscanos.org.br\/noticias\/#\/schema\/person\/b5c8cba458c330ccff548b056e95a5d4","name":"moacir","image":{"@type":"ImageObject","inLanguage":"pt-BR","@id":"https:\/\/franciscanos.org.br\/noticias\/#\/schema\/person\/image\/","url":"https:\/\/secure.gravatar.com\/avatar\/d08aa2ce4c8dd416d4479aa8536fcf64?s=96&d=mm&r=g","contentUrl":"https:\/\/secure.gravatar.com\/avatar\/d08aa2ce4c8dd416d4479aa8536fcf64?s=96&d=mm&r=g","caption":"moacir"},"url":"https:\/\/franciscanos.org.br\/noticias\/author\/moacir"}]}},"_links":{"self":[{"href":"https:\/\/franciscanos.org.br\/noticias\/wp-json\/wp\/v2\/posts\/223156"}],"collection":[{"href":"https:\/\/franciscanos.org.br\/noticias\/wp-json\/wp\/v2\/posts"}],"about":[{"href":"https:\/\/franciscanos.org.br\/noticias\/wp-json\/wp\/v2\/types\/post"}],"author":[{"embeddable":true,"href":"https:\/\/franciscanos.org.br\/noticias\/wp-json\/wp\/v2\/users\/3"}],"replies":[{"embeddable":true,"href":"https:\/\/franciscanos.org.br\/noticias\/wp-json\/wp\/v2\/comments?post=223156"}],"version-history":[{"count":2,"href":"https:\/\/franciscanos.org.br\/noticias\/wp-json\/wp\/v2\/posts\/223156\/revisions"}],"predecessor-version":[{"id":223166,"href":"https:\/\/franciscanos.org.br\/noticias\/wp-json\/wp\/v2\/posts\/223156\/revisions\/223166"}],"wp:featuredmedia":[{"embeddable":true,"href":"https:\/\/franciscanos.org.br\/noticias\/wp-json\/wp\/v2\/media\/223159"}],"wp:attachment":[{"href":"https:\/\/franciscanos.org.br\/noticias\/wp-json\/wp\/v2\/media?parent=223156"}],"wp:term":[{"taxonomy":"category","embeddable":true,"href":"https:\/\/franciscanos.org.br\/noticias\/wp-json\/wp\/v2\/categories?post=223156"},{"taxonomy":"post_tag","embeddable":true,"href":"https:\/\/franciscanos.org.br\/noticias\/wp-json\/wp\/v2\/tags?post=223156"}],"curies":[{"name":"wp","href":"https:\/\/api.w.org\/{rel}","templated":true}]}}