{"id":223147,"date":"2020-04-14T09:16:37","date_gmt":"2020-04-14T12:16:37","guid":{"rendered":"https:\/\/franciscanos.org.br\/noticias\/?p=223147"},"modified":"2020-04-14T09:18:13","modified_gmt":"2020-04-14T12:18:13","slug":"vidadesaofrancisco","status":"publish","type":"post","link":"https:\/\/franciscanos.org.br\/noticias\/vidadesaofrancisco.html","title":{"rendered":"\u00a0Descoberto um tesouro escondido: &#8220;O livro da Conformidade da Vida de S\u00e3o Francisco com a vida de Nosso Senhor Jesus Cristo&#8221;"},"content":{"rendered":"<p><img loading=\"lazy\" class=\"alignleft size-full wp-image-223148\" src=\"https:\/\/franciscanos.org.br\/noticias\/wp-content\/uploads\/2020\/04\/livros_14.jpg\" alt=\"\" width=\"1262\" height=\"444\" srcset=\"https:\/\/franciscanos.org.br\/noticias\/wp-content\/uploads\/2020\/04\/livros_14.jpg 1262w, https:\/\/franciscanos.org.br\/noticias\/wp-content\/uploads\/2020\/04\/livros_14-450x158.jpg 450w, https:\/\/franciscanos.org.br\/noticias\/wp-content\/uploads\/2020\/04\/livros_14-1024x360.jpg 1024w, https:\/\/franciscanos.org.br\/noticias\/wp-content\/uploads\/2020\/04\/livros_14-768x270.jpg 768w, https:\/\/franciscanos.org.br\/noticias\/wp-content\/uploads\/2020\/04\/livros_14-150x53.jpg 150w\" sizes=\"(max-width: 1262px) 100vw, 1262px\" \/><\/p>\n<p>H\u00e1 duas d\u00e9cadas, vimos o aparecimento de &#8220;Francisco de Assis: Primeiros Documentos&#8221;, uma cole\u00e7\u00e3o de tr\u00eas volumes dos Escritos de Francisco e todas as fontes hagiogr\u00e1ficas medievais que falam dele at\u00e9 meados do s\u00e9culo XIV. Agora, esta s\u00e9rie continuar\u00e1 com a publica\u00e7\u00e3o de uma grande obra: &#8220;O Livro da Conformidade da Vida de S\u00e3o Francisco com a Vida de Nosso Senhor Jesus Cristo&#8221;, escrita por Frei Bartolomeu de Pisa, entre 1385-1390.<\/p>\n<p>O Livro da Conformidade (muitas vezes chamado de Conformidades) representa o ponto mais alto da glorifica\u00e7\u00e3o medieval da figura de S\u00e3o Francisco. Ele cont\u00e9m um registro quase completo dos escritos do santo e um vasto estoque de material de todas as lendas hagiogr\u00e1ficas conhecidas dele, do s\u00e9culo XIII ao final do s\u00e9culo XIV. Al\u00e9m disso, apresenta uma extensa lista de lugares onde os Frades Franciscanos, as Clarissas Pobres e os Terceiros Franciscanos viveram e serviram, com detalhes pessoais sobre muitos personagens franciscanos, famosos ou desconhecidos.<\/p>\n<p>O autor, Bartolomeu de Pisa, dividiu sua grande obra no que ele chama de tr\u00eas &#8220;Livros&#8221;.<\/p>\n<p>\u2666 A primeira parte se refere \u00e0 Encarna\u00e7\u00e3o, \u00e0 Natividade e \u00e0 vida primitiva de Jesus, com as correspondentes semelhan\u00e7as encontradas nos primeiros anos da vida de Francisco.<\/p>\n<p>\u2666\u00a0 A segunda parte refere-se aos anos do minist\u00e9rio p\u00fablico de Jesus, suas prega\u00e7\u00f5es e curas, o chamado dos disc\u00edpulos, suas m\u00faltiplas viagens de um lugar para outro, com eventos semelhantes na vida de Francisco.<\/p>\n<p>\u2666 A terceira parte refere-se \u00e0 paix\u00e3o, morte, ressurrei\u00e7\u00e3o e ascens\u00e3o \/ glorifica\u00e7\u00e3o de Cristo, e aos eventos dos \u00faltimos dias de Francisco, suas doen\u00e7as e sofrimentos, sua recep\u00e7\u00e3o dos estigmas, sua morte, canoniza\u00e7\u00e3o e os milagres que lhe s\u00e3o atribu\u00eddos como intercessor celestial.<\/p>\n<p>Por seis s\u00e9culos, esse texto, t\u00e3o vital para as comunidades crist\u00e3s atra\u00eddas pela vida de S\u00e3o Francisco, nunca havia sido publicado em um idioma moderno. Esta tradu\u00e7\u00e3o hist\u00f3rica traz o livro de conformidade para o leitor contempor\u00e2neo.<\/p>\n<p><strong>Para mais informac\u00f5es:<\/strong><\/p>\n<p><em>O Livro de Conformidade: www.newcitypress.com<\/em><\/p>\n","protected":false},"excerpt":{"rendered":"<p>Vida de S\u00e3o Francisco de Assis<\/p>\n","protected":false},"author":3,"featured_media":223149,"comment_status":"open","ping_status":"open","sticky":false,"template":"","format":"standard","meta":[],"categories":[1],"tags":[1249],"acf":[],"yoast_head":"<!-- This site is optimized with the Yoast SEO plugin v19.2 - https:\/\/yoast.com\/wordpress\/plugins\/seo\/ -->\n<title>\u00a0Descoberto um tesouro escondido: &quot;O livro da Conformidade da Vida de S\u00e3o Francisco com a vida de Nosso Senhor Jesus Cristo&quot; - Not\u00edcias - Franciscanos<\/title>\n<meta name=\"robots\" content=\"index, follow, max-snippet:-1, max-image-preview:large, max-video-preview:-1\" \/>\n<link rel=\"canonical\" href=\"https:\/\/franciscanos.org.br\/noticias\/vidadesaofrancisco.html\" \/>\n<meta property=\"og:locale\" content=\"pt_BR\" \/>\n<meta property=\"og:type\" content=\"article\" \/>\n<meta property=\"og:title\" content=\"\u00a0Descoberto um tesouro escondido: &quot;O livro da Conformidade da Vida de S\u00e3o Francisco com a vida de Nosso Senhor Jesus Cristo&quot; - Not\u00edcias - Franciscanos\" \/>\n<meta property=\"og:description\" content=\"Vida de S\u00e3o Francisco de Assis\" \/>\n<meta property=\"og:url\" content=\"https:\/\/franciscanos.org.br\/noticias\/vidadesaofrancisco.html\" \/>\n<meta property=\"og:site_name\" content=\"Not\u00edcias - Franciscanos\" \/>\n<meta property=\"article:published_time\" content=\"2020-04-14T12:16:37+00:00\" \/>\n<meta property=\"article:modified_time\" content=\"2020-04-14T12:18:13+00:00\" \/>\n<meta property=\"og:image\" content=\"https:\/\/franciscanos.org.br\/noticias\/wp-content\/uploads\/2020\/04\/livros_14d.png\" \/>\n\t<meta property=\"og:image:width\" content=\"800\" \/>\n\t<meta property=\"og:image:height\" content=\"600\" \/>\n\t<meta property=\"og:image:type\" content=\"image\/png\" \/>\n<meta name=\"author\" content=\"moacir\" \/>\n<meta name=\"twitter:card\" content=\"summary_large_image\" \/>\n<meta name=\"twitter:label1\" content=\"Escrito por\" \/>\n\t<meta name=\"twitter:data1\" content=\"moacir\" \/>\n\t<meta name=\"twitter:label2\" content=\"Est. tempo de leitura\" \/>\n\t<meta name=\"twitter:data2\" content=\"2 minutos\" \/>\n<script type=\"application\/ld+json\" class=\"yoast-schema-graph\">{\"@context\":\"https:\/\/schema.org\",\"@graph\":[{\"@type\":\"WebSite\",\"@id\":\"https:\/\/franciscanos.org.br\/noticias\/#website\",\"url\":\"https:\/\/franciscanos.org.br\/noticias\/\",\"name\":\"Not\u00edcias - Franciscanos\",\"description\":\"Prov\u00edncia Franciscana da Imaculada Concei\u00e7\u00e3o do Brasil - Ordem dos Frades Menores - OFM\",\"potentialAction\":[{\"@type\":\"SearchAction\",\"target\":{\"@type\":\"EntryPoint\",\"urlTemplate\":\"https:\/\/franciscanos.org.br\/noticias\/?s={search_term_string}\"},\"query-input\":\"required name=search_term_string\"}],\"inLanguage\":\"pt-BR\"},{\"@type\":\"ImageObject\",\"inLanguage\":\"pt-BR\",\"@id\":\"https:\/\/franciscanos.org.br\/noticias\/vidadesaofrancisco.html#primaryimage\",\"url\":\"https:\/\/franciscanos.org.br\/noticias\/wp-content\/uploads\/2020\/04\/livros_14d.png\",\"contentUrl\":\"https:\/\/franciscanos.org.br\/noticias\/wp-content\/uploads\/2020\/04\/livros_14d.png\",\"width\":800,\"height\":600},{\"@type\":\"WebPage\",\"@id\":\"https:\/\/franciscanos.org.br\/noticias\/vidadesaofrancisco.html#webpage\",\"url\":\"https:\/\/franciscanos.org.br\/noticias\/vidadesaofrancisco.html\",\"name\":\"\u00a0Descoberto um tesouro escondido: \\\"O livro da Conformidade da Vida de S\u00e3o Francisco com a vida de Nosso Senhor Jesus Cristo\\\" - Not\u00edcias - Franciscanos\",\"isPartOf\":{\"@id\":\"https:\/\/franciscanos.org.br\/noticias\/#website\"},\"primaryImageOfPage\":{\"@id\":\"https:\/\/franciscanos.org.br\/noticias\/vidadesaofrancisco.html#primaryimage\"},\"datePublished\":\"2020-04-14T12:16:37+00:00\",\"dateModified\":\"2020-04-14T12:18:13+00:00\",\"author\":{\"@id\":\"https:\/\/franciscanos.org.br\/noticias\/#\/schema\/person\/b5c8cba458c330ccff548b056e95a5d4\"},\"breadcrumb\":{\"@id\":\"https:\/\/franciscanos.org.br\/noticias\/vidadesaofrancisco.html#breadcrumb\"},\"inLanguage\":\"pt-BR\",\"potentialAction\":[{\"@type\":\"ReadAction\",\"target\":[\"https:\/\/franciscanos.org.br\/noticias\/vidadesaofrancisco.html\"]}]},{\"@type\":\"BreadcrumbList\",\"@id\":\"https:\/\/franciscanos.org.br\/noticias\/vidadesaofrancisco.html#breadcrumb\",\"itemListElement\":[{\"@type\":\"ListItem\",\"position\":1,\"name\":\"Home\",\"item\":\"https:\/\/franciscanos.org.br\/noticias\"},{\"@type\":\"ListItem\",\"position\":2,\"name\":\"\u00a0Descoberto um tesouro escondido: &#8220;O livro da Conformidade da Vida de S\u00e3o Francisco com a vida de Nosso Senhor Jesus Cristo&#8221;\"}]},{\"@type\":\"Person\",\"@id\":\"https:\/\/franciscanos.org.br\/noticias\/#\/schema\/person\/b5c8cba458c330ccff548b056e95a5d4\",\"name\":\"moacir\",\"image\":{\"@type\":\"ImageObject\",\"inLanguage\":\"pt-BR\",\"@id\":\"https:\/\/franciscanos.org.br\/noticias\/#\/schema\/person\/image\/\",\"url\":\"https:\/\/secure.gravatar.com\/avatar\/d08aa2ce4c8dd416d4479aa8536fcf64?s=96&d=mm&r=g\",\"contentUrl\":\"https:\/\/secure.gravatar.com\/avatar\/d08aa2ce4c8dd416d4479aa8536fcf64?s=96&d=mm&r=g\",\"caption\":\"moacir\"},\"url\":\"https:\/\/franciscanos.org.br\/noticias\/author\/moacir\"}]}<\/script>\n<!-- \/ Yoast SEO plugin. -->","yoast_head_json":{"title":"\u00a0Descoberto um tesouro escondido: \"O livro da Conformidade da Vida de S\u00e3o Francisco com a vida de Nosso Senhor Jesus Cristo\" - Not\u00edcias - Franciscanos","robots":{"index":"index","follow":"follow","max-snippet":"max-snippet:-1","max-image-preview":"max-image-preview:large","max-video-preview":"max-video-preview:-1"},"canonical":"https:\/\/franciscanos.org.br\/noticias\/vidadesaofrancisco.html","og_locale":"pt_BR","og_type":"article","og_title":"\u00a0Descoberto um tesouro escondido: \"O livro da Conformidade da Vida de S\u00e3o Francisco com a vida de Nosso Senhor Jesus Cristo\" - Not\u00edcias - Franciscanos","og_description":"Vida de S\u00e3o Francisco de Assis","og_url":"https:\/\/franciscanos.org.br\/noticias\/vidadesaofrancisco.html","og_site_name":"Not\u00edcias - Franciscanos","article_published_time":"2020-04-14T12:16:37+00:00","article_modified_time":"2020-04-14T12:18:13+00:00","og_image":[{"width":800,"height":600,"url":"https:\/\/franciscanos.org.br\/noticias\/wp-content\/uploads\/2020\/04\/livros_14d.png","type":"image\/png"}],"author":"moacir","twitter_card":"summary_large_image","twitter_misc":{"Escrito por":"moacir","Est. tempo de leitura":"2 minutos"},"schema":{"@context":"https:\/\/schema.org","@graph":[{"@type":"WebSite","@id":"https:\/\/franciscanos.org.br\/noticias\/#website","url":"https:\/\/franciscanos.org.br\/noticias\/","name":"Not\u00edcias - Franciscanos","description":"Prov\u00edncia Franciscana da Imaculada Concei\u00e7\u00e3o do Brasil - Ordem dos Frades Menores - OFM","potentialAction":[{"@type":"SearchAction","target":{"@type":"EntryPoint","urlTemplate":"https:\/\/franciscanos.org.br\/noticias\/?s={search_term_string}"},"query-input":"required name=search_term_string"}],"inLanguage":"pt-BR"},{"@type":"ImageObject","inLanguage":"pt-BR","@id":"https:\/\/franciscanos.org.br\/noticias\/vidadesaofrancisco.html#primaryimage","url":"https:\/\/franciscanos.org.br\/noticias\/wp-content\/uploads\/2020\/04\/livros_14d.png","contentUrl":"https:\/\/franciscanos.org.br\/noticias\/wp-content\/uploads\/2020\/04\/livros_14d.png","width":800,"height":600},{"@type":"WebPage","@id":"https:\/\/franciscanos.org.br\/noticias\/vidadesaofrancisco.html#webpage","url":"https:\/\/franciscanos.org.br\/noticias\/vidadesaofrancisco.html","name":"\u00a0Descoberto um tesouro escondido: \"O livro da Conformidade da Vida de S\u00e3o Francisco com a vida de Nosso Senhor Jesus Cristo\" - Not\u00edcias - Franciscanos","isPartOf":{"@id":"https:\/\/franciscanos.org.br\/noticias\/#website"},"primaryImageOfPage":{"@id":"https:\/\/franciscanos.org.br\/noticias\/vidadesaofrancisco.html#primaryimage"},"datePublished":"2020-04-14T12:16:37+00:00","dateModified":"2020-04-14T12:18:13+00:00","author":{"@id":"https:\/\/franciscanos.org.br\/noticias\/#\/schema\/person\/b5c8cba458c330ccff548b056e95a5d4"},"breadcrumb":{"@id":"https:\/\/franciscanos.org.br\/noticias\/vidadesaofrancisco.html#breadcrumb"},"inLanguage":"pt-BR","potentialAction":[{"@type":"ReadAction","target":["https:\/\/franciscanos.org.br\/noticias\/vidadesaofrancisco.html"]}]},{"@type":"BreadcrumbList","@id":"https:\/\/franciscanos.org.br\/noticias\/vidadesaofrancisco.html#breadcrumb","itemListElement":[{"@type":"ListItem","position":1,"name":"Home","item":"https:\/\/franciscanos.org.br\/noticias"},{"@type":"ListItem","position":2,"name":"\u00a0Descoberto um tesouro escondido: &#8220;O livro da Conformidade da Vida de S\u00e3o Francisco com a vida de Nosso Senhor Jesus Cristo&#8221;"}]},{"@type":"Person","@id":"https:\/\/franciscanos.org.br\/noticias\/#\/schema\/person\/b5c8cba458c330ccff548b056e95a5d4","name":"moacir","image":{"@type":"ImageObject","inLanguage":"pt-BR","@id":"https:\/\/franciscanos.org.br\/noticias\/#\/schema\/person\/image\/","url":"https:\/\/secure.gravatar.com\/avatar\/d08aa2ce4c8dd416d4479aa8536fcf64?s=96&d=mm&r=g","contentUrl":"https:\/\/secure.gravatar.com\/avatar\/d08aa2ce4c8dd416d4479aa8536fcf64?s=96&d=mm&r=g","caption":"moacir"},"url":"https:\/\/franciscanos.org.br\/noticias\/author\/moacir"}]}},"_links":{"self":[{"href":"https:\/\/franciscanos.org.br\/noticias\/wp-json\/wp\/v2\/posts\/223147"}],"collection":[{"href":"https:\/\/franciscanos.org.br\/noticias\/wp-json\/wp\/v2\/posts"}],"about":[{"href":"https:\/\/franciscanos.org.br\/noticias\/wp-json\/wp\/v2\/types\/post"}],"author":[{"embeddable":true,"href":"https:\/\/franciscanos.org.br\/noticias\/wp-json\/wp\/v2\/users\/3"}],"replies":[{"embeddable":true,"href":"https:\/\/franciscanos.org.br\/noticias\/wp-json\/wp\/v2\/comments?post=223147"}],"version-history":[{"count":1,"href":"https:\/\/franciscanos.org.br\/noticias\/wp-json\/wp\/v2\/posts\/223147\/revisions"}],"predecessor-version":[{"id":223150,"href":"https:\/\/franciscanos.org.br\/noticias\/wp-json\/wp\/v2\/posts\/223147\/revisions\/223150"}],"wp:featuredmedia":[{"embeddable":true,"href":"https:\/\/franciscanos.org.br\/noticias\/wp-json\/wp\/v2\/media\/223149"}],"wp:attachment":[{"href":"https:\/\/franciscanos.org.br\/noticias\/wp-json\/wp\/v2\/media?parent=223147"}],"wp:term":[{"taxonomy":"category","embeddable":true,"href":"https:\/\/franciscanos.org.br\/noticias\/wp-json\/wp\/v2\/categories?post=223147"},{"taxonomy":"post_tag","embeddable":true,"href":"https:\/\/franciscanos.org.br\/noticias\/wp-json\/wp\/v2\/tags?post=223147"}],"curies":[{"name":"wp","href":"https:\/\/api.w.org\/{rel}","templated":true}]}}