{"id":223129,"date":"2020-04-13T21:44:11","date_gmt":"2020-04-14T00:44:11","guid":{"rendered":"https:\/\/franciscanos.org.br\/noticias\/?p=223129"},"modified":"2020-04-13T21:59:28","modified_gmt":"2020-04-14T00:59:28","slug":"festa-da-penha-a-alegria-de-maria-para-tempos-dificeis","status":"publish","type":"post","link":"https:\/\/franciscanos.org.br\/noticias\/festa-da-penha-a-alegria-de-maria-para-tempos-dificeis.html","title":{"rendered":"Festa da Penha: a &#8216;Alegria de Maria&#8217; para tempos dif\u00edceis"},"content":{"rendered":"<p><img loading=\"lazy\" class=\"alignnone size-full wp-image-223130\" src=\"https:\/\/franciscanos.org.br\/noticias\/wp-content\/uploads\/2020\/04\/segundo_penha_03.jpg\" alt=\"\" width=\"1280\" height=\"638\" srcset=\"https:\/\/franciscanos.org.br\/noticias\/wp-content\/uploads\/2020\/04\/segundo_penha_03.jpg 1280w, https:\/\/franciscanos.org.br\/noticias\/wp-content\/uploads\/2020\/04\/segundo_penha_03-450x224.jpg 450w, https:\/\/franciscanos.org.br\/noticias\/wp-content\/uploads\/2020\/04\/segundo_penha_03-1024x510.jpg 1024w, https:\/\/franciscanos.org.br\/noticias\/wp-content\/uploads\/2020\/04\/segundo_penha_03-768x383.jpg 768w, https:\/\/franciscanos.org.br\/noticias\/wp-content\/uploads\/2020\/04\/segundo_penha_03-150x75.jpg 150w\" sizes=\"(max-width: 1280px) 100vw, 1280px\" \/><\/p>\n<p><strong>Moacir Beggo (*)<\/strong><\/p>\n<p><strong>S\u00e3o Paulo (SP)<\/strong> &#8211; O segundo dia do Oitav\u00e1rio da 450\u00aa Festa da Penha, uma segunda-feira (13\/4) conhecida como Pascoela, que simboliza o prolongamento do pr\u00f3prio domingo de P\u00e1scoa, foi vivido sem a presen\u00e7a dos fi\u00e9is na pequena e hist\u00f3rica capela do Convento da Penha, mas a multid\u00e3o que todo ano lota o Campinho durante a Festa da Padroeira do Esp\u00edrito Santo p\u00f4de acompanhar a Santa Missa pelas m\u00eddias sociais do Convento e do G1.<\/p>\n<p>O p\u00e1roco da Par\u00f3quia S\u00e3o Francisco de Assis de Itapo\u00e3, Pe. Celso Porto Nogueira, presidiu a Celebra\u00e7\u00e3o Eucar\u00edstica. Frei Pedro Oliveira fez a acolhida e recordou neste dia uma das alegrias de Nossa Senhora: a anuncia\u00e7\u00e3o. Estavam presentes os frades da Fraternidade do Convento e o Vig\u00e1rio Provincial, Frei Gustavo Medella, representando a Prov\u00edncia da Imaculada Concei\u00e7\u00e3o.<\/p>\n<p>Na sua homilia, Pe. Celso rememorou que, no sexto m\u00eas, o anjo Gabriel foi enviado por Deus a uma cidade da Galileia chamada Nazar\u00e9. Foi at\u00e9 uma virgem, prometida em casamento a um homem chamado Jos\u00e9, que era descendente de Davi. E o nome da virgem era Maria. O anjo entrou onde ela estava, e disse: \u201cAlegra-te!&#8221;<\/p>\n<p><img loading=\"lazy\" class=\"alignnone wp-image-223131 size-full\" src=\"https:\/\/franciscanos.org.br\/noticias\/wp-content\/uploads\/2020\/04\/segundo_penha_07.jpg\" alt=\"\" width=\"1280\" height=\"720\" srcset=\"https:\/\/franciscanos.org.br\/noticias\/wp-content\/uploads\/2020\/04\/segundo_penha_07.jpg 1280w, https:\/\/franciscanos.org.br\/noticias\/wp-content\/uploads\/2020\/04\/segundo_penha_07-450x253.jpg 450w, https:\/\/franciscanos.org.br\/noticias\/wp-content\/uploads\/2020\/04\/segundo_penha_07-1024x576.jpg 1024w, https:\/\/franciscanos.org.br\/noticias\/wp-content\/uploads\/2020\/04\/segundo_penha_07-768x432.jpg 768w, https:\/\/franciscanos.org.br\/noticias\/wp-content\/uploads\/2020\/04\/segundo_penha_07-150x84.jpg 150w\" sizes=\"(max-width: 1280px) 100vw, 1280px\" \/><\/p>\n<p>&#8220;Qual \u00e9 a alegria de Maria? A resposta \u00e9 muito simples: a alegria de Maria \u00e9 Jesus&#8221;, frisou o celebrante. &#8220;Maria recebe de todo o cora\u00e7\u00e3o esse an\u00fancio, sabendo que \u00e9 um dom que vem do alto, que n\u00e3o \u00e9 por iniciativa humana. Cristo n\u00e3o \u00e9 um produto de nossas for\u00e7as, dos nossos esfor\u00e7os, mas \u00e9 um dom que vem do alto, que desce sobre n\u00f3s, como o anjo falou para Maria: &#8216;O Esp\u00edrito Santo vir\u00e1 sobre voc\u00ea, e o poder do Alt\u00edssimo a cobrir\u00e1 com sua sombra&#8217;. \u00c9 uma refer\u00eancia \u00e0quela imagem da tenda do encontro que existia em Israel, antes da constru\u00e7\u00e3o do templo de Jerusal\u00e9m. Maria se torna esse lugar do encontro entre Deus e a humanidade&#8221;, explicou Pe. Celso.<\/p>\n<p><img loading=\"lazy\" class=\"alignright wp-image-223132\" src=\"https:\/\/franciscanos.org.br\/noticias\/wp-content\/uploads\/2020\/04\/segundo_penha_05-450x441.jpg\" alt=\"\" width=\"280\" height=\"275\" srcset=\"https:\/\/franciscanos.org.br\/noticias\/wp-content\/uploads\/2020\/04\/segundo_penha_05-450x441.jpg 450w, https:\/\/franciscanos.org.br\/noticias\/wp-content\/uploads\/2020\/04\/segundo_penha_05-150x147.jpg 150w, https:\/\/franciscanos.org.br\/noticias\/wp-content\/uploads\/2020\/04\/segundo_penha_05.jpg 500w\" sizes=\"(max-width: 280px) 100vw, 280px\" \/>Segundo ele, Maria \u00e9 totalmente invadida pelo poder de Deus. &#8220;Mas esse poder de Deus a deixa intacta, no sentido que mant\u00e9m completamente sua liberdade. Deixa ela livre para aceitar, para acolher aquele dom. Por isso, Maria \u00e9 Virgem e M\u00e3e&#8221;, acrescentou.<\/p>\n<p>Contextualizando, lembrou que estamos vivendo essa alegria num tempo muito particular na hist\u00f3ria do mundo. &#8220;N\u00f3s, que est\u00e1vamos a\u00ed na Igreja, nessa correria, nesse ativismo t\u00e3o grande, nessa atividade febril incessante das pastorais, dos movimentos, dos grupos, das equipes, de repente tudo tem uma parada. Quando as coisas mudam, a gente \u00e9 convidado a refletir o que \u00e9 essencial, o que \u00e9 que fica?&#8221;, questionou.<\/p>\n<p>Pe. Celso indicou um caminho. &#8220;Quando uma \u00e1rvore est\u00e1 no inverno, ela n\u00e3o d\u00e1 folha e frutos. Mas tamb\u00e9m n\u00e3o fica parada. Ela aprofunda suas ra\u00edzes. E justamente porque ela aprofundou as ra\u00edzes \u00e9 que ela vai dar as folhas e os frutos no seu tempo. Ent\u00e3o, a Igreja est\u00e1 sendo convidada a encontrar essa alegria que n\u00e3o passa quando tudo muda. O que \u00e9 que fica quando tudo muda? Nosso cora\u00e7\u00e3o responde: \u00c9 Jesus Cristo. \u00c9 esse encontro com Ele que transforma a nossa vida e que transfigura todas as coisas ao nosso redor&#8221;, ensinou.<\/p>\n<p><img loading=\"lazy\" class=\"alignleft wp-image-223133 size-full\" src=\"https:\/\/franciscanos.org.br\/noticias\/wp-content\/uploads\/2020\/04\/segundo_penha_06.jpg\" alt=\"\" width=\"1280\" height=\"630\" srcset=\"https:\/\/franciscanos.org.br\/noticias\/wp-content\/uploads\/2020\/04\/segundo_penha_06.jpg 1280w, https:\/\/franciscanos.org.br\/noticias\/wp-content\/uploads\/2020\/04\/segundo_penha_06-450x221.jpg 450w, https:\/\/franciscanos.org.br\/noticias\/wp-content\/uploads\/2020\/04\/segundo_penha_06-1024x504.jpg 1024w, https:\/\/franciscanos.org.br\/noticias\/wp-content\/uploads\/2020\/04\/segundo_penha_06-768x378.jpg 768w, https:\/\/franciscanos.org.br\/noticias\/wp-content\/uploads\/2020\/04\/segundo_penha_06-150x74.jpg 150w\" sizes=\"(max-width: 1280px) 100vw, 1280px\" \/><\/p>\n<p>&#8220;Quando a gente se encontra com Jesus Cristo, todas as coisas em nossa vida elas mudam, ganham um sentido novo. Tudo se reveste de alegria. E \u00e9 uma alegria que n\u00e3o pode ser tirada de n\u00f3s. Quem se encontra com Jesus, tem uma alegria que n\u00e3o pode ser tirada por nada. Porque \u00e9 justamente a alegria desse encontro que Maria experimentou no seu cora\u00e7\u00e3o quando ela se torna a nova Arca da Alian\u00e7a&#8221;, acrescentou.<\/p>\n<p>&#8220;Agora, quando tudo para, \u00e9 hora de dizer: acolho Jesus Cristo no meu cora\u00e7\u00e3o. \u00c9 hora de dizer: &#8220;fa\u00e7a-se&#8221; mais uma vez na minha vida&#8221;, refor\u00e7ou Pe. Celso.<\/p>\n<p>Para o celebrante, \u00e9 essa alegria que Maria, a partir do Santu\u00e1rio, quer levar a todos: A alegria do encontro com Jesus. &#8220;Vamos pedir a ela, nesses tempos t\u00e3o dif\u00edceis, que nos fa\u00e7a redescobrir essa alegria profunda do encontro com o Cristo, que nada, nem ningu\u00e9m, pode tirar de n\u00f3s!&#8221;, completou.<\/p>\n<div id=\"attachment_223134\" style=\"width: 460px\" class=\"wp-caption alignleft\"><img aria-describedby=\"caption-attachment-223134\" loading=\"lazy\" class=\"wp-image-223134 size-medium\" src=\"https:\/\/franciscanos.org.br\/noticias\/wp-content\/uploads\/2020\/04\/segundo_penha_02-450x237.jpg\" alt=\"\" width=\"450\" height=\"237\" srcset=\"https:\/\/franciscanos.org.br\/noticias\/wp-content\/uploads\/2020\/04\/segundo_penha_02-450x237.jpg 450w, https:\/\/franciscanos.org.br\/noticias\/wp-content\/uploads\/2020\/04\/segundo_penha_02-768x405.jpg 768w, https:\/\/franciscanos.org.br\/noticias\/wp-content\/uploads\/2020\/04\/segundo_penha_02-150x79.jpg 150w, https:\/\/franciscanos.org.br\/noticias\/wp-content\/uploads\/2020\/04\/segundo_penha_02.jpg 931w\" sizes=\"(max-width: 450px) 100vw, 450px\" \/><p id=\"caption-attachment-223134\" class=\"wp-caption-text\"><em>D. Maria da Penha: 100 anos<\/em><\/p><\/div>\n<p><strong>FESTA INTERATIVA<\/strong><\/p>\n<p>O guardi\u00e3o do Convento da Penha, Frei Paulo Pereira, destacou que a festa da Penha n\u00e3o \u00e9 s\u00f3 virtual mas interativa. Ele rendeu gra\u00e7as a Deus pelo anivers\u00e1rio da devota D. Maria da Penha, que fez 100 anos, mostrando a sua foto. A mesma gratid\u00e3o estendeu a todos os aniversariantes desta semana.<\/p>\n<p>Segundo Frei Paulo, a internet n\u00e3o pode ser terreno das mentiras, das <em>fake news<\/em>, mas \u00e9 um universo a ser evangelizado. &#8220;Por isso, a Festa da Penha, nos seus 450 anos, \u00e9 uma edi\u00e7\u00e3o transformadora, hist\u00f3rica, que nos levou para esse mundo. Levamos Jesus Ressuscitado atrav\u00e9s desse mundo virtual&#8221;, disse.\u00a0Segundo Frei Paulo, essa mudan\u00e7a fez com que a Festa da Penha se expanda para outros lugares. &#8220;Por isso, queremos saber de onde voc\u00ea \u00e9. Escreva nos coment\u00e1rios a sua origem&#8221;, pediu Frei Paulo.<\/p>\n<p>Outro pedido de Frei Paulo \u00e9 para ajudar na manuten\u00e7\u00e3o deste Santu\u00e1rio da Padroeira do Esp\u00edrito Santo. Para isso, na foto abaixo est\u00e1 o n\u00famero da conta do Banco do Brasil.<\/p>\n<p><img loading=\"lazy\" class=\"size-medium wp-image-223135 alignright\" src=\"https:\/\/franciscanos.org.br\/noticias\/wp-content\/uploads\/2020\/04\/penha_segundo_01-450x235.jpg\" alt=\"\" width=\"450\" height=\"235\" srcset=\"https:\/\/franciscanos.org.br\/noticias\/wp-content\/uploads\/2020\/04\/penha_segundo_01-450x235.jpg 450w, https:\/\/franciscanos.org.br\/noticias\/wp-content\/uploads\/2020\/04\/penha_segundo_01-768x401.jpg 768w, https:\/\/franciscanos.org.br\/noticias\/wp-content\/uploads\/2020\/04\/penha_segundo_01-150x78.jpg 150w, https:\/\/franciscanos.org.br\/noticias\/wp-content\/uploads\/2020\/04\/penha_segundo_01.jpg 934w\" sizes=\"(max-width: 450px) 100vw, 450px\" \/><\/p>\n<p>Neste ano, a festa tem como tema \u201cTodas as gera\u00e7\u00f5es me chamar\u00e3o bem-aventurada\u201d (Lc 1,48). O canto prof\u00e9tico de Maria no <em>&#8220;Magnificat&#8221;<\/em> prefigura o imenso carinho e devo\u00e7\u00e3o pela Virgem que marcou e marca todos aqueles que a celebraram nestes 450 anos de tradi\u00e7\u00e3o. A festa da Penha \u00e9 fruto de uma semente lan\u00e7ada por Frei Pedro Pal\u00e1cios em 1558, quando chegou ao Brasil com os colonizadores portugueses e desembarcou nas terras capixabas. O frade espanhol trouxe na sua bagagem um painel de Nossa Senhora das 7 Alegrias, que foi colocado numa gruta e deu origem \u00e0 devo\u00e7\u00e3o franciscana que vem at\u00e9 hoje. Ao longo do tempo, essa devo\u00e7\u00e3o cresceu e foi constru\u00eddo o Santu\u00e1rio para a M\u00e3e de Deus no ponto mais alto do penhasco. Desde ent\u00e3o, romeiros visitam o Convento durante todo o ano.<\/p>\n<p><img loading=\"lazy\" class=\"wp-image-223136 size-full\" src=\"https:\/\/franciscanos.org.br\/noticias\/wp-content\/uploads\/2020\/04\/segundo_penha_08.jpg\" alt=\"\" width=\"1280\" height=\"518\" srcset=\"https:\/\/franciscanos.org.br\/noticias\/wp-content\/uploads\/2020\/04\/segundo_penha_08.jpg 1280w, https:\/\/franciscanos.org.br\/noticias\/wp-content\/uploads\/2020\/04\/segundo_penha_08-450x182.jpg 450w, https:\/\/franciscanos.org.br\/noticias\/wp-content\/uploads\/2020\/04\/segundo_penha_08-1024x414.jpg 1024w, https:\/\/franciscanos.org.br\/noticias\/wp-content\/uploads\/2020\/04\/segundo_penha_08-768x311.jpg 768w, https:\/\/franciscanos.org.br\/noticias\/wp-content\/uploads\/2020\/04\/segundo_penha_08-150x61.jpg 150w\" sizes=\"(max-width: 1280px) 100vw, 1280px\" \/><\/p>\n<p style=\"padding-left: 40px;\"><strong>Nesta ter\u00e7a-feira, 14 de abril, a 450\u00aa Festa da Penha tem a seguinte programa\u00e7\u00e3o no terceiro dia do Oitav\u00e1rio:<\/strong><\/p>\n<p><strong>6h00<\/strong> \u2013 B\u00ean\u00e7\u00e3o do dia, com Padre Renato, na TV Gazeta<br \/>\n<strong>12h00<\/strong> \u2013 Ter\u00e7o Mariano \u2013 no <em>Instagram e Facebook<\/em> do Convento da Penha<br \/>\n<strong>13h00<\/strong> \u2013 Exibi\u00e7\u00e3o do Programa Salve M\u00e3e das Alegrias, ao vivo no<em> Instagram, Facebook e Canal do YouTube<\/em> do Convento da Penha<br \/>\n<strong>15h00<\/strong> \u2013 Missa ao vivo no<em> Instagram, Facebook e Canal do YouTube<\/em> do Convento da Penha<br \/>\n<strong>19h30<\/strong> \u2013 Terceiro dia do Oitav\u00e1rio \u2013 Missa, ao vivo no G1\/ES e no <em>Instagram, Facebook e Canal do YouTube<\/em> do Convento da Penha<br \/>\n<strong>20h30<\/strong> \u2013 Festival Amor e Esperan\u00e7a, com apresenta\u00e7\u00f5es art\u00edsticas ao vivo no <em>Instagram<\/em> da TV Gazeta<\/p>\n<hr \/>\n<p><em>(*) Com a transmiss\u00e3o ao vivo pelo Convento da Penha<\/em><\/p>\n","protected":false},"excerpt":{"rendered":"<p>Segundo dia do Oitav\u00e1rio da Festa da Penha<\/p>\n","protected":false},"author":3,"featured_media":223137,"comment_status":"open","ping_status":"open","sticky":false,"template":"","format":"standard","meta":[],"categories":[1],"tags":[245],"acf":[],"yoast_head":"<!-- This site is optimized with the Yoast SEO plugin v19.2 - https:\/\/yoast.com\/wordpress\/plugins\/seo\/ -->\n<title>Festa da Penha: a &#039;Alegria de Maria&#039; para tempos dif\u00edceis - Not\u00edcias - Franciscanos<\/title>\n<meta name=\"robots\" content=\"index, follow, max-snippet:-1, max-image-preview:large, max-video-preview:-1\" \/>\n<link rel=\"canonical\" href=\"https:\/\/franciscanos.org.br\/noticias\/festa-da-penha-a-alegria-de-maria-para-tempos-dificeis.html\" \/>\n<meta property=\"og:locale\" content=\"pt_BR\" \/>\n<meta property=\"og:type\" content=\"article\" \/>\n<meta property=\"og:title\" content=\"Festa da Penha: a &#039;Alegria de Maria&#039; para tempos dif\u00edceis - Not\u00edcias - Franciscanos\" \/>\n<meta property=\"og:description\" content=\"Segundo dia do Oitav\u00e1rio da Festa da Penha\" \/>\n<meta property=\"og:url\" content=\"https:\/\/franciscanos.org.br\/noticias\/festa-da-penha-a-alegria-de-maria-para-tempos-dificeis.html\" \/>\n<meta property=\"og:site_name\" content=\"Not\u00edcias - Franciscanos\" \/>\n<meta property=\"article:published_time\" content=\"2020-04-14T00:44:11+00:00\" \/>\n<meta property=\"article:modified_time\" content=\"2020-04-14T00:59:28+00:00\" \/>\n<meta property=\"og:image\" content=\"https:\/\/franciscanos.org.br\/noticias\/wp-content\/uploads\/2020\/04\/segundo_penha_03d.jpg\" \/>\n\t<meta property=\"og:image:width\" content=\"800\" \/>\n\t<meta property=\"og:image:height\" content=\"600\" \/>\n\t<meta property=\"og:image:type\" content=\"image\/jpeg\" \/>\n<meta name=\"author\" content=\"moacir\" \/>\n<meta name=\"twitter:card\" content=\"summary_large_image\" \/>\n<meta name=\"twitter:label1\" content=\"Escrito por\" \/>\n\t<meta name=\"twitter:data1\" content=\"moacir\" \/>\n\t<meta name=\"twitter:label2\" content=\"Est. tempo de leitura\" \/>\n\t<meta name=\"twitter:data2\" content=\"6 minutos\" \/>\n<script type=\"application\/ld+json\" class=\"yoast-schema-graph\">{\"@context\":\"https:\/\/schema.org\",\"@graph\":[{\"@type\":\"WebSite\",\"@id\":\"https:\/\/franciscanos.org.br\/noticias\/#website\",\"url\":\"https:\/\/franciscanos.org.br\/noticias\/\",\"name\":\"Not\u00edcias - Franciscanos\",\"description\":\"Prov\u00edncia Franciscana da Imaculada Concei\u00e7\u00e3o do Brasil - Ordem dos Frades Menores - OFM\",\"potentialAction\":[{\"@type\":\"SearchAction\",\"target\":{\"@type\":\"EntryPoint\",\"urlTemplate\":\"https:\/\/franciscanos.org.br\/noticias\/?s={search_term_string}\"},\"query-input\":\"required name=search_term_string\"}],\"inLanguage\":\"pt-BR\"},{\"@type\":\"ImageObject\",\"inLanguage\":\"pt-BR\",\"@id\":\"https:\/\/franciscanos.org.br\/noticias\/festa-da-penha-a-alegria-de-maria-para-tempos-dificeis.html#primaryimage\",\"url\":\"https:\/\/franciscanos.org.br\/noticias\/wp-content\/uploads\/2020\/04\/segundo_penha_03d.jpg\",\"contentUrl\":\"https:\/\/franciscanos.org.br\/noticias\/wp-content\/uploads\/2020\/04\/segundo_penha_03d.jpg\",\"width\":800,\"height\":600},{\"@type\":\"WebPage\",\"@id\":\"https:\/\/franciscanos.org.br\/noticias\/festa-da-penha-a-alegria-de-maria-para-tempos-dificeis.html#webpage\",\"url\":\"https:\/\/franciscanos.org.br\/noticias\/festa-da-penha-a-alegria-de-maria-para-tempos-dificeis.html\",\"name\":\"Festa da Penha: a 'Alegria de Maria' para tempos dif\u00edceis - Not\u00edcias - Franciscanos\",\"isPartOf\":{\"@id\":\"https:\/\/franciscanos.org.br\/noticias\/#website\"},\"primaryImageOfPage\":{\"@id\":\"https:\/\/franciscanos.org.br\/noticias\/festa-da-penha-a-alegria-de-maria-para-tempos-dificeis.html#primaryimage\"},\"datePublished\":\"2020-04-14T00:44:11+00:00\",\"dateModified\":\"2020-04-14T00:59:28+00:00\",\"author\":{\"@id\":\"https:\/\/franciscanos.org.br\/noticias\/#\/schema\/person\/b5c8cba458c330ccff548b056e95a5d4\"},\"breadcrumb\":{\"@id\":\"https:\/\/franciscanos.org.br\/noticias\/festa-da-penha-a-alegria-de-maria-para-tempos-dificeis.html#breadcrumb\"},\"inLanguage\":\"pt-BR\",\"potentialAction\":[{\"@type\":\"ReadAction\",\"target\":[\"https:\/\/franciscanos.org.br\/noticias\/festa-da-penha-a-alegria-de-maria-para-tempos-dificeis.html\"]}]},{\"@type\":\"BreadcrumbList\",\"@id\":\"https:\/\/franciscanos.org.br\/noticias\/festa-da-penha-a-alegria-de-maria-para-tempos-dificeis.html#breadcrumb\",\"itemListElement\":[{\"@type\":\"ListItem\",\"position\":1,\"name\":\"Home\",\"item\":\"https:\/\/franciscanos.org.br\/noticias\"},{\"@type\":\"ListItem\",\"position\":2,\"name\":\"Festa da Penha: a &#8216;Alegria de Maria&#8217; para tempos dif\u00edceis\"}]},{\"@type\":\"Person\",\"@id\":\"https:\/\/franciscanos.org.br\/noticias\/#\/schema\/person\/b5c8cba458c330ccff548b056e95a5d4\",\"name\":\"moacir\",\"image\":{\"@type\":\"ImageObject\",\"inLanguage\":\"pt-BR\",\"@id\":\"https:\/\/franciscanos.org.br\/noticias\/#\/schema\/person\/image\/\",\"url\":\"https:\/\/secure.gravatar.com\/avatar\/d08aa2ce4c8dd416d4479aa8536fcf64?s=96&d=mm&r=g\",\"contentUrl\":\"https:\/\/secure.gravatar.com\/avatar\/d08aa2ce4c8dd416d4479aa8536fcf64?s=96&d=mm&r=g\",\"caption\":\"moacir\"},\"url\":\"https:\/\/franciscanos.org.br\/noticias\/author\/moacir\"}]}<\/script>\n<!-- \/ Yoast SEO plugin. -->","yoast_head_json":{"title":"Festa da Penha: a 'Alegria de Maria' para tempos dif\u00edceis - Not\u00edcias - Franciscanos","robots":{"index":"index","follow":"follow","max-snippet":"max-snippet:-1","max-image-preview":"max-image-preview:large","max-video-preview":"max-video-preview:-1"},"canonical":"https:\/\/franciscanos.org.br\/noticias\/festa-da-penha-a-alegria-de-maria-para-tempos-dificeis.html","og_locale":"pt_BR","og_type":"article","og_title":"Festa da Penha: a 'Alegria de Maria' para tempos dif\u00edceis - Not\u00edcias - Franciscanos","og_description":"Segundo dia do Oitav\u00e1rio da Festa da Penha","og_url":"https:\/\/franciscanos.org.br\/noticias\/festa-da-penha-a-alegria-de-maria-para-tempos-dificeis.html","og_site_name":"Not\u00edcias - Franciscanos","article_published_time":"2020-04-14T00:44:11+00:00","article_modified_time":"2020-04-14T00:59:28+00:00","og_image":[{"width":800,"height":600,"url":"https:\/\/franciscanos.org.br\/noticias\/wp-content\/uploads\/2020\/04\/segundo_penha_03d.jpg","type":"image\/jpeg"}],"author":"moacir","twitter_card":"summary_large_image","twitter_misc":{"Escrito por":"moacir","Est. tempo de leitura":"6 minutos"},"schema":{"@context":"https:\/\/schema.org","@graph":[{"@type":"WebSite","@id":"https:\/\/franciscanos.org.br\/noticias\/#website","url":"https:\/\/franciscanos.org.br\/noticias\/","name":"Not\u00edcias - Franciscanos","description":"Prov\u00edncia Franciscana da Imaculada Concei\u00e7\u00e3o do Brasil - Ordem dos Frades Menores - OFM","potentialAction":[{"@type":"SearchAction","target":{"@type":"EntryPoint","urlTemplate":"https:\/\/franciscanos.org.br\/noticias\/?s={search_term_string}"},"query-input":"required name=search_term_string"}],"inLanguage":"pt-BR"},{"@type":"ImageObject","inLanguage":"pt-BR","@id":"https:\/\/franciscanos.org.br\/noticias\/festa-da-penha-a-alegria-de-maria-para-tempos-dificeis.html#primaryimage","url":"https:\/\/franciscanos.org.br\/noticias\/wp-content\/uploads\/2020\/04\/segundo_penha_03d.jpg","contentUrl":"https:\/\/franciscanos.org.br\/noticias\/wp-content\/uploads\/2020\/04\/segundo_penha_03d.jpg","width":800,"height":600},{"@type":"WebPage","@id":"https:\/\/franciscanos.org.br\/noticias\/festa-da-penha-a-alegria-de-maria-para-tempos-dificeis.html#webpage","url":"https:\/\/franciscanos.org.br\/noticias\/festa-da-penha-a-alegria-de-maria-para-tempos-dificeis.html","name":"Festa da Penha: a 'Alegria de Maria' para tempos dif\u00edceis - Not\u00edcias - Franciscanos","isPartOf":{"@id":"https:\/\/franciscanos.org.br\/noticias\/#website"},"primaryImageOfPage":{"@id":"https:\/\/franciscanos.org.br\/noticias\/festa-da-penha-a-alegria-de-maria-para-tempos-dificeis.html#primaryimage"},"datePublished":"2020-04-14T00:44:11+00:00","dateModified":"2020-04-14T00:59:28+00:00","author":{"@id":"https:\/\/franciscanos.org.br\/noticias\/#\/schema\/person\/b5c8cba458c330ccff548b056e95a5d4"},"breadcrumb":{"@id":"https:\/\/franciscanos.org.br\/noticias\/festa-da-penha-a-alegria-de-maria-para-tempos-dificeis.html#breadcrumb"},"inLanguage":"pt-BR","potentialAction":[{"@type":"ReadAction","target":["https:\/\/franciscanos.org.br\/noticias\/festa-da-penha-a-alegria-de-maria-para-tempos-dificeis.html"]}]},{"@type":"BreadcrumbList","@id":"https:\/\/franciscanos.org.br\/noticias\/festa-da-penha-a-alegria-de-maria-para-tempos-dificeis.html#breadcrumb","itemListElement":[{"@type":"ListItem","position":1,"name":"Home","item":"https:\/\/franciscanos.org.br\/noticias"},{"@type":"ListItem","position":2,"name":"Festa da Penha: a &#8216;Alegria de Maria&#8217; para tempos dif\u00edceis"}]},{"@type":"Person","@id":"https:\/\/franciscanos.org.br\/noticias\/#\/schema\/person\/b5c8cba458c330ccff548b056e95a5d4","name":"moacir","image":{"@type":"ImageObject","inLanguage":"pt-BR","@id":"https:\/\/franciscanos.org.br\/noticias\/#\/schema\/person\/image\/","url":"https:\/\/secure.gravatar.com\/avatar\/d08aa2ce4c8dd416d4479aa8536fcf64?s=96&d=mm&r=g","contentUrl":"https:\/\/secure.gravatar.com\/avatar\/d08aa2ce4c8dd416d4479aa8536fcf64?s=96&d=mm&r=g","caption":"moacir"},"url":"https:\/\/franciscanos.org.br\/noticias\/author\/moacir"}]}},"_links":{"self":[{"href":"https:\/\/franciscanos.org.br\/noticias\/wp-json\/wp\/v2\/posts\/223129"}],"collection":[{"href":"https:\/\/franciscanos.org.br\/noticias\/wp-json\/wp\/v2\/posts"}],"about":[{"href":"https:\/\/franciscanos.org.br\/noticias\/wp-json\/wp\/v2\/types\/post"}],"author":[{"embeddable":true,"href":"https:\/\/franciscanos.org.br\/noticias\/wp-json\/wp\/v2\/users\/3"}],"replies":[{"embeddable":true,"href":"https:\/\/franciscanos.org.br\/noticias\/wp-json\/wp\/v2\/comments?post=223129"}],"version-history":[{"count":5,"href":"https:\/\/franciscanos.org.br\/noticias\/wp-json\/wp\/v2\/posts\/223129\/revisions"}],"predecessor-version":[{"id":223140,"href":"https:\/\/franciscanos.org.br\/noticias\/wp-json\/wp\/v2\/posts\/223129\/revisions\/223140"}],"wp:featuredmedia":[{"embeddable":true,"href":"https:\/\/franciscanos.org.br\/noticias\/wp-json\/wp\/v2\/media\/223137"}],"wp:attachment":[{"href":"https:\/\/franciscanos.org.br\/noticias\/wp-json\/wp\/v2\/media?parent=223129"}],"wp:term":[{"taxonomy":"category","embeddable":true,"href":"https:\/\/franciscanos.org.br\/noticias\/wp-json\/wp\/v2\/categories?post=223129"},{"taxonomy":"post_tag","embeddable":true,"href":"https:\/\/franciscanos.org.br\/noticias\/wp-json\/wp\/v2\/tags?post=223129"}],"curies":[{"name":"wp","href":"https:\/\/api.w.org\/{rel}","templated":true}]}}