{"id":223123,"date":"2020-04-13T09:48:14","date_gmt":"2020-04-13T12:48:14","guid":{"rendered":"https:\/\/franciscanos.org.br\/noticias\/?p=223123"},"modified":"2020-09-22T14:39:32","modified_gmt":"2020-09-22T17:39:32","slug":"terrasanta","status":"publish","type":"post","link":"https:\/\/franciscanos.org.br\/noticias\/terrasanta.html","title":{"rendered":"Mensagem\u200c \u200cde\u200c \u200cP\u00e1scoa\u200c \u200c do Cust\u00f3dio\u200c \u200cda\u200c \u200cTerra\u200c \u200cSanta\u200c \u200c"},"content":{"rendered":"<h3><img loading=\"lazy\" class=\"alignnone size-full wp-image-228424\" src=\"https:\/\/franciscanos.org.br\/noticias\/wp-content\/uploads\/2020\/04\/patton-1.jpg\" alt=\"\" width=\"890\" height=\"501\" srcset=\"https:\/\/franciscanos.org.br\/noticias\/wp-content\/uploads\/2020\/04\/patton-1.jpg 890w, https:\/\/franciscanos.org.br\/noticias\/wp-content\/uploads\/2020\/04\/patton-1-450x253.jpg 450w, https:\/\/franciscanos.org.br\/noticias\/wp-content\/uploads\/2020\/04\/patton-1-768x432.jpg 768w, https:\/\/franciscanos.org.br\/noticias\/wp-content\/uploads\/2020\/04\/patton-1-150x84.jpg 150w\" sizes=\"(max-width: 890px) 100vw, 890px\" \/><\/h3>\n<h3><em><strong>Anuncie que\u200c \u200ca\u200c \u200cmorte\u200c \u200cfoi\u200c \u200cvencida,\u200c \u200cpara\u200c \u200csempre!\u200c \u200c<\/strong><\/em><\/h3>\n<p>Estamos\u200c \u200cdentro\u200c \u200cda\u200c \u200cBas\u00edlica\u200c \u200cdo\u200c \u200cSanto\u200c \u200cSepulcro,\u200c \u200ca\u200c \u200calguns\u200c \u200cpassos\u200c daqui,\u200c \u200cest\u00e1\u200c \u200co t\u00famulo\u200c \u200cvazio,\u200c \u200conde\u200c \u200co\u200c \u200ccorpo\u200c \u200cde\u200c \u200cJesus\u200c \u200cfoi\u200c \u200csepultado\u200c \u200cna\u200c \u200cnoite\u200c \u200cda\u200c \u200cSexta-feira\u200c Santa\u200c \u200ce,\u200c \u200ca\u200c \u200cpoucos\u200c \u200cmetros,\u200c \u200cmais\u200c \u200cacima,\u200c \u200c est\u00e1\u200c \u200co\u200c \u200cCalv\u00e1rio,\u200c \u200conde\u200c \u200calgumas\u200c \u200choras\u200c \u200cantes\u200c \u200cJesus\u200c \u200cfoi\u200c \u200ccrucificado\u200c \u200ce\u200c \u200cmorto.\u200c \u200c<\/p>\n<p>Se\u200c \u200catrav\u00e9s\u200c \u200cda\u200c \u200cimagina\u00e7\u00e3o\u200c \u200cvoltarmos\u200c \u200cno\u200c \u200ctempo\u200c \u200cpara\u200c \u200ca\u200c \u200cmanh\u00e3\u200c \u200cde\u200c \u200c P\u00e1scoa,\u200c \u200cno\u200c \u200clugar\u200c \u200cda\u200c \u200cbas\u00edlica,\u200c \u200cveremos\u200c \u200cuma\u200c \u200cpedreira\u200c \u200cabandonada,\u200c \u200c um\u200c \u200csepulcro\u200c \u200cnovo escavado\u200c \u200cna\u200c \u200crocha\u200c \u200ce\u200c \u200cuma\u200c \u200cgrande\u200c \u200cpedra\u200c \u200credonda\u200c \u200cque\u200c \u200cfoi\u200c \u200crolada.\u200c \u200cAqui,\u200c \u200conde estou,\u200c \u200cem\u200c \u200cvez\u200c \u200cdo\u200c \u200cpiso\u200c \u200cde\u200c \u200cm\u00e1rmore,\u200c \u200cveremos\u200c \u200ca\u200c \u200cgrama\u200c \u200cverde\u200c \u200cda\u200c \u200cprimavera, talvez\u200c \u200cat\u00e9\u200c \u200calgumas\u200c \u200c\u00e1rvores\u200c \u200cfloridas.\u200c \u200c<\/p>\n<p>\u00c9\u200c \u200caqui,\u200c \u200cque\u200c \u200cna\u200c \u200cmanh\u00e3\u200c \u200cda\u200c \u200cP\u00e1scoa,\u200c \u200cquando\u200c \u200cainda\u200c \u200cera\u200c \u200cmadrugada\u200c \u200c escura,\u200c \u200cMaria Madalena\u200c \u200cveio\u200c \u200ccompletar\u200c \u200co\u200c \u200csepultamento\u200c \u200cde\u200c \u200cJesus.\u200c \u200c Imagino\u200c \u200cseus\u200c \u200cp\u00e9s\u200c \u200cbanhados\u200c \u200cem\u200c \u200corvalho,\u200c \u200cenquanto\u200c \u200cse\u200c \u200caproxima\u200c do\u200c \u200cSepulcro.\u200c \u200cA\u200c \u200cluz\u200c \u200cdo\u200c \u200csol\u200c \u200cainda\u200c \u200cn\u00e3o\u200c \u200csurgira,\u200c \u200cmas\u200c \u200cno\u200c \u200cinstante\u200c \u200cda\u200c \u200c aurora,\u200c \u200ccome\u00e7a-se\u200c \u200ca\u200c \u200cdistinguir\u200c \u200co\u200c \u200ccontorno\u200c \u200cdas\u200c \u200ccoisas.\u200c<\/p>\n<p>O\u200c \u200ct\u00famulo\u200c \u200cest\u00e1\u200c \u200cvazio.\u200c \u200cJesus\u200c \u200cn\u00e3o\u200c \u200ctinha\u200c \u200capenas\u200c \u200csido\u200c \u200cmorto,\u200c \u200cmas\u200c \u200c algu\u00e9m\u200c \u200ctamb\u00e9m o\u200c \u200cfez\u200c \u200cdesaparecer.\u200c \u200cMaria\u200c \u200colha\u200c \u200cpara\u200c \u200cdentro\u200c \u200cdo\u200c \u200csepulcro,\u200c \u200cmas\u200c \u200cn\u00e3o\u200c \u200cv\u00ea\u200c \u200cningu\u00e9m,\u200c \u200capenas\u200c \u200cum\u200c \u200clen\u00e7ol\u200c \u200cafrouxado\u200c \u200ce\u200c \u200cvazio.\u200c \u200cLhe\u200c \u200cfalta\u200c \u200co\u200c \u200car.\u200c \u200cTorna\u200c \u200cao\u200c \u200cexterno\u200c \u200ce\u200c \u200ccome\u00e7a a\u200c \u200cchorar,\u200c \u200cn\u00e3o\u200c \u200cpode\u200c \u200csequer\u200c \u200chonrar\u200c \u200co\u200c \u200ccorpo\u200c \u200cde\u200c \u200cJesus,\u200c \u200cque\u200c \u200ca\u200c \u200clibertou\u200c \u200cde\u200c \u200csete\u200c \u200cdem\u00f4nios\u200c \u200ce\u200c \u200clhe\u200c \u200crestituiu\u200c \u200ca\u200c \u200cvida.\u200c \u200c<br \/>\nNas\u200c \u200csombras\u200c \u200cdo\u200c \u200cjardim,\u200c \u200cela\u200c \u200cv\u00ea\u200c \u200ca\u200c \u200csilhueta\u200c \u200cde\u200c \u200cum\u200c \u200chomem\u200c \u200cque\u200c \u200cse\u200c \u200caproxima\u200c \u200ce pergunta:\u200c \u200c&#8221;Mulher,\u200c \u200cpor\u200c \u200cque\u200c \u200cvoc\u00ea\u200c \u200cest\u00e1\u200c \u200cchorando?\u200c \u200c<\/p>\n<p>Quem\u200c \u200cvoc\u00ea\u200c \u200cest\u00e1\u200c \u200cprocurando?&#8221;\u200c \u200cNo\u200c \u200ctimbre\u200c \u200cdaquela\u200c \u200cvoz,\u200c \u200ch\u00e1\u200c \u200co\u200c \u200ceco\u200c de\u200c \u200cuma\u200c \u200cvoz\u200c impressa\u200c \u200cna\u200c \u200cmem\u00f3ria\u200c \u200cde\u200c \u200cseu\u200c \u200ccora\u00e7\u00e3o.\u200c \u200cPor\u00e9m,\u200c \u200cela\u200c \u200cn\u00e3o\u200c \u200cconsegue\u200c \u200cpensar\u200c \u200cem\u200c \u200cnada\u200c \u200cal\u00e9m\u200c \u200cde\u200c \u200cum\u200c \u200cjardineiro.\u200c \u200cQuando,\u200c \u200c no\u200c \u200centanto,\u200c \u200caquela\u200c \u200cvoz\u200c \u200cnovamente\u200c \u200cse torna\u200c \u200cpalavra\u200c \u200ce\u200c \u200cpronuncia\u200c \u200cseu\u200c \u200cnome:\u200c \u200c&#8221;Maria!&#8221;,\u200c \u200cEla\u200c \u200cimediatamente\u200c \u200co\u200c \u200creconhece: &#8220;Rabino,\u200c \u200cque\u200c \u200csignifica\u200c \u200cMestre!&#8221;.\u200c<\/p>\n<p>Ela\u200c \u200cgostaria\u200c \u200cde\u200c \u200ctoc\u00e1-lo\u200c \u200cpor\u200c \u200creceio\u200c \u200cque\u200c \u200cfosse\u200c \u200cuma\u200c \u200cilus\u00e3o,\u200c \u200cuma\u200c \u200calucina\u00e7\u00e3o\u200c \u200cou\u200c \u200cum\u200c \u200cfantasma.\u200c \u200cEm\u200c \u200cvez\u200c \u200cdisso,\u200c \u200c\u00e9\u200c \u200cEle\u200c \u200cpr\u00f3prio,\u200c \u200cJesus,\u200c \u200cressuscitado\u200c \u200ce\u200c \u200cvivo,\u200c \u200cque\u200c \u200clhe\u200c \u200cdiz:\u200c \u200c\u201cN\u00e3o\u200c \u200cme\u200c \u200ctoques,\u200c \u200cmas\u200c \u200cv\u00e1\u200c \u200cat\u00e9\u200c \u200cos\u200c \u200cmeus\u200c \u200cirm\u00e3os\u200c \u200ce\u200c \u200cdiga-lhes\u200c \u200cque\u200c \u200cme\u200c \u200cencontrou! Diga-lhes\u200c \u200cque\u200c \u200cestou\u200c \u200cvivo!\u200c \u200cDiga-lhes\u200c \u200cque\u200c \u200cmeu\u200c \u200ct\u00famulo\u200c \u200cest\u00e1\u200c \u200cvazio!\u200c \u200cDiga-lhes\u200c \u200cque a\u200c \u200cmorte\u200c \u200cfoi\u200c \u200cvencida,\u200c \u200cpara\u200c \u200csempre!&#8221;.\u200c \u200c<\/p>\n<p>Aqui,\u200c \u200cneste\u200c \u200clugar,\u200c \u200cdiante\u200c \u200cdesta\u200c \u200ccena,\u200c \u200ccompreendo\u200c \u200cque\u200c \u200ca\u200c \u200cesperan\u00e7a\u200c \u200cn\u00e3o\u200c \u200c\u00e9\u200c \u200ca proje\u00e7\u00e3o\u200c \u200cdos\u200c \u200cmeus\u200c \u200cdesejos,\u200c \u200cmas\u200c \u200c\u00e9\u200c \u200cJesus\u200c Ressuscitado\u200c \u200cque\u200c \u200cvenceu\u200c \u200ca\u200c \u200cmorte.\u200c \u200c<\/p>\n<p><strong> Fr.\u200c \u200cFrancesco\u200c \u200cPatton,\u200c \u200cofm\u200c , <\/strong><\/p>\n<p><em><strong>Cust\u00f3dio\u200c \u200cda\u200c \u200cTerra\u200c \u200cSanta\u200c \u200c<\/strong><\/em><\/p>\n","protected":false},"excerpt":{"rendered":"<p>Cust\u00f3dia da Terra Santa<\/p>\n","protected":false},"author":3,"featured_media":228425,"comment_status":"open","ping_status":"open","sticky":false,"template":"","format":"standard","meta":[],"categories":[1],"tags":[1429],"acf":[],"yoast_head":"<!-- This site is optimized with the Yoast SEO plugin v19.2 - https:\/\/yoast.com\/wordpress\/plugins\/seo\/ -->\n<title>Mensagem\u200c \u200cde\u200c \u200cP\u00e1scoa\u200c \u200c do Cust\u00f3dio\u200c \u200cda\u200c \u200cTerra\u200c \u200cSanta\u200c \u200c - Not\u00edcias - Franciscanos<\/title>\n<meta name=\"robots\" content=\"index, follow, max-snippet:-1, max-image-preview:large, max-video-preview:-1\" \/>\n<link rel=\"canonical\" href=\"https:\/\/franciscanos.org.br\/noticias\/terrasanta.html\" \/>\n<meta property=\"og:locale\" content=\"pt_BR\" \/>\n<meta property=\"og:type\" content=\"article\" \/>\n<meta property=\"og:title\" content=\"Mensagem\u200c \u200cde\u200c \u200cP\u00e1scoa\u200c \u200c do Cust\u00f3dio\u200c \u200cda\u200c \u200cTerra\u200c \u200cSanta\u200c \u200c - Not\u00edcias - Franciscanos\" \/>\n<meta property=\"og:description\" content=\"Cust\u00f3dia da Terra Santa\" \/>\n<meta property=\"og:url\" content=\"https:\/\/franciscanos.org.br\/noticias\/terrasanta.html\" \/>\n<meta property=\"og:site_name\" content=\"Not\u00edcias - Franciscanos\" \/>\n<meta property=\"article:published_time\" content=\"2020-04-13T12:48:14+00:00\" \/>\n<meta property=\"article:modified_time\" content=\"2020-09-22T17:39:32+00:00\" \/>\n<meta property=\"og:image\" content=\"https:\/\/franciscanos.org.br\/noticias\/wp-content\/uploads\/2020\/04\/patton-2.jpg\" \/>\n\t<meta property=\"og:image:width\" content=\"800\" \/>\n\t<meta property=\"og:image:height\" content=\"600\" \/>\n\t<meta property=\"og:image:type\" content=\"image\/jpeg\" \/>\n<meta name=\"author\" content=\"moacir\" \/>\n<meta name=\"twitter:card\" content=\"summary_large_image\" \/>\n<meta name=\"twitter:label1\" content=\"Escrito por\" \/>\n\t<meta name=\"twitter:data1\" content=\"moacir\" \/>\n\t<meta name=\"twitter:label2\" content=\"Est. tempo de leitura\" \/>\n\t<meta name=\"twitter:data2\" content=\"2 minutos\" \/>\n<script type=\"application\/ld+json\" class=\"yoast-schema-graph\">{\"@context\":\"https:\/\/schema.org\",\"@graph\":[{\"@type\":\"WebSite\",\"@id\":\"https:\/\/franciscanos.org.br\/noticias\/#website\",\"url\":\"https:\/\/franciscanos.org.br\/noticias\/\",\"name\":\"Not\u00edcias - Franciscanos\",\"description\":\"Prov\u00edncia Franciscana da Imaculada Concei\u00e7\u00e3o do Brasil - Ordem dos Frades Menores - OFM\",\"potentialAction\":[{\"@type\":\"SearchAction\",\"target\":{\"@type\":\"EntryPoint\",\"urlTemplate\":\"https:\/\/franciscanos.org.br\/noticias\/?s={search_term_string}\"},\"query-input\":\"required name=search_term_string\"}],\"inLanguage\":\"pt-BR\"},{\"@type\":\"ImageObject\",\"inLanguage\":\"pt-BR\",\"@id\":\"https:\/\/franciscanos.org.br\/noticias\/terrasanta.html#primaryimage\",\"url\":\"https:\/\/franciscanos.org.br\/noticias\/wp-content\/uploads\/2020\/04\/patton-2.jpg\",\"contentUrl\":\"https:\/\/franciscanos.org.br\/noticias\/wp-content\/uploads\/2020\/04\/patton-2.jpg\",\"width\":800,\"height\":600},{\"@type\":\"WebPage\",\"@id\":\"https:\/\/franciscanos.org.br\/noticias\/terrasanta.html#webpage\",\"url\":\"https:\/\/franciscanos.org.br\/noticias\/terrasanta.html\",\"name\":\"Mensagem\u200c \u200cde\u200c \u200cP\u00e1scoa\u200c \u200c do Cust\u00f3dio\u200c \u200cda\u200c \u200cTerra\u200c \u200cSanta\u200c \u200c - Not\u00edcias - Franciscanos\",\"isPartOf\":{\"@id\":\"https:\/\/franciscanos.org.br\/noticias\/#website\"},\"primaryImageOfPage\":{\"@id\":\"https:\/\/franciscanos.org.br\/noticias\/terrasanta.html#primaryimage\"},\"datePublished\":\"2020-04-13T12:48:14+00:00\",\"dateModified\":\"2020-09-22T17:39:32+00:00\",\"author\":{\"@id\":\"https:\/\/franciscanos.org.br\/noticias\/#\/schema\/person\/b5c8cba458c330ccff548b056e95a5d4\"},\"breadcrumb\":{\"@id\":\"https:\/\/franciscanos.org.br\/noticias\/terrasanta.html#breadcrumb\"},\"inLanguage\":\"pt-BR\",\"potentialAction\":[{\"@type\":\"ReadAction\",\"target\":[\"https:\/\/franciscanos.org.br\/noticias\/terrasanta.html\"]}]},{\"@type\":\"BreadcrumbList\",\"@id\":\"https:\/\/franciscanos.org.br\/noticias\/terrasanta.html#breadcrumb\",\"itemListElement\":[{\"@type\":\"ListItem\",\"position\":1,\"name\":\"Home\",\"item\":\"https:\/\/franciscanos.org.br\/noticias\"},{\"@type\":\"ListItem\",\"position\":2,\"name\":\"Mensagem\u200c \u200cde\u200c \u200cP\u00e1scoa\u200c \u200c do Cust\u00f3dio\u200c \u200cda\u200c \u200cTerra\u200c \u200cSanta\u200c \u200c\"}]},{\"@type\":\"Person\",\"@id\":\"https:\/\/franciscanos.org.br\/noticias\/#\/schema\/person\/b5c8cba458c330ccff548b056e95a5d4\",\"name\":\"moacir\",\"image\":{\"@type\":\"ImageObject\",\"inLanguage\":\"pt-BR\",\"@id\":\"https:\/\/franciscanos.org.br\/noticias\/#\/schema\/person\/image\/\",\"url\":\"https:\/\/secure.gravatar.com\/avatar\/d08aa2ce4c8dd416d4479aa8536fcf64?s=96&d=mm&r=g\",\"contentUrl\":\"https:\/\/secure.gravatar.com\/avatar\/d08aa2ce4c8dd416d4479aa8536fcf64?s=96&d=mm&r=g\",\"caption\":\"moacir\"},\"url\":\"https:\/\/franciscanos.org.br\/noticias\/author\/moacir\"}]}<\/script>\n<!-- \/ Yoast SEO plugin. -->","yoast_head_json":{"title":"Mensagem\u200c \u200cde\u200c \u200cP\u00e1scoa\u200c \u200c do Cust\u00f3dio\u200c \u200cda\u200c \u200cTerra\u200c \u200cSanta\u200c \u200c - Not\u00edcias - Franciscanos","robots":{"index":"index","follow":"follow","max-snippet":"max-snippet:-1","max-image-preview":"max-image-preview:large","max-video-preview":"max-video-preview:-1"},"canonical":"https:\/\/franciscanos.org.br\/noticias\/terrasanta.html","og_locale":"pt_BR","og_type":"article","og_title":"Mensagem\u200c \u200cde\u200c \u200cP\u00e1scoa\u200c \u200c do Cust\u00f3dio\u200c \u200cda\u200c \u200cTerra\u200c \u200cSanta\u200c \u200c - Not\u00edcias - Franciscanos","og_description":"Cust\u00f3dia da Terra Santa","og_url":"https:\/\/franciscanos.org.br\/noticias\/terrasanta.html","og_site_name":"Not\u00edcias - Franciscanos","article_published_time":"2020-04-13T12:48:14+00:00","article_modified_time":"2020-09-22T17:39:32+00:00","og_image":[{"width":800,"height":600,"url":"https:\/\/franciscanos.org.br\/noticias\/wp-content\/uploads\/2020\/04\/patton-2.jpg","type":"image\/jpeg"}],"author":"moacir","twitter_card":"summary_large_image","twitter_misc":{"Escrito por":"moacir","Est. tempo de leitura":"2 minutos"},"schema":{"@context":"https:\/\/schema.org","@graph":[{"@type":"WebSite","@id":"https:\/\/franciscanos.org.br\/noticias\/#website","url":"https:\/\/franciscanos.org.br\/noticias\/","name":"Not\u00edcias - Franciscanos","description":"Prov\u00edncia Franciscana da Imaculada Concei\u00e7\u00e3o do Brasil - Ordem dos Frades Menores - OFM","potentialAction":[{"@type":"SearchAction","target":{"@type":"EntryPoint","urlTemplate":"https:\/\/franciscanos.org.br\/noticias\/?s={search_term_string}"},"query-input":"required name=search_term_string"}],"inLanguage":"pt-BR"},{"@type":"ImageObject","inLanguage":"pt-BR","@id":"https:\/\/franciscanos.org.br\/noticias\/terrasanta.html#primaryimage","url":"https:\/\/franciscanos.org.br\/noticias\/wp-content\/uploads\/2020\/04\/patton-2.jpg","contentUrl":"https:\/\/franciscanos.org.br\/noticias\/wp-content\/uploads\/2020\/04\/patton-2.jpg","width":800,"height":600},{"@type":"WebPage","@id":"https:\/\/franciscanos.org.br\/noticias\/terrasanta.html#webpage","url":"https:\/\/franciscanos.org.br\/noticias\/terrasanta.html","name":"Mensagem\u200c \u200cde\u200c \u200cP\u00e1scoa\u200c \u200c do Cust\u00f3dio\u200c \u200cda\u200c \u200cTerra\u200c \u200cSanta\u200c \u200c - Not\u00edcias - Franciscanos","isPartOf":{"@id":"https:\/\/franciscanos.org.br\/noticias\/#website"},"primaryImageOfPage":{"@id":"https:\/\/franciscanos.org.br\/noticias\/terrasanta.html#primaryimage"},"datePublished":"2020-04-13T12:48:14+00:00","dateModified":"2020-09-22T17:39:32+00:00","author":{"@id":"https:\/\/franciscanos.org.br\/noticias\/#\/schema\/person\/b5c8cba458c330ccff548b056e95a5d4"},"breadcrumb":{"@id":"https:\/\/franciscanos.org.br\/noticias\/terrasanta.html#breadcrumb"},"inLanguage":"pt-BR","potentialAction":[{"@type":"ReadAction","target":["https:\/\/franciscanos.org.br\/noticias\/terrasanta.html"]}]},{"@type":"BreadcrumbList","@id":"https:\/\/franciscanos.org.br\/noticias\/terrasanta.html#breadcrumb","itemListElement":[{"@type":"ListItem","position":1,"name":"Home","item":"https:\/\/franciscanos.org.br\/noticias"},{"@type":"ListItem","position":2,"name":"Mensagem\u200c \u200cde\u200c \u200cP\u00e1scoa\u200c \u200c do Cust\u00f3dio\u200c \u200cda\u200c \u200cTerra\u200c \u200cSanta\u200c \u200c"}]},{"@type":"Person","@id":"https:\/\/franciscanos.org.br\/noticias\/#\/schema\/person\/b5c8cba458c330ccff548b056e95a5d4","name":"moacir","image":{"@type":"ImageObject","inLanguage":"pt-BR","@id":"https:\/\/franciscanos.org.br\/noticias\/#\/schema\/person\/image\/","url":"https:\/\/secure.gravatar.com\/avatar\/d08aa2ce4c8dd416d4479aa8536fcf64?s=96&d=mm&r=g","contentUrl":"https:\/\/secure.gravatar.com\/avatar\/d08aa2ce4c8dd416d4479aa8536fcf64?s=96&d=mm&r=g","caption":"moacir"},"url":"https:\/\/franciscanos.org.br\/noticias\/author\/moacir"}]}},"_links":{"self":[{"href":"https:\/\/franciscanos.org.br\/noticias\/wp-json\/wp\/v2\/posts\/223123"}],"collection":[{"href":"https:\/\/franciscanos.org.br\/noticias\/wp-json\/wp\/v2\/posts"}],"about":[{"href":"https:\/\/franciscanos.org.br\/noticias\/wp-json\/wp\/v2\/types\/post"}],"author":[{"embeddable":true,"href":"https:\/\/franciscanos.org.br\/noticias\/wp-json\/wp\/v2\/users\/3"}],"replies":[{"embeddable":true,"href":"https:\/\/franciscanos.org.br\/noticias\/wp-json\/wp\/v2\/comments?post=223123"}],"version-history":[{"count":4,"href":"https:\/\/franciscanos.org.br\/noticias\/wp-json\/wp\/v2\/posts\/223123\/revisions"}],"predecessor-version":[{"id":228427,"href":"https:\/\/franciscanos.org.br\/noticias\/wp-json\/wp\/v2\/posts\/223123\/revisions\/228427"}],"wp:featuredmedia":[{"embeddable":true,"href":"https:\/\/franciscanos.org.br\/noticias\/wp-json\/wp\/v2\/media\/228425"}],"wp:attachment":[{"href":"https:\/\/franciscanos.org.br\/noticias\/wp-json\/wp\/v2\/media?parent=223123"}],"wp:term":[{"taxonomy":"category","embeddable":true,"href":"https:\/\/franciscanos.org.br\/noticias\/wp-json\/wp\/v2\/categories?post=223123"},{"taxonomy":"post_tag","embeddable":true,"href":"https:\/\/franciscanos.org.br\/noticias\/wp-json\/wp\/v2\/tags?post=223123"}],"curies":[{"name":"wp","href":"https:\/\/api.w.org\/{rel}","templated":true}]}}