{"id":223116,"date":"2020-04-13T08:48:59","date_gmt":"2020-04-13T11:48:59","guid":{"rendered":"https:\/\/franciscanos.org.br\/noticias\/?p=223116"},"modified":"2021-08-29T12:42:23","modified_gmt":"2021-08-29T15:42:23","slug":"regina","status":"publish","type":"post","link":"https:\/\/franciscanos.org.br\/noticias\/regina.html","title":{"rendered":"Papa lembra atua\u00e7\u00e3o das mulheres em favor dos outros"},"content":{"rendered":"<div id=\"attachment_223117\" style=\"width: 1010px\" class=\"wp-caption alignnone\"><img aria-describedby=\"caption-attachment-223117\" loading=\"lazy\" class=\"wp-image-223117 size-full\" src=\"https:\/\/franciscanos.org.br\/noticias\/wp-content\/uploads\/2020\/04\/coeli.jpeg\" alt=\"\" width=\"1000\" height=\"563\" srcset=\"https:\/\/franciscanos.org.br\/noticias\/wp-content\/uploads\/2020\/04\/coeli.jpeg 1000w, https:\/\/franciscanos.org.br\/noticias\/wp-content\/uploads\/2020\/04\/coeli-450x253.jpeg 450w, https:\/\/franciscanos.org.br\/noticias\/wp-content\/uploads\/2020\/04\/coeli-768x432.jpeg 768w, https:\/\/franciscanos.org.br\/noticias\/wp-content\/uploads\/2020\/04\/coeli-150x84.jpeg 150w\" sizes=\"(max-width: 1000px) 100vw, 1000px\" \/><p id=\"caption-attachment-223117\" class=\"wp-caption-text\">\u00a0 \u00a0 \u00a0 \u00a0 \u00a0 \u00a0 \u00a0 \u00a0 \u00a0 \u00a0 \u00a0 \u00a0 \u00a0 \u00a0 \u00a0 \u00a0 \u00a0 \u00a0 \u00a0 \u00a0 \u00a0 \u00a0 \u00a0 \u00a0 \u00a0 \u00a0 \u00a0 \u00a0 \u00a0 \u00a0 \u00a0 \u00a0 \u00a0 \u00a0 \u00a0 \u00a0 \u00a0 \u00a0 \u00a0 \u00a0 \u00a0 \u00a0 \u00a0 \u00a0 \u00a0 \u00a0 \u00a0 \u00a0 \u00a0 \u00a0 \u00a0 \u00a0 \u00a0 \u00a0 \u00a0 \u00a0 <em>\u00a0 \u00a0 Imagem: Vatican Media<\/em><\/p><\/div>\n<p><strong>Cidade do Vaticano<\/strong> &#8211; Hoje, segunda-feira do Anjo, ressoa o an\u00fancio alegre da ressurrei\u00e7\u00e3o de Cristo. Foi o que ressaltou o Papa no in\u00edcio da alocu\u00e7\u00e3o que precedeu o <em>Regina Coeli,<\/em> a ora\u00e7\u00e3o mariana que no per\u00edodo pascal substitui o Angelus, conduzida por Francisco ao meio-dia desta segunda-feira (13\/04) na Biblioteca do Pal\u00e1cio Apost\u00f3lico, no Vaticano.<\/p>\n<p>A p\u00e1gina evang\u00e9lica (Mt 28,8-15) conta que as mulheres, com medo, abandonaram \u00e0s pressas o sepulcro de Jesus, que encontraram vazio; mas Jesus mesmo lhes aparece dizendo: \u201cN\u00e3o tenhais medo. Ide anunciar aos meus irm\u00e3os que se dirijam para a Galileia. L\u00e1 eles me ver\u00e3o\u201d (v. 10).<\/p>\n<p>Com essas palavras, disse o Santo Padre, o Ressuscitado confia \u00e0s mulheres um mandato mission\u00e1rio em rela\u00e7\u00e3o aos Ap\u00f3stolos. Efetivamente, elas \u201cderam um exemplo admir\u00e1vel de fidelidade, de dedica\u00e7\u00e3o e de amor a Cristo no tempo da sua vida p\u00fablica bem como durante a sua paix\u00e3o; \u201cagora s\u00e3o premiadas por Ele com este gesto de aten\u00e7\u00e3o e de predile\u00e7\u00e3o\u201d, observou, acrescentando: \u201cAs mulheres, sempre no in\u00edcio: Maria, no in\u00edcio; as mulheres, no in\u00edcio.<\/p>\n<p>Primeiro as mulheres, depois os disc\u00edpulos e, em particular, Pedro constatam a realidade da ressurrei\u00e7\u00e3o. Jesus lhes havia mais vezes preanunciado que, ap\u00f3s a paix\u00e3o e a cruz, ressuscitaria, mas os disc\u00edpulos n\u00e3o tinham entendido, porque ainda n\u00e3o estavam prontos. A f\u00e9 deles devia dar um salto de qualidade, que somente o Esp\u00edrito Santo, dom do Ressuscitado, poderia provocar.<\/p>\n<p>No in\u00edcio do livro dos Atos dos Ap\u00f3stolos, prosseguiu o Papa, ouvimos Pedro declarar com franqueza, com coragem, com franqueza: \u201cEste Jesus, Deus o ressuscitou e n\u00f3s todos somos testemunhas\u201d (At 2,32). Como dizendo: \u201ceu dou a vida por ele. E depois dar\u00e1 a vida por Ele\u201d.<\/p>\n<p>E daquele momento o an\u00fancio que Cristo ressuscitou se difundiu em todos os lugares e alcan\u00e7ou todos os cantos da terra, tornando-se a mensagem de esperan\u00e7a para todos:<\/p>\n<p>\u201cA ressurrei\u00e7\u00e3o de Jesus nos diz que a \u00faltima palavra n\u00e3o cabe \u00e0 morte, mas \u00e0 vida. Ressuscitando o Filho unig\u00eanito, Deus Pai manifestou em plenitude seu amor e a sua miseric\u00f3rdia para a humanidade de todos os tempos.\u201d<\/p>\n<p>\u201cSe Cristo ressuscitou, \u00e9 poss\u00edvel olhar com confian\u00e7a para todo evento da nossa exist\u00eancia, inclusive os mais dif\u00edceis e repletos de ang\u00fastia e de incerteza\u201d, disse o Pont\u00edfice.<\/p>\n<p><strong>AS MULHERES PROFISSIONAIS DE SA\u00daDE<\/strong><\/p>\n<p>O Papa lembrou, ap\u00f3s o <em>Regina Coeli<\/em>, a ora\u00e7\u00e3o mariana que durante o per\u00edodo pascal substitui o Angelus, as mulheres e o quanto elas fazem, inclusive em tempos de emerg\u00eancia de sa\u00fade, cuidando dos outros.<\/p>\n<p>\u201cOuvimos que as mulheres deram aos disc\u00edpulos o an\u00fancio da Ressurrei\u00e7\u00e3o de Jesus. Hoje gostaria de recordar com voc\u00eas o que as mulheres fazem, inclusive neste tempo de emerg\u00eancia sanit\u00e1ria, para cuidar dos outros\u201d, disse Francisco.<\/p>\n<p>\u201cMulheres m\u00e9dicas, enfermeiras, agentes das for\u00e7as da ordem e dos c\u00e1rceres, funcion\u00e1rias dos estabelecimentos de bens de primeira necessidade&#8230;, e tantas m\u00e3es e irm\u00e3s que se encontram trancadas em casa com toda a fam\u00edlia, com crian\u00e7as, anci\u00e3os, pessoas com defici\u00eancias. Por vezes, elas correm risco de sofrer viol\u00eancias, numa conviv\u00eancia da qual carregam um peso demasiadamente grande. Rezemos por elas, que o Senhor lhes conceda for\u00e7a e que as nossas comunidades possam ajud\u00e1-las junto a suas fam\u00edlias\u201d, exortou o Santo Padre.<\/p>\n<p>Francisco concluiu renovando a todos as felicita\u00e7\u00f5es pascais. \u201cPermane\u00e7amos unidos na ora\u00e7\u00e3o e no compromisso de ajudar-nos uns aos outros como irm\u00e3os\u201d, foi a exorta\u00e7\u00e3o final do Pont\u00edfice.<\/p>\n<hr \/>\n<h3>MISSA EM SANTA MARTA NESTA SEGUNDA-FEIRA<\/h3>\n<p>O Papa presidiu a Missa na Casa Santa Marta, no Vaticano, na manh\u00e3 desta segunda-feira (13\/04) na Oitava da P\u00e1scoa . Na introdu\u00e7\u00e3o, Francisco dirigiu seu pensamento aos pol\u00edticos e cientistas:<\/p>\n<p>Rezemos hoje pelos governantes, os cientistas, os pol\u00edticos, que come\u00e7aram a estudar a sa\u00edda, o p\u00f3s-pandemia, este \u201cdepois\u201d que j\u00e1 come\u00e7ou: a fim de que encontrem o caminho certo, sempre em favor das pessoas, sempre em favor dos povos.<\/p>\n<p>Na homilia, Francisco comentou o Evangelho do dia (Mt 28,8-15) em que Jesus ressuscitado aparece a algumas mulheres exortando-as a anunciar a seus disc\u00edpulos que se dirijam para a Galileia: l\u00e1 eles o ver\u00e3o. Enquanto isso, observa o evangelista, os sumos sacerdotes corromperam os soldados colocados para vigiar o sepulcro, instruindo-os a dizer que os disc\u00edpulos de Jesus tinham ido \u00e0 noite roubando o corpo enquanto eles dormiam. O Evangelho \u2013 afirmou o Papa \u2013 prop\u00f5e uma escolha que vale tamb\u00e9m para hoje: a esperan\u00e7a da ressurrei\u00e7\u00e3o de Jesus e a saudade do sepulcro. Desse modo, ao encontrar solu\u00e7\u00f5es para esta pandemia, a escolha ser\u00e1 entre a vida, a ressurrei\u00e7\u00e3o dos povos, e o deus dinheiro. Se se escolhe o dinheiro, se escolhe o caminho da fome, da escravid\u00e3o, das guerras, das f\u00e1bricas de armas, das crian\u00e7as sem instru\u00e7\u00e3o\u2026 a\u00ed est\u00e1 o sepulcro. Que o Senhor nos ajude a escolher o bem das pessoas, sem jamais cair no sepulcro do deus dinheiro, foi a ora\u00e7\u00e3o do Papa. A seguir, o texto da homilia transcrita pelo <em>Vatican News:<\/em><\/p>\n<p>O Evangelho de hoje nos apresenta uma op\u00e7\u00e3o, uma op\u00e7\u00e3o de todos os dias, uma op\u00e7\u00e3o humana, mas que rege desde aquele dia: a op\u00e7\u00e3o entre a alegria, a esperan\u00e7a da ressurrei\u00e7\u00e3o de Jesus, e a saudade do sepulcro.<\/p>\n<p>As mulheres seguem adiante levando o an\u00fancio: Deus sempre come\u00e7a com as mulheres, sempre. Abrem caminhos. N\u00e3o duvidam: sabem; viram-No, tocaram-No. Viram tamb\u00e9m o sepulcro vazio. \u00c9 verdade que os disc\u00edpulos n\u00e3o podiam acreditar nisso e disseram: \u201cMas estas mulheres talvez sejam de certo modo demasiadamente fantasiosas\u201d\u2026 n\u00e3o sei, tinham suas d\u00favidas. Mas elas tinham certeza e acabaram seguindo adiante nesse caminho at\u00e9 os dias de hoje: Jesus ressuscitou, est\u00e1 vivo entre n\u00f3s. E depois h\u00e1 o outro (lado): \u00e9 melhor n\u00e3o viver com o sepulcro vazio. Esse sepulcro vazio nos trar\u00e1 muitos problemas. E a decis\u00e3o de esconder o fato. \u00c9 como sempre: quando n\u00e3o servimos a Deus, o Senhor, servimos ao outro deus, o dinheiro. Recordemos aquilo que Jesus disse: s\u00e3o dois senhores, o Senhor Deus e o senhor dinheiro. N\u00e3o se pode servir a ambos. E para sair dessa evid\u00eancia, dessa realidade, os sacerdotes, os doutores da Lei escolheram o outro caminho, o (caminho) que o deus dinheiro lhes oferecia, e eles pagaram: pagaram o sil\u00eancio. O sil\u00eancio das testemunhas. Um dos soldados tinha confessado: \u201cVerdadeiramente, este homem era o Filho de Deus!\u201d Esses coitados n\u00e3o entendem, t\u00eam medo porque arriscam a vida\u2026 e foram at\u00e9 os sacerdotes, os doutores da Lei. Eles pagaram: pagaram o sil\u00eancio, e isso, queridos irm\u00e3os e irm\u00e3s, n\u00e3o \u00e9 um suborno: isso \u00e9 pura corrup\u00e7\u00e3o, corrup\u00e7\u00e3o em estado puro. Se voc\u00ea n\u00e3o confessa Jesus Cristo o Senhor, pense porqu\u00ea, onde est\u00e1 o sigilo de seu sepulcro, onde est\u00e1 a corrup\u00e7\u00e3o. \u00c9 verdade que muita gente n\u00e3o confessa Jesus porque n\u00e3o o conhece, porque n\u00f3s n\u00e3o o anunciamos com coer\u00eancia, e isso \u00e9 nossa culpa. Mas quando diante das evid\u00eancias se toma esse caminho, \u00e9 o caminho do diabo, \u00e9 o caminho da corrup\u00e7\u00e3o. Paga-se e fique calado.<\/p>\n<p>Tamb\u00e9m hoje, diante do pr\u00f3ximo \u2013 esperamos que seja logo \u2013 fim desta pandemia, h\u00e1 a mesma op\u00e7\u00e3o: ou nossa aposta ser\u00e1 pela vida, pela ressurrei\u00e7\u00e3o dos povos ou ser\u00e1 pelo deus dinheiro; voltar ao sepulcro da fome, da escravid\u00e3o, das guerras, das f\u00e1bricas de armas, das crian\u00e7as sem instru\u00e7\u00e3o\u2026 a\u00ed est\u00e1 o sepulcro.<\/p>\n<p>Que o Senhor, seja em nossa vida pessoal, seja em nossa vida social, sempre nos ajude a escolher o an\u00fancio: o an\u00fancio que \u00e9 horizonte, \u00e9 aberto, sempre; nos leve a escolher o bem das pessoas. E jamais cair no sepulcro do deus dinheiro.<\/p>\n<p>O Santo Padre terminou a celebra\u00e7\u00e3o com a adora\u00e7\u00e3o e a b\u00ean\u00e7\u00e3o eucar\u00edstica, convidando a fazer a Comunh\u00e3o espiritual. A seguir, a ora\u00e7\u00e3o recitada pelo Papa:<\/p>\n<p>Meu Jesus, eu creio que estais presente no Sant\u00edssimo Sacramento do Altar. Amo-vos sobre todas as coisas, e minha alma suspira por V\u00f3s. Mas, como n\u00e3o posso receber-Vos agora no Sant\u00edssimo Sacramento, vinde, ao menos espiritualmente, a meu cora\u00e7\u00e3o. Abra\u00e7o-me convosco como se j\u00e1 estiv\u00e9sseis comigo: uno-me Convosco inteiramente. Ah! n\u00e3o permitais que torne a separar-me de V\u00f3s!<\/p>\n<p>Antes de deixar a Capela dedicada ao Esp\u00edrito Santo foi entoada a ant\u00edfona mariana \u201cRegina caeli\u201d, cantada no tempo pascal:<\/p>\n<p style=\"padding-left: 40px;\"><em>Rainha dos c\u00e9us, alegrai-vos. Aleluia!<\/em><\/p>\n<p style=\"padding-left: 40px;\"><em>Porque Aquele que merecestes trazer em vosso seio. Aleluia!<\/em><\/p>\n<p style=\"padding-left: 40px;\"><em>Ressuscitou como disse. Aleluia!<\/em><\/p>\n<p style=\"padding-left: 40px;\"><em>Rogai por n\u00f3s a Deus. Aleluia!<\/em><\/p>\n<p style=\"padding-left: 40px;\"><em>D.\/ Alegrai-vos e exultai, \u00f3 Virgem Maria. Aleluia!<\/em><\/p>\n<p style=\"padding-left: 40px;\"><em>C.\/ Porque o Senhor ressuscitou, verdadeiramente. Aleluia!<\/em><\/p>\n<hr \/>\n<p><em>Fonte: Vatican News<\/em><\/p>\n","protected":false},"excerpt":{"rendered":"<p>Regina Coeli<\/p>\n","protected":false},"author":3,"featured_media":0,"comment_status":"open","ping_status":"open","sticky":false,"template":"","format":"standard","meta":[],"categories":[1428],"tags":[564],"acf":[],"yoast_head":"<!-- This site is optimized with the Yoast SEO plugin v19.2 - https:\/\/yoast.com\/wordpress\/plugins\/seo\/ -->\n<title>Papa lembra atua\u00e7\u00e3o das mulheres em favor dos outros - Not\u00edcias - Franciscanos<\/title>\n<meta name=\"robots\" content=\"index, follow, max-snippet:-1, max-image-preview:large, max-video-preview:-1\" \/>\n<link rel=\"canonical\" href=\"https:\/\/franciscanos.org.br\/noticias\/regina.html\" \/>\n<meta property=\"og:locale\" content=\"pt_BR\" \/>\n<meta property=\"og:type\" content=\"article\" \/>\n<meta property=\"og:title\" content=\"Papa lembra atua\u00e7\u00e3o das mulheres em favor dos outros - Not\u00edcias - Franciscanos\" \/>\n<meta property=\"og:description\" content=\"Regina Coeli\" \/>\n<meta property=\"og:url\" content=\"https:\/\/franciscanos.org.br\/noticias\/regina.html\" \/>\n<meta property=\"og:site_name\" content=\"Not\u00edcias - Franciscanos\" \/>\n<meta property=\"article:published_time\" content=\"2020-04-13T11:48:59+00:00\" \/>\n<meta property=\"article:modified_time\" content=\"2021-08-29T15:42:23+00:00\" \/>\n<meta property=\"og:image\" content=\"https:\/\/franciscanos.org.br\/noticias\/wp-content\/uploads\/2020\/04\/coeli.jpeg\" \/>\n<meta name=\"author\" content=\"moacir\" \/>\n<meta name=\"twitter:card\" content=\"summary_large_image\" \/>\n<meta name=\"twitter:label1\" content=\"Escrito por\" \/>\n\t<meta name=\"twitter:data1\" content=\"moacir\" \/>\n\t<meta name=\"twitter:label2\" content=\"Est. tempo de leitura\" \/>\n\t<meta name=\"twitter:data2\" content=\"8 minutos\" \/>\n<script type=\"application\/ld+json\" class=\"yoast-schema-graph\">{\"@context\":\"https:\/\/schema.org\",\"@graph\":[{\"@type\":\"WebSite\",\"@id\":\"https:\/\/franciscanos.org.br\/noticias\/#website\",\"url\":\"https:\/\/franciscanos.org.br\/noticias\/\",\"name\":\"Not\u00edcias - Franciscanos\",\"description\":\"Prov\u00edncia Franciscana da Imaculada Concei\u00e7\u00e3o do Brasil - Ordem dos Frades Menores - OFM\",\"potentialAction\":[{\"@type\":\"SearchAction\",\"target\":{\"@type\":\"EntryPoint\",\"urlTemplate\":\"https:\/\/franciscanos.org.br\/noticias\/?s={search_term_string}\"},\"query-input\":\"required name=search_term_string\"}],\"inLanguage\":\"pt-BR\"},{\"@type\":\"ImageObject\",\"inLanguage\":\"pt-BR\",\"@id\":\"https:\/\/franciscanos.org.br\/noticias\/regina.html#primaryimage\",\"url\":\"https:\/\/franciscanos.org.br\/noticias\/wp-content\/uploads\/2020\/04\/coeli.jpeg\",\"contentUrl\":\"https:\/\/franciscanos.org.br\/noticias\/wp-content\/uploads\/2020\/04\/coeli.jpeg\",\"width\":1000,\"height\":563},{\"@type\":\"WebPage\",\"@id\":\"https:\/\/franciscanos.org.br\/noticias\/regina.html#webpage\",\"url\":\"https:\/\/franciscanos.org.br\/noticias\/regina.html\",\"name\":\"Papa lembra atua\u00e7\u00e3o das mulheres em favor dos outros - Not\u00edcias - Franciscanos\",\"isPartOf\":{\"@id\":\"https:\/\/franciscanos.org.br\/noticias\/#website\"},\"primaryImageOfPage\":{\"@id\":\"https:\/\/franciscanos.org.br\/noticias\/regina.html#primaryimage\"},\"datePublished\":\"2020-04-13T11:48:59+00:00\",\"dateModified\":\"2021-08-29T15:42:23+00:00\",\"author\":{\"@id\":\"https:\/\/franciscanos.org.br\/noticias\/#\/schema\/person\/b5c8cba458c330ccff548b056e95a5d4\"},\"breadcrumb\":{\"@id\":\"https:\/\/franciscanos.org.br\/noticias\/regina.html#breadcrumb\"},\"inLanguage\":\"pt-BR\",\"potentialAction\":[{\"@type\":\"ReadAction\",\"target\":[\"https:\/\/franciscanos.org.br\/noticias\/regina.html\"]}]},{\"@type\":\"BreadcrumbList\",\"@id\":\"https:\/\/franciscanos.org.br\/noticias\/regina.html#breadcrumb\",\"itemListElement\":[{\"@type\":\"ListItem\",\"position\":1,\"name\":\"Home\",\"item\":\"https:\/\/franciscanos.org.br\/noticias\"},{\"@type\":\"ListItem\",\"position\":2,\"name\":\"Papa lembra atua\u00e7\u00e3o das mulheres em favor dos outros\"}]},{\"@type\":\"Person\",\"@id\":\"https:\/\/franciscanos.org.br\/noticias\/#\/schema\/person\/b5c8cba458c330ccff548b056e95a5d4\",\"name\":\"moacir\",\"image\":{\"@type\":\"ImageObject\",\"inLanguage\":\"pt-BR\",\"@id\":\"https:\/\/franciscanos.org.br\/noticias\/#\/schema\/person\/image\/\",\"url\":\"https:\/\/secure.gravatar.com\/avatar\/d08aa2ce4c8dd416d4479aa8536fcf64?s=96&d=mm&r=g\",\"contentUrl\":\"https:\/\/secure.gravatar.com\/avatar\/d08aa2ce4c8dd416d4479aa8536fcf64?s=96&d=mm&r=g\",\"caption\":\"moacir\"},\"url\":\"https:\/\/franciscanos.org.br\/noticias\/author\/moacir\"}]}<\/script>\n<!-- \/ Yoast SEO plugin. -->","yoast_head_json":{"title":"Papa lembra atua\u00e7\u00e3o das mulheres em favor dos outros - Not\u00edcias - Franciscanos","robots":{"index":"index","follow":"follow","max-snippet":"max-snippet:-1","max-image-preview":"max-image-preview:large","max-video-preview":"max-video-preview:-1"},"canonical":"https:\/\/franciscanos.org.br\/noticias\/regina.html","og_locale":"pt_BR","og_type":"article","og_title":"Papa lembra atua\u00e7\u00e3o das mulheres em favor dos outros - Not\u00edcias - Franciscanos","og_description":"Regina Coeli","og_url":"https:\/\/franciscanos.org.br\/noticias\/regina.html","og_site_name":"Not\u00edcias - Franciscanos","article_published_time":"2020-04-13T11:48:59+00:00","article_modified_time":"2021-08-29T15:42:23+00:00","og_image":[{"url":"https:\/\/franciscanos.org.br\/noticias\/wp-content\/uploads\/2020\/04\/coeli.jpeg"}],"author":"moacir","twitter_card":"summary_large_image","twitter_misc":{"Escrito por":"moacir","Est. tempo de leitura":"8 minutos"},"schema":{"@context":"https:\/\/schema.org","@graph":[{"@type":"WebSite","@id":"https:\/\/franciscanos.org.br\/noticias\/#website","url":"https:\/\/franciscanos.org.br\/noticias\/","name":"Not\u00edcias - Franciscanos","description":"Prov\u00edncia Franciscana da Imaculada Concei\u00e7\u00e3o do Brasil - Ordem dos Frades Menores - OFM","potentialAction":[{"@type":"SearchAction","target":{"@type":"EntryPoint","urlTemplate":"https:\/\/franciscanos.org.br\/noticias\/?s={search_term_string}"},"query-input":"required name=search_term_string"}],"inLanguage":"pt-BR"},{"@type":"ImageObject","inLanguage":"pt-BR","@id":"https:\/\/franciscanos.org.br\/noticias\/regina.html#primaryimage","url":"https:\/\/franciscanos.org.br\/noticias\/wp-content\/uploads\/2020\/04\/coeli.jpeg","contentUrl":"https:\/\/franciscanos.org.br\/noticias\/wp-content\/uploads\/2020\/04\/coeli.jpeg","width":1000,"height":563},{"@type":"WebPage","@id":"https:\/\/franciscanos.org.br\/noticias\/regina.html#webpage","url":"https:\/\/franciscanos.org.br\/noticias\/regina.html","name":"Papa lembra atua\u00e7\u00e3o das mulheres em favor dos outros - Not\u00edcias - Franciscanos","isPartOf":{"@id":"https:\/\/franciscanos.org.br\/noticias\/#website"},"primaryImageOfPage":{"@id":"https:\/\/franciscanos.org.br\/noticias\/regina.html#primaryimage"},"datePublished":"2020-04-13T11:48:59+00:00","dateModified":"2021-08-29T15:42:23+00:00","author":{"@id":"https:\/\/franciscanos.org.br\/noticias\/#\/schema\/person\/b5c8cba458c330ccff548b056e95a5d4"},"breadcrumb":{"@id":"https:\/\/franciscanos.org.br\/noticias\/regina.html#breadcrumb"},"inLanguage":"pt-BR","potentialAction":[{"@type":"ReadAction","target":["https:\/\/franciscanos.org.br\/noticias\/regina.html"]}]},{"@type":"BreadcrumbList","@id":"https:\/\/franciscanos.org.br\/noticias\/regina.html#breadcrumb","itemListElement":[{"@type":"ListItem","position":1,"name":"Home","item":"https:\/\/franciscanos.org.br\/noticias"},{"@type":"ListItem","position":2,"name":"Papa lembra atua\u00e7\u00e3o das mulheres em favor dos outros"}]},{"@type":"Person","@id":"https:\/\/franciscanos.org.br\/noticias\/#\/schema\/person\/b5c8cba458c330ccff548b056e95a5d4","name":"moacir","image":{"@type":"ImageObject","inLanguage":"pt-BR","@id":"https:\/\/franciscanos.org.br\/noticias\/#\/schema\/person\/image\/","url":"https:\/\/secure.gravatar.com\/avatar\/d08aa2ce4c8dd416d4479aa8536fcf64?s=96&d=mm&r=g","contentUrl":"https:\/\/secure.gravatar.com\/avatar\/d08aa2ce4c8dd416d4479aa8536fcf64?s=96&d=mm&r=g","caption":"moacir"},"url":"https:\/\/franciscanos.org.br\/noticias\/author\/moacir"}]}},"_links":{"self":[{"href":"https:\/\/franciscanos.org.br\/noticias\/wp-json\/wp\/v2\/posts\/223116"}],"collection":[{"href":"https:\/\/franciscanos.org.br\/noticias\/wp-json\/wp\/v2\/posts"}],"about":[{"href":"https:\/\/franciscanos.org.br\/noticias\/wp-json\/wp\/v2\/types\/post"}],"author":[{"embeddable":true,"href":"https:\/\/franciscanos.org.br\/noticias\/wp-json\/wp\/v2\/users\/3"}],"replies":[{"embeddable":true,"href":"https:\/\/franciscanos.org.br\/noticias\/wp-json\/wp\/v2\/comments?post=223116"}],"version-history":[{"count":7,"href":"https:\/\/franciscanos.org.br\/noticias\/wp-json\/wp\/v2\/posts\/223116\/revisions"}],"predecessor-version":[{"id":234010,"href":"https:\/\/franciscanos.org.br\/noticias\/wp-json\/wp\/v2\/posts\/223116\/revisions\/234010"}],"wp:attachment":[{"href":"https:\/\/franciscanos.org.br\/noticias\/wp-json\/wp\/v2\/media?parent=223116"}],"wp:term":[{"taxonomy":"category","embeddable":true,"href":"https:\/\/franciscanos.org.br\/noticias\/wp-json\/wp\/v2\/categories?post=223116"},{"taxonomy":"post_tag","embeddable":true,"href":"https:\/\/franciscanos.org.br\/noticias\/wp-json\/wp\/v2\/tags?post=223116"}],"curies":[{"name":"wp","href":"https:\/\/api.w.org\/{rel}","templated":true}]}}