{"id":223099,"date":"2020-04-12T19:19:01","date_gmt":"2020-04-12T22:19:01","guid":{"rendered":"https:\/\/franciscanos.org.br\/noticias\/?p=223099"},"modified":"2020-04-12T19:35:13","modified_gmt":"2020-04-12T22:35:13","slug":"festa-da-penha-nos-temos-que-sair-dessa-pandemia-mais-solidarios-diz-dom-dario","status":"publish","type":"post","link":"https:\/\/franciscanos.org.br\/noticias\/festa-da-penha-nos-temos-que-sair-dessa-pandemia-mais-solidarios-diz-dom-dario.html","title":{"rendered":"Festa da Penha: &#8220;N\u00f3s temos que sair dessa pandemia mais solid\u00e1rios&#8221;, diz Dom Dario"},"content":{"rendered":"<p><img loading=\"lazy\" class=\"alignnone size-full wp-image-223100\" src=\"https:\/\/franciscanos.org.br\/noticias\/wp-content\/uploads\/2020\/04\/penha_03.jpg\" alt=\"\" width=\"1366\" height=\"603\" srcset=\"https:\/\/franciscanos.org.br\/noticias\/wp-content\/uploads\/2020\/04\/penha_03.jpg 1366w, https:\/\/franciscanos.org.br\/noticias\/wp-content\/uploads\/2020\/04\/penha_03-450x199.jpg 450w, https:\/\/franciscanos.org.br\/noticias\/wp-content\/uploads\/2020\/04\/penha_03-1024x452.jpg 1024w, https:\/\/franciscanos.org.br\/noticias\/wp-content\/uploads\/2020\/04\/penha_03-768x339.jpg 768w, https:\/\/franciscanos.org.br\/noticias\/wp-content\/uploads\/2020\/04\/penha_03-150x66.jpg 150w\" sizes=\"(max-width: 1366px) 100vw, 1366px\" \/><\/p>\n<p><strong>Moacir Beggo (*)<\/strong><\/p>\n<p><strong>S\u00e3o Paulo (SP)<\/strong> &#8211; H\u00e1 450 anos, o Estado do Esp\u00edrito Santo celebra a sua Padroeira Nossa Senhora da Penha. Mas pela primeira vez, em quatro s\u00e9culos e meio de festividades, a terceira maior festa mariana nacional teve de reinventar diante da pandemia do novo coronav\u00edrus que chegou ao pa\u00eds. Com isso, toda a programa\u00e7\u00e3o est\u00e1 sendo virtual e os fi\u00e9is devotos de Nossa Senhora da Penha puderam acompanhar,\u00a0 pelos meios de comunica\u00e7\u00e3o e m\u00eddias sociais, a Santa Missa da abertura do Oitav\u00e1rio, celebrada na pequena e hist\u00f3rica capela do Convento da Penha, neste domingo, 12 de abril.<\/p>\n<p>A Missa de abertura foi presidida pelo arcebispo metropolitano de Vit\u00f3ria, Dom Dario Campos, OFM. Frades do Convento participaram da Celebra\u00e7\u00e3o Eucar\u00edstica e a Prov\u00edncia da Imaculada Concei\u00e7\u00e3o foi representada pelo Vig\u00e1rio Provincial, Frei Gustavo Medella. O guardi\u00e3o do Convento, Frei Paulo Pereira, acolheu a todos e explicou como ser\u00e1 o Oitav\u00e1rio at\u00e9 a Festa da Penha, no dia 20 de abril.<\/p>\n<p><img loading=\"lazy\" class=\"alignnone size-full wp-image-223101\" src=\"https:\/\/franciscanos.org.br\/noticias\/wp-content\/uploads\/2020\/04\/penha_04.jpg\" alt=\"\" width=\"1366\" height=\"714\" srcset=\"https:\/\/franciscanos.org.br\/noticias\/wp-content\/uploads\/2020\/04\/penha_04.jpg 1366w, https:\/\/franciscanos.org.br\/noticias\/wp-content\/uploads\/2020\/04\/penha_04-450x235.jpg 450w, https:\/\/franciscanos.org.br\/noticias\/wp-content\/uploads\/2020\/04\/penha_04-1024x535.jpg 1024w, https:\/\/franciscanos.org.br\/noticias\/wp-content\/uploads\/2020\/04\/penha_04-768x401.jpg 768w, https:\/\/franciscanos.org.br\/noticias\/wp-content\/uploads\/2020\/04\/penha_04-150x78.jpg 150w\" sizes=\"(max-width: 1366px) 100vw, 1366px\" \/><\/p>\n<p>Dom Dario lembrou que vivemos um tempo desafiador de isolamento social e de grande mudan\u00e7a de h\u00e1bito, assumido com responsabilidade e cuidado diante das indica\u00e7\u00f5es de \u00f3rg\u00e3os internacionais e nacionais de sa\u00fade, devido \u00e0 pandemia covid-19. &#8220;A nossa Semana Santa foi marcada pelos fi\u00e9is fisicamente distantes, mas unidos espiritualmente em todas as celebra\u00e7\u00f5es, a maioria delas transmitida pelos meios de comunica\u00e7\u00e3o social&#8221;, lembrou.<\/p>\n<p>O arcebispo franciscano lembrou que, do alto do Convento da Penha, Nossa Senhora das Alegrias, Padroeira do Estado, &#8220;damos in\u00edcio ao Oitav\u00e1rio em prepara\u00e7\u00e3o \u00e0 grande Festa de Nossa Senhora da Penha, 450 anos M\u00e3e de todos os capixabas. M\u00e3e coroada das sete alegrias da ressurrei\u00e7\u00e3o do Senhor. Aquela que, com coragem mesmo diante dos in\u00fameros desafios que vivera, soube dizer de todo cora\u00e7\u00e3o: &#8216;Eis aqui a serva do Senhor, fa\u00e7a-se em mim segundo a tua Palavra&#8221;, indicou.<\/p>\n<p><img loading=\"lazy\" class=\"alignnone size-full wp-image-223102\" src=\"https:\/\/franciscanos.org.br\/noticias\/wp-content\/uploads\/2020\/04\/penha_02.jpg\" alt=\"\" width=\"1366\" height=\"768\" srcset=\"https:\/\/franciscanos.org.br\/noticias\/wp-content\/uploads\/2020\/04\/penha_02.jpg 1366w, https:\/\/franciscanos.org.br\/noticias\/wp-content\/uploads\/2020\/04\/penha_02-450x253.jpg 450w, https:\/\/franciscanos.org.br\/noticias\/wp-content\/uploads\/2020\/04\/penha_02-1024x576.jpg 1024w, https:\/\/franciscanos.org.br\/noticias\/wp-content\/uploads\/2020\/04\/penha_02-768x432.jpg 768w, https:\/\/franciscanos.org.br\/noticias\/wp-content\/uploads\/2020\/04\/penha_02-150x84.jpg 150w\" sizes=\"(max-width: 1366px) 100vw, 1366px\" \/><\/p>\n<p>Dom Dario se dirigiu a todos os fi\u00e9is devotos, reunidos em fam\u00edlia, em suas casas, na igreja dom\u00e9stica, no desejo de levar uma palavra de conforto, de f\u00e9 e de esperan\u00e7a. &#8220;Dirijo uma palavra de alegria e conforto a todos os irm\u00e3os e irm\u00e3s de nossas Comunidades Eclesiais de Base, espalhadas em toda a nossa Arquidiocese. Enfim, convido a todos a repartirmos juntos e proclarmos com alegria: o Senhor ressurgiu e est\u00e1 vivo no meio de n\u00f3s!&#8221;, convidou.<\/p>\n<p>Segundo Dom Dario, diante dessa pandemia que assola o mundo, &#8220;somos convidados a partilhar&#8221;. &#8220;N\u00f3s n\u00e3o podemos sair deste momento em que a humanidade vive do mesmo jeito que entramos. N\u00f3s temos que sair mais solid\u00e1rios, mais irm\u00e3os, mais fraternos, menos ego\u00edstas, menos rancorosos, menos vaidosos. Ter amor com o pr\u00f3ximo, com aquele que necessita. Deixar o lucro de lado e fazer a partilha do p\u00e3o&#8221;, pediu Dom Dario.<\/p>\n<p><img loading=\"lazy\" class=\"alignnone size-full wp-image-223103\" src=\"https:\/\/franciscanos.org.br\/noticias\/wp-content\/uploads\/2020\/04\/penha_06.jpg\" alt=\"\" width=\"910\" height=\"479\" srcset=\"https:\/\/franciscanos.org.br\/noticias\/wp-content\/uploads\/2020\/04\/penha_06.jpg 910w, https:\/\/franciscanos.org.br\/noticias\/wp-content\/uploads\/2020\/04\/penha_06-450x237.jpg 450w, https:\/\/franciscanos.org.br\/noticias\/wp-content\/uploads\/2020\/04\/penha_06-768x404.jpg 768w, https:\/\/franciscanos.org.br\/noticias\/wp-content\/uploads\/2020\/04\/penha_06-150x79.jpg 150w\" sizes=\"(max-width: 910px) 100vw, 910px\" \/><\/p>\n<p>&#8220;Gosto de repetir essa frase do nosso Papa Francisco: ter cuidado com os nossos irm\u00e3os que vivem na rua. A rua n\u00e3o \u00e9 lugar para se morar. A rua n\u00e3o \u00e9 lugar para se morrer&#8221;, lembrou.<\/p>\n<p>Frei Paulo celebrou com alegria o grande n\u00famero de devotos que acompanharam <em>on line<\/em> a abertura do Oitav\u00e1rio neste domingo. &#8220;Nesses tempos que nos assombram, eu trago uma not\u00edcia de muita alegria. N\u00f3s iniciamos a Festa da Penha na sua edi\u00e7\u00e3o de n\u00famero 450. S\u00e3o quatro s\u00e9culos e meio de devo\u00e7\u00e3o e piedade e a Festa da Penha teve de se reinventar. N\u00f3s chegamos aos lares das pessoas que n\u00e3o puderam vir \u00e0 casa da M\u00e3e de Deus Maria Sant\u00edssima. Mas a Virgem das Alegrias foi at\u00e9 a casa das pessoas&#8221;, disse.<\/p>\n<p><img loading=\"lazy\" class=\"alignnone size-full wp-image-223104\" src=\"https:\/\/franciscanos.org.br\/noticias\/wp-content\/uploads\/2020\/04\/penha_01.jpg\" alt=\"\" width=\"1366\" height=\"768\" srcset=\"https:\/\/franciscanos.org.br\/noticias\/wp-content\/uploads\/2020\/04\/penha_01.jpg 1366w, https:\/\/franciscanos.org.br\/noticias\/wp-content\/uploads\/2020\/04\/penha_01-450x253.jpg 450w, https:\/\/franciscanos.org.br\/noticias\/wp-content\/uploads\/2020\/04\/penha_01-1024x576.jpg 1024w, https:\/\/franciscanos.org.br\/noticias\/wp-content\/uploads\/2020\/04\/penha_01-768x432.jpg 768w, https:\/\/franciscanos.org.br\/noticias\/wp-content\/uploads\/2020\/04\/penha_01-150x84.jpg 150w\" sizes=\"(max-width: 1366px) 100vw, 1366px\" \/><\/p>\n<p>A programa\u00e7\u00e3o est\u00e1 dispon\u00edvel nas redes sociais do Convento da Penha atrav\u00e9s do Facebook (https:\/\/www.facebook.com\/penhaconvento\/), Instagram (https:\/\/www.instagram.com\/conventodapenha\/) e o Canal do YouTube (https:\/\/www.youtube.com\/channel\/UCur6FpU2tk0IDg6NkTBMqog).<\/p>\n<p>A abertura do Oitav\u00e1rio est\u00e1 sendo transmitida ainda pelo site do G1\/ES (https:\/\/g1.globo.com\/es\/espirito-santo\/).<\/p>\n<p>Neste ano, a festa tem como tema \u201cTodas as gera\u00e7\u00f5es me chamar\u00e3o bem-aventurada\u201d (Lc 1,48). O canto prof\u00e9tico de Maria no &#8220;Magnificat&#8221; prefigura o imenso carinho e devo\u00e7\u00e3o pela Virgem que marcou e marca todos aqueles que a celebraram nestes 450 anos de tradi\u00e7\u00e3o.<\/p>\n<p>A festa da Penha \u00e9 fruto de uma semente lan\u00e7ada por Frei Pedro Pal\u00e1cios em 1558, quando chegou ao Brasil com os colonizadores portugueses e desembarcou nas terras capixabas. O frade espanhol trouxe na sua bagagem um painel de Nossa Senhora das 7 Alegrias, que foi colocado numa gruta e deu origem \u00e0 devo\u00e7\u00e3o franciscana que vem at\u00e9 hoje. Ao longo do tempo, essa devo\u00e7\u00e3o cresceu e foi constru\u00eddo o Santu\u00e1rio para a M\u00e3e de Deus no ponto mais alto do penhasco. Desde ent\u00e3o, romeiros visitam o Convento durante todo o ano.<\/p>\n<p><img loading=\"lazy\" class=\"size-full wp-image-223105 aligncenter\" src=\"https:\/\/franciscanos.org.br\/noticias\/wp-content\/uploads\/2020\/04\/penha_05.jpg\" alt=\"\" width=\"811\" height=\"404\" srcset=\"https:\/\/franciscanos.org.br\/noticias\/wp-content\/uploads\/2020\/04\/penha_05.jpg 811w, https:\/\/franciscanos.org.br\/noticias\/wp-content\/uploads\/2020\/04\/penha_05-450x224.jpg 450w, https:\/\/franciscanos.org.br\/noticias\/wp-content\/uploads\/2020\/04\/penha_05-768x383.jpg 768w, https:\/\/franciscanos.org.br\/noticias\/wp-content\/uploads\/2020\/04\/penha_05-150x75.jpg 150w\" sizes=\"(max-width: 811px) 100vw, 811px\" \/><\/p>\n<p><strong>Nesta segunda, 13 de abril, a Festa da Penha tem a seguinte programa\u00e7\u00e3o virtual:<\/strong><br \/>\n<strong>6h00 &#8211;<\/strong> B\u00ean\u00e7\u00e3o do dia, com Padre Renato, na TV Gazeta<br \/>\n<strong>12h00 &#8211;<\/strong> Ter\u00e7o Mariano &#8211; no Instagram e Facebook do Convento da Penha<br \/>\n<strong>13h00<\/strong> &#8211; Programa Salve M\u00e3e das Alegrias, ao vivo no Instagram, Facebook e Canal do YouTube do Convento da Penha<br \/>\n<strong>15h00<\/strong> &#8211; Missa ao vivo no Instagram, Facebook e Canal Youtube do Convento da Penha, seguida de atra\u00e7\u00e3o art\u00edstica cat\u00f3lica<br \/>\n<strong>19h30<\/strong> &#8211; Segundo dia do Oitav\u00e1rio &#8211; Missa, ao vivo no G1\/ES e no Instagram, Facebook e Canal YouTube do Convento da Penha<br \/>\n<strong>20h30<\/strong> &#8211; Festival Amor e Esperan\u00e7a, com apresenta\u00e7\u00f5es art\u00edsticas ao vivo no Instagram da TV Gazeta.<\/p>\n<hr \/>\n<p><strong>(*) Com a transmiss\u00e3o ao vivo pelo Convento da Penha<\/strong><\/p>\n","protected":false},"excerpt":{"rendered":"<p>Abertura da 450\u00aa  Festa da Penha<\/p>\n","protected":false},"author":3,"featured_media":223106,"comment_status":"open","ping_status":"open","sticky":false,"template":"","format":"standard","meta":[],"categories":[1],"tags":[245],"acf":[],"yoast_head":"<!-- This site is optimized with the Yoast SEO plugin v19.2 - https:\/\/yoast.com\/wordpress\/plugins\/seo\/ -->\n<title>Festa da Penha: &quot;N\u00f3s temos que sair dessa pandemia mais solid\u00e1rios&quot;, diz Dom Dario - Not\u00edcias - Franciscanos<\/title>\n<meta name=\"robots\" content=\"index, follow, max-snippet:-1, max-image-preview:large, max-video-preview:-1\" \/>\n<link rel=\"canonical\" href=\"https:\/\/franciscanos.org.br\/noticias\/festa-da-penha-nos-temos-que-sair-dessa-pandemia-mais-solidarios-diz-dom-dario.html\" \/>\n<meta property=\"og:locale\" content=\"pt_BR\" \/>\n<meta property=\"og:type\" content=\"article\" \/>\n<meta property=\"og:title\" content=\"Festa da Penha: &quot;N\u00f3s temos que sair dessa pandemia mais solid\u00e1rios&quot;, diz Dom Dario - Not\u00edcias - Franciscanos\" \/>\n<meta property=\"og:description\" content=\"Abertura da 450\u00aa Festa da Penha\" \/>\n<meta property=\"og:url\" content=\"https:\/\/franciscanos.org.br\/noticias\/festa-da-penha-nos-temos-que-sair-dessa-pandemia-mais-solidarios-diz-dom-dario.html\" \/>\n<meta property=\"og:site_name\" content=\"Not\u00edcias - Franciscanos\" \/>\n<meta property=\"article:published_time\" content=\"2020-04-12T22:19:01+00:00\" \/>\n<meta property=\"article:modified_time\" content=\"2020-04-12T22:35:13+00:00\" \/>\n<meta property=\"og:image\" content=\"https:\/\/franciscanos.org.br\/noticias\/wp-content\/uploads\/2020\/04\/penha_04d.jpg\" \/>\n\t<meta property=\"og:image:width\" content=\"800\" \/>\n\t<meta property=\"og:image:height\" content=\"600\" \/>\n\t<meta property=\"og:image:type\" content=\"image\/jpeg\" \/>\n<meta name=\"author\" content=\"moacir\" \/>\n<meta name=\"twitter:card\" content=\"summary_large_image\" \/>\n<meta name=\"twitter:label1\" content=\"Escrito por\" \/>\n\t<meta name=\"twitter:data1\" content=\"moacir\" \/>\n\t<meta name=\"twitter:label2\" content=\"Est. tempo de leitura\" \/>\n\t<meta name=\"twitter:data2\" content=\"5 minutos\" \/>\n<script type=\"application\/ld+json\" class=\"yoast-schema-graph\">{\"@context\":\"https:\/\/schema.org\",\"@graph\":[{\"@type\":\"WebSite\",\"@id\":\"https:\/\/franciscanos.org.br\/noticias\/#website\",\"url\":\"https:\/\/franciscanos.org.br\/noticias\/\",\"name\":\"Not\u00edcias - Franciscanos\",\"description\":\"Prov\u00edncia Franciscana da Imaculada Concei\u00e7\u00e3o do Brasil - Ordem dos Frades Menores - OFM\",\"potentialAction\":[{\"@type\":\"SearchAction\",\"target\":{\"@type\":\"EntryPoint\",\"urlTemplate\":\"https:\/\/franciscanos.org.br\/noticias\/?s={search_term_string}\"},\"query-input\":\"required name=search_term_string\"}],\"inLanguage\":\"pt-BR\"},{\"@type\":\"ImageObject\",\"inLanguage\":\"pt-BR\",\"@id\":\"https:\/\/franciscanos.org.br\/noticias\/festa-da-penha-nos-temos-que-sair-dessa-pandemia-mais-solidarios-diz-dom-dario.html#primaryimage\",\"url\":\"https:\/\/franciscanos.org.br\/noticias\/wp-content\/uploads\/2020\/04\/penha_04d.jpg\",\"contentUrl\":\"https:\/\/franciscanos.org.br\/noticias\/wp-content\/uploads\/2020\/04\/penha_04d.jpg\",\"width\":800,\"height\":600},{\"@type\":\"WebPage\",\"@id\":\"https:\/\/franciscanos.org.br\/noticias\/festa-da-penha-nos-temos-que-sair-dessa-pandemia-mais-solidarios-diz-dom-dario.html#webpage\",\"url\":\"https:\/\/franciscanos.org.br\/noticias\/festa-da-penha-nos-temos-que-sair-dessa-pandemia-mais-solidarios-diz-dom-dario.html\",\"name\":\"Festa da Penha: \\\"N\u00f3s temos que sair dessa pandemia mais solid\u00e1rios\\\", diz Dom Dario - Not\u00edcias - Franciscanos\",\"isPartOf\":{\"@id\":\"https:\/\/franciscanos.org.br\/noticias\/#website\"},\"primaryImageOfPage\":{\"@id\":\"https:\/\/franciscanos.org.br\/noticias\/festa-da-penha-nos-temos-que-sair-dessa-pandemia-mais-solidarios-diz-dom-dario.html#primaryimage\"},\"datePublished\":\"2020-04-12T22:19:01+00:00\",\"dateModified\":\"2020-04-12T22:35:13+00:00\",\"author\":{\"@id\":\"https:\/\/franciscanos.org.br\/noticias\/#\/schema\/person\/b5c8cba458c330ccff548b056e95a5d4\"},\"breadcrumb\":{\"@id\":\"https:\/\/franciscanos.org.br\/noticias\/festa-da-penha-nos-temos-que-sair-dessa-pandemia-mais-solidarios-diz-dom-dario.html#breadcrumb\"},\"inLanguage\":\"pt-BR\",\"potentialAction\":[{\"@type\":\"ReadAction\",\"target\":[\"https:\/\/franciscanos.org.br\/noticias\/festa-da-penha-nos-temos-que-sair-dessa-pandemia-mais-solidarios-diz-dom-dario.html\"]}]},{\"@type\":\"BreadcrumbList\",\"@id\":\"https:\/\/franciscanos.org.br\/noticias\/festa-da-penha-nos-temos-que-sair-dessa-pandemia-mais-solidarios-diz-dom-dario.html#breadcrumb\",\"itemListElement\":[{\"@type\":\"ListItem\",\"position\":1,\"name\":\"Home\",\"item\":\"https:\/\/franciscanos.org.br\/noticias\"},{\"@type\":\"ListItem\",\"position\":2,\"name\":\"Festa da Penha: &#8220;N\u00f3s temos que sair dessa pandemia mais solid\u00e1rios&#8221;, diz Dom Dario\"}]},{\"@type\":\"Person\",\"@id\":\"https:\/\/franciscanos.org.br\/noticias\/#\/schema\/person\/b5c8cba458c330ccff548b056e95a5d4\",\"name\":\"moacir\",\"image\":{\"@type\":\"ImageObject\",\"inLanguage\":\"pt-BR\",\"@id\":\"https:\/\/franciscanos.org.br\/noticias\/#\/schema\/person\/image\/\",\"url\":\"https:\/\/secure.gravatar.com\/avatar\/d08aa2ce4c8dd416d4479aa8536fcf64?s=96&d=mm&r=g\",\"contentUrl\":\"https:\/\/secure.gravatar.com\/avatar\/d08aa2ce4c8dd416d4479aa8536fcf64?s=96&d=mm&r=g\",\"caption\":\"moacir\"},\"url\":\"https:\/\/franciscanos.org.br\/noticias\/author\/moacir\"}]}<\/script>\n<!-- \/ Yoast SEO plugin. -->","yoast_head_json":{"title":"Festa da Penha: \"N\u00f3s temos que sair dessa pandemia mais solid\u00e1rios\", diz Dom Dario - Not\u00edcias - Franciscanos","robots":{"index":"index","follow":"follow","max-snippet":"max-snippet:-1","max-image-preview":"max-image-preview:large","max-video-preview":"max-video-preview:-1"},"canonical":"https:\/\/franciscanos.org.br\/noticias\/festa-da-penha-nos-temos-que-sair-dessa-pandemia-mais-solidarios-diz-dom-dario.html","og_locale":"pt_BR","og_type":"article","og_title":"Festa da Penha: \"N\u00f3s temos que sair dessa pandemia mais solid\u00e1rios\", diz Dom Dario - Not\u00edcias - Franciscanos","og_description":"Abertura da 450\u00aa Festa da Penha","og_url":"https:\/\/franciscanos.org.br\/noticias\/festa-da-penha-nos-temos-que-sair-dessa-pandemia-mais-solidarios-diz-dom-dario.html","og_site_name":"Not\u00edcias - Franciscanos","article_published_time":"2020-04-12T22:19:01+00:00","article_modified_time":"2020-04-12T22:35:13+00:00","og_image":[{"width":800,"height":600,"url":"https:\/\/franciscanos.org.br\/noticias\/wp-content\/uploads\/2020\/04\/penha_04d.jpg","type":"image\/jpeg"}],"author":"moacir","twitter_card":"summary_large_image","twitter_misc":{"Escrito por":"moacir","Est. tempo de leitura":"5 minutos"},"schema":{"@context":"https:\/\/schema.org","@graph":[{"@type":"WebSite","@id":"https:\/\/franciscanos.org.br\/noticias\/#website","url":"https:\/\/franciscanos.org.br\/noticias\/","name":"Not\u00edcias - Franciscanos","description":"Prov\u00edncia Franciscana da Imaculada Concei\u00e7\u00e3o do Brasil - Ordem dos Frades Menores - OFM","potentialAction":[{"@type":"SearchAction","target":{"@type":"EntryPoint","urlTemplate":"https:\/\/franciscanos.org.br\/noticias\/?s={search_term_string}"},"query-input":"required name=search_term_string"}],"inLanguage":"pt-BR"},{"@type":"ImageObject","inLanguage":"pt-BR","@id":"https:\/\/franciscanos.org.br\/noticias\/festa-da-penha-nos-temos-que-sair-dessa-pandemia-mais-solidarios-diz-dom-dario.html#primaryimage","url":"https:\/\/franciscanos.org.br\/noticias\/wp-content\/uploads\/2020\/04\/penha_04d.jpg","contentUrl":"https:\/\/franciscanos.org.br\/noticias\/wp-content\/uploads\/2020\/04\/penha_04d.jpg","width":800,"height":600},{"@type":"WebPage","@id":"https:\/\/franciscanos.org.br\/noticias\/festa-da-penha-nos-temos-que-sair-dessa-pandemia-mais-solidarios-diz-dom-dario.html#webpage","url":"https:\/\/franciscanos.org.br\/noticias\/festa-da-penha-nos-temos-que-sair-dessa-pandemia-mais-solidarios-diz-dom-dario.html","name":"Festa da Penha: \"N\u00f3s temos que sair dessa pandemia mais solid\u00e1rios\", diz Dom Dario - Not\u00edcias - Franciscanos","isPartOf":{"@id":"https:\/\/franciscanos.org.br\/noticias\/#website"},"primaryImageOfPage":{"@id":"https:\/\/franciscanos.org.br\/noticias\/festa-da-penha-nos-temos-que-sair-dessa-pandemia-mais-solidarios-diz-dom-dario.html#primaryimage"},"datePublished":"2020-04-12T22:19:01+00:00","dateModified":"2020-04-12T22:35:13+00:00","author":{"@id":"https:\/\/franciscanos.org.br\/noticias\/#\/schema\/person\/b5c8cba458c330ccff548b056e95a5d4"},"breadcrumb":{"@id":"https:\/\/franciscanos.org.br\/noticias\/festa-da-penha-nos-temos-que-sair-dessa-pandemia-mais-solidarios-diz-dom-dario.html#breadcrumb"},"inLanguage":"pt-BR","potentialAction":[{"@type":"ReadAction","target":["https:\/\/franciscanos.org.br\/noticias\/festa-da-penha-nos-temos-que-sair-dessa-pandemia-mais-solidarios-diz-dom-dario.html"]}]},{"@type":"BreadcrumbList","@id":"https:\/\/franciscanos.org.br\/noticias\/festa-da-penha-nos-temos-que-sair-dessa-pandemia-mais-solidarios-diz-dom-dario.html#breadcrumb","itemListElement":[{"@type":"ListItem","position":1,"name":"Home","item":"https:\/\/franciscanos.org.br\/noticias"},{"@type":"ListItem","position":2,"name":"Festa da Penha: &#8220;N\u00f3s temos que sair dessa pandemia mais solid\u00e1rios&#8221;, diz Dom Dario"}]},{"@type":"Person","@id":"https:\/\/franciscanos.org.br\/noticias\/#\/schema\/person\/b5c8cba458c330ccff548b056e95a5d4","name":"moacir","image":{"@type":"ImageObject","inLanguage":"pt-BR","@id":"https:\/\/franciscanos.org.br\/noticias\/#\/schema\/person\/image\/","url":"https:\/\/secure.gravatar.com\/avatar\/d08aa2ce4c8dd416d4479aa8536fcf64?s=96&d=mm&r=g","contentUrl":"https:\/\/secure.gravatar.com\/avatar\/d08aa2ce4c8dd416d4479aa8536fcf64?s=96&d=mm&r=g","caption":"moacir"},"url":"https:\/\/franciscanos.org.br\/noticias\/author\/moacir"}]}},"_links":{"self":[{"href":"https:\/\/franciscanos.org.br\/noticias\/wp-json\/wp\/v2\/posts\/223099"}],"collection":[{"href":"https:\/\/franciscanos.org.br\/noticias\/wp-json\/wp\/v2\/posts"}],"about":[{"href":"https:\/\/franciscanos.org.br\/noticias\/wp-json\/wp\/v2\/types\/post"}],"author":[{"embeddable":true,"href":"https:\/\/franciscanos.org.br\/noticias\/wp-json\/wp\/v2\/users\/3"}],"replies":[{"embeddable":true,"href":"https:\/\/franciscanos.org.br\/noticias\/wp-json\/wp\/v2\/comments?post=223099"}],"version-history":[{"count":9,"href":"https:\/\/franciscanos.org.br\/noticias\/wp-json\/wp\/v2\/posts\/223099\/revisions"}],"predecessor-version":[{"id":223115,"href":"https:\/\/franciscanos.org.br\/noticias\/wp-json\/wp\/v2\/posts\/223099\/revisions\/223115"}],"wp:featuredmedia":[{"embeddable":true,"href":"https:\/\/franciscanos.org.br\/noticias\/wp-json\/wp\/v2\/media\/223106"}],"wp:attachment":[{"href":"https:\/\/franciscanos.org.br\/noticias\/wp-json\/wp\/v2\/media?parent=223099"}],"wp:term":[{"taxonomy":"category","embeddable":true,"href":"https:\/\/franciscanos.org.br\/noticias\/wp-json\/wp\/v2\/categories?post=223099"},{"taxonomy":"post_tag","embeddable":true,"href":"https:\/\/franciscanos.org.br\/noticias\/wp-json\/wp\/v2\/tags?post=223099"}],"curies":[{"name":"wp","href":"https:\/\/api.w.org\/{rel}","templated":true}]}}