{"id":223095,"date":"2020-04-12T16:55:59","date_gmt":"2020-04-12T19:55:59","guid":{"rendered":"https:\/\/franciscanos.org.br\/noticias\/?p=223095"},"modified":"2020-04-12T16:55:59","modified_gmt":"2020-04-12T19:55:59","slug":"festa-da-penha-2020-mensagem-do-ministro-provincial","status":"publish","type":"post","link":"https:\/\/franciscanos.org.br\/noticias\/festa-da-penha-2020-mensagem-do-ministro-provincial.html","title":{"rendered":"Festa da Penha 2020: Mensagem do Ministro Provincial"},"content":{"rendered":"<p><iframe loading=\"lazy\" src=\"https:\/\/www.youtube.com\/embed\/kVtV-bEGjCY\" width=\"100%\" height=\"480\" frameborder=\"0\" allowfullscreen=\"allowfullscreen\"><\/iframe><\/p>\n<p>Queridos irm\u00e3os e irm\u00e3s devotos de Nossa Senhora da Penha!<\/p>\n<p>Paz e Bem!<\/p>\n<p>Ningu\u00e9m poderia imaginar que estar\u00edamos celebrando este jubileu da Festa da Penha de forma t\u00e3o diferente!<\/p>\n<p>\u00c0 primeira vista, ficamos tristes por n\u00e3o poder demonstrar o amor que temos \u00e0 Virgem da Penha, nas formas tradicionais, com as romarias realizadas em multid\u00f5es, o Oitav\u00e1rio no Campinho do Convento e os momentos fortes de ora\u00e7\u00e3o, vig\u00edlia e encontro presencial.<\/p>\n<p>Mas, somos desafiados a mostrarmos de modo criativo nosso amor \u00e0 Senhora das Alegrias e o nosso compromisso de viver os ensinamentos de seu Filho.<\/p>\n<p>A Senhora das Alegrias \u00e9 tamb\u00e9m a mesma Senhora das Dores! Nem por causa das afli\u00e7\u00f5es ao acompanhar os passos da Paix\u00e3o de Seu Filho ou ao receb\u00ea-lo flagelado e morto em seus bra\u00e7os, ela deixa de ser a m\u00e3e amorosa para todos n\u00f3s!<\/p>\n<p>Nesta festa da f\u00e9 e da esperan\u00e7a, que completa 450 anos, vamos ao encontro da fonte generosa que Deus derrama sobre todos n\u00f3s pela intercess\u00e3o de Nossa Senhora da Penha.<\/p>\n<p>Estes quatro s\u00e9culos e meio mostram que a Festa da Penha \u00e9, com certeza, a <strong>Festa da Perseveran\u00e7a &#8211;<\/strong> de Maria e nossa, acreditando que depois desta pandemia seremos seres humanos melhores numa sociedade mais justa, solid\u00e1ria e fraterna.<\/p>\n<p>\u00c9 a <strong>Festa da Gratid\u00e3o<\/strong>. Do muito obrigado a Deus, \u00e0 Maria, \u00e0 Igreja, aos muitos frades que aqui viveram e serviram, aos devotos, peregrinos e volunt\u00e1rios que aqui se sentem em casa porque est\u00e3o na Casa da M\u00e3e. \u00c9 de gratid\u00e3o a toda esta gente que tem o Convento gravado no Cora\u00e7\u00e3o como marca do carinho de Deus.<\/p>\n<p>Maria exclama de alegria em seu <em>Magnificat<\/em>: <strong>\u201cTodas as gera\u00e7\u00f5es me chamar\u00e3o bem-aventurada!\u201d<\/strong>. Neste canto prof\u00e9tico sentimos o carinho e a devo\u00e7\u00e3o pela Virgem que marcaram todos aqueles que a celebraram num s\u00f3 coro tantos s\u00e9culos de devo\u00e7\u00e3o a Maria. A perseveran\u00e7a do povo nesta devo\u00e7\u00e3o que atravessa muitas gera\u00e7\u00f5es.<\/p>\n<p>Em nome da Prov\u00edncia Franciscana da Imaculada Concei\u00e7\u00e3o do Brasil, digo que \u00e9 grande motivo de alegria para n\u00f3s, os frades menores, fazer parte desta hist\u00f3ria de comunh\u00e3o espiritual e de vida crist\u00e3 com o povo do Esp\u00edrito Santo.<\/p>\n<p>Ao celebrar este jubileu da Festa da Penha, queremos reafirmar a nossa disposi\u00e7\u00e3o de caminharmos como Igreja, com o nosso Pastor e confrade, Dom Frei Dario, com os bispos do Esp\u00edrito Santo, com todos os sacerdotes, com o Povo de Deus e com todos aqueles que encontram no Convento da Penha um espa\u00e7o de devo\u00e7\u00e3o, acolhida e encontro, de ora\u00e7\u00e3o, de reflex\u00e3o, de hist\u00f3ria e cultura, de contato com o pr\u00f3ximo e a natureza, dom de Deus t\u00e3o belo e conservado nesta montanha sagrada.<\/p>\n<p>Com Maria queremos aprender a ser testemunhas da Alegria do Ressuscitado!<\/p>\n<p>Deus de amor e de bondade, pela intercess\u00e3o de Nossa Senhora da Penha, aben\u00e7oe hoje e sempre a cada um de n\u00f3s!<\/p>\n<p>Uma feliz e aben\u00e7oada festa de Nossa Senhora da Penha!<\/p>\n<p>Paz e Bem!<\/p>\n<p><strong>FREI C\u00c9SAR K\u00dcLKAMP, OFM<\/strong><br \/>\n<em>Ministro Provincial<\/em><br \/>\n<strong>Prov\u00edncia Franciscana da Imaculada Concei\u00e7\u00e3o do Brasil<\/strong><\/p>\n","protected":false},"excerpt":{"rendered":"<p>Festa da Penha<\/p>\n","protected":false},"author":3,"featured_media":223097,"comment_status":"open","ping_status":"open","sticky":false,"template":"","format":"standard","meta":[],"categories":[1],"tags":[245],"acf":[],"yoast_head":"<!-- This site is optimized with the Yoast SEO plugin v19.2 - https:\/\/yoast.com\/wordpress\/plugins\/seo\/ -->\n<title>Festa da Penha 2020: Mensagem do Ministro Provincial - Not\u00edcias - Franciscanos<\/title>\n<meta name=\"robots\" content=\"index, follow, max-snippet:-1, max-image-preview:large, max-video-preview:-1\" \/>\n<link rel=\"canonical\" href=\"https:\/\/franciscanos.org.br\/noticias\/festa-da-penha-2020-mensagem-do-ministro-provincial.html\" \/>\n<meta property=\"og:locale\" content=\"pt_BR\" \/>\n<meta property=\"og:type\" content=\"article\" \/>\n<meta property=\"og:title\" content=\"Festa da Penha 2020: Mensagem do Ministro Provincial - Not\u00edcias - Franciscanos\" \/>\n<meta property=\"og:description\" content=\"Festa da Penha\" \/>\n<meta property=\"og:url\" content=\"https:\/\/franciscanos.org.br\/noticias\/festa-da-penha-2020-mensagem-do-ministro-provincial.html\" \/>\n<meta property=\"og:site_name\" content=\"Not\u00edcias - Franciscanos\" \/>\n<meta property=\"article:published_time\" content=\"2020-04-12T19:55:59+00:00\" \/>\n<meta property=\"og:image\" content=\"https:\/\/franciscanos.org.br\/noticias\/wp-content\/uploads\/2020\/04\/destaque_penha.jpg\" \/>\n\t<meta property=\"og:image:width\" content=\"800\" \/>\n\t<meta property=\"og:image:height\" content=\"600\" \/>\n\t<meta property=\"og:image:type\" content=\"image\/jpeg\" \/>\n<meta name=\"author\" content=\"moacir\" \/>\n<meta name=\"twitter:card\" content=\"summary_large_image\" \/>\n<meta name=\"twitter:label1\" content=\"Escrito por\" \/>\n\t<meta name=\"twitter:data1\" content=\"moacir\" \/>\n\t<meta name=\"twitter:label2\" content=\"Est. tempo de leitura\" \/>\n\t<meta name=\"twitter:data2\" content=\"3 minutos\" \/>\n<script type=\"application\/ld+json\" class=\"yoast-schema-graph\">{\"@context\":\"https:\/\/schema.org\",\"@graph\":[{\"@type\":\"WebSite\",\"@id\":\"https:\/\/franciscanos.org.br\/noticias\/#website\",\"url\":\"https:\/\/franciscanos.org.br\/noticias\/\",\"name\":\"Not\u00edcias - Franciscanos\",\"description\":\"Prov\u00edncia Franciscana da Imaculada Concei\u00e7\u00e3o do Brasil - Ordem dos Frades Menores - OFM\",\"potentialAction\":[{\"@type\":\"SearchAction\",\"target\":{\"@type\":\"EntryPoint\",\"urlTemplate\":\"https:\/\/franciscanos.org.br\/noticias\/?s={search_term_string}\"},\"query-input\":\"required name=search_term_string\"}],\"inLanguage\":\"pt-BR\"},{\"@type\":\"ImageObject\",\"inLanguage\":\"pt-BR\",\"@id\":\"https:\/\/franciscanos.org.br\/noticias\/festa-da-penha-2020-mensagem-do-ministro-provincial.html#primaryimage\",\"url\":\"https:\/\/franciscanos.org.br\/noticias\/wp-content\/uploads\/2020\/04\/destaque_penha.jpg\",\"contentUrl\":\"https:\/\/franciscanos.org.br\/noticias\/wp-content\/uploads\/2020\/04\/destaque_penha.jpg\",\"width\":800,\"height\":600},{\"@type\":\"WebPage\",\"@id\":\"https:\/\/franciscanos.org.br\/noticias\/festa-da-penha-2020-mensagem-do-ministro-provincial.html#webpage\",\"url\":\"https:\/\/franciscanos.org.br\/noticias\/festa-da-penha-2020-mensagem-do-ministro-provincial.html\",\"name\":\"Festa da Penha 2020: Mensagem do Ministro Provincial - Not\u00edcias - Franciscanos\",\"isPartOf\":{\"@id\":\"https:\/\/franciscanos.org.br\/noticias\/#website\"},\"primaryImageOfPage\":{\"@id\":\"https:\/\/franciscanos.org.br\/noticias\/festa-da-penha-2020-mensagem-do-ministro-provincial.html#primaryimage\"},\"datePublished\":\"2020-04-12T19:55:59+00:00\",\"dateModified\":\"2020-04-12T19:55:59+00:00\",\"author\":{\"@id\":\"https:\/\/franciscanos.org.br\/noticias\/#\/schema\/person\/b5c8cba458c330ccff548b056e95a5d4\"},\"breadcrumb\":{\"@id\":\"https:\/\/franciscanos.org.br\/noticias\/festa-da-penha-2020-mensagem-do-ministro-provincial.html#breadcrumb\"},\"inLanguage\":\"pt-BR\",\"potentialAction\":[{\"@type\":\"ReadAction\",\"target\":[\"https:\/\/franciscanos.org.br\/noticias\/festa-da-penha-2020-mensagem-do-ministro-provincial.html\"]}]},{\"@type\":\"BreadcrumbList\",\"@id\":\"https:\/\/franciscanos.org.br\/noticias\/festa-da-penha-2020-mensagem-do-ministro-provincial.html#breadcrumb\",\"itemListElement\":[{\"@type\":\"ListItem\",\"position\":1,\"name\":\"Home\",\"item\":\"https:\/\/franciscanos.org.br\/noticias\"},{\"@type\":\"ListItem\",\"position\":2,\"name\":\"Festa da Penha 2020: Mensagem do Ministro Provincial\"}]},{\"@type\":\"Person\",\"@id\":\"https:\/\/franciscanos.org.br\/noticias\/#\/schema\/person\/b5c8cba458c330ccff548b056e95a5d4\",\"name\":\"moacir\",\"image\":{\"@type\":\"ImageObject\",\"inLanguage\":\"pt-BR\",\"@id\":\"https:\/\/franciscanos.org.br\/noticias\/#\/schema\/person\/image\/\",\"url\":\"https:\/\/secure.gravatar.com\/avatar\/d08aa2ce4c8dd416d4479aa8536fcf64?s=96&d=mm&r=g\",\"contentUrl\":\"https:\/\/secure.gravatar.com\/avatar\/d08aa2ce4c8dd416d4479aa8536fcf64?s=96&d=mm&r=g\",\"caption\":\"moacir\"},\"url\":\"https:\/\/franciscanos.org.br\/noticias\/author\/moacir\"}]}<\/script>\n<!-- \/ Yoast SEO plugin. -->","yoast_head_json":{"title":"Festa da Penha 2020: Mensagem do Ministro Provincial - Not\u00edcias - Franciscanos","robots":{"index":"index","follow":"follow","max-snippet":"max-snippet:-1","max-image-preview":"max-image-preview:large","max-video-preview":"max-video-preview:-1"},"canonical":"https:\/\/franciscanos.org.br\/noticias\/festa-da-penha-2020-mensagem-do-ministro-provincial.html","og_locale":"pt_BR","og_type":"article","og_title":"Festa da Penha 2020: Mensagem do Ministro Provincial - Not\u00edcias - Franciscanos","og_description":"Festa da Penha","og_url":"https:\/\/franciscanos.org.br\/noticias\/festa-da-penha-2020-mensagem-do-ministro-provincial.html","og_site_name":"Not\u00edcias - Franciscanos","article_published_time":"2020-04-12T19:55:59+00:00","og_image":[{"width":800,"height":600,"url":"https:\/\/franciscanos.org.br\/noticias\/wp-content\/uploads\/2020\/04\/destaque_penha.jpg","type":"image\/jpeg"}],"author":"moacir","twitter_card":"summary_large_image","twitter_misc":{"Escrito por":"moacir","Est. tempo de leitura":"3 minutos"},"schema":{"@context":"https:\/\/schema.org","@graph":[{"@type":"WebSite","@id":"https:\/\/franciscanos.org.br\/noticias\/#website","url":"https:\/\/franciscanos.org.br\/noticias\/","name":"Not\u00edcias - Franciscanos","description":"Prov\u00edncia Franciscana da Imaculada Concei\u00e7\u00e3o do Brasil - Ordem dos Frades Menores - OFM","potentialAction":[{"@type":"SearchAction","target":{"@type":"EntryPoint","urlTemplate":"https:\/\/franciscanos.org.br\/noticias\/?s={search_term_string}"},"query-input":"required name=search_term_string"}],"inLanguage":"pt-BR"},{"@type":"ImageObject","inLanguage":"pt-BR","@id":"https:\/\/franciscanos.org.br\/noticias\/festa-da-penha-2020-mensagem-do-ministro-provincial.html#primaryimage","url":"https:\/\/franciscanos.org.br\/noticias\/wp-content\/uploads\/2020\/04\/destaque_penha.jpg","contentUrl":"https:\/\/franciscanos.org.br\/noticias\/wp-content\/uploads\/2020\/04\/destaque_penha.jpg","width":800,"height":600},{"@type":"WebPage","@id":"https:\/\/franciscanos.org.br\/noticias\/festa-da-penha-2020-mensagem-do-ministro-provincial.html#webpage","url":"https:\/\/franciscanos.org.br\/noticias\/festa-da-penha-2020-mensagem-do-ministro-provincial.html","name":"Festa da Penha 2020: Mensagem do Ministro Provincial - Not\u00edcias - Franciscanos","isPartOf":{"@id":"https:\/\/franciscanos.org.br\/noticias\/#website"},"primaryImageOfPage":{"@id":"https:\/\/franciscanos.org.br\/noticias\/festa-da-penha-2020-mensagem-do-ministro-provincial.html#primaryimage"},"datePublished":"2020-04-12T19:55:59+00:00","dateModified":"2020-04-12T19:55:59+00:00","author":{"@id":"https:\/\/franciscanos.org.br\/noticias\/#\/schema\/person\/b5c8cba458c330ccff548b056e95a5d4"},"breadcrumb":{"@id":"https:\/\/franciscanos.org.br\/noticias\/festa-da-penha-2020-mensagem-do-ministro-provincial.html#breadcrumb"},"inLanguage":"pt-BR","potentialAction":[{"@type":"ReadAction","target":["https:\/\/franciscanos.org.br\/noticias\/festa-da-penha-2020-mensagem-do-ministro-provincial.html"]}]},{"@type":"BreadcrumbList","@id":"https:\/\/franciscanos.org.br\/noticias\/festa-da-penha-2020-mensagem-do-ministro-provincial.html#breadcrumb","itemListElement":[{"@type":"ListItem","position":1,"name":"Home","item":"https:\/\/franciscanos.org.br\/noticias"},{"@type":"ListItem","position":2,"name":"Festa da Penha 2020: Mensagem do Ministro Provincial"}]},{"@type":"Person","@id":"https:\/\/franciscanos.org.br\/noticias\/#\/schema\/person\/b5c8cba458c330ccff548b056e95a5d4","name":"moacir","image":{"@type":"ImageObject","inLanguage":"pt-BR","@id":"https:\/\/franciscanos.org.br\/noticias\/#\/schema\/person\/image\/","url":"https:\/\/secure.gravatar.com\/avatar\/d08aa2ce4c8dd416d4479aa8536fcf64?s=96&d=mm&r=g","contentUrl":"https:\/\/secure.gravatar.com\/avatar\/d08aa2ce4c8dd416d4479aa8536fcf64?s=96&d=mm&r=g","caption":"moacir"},"url":"https:\/\/franciscanos.org.br\/noticias\/author\/moacir"}]}},"_links":{"self":[{"href":"https:\/\/franciscanos.org.br\/noticias\/wp-json\/wp\/v2\/posts\/223095"}],"collection":[{"href":"https:\/\/franciscanos.org.br\/noticias\/wp-json\/wp\/v2\/posts"}],"about":[{"href":"https:\/\/franciscanos.org.br\/noticias\/wp-json\/wp\/v2\/types\/post"}],"author":[{"embeddable":true,"href":"https:\/\/franciscanos.org.br\/noticias\/wp-json\/wp\/v2\/users\/3"}],"replies":[{"embeddable":true,"href":"https:\/\/franciscanos.org.br\/noticias\/wp-json\/wp\/v2\/comments?post=223095"}],"version-history":[{"count":1,"href":"https:\/\/franciscanos.org.br\/noticias\/wp-json\/wp\/v2\/posts\/223095\/revisions"}],"predecessor-version":[{"id":223098,"href":"https:\/\/franciscanos.org.br\/noticias\/wp-json\/wp\/v2\/posts\/223095\/revisions\/223098"}],"wp:featuredmedia":[{"embeddable":true,"href":"https:\/\/franciscanos.org.br\/noticias\/wp-json\/wp\/v2\/media\/223097"}],"wp:attachment":[{"href":"https:\/\/franciscanos.org.br\/noticias\/wp-json\/wp\/v2\/media?parent=223095"}],"wp:term":[{"taxonomy":"category","embeddable":true,"href":"https:\/\/franciscanos.org.br\/noticias\/wp-json\/wp\/v2\/categories?post=223095"},{"taxonomy":"post_tag","embeddable":true,"href":"https:\/\/franciscanos.org.br\/noticias\/wp-json\/wp\/v2\/tags?post=223095"}],"curies":[{"name":"wp","href":"https:\/\/api.w.org\/{rel}","templated":true}]}}