{"id":223073,"date":"2020-04-11T18:25:39","date_gmt":"2020-04-11T21:25:39","guid":{"rendered":"https:\/\/franciscanos.org.br\/noticias\/?p=223073"},"modified":"2021-08-29T10:07:03","modified_gmt":"2021-08-29T13:07:03","slug":"vigilia-pascal-chega-de-guerras-e-armas-porque-e-de-pao-que-precisamos","status":"publish","type":"post","link":"https:\/\/franciscanos.org.br\/noticias\/vigilia-pascal-chega-de-guerras-e-armas-porque-e-de-pao-que-precisamos.html","title":{"rendered":"Vig\u00edlia Pascal: chega de guerras e armas, porque \u00e9 de p\u00e3o que precisamos"},"content":{"rendered":"<div id=\"attachment_223075\" style=\"width: 1010px\" class=\"wp-caption alignnone\"><img aria-describedby=\"caption-attachment-223075\" loading=\"lazy\" class=\"wp-image-223075 size-full\" src=\"https:\/\/franciscanos.org.br\/noticias\/wp-content\/uploads\/2020\/04\/05.jpeg\" alt=\"\" width=\"1000\" height=\"563\" srcset=\"https:\/\/franciscanos.org.br\/noticias\/wp-content\/uploads\/2020\/04\/05.jpeg 1000w, https:\/\/franciscanos.org.br\/noticias\/wp-content\/uploads\/2020\/04\/05-450x253.jpeg 450w, https:\/\/franciscanos.org.br\/noticias\/wp-content\/uploads\/2020\/04\/05-768x432.jpeg 768w, https:\/\/franciscanos.org.br\/noticias\/wp-content\/uploads\/2020\/04\/05-150x84.jpeg 150w\" sizes=\"(max-width: 1000px) 100vw, 1000px\" \/><p id=\"caption-attachment-223075\" class=\"wp-caption-text\"><em>\u00a0 \u00a0 \u00a0 \u00a0 \u00a0 \u00a0 \u00a0 \u00a0 \u00a0 \u00a0 \u00a0 \u00a0 \u00a0 \u00a0 \u00a0 \u00a0 \u00a0 \u00a0 \u00a0 \u00a0 \u00a0 \u00a0 \u00a0 \u00a0 \u00a0 \u00a0 \u00a0 \u00a0 \u00a0 \u00a0 \u00a0 \u00a0 \u00a0 \u00a0 \u00a0 \u00a0 \u00a0 \u00a0 \u00a0 \u00a0 \u00a0 \u00a0 \u00a0 \u00a0 \u00a0 \u00a0 \u00a0 \u00a0 \u00a0 \u00a0 \u00a0 \u00a0 \u00a0 \u00a0 \u00a0 \u00a0 \u00a0 \u00a0 \u00a0 \u00a0 \u00a0 \u00a0 \u00a0 \u00a0Imagens: Vatican Media<\/em><\/p><\/div>\n<p><strong>Cidade do Vaticano<\/strong> &#8211; A Bas\u00edlica de S\u00e3o Pedro recebeu a missa deste S\u00e1bado Santo (11) sem a presen\u00e7a dos fi\u00e9is e nem a celebra\u00e7\u00e3o dos batismos, mas com uma atmosfera s\u00f3bria e prop\u00edcia para celebrar a vit\u00f3ria de Cristo sobre o pecado e a morte. As mudan\u00e7as do Departamento de Celebra\u00e7\u00f5es Lit\u00fargicas do Sumo Pont\u00edfice s\u00e3o referentes \u00e0s medidas de restri\u00e7\u00e3o impostas pela pandemia do Covid-19.<\/p>\n<p>A cerim\u00f4nia inicial com a B\u00ean\u00e7\u00e3o do Fogo foi realizada atr\u00e1s do altar da Confiss\u00e3o, sem luzes aos presentes, que s\u00f3 foram acesas durante a prociss\u00e3o ao altar da C\u00e1tedra, com a interpreta\u00e7\u00e3o do canto das tr\u00eas invoca\u00e7\u00f5es \u201cLumen Christi\u201d.<\/p>\n<p><img loading=\"lazy\" class=\"size-full wp-image-223076 aligncenter\" src=\"https:\/\/franciscanos.org.br\/noticias\/wp-content\/uploads\/2020\/04\/06.jpeg\" alt=\"\" width=\"800\" height=\"533\" srcset=\"https:\/\/franciscanos.org.br\/noticias\/wp-content\/uploads\/2020\/04\/06.jpeg 800w, https:\/\/franciscanos.org.br\/noticias\/wp-content\/uploads\/2020\/04\/06-450x300.jpeg 450w, https:\/\/franciscanos.org.br\/noticias\/wp-content\/uploads\/2020\/04\/06-768x512.jpeg 768w, https:\/\/franciscanos.org.br\/noticias\/wp-content\/uploads\/2020\/04\/06-150x100.jpeg 150w\" sizes=\"(max-width: 800px) 100vw, 800px\" \/><\/p>\n<p><strong>S\u00e1bado Santo: dia de grande sil\u00eancio<\/strong><br \/>\nO Papa Francisco come\u00e7ou a homilia comentando sobre a ansiedade, descrita no Evangelho (Mt 28, 1) da Vig\u00edlia Pascal, de se passar \u201cda cruz de sexta-feira \u00e0 aleluia de domingo\u201d. Neste ano, disse o Pont\u00edfice, mais do que nunca o S\u00e1bado Santo \u00e9 de grande sil\u00eancio e reflex\u00e3o, assim como as mulheres que foram ao sepulcro:<\/p>\n<p>\u201cComo n\u00f3s, tinham nos olhos o drama do sofrimento, de uma trag\u00e9dia inesperada, que se verificou muito rapidamente. Viram a morte e tinham a morte no cora\u00e7\u00e3o. \u00c0 amargura, juntou-se o medo: acabariam, tamb\u00e9m elas, como o Mestre? E depois os receios pelo futuro, carecido todo ele de ser reconstru\u00eddo. A mem\u00f3ria ferida, a esperan\u00e7a sufocada. Para elas, era a hora mais escura, como o \u00e9 hoje para n\u00f3s.\u201d<\/p>\n<p>Em vez de cederem \u00e0 lamenta\u00e7\u00e3o e ao pessimismo, explicou o Papa, as mulheres enfrentaram a situa\u00e7\u00e3o e realizaram \u201calgo simples e extraordin\u00e1rio\u201d, ao preparar perfumes para o corpo de Jesus, preparando tamb\u00e9m \u201co dia que havia de mudar a hist\u00f3ria\u201d: elas \u201cn\u00e3o renunciam ao amor: na escurid\u00e3o do cora\u00e7\u00e3o, acendem a miseric\u00f3rdia\u201d.<\/p>\n<p>\u201cJesus, como semente na terra, estava para fazer germinar no mundo uma vida nova; e as mulheres, com a ora\u00e7\u00e3o e o amor, ajudavam a esperan\u00e7a a desabrochar. Quantas pessoas, nos dias tristes que vivemos, fizeram e fazem como aquelas mulheres, semeando brotos de esperan\u00e7a com pequenos gestos de solicitude, de carinho, de ora\u00e7\u00e3o!\u201d<\/p>\n<p>&nbsp;<\/p>\n<p><img loading=\"lazy\" class=\"alignnone size-full wp-image-223078\" src=\"https:\/\/franciscanos.org.br\/noticias\/wp-content\/uploads\/2020\/04\/02-1.jpg\" alt=\"\" width=\"890\" height=\"1048\" srcset=\"https:\/\/franciscanos.org.br\/noticias\/wp-content\/uploads\/2020\/04\/02-1.jpg 890w, https:\/\/franciscanos.org.br\/noticias\/wp-content\/uploads\/2020\/04\/02-1-382x450.jpg 382w, https:\/\/franciscanos.org.br\/noticias\/wp-content\/uploads\/2020\/04\/02-1-870x1024.jpg 870w, https:\/\/franciscanos.org.br\/noticias\/wp-content\/uploads\/2020\/04\/02-1-768x904.jpg 768w, https:\/\/franciscanos.org.br\/noticias\/wp-content\/uploads\/2020\/04\/02-1-150x177.jpg 150w\" sizes=\"(max-width: 890px) 100vw, 890px\" \/><\/p>\n<p><strong>O direito \u00e0 esperan\u00e7a<\/strong><br \/>\nAo amanhecer, as mulheres foram ao sepulcro e, atrav\u00e9s do anjo e diante do t\u00famulo, ouviram palavras de vida. Depois, quando encontraram Jesus, tamb\u00e9m encontraram o an\u00fancio de esperan\u00e7a, disse o Papa. E o Pont\u00edfice acrescentou:<\/p>\n<p>\u201cNesta noite, conquistamos um direito fundamental, que n\u00e3o nos ser\u00e1 tirado: o direito \u00e0 esperan\u00e7a. \u00c9 uma esperan\u00e7a nova, viva, que vem de Deus. N\u00e3o \u00e9 mero otimismo, n\u00e3o \u00e9 uma palmada nas costas nem um encorajamento de circunst\u00e2ncia. \u00c9 um dom do C\u00e9u, que n\u00e3o pod\u00edamos obter por n\u00f3s mesmos. Tudo vai ficar bem: repetimos com tenacidade nestas semanas, agarrando-nos \u00e0 beleza da nossa humanidade e fazendo subir do cora\u00e7\u00e3o palavras de encorajamento. Mas, \u00e0 medida que os dias passam e os medos crescem, at\u00e9 a esperan\u00e7a mais audaz pode desvanecer. A esperan\u00e7a de Jesus \u00e9 diferente. Coloca no cora\u00e7\u00e3o a certeza de que Deus sabe transformar tudo em bem, pois at\u00e9 do t\u00famulo faz sair a vida.\u201d<\/p>\n<p>O t\u00famulo, lembrou o Papa, um lugar de onde \u201cquem entra, n\u00e3o sai. Mas Jesus saiu para n\u00f3s, ressuscitou para n\u00f3s, para trazer vida onde havia morte\u201d. Uma hist\u00f3ria de esperan\u00e7a que deve nos ajudar a n\u00e3o ceder \u201c\u00e0 resigna\u00e7\u00e3o\u201d: \u201cn\u00e3o coloquemos uma pedra sobre a esperan\u00e7a\u201d, disse Francisco.<\/p>\n<p>\u201cMinha irm\u00e3, meu irm\u00e3o, ainda que no cora\u00e7\u00e3o tenhas sepultado a esperan\u00e7a, n\u00e3o desistas! Deus \u00e9 maior. A escurid\u00e3o e a morte n\u00e3o t\u00eam a \u00faltima palavra. Coragem! Com Deus, nada est\u00e1 perdido.\u201d<\/p>\n<p><img loading=\"lazy\" class=\"alignnone size-full wp-image-223079\" src=\"https:\/\/franciscanos.org.br\/noticias\/wp-content\/uploads\/2020\/04\/04.jpeg\" alt=\"\" width=\"1000\" height=\"563\" srcset=\"https:\/\/franciscanos.org.br\/noticias\/wp-content\/uploads\/2020\/04\/04.jpeg 1000w, https:\/\/franciscanos.org.br\/noticias\/wp-content\/uploads\/2020\/04\/04-450x253.jpeg 450w, https:\/\/franciscanos.org.br\/noticias\/wp-content\/uploads\/2020\/04\/04-768x432.jpeg 768w, https:\/\/franciscanos.org.br\/noticias\/wp-content\/uploads\/2020\/04\/04-150x84.jpeg 150w\" sizes=\"(max-width: 1000px) 100vw, 1000px\" \/><\/p>\n<p>O Papa Francisco falou da import\u00e2ncia dessa coragem, sempre motivada por Jesus nos Evangelhos, e que a encontramos quando abrimos o cora\u00e7\u00e3o. \u00c9, ent\u00e3o, o momento do envio para a Galileia, do an\u00fancio pascal e da esperan\u00e7a, da \u201ccerteza nas nossas incertezas, da Palavra nos nossos sil\u00eancios\u201d:<\/p>\n<p>\u201cVoltar \u00e0 Galileia \u00e9 lembrar-se de ter sido amado e chamado por Deus. Precisamos retomar o caminho, lembrando-nos de que nascemos e renascemos a partir de uma chamada gratuita de amor. Esse \u00e9 o ponto de onde recome\u00e7ar sempre, sobretudo nas crises, nos tempos de prova\u00e7\u00e3o.\u201d<\/p>\n<p><img loading=\"lazy\" class=\"alignnone size-full wp-image-223080\" src=\"https:\/\/franciscanos.org.br\/noticias\/wp-content\/uploads\/2020\/04\/03.jpeg\" alt=\"\" width=\"1000\" height=\"563\" srcset=\"https:\/\/franciscanos.org.br\/noticias\/wp-content\/uploads\/2020\/04\/03.jpeg 1000w, https:\/\/franciscanos.org.br\/noticias\/wp-content\/uploads\/2020\/04\/03-450x253.jpeg 450w, https:\/\/franciscanos.org.br\/noticias\/wp-content\/uploads\/2020\/04\/03-768x432.jpeg 768w, https:\/\/franciscanos.org.br\/noticias\/wp-content\/uploads\/2020\/04\/03-150x84.jpeg 150w\" sizes=\"(max-width: 1000px) 100vw, 1000px\" \/><\/p>\n<p><strong>Apelo ao desarmamento<\/strong><br \/>\nVoltar \u00e0 Galileia, uma regi\u00e3o distante geograficamente de Jerusal\u00e9m e habitada \u201cpor povos diferentes, que praticavam v\u00e1rios cultos\u201d, tamb\u00e9m tem outro significado para n\u00f3s. O Papa procurou mostrar que o \u201cc\u00e2ntico da vida\u201d e o \u201can\u00fancio da esperan\u00e7a\u201d n\u00e3o devem ficar confinados \u201cnos nossos recintos sagrados\u201d, mas precisam ser levados a todos, atrav\u00e9s de verdadeiros \u201canunciadores de vida em tempo de morte!\u201d.<\/p>\n<p>Ao finalizar a homilia, o Papa fez um forte apelo ao desarmamento, ao fim das guerras e dos abortos. Como \u201cperegrinos em busca de esperan\u00e7a\u201d, Francisco encorajou a dar \u00e0s costas \u00e0 morte e a abrirmos o cora\u00e7\u00e3o \u00e0 vida, que \u00e9 Jesus ressuscitado:<\/p>\n<p>\u201cFa\u00e7amos calar os gritos de morte: de guerras, basta! Pare a produ\u00e7\u00e3o e o com\u00e9rcio das armas, porque \u00e9 de p\u00e3o que precisamos, n\u00e3o de metralhadoras. Cessem os abortos, que matam a vida inocente. Abram-se os cora\u00e7\u00f5es daqueles que t\u00eam, para encher as m\u00e3os vazias de quem n\u00e3o disp\u00f5e do necess\u00e1rio.\u201d<\/p>\n<hr \/>\n<h1 class=\"article__title\">\u00cdntegra da homilia do Papa na Missa da Vig\u00edlia Pascal<\/h1>\n<div class=\"article__text\">\n<p>(S\u00e1bado Santo, 11 de abril de 2020)<\/p>\n<p>\u00abTerminado o s\u00e1bado\u00bb (<i>Mt<\/i>\u00a028, 1), as mulheres foram ao sepulcro. O Evangelho desta santa Vig\u00edlia come\u00e7a assim: com o s\u00e1bado. Este \u00e9 o dia do Tr\u00edduo Pascal que mais descuramos, ansiosos de passar da cruz de sexta-feira \u00e0\u00a0<i>aleluia<\/i>\u00a0de domingo. Este ano, por\u00e9m, damo-nos conta, mais do que nunca, do s\u00e1bado santo, o dia do grande sil\u00eancio; podemos rever-nos nos sentimentos que tinham as mulheres naquele dia. Como n\u00f3s, tinham nos olhos o drama do sofrimento, duma trag\u00e9dia inesperada, que se verificou demasiado rapidamente. Viram a morte e tinham a morte no cora\u00e7\u00e3o. \u00c0 amargura, juntou-se o medo: acabariam, tamb\u00e9m elas, como o Mestre? E depois os receios pelo futuro, carecido todo ele de ser reconstru\u00eddo. A mem\u00f3ria ferida, a esperan\u00e7a sufocada. Para elas, era a hora mais escura, como o \u00e9 hoje para n\u00f3s.<\/p>\n<p>Contudo, nesta situa\u00e7\u00e3o, as mulheres n\u00e3o se deixam paralisar. N\u00e3o cedem \u00e0s for\u00e7as obscuras da lamenta\u00e7\u00e3o e da lam\u00faria, n\u00e3o se fecham no pessimismo, nem fogem da realidade. No s\u00e1bado, realizam algo simples e extraordin\u00e1rio: nas suas casas, preparam os perfumes para o corpo de Jesus. N\u00e3o renunciam ao amor: na escurid\u00e3o do cora\u00e7\u00e3o, acendem a miseric\u00f3rdia. Nossa Senhora, no s\u00e1bado \u2013 dia que Lhe ser\u00e1 dedicado \u2013, reza e espera. No desafio da tristeza, confia no Senhor. Sem o saber, estas mulheres preparavam na escurid\u00e3o daquele s\u00e1bado \u00abo romper do primeiro dia da semana\u00bb (<i>Mt<\/i>\u00a028, 1), o dia que havia de mudar a hist\u00f3ria. Jesus, como semente na terra, estava para fazer germinar no mundo uma vida nova; e as mulheres, com a ora\u00e7\u00e3o e o amor, ajudavam a esperan\u00e7a a desabrochar. Quantas pessoas, nos dias tristes que vivemos, fizeram e fazem como aquelas mulheres, semeando brotos de esperan\u00e7a com pequenos gestos de solicitude, de carinho, de ora\u00e7\u00e3o!<\/p>\n<p>Ao amanhecer, as mulheres v\u00e3o ao sepulcro. L\u00e1 diz-lhes o anjo: \u00ab<i>N\u00e3o tenhais medo<\/i>. N\u00e3o est\u00e1 aqui; ressuscitou\u00bb (cf.\u00a0<i>Mt<\/i>\u00a028, 5-6). Diante dum t\u00famulo, ouvem palavras de vida&#8230; E depois encontram Jesus, o autor da esperan\u00e7a, que confirma o an\u00fancio dizendo-lhes: \u00abN\u00e3o temais\u00bb (28, 10).\u00a0<i>N\u00e3o tenhais medo, n\u00e3o temais<\/i>: eis\u00a0<i>o an\u00fancio de esperan\u00e7a<\/i>\u00a0para n\u00f3s, hoje. Tais s\u00e3o as palavras que Deus nos repete na noite que estamos a atravessar.<\/p>\n<p>Nesta noite, conquistamos um direito fundamental, que n\u00e3o nos ser\u00e1 tirado:\u00a0<i>o direito \u00e0 esperan\u00e7a<\/i>. \u00c9 uma esperan\u00e7a nova, viva, que vem de Deus. N\u00e3o \u00e9 mero otimismo, n\u00e3o \u00e9 uma palmada nas costas nem um encorajamento de circunst\u00e2ncia. \u00c9 um dom do C\u00e9u, que n\u00e3o pod\u00edamos obter por n\u00f3s mesmos.\u00a0<i>Tudo correr\u00e1 bem<\/i>: repetimos com tenacidade nestas semanas, agarrando-nos \u00e0 beleza da nossa humanidade e fazendo subir do cora\u00e7\u00e3o palavras de encorajamento. Mas, \u00e0 medida que os dias passam e os medos crescem, at\u00e9 a esperan\u00e7a mais audaz pode desvanecer. A esperan\u00e7a de Jesus \u00e9 diferente. Coloca no cora\u00e7\u00e3o a certeza de que Deus sabe transformar tudo em bem, pois at\u00e9 do t\u00famulo faz sair a vida.<\/p>\n<p>O t\u00famulo \u00e9 o lugar donde, quem entra, n\u00e3o sai. Mas Jesus saiu para n\u00f3s, ressuscitou para n\u00f3s, para trazer vida onde havia morte, para come\u00e7ar uma hist\u00f3ria nova no ponto onde fora colocada uma pedra em cima. Ele, que derrubou a pedra da entrada do t\u00famulo, pode remover as rochas que fecham o cora\u00e7\u00e3o. Por isso, n\u00e3o cedamos \u00e0 resigna\u00e7\u00e3o, n\u00e3o coloquemos uma pedra sobre a esperan\u00e7a. Podemos e devemos esperar, porque Deus \u00e9 fiel. N\u00e3o nos deixou sozinhos, visitou-nos: veio a cada uma das nossas situa\u00e7\u00f5es, no sofrimento, na ang\u00fastia, na morte. A sua luz iluminou a obscuridade do sepulcro: hoje quer alcan\u00e7ar os cantos mais escuros da vida. Minha irm\u00e3, meu irm\u00e3o, ainda que no cora\u00e7\u00e3o tenhas sepultado a esperan\u00e7a, n\u00e3o desistas! Deus \u00e9 maior. A escurid\u00e3o e a morte n\u00e3o t\u00eam a \u00faltima palavra. Coragem! Com Deus, nada est\u00e1 perdido.<\/p>\n<p><i>Coragem<\/i>: \u00e9 uma palavra que, nos Evangelhos, sai sempre da boca de Jesus. S\u00f3 uma vez \u00e9 pronunciada por outros, quando dizem a um mendigo: \u00abCoragem, levanta-te que [Jesus] chama-te\u00bb (<i>Mc<\/i>\u00a010, 49). \u00c9 Ele, o Ressuscitado, que nos levanta a n\u00f3s, mendigos. Se te sentes fraco e fr\u00e1gil no caminho, se cais, n\u00e3o tenhas medo; Deus estende-te a m\u00e3o dizendo: \u00abCoragem!\u00bb Entretanto poderias exclamar como padre Abbondio: \u00abA coragem, n\u00e3o no-la podemos dar\u00bb (<i>I promessi sposi<\/i>, XXV). N\u00e3o a podes dar a ti mesmo, mas podes receb\u00ea-la, como um presente. Basta abrir o cora\u00e7\u00e3o na ora\u00e7\u00e3o, basta levantar um pouco aquela pedra colocada \u00e0 boca do cora\u00e7\u00e3o, para deixar entrar a luz de Jesus. Basta convid\u00e1-Lo: \u00abVinde, Jesus, aos meus medos e dizei tamb\u00e9m a mim:\u00a0<i>coragem!<\/i>\u00bb Convosco, Senhor, seremos provados; mas n\u00e3o turvados. E, seja qual for a tristeza que habite em n\u00f3s, sentiremos o dever de esperar, porque convosco a cruz desagu\u00e1 na ressurrei\u00e7\u00e3o, porque V\u00f3s estais connosco na escurid\u00e3o das nossas noites: sois certeza nas nossas incertezas, Palavra nos nossos sil\u00eancios e nada poder\u00e1 jamais roubar-nos o amor que nutris por n\u00f3s.<\/p>\n<p>Eis o an\u00fancio pascal, an\u00fancio de esperan\u00e7a. Este cont\u00e9m uma segunda parte,\u00a0<i>o envio<\/i>. \u00abIde anunciar aos meus irm\u00e3os que partam para a Galileia\u00bb (<i>Mt<\/i>\u00a028,10): diz Jesus. Ele \u00abvai \u00e0 vossa frente para a Galileia\u00bb (28, 7): diz o anjo. O Senhor precede-nos. \u00c9 bom saber que caminha diante de n\u00f3s, que visitou a nossa vida e a nossa morte para nos preceder na Galileia, isto \u00e9, no lugar que, para Ele e para os seus disc\u00edpulos, lembrava a vida di\u00e1ria, a fam\u00edlia, o trabalho. Jesus deseja que levemos a esperan\u00e7a l\u00e1, \u00e0 vida de cada dia. Mas, para os disc\u00edpulos, a Galileia era tamb\u00e9m o lugar das recorda\u00e7\u00f5es, sobretudo da primeira chamada. Voltar \u00e0 Galileia \u00e9 lembrar-se de ter sido amado e chamado por Deus. Precisamos de retomar o caminho, lembrando-nos de que nascemos e renascemos a partir duma chamada gratuita de amor. Este \u00e9 o ponto donde recome\u00e7ar sempre, sobretudo nas crises, nos tempos de prova\u00e7\u00e3o.<\/p>\n<p>Mais ainda. A Galileia era a regi\u00e3o mais distante de Jerusal\u00e9m, onde estavam. E n\u00e3o s\u00f3 geograficamente: a Galileia era o lugar mais distante do car\u00e1ter sacro da Cidade Santa. Era uma regi\u00e3o habitada por povos diferentes, que praticavam v\u00e1rios cultos: era a \u00abGalileia dos gentios\u00bb (<i>Mt<\/i>\u00a04, 15). Jesus envia para l\u00e1, pede para recome\u00e7ar de l\u00e1. Que nos diz isto? Que o an\u00fancio da esperan\u00e7a n\u00e3o deve ficar confinado nos nossos recintos sagrados, mas ser levado a todos. Porque todos t\u00eam necessidade de ser encorajados e, se n\u00e3o o fizermos n\u00f3s que tocamos com a m\u00e3o \u00abo Verbo da vida\u00bb (<i>1 Jo<\/i>\u00a01, 1), quem o far\u00e1? Como \u00e9 belo ser crist\u00e3os que consolam, que carregam os fardos dos outros, que encorajam: anunciadores de vida em tempo de morte! A cada Galileia, a cada regi\u00e3o desta humanidade a que pertencemos e que nos pertence, porque todos somos irm\u00e3os e irm\u00e3s, levemos o c\u00e2ntico da vida! Fa\u00e7amos calar os gritos de morte: de guerras, basta! Pare a produ\u00e7\u00e3o e o com\u00e9rcio das armas, porque \u00e9 de p\u00e3o que precisamos, n\u00e3o de metralhadoras. Cessem os abortos, que matam a vida inocente. Abram-se os cora\u00e7\u00f5es daqueles que t\u00eam, para encher as m\u00e3os vazias de quem n\u00e3o disp\u00f5e do necess\u00e1rio.<\/p>\n<p>No fim, as mulheres \u00abestreitaram os p\u00e9s\u00bb de Jesus (<i>Mt<\/i>\u00a028, 9), aqueles p\u00e9s que, para nos encontrar, haviam percorrido um longo caminho at\u00e9 entrar e sair do t\u00famulo. Abra\u00e7aram os p\u00e9s que espezinharam a morte e abriram o caminho da esperan\u00e7a. Hoje n\u00f3s, peregrinos em busca de esperan\u00e7a, estreitamo-nos a V\u00f3s, Jesus ressuscitado. Voltamos as costas \u00e0 morte e abrimos os cora\u00e7\u00f5es para V\u00f3s, que sois a Vida.<\/p>\n<hr \/>\n<p><em>Fonte: Vatican News<\/em><\/p>\n<\/div>\n","protected":false},"excerpt":{"rendered":"<p>Missa da Vig\u00edlia Pascal<\/p>\n","protected":false},"author":3,"featured_media":223074,"comment_status":"open","ping_status":"open","sticky":false,"template":"","format":"standard","meta":[],"categories":[1428],"tags":[1191],"acf":[],"yoast_head":"<!-- This site is optimized with the Yoast SEO plugin v19.2 - https:\/\/yoast.com\/wordpress\/plugins\/seo\/ -->\n<title>Vig\u00edlia Pascal: chega de guerras e armas, porque \u00e9 de p\u00e3o que precisamos - Not\u00edcias - Franciscanos<\/title>\n<meta name=\"robots\" content=\"index, follow, max-snippet:-1, max-image-preview:large, max-video-preview:-1\" \/>\n<link rel=\"canonical\" href=\"https:\/\/franciscanos.org.br\/noticias\/vigilia-pascal-chega-de-guerras-e-armas-porque-e-de-pao-que-precisamos.html\" \/>\n<meta property=\"og:locale\" content=\"pt_BR\" \/>\n<meta property=\"og:type\" content=\"article\" \/>\n<meta property=\"og:title\" content=\"Vig\u00edlia Pascal: chega de guerras e armas, porque \u00e9 de p\u00e3o que precisamos - Not\u00edcias - Franciscanos\" \/>\n<meta property=\"og:description\" content=\"Missa da Vig\u00edlia Pascal\" \/>\n<meta property=\"og:url\" content=\"https:\/\/franciscanos.org.br\/noticias\/vigilia-pascal-chega-de-guerras-e-armas-porque-e-de-pao-que-precisamos.html\" \/>\n<meta property=\"og:site_name\" content=\"Not\u00edcias - Franciscanos\" \/>\n<meta property=\"article:published_time\" content=\"2020-04-11T21:25:39+00:00\" \/>\n<meta property=\"article:modified_time\" content=\"2021-08-29T13:07:03+00:00\" \/>\n<meta property=\"og:image\" content=\"https:\/\/franciscanos.org.br\/noticias\/wp-content\/uploads\/2020\/04\/vigilia_1.jpg\" \/>\n\t<meta property=\"og:image:width\" content=\"800\" \/>\n\t<meta property=\"og:image:height\" content=\"601\" \/>\n\t<meta property=\"og:image:type\" content=\"image\/jpeg\" \/>\n<meta name=\"author\" content=\"moacir\" \/>\n<meta name=\"twitter:card\" content=\"summary_large_image\" \/>\n<meta name=\"twitter:label1\" content=\"Escrito por\" \/>\n\t<meta name=\"twitter:data1\" content=\"moacir\" \/>\n\t<meta name=\"twitter:label2\" content=\"Est. tempo de leitura\" \/>\n\t<meta name=\"twitter:data2\" content=\"12 minutos\" \/>\n<script type=\"application\/ld+json\" class=\"yoast-schema-graph\">{\"@context\":\"https:\/\/schema.org\",\"@graph\":[{\"@type\":\"WebSite\",\"@id\":\"https:\/\/franciscanos.org.br\/noticias\/#website\",\"url\":\"https:\/\/franciscanos.org.br\/noticias\/\",\"name\":\"Not\u00edcias - Franciscanos\",\"description\":\"Prov\u00edncia Franciscana da Imaculada Concei\u00e7\u00e3o do Brasil - Ordem dos Frades Menores - OFM\",\"potentialAction\":[{\"@type\":\"SearchAction\",\"target\":{\"@type\":\"EntryPoint\",\"urlTemplate\":\"https:\/\/franciscanos.org.br\/noticias\/?s={search_term_string}\"},\"query-input\":\"required name=search_term_string\"}],\"inLanguage\":\"pt-BR\"},{\"@type\":\"ImageObject\",\"inLanguage\":\"pt-BR\",\"@id\":\"https:\/\/franciscanos.org.br\/noticias\/vigilia-pascal-chega-de-guerras-e-armas-porque-e-de-pao-que-precisamos.html#primaryimage\",\"url\":\"https:\/\/franciscanos.org.br\/noticias\/wp-content\/uploads\/2020\/04\/vigilia_1.jpg\",\"contentUrl\":\"https:\/\/franciscanos.org.br\/noticias\/wp-content\/uploads\/2020\/04\/vigilia_1.jpg\",\"width\":800,\"height\":601},{\"@type\":\"WebPage\",\"@id\":\"https:\/\/franciscanos.org.br\/noticias\/vigilia-pascal-chega-de-guerras-e-armas-porque-e-de-pao-que-precisamos.html#webpage\",\"url\":\"https:\/\/franciscanos.org.br\/noticias\/vigilia-pascal-chega-de-guerras-e-armas-porque-e-de-pao-que-precisamos.html\",\"name\":\"Vig\u00edlia Pascal: chega de guerras e armas, porque \u00e9 de p\u00e3o que precisamos - Not\u00edcias - Franciscanos\",\"isPartOf\":{\"@id\":\"https:\/\/franciscanos.org.br\/noticias\/#website\"},\"primaryImageOfPage\":{\"@id\":\"https:\/\/franciscanos.org.br\/noticias\/vigilia-pascal-chega-de-guerras-e-armas-porque-e-de-pao-que-precisamos.html#primaryimage\"},\"datePublished\":\"2020-04-11T21:25:39+00:00\",\"dateModified\":\"2021-08-29T13:07:03+00:00\",\"author\":{\"@id\":\"https:\/\/franciscanos.org.br\/noticias\/#\/schema\/person\/b5c8cba458c330ccff548b056e95a5d4\"},\"breadcrumb\":{\"@id\":\"https:\/\/franciscanos.org.br\/noticias\/vigilia-pascal-chega-de-guerras-e-armas-porque-e-de-pao-que-precisamos.html#breadcrumb\"},\"inLanguage\":\"pt-BR\",\"potentialAction\":[{\"@type\":\"ReadAction\",\"target\":[\"https:\/\/franciscanos.org.br\/noticias\/vigilia-pascal-chega-de-guerras-e-armas-porque-e-de-pao-que-precisamos.html\"]}]},{\"@type\":\"BreadcrumbList\",\"@id\":\"https:\/\/franciscanos.org.br\/noticias\/vigilia-pascal-chega-de-guerras-e-armas-porque-e-de-pao-que-precisamos.html#breadcrumb\",\"itemListElement\":[{\"@type\":\"ListItem\",\"position\":1,\"name\":\"Home\",\"item\":\"https:\/\/franciscanos.org.br\/noticias\"},{\"@type\":\"ListItem\",\"position\":2,\"name\":\"Vig\u00edlia Pascal: chega de guerras e armas, porque \u00e9 de p\u00e3o que precisamos\"}]},{\"@type\":\"Person\",\"@id\":\"https:\/\/franciscanos.org.br\/noticias\/#\/schema\/person\/b5c8cba458c330ccff548b056e95a5d4\",\"name\":\"moacir\",\"image\":{\"@type\":\"ImageObject\",\"inLanguage\":\"pt-BR\",\"@id\":\"https:\/\/franciscanos.org.br\/noticias\/#\/schema\/person\/image\/\",\"url\":\"https:\/\/secure.gravatar.com\/avatar\/d08aa2ce4c8dd416d4479aa8536fcf64?s=96&d=mm&r=g\",\"contentUrl\":\"https:\/\/secure.gravatar.com\/avatar\/d08aa2ce4c8dd416d4479aa8536fcf64?s=96&d=mm&r=g\",\"caption\":\"moacir\"},\"url\":\"https:\/\/franciscanos.org.br\/noticias\/author\/moacir\"}]}<\/script>\n<!-- \/ Yoast SEO plugin. -->","yoast_head_json":{"title":"Vig\u00edlia Pascal: chega de guerras e armas, porque \u00e9 de p\u00e3o que precisamos - Not\u00edcias - Franciscanos","robots":{"index":"index","follow":"follow","max-snippet":"max-snippet:-1","max-image-preview":"max-image-preview:large","max-video-preview":"max-video-preview:-1"},"canonical":"https:\/\/franciscanos.org.br\/noticias\/vigilia-pascal-chega-de-guerras-e-armas-porque-e-de-pao-que-precisamos.html","og_locale":"pt_BR","og_type":"article","og_title":"Vig\u00edlia Pascal: chega de guerras e armas, porque \u00e9 de p\u00e3o que precisamos - Not\u00edcias - Franciscanos","og_description":"Missa da Vig\u00edlia Pascal","og_url":"https:\/\/franciscanos.org.br\/noticias\/vigilia-pascal-chega-de-guerras-e-armas-porque-e-de-pao-que-precisamos.html","og_site_name":"Not\u00edcias - Franciscanos","article_published_time":"2020-04-11T21:25:39+00:00","article_modified_time":"2021-08-29T13:07:03+00:00","og_image":[{"width":800,"height":601,"url":"https:\/\/franciscanos.org.br\/noticias\/wp-content\/uploads\/2020\/04\/vigilia_1.jpg","type":"image\/jpeg"}],"author":"moacir","twitter_card":"summary_large_image","twitter_misc":{"Escrito por":"moacir","Est. tempo de leitura":"12 minutos"},"schema":{"@context":"https:\/\/schema.org","@graph":[{"@type":"WebSite","@id":"https:\/\/franciscanos.org.br\/noticias\/#website","url":"https:\/\/franciscanos.org.br\/noticias\/","name":"Not\u00edcias - Franciscanos","description":"Prov\u00edncia Franciscana da Imaculada Concei\u00e7\u00e3o do Brasil - Ordem dos Frades Menores - OFM","potentialAction":[{"@type":"SearchAction","target":{"@type":"EntryPoint","urlTemplate":"https:\/\/franciscanos.org.br\/noticias\/?s={search_term_string}"},"query-input":"required name=search_term_string"}],"inLanguage":"pt-BR"},{"@type":"ImageObject","inLanguage":"pt-BR","@id":"https:\/\/franciscanos.org.br\/noticias\/vigilia-pascal-chega-de-guerras-e-armas-porque-e-de-pao-que-precisamos.html#primaryimage","url":"https:\/\/franciscanos.org.br\/noticias\/wp-content\/uploads\/2020\/04\/vigilia_1.jpg","contentUrl":"https:\/\/franciscanos.org.br\/noticias\/wp-content\/uploads\/2020\/04\/vigilia_1.jpg","width":800,"height":601},{"@type":"WebPage","@id":"https:\/\/franciscanos.org.br\/noticias\/vigilia-pascal-chega-de-guerras-e-armas-porque-e-de-pao-que-precisamos.html#webpage","url":"https:\/\/franciscanos.org.br\/noticias\/vigilia-pascal-chega-de-guerras-e-armas-porque-e-de-pao-que-precisamos.html","name":"Vig\u00edlia Pascal: chega de guerras e armas, porque \u00e9 de p\u00e3o que precisamos - Not\u00edcias - Franciscanos","isPartOf":{"@id":"https:\/\/franciscanos.org.br\/noticias\/#website"},"primaryImageOfPage":{"@id":"https:\/\/franciscanos.org.br\/noticias\/vigilia-pascal-chega-de-guerras-e-armas-porque-e-de-pao-que-precisamos.html#primaryimage"},"datePublished":"2020-04-11T21:25:39+00:00","dateModified":"2021-08-29T13:07:03+00:00","author":{"@id":"https:\/\/franciscanos.org.br\/noticias\/#\/schema\/person\/b5c8cba458c330ccff548b056e95a5d4"},"breadcrumb":{"@id":"https:\/\/franciscanos.org.br\/noticias\/vigilia-pascal-chega-de-guerras-e-armas-porque-e-de-pao-que-precisamos.html#breadcrumb"},"inLanguage":"pt-BR","potentialAction":[{"@type":"ReadAction","target":["https:\/\/franciscanos.org.br\/noticias\/vigilia-pascal-chega-de-guerras-e-armas-porque-e-de-pao-que-precisamos.html"]}]},{"@type":"BreadcrumbList","@id":"https:\/\/franciscanos.org.br\/noticias\/vigilia-pascal-chega-de-guerras-e-armas-porque-e-de-pao-que-precisamos.html#breadcrumb","itemListElement":[{"@type":"ListItem","position":1,"name":"Home","item":"https:\/\/franciscanos.org.br\/noticias"},{"@type":"ListItem","position":2,"name":"Vig\u00edlia Pascal: chega de guerras e armas, porque \u00e9 de p\u00e3o que precisamos"}]},{"@type":"Person","@id":"https:\/\/franciscanos.org.br\/noticias\/#\/schema\/person\/b5c8cba458c330ccff548b056e95a5d4","name":"moacir","image":{"@type":"ImageObject","inLanguage":"pt-BR","@id":"https:\/\/franciscanos.org.br\/noticias\/#\/schema\/person\/image\/","url":"https:\/\/secure.gravatar.com\/avatar\/d08aa2ce4c8dd416d4479aa8536fcf64?s=96&d=mm&r=g","contentUrl":"https:\/\/secure.gravatar.com\/avatar\/d08aa2ce4c8dd416d4479aa8536fcf64?s=96&d=mm&r=g","caption":"moacir"},"url":"https:\/\/franciscanos.org.br\/noticias\/author\/moacir"}]}},"_links":{"self":[{"href":"https:\/\/franciscanos.org.br\/noticias\/wp-json\/wp\/v2\/posts\/223073"}],"collection":[{"href":"https:\/\/franciscanos.org.br\/noticias\/wp-json\/wp\/v2\/posts"}],"about":[{"href":"https:\/\/franciscanos.org.br\/noticias\/wp-json\/wp\/v2\/types\/post"}],"author":[{"embeddable":true,"href":"https:\/\/franciscanos.org.br\/noticias\/wp-json\/wp\/v2\/users\/3"}],"replies":[{"embeddable":true,"href":"https:\/\/franciscanos.org.br\/noticias\/wp-json\/wp\/v2\/comments?post=223073"}],"version-history":[{"count":5,"href":"https:\/\/franciscanos.org.br\/noticias\/wp-json\/wp\/v2\/posts\/223073\/revisions"}],"predecessor-version":[{"id":233942,"href":"https:\/\/franciscanos.org.br\/noticias\/wp-json\/wp\/v2\/posts\/223073\/revisions\/233942"}],"wp:featuredmedia":[{"embeddable":true,"href":"https:\/\/franciscanos.org.br\/noticias\/wp-json\/wp\/v2\/media\/223074"}],"wp:attachment":[{"href":"https:\/\/franciscanos.org.br\/noticias\/wp-json\/wp\/v2\/media?parent=223073"}],"wp:term":[{"taxonomy":"category","embeddable":true,"href":"https:\/\/franciscanos.org.br\/noticias\/wp-json\/wp\/v2\/categories?post=223073"},{"taxonomy":"post_tag","embeddable":true,"href":"https:\/\/franciscanos.org.br\/noticias\/wp-json\/wp\/v2\/tags?post=223073"}],"curies":[{"name":"wp","href":"https:\/\/api.w.org\/{rel}","templated":true}]}}