{"id":223054,"date":"2020-04-10T10:07:45","date_gmt":"2020-04-10T13:07:45","guid":{"rendered":"https:\/\/franciscanos.org.br\/noticias\/?p=223054"},"modified":"2020-04-10T10:08:25","modified_gmt":"2020-04-10T13:08:25","slug":"mensagem-do-ministro-provincial-para-a-pascoa","status":"publish","type":"post","link":"https:\/\/franciscanos.org.br\/noticias\/mensagem-do-ministro-provincial-para-a-pascoa.html","title":{"rendered":"Mensagem do Ministro Provincial para a P\u00e1scoa"},"content":{"rendered":"<p><iframe loading=\"lazy\" src=\"https:\/\/www.youtube.com\/embed\/sxkkNSdONL8\" width=\"100%\" height=\"480\" frameborder=\"0\" allowfullscreen=\"allowfullscreen\"><\/iframe><\/p>\n<p style=\"padding-left: 40px;\">Caros confrades de todas as fraternidades da Prov\u00edncia da Imaculada Concei\u00e7\u00e3o, confrades das outras entidades da nossa Confer\u00eancia dos frades menores do Brasil, das demais obedi\u00eancias franciscanas, queridas irm\u00e3s Clarissas e Concepcionistas, religiosas e religiosos franciscanos, irm\u00e3s e irm\u00e3os da Ordem franciscana Secular, juventude franciscana e os tantos irm\u00e3os e irm\u00e3s que participam de nossa vida e de nossa miss\u00e3o nas cinco frentes de evangeliza\u00e7\u00e3o da Prov\u00edncia, na proximidade com o carisma franciscano ou com nossas fraternidades,\u00a0 a todos voc\u00eas,<\/p>\n<p><strong>Paz e Bem!<\/strong><\/p>\n<p>A mensagem de P\u00e1scoa deste ano tem um sentido todo especial pela realidade que estamos vivendo, em todo o mundo, de inseguran\u00e7a e medo diante da pandemia do Coronav\u00edrus, que tem se mostrado perigosa e devastadora.<\/p>\n<p>Quantas milhares de vidas j\u00e1 foram ceifadas! Quantas pessoas permanecem em tratamentos nos hospitais ou em isolamento! Fam\u00edlias inteiras viveram esta quaresma em quarentena, como medida de preven\u00e7\u00e3o! Assistimos com tristeza o n\u00famero t\u00e3o grande de pessoas que nem tem onde se isolar, porque nem sequer possuem um lar, quanto mais as condi\u00e7\u00f5es de cuidado, preven\u00e7\u00e3o e atendimento \u00e0s necessidades b\u00e1sicas!<\/p>\n<p>Muitos de n\u00f3s tamb\u00e9m vivem o desespero pela inseguran\u00e7a em seu trabalho, no seu neg\u00f3cio, no seu ganha-p\u00e3o!<\/p>\n<p>E parece dif\u00edcil falar do belo sentido da P\u00e1scoa, como ressurgimento, como vida nova!<\/p>\n<p>Para isso, quero buscar uma imagem que, durante a quaresma, trouxe muito significado para a vida humana e espiritual de crist\u00e3os ou n\u00e3o, no mundo inteiro:<\/p>\n<p>Foi a b\u00ean\u00e7\u00e3o <em>urbi et orbi<\/em>, que o Papa Francisco pediu a todos n\u00f3s da parte de Deus, no fim de tarde chuvoso do dia 27 de mar\u00e7o, diante da Pra\u00e7a totalmente vazia de S\u00e3o Pedro, em Roma.<\/p>\n<p>Era uma cena triste, diante do n\u00famero crescente de doentes e mortos. Mas, o mundo inteiro parecia estar ali e o Papa Francisco n\u00e3o ficou sozinho. Milh\u00f5es de pessoas puderam sentir muito de perto o seu gesto de amor e de solidariedade, especialmente os enfermos, seus familiares e os profissionais de sa\u00fade!<\/p>\n<p>O texto do Evangelho era aquele da tempestade acalmada (Mc 4: 35-41). Com sua reflex\u00e3o, o Papa levou coragem a todas as pessoas para que confiem em Deus. Ele est\u00e1 no barco da nossa vida e n\u00e3o nos deixar\u00e1 naufragar. Ele quis nos animar na esperan\u00e7a, mesmo ele, o Papa, como todos n\u00f3s, vivendo neste necess\u00e1rio isolamento social.<\/p>\n<p>A tempestade vai passar porque o Senhor Ressuscitado continua conosco.<\/p>\n<p>No Domingo de Ramos, o Papa Francisco de novo enviou uma mensagem de esperan\u00e7a e encorajamento ao mundo. Animou a todos, pelo testemunho do Cristo em sua Paix\u00e3o, a servirem at\u00e9 a entrega da pr\u00f3pria vida!<\/p>\n<p>\u201cN\u00e3o nos percamos em coisas de pouca import\u00e2ncia; A vida \u00e9 medida pelo amor. Diante do Crucificado, medida do amor de Deus por n\u00f3s, pe\u00e7amos a gra\u00e7a de viver para servir. N\u00e3o pensemos apenas naquilo que nos falta, pensemos no bem que podemos fazer. N\u00e3o tenham medo de gastar a vida por Deus e pelos outros.\u201d Estas foram algumas de suas palavras.<\/p>\n<p>Gra\u00e7as ao bom Deus, estamos assistindo, neste tempo, gestos muito bonitos e generosos de aten\u00e7\u00e3o por aqueles que sofrem, est\u00e3o sozinhos ou necessitados.<\/p>\n<p>Em nossas fraternidades, comunidades, servi\u00e7os, fam\u00edlias, h\u00e1 muitas formas de se manifestar a solidariedade!<\/p>\n<p>Cuidemos de nossa sa\u00fade e daqueles que nos s\u00e3o mais queridos, especialmente os nossos idosos! Mas, cuidemos tamb\u00e9m para n\u00e3o sermos contaminados pelo medo que paralisa ou pelo individualismo que mata!<\/p>\n<p>Que sejamos movidos pelo amor verdadeiro ao pr\u00f3ximo! Sejamos promotores da solidariedade, da unidade e do amor fraterno entre todas as pessoas!<\/p>\n<p>Do nosso isolamento, aqui em S\u00e3o Paulo, epicentro desta crise no\u00a0 Brasil, quero desejar a cada um de voc\u00eas, apesar de todas as circunst\u00e2ncias, uma Feliz P\u00e1scoa!<\/p>\n<p>P\u00e1scoa \u00e9 sempre boa not\u00edcia, motivo de alegria e de esperan\u00e7a, e de certeza da vit\u00f3ria da Vida sobre a morte! A morte j\u00e1 foi vencida pela Cruz e Ressurrei\u00e7\u00e3o do Senhor da Vida!<\/p>\n<h3>Feliz P\u00e1scoa! E um fraterno abra\u00e7o a cada um e cada uma!<\/h3>\n<p><strong>Paz e Bem!<\/strong><\/p>\n<p><strong>FREI C\u00c9SAR K\u00dcLKAMP, OFM<\/strong><br \/>\nMinistro Provincial<br \/>\nProv\u00edncia Franciscana da Imaculada Concei\u00e7\u00e3o do Brasil<\/p>\n","protected":false},"excerpt":{"rendered":"<p>Mensagem de Frei C\u00e9sar K\u00fclkamp para a P\u00e1scoa 2020<\/p>\n","protected":false},"author":3,"featured_media":223055,"comment_status":"open","ping_status":"open","sticky":false,"template":"","format":"standard","meta":[],"categories":[1],"tags":[1179,523],"acf":[],"yoast_head":"<!-- This site is optimized with the Yoast SEO plugin v19.2 - https:\/\/yoast.com\/wordpress\/plugins\/seo\/ -->\n<title>Mensagem do Ministro Provincial para a P\u00e1scoa - Not\u00edcias - Franciscanos<\/title>\n<meta name=\"robots\" content=\"index, follow, max-snippet:-1, max-image-preview:large, max-video-preview:-1\" \/>\n<link rel=\"canonical\" href=\"https:\/\/franciscanos.org.br\/noticias\/mensagem-do-ministro-provincial-para-a-pascoa.html\" \/>\n<meta property=\"og:locale\" content=\"pt_BR\" \/>\n<meta property=\"og:type\" content=\"article\" \/>\n<meta property=\"og:title\" content=\"Mensagem do Ministro Provincial para a P\u00e1scoa - Not\u00edcias - Franciscanos\" \/>\n<meta property=\"og:description\" content=\"Mensagem de Frei C\u00e9sar K\u00fclkamp para a P\u00e1scoa 2020\" \/>\n<meta property=\"og:url\" content=\"https:\/\/franciscanos.org.br\/noticias\/mensagem-do-ministro-provincial-para-a-pascoa.html\" \/>\n<meta property=\"og:site_name\" content=\"Not\u00edcias - Franciscanos\" \/>\n<meta property=\"article:published_time\" content=\"2020-04-10T13:07:45+00:00\" \/>\n<meta property=\"article:modified_time\" content=\"2020-04-10T13:08:25+00:00\" \/>\n<meta property=\"og:image\" content=\"https:\/\/franciscanos.org.br\/noticias\/wp-content\/uploads\/2020\/04\/fr_cesar_800_600.jpg\" \/>\n\t<meta property=\"og:image:width\" content=\"800\" \/>\n\t<meta property=\"og:image:height\" content=\"600\" \/>\n\t<meta property=\"og:image:type\" content=\"image\/jpeg\" \/>\n<meta name=\"author\" content=\"moacir\" \/>\n<meta name=\"twitter:card\" content=\"summary_large_image\" \/>\n<meta name=\"twitter:label1\" content=\"Escrito por\" \/>\n\t<meta name=\"twitter:data1\" content=\"moacir\" \/>\n\t<meta name=\"twitter:label2\" content=\"Est. tempo de leitura\" \/>\n\t<meta name=\"twitter:data2\" content=\"4 minutos\" \/>\n<script type=\"application\/ld+json\" class=\"yoast-schema-graph\">{\"@context\":\"https:\/\/schema.org\",\"@graph\":[{\"@type\":\"WebSite\",\"@id\":\"https:\/\/franciscanos.org.br\/noticias\/#website\",\"url\":\"https:\/\/franciscanos.org.br\/noticias\/\",\"name\":\"Not\u00edcias - Franciscanos\",\"description\":\"Prov\u00edncia Franciscana da Imaculada Concei\u00e7\u00e3o do Brasil - Ordem dos Frades Menores - OFM\",\"potentialAction\":[{\"@type\":\"SearchAction\",\"target\":{\"@type\":\"EntryPoint\",\"urlTemplate\":\"https:\/\/franciscanos.org.br\/noticias\/?s={search_term_string}\"},\"query-input\":\"required name=search_term_string\"}],\"inLanguage\":\"pt-BR\"},{\"@type\":\"ImageObject\",\"inLanguage\":\"pt-BR\",\"@id\":\"https:\/\/franciscanos.org.br\/noticias\/mensagem-do-ministro-provincial-para-a-pascoa.html#primaryimage\",\"url\":\"https:\/\/franciscanos.org.br\/noticias\/wp-content\/uploads\/2020\/04\/fr_cesar_800_600.jpg\",\"contentUrl\":\"https:\/\/franciscanos.org.br\/noticias\/wp-content\/uploads\/2020\/04\/fr_cesar_800_600.jpg\",\"width\":800,\"height\":600},{\"@type\":\"WebPage\",\"@id\":\"https:\/\/franciscanos.org.br\/noticias\/mensagem-do-ministro-provincial-para-a-pascoa.html#webpage\",\"url\":\"https:\/\/franciscanos.org.br\/noticias\/mensagem-do-ministro-provincial-para-a-pascoa.html\",\"name\":\"Mensagem do Ministro Provincial para a P\u00e1scoa - Not\u00edcias - Franciscanos\",\"isPartOf\":{\"@id\":\"https:\/\/franciscanos.org.br\/noticias\/#website\"},\"primaryImageOfPage\":{\"@id\":\"https:\/\/franciscanos.org.br\/noticias\/mensagem-do-ministro-provincial-para-a-pascoa.html#primaryimage\"},\"datePublished\":\"2020-04-10T13:07:45+00:00\",\"dateModified\":\"2020-04-10T13:08:25+00:00\",\"author\":{\"@id\":\"https:\/\/franciscanos.org.br\/noticias\/#\/schema\/person\/b5c8cba458c330ccff548b056e95a5d4\"},\"breadcrumb\":{\"@id\":\"https:\/\/franciscanos.org.br\/noticias\/mensagem-do-ministro-provincial-para-a-pascoa.html#breadcrumb\"},\"inLanguage\":\"pt-BR\",\"potentialAction\":[{\"@type\":\"ReadAction\",\"target\":[\"https:\/\/franciscanos.org.br\/noticias\/mensagem-do-ministro-provincial-para-a-pascoa.html\"]}]},{\"@type\":\"BreadcrumbList\",\"@id\":\"https:\/\/franciscanos.org.br\/noticias\/mensagem-do-ministro-provincial-para-a-pascoa.html#breadcrumb\",\"itemListElement\":[{\"@type\":\"ListItem\",\"position\":1,\"name\":\"Home\",\"item\":\"https:\/\/franciscanos.org.br\/noticias\"},{\"@type\":\"ListItem\",\"position\":2,\"name\":\"Mensagem do Ministro Provincial para a P\u00e1scoa\"}]},{\"@type\":\"Person\",\"@id\":\"https:\/\/franciscanos.org.br\/noticias\/#\/schema\/person\/b5c8cba458c330ccff548b056e95a5d4\",\"name\":\"moacir\",\"image\":{\"@type\":\"ImageObject\",\"inLanguage\":\"pt-BR\",\"@id\":\"https:\/\/franciscanos.org.br\/noticias\/#\/schema\/person\/image\/\",\"url\":\"https:\/\/secure.gravatar.com\/avatar\/d08aa2ce4c8dd416d4479aa8536fcf64?s=96&d=mm&r=g\",\"contentUrl\":\"https:\/\/secure.gravatar.com\/avatar\/d08aa2ce4c8dd416d4479aa8536fcf64?s=96&d=mm&r=g\",\"caption\":\"moacir\"},\"url\":\"https:\/\/franciscanos.org.br\/noticias\/author\/moacir\"}]}<\/script>\n<!-- \/ Yoast SEO plugin. -->","yoast_head_json":{"title":"Mensagem do Ministro Provincial para a P\u00e1scoa - Not\u00edcias - Franciscanos","robots":{"index":"index","follow":"follow","max-snippet":"max-snippet:-1","max-image-preview":"max-image-preview:large","max-video-preview":"max-video-preview:-1"},"canonical":"https:\/\/franciscanos.org.br\/noticias\/mensagem-do-ministro-provincial-para-a-pascoa.html","og_locale":"pt_BR","og_type":"article","og_title":"Mensagem do Ministro Provincial para a P\u00e1scoa - Not\u00edcias - Franciscanos","og_description":"Mensagem de Frei C\u00e9sar K\u00fclkamp para a P\u00e1scoa 2020","og_url":"https:\/\/franciscanos.org.br\/noticias\/mensagem-do-ministro-provincial-para-a-pascoa.html","og_site_name":"Not\u00edcias - Franciscanos","article_published_time":"2020-04-10T13:07:45+00:00","article_modified_time":"2020-04-10T13:08:25+00:00","og_image":[{"width":800,"height":600,"url":"https:\/\/franciscanos.org.br\/noticias\/wp-content\/uploads\/2020\/04\/fr_cesar_800_600.jpg","type":"image\/jpeg"}],"author":"moacir","twitter_card":"summary_large_image","twitter_misc":{"Escrito por":"moacir","Est. tempo de leitura":"4 minutos"},"schema":{"@context":"https:\/\/schema.org","@graph":[{"@type":"WebSite","@id":"https:\/\/franciscanos.org.br\/noticias\/#website","url":"https:\/\/franciscanos.org.br\/noticias\/","name":"Not\u00edcias - Franciscanos","description":"Prov\u00edncia Franciscana da Imaculada Concei\u00e7\u00e3o do Brasil - Ordem dos Frades Menores - OFM","potentialAction":[{"@type":"SearchAction","target":{"@type":"EntryPoint","urlTemplate":"https:\/\/franciscanos.org.br\/noticias\/?s={search_term_string}"},"query-input":"required name=search_term_string"}],"inLanguage":"pt-BR"},{"@type":"ImageObject","inLanguage":"pt-BR","@id":"https:\/\/franciscanos.org.br\/noticias\/mensagem-do-ministro-provincial-para-a-pascoa.html#primaryimage","url":"https:\/\/franciscanos.org.br\/noticias\/wp-content\/uploads\/2020\/04\/fr_cesar_800_600.jpg","contentUrl":"https:\/\/franciscanos.org.br\/noticias\/wp-content\/uploads\/2020\/04\/fr_cesar_800_600.jpg","width":800,"height":600},{"@type":"WebPage","@id":"https:\/\/franciscanos.org.br\/noticias\/mensagem-do-ministro-provincial-para-a-pascoa.html#webpage","url":"https:\/\/franciscanos.org.br\/noticias\/mensagem-do-ministro-provincial-para-a-pascoa.html","name":"Mensagem do Ministro Provincial para a P\u00e1scoa - Not\u00edcias - Franciscanos","isPartOf":{"@id":"https:\/\/franciscanos.org.br\/noticias\/#website"},"primaryImageOfPage":{"@id":"https:\/\/franciscanos.org.br\/noticias\/mensagem-do-ministro-provincial-para-a-pascoa.html#primaryimage"},"datePublished":"2020-04-10T13:07:45+00:00","dateModified":"2020-04-10T13:08:25+00:00","author":{"@id":"https:\/\/franciscanos.org.br\/noticias\/#\/schema\/person\/b5c8cba458c330ccff548b056e95a5d4"},"breadcrumb":{"@id":"https:\/\/franciscanos.org.br\/noticias\/mensagem-do-ministro-provincial-para-a-pascoa.html#breadcrumb"},"inLanguage":"pt-BR","potentialAction":[{"@type":"ReadAction","target":["https:\/\/franciscanos.org.br\/noticias\/mensagem-do-ministro-provincial-para-a-pascoa.html"]}]},{"@type":"BreadcrumbList","@id":"https:\/\/franciscanos.org.br\/noticias\/mensagem-do-ministro-provincial-para-a-pascoa.html#breadcrumb","itemListElement":[{"@type":"ListItem","position":1,"name":"Home","item":"https:\/\/franciscanos.org.br\/noticias"},{"@type":"ListItem","position":2,"name":"Mensagem do Ministro Provincial para a P\u00e1scoa"}]},{"@type":"Person","@id":"https:\/\/franciscanos.org.br\/noticias\/#\/schema\/person\/b5c8cba458c330ccff548b056e95a5d4","name":"moacir","image":{"@type":"ImageObject","inLanguage":"pt-BR","@id":"https:\/\/franciscanos.org.br\/noticias\/#\/schema\/person\/image\/","url":"https:\/\/secure.gravatar.com\/avatar\/d08aa2ce4c8dd416d4479aa8536fcf64?s=96&d=mm&r=g","contentUrl":"https:\/\/secure.gravatar.com\/avatar\/d08aa2ce4c8dd416d4479aa8536fcf64?s=96&d=mm&r=g","caption":"moacir"},"url":"https:\/\/franciscanos.org.br\/noticias\/author\/moacir"}]}},"_links":{"self":[{"href":"https:\/\/franciscanos.org.br\/noticias\/wp-json\/wp\/v2\/posts\/223054"}],"collection":[{"href":"https:\/\/franciscanos.org.br\/noticias\/wp-json\/wp\/v2\/posts"}],"about":[{"href":"https:\/\/franciscanos.org.br\/noticias\/wp-json\/wp\/v2\/types\/post"}],"author":[{"embeddable":true,"href":"https:\/\/franciscanos.org.br\/noticias\/wp-json\/wp\/v2\/users\/3"}],"replies":[{"embeddable":true,"href":"https:\/\/franciscanos.org.br\/noticias\/wp-json\/wp\/v2\/comments?post=223054"}],"version-history":[{"count":3,"href":"https:\/\/franciscanos.org.br\/noticias\/wp-json\/wp\/v2\/posts\/223054\/revisions"}],"predecessor-version":[{"id":223096,"href":"https:\/\/franciscanos.org.br\/noticias\/wp-json\/wp\/v2\/posts\/223054\/revisions\/223096"}],"wp:featuredmedia":[{"embeddable":true,"href":"https:\/\/franciscanos.org.br\/noticias\/wp-json\/wp\/v2\/media\/223055"}],"wp:attachment":[{"href":"https:\/\/franciscanos.org.br\/noticias\/wp-json\/wp\/v2\/media?parent=223054"}],"wp:term":[{"taxonomy":"category","embeddable":true,"href":"https:\/\/franciscanos.org.br\/noticias\/wp-json\/wp\/v2\/categories?post=223054"},{"taxonomy":"post_tag","embeddable":true,"href":"https:\/\/franciscanos.org.br\/noticias\/wp-json\/wp\/v2\/tags?post=223054"}],"curies":[{"name":"wp","href":"https:\/\/api.w.org\/{rel}","templated":true}]}}