{"id":223049,"date":"2020-04-10T05:26:11","date_gmt":"2020-04-10T08:26:11","guid":{"rendered":"https:\/\/franciscanos.org.br\/noticias\/?p=223049"},"modified":"2021-08-29T10:12:44","modified_gmt":"2021-08-29T13:12:44","slug":"epidemias-quarentenas-igrejas-vazias-precedentes-na-historia","status":"publish","type":"post","link":"https:\/\/franciscanos.org.br\/noticias\/epidemias-quarentenas-igrejas-vazias-precedentes-na-historia.html","title":{"rendered":"Epidemias, quarentenas, igrejas vazias: precedentes na hist\u00f3ria"},"content":{"rendered":"<p><img loading=\"lazy\" class=\"alignnone size-full wp-image-233946\" src=\"https:\/\/franciscanos.org.br\/noticias\/wp-content\/uploads\/2020\/04\/papa_270320.jpg\" alt=\"\" width=\"890\" height=\"435\" srcset=\"https:\/\/franciscanos.org.br\/noticias\/wp-content\/uploads\/2020\/04\/papa_270320.jpg 890w, https:\/\/franciscanos.org.br\/noticias\/wp-content\/uploads\/2020\/04\/papa_270320-450x220.jpg 450w, https:\/\/franciscanos.org.br\/noticias\/wp-content\/uploads\/2020\/04\/papa_270320-768x375.jpg 768w, https:\/\/franciscanos.org.br\/noticias\/wp-content\/uploads\/2020\/04\/papa_270320-150x73.jpg 150w\" sizes=\"(max-width: 890px) 100vw, 890px\" \/><\/p>\n<p>&nbsp;<\/p>\n<p><strong>Cidade do Vaticano<\/strong> &#8211; A P\u00e1scoa de milh\u00f5es de crist\u00e3os no mundo, neste ano de 2020 ser\u00e1 singular. Por causa do isolamento para evitar o Covid-19, em v\u00e1rios pa\u00edses n\u00e3o ser\u00e1 poss\u00edvel aos fi\u00e9is participar das grandes liturgias do Tr\u00edduo que recorda e atualiza a institui\u00e7\u00e3o da Eucaristia, a paix\u00e3o e morte de Jesus, a sua ressurrei\u00e7\u00e3o. Percorrendo a hist\u00f3ria dos s\u00e9culos, talvez possamos compreender alguma coisa a mais, ao constatar que esta dram\u00e1tica situa\u00e7\u00e3o que estamos vivendo, n\u00e3o \u00e9 in\u00e9dita. N\u00e3o \u00e9 a primeira vez que a comunidade crist\u00e3 se encontra nesta situa\u00e7\u00e3o. Sobretudo no que se refere ao acesso \u00e0s igrejas e \u00e0s celebra\u00e7\u00f5es.<\/p>\n<p><strong>O Papa que proibiu o jejum<\/strong><br \/>\nDurante a peste de 1656, por exemplo, o Papa Alexandre VII agiu com muita determina\u00e7\u00e3o para deter o cont\u00e1gio que teria levado a um milh\u00e3o de mortos em toda a It\u00e1lia. Em uma narra\u00e7\u00e3o hist\u00f3rica apresentada no livro \u201cDescri\u00e7\u00e3o do cont\u00e1gio de N\u00e1poles a Roma no ano de 1656\u201d (Roma, 1837), encontra-se escrito: \u201cForam suspensas as aglomera\u00e7\u00f5es [\u2026] civis, tamb\u00e9m as sacras, isto \u00e9, as capelas pontif\u00edcias, as habituais prociss\u00f5es, as pias congrega\u00e7\u00f5es, a solenidade de of\u00edcios nas igrejas, fechando-as nos dias em que eram determinados como festivos em seus calend\u00e1rios, e por isso atra\u00edam grandes multid\u00f5es\u201d. O Papa \u201cpromulgou um jubileu universal, n\u00e3o impondo ao momento (segundo o costume) prociss\u00f5es, ou visitas a algumas determinadas bas\u00edlicas, para n\u00e3o aglomerar a popula\u00e7\u00e3o, e retirou os jejuns, para n\u00e3o expor os corpos a doen\u00e7as por receber menos alimentos saud\u00e1veis\u201d.<\/p>\n<p><strong>Congrega\u00e7\u00e3o Sanit\u00e1ria<\/strong><br \/>\nComo recorda Marco Rapetti Arrigoni, jornalista e escritor, autor de alguns artigos dedicados \u00e0s pandemias na hist\u00f3ria relacionados com o comportamento das autoridades religiosas: \u201cA Congrega\u00e7\u00e3o Sanit\u00e1ria, predisp\u00f4s um sistema hospitalar baseado na r\u00edgida separa\u00e7\u00e3o dos enfermos em lugares distintos da cidade: ou seja, em um local doentes em observa\u00e7\u00e3o de casos suspeitos e em outro para a convalesc\u00eancia dos sobreviventes. O objetivo era o de proceder zelosamente ao isolamento e a transfer\u00eancia dos contagiados, com a aplica\u00e7\u00e3o obrigat\u00f3ria da quarentena a todas as pessoas que tivessem tido contato com os mesmos\u201d.<\/p>\n<p><strong>1656: Igrejas de Roma fechadas<\/strong><br \/>\nAl\u00e9m disso a \u201cCongrega\u00e7\u00e3o Sanit\u00e1ria\u201d a pedido do Pont\u00edfice interveio tamb\u00e9m na regulamenta\u00e7\u00e3o da vida religiosa da cidade introduzindo importantes limita\u00e7\u00f5es. Foi suspensa a adora\u00e7\u00e3o eucar\u00edstica comunit\u00e1ria e foram proibidas as prociss\u00f5es e as ora\u00e7\u00f5es nas ruas. Festas e cerim\u00f4nias foram oficiadas a portas fechadas e as autoridades eclesi\u00e1sticas chegaram a privilegiar formas privadas e pessoal de devo\u00e7\u00e3o e ora\u00e7\u00e3o\u201d. E considerando que apesar das proibi\u00e7\u00f5es os romanos continuavam a visitar a igreja de Santa Maria in Portico, onde estava o \u00edcone da Bem-aventurada Virgem do Portico, protetora da cidade nas pestil\u00eancias, \u201ca Congrega\u00e7\u00e3o, para impedir que a lota\u00e7\u00e3o do local fosse prop\u00edcia a ulterior difus\u00e3o do mal, determinou o fechamento da igreja e da rua onde se encontrava a mesma\u201d.<\/p>\n<p>Se esta era a Roma do Papa, preocupada com a salva\u00e7\u00e3o das pessoas e n\u00e3o somente de suas almas, as autoridades da Igreja de Mil\u00e3o tamb\u00e9m faziam a sua parte. No s\u00e9culo precedente, em 1576, Mil\u00e3o tinha sido atingida pela peste. O governador da cidade Antonio de Guzman y Zu\u00f1iga, introduzira r\u00edgidas limita\u00e7\u00f5es \u00e0s peregrina\u00e7\u00f5es, estabelecendo, como recorda Marco Arrigoni, que \u201ca entrada \u00e0 cidade fosse permitida apenas a pequenos grupos de uma dezena de pessoas que possu\u00edssem a \u2018boleta\u201d, um documento, emitido pelas autoridade de sa\u00fade do territ\u00f3rio de proveni\u00eancia, que atestava a aus\u00eancia de sintomas ligados \u00e0 doen\u00e7a da peste\u201d.<\/p>\n<p><strong>S\u00e3o Carlos Borromeu<\/strong><br \/>\nO cardeal Carlos Borromeu, santo arcebispo da diocese milanesa, exortava os sacerdotes a socorrer os doentes, assim como ele mesmo fazia. Conhecendo os riscos de cont\u00e1gio, o cardeal Borromeu \u201cpara n\u00e3o se tornar o vetor da doen\u00e7a, come\u00e7ou a conversar com seus interlocutores mantendo a dist\u00e2ncia, e a mudar sua roupa com frequ\u00eancia e lav\u00e1-la com \u00e1gua fervente, tamb\u00e9m a purificar com o fogo tudo o que tocava. E levava consigo sempre uma esponja banhada no vinagre, assim como durante suas visitas pela cidade de Mil\u00e3o mantinha as moedas para esmola sempre dentro de vasos cheios de vinagre\u201d.<\/p>\n<p>Para pedir a Deus que acabasse com a epidemia, o arcebispo de Mil\u00e3o estabeleceu quatro prociss\u00f5es, \u201c\u00e0s quais poderia participar apenas homens adultos, divididos em duas filas de uma s\u00f3 pessoa e distantes tr\u00eas metros uns dos outros, proibindo a participa\u00e7\u00e3o dos contagiados e dos suspeitos de cont\u00e1gio. O cardeal guiou, de p\u00e9s descal\u00e7os e com uma corda no pesco\u00e7o, a primeira prociss\u00e3o do Domo de Mil\u00e3o at\u00e9 a Bas\u00edlica de Santo Ambr\u00f3sio\u201d.<\/p>\n<p><strong>Quarentena aos milaneses em 1576<\/strong><br \/>\nTamb\u00e9m se deve a Borromeu a proposta de uma quarentena geral para a qual todos os cidad\u00e3os deveriam ficar quarenta dias fechados em casa. \u201cO cardeal \u2013 segundo uma narra\u00e7\u00e3o biogr\u00e1fica sobre o santo arcebispo \u2013 fazia quest\u00e3o que tudo o que pudesse melhorar os enfermos e os pobres fosse aplicado\u201d.<\/p>\n<p>Em 15 de outubro de 1576 o Tribunal de Provis\u00f5es, acolhendo a proposta de Borromeu, decretou a quarentena geral para todos os habitantes de Mil\u00e3o. Em 18 de outubro S\u00e3o Carlos emitiria um decreto semelhante para o clero secular e regular, ordenando \u201c\u00e0s pessoas Eclesi\u00e1sticas que da mesma forma se mantivessem em casa\u201d e isentando da observ\u00e2ncia do preceitos de \u201cestar em casa retirados\u201d apenas os sacerdotes e religiosos destinados \u00e0 assist\u00eancia espiritual e material da popula\u00e7\u00e3o.<\/p>\n<p><strong>Sem a missa de Natal<\/strong><br \/>\nOs milaneses em quarentena n\u00e3o podiam ir \u00e0 igreja rezar nem participar da missa. S\u00e3o Carlos fez com que nas esquinas da cidade fossem colocadas cruzes e altares para celebrar missas nas quais podiam participar de longe, assomando nas janelas. A partir da metade de dezembro de 1576 a propaga\u00e7\u00e3o da epidemia parecia diminuir. Apesar da situa\u00e7\u00e3o ter melhorado as autoridades decidiram prolongar a quarentena, para evitar que recome\u00e7assem os cont\u00e1gios, e este prolongamento do isolamento ocorreu com o consenso do cardeal, embora S\u00e3o Carlos lamentasse porque \u201co povo n\u00e3o poderia ir \u00e0 igreja, nem mesmo na solenidade do Santo Natal\u201d.<\/p>\n<hr \/>\n<p><em>Fonte: Vatican News (https:\/\/www.vaticannews.va\/pt\/papa\/news\/2020-03\/papa-francisco-coronavirus-bencao-urbi-et-orbi.html)<\/em><\/p>\n","protected":false},"excerpt":{"rendered":"<p>Hist\u00f3ria<\/p>\n","protected":false},"author":3,"featured_media":233947,"comment_status":"open","ping_status":"open","sticky":false,"template":"","format":"standard","meta":[],"categories":[1428],"tags":[1603],"acf":[],"yoast_head":"<!-- This site is optimized with the Yoast SEO plugin v19.2 - https:\/\/yoast.com\/wordpress\/plugins\/seo\/ -->\n<title>Epidemias, quarentenas, igrejas vazias: precedentes na hist\u00f3ria - Not\u00edcias - Franciscanos<\/title>\n<meta name=\"robots\" content=\"index, follow, max-snippet:-1, max-image-preview:large, max-video-preview:-1\" \/>\n<link rel=\"canonical\" href=\"https:\/\/franciscanos.org.br\/noticias\/epidemias-quarentenas-igrejas-vazias-precedentes-na-historia.html\" \/>\n<meta property=\"og:locale\" content=\"pt_BR\" \/>\n<meta property=\"og:type\" content=\"article\" \/>\n<meta property=\"og:title\" content=\"Epidemias, quarentenas, igrejas vazias: precedentes na hist\u00f3ria - Not\u00edcias - Franciscanos\" \/>\n<meta property=\"og:description\" content=\"Hist\u00f3ria\" \/>\n<meta property=\"og:url\" content=\"https:\/\/franciscanos.org.br\/noticias\/epidemias-quarentenas-igrejas-vazias-precedentes-na-historia.html\" \/>\n<meta property=\"og:site_name\" content=\"Not\u00edcias - Franciscanos\" \/>\n<meta property=\"article:published_time\" content=\"2020-04-10T08:26:11+00:00\" \/>\n<meta property=\"article:modified_time\" content=\"2021-08-29T13:12:44+00:00\" \/>\n<meta property=\"og:image\" content=\"https:\/\/franciscanos.org.br\/noticias\/wp-content\/uploads\/2020\/04\/papa_270320d.jpg\" \/>\n\t<meta property=\"og:image:width\" content=\"632\" \/>\n\t<meta property=\"og:image:height\" content=\"435\" \/>\n\t<meta property=\"og:image:type\" content=\"image\/jpeg\" \/>\n<meta name=\"author\" content=\"moacir\" \/>\n<meta name=\"twitter:card\" content=\"summary_large_image\" \/>\n<meta name=\"twitter:label1\" content=\"Escrito por\" \/>\n\t<meta name=\"twitter:data1\" content=\"moacir\" \/>\n\t<meta name=\"twitter:label2\" content=\"Est. tempo de leitura\" \/>\n\t<meta name=\"twitter:data2\" content=\"6 minutos\" \/>\n<script type=\"application\/ld+json\" class=\"yoast-schema-graph\">{\"@context\":\"https:\/\/schema.org\",\"@graph\":[{\"@type\":\"WebSite\",\"@id\":\"https:\/\/franciscanos.org.br\/noticias\/#website\",\"url\":\"https:\/\/franciscanos.org.br\/noticias\/\",\"name\":\"Not\u00edcias - Franciscanos\",\"description\":\"Prov\u00edncia Franciscana da Imaculada Concei\u00e7\u00e3o do Brasil - Ordem dos Frades Menores - OFM\",\"potentialAction\":[{\"@type\":\"SearchAction\",\"target\":{\"@type\":\"EntryPoint\",\"urlTemplate\":\"https:\/\/franciscanos.org.br\/noticias\/?s={search_term_string}\"},\"query-input\":\"required name=search_term_string\"}],\"inLanguage\":\"pt-BR\"},{\"@type\":\"ImageObject\",\"inLanguage\":\"pt-BR\",\"@id\":\"https:\/\/franciscanos.org.br\/noticias\/epidemias-quarentenas-igrejas-vazias-precedentes-na-historia.html#primaryimage\",\"url\":\"https:\/\/franciscanos.org.br\/noticias\/wp-content\/uploads\/2020\/04\/papa_270320d.jpg\",\"contentUrl\":\"https:\/\/franciscanos.org.br\/noticias\/wp-content\/uploads\/2020\/04\/papa_270320d.jpg\",\"width\":632,\"height\":435},{\"@type\":\"WebPage\",\"@id\":\"https:\/\/franciscanos.org.br\/noticias\/epidemias-quarentenas-igrejas-vazias-precedentes-na-historia.html#webpage\",\"url\":\"https:\/\/franciscanos.org.br\/noticias\/epidemias-quarentenas-igrejas-vazias-precedentes-na-historia.html\",\"name\":\"Epidemias, quarentenas, igrejas vazias: precedentes na hist\u00f3ria - Not\u00edcias - Franciscanos\",\"isPartOf\":{\"@id\":\"https:\/\/franciscanos.org.br\/noticias\/#website\"},\"primaryImageOfPage\":{\"@id\":\"https:\/\/franciscanos.org.br\/noticias\/epidemias-quarentenas-igrejas-vazias-precedentes-na-historia.html#primaryimage\"},\"datePublished\":\"2020-04-10T08:26:11+00:00\",\"dateModified\":\"2021-08-29T13:12:44+00:00\",\"author\":{\"@id\":\"https:\/\/franciscanos.org.br\/noticias\/#\/schema\/person\/b5c8cba458c330ccff548b056e95a5d4\"},\"breadcrumb\":{\"@id\":\"https:\/\/franciscanos.org.br\/noticias\/epidemias-quarentenas-igrejas-vazias-precedentes-na-historia.html#breadcrumb\"},\"inLanguage\":\"pt-BR\",\"potentialAction\":[{\"@type\":\"ReadAction\",\"target\":[\"https:\/\/franciscanos.org.br\/noticias\/epidemias-quarentenas-igrejas-vazias-precedentes-na-historia.html\"]}]},{\"@type\":\"BreadcrumbList\",\"@id\":\"https:\/\/franciscanos.org.br\/noticias\/epidemias-quarentenas-igrejas-vazias-precedentes-na-historia.html#breadcrumb\",\"itemListElement\":[{\"@type\":\"ListItem\",\"position\":1,\"name\":\"Home\",\"item\":\"https:\/\/franciscanos.org.br\/noticias\"},{\"@type\":\"ListItem\",\"position\":2,\"name\":\"Epidemias, quarentenas, igrejas vazias: precedentes na hist\u00f3ria\"}]},{\"@type\":\"Person\",\"@id\":\"https:\/\/franciscanos.org.br\/noticias\/#\/schema\/person\/b5c8cba458c330ccff548b056e95a5d4\",\"name\":\"moacir\",\"image\":{\"@type\":\"ImageObject\",\"inLanguage\":\"pt-BR\",\"@id\":\"https:\/\/franciscanos.org.br\/noticias\/#\/schema\/person\/image\/\",\"url\":\"https:\/\/secure.gravatar.com\/avatar\/d08aa2ce4c8dd416d4479aa8536fcf64?s=96&d=mm&r=g\",\"contentUrl\":\"https:\/\/secure.gravatar.com\/avatar\/d08aa2ce4c8dd416d4479aa8536fcf64?s=96&d=mm&r=g\",\"caption\":\"moacir\"},\"url\":\"https:\/\/franciscanos.org.br\/noticias\/author\/moacir\"}]}<\/script>\n<!-- \/ Yoast SEO plugin. -->","yoast_head_json":{"title":"Epidemias, quarentenas, igrejas vazias: precedentes na hist\u00f3ria - Not\u00edcias - Franciscanos","robots":{"index":"index","follow":"follow","max-snippet":"max-snippet:-1","max-image-preview":"max-image-preview:large","max-video-preview":"max-video-preview:-1"},"canonical":"https:\/\/franciscanos.org.br\/noticias\/epidemias-quarentenas-igrejas-vazias-precedentes-na-historia.html","og_locale":"pt_BR","og_type":"article","og_title":"Epidemias, quarentenas, igrejas vazias: precedentes na hist\u00f3ria - Not\u00edcias - Franciscanos","og_description":"Hist\u00f3ria","og_url":"https:\/\/franciscanos.org.br\/noticias\/epidemias-quarentenas-igrejas-vazias-precedentes-na-historia.html","og_site_name":"Not\u00edcias - Franciscanos","article_published_time":"2020-04-10T08:26:11+00:00","article_modified_time":"2021-08-29T13:12:44+00:00","og_image":[{"width":632,"height":435,"url":"https:\/\/franciscanos.org.br\/noticias\/wp-content\/uploads\/2020\/04\/papa_270320d.jpg","type":"image\/jpeg"}],"author":"moacir","twitter_card":"summary_large_image","twitter_misc":{"Escrito por":"moacir","Est. tempo de leitura":"6 minutos"},"schema":{"@context":"https:\/\/schema.org","@graph":[{"@type":"WebSite","@id":"https:\/\/franciscanos.org.br\/noticias\/#website","url":"https:\/\/franciscanos.org.br\/noticias\/","name":"Not\u00edcias - Franciscanos","description":"Prov\u00edncia Franciscana da Imaculada Concei\u00e7\u00e3o do Brasil - Ordem dos Frades Menores - OFM","potentialAction":[{"@type":"SearchAction","target":{"@type":"EntryPoint","urlTemplate":"https:\/\/franciscanos.org.br\/noticias\/?s={search_term_string}"},"query-input":"required name=search_term_string"}],"inLanguage":"pt-BR"},{"@type":"ImageObject","inLanguage":"pt-BR","@id":"https:\/\/franciscanos.org.br\/noticias\/epidemias-quarentenas-igrejas-vazias-precedentes-na-historia.html#primaryimage","url":"https:\/\/franciscanos.org.br\/noticias\/wp-content\/uploads\/2020\/04\/papa_270320d.jpg","contentUrl":"https:\/\/franciscanos.org.br\/noticias\/wp-content\/uploads\/2020\/04\/papa_270320d.jpg","width":632,"height":435},{"@type":"WebPage","@id":"https:\/\/franciscanos.org.br\/noticias\/epidemias-quarentenas-igrejas-vazias-precedentes-na-historia.html#webpage","url":"https:\/\/franciscanos.org.br\/noticias\/epidemias-quarentenas-igrejas-vazias-precedentes-na-historia.html","name":"Epidemias, quarentenas, igrejas vazias: precedentes na hist\u00f3ria - Not\u00edcias - Franciscanos","isPartOf":{"@id":"https:\/\/franciscanos.org.br\/noticias\/#website"},"primaryImageOfPage":{"@id":"https:\/\/franciscanos.org.br\/noticias\/epidemias-quarentenas-igrejas-vazias-precedentes-na-historia.html#primaryimage"},"datePublished":"2020-04-10T08:26:11+00:00","dateModified":"2021-08-29T13:12:44+00:00","author":{"@id":"https:\/\/franciscanos.org.br\/noticias\/#\/schema\/person\/b5c8cba458c330ccff548b056e95a5d4"},"breadcrumb":{"@id":"https:\/\/franciscanos.org.br\/noticias\/epidemias-quarentenas-igrejas-vazias-precedentes-na-historia.html#breadcrumb"},"inLanguage":"pt-BR","potentialAction":[{"@type":"ReadAction","target":["https:\/\/franciscanos.org.br\/noticias\/epidemias-quarentenas-igrejas-vazias-precedentes-na-historia.html"]}]},{"@type":"BreadcrumbList","@id":"https:\/\/franciscanos.org.br\/noticias\/epidemias-quarentenas-igrejas-vazias-precedentes-na-historia.html#breadcrumb","itemListElement":[{"@type":"ListItem","position":1,"name":"Home","item":"https:\/\/franciscanos.org.br\/noticias"},{"@type":"ListItem","position":2,"name":"Epidemias, quarentenas, igrejas vazias: precedentes na hist\u00f3ria"}]},{"@type":"Person","@id":"https:\/\/franciscanos.org.br\/noticias\/#\/schema\/person\/b5c8cba458c330ccff548b056e95a5d4","name":"moacir","image":{"@type":"ImageObject","inLanguage":"pt-BR","@id":"https:\/\/franciscanos.org.br\/noticias\/#\/schema\/person\/image\/","url":"https:\/\/secure.gravatar.com\/avatar\/d08aa2ce4c8dd416d4479aa8536fcf64?s=96&d=mm&r=g","contentUrl":"https:\/\/secure.gravatar.com\/avatar\/d08aa2ce4c8dd416d4479aa8536fcf64?s=96&d=mm&r=g","caption":"moacir"},"url":"https:\/\/franciscanos.org.br\/noticias\/author\/moacir"}]}},"_links":{"self":[{"href":"https:\/\/franciscanos.org.br\/noticias\/wp-json\/wp\/v2\/posts\/223049"}],"collection":[{"href":"https:\/\/franciscanos.org.br\/noticias\/wp-json\/wp\/v2\/posts"}],"about":[{"href":"https:\/\/franciscanos.org.br\/noticias\/wp-json\/wp\/v2\/types\/post"}],"author":[{"embeddable":true,"href":"https:\/\/franciscanos.org.br\/noticias\/wp-json\/wp\/v2\/users\/3"}],"replies":[{"embeddable":true,"href":"https:\/\/franciscanos.org.br\/noticias\/wp-json\/wp\/v2\/comments?post=223049"}],"version-history":[{"count":4,"href":"https:\/\/franciscanos.org.br\/noticias\/wp-json\/wp\/v2\/posts\/223049\/revisions"}],"predecessor-version":[{"id":233948,"href":"https:\/\/franciscanos.org.br\/noticias\/wp-json\/wp\/v2\/posts\/223049\/revisions\/233948"}],"wp:featuredmedia":[{"embeddable":true,"href":"https:\/\/franciscanos.org.br\/noticias\/wp-json\/wp\/v2\/media\/233947"}],"wp:attachment":[{"href":"https:\/\/franciscanos.org.br\/noticias\/wp-json\/wp\/v2\/media?parent=223049"}],"wp:term":[{"taxonomy":"category","embeddable":true,"href":"https:\/\/franciscanos.org.br\/noticias\/wp-json\/wp\/v2\/categories?post=223049"},{"taxonomy":"post_tag","embeddable":true,"href":"https:\/\/franciscanos.org.br\/noticias\/wp-json\/wp\/v2\/tags?post=223049"}],"curies":[{"name":"wp","href":"https:\/\/api.w.org\/{rel}","templated":true}]}}