{"id":223038,"date":"2020-04-09T17:52:39","date_gmt":"2020-04-09T20:52:39","guid":{"rendered":"https:\/\/franciscanos.org.br\/noticias\/?p=223038"},"modified":"2021-08-29T12:43:58","modified_gmt":"2021-08-29T15:43:58","slug":"papa-recorda-doacao-e-sacrificio-dos-sacerdotes","status":"publish","type":"post","link":"https:\/\/franciscanos.org.br\/noticias\/papa-recorda-doacao-e-sacrificio-dos-sacerdotes.html","title":{"rendered":"Papa recorda doa\u00e7\u00e3o e sacrif\u00edcio dos sacerdotes"},"content":{"rendered":"<div id=\"attachment_223039\" style=\"width: 810px\" class=\"wp-caption alignright\"><img aria-describedby=\"caption-attachment-223039\" loading=\"lazy\" class=\"wp-image-223039 size-full\" src=\"https:\/\/franciscanos.org.br\/noticias\/wp-content\/uploads\/2020\/04\/eucaristia3.jpeg\" alt=\"\" width=\"800\" height=\"533\" srcset=\"https:\/\/franciscanos.org.br\/noticias\/wp-content\/uploads\/2020\/04\/eucaristia3.jpeg 800w, https:\/\/franciscanos.org.br\/noticias\/wp-content\/uploads\/2020\/04\/eucaristia3-450x300.jpeg 450w, https:\/\/franciscanos.org.br\/noticias\/wp-content\/uploads\/2020\/04\/eucaristia3-768x512.jpeg 768w, https:\/\/franciscanos.org.br\/noticias\/wp-content\/uploads\/2020\/04\/eucaristia3-150x100.jpeg 150w\" sizes=\"(max-width: 800px) 100vw, 800px\" \/><p id=\"caption-attachment-223039\" class=\"wp-caption-text\">\u00a0 \u00a0 \u00a0 \u00a0 \u00a0 \u00a0 \u00a0 \u00a0 \u00a0 \u00a0 \u00a0 \u00a0 \u00a0 \u00a0 \u00a0 \u00a0 \u00a0 \u00a0 \u00a0 \u00a0 \u00a0 \u00a0 \u00a0 \u00a0 \u00a0 \u00a0 \u00a0 \u00a0 \u00a0 \u00a0 \u00a0 \u00a0 \u00a0 \u00a0 \u00a0 \u00a0 \u00a0 \u00a0 \u00a0 \u00a0 \u00a0 \u00a0 \u00a0 \u00a0 \u00a0 \u00a0 \u00a0 \u00a0 \u00a0 \u00a0<em> \u00a0 \u00a0 Imagens: Vatican Media<\/em><\/p><\/div>\n<p><strong>Cidade do Vaticano &#8211;<\/strong> A Quinta-feira Santa deste ano foi muito especial, devido \u00e0s restri\u00e7\u00f5es impostas pela pandemia, que em pouco tempo transtornou a vida de todos. Tamb\u00e9m os dias do Tr\u00edduo Pascal, no centro do calend\u00e1rio lit\u00fargico, o mais importante para os crist\u00e3os, ver\u00e3o as igrejas abertas mas as celebra\u00e7\u00f5es sem a presen\u00e7a dos fi\u00e9is. Ser\u00e1 assim tamb\u00e9m para as celebra\u00e7\u00f5es lit\u00fargicas do Papa Francisco. O Papa n\u00e3o presidiu nesta manh\u00e3 de quinta-feira \u00e0 Missa do Crisma com os sacerdotes de Roma, mas \u00e0s 18 horas (hora de Roma) no altar da C\u00e1tedra em S\u00e3o Pedro, celebrou a Missa<em> in Coena Domini<\/em>, que faz mem\u00f3ria da institui\u00e7\u00e3o da Eucaristia.<\/p>\n<p>A Bas\u00edlica do Vaticano estava vazia, com o Papa vestindo os paramentos brancos, apenas algumas pessoas: os leitores, os cantores, alguns sacerdotes e algumas religiosas, um bispo e o Cardeal Angelo Comastri, arcipreste da Bas\u00edlica, todos a uma dist\u00e2ncia segura. N\u00e3o foi realizado o tradicional rito do lava p\u00e9s que nos anos passados viu Francisco repetir o gesto de Jesus aos prisioneiros, aos pobres e aos refugiados. A \u00faltima vez que o tinha feito foi na Penitenci\u00e1ria de Velletri ou, em 2018, na Penitenci\u00e1ria romana de Regina Coeli. E, no entanto, atrav\u00e9s dos meios de comunica\u00e7\u00e3o social muito mais pessoas do que o habitual seguiram a Santa Missa.<\/p>\n<p><img loading=\"lazy\" class=\"alignnone size-full wp-image-223041\" src=\"https:\/\/franciscanos.org.br\/noticias\/wp-content\/uploads\/2020\/04\/01.jpeg\" alt=\"\" width=\"1000\" height=\"563\" srcset=\"https:\/\/franciscanos.org.br\/noticias\/wp-content\/uploads\/2020\/04\/01.jpeg 1000w, https:\/\/franciscanos.org.br\/noticias\/wp-content\/uploads\/2020\/04\/01-450x253.jpeg 450w, https:\/\/franciscanos.org.br\/noticias\/wp-content\/uploads\/2020\/04\/01-768x432.jpeg 768w, https:\/\/franciscanos.org.br\/noticias\/wp-content\/uploads\/2020\/04\/01-150x84.jpeg 150w\" sizes=\"(max-width: 1000px) 100vw, 1000px\" \/><\/p>\n<p>Uma celebra\u00e7\u00e3o com o essencial marcou a Missa \u201cin Coena Domini\u201d. Como costuma fazer nesta celebra\u00e7\u00e3o, Francisco n\u00e3o havia um texto preparado, mas em suas palavras, recordou e agradeceu aos sacerdotes pela entrega e doa\u00e7\u00e3o da pr\u00f3pria vida, tamb\u00e9m fazendo refer\u00eancia \u00e0s dezenas de sacerdotes que morreram na It\u00e1lia em decorr\u00eancia do Covid-19.<\/p>\n<p><strong>Eucaristia, servi\u00e7o, un\u00e7\u00e3o<\/strong><br \/>\nO Papa na sua homilia enfatizou tr\u00eas palavras que s\u00e3o tr\u00eas realidades no centro da Quinta-feira Santa: a Eucaristia, o servi\u00e7o, a un\u00e7\u00e3o. O Senhor quer permanecer conosco, na Eucaristia, disse Francisco, e n\u00f3s tornamo-nos o seu tabern\u00e1culo. Jesus, prosseguiu, chega a dizer que &#8220;se n\u00e3o comermos o seu corpo e n\u00e3o bebermos o seu sangue, n\u00e3o entraremos no Reino dos C\u00e9us&#8221;. Mas para entrar no Reino dos C\u00e9us \u00e9 necess\u00e1ria tamb\u00e9m a dimens\u00e3o do servi\u00e7o e Francisco continuou:\u00a0Servir, sim, todos. Mas o Senhor, nessa troca de palavras que teve com Pedro, f\u00e1-lo compreender que para entrar no Reino dos C\u00e9us deve deixar que o Senhor nos sirva, que ele seja o Servo de Deus servo de n\u00f3s. E isto \u00e9 dif\u00edcil de compreender.<\/p>\n<p><img loading=\"lazy\" class=\"alignnone size-full wp-image-223042\" src=\"https:\/\/franciscanos.org.br\/noticias\/wp-content\/uploads\/2020\/04\/eucaristia5.jpeg\" alt=\"\" width=\"800\" height=\"533\" srcset=\"https:\/\/franciscanos.org.br\/noticias\/wp-content\/uploads\/2020\/04\/eucaristia5.jpeg 800w, https:\/\/franciscanos.org.br\/noticias\/wp-content\/uploads\/2020\/04\/eucaristia5-450x300.jpeg 450w, https:\/\/franciscanos.org.br\/noticias\/wp-content\/uploads\/2020\/04\/eucaristia5-768x512.jpeg 768w, https:\/\/franciscanos.org.br\/noticias\/wp-content\/uploads\/2020\/04\/eucaristia5-150x100.jpeg 150w\" sizes=\"(max-width: 800px) 100vw, 800px\" \/><\/p>\n<p><strong>A gra\u00e7a do sacerd\u00f3cio<\/strong><br \/>\nE depois o sacerd\u00f3cio: o Papa disse que hoje quer estar perto de todos os sacerdotes. Todos do primeiro ao \u00faltimo, disse, somos ungidos pelo Senhor, ungidos para celebrar a Eucaristia e para servir. E se hoje n\u00e3o foi poss\u00edvel celebrar a Missa crismal com os sacerdotes, na Missa desta noite o Papa quis recordar os sacerdotes, especialmente aqueles que oferecem as suas vidas pelo Senhor, e que se tornam servos dos outros. Recordou as muitas dezenas de sacerdotes que morreram na It\u00e1lia por causa do Covid-19, a servi\u00e7o dos doentes, junto com os m\u00e9dicos e o pessoal de sa\u00fade. &#8220;Eles s\u00e3o os santos da porta ao lado&#8221;, capazes de dar as suas vidas. E depois h\u00e1 os sacerdotes que servem nas pris\u00f5es ou aqueles que v\u00e3o para longe para levar o Evangelho e morrem ali:<\/p>\n<p>Dizia um bispo que a primeira coisa que ele fazia, quando chegava a esses lugares de miss\u00e3o, era ir ao cemit\u00e9rio e visitar o t\u00famulo dos sacerdotes que ali deixaram suas vidas, jovens, por causa da peste do lugar: eles n\u00e3o estavam preparados, n\u00e3o tinham anticorpos; ningu\u00e9m sabe o nome deles.<\/p>\n<p><img loading=\"lazy\" class=\"alignnone size-full wp-image-223043\" src=\"https:\/\/franciscanos.org.br\/noticias\/wp-content\/uploads\/2020\/04\/eucaristia4.jpeg\" alt=\"\" width=\"800\" height=\"533\" srcset=\"https:\/\/franciscanos.org.br\/noticias\/wp-content\/uploads\/2020\/04\/eucaristia4.jpeg 800w, https:\/\/franciscanos.org.br\/noticias\/wp-content\/uploads\/2020\/04\/eucaristia4-450x300.jpeg 450w, https:\/\/franciscanos.org.br\/noticias\/wp-content\/uploads\/2020\/04\/eucaristia4-768x512.jpeg 768w, https:\/\/franciscanos.org.br\/noticias\/wp-content\/uploads\/2020\/04\/eucaristia4-150x100.jpeg 150w\" sizes=\"(max-width: 800px) 100vw, 800px\" \/><\/p>\n<p><strong>Trago ao altar comigo todos os sacerdotes<\/strong><br \/>\nH\u00e1 muitos sacerdotes an\u00f4nimos, p\u00e1rocos no meio rural ou em aldeias de montanha, sacerdotes que conhecem o povo. &#8220;Hoje carrego-os no meu cora\u00e7\u00e3o e trago-os ao altar&#8221;, disse o Papa Francisco. E depois h\u00e1 os sacerdotes caluniados que s\u00e3o insultados nas ruas:<\/p>\n<p>Muitas vezes ocorre hoje, n\u00e3o podem ir para a rua porque lhes dizem coisas m\u00e1s em refer\u00eancia ao drama que vivemos com a descoberta dos sacerdotes que fizeram coisas m\u00e1s.<\/p>\n<p><strong>Pedir perd\u00e3o e perdoar<\/strong><br \/>\nDepois citou os sacerdotes, os bispos e ele pr\u00f3prio &#8220;que n\u00e3o se esquecem de pedir perd\u00e3o&#8221; porque &#8220;somos todos pecadores&#8221;. E depois os padres em crise, na escurid\u00e3o. Ele recomendou a todos apenas uma coisa: &#8220;n\u00e3o sejam teimosos como Pedro&#8221;. Deixem-se lavar os p\u00e9s. O Senhor \u00e9 seu servo, Ele est\u00e1 perto de voc\u00ea para lhe dar for\u00e7as, para lavar os seus p\u00e9s&#8221;. De serem perdoados para perdoar o pecado dos outros. O Papa Francisco recomendou um &#8220;cora\u00e7\u00e3o grande de generosidade no perd\u00e3o&#8221;, seguindo o exemplo de Cristo.<\/p>\n<p>Ali h\u00e1 o perd\u00e3o de todos. Sejam corajosos. Tamb\u00e9m no arriscar em perdoar, para consolar. E se nesse momento n\u00e3o podem dar o perd\u00e3o sacramental, d\u00eaem pelo menos o consolo de um irm\u00e3o que acompanha e deixa a porta aberta para que volte.<\/p>\n<p>O Papa concluiu agradecendo ao Senhor pelo sacerd\u00f3cio e pelos sacerdotes e disse: &#8220;Jesus ama voc\u00ea&#8221;. Ele s\u00f3 pede que voc\u00ea o deixe lavar os p\u00e9s&#8221;.<\/p>\n<p><img loading=\"lazy\" class=\"alignnone size-full wp-image-223044\" src=\"https:\/\/franciscanos.org.br\/noticias\/wp-content\/uploads\/2020\/04\/eucaristia7.jpeg\" alt=\"\" width=\"800\" height=\"533\" srcset=\"https:\/\/franciscanos.org.br\/noticias\/wp-content\/uploads\/2020\/04\/eucaristia7.jpeg 800w, https:\/\/franciscanos.org.br\/noticias\/wp-content\/uploads\/2020\/04\/eucaristia7-450x300.jpeg 450w, https:\/\/franciscanos.org.br\/noticias\/wp-content\/uploads\/2020\/04\/eucaristia7-768x512.jpeg 768w, https:\/\/franciscanos.org.br\/noticias\/wp-content\/uploads\/2020\/04\/eucaristia7-150x100.jpeg 150w\" sizes=\"(max-width: 800px) 100vw, 800px\" \/><\/p>\n<p><strong>A ora\u00e7\u00e3o ao Senhor para vencer o mal<\/strong><br \/>\nNo momento da ora\u00e7\u00e3o dos fi\u00e9is, um di\u00e1cono apresentou cinco inten\u00e7\u00f5es. Rezou-se pela Igreja para que &#8220;anuncie a cada homem que s\u00f3 em v\u00f3s h\u00e1 salva\u00e7\u00e3o&#8221;; a segunda suplica ao Senhor que sustente &#8220;os sofrimentos dos povos&#8221; e para que &#8220;os governantes procurem o verdadeiro bem e os povos reencontrem esperan\u00e7a e paz&#8221;. A terceira \u00e9 que os padres sejam &#8220;um reflexo vivo do sacrif\u00edcio que celebram e sirvam os seus irm\u00e3os e irm\u00e3s com generosa dedica\u00e7\u00e3o&#8221;. A quarta \u00e9 pelos jovens, para que o Senhor lhes toque o cora\u00e7\u00e3o e eles o sigam &#8220;no caminho da cruz&#8221;, descobrindo &#8220;que s\u00f3 em v\u00f3s h\u00e1 liberdade, alegria e vida plena&#8221;. Finalmente, pede-se a Deus que console a humanidade aflita &#8220;com a certeza da vossa vit\u00f3ria sobre o mal: curai os doentes, consolai os pobres e todos livre da epidemia, viol\u00eancia e ego\u00edsmo&#8221;. Uma ora\u00e7\u00e3o muito atual no meio da &#8220;tempestade&#8221; em que estamos vivendo.<\/p>\n<p><img loading=\"lazy\" class=\"alignnone size-full wp-image-223045\" src=\"https:\/\/franciscanos.org.br\/noticias\/wp-content\/uploads\/2020\/04\/eucaristia8.jpeg\" alt=\"\" width=\"1000\" height=\"563\" srcset=\"https:\/\/franciscanos.org.br\/noticias\/wp-content\/uploads\/2020\/04\/eucaristia8.jpeg 1000w, https:\/\/franciscanos.org.br\/noticias\/wp-content\/uploads\/2020\/04\/eucaristia8-450x253.jpeg 450w, https:\/\/franciscanos.org.br\/noticias\/wp-content\/uploads\/2020\/04\/eucaristia8-768x432.jpeg 768w, https:\/\/franciscanos.org.br\/noticias\/wp-content\/uploads\/2020\/04\/eucaristia8-150x84.jpeg 150w\" sizes=\"(max-width: 1000px) 100vw, 1000px\" \/><\/p>\n<hr \/>\n<p><em>Fonte: Vatican News<\/em><\/p>\n","protected":false},"excerpt":{"rendered":"<p>Missa da Ceia do Senhor<\/p>\n","protected":false},"author":3,"featured_media":223040,"comment_status":"open","ping_status":"open","sticky":false,"template":"","format":"standard","meta":[],"categories":[1428],"tags":[1612],"acf":[],"yoast_head":"<!-- This site is optimized with the Yoast SEO plugin v19.2 - https:\/\/yoast.com\/wordpress\/plugins\/seo\/ -->\n<title>Papa recorda doa\u00e7\u00e3o e sacrif\u00edcio dos sacerdotes - Not\u00edcias - Franciscanos<\/title>\n<meta name=\"robots\" content=\"index, follow, max-snippet:-1, max-image-preview:large, max-video-preview:-1\" \/>\n<link rel=\"canonical\" href=\"https:\/\/franciscanos.org.br\/noticias\/papa-recorda-doacao-e-sacrificio-dos-sacerdotes.html\" \/>\n<meta property=\"og:locale\" content=\"pt_BR\" \/>\n<meta property=\"og:type\" content=\"article\" \/>\n<meta property=\"og:title\" content=\"Papa recorda doa\u00e7\u00e3o e sacrif\u00edcio dos sacerdotes - Not\u00edcias - Franciscanos\" \/>\n<meta property=\"og:description\" content=\"Missa da Ceia do Senhor\" \/>\n<meta property=\"og:url\" content=\"https:\/\/franciscanos.org.br\/noticias\/papa-recorda-doacao-e-sacrificio-dos-sacerdotes.html\" \/>\n<meta property=\"og:site_name\" content=\"Not\u00edcias - Franciscanos\" \/>\n<meta property=\"article:published_time\" content=\"2020-04-09T20:52:39+00:00\" \/>\n<meta property=\"article:modified_time\" content=\"2021-08-29T15:43:58+00:00\" \/>\n<meta property=\"og:image\" content=\"https:\/\/franciscanos.org.br\/noticias\/wp-content\/uploads\/2020\/04\/eucaristia3.jpg\" \/>\n\t<meta property=\"og:image:width\" content=\"800\" \/>\n\t<meta property=\"og:image:height\" content=\"601\" \/>\n\t<meta property=\"og:image:type\" content=\"image\/jpeg\" \/>\n<meta name=\"author\" content=\"moacir\" \/>\n<meta name=\"twitter:card\" content=\"summary_large_image\" \/>\n<meta name=\"twitter:label1\" content=\"Escrito por\" \/>\n\t<meta name=\"twitter:data1\" content=\"moacir\" \/>\n\t<meta name=\"twitter:label2\" content=\"Est. tempo de leitura\" \/>\n\t<meta name=\"twitter:data2\" content=\"6 minutos\" \/>\n<script type=\"application\/ld+json\" class=\"yoast-schema-graph\">{\"@context\":\"https:\/\/schema.org\",\"@graph\":[{\"@type\":\"WebSite\",\"@id\":\"https:\/\/franciscanos.org.br\/noticias\/#website\",\"url\":\"https:\/\/franciscanos.org.br\/noticias\/\",\"name\":\"Not\u00edcias - Franciscanos\",\"description\":\"Prov\u00edncia Franciscana da Imaculada Concei\u00e7\u00e3o do Brasil - Ordem dos Frades Menores - OFM\",\"potentialAction\":[{\"@type\":\"SearchAction\",\"target\":{\"@type\":\"EntryPoint\",\"urlTemplate\":\"https:\/\/franciscanos.org.br\/noticias\/?s={search_term_string}\"},\"query-input\":\"required name=search_term_string\"}],\"inLanguage\":\"pt-BR\"},{\"@type\":\"ImageObject\",\"inLanguage\":\"pt-BR\",\"@id\":\"https:\/\/franciscanos.org.br\/noticias\/papa-recorda-doacao-e-sacrificio-dos-sacerdotes.html#primaryimage\",\"url\":\"https:\/\/franciscanos.org.br\/noticias\/wp-content\/uploads\/2020\/04\/eucaristia3.jpg\",\"contentUrl\":\"https:\/\/franciscanos.org.br\/noticias\/wp-content\/uploads\/2020\/04\/eucaristia3.jpg\",\"width\":800,\"height\":601},{\"@type\":\"WebPage\",\"@id\":\"https:\/\/franciscanos.org.br\/noticias\/papa-recorda-doacao-e-sacrificio-dos-sacerdotes.html#webpage\",\"url\":\"https:\/\/franciscanos.org.br\/noticias\/papa-recorda-doacao-e-sacrificio-dos-sacerdotes.html\",\"name\":\"Papa recorda doa\u00e7\u00e3o e sacrif\u00edcio dos sacerdotes - Not\u00edcias - Franciscanos\",\"isPartOf\":{\"@id\":\"https:\/\/franciscanos.org.br\/noticias\/#website\"},\"primaryImageOfPage\":{\"@id\":\"https:\/\/franciscanos.org.br\/noticias\/papa-recorda-doacao-e-sacrificio-dos-sacerdotes.html#primaryimage\"},\"datePublished\":\"2020-04-09T20:52:39+00:00\",\"dateModified\":\"2021-08-29T15:43:58+00:00\",\"author\":{\"@id\":\"https:\/\/franciscanos.org.br\/noticias\/#\/schema\/person\/b5c8cba458c330ccff548b056e95a5d4\"},\"breadcrumb\":{\"@id\":\"https:\/\/franciscanos.org.br\/noticias\/papa-recorda-doacao-e-sacrificio-dos-sacerdotes.html#breadcrumb\"},\"inLanguage\":\"pt-BR\",\"potentialAction\":[{\"@type\":\"ReadAction\",\"target\":[\"https:\/\/franciscanos.org.br\/noticias\/papa-recorda-doacao-e-sacrificio-dos-sacerdotes.html\"]}]},{\"@type\":\"BreadcrumbList\",\"@id\":\"https:\/\/franciscanos.org.br\/noticias\/papa-recorda-doacao-e-sacrificio-dos-sacerdotes.html#breadcrumb\",\"itemListElement\":[{\"@type\":\"ListItem\",\"position\":1,\"name\":\"Home\",\"item\":\"https:\/\/franciscanos.org.br\/noticias\"},{\"@type\":\"ListItem\",\"position\":2,\"name\":\"Papa recorda doa\u00e7\u00e3o e sacrif\u00edcio dos sacerdotes\"}]},{\"@type\":\"Person\",\"@id\":\"https:\/\/franciscanos.org.br\/noticias\/#\/schema\/person\/b5c8cba458c330ccff548b056e95a5d4\",\"name\":\"moacir\",\"image\":{\"@type\":\"ImageObject\",\"inLanguage\":\"pt-BR\",\"@id\":\"https:\/\/franciscanos.org.br\/noticias\/#\/schema\/person\/image\/\",\"url\":\"https:\/\/secure.gravatar.com\/avatar\/d08aa2ce4c8dd416d4479aa8536fcf64?s=96&d=mm&r=g\",\"contentUrl\":\"https:\/\/secure.gravatar.com\/avatar\/d08aa2ce4c8dd416d4479aa8536fcf64?s=96&d=mm&r=g\",\"caption\":\"moacir\"},\"url\":\"https:\/\/franciscanos.org.br\/noticias\/author\/moacir\"}]}<\/script>\n<!-- \/ Yoast SEO plugin. -->","yoast_head_json":{"title":"Papa recorda doa\u00e7\u00e3o e sacrif\u00edcio dos sacerdotes - Not\u00edcias - Franciscanos","robots":{"index":"index","follow":"follow","max-snippet":"max-snippet:-1","max-image-preview":"max-image-preview:large","max-video-preview":"max-video-preview:-1"},"canonical":"https:\/\/franciscanos.org.br\/noticias\/papa-recorda-doacao-e-sacrificio-dos-sacerdotes.html","og_locale":"pt_BR","og_type":"article","og_title":"Papa recorda doa\u00e7\u00e3o e sacrif\u00edcio dos sacerdotes - Not\u00edcias - Franciscanos","og_description":"Missa da Ceia do Senhor","og_url":"https:\/\/franciscanos.org.br\/noticias\/papa-recorda-doacao-e-sacrificio-dos-sacerdotes.html","og_site_name":"Not\u00edcias - Franciscanos","article_published_time":"2020-04-09T20:52:39+00:00","article_modified_time":"2021-08-29T15:43:58+00:00","og_image":[{"width":800,"height":601,"url":"https:\/\/franciscanos.org.br\/noticias\/wp-content\/uploads\/2020\/04\/eucaristia3.jpg","type":"image\/jpeg"}],"author":"moacir","twitter_card":"summary_large_image","twitter_misc":{"Escrito por":"moacir","Est. tempo de leitura":"6 minutos"},"schema":{"@context":"https:\/\/schema.org","@graph":[{"@type":"WebSite","@id":"https:\/\/franciscanos.org.br\/noticias\/#website","url":"https:\/\/franciscanos.org.br\/noticias\/","name":"Not\u00edcias - Franciscanos","description":"Prov\u00edncia Franciscana da Imaculada Concei\u00e7\u00e3o do Brasil - Ordem dos Frades Menores - OFM","potentialAction":[{"@type":"SearchAction","target":{"@type":"EntryPoint","urlTemplate":"https:\/\/franciscanos.org.br\/noticias\/?s={search_term_string}"},"query-input":"required name=search_term_string"}],"inLanguage":"pt-BR"},{"@type":"ImageObject","inLanguage":"pt-BR","@id":"https:\/\/franciscanos.org.br\/noticias\/papa-recorda-doacao-e-sacrificio-dos-sacerdotes.html#primaryimage","url":"https:\/\/franciscanos.org.br\/noticias\/wp-content\/uploads\/2020\/04\/eucaristia3.jpg","contentUrl":"https:\/\/franciscanos.org.br\/noticias\/wp-content\/uploads\/2020\/04\/eucaristia3.jpg","width":800,"height":601},{"@type":"WebPage","@id":"https:\/\/franciscanos.org.br\/noticias\/papa-recorda-doacao-e-sacrificio-dos-sacerdotes.html#webpage","url":"https:\/\/franciscanos.org.br\/noticias\/papa-recorda-doacao-e-sacrificio-dos-sacerdotes.html","name":"Papa recorda doa\u00e7\u00e3o e sacrif\u00edcio dos sacerdotes - Not\u00edcias - Franciscanos","isPartOf":{"@id":"https:\/\/franciscanos.org.br\/noticias\/#website"},"primaryImageOfPage":{"@id":"https:\/\/franciscanos.org.br\/noticias\/papa-recorda-doacao-e-sacrificio-dos-sacerdotes.html#primaryimage"},"datePublished":"2020-04-09T20:52:39+00:00","dateModified":"2021-08-29T15:43:58+00:00","author":{"@id":"https:\/\/franciscanos.org.br\/noticias\/#\/schema\/person\/b5c8cba458c330ccff548b056e95a5d4"},"breadcrumb":{"@id":"https:\/\/franciscanos.org.br\/noticias\/papa-recorda-doacao-e-sacrificio-dos-sacerdotes.html#breadcrumb"},"inLanguage":"pt-BR","potentialAction":[{"@type":"ReadAction","target":["https:\/\/franciscanos.org.br\/noticias\/papa-recorda-doacao-e-sacrificio-dos-sacerdotes.html"]}]},{"@type":"BreadcrumbList","@id":"https:\/\/franciscanos.org.br\/noticias\/papa-recorda-doacao-e-sacrificio-dos-sacerdotes.html#breadcrumb","itemListElement":[{"@type":"ListItem","position":1,"name":"Home","item":"https:\/\/franciscanos.org.br\/noticias"},{"@type":"ListItem","position":2,"name":"Papa recorda doa\u00e7\u00e3o e sacrif\u00edcio dos sacerdotes"}]},{"@type":"Person","@id":"https:\/\/franciscanos.org.br\/noticias\/#\/schema\/person\/b5c8cba458c330ccff548b056e95a5d4","name":"moacir","image":{"@type":"ImageObject","inLanguage":"pt-BR","@id":"https:\/\/franciscanos.org.br\/noticias\/#\/schema\/person\/image\/","url":"https:\/\/secure.gravatar.com\/avatar\/d08aa2ce4c8dd416d4479aa8536fcf64?s=96&d=mm&r=g","contentUrl":"https:\/\/secure.gravatar.com\/avatar\/d08aa2ce4c8dd416d4479aa8536fcf64?s=96&d=mm&r=g","caption":"moacir"},"url":"https:\/\/franciscanos.org.br\/noticias\/author\/moacir"}]}},"_links":{"self":[{"href":"https:\/\/franciscanos.org.br\/noticias\/wp-json\/wp\/v2\/posts\/223038"}],"collection":[{"href":"https:\/\/franciscanos.org.br\/noticias\/wp-json\/wp\/v2\/posts"}],"about":[{"href":"https:\/\/franciscanos.org.br\/noticias\/wp-json\/wp\/v2\/types\/post"}],"author":[{"embeddable":true,"href":"https:\/\/franciscanos.org.br\/noticias\/wp-json\/wp\/v2\/users\/3"}],"replies":[{"embeddable":true,"href":"https:\/\/franciscanos.org.br\/noticias\/wp-json\/wp\/v2\/comments?post=223038"}],"version-history":[{"count":3,"href":"https:\/\/franciscanos.org.br\/noticias\/wp-json\/wp\/v2\/posts\/223038\/revisions"}],"predecessor-version":[{"id":234012,"href":"https:\/\/franciscanos.org.br\/noticias\/wp-json\/wp\/v2\/posts\/223038\/revisions\/234012"}],"wp:featuredmedia":[{"embeddable":true,"href":"https:\/\/franciscanos.org.br\/noticias\/wp-json\/wp\/v2\/media\/223040"}],"wp:attachment":[{"href":"https:\/\/franciscanos.org.br\/noticias\/wp-json\/wp\/v2\/media?parent=223038"}],"wp:term":[{"taxonomy":"category","embeddable":true,"href":"https:\/\/franciscanos.org.br\/noticias\/wp-json\/wp\/v2\/categories?post=223038"},{"taxonomy":"post_tag","embeddable":true,"href":"https:\/\/franciscanos.org.br\/noticias\/wp-json\/wp\/v2\/tags?post=223038"}],"curies":[{"name":"wp","href":"https:\/\/api.w.org\/{rel}","templated":true}]}}