{"id":223034,"date":"2020-04-09T10:33:15","date_gmt":"2020-04-09T13:33:15","guid":{"rendered":"https:\/\/franciscanos.org.br\/noticias\/?p=223034"},"modified":"2020-04-13T09:48:59","modified_gmt":"2020-04-13T12:48:59","slug":"pascoa-sera-celebrada-com-concerto-dos-canarinhos-pela-internet","status":"publish","type":"post","link":"https:\/\/franciscanos.org.br\/noticias\/pascoa-sera-celebrada-com-concerto-dos-canarinhos-pela-internet.html","title":{"rendered":"P\u00e1scoa \u00e9 celebrada com concerto dos Canarinhos pela internet"},"content":{"rendered":"<p><img loading=\"lazy\" class=\"alignnone size-full wp-image-223035\" src=\"https:\/\/franciscanos.org.br\/noticias\/wp-content\/uploads\/2020\/04\/canarinhos_0904.jpg\" alt=\"\" width=\"1280\" height=\"720\" srcset=\"https:\/\/franciscanos.org.br\/noticias\/wp-content\/uploads\/2020\/04\/canarinhos_0904.jpg 1280w, https:\/\/franciscanos.org.br\/noticias\/wp-content\/uploads\/2020\/04\/canarinhos_0904-450x253.jpg 450w, https:\/\/franciscanos.org.br\/noticias\/wp-content\/uploads\/2020\/04\/canarinhos_0904-1024x576.jpg 1024w, https:\/\/franciscanos.org.br\/noticias\/wp-content\/uploads\/2020\/04\/canarinhos_0904-768x432.jpg 768w, https:\/\/franciscanos.org.br\/noticias\/wp-content\/uploads\/2020\/04\/canarinhos_0904-150x84.jpg 150w\" sizes=\"(max-width: 1280px) 100vw, 1280px\" \/><\/p>\n<h3>Apresenta\u00e7\u00f5es de anos anteriores ser\u00e3o editadas e exibidas em duas datas<\/h3>\n<p>As lindas vozes dos meninos e meninas que comp\u00f5em os corais do Instituto dos Meninos Cantores de Petr\u00f3polis poder\u00e3o ser ouvidas durante o per\u00edodo de Semana Santa e P\u00e1scoa deste ano. Assim como acontece h\u00e1 mais de sete d\u00e9cadas, as apresenta\u00e7\u00f5es dos coros estar\u00e3o presentes tamb\u00e9m durante a quarentena, mas de um jeito diferente. A Igreja do Sagrado Cora\u00e7\u00e3o de Jesus, onde acontecem as celebra\u00e7\u00f5es da Semana Santa, estar\u00e1 vazia, como recomendam as autoridades. Meninos e meninas que fazem parte dos corais tamb\u00e9m n\u00e3o estar\u00e3o reunidos, no entanto, apresenta\u00e7\u00f5es de anos anteriores est\u00e3o sendo reunidas para promover, atrav\u00e9s de uma transmiss\u00e3o ao vivo pela internet, a reflex\u00e3o sobre a paix\u00e3o, morte e ressurrei\u00e7\u00e3o de Jesus Cristo.<\/p>\n<p>\u201cComo a Igreja suspendeu todas as celebra\u00e7\u00f5es para evitar a aglomera\u00e7\u00e3o de pessoas, diante da pandemia do novo coronav\u00edrus, a ideia \u00e9 transmitir as celebra\u00e7\u00f5es pela internet ou pela televis\u00e3o para n\u00e3o perder a liga\u00e7\u00e3o e para que as pessoas em isolamento possam participar de alguma forma. Assim, continuaremos pr\u00f3ximos dos paroquianos e poderemos dar um sinal de esperan\u00e7a, de luz e de incentivo para que as pessoas possam continuar a viver mesmo em forma de isolamento. Neste momento, \u00e9 importante viver o Evangelho e cuidar uns dos outros, com esperan\u00e7a que isso tudo vai passar. \u00c9 um momento e n\u00f3s vamos voltar, n\u00e3o mais como viv\u00edamos antes, mas vamos voltar a estar juntos e quem sabe com muito mais intensidade e muito mais amor e com muito mais esperan\u00e7a\u201d, declarou frei Marcos, lembrando que a primeira celebra\u00e7\u00e3o via internet aconteceu no \u00faltimo domingo, quando foi realizado o Concerto Espiritual da Semana Santa, que teve a participa\u00e7\u00e3o de mil pessoas.<\/p>\n<p>A segunda edi\u00e7\u00e3o do \u201cEspecial com os Corais dos Canarinhos\u201d ser\u00e1 na Sexta-feira Santa, dia 10 de abril. O Concerto Espiritual ser\u00e1 realizado \u00e0s 18 horas e transmitido ao vivo, simultaneamente, pela p\u00e1gina do Facebook dos Canarinhos de Petr\u00f3polis, pela p\u00e1gina da Par\u00f3quia do Sagrado Cora\u00e7\u00e3o de Jesus e no Youtube pela TV Franciscanos. Na ocasi\u00e3o, ser\u00e1 reapresentado o Concerto Espiritual de Finados de 2017, com a obra <em>Stabat Mater<\/em>, do compositor italiano Giovanni Battista Pergolesi. No domingo, dia 12, o concerto tamb\u00e9m ser\u00e1 transmitido \u00e0s 18 horas, nas mesmas p\u00e1ginas do Facebook.<\/p>\n<p>&#8220;Estamos vivendo um momento muito especial com os Corais do IMCP, historicamente falando. Com a nossa m\u00fasica, esperamos poder adentrar nos lares das pessoas e tocar, mesmo que \u00e0 dist\u00e2ncia, as almas destes fi\u00e9is crist\u00e3os, fazendo com que se sintam por n\u00f3s abra\u00e7ados e confortados. Devemos aproveitar este tempo para refletir e meditar sobre quem somos e por que vivemos e, para que essa reflex\u00e3o seja plena de \u00eaxito, queremos contribuir com a nossa m\u00fasica. A todos os nossos cantores e cantoras, incluindo suas fam\u00edlias e amigos e tamb\u00e9m ao nosso p\u00fablico, desejamos uma Feliz e Aben\u00e7oada P\u00e1scoa!&#8221;, comentou o maestro Marco Aur\u00e9lio Lischt.<\/p>\n<p><iframe loading=\"lazy\" src=\"https:\/\/www.youtube.com\/embed\/EBJX0vt-xZs\" width=\"100%\" height=\"480\" frameborder=\"0\" allowfullscreen=\"allowfullscreen\"><\/iframe><\/p>\n","protected":false},"excerpt":{"rendered":"<p>Canarinhos de Petr\u00f3polis<\/p>\n","protected":false},"author":3,"featured_media":223036,"comment_status":"open","ping_status":"open","sticky":false,"template":"","format":"standard","meta":[],"categories":[1],"tags":[1378,257],"acf":[],"yoast_head":"<!-- This site is optimized with the Yoast SEO plugin v19.2 - https:\/\/yoast.com\/wordpress\/plugins\/seo\/ -->\n<title>P\u00e1scoa \u00e9 celebrada com concerto dos Canarinhos pela internet - Not\u00edcias - Franciscanos<\/title>\n<meta name=\"robots\" content=\"index, follow, max-snippet:-1, max-image-preview:large, max-video-preview:-1\" \/>\n<link rel=\"canonical\" href=\"https:\/\/franciscanos.org.br\/noticias\/pascoa-sera-celebrada-com-concerto-dos-canarinhos-pela-internet.html\" \/>\n<meta property=\"og:locale\" content=\"pt_BR\" \/>\n<meta property=\"og:type\" content=\"article\" \/>\n<meta property=\"og:title\" content=\"P\u00e1scoa \u00e9 celebrada com concerto dos Canarinhos pela internet - Not\u00edcias - Franciscanos\" \/>\n<meta property=\"og:description\" content=\"Canarinhos de Petr\u00f3polis\" \/>\n<meta property=\"og:url\" content=\"https:\/\/franciscanos.org.br\/noticias\/pascoa-sera-celebrada-com-concerto-dos-canarinhos-pela-internet.html\" \/>\n<meta property=\"og:site_name\" content=\"Not\u00edcias - Franciscanos\" \/>\n<meta property=\"article:published_time\" content=\"2020-04-09T13:33:15+00:00\" \/>\n<meta property=\"article:modified_time\" content=\"2020-04-13T12:48:59+00:00\" \/>\n<meta property=\"og:image\" content=\"https:\/\/franciscanos.org.br\/noticias\/wp-content\/uploads\/2020\/04\/canarinhos_0904d.jpg\" \/>\n\t<meta property=\"og:image:width\" content=\"800\" \/>\n\t<meta property=\"og:image:height\" content=\"600\" \/>\n\t<meta property=\"og:image:type\" content=\"image\/jpeg\" \/>\n<meta name=\"author\" content=\"moacir\" \/>\n<meta name=\"twitter:card\" content=\"summary_large_image\" \/>\n<meta name=\"twitter:label1\" content=\"Escrito por\" \/>\n\t<meta name=\"twitter:data1\" content=\"moacir\" \/>\n\t<meta name=\"twitter:label2\" content=\"Est. tempo de leitura\" \/>\n\t<meta name=\"twitter:data2\" content=\"3 minutos\" \/>\n<script type=\"application\/ld+json\" class=\"yoast-schema-graph\">{\"@context\":\"https:\/\/schema.org\",\"@graph\":[{\"@type\":\"WebSite\",\"@id\":\"https:\/\/franciscanos.org.br\/noticias\/#website\",\"url\":\"https:\/\/franciscanos.org.br\/noticias\/\",\"name\":\"Not\u00edcias - Franciscanos\",\"description\":\"Prov\u00edncia Franciscana da Imaculada Concei\u00e7\u00e3o do Brasil - Ordem dos Frades Menores - OFM\",\"potentialAction\":[{\"@type\":\"SearchAction\",\"target\":{\"@type\":\"EntryPoint\",\"urlTemplate\":\"https:\/\/franciscanos.org.br\/noticias\/?s={search_term_string}\"},\"query-input\":\"required name=search_term_string\"}],\"inLanguage\":\"pt-BR\"},{\"@type\":\"ImageObject\",\"inLanguage\":\"pt-BR\",\"@id\":\"https:\/\/franciscanos.org.br\/noticias\/pascoa-sera-celebrada-com-concerto-dos-canarinhos-pela-internet.html#primaryimage\",\"url\":\"https:\/\/franciscanos.org.br\/noticias\/wp-content\/uploads\/2020\/04\/canarinhos_0904d.jpg\",\"contentUrl\":\"https:\/\/franciscanos.org.br\/noticias\/wp-content\/uploads\/2020\/04\/canarinhos_0904d.jpg\",\"width\":800,\"height\":600},{\"@type\":\"WebPage\",\"@id\":\"https:\/\/franciscanos.org.br\/noticias\/pascoa-sera-celebrada-com-concerto-dos-canarinhos-pela-internet.html#webpage\",\"url\":\"https:\/\/franciscanos.org.br\/noticias\/pascoa-sera-celebrada-com-concerto-dos-canarinhos-pela-internet.html\",\"name\":\"P\u00e1scoa \u00e9 celebrada com concerto dos Canarinhos pela internet - Not\u00edcias - Franciscanos\",\"isPartOf\":{\"@id\":\"https:\/\/franciscanos.org.br\/noticias\/#website\"},\"primaryImageOfPage\":{\"@id\":\"https:\/\/franciscanos.org.br\/noticias\/pascoa-sera-celebrada-com-concerto-dos-canarinhos-pela-internet.html#primaryimage\"},\"datePublished\":\"2020-04-09T13:33:15+00:00\",\"dateModified\":\"2020-04-13T12:48:59+00:00\",\"author\":{\"@id\":\"https:\/\/franciscanos.org.br\/noticias\/#\/schema\/person\/b5c8cba458c330ccff548b056e95a5d4\"},\"breadcrumb\":{\"@id\":\"https:\/\/franciscanos.org.br\/noticias\/pascoa-sera-celebrada-com-concerto-dos-canarinhos-pela-internet.html#breadcrumb\"},\"inLanguage\":\"pt-BR\",\"potentialAction\":[{\"@type\":\"ReadAction\",\"target\":[\"https:\/\/franciscanos.org.br\/noticias\/pascoa-sera-celebrada-com-concerto-dos-canarinhos-pela-internet.html\"]}]},{\"@type\":\"BreadcrumbList\",\"@id\":\"https:\/\/franciscanos.org.br\/noticias\/pascoa-sera-celebrada-com-concerto-dos-canarinhos-pela-internet.html#breadcrumb\",\"itemListElement\":[{\"@type\":\"ListItem\",\"position\":1,\"name\":\"Home\",\"item\":\"https:\/\/franciscanos.org.br\/noticias\"},{\"@type\":\"ListItem\",\"position\":2,\"name\":\"P\u00e1scoa \u00e9 celebrada com concerto dos Canarinhos pela internet\"}]},{\"@type\":\"Person\",\"@id\":\"https:\/\/franciscanos.org.br\/noticias\/#\/schema\/person\/b5c8cba458c330ccff548b056e95a5d4\",\"name\":\"moacir\",\"image\":{\"@type\":\"ImageObject\",\"inLanguage\":\"pt-BR\",\"@id\":\"https:\/\/franciscanos.org.br\/noticias\/#\/schema\/person\/image\/\",\"url\":\"https:\/\/secure.gravatar.com\/avatar\/d08aa2ce4c8dd416d4479aa8536fcf64?s=96&d=mm&r=g\",\"contentUrl\":\"https:\/\/secure.gravatar.com\/avatar\/d08aa2ce4c8dd416d4479aa8536fcf64?s=96&d=mm&r=g\",\"caption\":\"moacir\"},\"url\":\"https:\/\/franciscanos.org.br\/noticias\/author\/moacir\"}]}<\/script>\n<!-- \/ Yoast SEO plugin. -->","yoast_head_json":{"title":"P\u00e1scoa \u00e9 celebrada com concerto dos Canarinhos pela internet - Not\u00edcias - Franciscanos","robots":{"index":"index","follow":"follow","max-snippet":"max-snippet:-1","max-image-preview":"max-image-preview:large","max-video-preview":"max-video-preview:-1"},"canonical":"https:\/\/franciscanos.org.br\/noticias\/pascoa-sera-celebrada-com-concerto-dos-canarinhos-pela-internet.html","og_locale":"pt_BR","og_type":"article","og_title":"P\u00e1scoa \u00e9 celebrada com concerto dos Canarinhos pela internet - Not\u00edcias - Franciscanos","og_description":"Canarinhos de Petr\u00f3polis","og_url":"https:\/\/franciscanos.org.br\/noticias\/pascoa-sera-celebrada-com-concerto-dos-canarinhos-pela-internet.html","og_site_name":"Not\u00edcias - Franciscanos","article_published_time":"2020-04-09T13:33:15+00:00","article_modified_time":"2020-04-13T12:48:59+00:00","og_image":[{"width":800,"height":600,"url":"https:\/\/franciscanos.org.br\/noticias\/wp-content\/uploads\/2020\/04\/canarinhos_0904d.jpg","type":"image\/jpeg"}],"author":"moacir","twitter_card":"summary_large_image","twitter_misc":{"Escrito por":"moacir","Est. tempo de leitura":"3 minutos"},"schema":{"@context":"https:\/\/schema.org","@graph":[{"@type":"WebSite","@id":"https:\/\/franciscanos.org.br\/noticias\/#website","url":"https:\/\/franciscanos.org.br\/noticias\/","name":"Not\u00edcias - Franciscanos","description":"Prov\u00edncia Franciscana da Imaculada Concei\u00e7\u00e3o do Brasil - Ordem dos Frades Menores - OFM","potentialAction":[{"@type":"SearchAction","target":{"@type":"EntryPoint","urlTemplate":"https:\/\/franciscanos.org.br\/noticias\/?s={search_term_string}"},"query-input":"required name=search_term_string"}],"inLanguage":"pt-BR"},{"@type":"ImageObject","inLanguage":"pt-BR","@id":"https:\/\/franciscanos.org.br\/noticias\/pascoa-sera-celebrada-com-concerto-dos-canarinhos-pela-internet.html#primaryimage","url":"https:\/\/franciscanos.org.br\/noticias\/wp-content\/uploads\/2020\/04\/canarinhos_0904d.jpg","contentUrl":"https:\/\/franciscanos.org.br\/noticias\/wp-content\/uploads\/2020\/04\/canarinhos_0904d.jpg","width":800,"height":600},{"@type":"WebPage","@id":"https:\/\/franciscanos.org.br\/noticias\/pascoa-sera-celebrada-com-concerto-dos-canarinhos-pela-internet.html#webpage","url":"https:\/\/franciscanos.org.br\/noticias\/pascoa-sera-celebrada-com-concerto-dos-canarinhos-pela-internet.html","name":"P\u00e1scoa \u00e9 celebrada com concerto dos Canarinhos pela internet - Not\u00edcias - Franciscanos","isPartOf":{"@id":"https:\/\/franciscanos.org.br\/noticias\/#website"},"primaryImageOfPage":{"@id":"https:\/\/franciscanos.org.br\/noticias\/pascoa-sera-celebrada-com-concerto-dos-canarinhos-pela-internet.html#primaryimage"},"datePublished":"2020-04-09T13:33:15+00:00","dateModified":"2020-04-13T12:48:59+00:00","author":{"@id":"https:\/\/franciscanos.org.br\/noticias\/#\/schema\/person\/b5c8cba458c330ccff548b056e95a5d4"},"breadcrumb":{"@id":"https:\/\/franciscanos.org.br\/noticias\/pascoa-sera-celebrada-com-concerto-dos-canarinhos-pela-internet.html#breadcrumb"},"inLanguage":"pt-BR","potentialAction":[{"@type":"ReadAction","target":["https:\/\/franciscanos.org.br\/noticias\/pascoa-sera-celebrada-com-concerto-dos-canarinhos-pela-internet.html"]}]},{"@type":"BreadcrumbList","@id":"https:\/\/franciscanos.org.br\/noticias\/pascoa-sera-celebrada-com-concerto-dos-canarinhos-pela-internet.html#breadcrumb","itemListElement":[{"@type":"ListItem","position":1,"name":"Home","item":"https:\/\/franciscanos.org.br\/noticias"},{"@type":"ListItem","position":2,"name":"P\u00e1scoa \u00e9 celebrada com concerto dos Canarinhos pela internet"}]},{"@type":"Person","@id":"https:\/\/franciscanos.org.br\/noticias\/#\/schema\/person\/b5c8cba458c330ccff548b056e95a5d4","name":"moacir","image":{"@type":"ImageObject","inLanguage":"pt-BR","@id":"https:\/\/franciscanos.org.br\/noticias\/#\/schema\/person\/image\/","url":"https:\/\/secure.gravatar.com\/avatar\/d08aa2ce4c8dd416d4479aa8536fcf64?s=96&d=mm&r=g","contentUrl":"https:\/\/secure.gravatar.com\/avatar\/d08aa2ce4c8dd416d4479aa8536fcf64?s=96&d=mm&r=g","caption":"moacir"},"url":"https:\/\/franciscanos.org.br\/noticias\/author\/moacir"}]}},"_links":{"self":[{"href":"https:\/\/franciscanos.org.br\/noticias\/wp-json\/wp\/v2\/posts\/223034"}],"collection":[{"href":"https:\/\/franciscanos.org.br\/noticias\/wp-json\/wp\/v2\/posts"}],"about":[{"href":"https:\/\/franciscanos.org.br\/noticias\/wp-json\/wp\/v2\/types\/post"}],"author":[{"embeddable":true,"href":"https:\/\/franciscanos.org.br\/noticias\/wp-json\/wp\/v2\/users\/3"}],"replies":[{"embeddable":true,"href":"https:\/\/franciscanos.org.br\/noticias\/wp-json\/wp\/v2\/comments?post=223034"}],"version-history":[{"count":4,"href":"https:\/\/franciscanos.org.br\/noticias\/wp-json\/wp\/v2\/posts\/223034\/revisions"}],"predecessor-version":[{"id":223128,"href":"https:\/\/franciscanos.org.br\/noticias\/wp-json\/wp\/v2\/posts\/223034\/revisions\/223128"}],"wp:featuredmedia":[{"embeddable":true,"href":"https:\/\/franciscanos.org.br\/noticias\/wp-json\/wp\/v2\/media\/223036"}],"wp:attachment":[{"href":"https:\/\/franciscanos.org.br\/noticias\/wp-json\/wp\/v2\/media?parent=223034"}],"wp:term":[{"taxonomy":"category","embeddable":true,"href":"https:\/\/franciscanos.org.br\/noticias\/wp-json\/wp\/v2\/categories?post=223034"},{"taxonomy":"post_tag","embeddable":true,"href":"https:\/\/franciscanos.org.br\/noticias\/wp-json\/wp\/v2\/tags?post=223034"}],"curies":[{"name":"wp","href":"https:\/\/api.w.org\/{rel}","templated":true}]}}