{"id":223026,"date":"2020-04-09T09:34:30","date_gmt":"2020-04-09T12:34:30","guid":{"rendered":"https:\/\/franciscanos.org.br\/noticias\/?p=223026"},"modified":"2020-04-09T09:38:14","modified_gmt":"2020-04-09T12:38:14","slug":"mensagem-do-pvf-aos-benfeitores-da-provincia","status":"publish","type":"post","link":"https:\/\/franciscanos.org.br\/noticias\/mensagem-do-pvf-aos-benfeitores-da-provincia.html","title":{"rendered":"Mensagem do PVF aos benfeitores da Prov\u00edncia"},"content":{"rendered":"<p><iframe loading=\"lazy\" width=\"100%\" height=\"480\" src=\"https:\/\/www.youtube.com\/embed\/sPQHeOzNReM\" frameborder=\"0\" allow=\"accelerometer; autoplay; encrypted-media; gyroscope; picture-in-picture\" allowfullscreen><\/iframe><\/p>\n<p>Estimados benfeitores e benfeitoras do Pr\u00f3-voca\u00e7\u00f5es e Miss\u00f5es Franciscanas!<\/p>\n<p>Hoje chegamos a cada um de voc\u00eas com a nossa mensagem de P\u00e1scoa deste ano.<\/p>\n<p>Uma mensagem que vem de uma necessidade de nossa parte de expressar a gratid\u00e3o que, diariamente, devemos manifestar a Deus que se dignou despertar no cora\u00e7\u00e3o de cada um de voc\u00eas uma generosidade infinita, que lhes leva a estarem atentos \u00e0s necessidades temos e nos amparam em nossas fragilidades. Nosso muito obrigado.<\/p>\n<p>A P\u00e1scoa \u00e9 a celebra\u00e7\u00e3o da ressurrei\u00e7\u00e3o do Senhor e do mist\u00e9rio da nossa participa\u00e7\u00e3o nesta ressurrei\u00e7\u00e3o.<\/p>\n<p>Neste ano, nossa P\u00e1scoa \u00e9 marcada por uma incerteza que vem do momento que vivemos, diante desta pandemia que nos exige uma aten\u00e7\u00e3o no cuidado de todos. Isso, por\u00e9m, n\u00e3o nos tira a alegria de celebrarmos e de, novamente, sermos fortalecidos pela participa\u00e7\u00e3o deste Mist\u00e9rio de nossa f\u00e9.<\/p>\n<p>Diante das dificuldades que enfrentamos atualmente, o clamor de Jesus parece ser o nosso clamor:\u00a0\u201cPai, afasta de mim este c\u00e1lice!\u201d.<\/p>\n<p>E n\u00f3s ouvimos do pr\u00f3prio Senhor este clamor, ele que tanto confiava no Pai, porque do Pai veio.<\/p>\n<p>Afasta!!! Como \u00e9 f\u00e1cil pedirmos isso. Como sai com rapidez esse pedido de nossas bocas como express\u00e3o de nosso maior desejo. E se o Pai me escuta, pronto, parece que a felicidade chegou.<\/p>\n<p>E eis pois que o Pai que tanto ama o Filho, n\u00e3o escuta nem atende o clamor do Filho<\/p>\n<p>Mas o Pai faz muito mais que ouvir o clamor: O Pai vai com o Filho at\u00e9 a cruz.<\/p>\n<p>E \u00e9 um Pai que sabe quando a cruz do Filho est\u00e1 muito pesada e lhe concede um Cirineu que o ajuda a carregar.<\/p>\n<p>Um pai que sabe quando o Filho precisa que algu\u00e9m lhe enxugue a face, e faz Ver\u00f4nica lhe ir ao encontro.<\/p>\n<p>Um Pai que sabe quando a solid\u00e3o do Filho que carrega a Cruz est\u00e1 muito intensa, e lhe permite que mulheres que chorem por ele demonstrando quanto lhe amam.<\/p>\n<p>Um Pai que \u00e9 pregado com o Filho na cruz porque, sempre unido ao Filho, n\u00e3o o abandona.<\/p>\n<p>O clamor do Filho ao Pai para que lhe afaste o c\u00e1lice n\u00e3o \u00e9 fruto no desespero de quem perdeu tudo, mas \u00e9 antecedido pela grande certeza: \u201cPai, tudo te \u00e9 poss\u00edvel!\u201d. Uma certeza que leva o Filho \u00e0 confian\u00e7a plena no Pai. Uma confian\u00e7a que foi capaz de superar a morte e chegar \u00e0 Ressurrei\u00e7\u00e3o.<\/p>\n<p>\u00c9 P\u00e1scoa! \u00c9 ressurrei\u00e7\u00e3o. \u00c9 a festa da confian\u00e7a no Pai.<\/p>\n<p>Queridos benfeitores, Feliz e Aben\u00e7oada P\u00e1scoa!<\/p>\n<p>Nossa gratid\u00e3o a voc\u00eas por toda a generosidade que experimentamos e por voc\u00eas tamb\u00e9m n\u00e3o nos abandonarem, principalmente neste momento que mais precisamos estar juntos. Contem com nossas ora\u00e7\u00f5es!<\/p>\n<h3>Paz e Bem! Feliz P\u00e1scoa!<\/h3>\n<p><strong>Frei Robson Luiz Scudela, OFM<\/strong><br \/>\n<em>Coordenador do PVF<\/em><\/p>\n<p>&nbsp;<\/p>\n","protected":false},"excerpt":{"rendered":"<p>Pr\u00f3-Voca\u00e7\u00f5es e Miss\u00f5es Franciscanas<\/p>\n","protected":false},"author":3,"featured_media":223027,"comment_status":"open","ping_status":"open","sticky":false,"template":"","format":"standard","meta":[],"categories":[1],"tags":[254],"acf":[],"yoast_head":"<!-- This site is optimized with the Yoast SEO plugin v19.2 - https:\/\/yoast.com\/wordpress\/plugins\/seo\/ -->\n<title>Mensagem do PVF aos benfeitores da Prov\u00edncia - Not\u00edcias - Franciscanos<\/title>\n<meta name=\"robots\" content=\"index, follow, max-snippet:-1, max-image-preview:large, max-video-preview:-1\" \/>\n<link rel=\"canonical\" href=\"https:\/\/franciscanos.org.br\/noticias\/mensagem-do-pvf-aos-benfeitores-da-provincia.html\" \/>\n<meta property=\"og:locale\" content=\"pt_BR\" \/>\n<meta property=\"og:type\" content=\"article\" \/>\n<meta property=\"og:title\" content=\"Mensagem do PVF aos benfeitores da Prov\u00edncia - Not\u00edcias - Franciscanos\" \/>\n<meta property=\"og:description\" content=\"Pr\u00f3-Voca\u00e7\u00f5es e Miss\u00f5es Franciscanas\" \/>\n<meta property=\"og:url\" content=\"https:\/\/franciscanos.org.br\/noticias\/mensagem-do-pvf-aos-benfeitores-da-provincia.html\" \/>\n<meta property=\"og:site_name\" content=\"Not\u00edcias - Franciscanos\" \/>\n<meta property=\"article:published_time\" content=\"2020-04-09T12:34:30+00:00\" \/>\n<meta property=\"article:modified_time\" content=\"2020-04-09T12:38:14+00:00\" \/>\n<meta property=\"og:image\" content=\"https:\/\/franciscanos.org.br\/noticias\/wp-content\/uploads\/2020\/04\/robson_d.jpg\" \/>\n\t<meta property=\"og:image:width\" content=\"800\" \/>\n\t<meta property=\"og:image:height\" content=\"600\" \/>\n\t<meta property=\"og:image:type\" content=\"image\/jpeg\" \/>\n<meta name=\"author\" content=\"moacir\" \/>\n<meta name=\"twitter:card\" content=\"summary_large_image\" \/>\n<meta name=\"twitter:label1\" content=\"Escrito por\" \/>\n\t<meta name=\"twitter:data1\" content=\"moacir\" \/>\n\t<meta name=\"twitter:label2\" content=\"Est. tempo de leitura\" \/>\n\t<meta name=\"twitter:data2\" content=\"2 minutos\" \/>\n<script type=\"application\/ld+json\" class=\"yoast-schema-graph\">{\"@context\":\"https:\/\/schema.org\",\"@graph\":[{\"@type\":\"WebSite\",\"@id\":\"https:\/\/franciscanos.org.br\/noticias\/#website\",\"url\":\"https:\/\/franciscanos.org.br\/noticias\/\",\"name\":\"Not\u00edcias - Franciscanos\",\"description\":\"Prov\u00edncia Franciscana da Imaculada Concei\u00e7\u00e3o do Brasil - Ordem dos Frades Menores - OFM\",\"potentialAction\":[{\"@type\":\"SearchAction\",\"target\":{\"@type\":\"EntryPoint\",\"urlTemplate\":\"https:\/\/franciscanos.org.br\/noticias\/?s={search_term_string}\"},\"query-input\":\"required name=search_term_string\"}],\"inLanguage\":\"pt-BR\"},{\"@type\":\"ImageObject\",\"inLanguage\":\"pt-BR\",\"@id\":\"https:\/\/franciscanos.org.br\/noticias\/mensagem-do-pvf-aos-benfeitores-da-provincia.html#primaryimage\",\"url\":\"https:\/\/franciscanos.org.br\/noticias\/wp-content\/uploads\/2020\/04\/robson_d.jpg\",\"contentUrl\":\"https:\/\/franciscanos.org.br\/noticias\/wp-content\/uploads\/2020\/04\/robson_d.jpg\",\"width\":800,\"height\":600},{\"@type\":\"WebPage\",\"@id\":\"https:\/\/franciscanos.org.br\/noticias\/mensagem-do-pvf-aos-benfeitores-da-provincia.html#webpage\",\"url\":\"https:\/\/franciscanos.org.br\/noticias\/mensagem-do-pvf-aos-benfeitores-da-provincia.html\",\"name\":\"Mensagem do PVF aos benfeitores da Prov\u00edncia - Not\u00edcias - Franciscanos\",\"isPartOf\":{\"@id\":\"https:\/\/franciscanos.org.br\/noticias\/#website\"},\"primaryImageOfPage\":{\"@id\":\"https:\/\/franciscanos.org.br\/noticias\/mensagem-do-pvf-aos-benfeitores-da-provincia.html#primaryimage\"},\"datePublished\":\"2020-04-09T12:34:30+00:00\",\"dateModified\":\"2020-04-09T12:38:14+00:00\",\"author\":{\"@id\":\"https:\/\/franciscanos.org.br\/noticias\/#\/schema\/person\/b5c8cba458c330ccff548b056e95a5d4\"},\"breadcrumb\":{\"@id\":\"https:\/\/franciscanos.org.br\/noticias\/mensagem-do-pvf-aos-benfeitores-da-provincia.html#breadcrumb\"},\"inLanguage\":\"pt-BR\",\"potentialAction\":[{\"@type\":\"ReadAction\",\"target\":[\"https:\/\/franciscanos.org.br\/noticias\/mensagem-do-pvf-aos-benfeitores-da-provincia.html\"]}]},{\"@type\":\"BreadcrumbList\",\"@id\":\"https:\/\/franciscanos.org.br\/noticias\/mensagem-do-pvf-aos-benfeitores-da-provincia.html#breadcrumb\",\"itemListElement\":[{\"@type\":\"ListItem\",\"position\":1,\"name\":\"Home\",\"item\":\"https:\/\/franciscanos.org.br\/noticias\"},{\"@type\":\"ListItem\",\"position\":2,\"name\":\"Mensagem do PVF aos benfeitores da Prov\u00edncia\"}]},{\"@type\":\"Person\",\"@id\":\"https:\/\/franciscanos.org.br\/noticias\/#\/schema\/person\/b5c8cba458c330ccff548b056e95a5d4\",\"name\":\"moacir\",\"image\":{\"@type\":\"ImageObject\",\"inLanguage\":\"pt-BR\",\"@id\":\"https:\/\/franciscanos.org.br\/noticias\/#\/schema\/person\/image\/\",\"url\":\"https:\/\/secure.gravatar.com\/avatar\/d08aa2ce4c8dd416d4479aa8536fcf64?s=96&d=mm&r=g\",\"contentUrl\":\"https:\/\/secure.gravatar.com\/avatar\/d08aa2ce4c8dd416d4479aa8536fcf64?s=96&d=mm&r=g\",\"caption\":\"moacir\"},\"url\":\"https:\/\/franciscanos.org.br\/noticias\/author\/moacir\"}]}<\/script>\n<!-- \/ Yoast SEO plugin. -->","yoast_head_json":{"title":"Mensagem do PVF aos benfeitores da Prov\u00edncia - Not\u00edcias - Franciscanos","robots":{"index":"index","follow":"follow","max-snippet":"max-snippet:-1","max-image-preview":"max-image-preview:large","max-video-preview":"max-video-preview:-1"},"canonical":"https:\/\/franciscanos.org.br\/noticias\/mensagem-do-pvf-aos-benfeitores-da-provincia.html","og_locale":"pt_BR","og_type":"article","og_title":"Mensagem do PVF aos benfeitores da Prov\u00edncia - Not\u00edcias - Franciscanos","og_description":"Pr\u00f3-Voca\u00e7\u00f5es e Miss\u00f5es Franciscanas","og_url":"https:\/\/franciscanos.org.br\/noticias\/mensagem-do-pvf-aos-benfeitores-da-provincia.html","og_site_name":"Not\u00edcias - Franciscanos","article_published_time":"2020-04-09T12:34:30+00:00","article_modified_time":"2020-04-09T12:38:14+00:00","og_image":[{"width":800,"height":600,"url":"https:\/\/franciscanos.org.br\/noticias\/wp-content\/uploads\/2020\/04\/robson_d.jpg","type":"image\/jpeg"}],"author":"moacir","twitter_card":"summary_large_image","twitter_misc":{"Escrito por":"moacir","Est. tempo de leitura":"2 minutos"},"schema":{"@context":"https:\/\/schema.org","@graph":[{"@type":"WebSite","@id":"https:\/\/franciscanos.org.br\/noticias\/#website","url":"https:\/\/franciscanos.org.br\/noticias\/","name":"Not\u00edcias - Franciscanos","description":"Prov\u00edncia Franciscana da Imaculada Concei\u00e7\u00e3o do Brasil - Ordem dos Frades Menores - OFM","potentialAction":[{"@type":"SearchAction","target":{"@type":"EntryPoint","urlTemplate":"https:\/\/franciscanos.org.br\/noticias\/?s={search_term_string}"},"query-input":"required name=search_term_string"}],"inLanguage":"pt-BR"},{"@type":"ImageObject","inLanguage":"pt-BR","@id":"https:\/\/franciscanos.org.br\/noticias\/mensagem-do-pvf-aos-benfeitores-da-provincia.html#primaryimage","url":"https:\/\/franciscanos.org.br\/noticias\/wp-content\/uploads\/2020\/04\/robson_d.jpg","contentUrl":"https:\/\/franciscanos.org.br\/noticias\/wp-content\/uploads\/2020\/04\/robson_d.jpg","width":800,"height":600},{"@type":"WebPage","@id":"https:\/\/franciscanos.org.br\/noticias\/mensagem-do-pvf-aos-benfeitores-da-provincia.html#webpage","url":"https:\/\/franciscanos.org.br\/noticias\/mensagem-do-pvf-aos-benfeitores-da-provincia.html","name":"Mensagem do PVF aos benfeitores da Prov\u00edncia - Not\u00edcias - Franciscanos","isPartOf":{"@id":"https:\/\/franciscanos.org.br\/noticias\/#website"},"primaryImageOfPage":{"@id":"https:\/\/franciscanos.org.br\/noticias\/mensagem-do-pvf-aos-benfeitores-da-provincia.html#primaryimage"},"datePublished":"2020-04-09T12:34:30+00:00","dateModified":"2020-04-09T12:38:14+00:00","author":{"@id":"https:\/\/franciscanos.org.br\/noticias\/#\/schema\/person\/b5c8cba458c330ccff548b056e95a5d4"},"breadcrumb":{"@id":"https:\/\/franciscanos.org.br\/noticias\/mensagem-do-pvf-aos-benfeitores-da-provincia.html#breadcrumb"},"inLanguage":"pt-BR","potentialAction":[{"@type":"ReadAction","target":["https:\/\/franciscanos.org.br\/noticias\/mensagem-do-pvf-aos-benfeitores-da-provincia.html"]}]},{"@type":"BreadcrumbList","@id":"https:\/\/franciscanos.org.br\/noticias\/mensagem-do-pvf-aos-benfeitores-da-provincia.html#breadcrumb","itemListElement":[{"@type":"ListItem","position":1,"name":"Home","item":"https:\/\/franciscanos.org.br\/noticias"},{"@type":"ListItem","position":2,"name":"Mensagem do PVF aos benfeitores da Prov\u00edncia"}]},{"@type":"Person","@id":"https:\/\/franciscanos.org.br\/noticias\/#\/schema\/person\/b5c8cba458c330ccff548b056e95a5d4","name":"moacir","image":{"@type":"ImageObject","inLanguage":"pt-BR","@id":"https:\/\/franciscanos.org.br\/noticias\/#\/schema\/person\/image\/","url":"https:\/\/secure.gravatar.com\/avatar\/d08aa2ce4c8dd416d4479aa8536fcf64?s=96&d=mm&r=g","contentUrl":"https:\/\/secure.gravatar.com\/avatar\/d08aa2ce4c8dd416d4479aa8536fcf64?s=96&d=mm&r=g","caption":"moacir"},"url":"https:\/\/franciscanos.org.br\/noticias\/author\/moacir"}]}},"_links":{"self":[{"href":"https:\/\/franciscanos.org.br\/noticias\/wp-json\/wp\/v2\/posts\/223026"}],"collection":[{"href":"https:\/\/franciscanos.org.br\/noticias\/wp-json\/wp\/v2\/posts"}],"about":[{"href":"https:\/\/franciscanos.org.br\/noticias\/wp-json\/wp\/v2\/types\/post"}],"author":[{"embeddable":true,"href":"https:\/\/franciscanos.org.br\/noticias\/wp-json\/wp\/v2\/users\/3"}],"replies":[{"embeddable":true,"href":"https:\/\/franciscanos.org.br\/noticias\/wp-json\/wp\/v2\/comments?post=223026"}],"version-history":[{"count":2,"href":"https:\/\/franciscanos.org.br\/noticias\/wp-json\/wp\/v2\/posts\/223026\/revisions"}],"predecessor-version":[{"id":223032,"href":"https:\/\/franciscanos.org.br\/noticias\/wp-json\/wp\/v2\/posts\/223026\/revisions\/223032"}],"wp:featuredmedia":[{"embeddable":true,"href":"https:\/\/franciscanos.org.br\/noticias\/wp-json\/wp\/v2\/media\/223027"}],"wp:attachment":[{"href":"https:\/\/franciscanos.org.br\/noticias\/wp-json\/wp\/v2\/media?parent=223026"}],"wp:term":[{"taxonomy":"category","embeddable":true,"href":"https:\/\/franciscanos.org.br\/noticias\/wp-json\/wp\/v2\/categories?post=223026"},{"taxonomy":"post_tag","embeddable":true,"href":"https:\/\/franciscanos.org.br\/noticias\/wp-json\/wp\/v2\/tags?post=223026"}],"curies":[{"name":"wp","href":"https:\/\/api.w.org\/{rel}","templated":true}]}}