{"id":223019,"date":"2020-04-09T07:16:41","date_gmt":"2020-04-09T10:16:41","guid":{"rendered":"https:\/\/franciscanos.org.br\/noticias\/?p=223019"},"modified":"2021-08-29T12:44:47","modified_gmt":"2021-08-29T15:44:47","slug":"papa-missa-na-ceia-do-senhor-abre-triduo-as-13-horas-hoje","status":"publish","type":"post","link":"https:\/\/franciscanos.org.br\/noticias\/papa-missa-na-ceia-do-senhor-abre-triduo-as-13-horas-hoje.html","title":{"rendered":"Papa: Missa da Ceia do Senhor abre Tr\u00edduo \u00e0s 13 horas hoje"},"content":{"rendered":"<div id=\"attachment_223020\" style=\"width: 1010px\" class=\"wp-caption alignnone\"><img aria-describedby=\"caption-attachment-223020\" loading=\"lazy\" class=\"wp-image-223020 size-full\" src=\"https:\/\/franciscanos.org.br\/noticias\/wp-content\/uploads\/2020\/04\/quinta_feira_09.jpg\" alt=\"\" width=\"1000\" height=\"585\" srcset=\"https:\/\/franciscanos.org.br\/noticias\/wp-content\/uploads\/2020\/04\/quinta_feira_09.jpg 1000w, https:\/\/franciscanos.org.br\/noticias\/wp-content\/uploads\/2020\/04\/quinta_feira_09-450x263.jpg 450w, https:\/\/franciscanos.org.br\/noticias\/wp-content\/uploads\/2020\/04\/quinta_feira_09-768x449.jpg 768w, https:\/\/franciscanos.org.br\/noticias\/wp-content\/uploads\/2020\/04\/quinta_feira_09-150x88.jpg 150w\" sizes=\"(max-width: 1000px) 100vw, 1000px\" \/><p id=\"caption-attachment-223020\" class=\"wp-caption-text\">\u00a0 \u00a0 \u00a0 \u00a0 \u00a0 \u00a0 \u00a0 \u00a0 \u00a0 \u00a0 \u00a0 \u00a0 \u00a0 \u00a0 \u00a0 \u00a0 \u00a0 \u00a0 \u00a0 \u00a0 \u00a0 \u00a0 \u00a0 \u00a0 \u00a0 \u00a0 \u00a0 \u00a0 \u00a0 \u00a0 \u00a0 \u00a0 \u00a0 \u00a0 \u00a0 \u00a0 \u00a0 \u00a0 \u00a0 \u00a0 \u00a0 \u00a0 \u00a0 \u00a0 \u00a0 \u00a0 \u00a0 \u00a0 \u00a0 \u00a0<em> \u00a0 \u00a0Imagem: Vatican Media<\/em><\/p><\/div>\n<p><strong>Cidade do Vaticano<\/strong> &#8211; Tudo ser\u00e1 mais s\u00f3brio e essencial. O Departamento de Celebra\u00e7\u00f5es Lit\u00fargicas do Sumo Pont\u00edfice teve que organizar rapidamente as celebra\u00e7\u00f5es papais que Francisco est\u00e1 prestes a presidir sem a presen\u00e7a dos fi\u00e9is, numa Bas\u00edlica de S\u00e3o Pedro semivazia. No entanto, nesta P\u00e1scoa muitos olhar\u00e3o para o Papa gra\u00e7as aos meios de comunica\u00e7\u00e3o. De fato, o Papa quer estar pr\u00f3ximo a muitas pessoas impossibilitadas de irem \u00e0 missa e participar das liturgias desse Tr\u00edduo Pascal em tempos de pandemia e isolamento for\u00e7ado. O crucifixo de S\u00e3o Marcelo e o \u00edcone da Salus Populi Romani que acompanharam a ora\u00e7\u00e3o de 27 de mar\u00e7o, e a missa do Domingo de Ramos, estar\u00e3o sempre presentes.<\/p>\n<p><strong>Nesta Quinta-feira Santa,<\/strong> o Papa n\u00e3o presidir\u00e1 a missa do Crisma com os sacerdotes da Diocese de Roma: a celebra\u00e7\u00e3o ser\u00e1 realizada ap\u00f3s o t\u00e9rmino da crise.<strong> A missa na Ceia do Senhor, que recorda a institui\u00e7\u00e3o da Eucaristia, ser\u00e1 celebrada \u00e0s 18h (hora italiana), 13h no hor\u00e1rio de Bras\u00edlia<\/strong>, no Altar da C\u00e1tedra, sem o rito tradicional do Lava-p\u00e9s e n\u00e3o se concluir\u00e1 com a reposi\u00e7\u00e3o do Sant\u00edssimo no final da celebra\u00e7\u00e3o.<\/p>\n<p>Haver\u00e1 dois momentos na<strong> Sexta-feira Santa.<\/strong> O primeiro \u00e9 a <strong>Liturgia da Paix\u00e3o e da Adora\u00e7\u00e3o da Cruz, \u00e0s 18h locais (13h no hor\u00e1rio de Bras\u00edlia),<\/strong> na Bas\u00edlica de S\u00e3o Pedro. O crucifixo de S\u00e3o Marcelo ser\u00e1 coberto. Haver\u00e1 uma medita\u00e7\u00e3o do pregador da Casa Pontif\u00edcia, frei Raniero Cantalamessa, e depois o crucifixo ser\u00e1 descoberto. Haver\u00e1 adora\u00e7\u00e3o, mas n\u00e3o o beijo na cruz.<\/p>\n<p>Na noite da Sexta-feira Santa, \u00e0s 21h (<strong>16h de Bras\u00edlia), haver\u00e1 a Via-Sacra na Pra\u00e7a S\u00e3o Pedro<\/strong>, com as esta\u00e7\u00f5es ao longo da colunata, ao redor do obelisco e ao longo do percurso que leva ao adro. Dois grupos levar\u00e3o a cruz. Haver\u00e1 dois detentos do c\u00e1rcere \u201cDue Palazzi\u201d de P\u00e1dua (as medita\u00e7\u00f5es foram escritas por alguns deles) e alguns m\u00e9dicos e enfermeiros do FAS (Fundo de Assist\u00eancia M\u00e9dica Vaticana). M\u00e9dicos e enfermeiros est\u00e3o na vanguarda do servi\u00e7o aos doentes afetados pela pandemia.<\/p>\n<p>Durante a <strong>Vig\u00edlia do S\u00e1bado Santo,<\/strong> <strong>\u00e0s 21h (16h de Bras\u00edlia<\/strong>), n\u00e3o ser\u00e3o celebrados batismos. A cerim\u00f4nia inicial com a B\u00ean\u00e7\u00e3o do Fogo ser\u00e1 realizada atr\u00e1s do altar da Confiss\u00e3o. N\u00e3o haver\u00e1 luzes para os presentes e o canto das tr\u00eas invoca\u00e7\u00f5es \u201cLumen Christi\u201d ocorrer\u00e1 somente quando as luzes forem acesas na Bas\u00edlica durante a prociss\u00e3o ao altar da C\u00e1tedra. Os sinos da Bas\u00edlica de S\u00e3o Pedro tocar\u00e3o no momento do Gl\u00f3ria, anunciando a ressurrei\u00e7\u00e3o.<\/p>\n<p>A mesma sobriedade tamb\u00e9m caracterizar\u00e1 a <strong>Missa do Domingo de P\u00e1scoa, que o Papa celebrar\u00e1 \u00e0s 11h locais (6h de Bras\u00edlia)<\/strong> no Altar da C\u00e1tedra. O Evangelho ser\u00e1 proclamado em grego e latim. No final da missa, Francisco ir\u00e1 \u00e0 sacristia para tirar as vestimentas, depois retornar\u00e1 \u00e0 Bas\u00edlica diante do altar da Confiss\u00e3o para proferir a mensagem <em>Urbi et Orbi<\/em> e dar a b\u00ean\u00e7\u00e3o pascal.<\/p>\n<p><em>Fonte: Vatican News<\/em><\/p>\n<hr \/>\n<h1>Comiss\u00e3o para a Liturgia da CNBB oferece roteiro de Celebra\u00e7\u00e3o em Fam\u00edlia para o Tr\u00edduo Pascal<\/h1>\n<p>Nesta quinta-feira, 9 de abril, a Igreja cat\u00f3lica entra de modo profundo no mist\u00e9rio da morte e ressurrei\u00e7\u00e3o do Senhor. Este ano, a viv\u00eancia desse momento ser\u00e1 diferente: cada fiel, em casa, com sua fam\u00edlia. A adapta\u00e7\u00e3o se faz necess\u00e1ria por causa do avan\u00e7o da pandemia do novo coronav\u00edrus que aflige o mundo.<\/p>\n<p>Com as igrejas fechadas por causa do isolamento social, a Comiss\u00e3o Episcopal Pastoral para a Liturgia da Confer\u00eancia Nacional dos Bispos do Brasil (CNBB) preparou um roteiro especial de celebra\u00e7\u00e3o para ser feito em fam\u00edlia nesta\u00a0<strong>Quinta-feira Santa<\/strong>, que soleniza a mem\u00f3ria da \u00faltima ceia de Jesus, de sua entrega, de seu amor sem limites, da inaugura\u00e7\u00e3o da nova alian\u00e7a no sangue dele derramado na cruz. E tamb\u00e9m da institui\u00e7\u00e3o do sacerd\u00f3cio ministerial e do Mandamento Novo.<\/p>\n<blockquote><p><strong><em>\u201cAntes da festa da P\u00e1scoa, sabendo Jesus que chegara a sua hora de passar deste mundo para o Pai, tendo amado os seus que estavam no mundo, amou-os at\u00e9 o fim\u201d (Jo 13,1).<\/em><\/strong><\/p><\/blockquote>\n<p>Essas palavras do Evangelho, de acordo com a comiss\u00e3o, \u00e9 um chamado a entrar no esp\u00edrito da liturgia deste dia, porque Jesus sabia que seria entregue \u00e0s autoridades que o estavam procurando h\u00e1 muito tempo. E ele n\u00e3o fugiu.<\/p>\n<p><em>\u201cResolveu encarar sua miss\u00e3o at\u00e9 o fim, por amor ao Pai e por amor aos seus. Com dois gestos simb\u00f3licos, anunciou profeticamente sua morte na cruz: o lava-p\u00e9s e o p\u00e3o partido e partilhado juntamente com o vinho, na espera ardente da realiza\u00e7\u00e3o do Reino de Deus\u201d, destaca o trecho do documento da comiss\u00e3o.<\/em><\/p>\n<p>\u00c9 nesta celebra\u00e7\u00e3o que se expressa que a vida de Jesus \u00e9 oferecida ao Pai, em benef\u00edcio dos irm\u00e3os:\u00a0<strong><em>\u201cIsto \u00e9 meu Corpo, meu Sangue, doado por v\u00f3s\u2026 Tomai, comei\u2026 Fazei isto para celebrar a minha mem\u00f3ria\u201d.<\/em><\/strong><\/p>\n<div id=\"attachment_236676\" class=\"wp-caption alignright\">\n<p><a href=\"https:\/\/www.cnbb.org.br\/wp-content\/uploads\/sites\/32\/2020\/04\/12898213_974975732551605_846553070573342124_o.jpg\"><img loading=\"lazy\" class=\"wp-image-236676 \" src=\"https:\/\/www.cnbb.org.br\/wp-content\/uploads\/sites\/32\/2020\/04\/12898213_974975732551605_846553070573342124_o-300x200.jpg\" srcset=\"https:\/\/www.cnbb.org.br\/wp-content\/uploads\/sites\/32\/2020\/04\/12898213_974975732551605_846553070573342124_o-300x200.jpg 300w, https:\/\/www.cnbb.org.br\/wp-content\/uploads\/sites\/32\/2020\/04\/12898213_974975732551605_846553070573342124_o-768x512.jpg 768w, https:\/\/www.cnbb.org.br\/wp-content\/uploads\/sites\/32\/2020\/04\/12898213_974975732551605_846553070573342124_o.jpg 1024w\" alt=\"\" width=\"350\" height=\"233\" aria-describedby=\"caption-attachment-236676\" \/><\/a><\/p>\n<p id=\"caption-attachment-236676\" class=\"wp-caption-text\"><em>Foto: Diocese de Santo Andr\u00e9 (SP)<\/em><\/p>\n<\/div>\n<p>\u00c9 na Quinta-feira Santa que os cardeais, bispos, sacerdotes e religiosos renovam suas promessas sacerdotais e que s\u00e3o consagrados os \u00f3leos dos Catec\u00famenos, da Un\u00e7\u00e3o dos enfermos e o do Crisma e, nesse mesmo dia, \u00e0 noite, acontece a liturgia com o rito do lava-p\u00e9s, onde se recorda a institui\u00e7\u00e3o da Sant\u00edssima Eucaristia.<\/p>\n<p>De acordo com o decreto da Congrega\u00e7\u00e3o para o Culto Divino e a Disciplina dos Sacramentos do Vaticano, de 25 de mar\u00e7o de 2020, o rito do lava-p\u00e9s, j\u00e1 opcional, deve ser omitido, assim como a prociss\u00e3o no final da Missa da Ceia do Senhor.<\/p>\n<p>Al\u00e9m disso, o decreto orienta que o Sant\u00edssimo Sacramento permane\u00e7a no tabern\u00e1culo. Neste dia, os padres recebem excepcionalmente a faculdade de celebrar a missa, sem a participa\u00e7\u00e3o popular, em um local adequado.<\/p>\n<p>Para ajudar neste momento de f\u00e9 e esperan\u00e7a, a Comiss\u00e3o para Liturgia preparou algumas sugest\u00f5es para as fam\u00edlias organizarem bem a celebra\u00e7\u00e3o de quinta-feira que pode ser feita em casa e ou acompanhada pelas emissoras de r\u00e1dio e TV ou pelas redes sociais:<\/p>\n<ul>\n<li><strong>Esta celebra\u00e7\u00e3o poder\u00e1 ser realizada juntamente com a ceia em fam\u00edlia. Desta forma, durante o dia, seja preparado o jantar para a fam\u00edlia, bem como os demais elementos para a celebra\u00e7\u00e3o;<\/strong><\/li>\n<li><strong>Na mesa, podem ser colocadas uma vela e a B\u00edblia aberta no Evangelho de Jo\u00e3o (cap\u00edtulo 13), al\u00e9m dos pratos, talheres e o que mais for necess\u00e1rio para a refei\u00e7\u00e3o (caso a refei\u00e7\u00e3o seja feita junto com a celebra\u00e7\u00e3o);<\/strong><\/li>\n<li><strong>Os que moram na mesma casa sejam motivados para a celebra\u00e7\u00e3o. \u00c0 noite, em torno da mesa, ainda sem o jantar posto, come\u00e7a a celebra\u00e7\u00e3o em fam\u00edlia. \u2013 Desde cedo, poder\u00e1 ser colocado um jarro com uma toalha em algum lugar de destaque na casa.<\/strong><\/li>\n<\/ul>\n<p>A comiss\u00e3o para Liturgia da CNBB ressalta ainda que, para os crist\u00e3os, a celebra\u00e7\u00e3o eucar\u00edstica \u00e9 participa\u00e7\u00e3o na P\u00e1scoa de Cristo. Por meio da a\u00e7\u00e3o memorial, participamos hoje de sua morte e ressurrei\u00e7\u00e3o.<\/p>\n<p><em>\u201cEntregamos com ele nossa vida ao Pai, confiando que um dia o Reino ir\u00e1 se realizar, pondo fim a toda opress\u00e3o, mis\u00e9ria, ego\u00edsmo\u2026, tornando poss\u00edvel uma conviv\u00eancia fraterna. A confian\u00e7a em Deus n\u00e3o impede, antes exige a nossa participa\u00e7\u00e3o, o nosso compromisso\u201d, finaliza o documento da comiss\u00e3o.<\/em><\/p>\n<p>J\u00e1 na\u00a0<strong>Sexta-Feira Santa<\/strong>, 10 de abril, \u00e9 dia fazer mem\u00f3ria da paix\u00e3o e morte de Jesus. No centro desta celebra\u00e7\u00e3o est\u00e1 a cruz. De acordo com a comiss\u00e3o, nesta liturgia se celebra o mist\u00e9rio do amor de Jesus, o justo, perseguido, injusti\u00e7ado, executado\u2026 que entregou sua vida nas m\u00e3os do Pai, confiando em sua justi\u00e7a e o mist\u00e9rio do amor do Pai que se debru\u00e7ou sobre o sofrimento do seu Filho e n\u00e3o o abandonou na morte.<\/p>\n<blockquote><p><strong><em>\u201cO amor venceu o \u00f3dio e a vingan\u00e7a. A vida venceu a morte\u201d, diz o documento.<\/em><\/strong><\/p><\/blockquote>\n<p>No Evangelho de Jo\u00e3o, a cruz de Jesus \u00e9 apresentada n\u00e3o tanto como instrumento de morte, mas sobretudo como trono e exalta\u00e7\u00e3o, sinal de salva\u00e7\u00e3o:\u00a0<em>\u201cComo Mois\u00e9s levantou a serpente no deserto, assim \u00e9 necess\u00e1rio que seja levantado o Filho do Homem\u201d (Jo 3,14).<\/em><\/p>\n<p>O documento aponta ainda que dentro desta vis\u00e3o, a cruz entra na assembleia como sinal de vit\u00f3ria, como \u201c\u00e1rvore da vida\u201d. Quando o povo beija e aclama a cruz, aclama e adora o Cristo que deu a sua vida por n\u00f3s at\u00e9 a morte na cruz, para nos dar a vida. \u00c9 assim que devemos entender a express\u00e3o tradicional \u201cadora\u00e7\u00e3o da cruz\u201d.<\/p>\n<p><em>\u201cDo supremo ato de Jesus na cruz, nasce a Igreja; do seu lado aberto pela lan\u00e7a, brotam os sacramentos pascais: Batismo (\u00e1gua) e Eucaristia (sangue). Ao fazer mem\u00f3ria da paix\u00e3o e morte de Jesus \u2013 o Cristo \u2013 fazemos mem\u00f3ria tamb\u00e9m de todas as pessoas justas perseguidas, injusti\u00e7adas, sofredoras, em todos os povos e culturas. Nelas contemplamos o mist\u00e9rio do amor de Cristo que se faz solid\u00e1rio com todo sofrimento humano, com todo desejo e busca de um mundo sem \u00f3dio, sem vingan\u00e7a, sem viol\u00eancia, sem injusti\u00e7a\u201d, destaca o documento.<\/em><\/p>\n<p>A Comiss\u00e3o para Liturgia tamb\u00e9m preparou algumas sugest\u00f5es para as fam\u00edlias prepararem a celebra\u00e7\u00e3o da Paix\u00e3o do Senhor.<\/p>\n<ul>\n<li><strong>Prepare um ambiente em sua casa, simples e s\u00f3brio. Apenas uma cruz, uma vela, e a b\u00edblia aberta no Evangelho de Jo\u00e3o (cap\u00edtulo 18). Se poss\u00edvel, colocar um pano vermelho.<\/strong><\/li>\n<li><strong>O Evangelho pode ser lido por mais de uma pessoa, caso a leitura seja feita ao modo de di\u00e1logo. \u00c9 importante que seja preparado com anteced\u00eancia.<\/strong><\/li>\n<li><strong>Escolha quem ir\u00e1 fazer o \u201cDirigente (D)\u201d da celebra\u00e7\u00e3o: pode ser o pai ou m\u00e3e e quem far\u00e1 as leituras (L). Na letra (T) todos rezam ou cantam juntos. Na leitura da Paix\u00e3o tem tamb\u00e9m o Narrador (N).<\/strong><\/li>\n<li><strong>\u00c0s 15h, a fam\u00edlia se re\u00fane para celebrar a paix\u00e3o do Senhor. Se n\u00e3o for poss\u00edvel, celebre em outro hor\u00e1rio antes do anoitecer.<\/strong><\/li>\n<\/ul>\n<p>No\u00a0<strong>s\u00e1bado Santo<\/strong>, 11 de abril, a\u00a0<strong>Vig\u00edlia Pascal<\/strong>\u00a0\u00e9 um ponto alto do ano lit\u00fargico. A celebra\u00e7\u00e3o \u00e9 a vig\u00edlia na espera da luz. O c\u00edrio pascal \u00e9 s\u00edmbolo do Cristo Ressuscitado que vence as trevas com a sua luz.<\/p>\n<blockquote><p><em>\u201cSa\u00edmos da noite, da escurid\u00e3o, e alcan\u00e7amos a aurora, o novo dia: \u201cVigiemos, irm\u00e3os car\u00edssimos! [\u2026] Esta noite santa inaugura a solenidade da P\u00e1scoa! [\u2026] Nossa f\u00e9 nos d\u00e1 esta esperan\u00e7a que, com a Igreja inteira, sobre toda a face da terra, n\u00f3s n\u00e3o seremos mais surpreendidos pela noite, quando o Senhor voltar! [\u2026] Pois, para n\u00f3s crist\u00e3os, viver n\u00e3o \u00e9 outra coisa que vigiar. E vigiar \u00e9 abrir-se \u00e0 vida\u201d (Santo Agostinho), destaca o trecho do documento.<\/em><\/p><\/blockquote>\n<p>\u00c9 importante destacar que a celebra\u00e7\u00e3o do S\u00e1bado Santo \u00e9 dividida em quatro momentos:\u00a0B\u00ean\u00e7\u00e3o do Fogo Novo; Liturgia da Palavra; Liturgia Batismal; Liturgia Eucar\u00edstica.\u00a0 Esta\u00a0cerim\u00f4nia tem in\u00edcio fora da igreja que fica com as luzes apagadas at\u00e9 que o C\u00edrio Pascal aceso no Fogo Novo entre no templo como um grande freixo de luz que traz a luz da vida e, na luz do Cristo Ressuscitado, toda a Igreja \u00e9 iluminada pela sua presen\u00e7a. A\u00a0b\u00ean\u00e7\u00e3o do Fogo Novo que acende o C\u00edrio Pascal\u00a0\u00e9 sinal e presen\u00e7a do Ressuscitado na vida da comunidade.<\/p>\n<p>O documento lembra ainda que\u00a0<em>\u201ca Vig\u00edlia Pascal \u00e9 festa batismal; \u00e9 momento de incorpora\u00e7\u00e3o de novos membros no Corpo de Cristo e renova\u00e7\u00e3o das promessas batismais de quem j\u00e1 foi batizado\u201d<\/em>.<\/p>\n<p>Como este ano a celebra\u00e7\u00e3o ser\u00e1 em suas casas, a comiss\u00e3o tamb\u00e9m preparou sugest\u00f5es que v\u00e3o fazer este momento de f\u00e9 do\u00a0<strong>S\u00e1bado Santo<\/strong>\u00a0em fam\u00edlia ser \u00fanico e fortalecedor:<\/p>\n<ul>\n<li><strong>Esta celebra\u00e7\u00e3o deve ser celebrada na noite do s\u00e1bado;<\/strong><\/li>\n<li><strong>Escolha em sua casa um local adequado para celebrar e rezar juntos.<\/strong><\/li>\n<li><strong>Prepare sua B\u00edblia com o texto a ser proclamado, um crucifixo, uma imagem ou \u00edcone de Nossa Senhora.<\/strong><\/li>\n<li><strong>Providencie, se poss\u00edvel, velas para todos da fam\u00edlia. Tamb\u00e9m uma vela maior, enfeitada com flores, para ser colocada no centro da mesa e uma\u00a0<\/strong><strong>vasilha com \u00e1gua.<\/strong><\/li>\n<li><strong>Escolha quem ir\u00e1 fazer o \u201cDirigente (D)\u201d da celebra\u00e7\u00e3o: pode ser o pai ou m\u00e3e e quem far\u00e1 as leituras (L). Na letra (T) todos rezam ou cantam\u00a0<\/strong><strong>juntos.<\/strong><\/li>\n<li><strong>Convidar a todos os membros da fam\u00edlia a se arrumarem para uma festa, como quem acolhe em casa o convidado mais importante da vida.<\/strong><\/li>\n<li><strong>A celebra\u00e7\u00e3o pode terminar com um jantar festivo;<\/strong><\/li>\n<li>\n<h2><strong>Baixe os documentos aqui:<\/strong><\/h2>\n<p><a href=\"https:\/\/www.cnbb.org.br\/wp-content\/uploads\/sites\/32\/2020\/04\/Celebrar-em-Fam%C3%ADlia-5-Feira-Santa.pdf\">Celebrar em Fam\u00edlia 5 Feira Santa<\/a><\/p>\n<p><strong><a href=\"https:\/\/www.cnbb.org.br\/wp-content\/uploads\/sites\/32\/2020\/04\/Celebrar-em-Fam%C3%ADlia-6-Feira-Santa-1.pdf\">Celebrar em Fam\u00edlia 6 Feira Santa<\/a><\/strong><\/p>\n<p><strong><a href=\"https:\/\/www.cnbb.org.br\/wp-content\/uploads\/sites\/32\/2020\/04\/Celebrar-em-Fam%C3%ADlia-S%C3%A1bado-Santo.pdf\">Celebrar em Fam\u00edlia S\u00e1bado Santo<\/a><\/strong><\/li>\n<\/ul>\n<hr \/>\n<p><em>Fonte: CNBB<\/em><\/p>\n","protected":false},"excerpt":{"rendered":"<p>Papa Francisco e as celebra\u00e7\u00f5es do Tr\u00edduo no Vaticano<\/p>\n","protected":false},"author":3,"featured_media":223021,"comment_status":"open","ping_status":"open","sticky":false,"template":"","format":"standard","meta":[],"categories":[1428],"tags":[1611],"acf":[],"yoast_head":"<!-- This site is optimized with the Yoast SEO plugin v19.2 - https:\/\/yoast.com\/wordpress\/plugins\/seo\/ -->\n<title>Papa: Missa da Ceia do Senhor abre Tr\u00edduo \u00e0s 13 horas hoje - Not\u00edcias - Franciscanos<\/title>\n<meta name=\"robots\" content=\"index, follow, max-snippet:-1, max-image-preview:large, max-video-preview:-1\" \/>\n<link rel=\"canonical\" href=\"https:\/\/franciscanos.org.br\/noticias\/papa-missa-na-ceia-do-senhor-abre-triduo-as-13-horas-hoje.html\" \/>\n<meta property=\"og:locale\" content=\"pt_BR\" \/>\n<meta property=\"og:type\" content=\"article\" \/>\n<meta property=\"og:title\" content=\"Papa: Missa da Ceia do Senhor abre Tr\u00edduo \u00e0s 13 horas hoje - Not\u00edcias - Franciscanos\" \/>\n<meta property=\"og:description\" content=\"Papa Francisco e as celebra\u00e7\u00f5es do Tr\u00edduo no Vaticano\" \/>\n<meta property=\"og:url\" content=\"https:\/\/franciscanos.org.br\/noticias\/papa-missa-na-ceia-do-senhor-abre-triduo-as-13-horas-hoje.html\" \/>\n<meta property=\"og:site_name\" content=\"Not\u00edcias - Franciscanos\" \/>\n<meta property=\"article:published_time\" content=\"2020-04-09T10:16:41+00:00\" \/>\n<meta property=\"article:modified_time\" content=\"2021-08-29T15:44:47+00:00\" \/>\n<meta property=\"og:image\" content=\"https:\/\/franciscanos.org.br\/noticias\/wp-content\/uploads\/2020\/04\/quinta_feira_09d.jpg\" \/>\n\t<meta property=\"og:image:width\" content=\"800\" \/>\n\t<meta property=\"og:image:height\" content=\"600\" \/>\n\t<meta property=\"og:image:type\" content=\"image\/jpeg\" \/>\n<meta name=\"author\" content=\"moacir\" \/>\n<meta name=\"twitter:card\" content=\"summary_large_image\" \/>\n<meta name=\"twitter:label1\" content=\"Escrito por\" \/>\n\t<meta name=\"twitter:data1\" content=\"moacir\" \/>\n\t<meta name=\"twitter:label2\" content=\"Est. tempo de leitura\" \/>\n\t<meta name=\"twitter:data2\" content=\"11 minutos\" \/>\n<script type=\"application\/ld+json\" class=\"yoast-schema-graph\">{\"@context\":\"https:\/\/schema.org\",\"@graph\":[{\"@type\":\"WebSite\",\"@id\":\"https:\/\/franciscanos.org.br\/noticias\/#website\",\"url\":\"https:\/\/franciscanos.org.br\/noticias\/\",\"name\":\"Not\u00edcias - Franciscanos\",\"description\":\"Prov\u00edncia Franciscana da Imaculada Concei\u00e7\u00e3o do Brasil - Ordem dos Frades Menores - OFM\",\"potentialAction\":[{\"@type\":\"SearchAction\",\"target\":{\"@type\":\"EntryPoint\",\"urlTemplate\":\"https:\/\/franciscanos.org.br\/noticias\/?s={search_term_string}\"},\"query-input\":\"required name=search_term_string\"}],\"inLanguage\":\"pt-BR\"},{\"@type\":\"ImageObject\",\"inLanguage\":\"pt-BR\",\"@id\":\"https:\/\/franciscanos.org.br\/noticias\/papa-missa-na-ceia-do-senhor-abre-triduo-as-13-horas-hoje.html#primaryimage\",\"url\":\"https:\/\/franciscanos.org.br\/noticias\/wp-content\/uploads\/2020\/04\/quinta_feira_09d.jpg\",\"contentUrl\":\"https:\/\/franciscanos.org.br\/noticias\/wp-content\/uploads\/2020\/04\/quinta_feira_09d.jpg\",\"width\":800,\"height\":600},{\"@type\":\"WebPage\",\"@id\":\"https:\/\/franciscanos.org.br\/noticias\/papa-missa-na-ceia-do-senhor-abre-triduo-as-13-horas-hoje.html#webpage\",\"url\":\"https:\/\/franciscanos.org.br\/noticias\/papa-missa-na-ceia-do-senhor-abre-triduo-as-13-horas-hoje.html\",\"name\":\"Papa: Missa da Ceia do Senhor abre Tr\u00edduo \u00e0s 13 horas hoje - Not\u00edcias - Franciscanos\",\"isPartOf\":{\"@id\":\"https:\/\/franciscanos.org.br\/noticias\/#website\"},\"primaryImageOfPage\":{\"@id\":\"https:\/\/franciscanos.org.br\/noticias\/papa-missa-na-ceia-do-senhor-abre-triduo-as-13-horas-hoje.html#primaryimage\"},\"datePublished\":\"2020-04-09T10:16:41+00:00\",\"dateModified\":\"2021-08-29T15:44:47+00:00\",\"author\":{\"@id\":\"https:\/\/franciscanos.org.br\/noticias\/#\/schema\/person\/b5c8cba458c330ccff548b056e95a5d4\"},\"breadcrumb\":{\"@id\":\"https:\/\/franciscanos.org.br\/noticias\/papa-missa-na-ceia-do-senhor-abre-triduo-as-13-horas-hoje.html#breadcrumb\"},\"inLanguage\":\"pt-BR\",\"potentialAction\":[{\"@type\":\"ReadAction\",\"target\":[\"https:\/\/franciscanos.org.br\/noticias\/papa-missa-na-ceia-do-senhor-abre-triduo-as-13-horas-hoje.html\"]}]},{\"@type\":\"BreadcrumbList\",\"@id\":\"https:\/\/franciscanos.org.br\/noticias\/papa-missa-na-ceia-do-senhor-abre-triduo-as-13-horas-hoje.html#breadcrumb\",\"itemListElement\":[{\"@type\":\"ListItem\",\"position\":1,\"name\":\"Home\",\"item\":\"https:\/\/franciscanos.org.br\/noticias\"},{\"@type\":\"ListItem\",\"position\":2,\"name\":\"Papa: Missa da Ceia do Senhor abre Tr\u00edduo \u00e0s 13 horas hoje\"}]},{\"@type\":\"Person\",\"@id\":\"https:\/\/franciscanos.org.br\/noticias\/#\/schema\/person\/b5c8cba458c330ccff548b056e95a5d4\",\"name\":\"moacir\",\"image\":{\"@type\":\"ImageObject\",\"inLanguage\":\"pt-BR\",\"@id\":\"https:\/\/franciscanos.org.br\/noticias\/#\/schema\/person\/image\/\",\"url\":\"https:\/\/secure.gravatar.com\/avatar\/d08aa2ce4c8dd416d4479aa8536fcf64?s=96&d=mm&r=g\",\"contentUrl\":\"https:\/\/secure.gravatar.com\/avatar\/d08aa2ce4c8dd416d4479aa8536fcf64?s=96&d=mm&r=g\",\"caption\":\"moacir\"},\"url\":\"https:\/\/franciscanos.org.br\/noticias\/author\/moacir\"}]}<\/script>\n<!-- \/ Yoast SEO plugin. -->","yoast_head_json":{"title":"Papa: Missa da Ceia do Senhor abre Tr\u00edduo \u00e0s 13 horas hoje - Not\u00edcias - Franciscanos","robots":{"index":"index","follow":"follow","max-snippet":"max-snippet:-1","max-image-preview":"max-image-preview:large","max-video-preview":"max-video-preview:-1"},"canonical":"https:\/\/franciscanos.org.br\/noticias\/papa-missa-na-ceia-do-senhor-abre-triduo-as-13-horas-hoje.html","og_locale":"pt_BR","og_type":"article","og_title":"Papa: Missa da Ceia do Senhor abre Tr\u00edduo \u00e0s 13 horas hoje - Not\u00edcias - Franciscanos","og_description":"Papa Francisco e as celebra\u00e7\u00f5es do Tr\u00edduo no Vaticano","og_url":"https:\/\/franciscanos.org.br\/noticias\/papa-missa-na-ceia-do-senhor-abre-triduo-as-13-horas-hoje.html","og_site_name":"Not\u00edcias - Franciscanos","article_published_time":"2020-04-09T10:16:41+00:00","article_modified_time":"2021-08-29T15:44:47+00:00","og_image":[{"width":800,"height":600,"url":"https:\/\/franciscanos.org.br\/noticias\/wp-content\/uploads\/2020\/04\/quinta_feira_09d.jpg","type":"image\/jpeg"}],"author":"moacir","twitter_card":"summary_large_image","twitter_misc":{"Escrito por":"moacir","Est. tempo de leitura":"11 minutos"},"schema":{"@context":"https:\/\/schema.org","@graph":[{"@type":"WebSite","@id":"https:\/\/franciscanos.org.br\/noticias\/#website","url":"https:\/\/franciscanos.org.br\/noticias\/","name":"Not\u00edcias - Franciscanos","description":"Prov\u00edncia Franciscana da Imaculada Concei\u00e7\u00e3o do Brasil - Ordem dos Frades Menores - OFM","potentialAction":[{"@type":"SearchAction","target":{"@type":"EntryPoint","urlTemplate":"https:\/\/franciscanos.org.br\/noticias\/?s={search_term_string}"},"query-input":"required name=search_term_string"}],"inLanguage":"pt-BR"},{"@type":"ImageObject","inLanguage":"pt-BR","@id":"https:\/\/franciscanos.org.br\/noticias\/papa-missa-na-ceia-do-senhor-abre-triduo-as-13-horas-hoje.html#primaryimage","url":"https:\/\/franciscanos.org.br\/noticias\/wp-content\/uploads\/2020\/04\/quinta_feira_09d.jpg","contentUrl":"https:\/\/franciscanos.org.br\/noticias\/wp-content\/uploads\/2020\/04\/quinta_feira_09d.jpg","width":800,"height":600},{"@type":"WebPage","@id":"https:\/\/franciscanos.org.br\/noticias\/papa-missa-na-ceia-do-senhor-abre-triduo-as-13-horas-hoje.html#webpage","url":"https:\/\/franciscanos.org.br\/noticias\/papa-missa-na-ceia-do-senhor-abre-triduo-as-13-horas-hoje.html","name":"Papa: Missa da Ceia do Senhor abre Tr\u00edduo \u00e0s 13 horas hoje - Not\u00edcias - Franciscanos","isPartOf":{"@id":"https:\/\/franciscanos.org.br\/noticias\/#website"},"primaryImageOfPage":{"@id":"https:\/\/franciscanos.org.br\/noticias\/papa-missa-na-ceia-do-senhor-abre-triduo-as-13-horas-hoje.html#primaryimage"},"datePublished":"2020-04-09T10:16:41+00:00","dateModified":"2021-08-29T15:44:47+00:00","author":{"@id":"https:\/\/franciscanos.org.br\/noticias\/#\/schema\/person\/b5c8cba458c330ccff548b056e95a5d4"},"breadcrumb":{"@id":"https:\/\/franciscanos.org.br\/noticias\/papa-missa-na-ceia-do-senhor-abre-triduo-as-13-horas-hoje.html#breadcrumb"},"inLanguage":"pt-BR","potentialAction":[{"@type":"ReadAction","target":["https:\/\/franciscanos.org.br\/noticias\/papa-missa-na-ceia-do-senhor-abre-triduo-as-13-horas-hoje.html"]}]},{"@type":"BreadcrumbList","@id":"https:\/\/franciscanos.org.br\/noticias\/papa-missa-na-ceia-do-senhor-abre-triduo-as-13-horas-hoje.html#breadcrumb","itemListElement":[{"@type":"ListItem","position":1,"name":"Home","item":"https:\/\/franciscanos.org.br\/noticias"},{"@type":"ListItem","position":2,"name":"Papa: Missa da Ceia do Senhor abre Tr\u00edduo \u00e0s 13 horas hoje"}]},{"@type":"Person","@id":"https:\/\/franciscanos.org.br\/noticias\/#\/schema\/person\/b5c8cba458c330ccff548b056e95a5d4","name":"moacir","image":{"@type":"ImageObject","inLanguage":"pt-BR","@id":"https:\/\/franciscanos.org.br\/noticias\/#\/schema\/person\/image\/","url":"https:\/\/secure.gravatar.com\/avatar\/d08aa2ce4c8dd416d4479aa8536fcf64?s=96&d=mm&r=g","contentUrl":"https:\/\/secure.gravatar.com\/avatar\/d08aa2ce4c8dd416d4479aa8536fcf64?s=96&d=mm&r=g","caption":"moacir"},"url":"https:\/\/franciscanos.org.br\/noticias\/author\/moacir"}]}},"_links":{"self":[{"href":"https:\/\/franciscanos.org.br\/noticias\/wp-json\/wp\/v2\/posts\/223019"}],"collection":[{"href":"https:\/\/franciscanos.org.br\/noticias\/wp-json\/wp\/v2\/posts"}],"about":[{"href":"https:\/\/franciscanos.org.br\/noticias\/wp-json\/wp\/v2\/types\/post"}],"author":[{"embeddable":true,"href":"https:\/\/franciscanos.org.br\/noticias\/wp-json\/wp\/v2\/users\/3"}],"replies":[{"embeddable":true,"href":"https:\/\/franciscanos.org.br\/noticias\/wp-json\/wp\/v2\/comments?post=223019"}],"version-history":[{"count":6,"href":"https:\/\/franciscanos.org.br\/noticias\/wp-json\/wp\/v2\/posts\/223019\/revisions"}],"predecessor-version":[{"id":234013,"href":"https:\/\/franciscanos.org.br\/noticias\/wp-json\/wp\/v2\/posts\/223019\/revisions\/234013"}],"wp:featuredmedia":[{"embeddable":true,"href":"https:\/\/franciscanos.org.br\/noticias\/wp-json\/wp\/v2\/media\/223021"}],"wp:attachment":[{"href":"https:\/\/franciscanos.org.br\/noticias\/wp-json\/wp\/v2\/media?parent=223019"}],"wp:term":[{"taxonomy":"category","embeddable":true,"href":"https:\/\/franciscanos.org.br\/noticias\/wp-json\/wp\/v2\/categories?post=223019"},{"taxonomy":"post_tag","embeddable":true,"href":"https:\/\/franciscanos.org.br\/noticias\/wp-json\/wp\/v2\/tags?post=223019"}],"curies":[{"name":"wp","href":"https:\/\/api.w.org\/{rel}","templated":true}]}}