{"id":223005,"date":"2020-04-08T12:32:10","date_gmt":"2020-04-08T15:32:10","guid":{"rendered":"https:\/\/franciscanos.org.br\/noticias\/?p=223005"},"modified":"2020-04-09T09:40:41","modified_gmt":"2020-04-09T12:40:41","slug":"acompanhe-a-via-sacra-com-francisco-ao-vivo-na-tvfranciscanos","status":"publish","type":"post","link":"https:\/\/franciscanos.org.br\/noticias\/acompanhe-a-via-sacra-com-francisco-ao-vivo-na-tvfranciscanos.html","title":{"rendered":"Reze a &#8220;Via-sacra com Francisco&#8221; na TvFranciscanos"},"content":{"rendered":"<p><img loading=\"lazy\" class=\"alignleft size-full wp-image-223010\" src=\"https:\/\/franciscanos.org.br\/noticias\/wp-content\/uploads\/2020\/04\/via-sacra_080320.jpg\" alt=\"\" width=\"1200\" height=\"630\" srcset=\"https:\/\/franciscanos.org.br\/noticias\/wp-content\/uploads\/2020\/04\/via-sacra_080320.jpg 1200w, https:\/\/franciscanos.org.br\/noticias\/wp-content\/uploads\/2020\/04\/via-sacra_080320-450x236.jpg 450w, https:\/\/franciscanos.org.br\/noticias\/wp-content\/uploads\/2020\/04\/via-sacra_080320-1024x538.jpg 1024w, https:\/\/franciscanos.org.br\/noticias\/wp-content\/uploads\/2020\/04\/via-sacra_080320-768x403.jpg 768w, https:\/\/franciscanos.org.br\/noticias\/wp-content\/uploads\/2020\/04\/via-sacra_080320-150x79.jpg 150w\" sizes=\"(max-width: 1200px) 100vw, 1200px\" \/><\/p>\n<p><strong>Frei Augusto Luiz Gabriel<\/strong><\/p>\n<p><strong>Petr\u00f3polis (RJ)<\/strong> &#8211; Estamos na Semana Santa, tempo prop\u00edcio para a ora\u00e7\u00e3o e a medita\u00e7\u00e3o da Paix\u00e3o, morte e ressurrei\u00e7\u00e3o de Jesus. Somos chamados \u00e0 convers\u00e3o evang\u00e9lica atrav\u00e9s da ora\u00e7\u00e3o e das pr\u00e1ticas devocionais, como a Via-sacra com Francisco, do Devocion\u00e1rio Franciscano, que vamos rezar nesta quarta-feira (08\/04), \u00e0s 15 horas, no espa\u00e7o da comunidade Nossa Senhora Auxiliadora da Par\u00f3quia do Sagrado, em Petr\u00f3polis (RJ).<\/p>\n<p>S\u00e3o Francisco De Assis viveu em seu corpo as dores do Crucificado quando recebeu os estigmas. O homem de Deus tinha pela cruz do Senhor um amor apaixonado. Na cruz, ele encontra a express\u00e3o da maior das dores e do mais eloquente e sublime amor. O mist\u00e9rio da cruz, vivido intensamente por Francisco, tornou-se a for\u00e7a da prega\u00e7\u00e3o de seus filhos e fonte de renova\u00e7\u00e3o para a Igreja e a Ordem Franciscana. Desde o primeiro encontro de Francisco com o Crucificado, na pequena Igreja de S\u00e3o Dami\u00e3o, a cruz estar\u00e1 sempre presente no seguimento de Jesus Cristo at\u00e9 a sua morte.<\/p>\n<p>Reze conosco e com Francisco esta Via-sacra! Que ao meditar sua Paix\u00e3o, descubramos que nosso caminho \u00e9 o do amor que d\u00e1 a vida por seu irm\u00e3o! A transmiss\u00e3o come\u00e7ar\u00e1 \u00e0s 15 horas, diretamente de Petr\u00f3polis (RJ). Acompanhe pela <a href=\"https:\/\/www.youtube.com\/tvfranciscanos\">TvFranciscanos<\/a>!<\/p>\n<p><iframe loading=\"lazy\" src=\"https:\/\/www.youtube.com\/embed\/bi7_htA8uwA\" width=\"100%\" height=\"480\" frameborder=\"0\" allowfullscreen=\"allowfullscreen\"><\/iframe><\/p>\n","protected":false},"excerpt":{"rendered":"<p>Via-sacra na TvFranciscanos hoje \u00e0s 15 horas<\/p>\n","protected":false},"author":3,"featured_media":223011,"comment_status":"open","ping_status":"open","sticky":false,"template":"","format":"standard","meta":[],"categories":[1],"tags":[190,257,234],"acf":[],"yoast_head":"<!-- This site is optimized with the Yoast SEO plugin v19.2 - https:\/\/yoast.com\/wordpress\/plugins\/seo\/ -->\n<title>Reze a &quot;Via-sacra com Francisco&quot; na TvFranciscanos - Not\u00edcias - Franciscanos<\/title>\n<meta name=\"robots\" content=\"index, follow, max-snippet:-1, max-image-preview:large, max-video-preview:-1\" \/>\n<link rel=\"canonical\" href=\"https:\/\/franciscanos.org.br\/noticias\/acompanhe-a-via-sacra-com-francisco-ao-vivo-na-tvfranciscanos.html\" \/>\n<meta property=\"og:locale\" content=\"pt_BR\" \/>\n<meta property=\"og:type\" content=\"article\" \/>\n<meta property=\"og:title\" content=\"Reze a &quot;Via-sacra com Francisco&quot; na TvFranciscanos - Not\u00edcias - Franciscanos\" \/>\n<meta property=\"og:description\" content=\"Via-sacra na TvFranciscanos hoje \u00e0s 15 horas\" \/>\n<meta property=\"og:url\" content=\"https:\/\/franciscanos.org.br\/noticias\/acompanhe-a-via-sacra-com-francisco-ao-vivo-na-tvfranciscanos.html\" \/>\n<meta property=\"og:site_name\" content=\"Not\u00edcias - Franciscanos\" \/>\n<meta property=\"article:published_time\" content=\"2020-04-08T15:32:10+00:00\" \/>\n<meta property=\"article:modified_time\" content=\"2020-04-09T12:40:41+00:00\" \/>\n<meta property=\"og:image\" content=\"https:\/\/franciscanos.org.br\/noticias\/wp-content\/uploads\/2020\/04\/via-sacra_080320_1.jpg\" \/>\n\t<meta property=\"og:image:width\" content=\"800\" \/>\n\t<meta property=\"og:image:height\" content=\"600\" \/>\n\t<meta property=\"og:image:type\" content=\"image\/jpeg\" \/>\n<meta name=\"author\" content=\"moacir\" \/>\n<meta name=\"twitter:card\" content=\"summary_large_image\" \/>\n<meta name=\"twitter:label1\" content=\"Escrito por\" \/>\n\t<meta name=\"twitter:data1\" content=\"moacir\" \/>\n\t<meta name=\"twitter:label2\" content=\"Est. tempo de leitura\" \/>\n\t<meta name=\"twitter:data2\" content=\"1 minuto\" \/>\n<script type=\"application\/ld+json\" class=\"yoast-schema-graph\">{\"@context\":\"https:\/\/schema.org\",\"@graph\":[{\"@type\":\"WebSite\",\"@id\":\"https:\/\/franciscanos.org.br\/noticias\/#website\",\"url\":\"https:\/\/franciscanos.org.br\/noticias\/\",\"name\":\"Not\u00edcias - Franciscanos\",\"description\":\"Prov\u00edncia Franciscana da Imaculada Concei\u00e7\u00e3o do Brasil - Ordem dos Frades Menores - OFM\",\"potentialAction\":[{\"@type\":\"SearchAction\",\"target\":{\"@type\":\"EntryPoint\",\"urlTemplate\":\"https:\/\/franciscanos.org.br\/noticias\/?s={search_term_string}\"},\"query-input\":\"required name=search_term_string\"}],\"inLanguage\":\"pt-BR\"},{\"@type\":\"ImageObject\",\"inLanguage\":\"pt-BR\",\"@id\":\"https:\/\/franciscanos.org.br\/noticias\/acompanhe-a-via-sacra-com-francisco-ao-vivo-na-tvfranciscanos.html#primaryimage\",\"url\":\"https:\/\/franciscanos.org.br\/noticias\/wp-content\/uploads\/2020\/04\/via-sacra_080320_1.jpg\",\"contentUrl\":\"https:\/\/franciscanos.org.br\/noticias\/wp-content\/uploads\/2020\/04\/via-sacra_080320_1.jpg\",\"width\":800,\"height\":600},{\"@type\":\"WebPage\",\"@id\":\"https:\/\/franciscanos.org.br\/noticias\/acompanhe-a-via-sacra-com-francisco-ao-vivo-na-tvfranciscanos.html#webpage\",\"url\":\"https:\/\/franciscanos.org.br\/noticias\/acompanhe-a-via-sacra-com-francisco-ao-vivo-na-tvfranciscanos.html\",\"name\":\"Reze a \\\"Via-sacra com Francisco\\\" na TvFranciscanos - Not\u00edcias - Franciscanos\",\"isPartOf\":{\"@id\":\"https:\/\/franciscanos.org.br\/noticias\/#website\"},\"primaryImageOfPage\":{\"@id\":\"https:\/\/franciscanos.org.br\/noticias\/acompanhe-a-via-sacra-com-francisco-ao-vivo-na-tvfranciscanos.html#primaryimage\"},\"datePublished\":\"2020-04-08T15:32:10+00:00\",\"dateModified\":\"2020-04-09T12:40:41+00:00\",\"author\":{\"@id\":\"https:\/\/franciscanos.org.br\/noticias\/#\/schema\/person\/b5c8cba458c330ccff548b056e95a5d4\"},\"breadcrumb\":{\"@id\":\"https:\/\/franciscanos.org.br\/noticias\/acompanhe-a-via-sacra-com-francisco-ao-vivo-na-tvfranciscanos.html#breadcrumb\"},\"inLanguage\":\"pt-BR\",\"potentialAction\":[{\"@type\":\"ReadAction\",\"target\":[\"https:\/\/franciscanos.org.br\/noticias\/acompanhe-a-via-sacra-com-francisco-ao-vivo-na-tvfranciscanos.html\"]}]},{\"@type\":\"BreadcrumbList\",\"@id\":\"https:\/\/franciscanos.org.br\/noticias\/acompanhe-a-via-sacra-com-francisco-ao-vivo-na-tvfranciscanos.html#breadcrumb\",\"itemListElement\":[{\"@type\":\"ListItem\",\"position\":1,\"name\":\"Home\",\"item\":\"https:\/\/franciscanos.org.br\/noticias\"},{\"@type\":\"ListItem\",\"position\":2,\"name\":\"Reze a &#8220;Via-sacra com Francisco&#8221; na TvFranciscanos\"}]},{\"@type\":\"Person\",\"@id\":\"https:\/\/franciscanos.org.br\/noticias\/#\/schema\/person\/b5c8cba458c330ccff548b056e95a5d4\",\"name\":\"moacir\",\"image\":{\"@type\":\"ImageObject\",\"inLanguage\":\"pt-BR\",\"@id\":\"https:\/\/franciscanos.org.br\/noticias\/#\/schema\/person\/image\/\",\"url\":\"https:\/\/secure.gravatar.com\/avatar\/d08aa2ce4c8dd416d4479aa8536fcf64?s=96&d=mm&r=g\",\"contentUrl\":\"https:\/\/secure.gravatar.com\/avatar\/d08aa2ce4c8dd416d4479aa8536fcf64?s=96&d=mm&r=g\",\"caption\":\"moacir\"},\"url\":\"https:\/\/franciscanos.org.br\/noticias\/author\/moacir\"}]}<\/script>\n<!-- \/ Yoast SEO plugin. -->","yoast_head_json":{"title":"Reze a \"Via-sacra com Francisco\" na TvFranciscanos - Not\u00edcias - Franciscanos","robots":{"index":"index","follow":"follow","max-snippet":"max-snippet:-1","max-image-preview":"max-image-preview:large","max-video-preview":"max-video-preview:-1"},"canonical":"https:\/\/franciscanos.org.br\/noticias\/acompanhe-a-via-sacra-com-francisco-ao-vivo-na-tvfranciscanos.html","og_locale":"pt_BR","og_type":"article","og_title":"Reze a \"Via-sacra com Francisco\" na TvFranciscanos - Not\u00edcias - Franciscanos","og_description":"Via-sacra na TvFranciscanos hoje \u00e0s 15 horas","og_url":"https:\/\/franciscanos.org.br\/noticias\/acompanhe-a-via-sacra-com-francisco-ao-vivo-na-tvfranciscanos.html","og_site_name":"Not\u00edcias - Franciscanos","article_published_time":"2020-04-08T15:32:10+00:00","article_modified_time":"2020-04-09T12:40:41+00:00","og_image":[{"width":800,"height":600,"url":"https:\/\/franciscanos.org.br\/noticias\/wp-content\/uploads\/2020\/04\/via-sacra_080320_1.jpg","type":"image\/jpeg"}],"author":"moacir","twitter_card":"summary_large_image","twitter_misc":{"Escrito por":"moacir","Est. tempo de leitura":"1 minuto"},"schema":{"@context":"https:\/\/schema.org","@graph":[{"@type":"WebSite","@id":"https:\/\/franciscanos.org.br\/noticias\/#website","url":"https:\/\/franciscanos.org.br\/noticias\/","name":"Not\u00edcias - Franciscanos","description":"Prov\u00edncia Franciscana da Imaculada Concei\u00e7\u00e3o do Brasil - Ordem dos Frades Menores - OFM","potentialAction":[{"@type":"SearchAction","target":{"@type":"EntryPoint","urlTemplate":"https:\/\/franciscanos.org.br\/noticias\/?s={search_term_string}"},"query-input":"required name=search_term_string"}],"inLanguage":"pt-BR"},{"@type":"ImageObject","inLanguage":"pt-BR","@id":"https:\/\/franciscanos.org.br\/noticias\/acompanhe-a-via-sacra-com-francisco-ao-vivo-na-tvfranciscanos.html#primaryimage","url":"https:\/\/franciscanos.org.br\/noticias\/wp-content\/uploads\/2020\/04\/via-sacra_080320_1.jpg","contentUrl":"https:\/\/franciscanos.org.br\/noticias\/wp-content\/uploads\/2020\/04\/via-sacra_080320_1.jpg","width":800,"height":600},{"@type":"WebPage","@id":"https:\/\/franciscanos.org.br\/noticias\/acompanhe-a-via-sacra-com-francisco-ao-vivo-na-tvfranciscanos.html#webpage","url":"https:\/\/franciscanos.org.br\/noticias\/acompanhe-a-via-sacra-com-francisco-ao-vivo-na-tvfranciscanos.html","name":"Reze a \"Via-sacra com Francisco\" na TvFranciscanos - Not\u00edcias - Franciscanos","isPartOf":{"@id":"https:\/\/franciscanos.org.br\/noticias\/#website"},"primaryImageOfPage":{"@id":"https:\/\/franciscanos.org.br\/noticias\/acompanhe-a-via-sacra-com-francisco-ao-vivo-na-tvfranciscanos.html#primaryimage"},"datePublished":"2020-04-08T15:32:10+00:00","dateModified":"2020-04-09T12:40:41+00:00","author":{"@id":"https:\/\/franciscanos.org.br\/noticias\/#\/schema\/person\/b5c8cba458c330ccff548b056e95a5d4"},"breadcrumb":{"@id":"https:\/\/franciscanos.org.br\/noticias\/acompanhe-a-via-sacra-com-francisco-ao-vivo-na-tvfranciscanos.html#breadcrumb"},"inLanguage":"pt-BR","potentialAction":[{"@type":"ReadAction","target":["https:\/\/franciscanos.org.br\/noticias\/acompanhe-a-via-sacra-com-francisco-ao-vivo-na-tvfranciscanos.html"]}]},{"@type":"BreadcrumbList","@id":"https:\/\/franciscanos.org.br\/noticias\/acompanhe-a-via-sacra-com-francisco-ao-vivo-na-tvfranciscanos.html#breadcrumb","itemListElement":[{"@type":"ListItem","position":1,"name":"Home","item":"https:\/\/franciscanos.org.br\/noticias"},{"@type":"ListItem","position":2,"name":"Reze a &#8220;Via-sacra com Francisco&#8221; na TvFranciscanos"}]},{"@type":"Person","@id":"https:\/\/franciscanos.org.br\/noticias\/#\/schema\/person\/b5c8cba458c330ccff548b056e95a5d4","name":"moacir","image":{"@type":"ImageObject","inLanguage":"pt-BR","@id":"https:\/\/franciscanos.org.br\/noticias\/#\/schema\/person\/image\/","url":"https:\/\/secure.gravatar.com\/avatar\/d08aa2ce4c8dd416d4479aa8536fcf64?s=96&d=mm&r=g","contentUrl":"https:\/\/secure.gravatar.com\/avatar\/d08aa2ce4c8dd416d4479aa8536fcf64?s=96&d=mm&r=g","caption":"moacir"},"url":"https:\/\/franciscanos.org.br\/noticias\/author\/moacir"}]}},"_links":{"self":[{"href":"https:\/\/franciscanos.org.br\/noticias\/wp-json\/wp\/v2\/posts\/223005"}],"collection":[{"href":"https:\/\/franciscanos.org.br\/noticias\/wp-json\/wp\/v2\/posts"}],"about":[{"href":"https:\/\/franciscanos.org.br\/noticias\/wp-json\/wp\/v2\/types\/post"}],"author":[{"embeddable":true,"href":"https:\/\/franciscanos.org.br\/noticias\/wp-json\/wp\/v2\/users\/3"}],"replies":[{"embeddable":true,"href":"https:\/\/franciscanos.org.br\/noticias\/wp-json\/wp\/v2\/comments?post=223005"}],"version-history":[{"count":6,"href":"https:\/\/franciscanos.org.br\/noticias\/wp-json\/wp\/v2\/posts\/223005\/revisions"}],"predecessor-version":[{"id":223031,"href":"https:\/\/franciscanos.org.br\/noticias\/wp-json\/wp\/v2\/posts\/223005\/revisions\/223031"}],"wp:featuredmedia":[{"embeddable":true,"href":"https:\/\/franciscanos.org.br\/noticias\/wp-json\/wp\/v2\/media\/223011"}],"wp:attachment":[{"href":"https:\/\/franciscanos.org.br\/noticias\/wp-json\/wp\/v2\/media?parent=223005"}],"wp:term":[{"taxonomy":"category","embeddable":true,"href":"https:\/\/franciscanos.org.br\/noticias\/wp-json\/wp\/v2\/categories?post=223005"},{"taxonomy":"post_tag","embeddable":true,"href":"https:\/\/franciscanos.org.br\/noticias\/wp-json\/wp\/v2\/tags?post=223005"}],"curies":[{"name":"wp","href":"https:\/\/api.w.org\/{rel}","templated":true}]}}