{"id":222981,"date":"2020-04-08T10:03:23","date_gmt":"2020-04-08T13:03:23","guid":{"rendered":"https:\/\/franciscanos.org.br\/noticias\/?p=222981"},"modified":"2020-04-29T11:38:22","modified_gmt":"2020-04-29T14:38:22","slug":"jovens-lideram-acoes-solidarias-na-provincia","status":"publish","type":"post","link":"https:\/\/franciscanos.org.br\/noticias\/jovens-lideram-acoes-solidarias-na-provincia.html","title":{"rendered":"Jovens lideram a\u00e7\u00f5es solid\u00e1rias na Prov\u00edncia"},"content":{"rendered":"<div id=\"attachment_222982\" style=\"width: 1210px\" class=\"wp-caption alignnone\"><img aria-describedby=\"caption-attachment-222982\" loading=\"lazy\" class=\"wp-image-222982 size-full\" src=\"https:\/\/franciscanos.org.br\/noticias\/wp-content\/uploads\/2020\/04\/especial_sefras_12.jpg\" alt=\"\" width=\"1200\" height=\"702\" srcset=\"https:\/\/franciscanos.org.br\/noticias\/wp-content\/uploads\/2020\/04\/especial_sefras_12.jpg 1200w, https:\/\/franciscanos.org.br\/noticias\/wp-content\/uploads\/2020\/04\/especial_sefras_12-450x263.jpg 450w, https:\/\/franciscanos.org.br\/noticias\/wp-content\/uploads\/2020\/04\/especial_sefras_12-1024x599.jpg 1024w, https:\/\/franciscanos.org.br\/noticias\/wp-content\/uploads\/2020\/04\/especial_sefras_12-768x449.jpg 768w, https:\/\/franciscanos.org.br\/noticias\/wp-content\/uploads\/2020\/04\/especial_sefras_12-150x88.jpg 150w\" sizes=\"(max-width: 1200px) 100vw, 1200px\" \/><p id=\"caption-attachment-222982\" class=\"wp-caption-text\"><em>Jovens volunt\u00e1rios vieram de diferentes cidades para ajudar na Tenda Franciscana do Largo S\u00e3o Francisco de SP <\/em><\/p><\/div>\n<p><strong>Moacir Beggo (*)<\/strong><\/p>\n<p><strong>S\u00e3o Paulo (SP) &#8211;<\/strong> Em tempos de coronav\u00edrus, a Igreja do Brasil n\u00e3o ficou parada. Com ajuda da tecnologia, celebra\u00e7\u00f5es e momentos de ora\u00e7\u00e3o chegaram \u00e0s fam\u00edlias nos distantes rinc\u00f5es do pa\u00eds. Essa mudan\u00e7a tamb\u00e9m chegou \u00e0 Prov\u00edncia da Imaculada Concei\u00e7\u00e3o do Brasil, atrav\u00e9s de suas par\u00f3quias, conventos e santu\u00e1rios no Esp\u00edrito Santo, Rio de Janeiro, S\u00e3o Paulo, Paran\u00e1 e Santa Catarina. Ao mesmo tempo, a\u00e7\u00f5es de solidariedade reuniram os frades e jovens mission\u00e1rios franciscanos num grande mutir\u00e3o a favor dos mais pobres e esquecidos por grande parte da sociedade e pelo poder p\u00fablico, especialmente os moradores em situa\u00e7\u00e3o de rua.<\/p>\n<p>Iniciativas v\u00eam do Sul e do Norte da Prov\u00edncia. &#8220;\u00c9 com grande alegria que estou acompanhando todas essas iniciativas evangelizadoras em nossa Prov\u00edncia durante esse tempo de pandemia&#8221;, constata Frei Diego Melo, coordenador da Frente da Solidariedade para com os Empobrecidos da Prov\u00edncia. &#8220;Creio que o Coronav\u00edrus despertou muitas fraternidades e comunidades para um novo modo de ser Igreja, um novo modo de vivenciar a f\u00e9. A necessidade fez despertar uma criatividade pastoral que certamente deixar\u00e1 muitos frutos para o nosso modo de Evangelizar. Al\u00e9m disso, destaco o protagonismo jovem nas principais iniciativas de Solidariedade para com os mais empobrecidos&#8221;, avalia o frade.<\/p>\n<div id=\"attachment_222983\" style=\"width: 1290px\" class=\"wp-caption alignnone\"><img aria-describedby=\"caption-attachment-222983\" loading=\"lazy\" class=\"wp-image-222983 size-full\" src=\"https:\/\/franciscanos.org.br\/noticias\/wp-content\/uploads\/2020\/04\/especial_diego_13.jpg\" alt=\"\" width=\"1280\" height=\"770\" srcset=\"https:\/\/franciscanos.org.br\/noticias\/wp-content\/uploads\/2020\/04\/especial_diego_13.jpg 1280w, https:\/\/franciscanos.org.br\/noticias\/wp-content\/uploads\/2020\/04\/especial_diego_13-450x271.jpg 450w, https:\/\/franciscanos.org.br\/noticias\/wp-content\/uploads\/2020\/04\/especial_diego_13-1024x616.jpg 1024w, https:\/\/franciscanos.org.br\/noticias\/wp-content\/uploads\/2020\/04\/especial_diego_13-768x462.jpg 768w, https:\/\/franciscanos.org.br\/noticias\/wp-content\/uploads\/2020\/04\/especial_diego_13-150x90.jpg 150w\" sizes=\"(max-width: 1280px) 100vw, 1280px\" \/><p id=\"caption-attachment-222983\" class=\"wp-caption-text\"><em>Frei Diego, incans\u00e1vel no trabalho social e com as juventudes na Prov\u00edncia<\/em><\/p><\/div>\n<p>De modo geral, segundo Frei Diego, embora tenham o apoio das Fraternidades Franciscanas, quem est\u00e1 na linha de frente, no contato direto e na grande articula\u00e7\u00e3o de toda essa movimenta\u00e7\u00e3o s\u00e3o os jovens. Alguns atenderam o apelo do Servi\u00e7o Franciscano de Solidariedade para ajudar na Tenda Franciscana, armada no Largo S\u00e3o Francisco, no centro de S\u00e3o Paulo, e vieram de longe, como Mariana Lopes Florencio (Bauru, SP), Reginaldo Taborda Ribas (Campo Largo, PR) e Maur\u00edcio Bernz (Maring\u00e1, PR). Da cidade catarinense de Lages, Elisa Lima, C\u00edntia Melo e Igor Marafigo falam do Projeto Amar; em Curitiba, o projeto A\u00e7\u00e3o Solid\u00e1ria, da Par\u00f3quia Bom Jesus dos Perd\u00f5es, atende 5 mil pessoas; a campanha &#8220;O Meu Pr\u00f3ximo&#8221;, da Par\u00f3quia S\u00e3o Luiz Gonzaga, juntamente com a R\u00e1dio Cultura e a Pastoral da Juventude, est\u00e1 arrecadando alimentos n\u00e3o perec\u00edveis; o Servi\u00e7o Franciscano de Solidariedade da Fraternidade Porci\u00fancula de Niter\u00f3i tamb\u00e9m faz campanha para angariar produtos para cestas b\u00e1sicas;<\/p>\n<p>&#8220;Creio que essa atitude tem um sinal prof\u00e9tico muito grande, pois s\u00e3o eles, que no auge da sua juventude, nos mostram um jeito de ser Igreja que n\u00e3o se reduz \u00e0s burocracias eclesi\u00e1sticas ou a uma viv\u00eancia estritamente sacramental da f\u00e9. S\u00e3o os jovens que, atrav\u00e9s das suas atitudes, entusiasmo, lideran\u00e7a e decis\u00e3o anunciam uma igreja mais samaritana, comprometida, pr\u00f3xima e que sabe colocar-se a servi\u00e7o&#8221;, celebra Frei Diego.<\/p>\n<div id=\"attachment_222984\" style=\"width: 1290px\" class=\"wp-caption alignnone\"><img aria-describedby=\"caption-attachment-222984\" loading=\"lazy\" class=\"wp-image-222984 size-full\" src=\"https:\/\/franciscanos.org.br\/noticias\/wp-content\/uploads\/2020\/04\/especial_sp_4.jpg\" alt=\"\" width=\"1280\" height=\"776\" srcset=\"https:\/\/franciscanos.org.br\/noticias\/wp-content\/uploads\/2020\/04\/especial_sp_4.jpg 1280w, https:\/\/franciscanos.org.br\/noticias\/wp-content\/uploads\/2020\/04\/especial_sp_4-450x273.jpg 450w, https:\/\/franciscanos.org.br\/noticias\/wp-content\/uploads\/2020\/04\/especial_sp_4-1024x621.jpg 1024w, https:\/\/franciscanos.org.br\/noticias\/wp-content\/uploads\/2020\/04\/especial_sp_4-768x466.jpg 768w, https:\/\/franciscanos.org.br\/noticias\/wp-content\/uploads\/2020\/04\/especial_sp_4-150x91.jpg 150w\" sizes=\"(max-width: 1280px) 100vw, 1280px\" \/><p id=\"caption-attachment-222984\" class=\"wp-caption-text\"><em>Fila em frente ao Convento S\u00e3o Francisco, onde est\u00e1 a Tenda Franciscana<\/em><\/p><\/div>\n<p>Para Frei Diego, a atitude desses jovens tamb\u00e9m \u00e9 uma provoca\u00e7\u00e3o para um modelo de igreja autorreferencial, ensimesmada e preocupada demasiadamente consigo mesma. &#8220;A capacidade deles superarem o medo, o preconceito e at\u00e9 mesmo o receio de suas fam\u00edlias pelo cont\u00e1gio, \u00e9 um forte testemunho de que o isolamento social n\u00e3o pode ser desculpa para um enclausuramento existencial e eclesial&#8221;, observa. &#8220;Na liberdade dos seus cora\u00e7\u00f5es sonhadores, idealistas e livres, est\u00e3o vencendo um v\u00edrus t\u00e3o presente em muitas estruturas eclesiais, o v\u00edrus de um fechamento est\u00e9ril e autorreferencial&#8221;, denuncia.<\/p>\n<p><strong>O PROJETO AMAR DE LAGES<\/strong><\/p>\n<p>Na cidade de Lages, desde o dia 18 de mar\u00e7o, os mission\u00e1rios Franciscanos, em parceria com a Pastoral de Popula\u00e7\u00e3o de rua e Diocese de Lages, v\u00eam preparando o jantar para pessoas em situa\u00e7\u00e3o de rua, que re\u00fane aproximadamente 100 pessoas e alguns imigrantes, pois \u00e9 uma cidade de liga\u00e7\u00e3o a outras regi\u00f5es. \u00c9 o Projeto Amar, da Par\u00f3quia Nossa Senhora Aparecida, assistida pelos frades da Prov\u00edncia.<\/p>\n<p>&nbsp;<\/p>\n<div id=\"attachment_222986\" style=\"width: 1290px\" class=\"wp-caption alignnone\"><img aria-describedby=\"caption-attachment-222986\" loading=\"lazy\" class=\"wp-image-222986 size-full\" src=\"https:\/\/franciscanos.org.br\/noticias\/wp-content\/uploads\/2020\/04\/especial_sefras_9.jpg\" alt=\"\" width=\"1280\" height=\"720\" srcset=\"https:\/\/franciscanos.org.br\/noticias\/wp-content\/uploads\/2020\/04\/especial_sefras_9.jpg 1280w, https:\/\/franciscanos.org.br\/noticias\/wp-content\/uploads\/2020\/04\/especial_sefras_9-450x253.jpg 450w, https:\/\/franciscanos.org.br\/noticias\/wp-content\/uploads\/2020\/04\/especial_sefras_9-1024x576.jpg 1024w, https:\/\/franciscanos.org.br\/noticias\/wp-content\/uploads\/2020\/04\/especial_sefras_9-768x432.jpg 768w, https:\/\/franciscanos.org.br\/noticias\/wp-content\/uploads\/2020\/04\/especial_sefras_9-150x84.jpg 150w\" sizes=\"(max-width: 1280px) 100vw, 1280px\" \/><p id=\"caption-attachment-222986\" class=\"wp-caption-text\"><em>Elisa em primeiro plano com o grupo de volunt\u00e1rios em Lages<\/em><\/p><\/div>\n<p>&#8220;Nosso bispo diocesano, D. Guilherme Ant\u00f4nio Werlang, em conversa com o prefeito, solicitou que tivesse um abrigo para nossos irm\u00e3os, principalmente nesse momento em que a preocupa\u00e7\u00e3o com a sa\u00fade tamb\u00e9m o ponto alto de cont\u00e1gio. Foi liberado parte de uma escola para que pudessem tomar banho e dormir. Conosco, fez uma parceria para auxiliar na alimenta\u00e7\u00e3o. Durante todos esses dias, pudemos contar com a solidariedade e generosidade das comunidades, que auxiliam nas arrecada\u00e7\u00f5es tornando poss\u00edvel essa a\u00e7\u00e3o&#8221;, explica Elisa Lima, que v\u00ea nesses irm\u00e3os o Cristo vivo e imigrante. &#8220;Em contato mais pr\u00f3ximo com eles, pudemos tamb\u00e9m perceber a fragilidade da vida humana; o que para n\u00f3s \u00e9 t\u00e3o simples, uma sopa, um arroz com feij\u00e3o, quirera (prato t\u00edpico da regi\u00e3o), para nossos irm\u00e3os \u00e9 um banquete&#8221;, atesta.<\/p>\n<p>&#8220;A pandemia est\u00e1 a\u00ed, \u00e9 fato, mas n\u00e3o podemos deixar de viver a miss\u00e3o. Seguimos com todos os cuidados necess\u00e1rios, pois at\u00e9 agora, pouco ou nada fizemos&#8221;, conclama Elisa.<\/p>\n<p>Para Cintia Melo, que come\u00e7ou h\u00e1 algumas semanas no voluntariado, sua percep\u00e7\u00e3o de mundo mudou. &#8220;Me sinto t\u00e3o rica e t\u00e3o pobre ao mesmo tempo, tenho tanto a compartilhar mas nenhum pouco da bagagem que eles carregam. O momento mais bonito que, por vezes, me enchiam os olhos de l\u00e1grimas era ver que mesmo em meio a tudo o que eles passavam, que t\u00e3o pouco eu sabia, n\u00e3o perdiam a f\u00e9. Agrade\u00e7o a todos que se comprometeram e puderam nos ajudar com as doa\u00e7\u00f5es. O mundo est\u00e1 rodeado de meras estrelas e se nos unirmos em prol do bem, viramos uma constela\u00e7\u00e3o&#8221;, ensina.<\/p>\n<div id=\"attachment_222985\" style=\"width: 1290px\" class=\"wp-caption alignnone\"><img aria-describedby=\"caption-attachment-222985\" loading=\"lazy\" class=\"wp-image-222985 size-full\" src=\"https:\/\/franciscanos.org.br\/noticias\/wp-content\/uploads\/2020\/04\/especial_lages_8.jpg\" alt=\"\" width=\"1280\" height=\"606\" srcset=\"https:\/\/franciscanos.org.br\/noticias\/wp-content\/uploads\/2020\/04\/especial_lages_8.jpg 1280w, https:\/\/franciscanos.org.br\/noticias\/wp-content\/uploads\/2020\/04\/especial_lages_8-450x213.jpg 450w, https:\/\/franciscanos.org.br\/noticias\/wp-content\/uploads\/2020\/04\/especial_lages_8-1024x485.jpg 1024w, https:\/\/franciscanos.org.br\/noticias\/wp-content\/uploads\/2020\/04\/especial_lages_8-768x364.jpg 768w, https:\/\/franciscanos.org.br\/noticias\/wp-content\/uploads\/2020\/04\/especial_lages_8-150x71.jpg 150w\" sizes=\"(max-width: 1280px) 100vw, 1280px\" \/><p id=\"caption-attachment-222985\" class=\"wp-caption-text\"><em>Igor em primeiro plano durante o trabalho no projeto de Lages<\/em><\/p><\/div>\n<p>Para Igor Marafigo, o trabalho o ajudou superar barreiras. &#8220;A primeira foi a do medo. Medo esse que adquiri pelo pr\u00e9-conceito que criei atrav\u00e9s da sociedade que s\u00f3 os menospreza e diz que deveriam ser mortos para que a pobreza acabasse. A barreira seguinte foi o entendimento. Entender que al\u00e9m do alimento e a pernoite, eles tamb\u00e9m lutam e buscam por dignidade e reconhecimento humano. Junto a eles, exerci o dom da empatia e acumulei muito aprendizado. Enfim, hoje sei da import\u00e2ncia desse trabalho que desenvolvemos, e sei tamb\u00e9m que muito mais do que um alimento, eles buscam algu\u00e9m que os valorize, escute e os reconhe\u00e7am como ser humano que s\u00e3o&#8221;, pede.<\/p>\n<p><strong>\u00a0<\/strong><strong>&#8220;M\u00c1SCARAS N\u00c3O ESCONDEM SORRISOS NOS OLHOS&#8221;<\/strong><\/p>\n<div id=\"attachment_222990\" style=\"width: 366px\" class=\"wp-caption alignleft\"><img aria-describedby=\"caption-attachment-222990\" loading=\"lazy\" class=\"wp-image-222990\" src=\"https:\/\/franciscanos.org.br\/noticias\/wp-content\/uploads\/2020\/04\/especial_marina_15.jpg\" alt=\"\" width=\"356\" height=\"475\" srcset=\"https:\/\/franciscanos.org.br\/noticias\/wp-content\/uploads\/2020\/04\/especial_marina_15.jpg 500w, https:\/\/franciscanos.org.br\/noticias\/wp-content\/uploads\/2020\/04\/especial_marina_15-337x450.jpg 337w, https:\/\/franciscanos.org.br\/noticias\/wp-content\/uploads\/2020\/04\/especial_marina_15-150x200.jpg 150w\" sizes=\"(max-width: 356px) 100vw, 356px\" \/><p id=\"caption-attachment-222990\" class=\"wp-caption-text\"><em>Mariana em a\u00e7\u00e3o na Tenda Franciscana<\/em><\/p><\/div>\n<p>Mariana Lopes Florencio, 29 anos, participa da Par\u00f3quia Santa Clara de Assis de Bauru (SP), ficou sabendo do voluntariado no Sefras de S\u00e3o Paulo e, com ajuda de uma &#8220;vaquinha&#8221;, conseguiu o dinheiro para viajar a S\u00e3o Paulo. &#8220;Eis, que no dia 30 de mar\u00e7o, embarquei no \u00f4nibus com destino a S\u00e3o Paulo. A cada dia \u00e9 uma experi\u00eancia nova. Cheguei aqui totalmente insegura, mas com muita vontade de ajudar, consciente de que estaria saindo do meu conforto, do meu porto seguro, da minha fam\u00edlia, do meu comodismo de certa pra forma, para poder me colocar em risco&#8221;, contou.<\/p>\n<p>Na Tenda Franciscana, distribui as &#8220;quentinhas&#8221;: &#8220;O meu cora\u00e7\u00e3o se alegra de estar ali e entregar uma marmita, uma \u00e1gua, um suco, um talher, enfim seja o que for. Essa alegria poderia ser transmitida por um sorriso, por\u00e9m, devido \u00e0s m\u00e1scaras, os sorrisos ficam ocultos, mas os nossos olhos sorriem e os moradores de rua percebem isso. A cada dia vemos a provid\u00eancia divina e, muitas vezes, o milagre da multiplica\u00e7\u00e3o e o bonito \u00e9 saber que n\u00e3o importa sua religi\u00e3o, credo, etnia, ra\u00e7a, cor&#8230; O mais importante \u00e9 fazer o bem! Esses dias t\u00eam sido gratificantes e s\u00e3o experi\u00eancias que vou levar pra minha vida toda. Esses poucos dias do meu voluntariado t\u00eam me ajudado a ser uma pessoa melhor, destruindo muitos conceitos e mostrando o verdadeiro sentido do Amar, Cuidar e Defender&#8221;, garante Mariana.<\/p>\n<p><strong>A\u00c7\u00c3O SOLID\u00c1RIA EM CURITIBA<\/strong><\/p>\n<div id=\"attachment_222988\" style=\"width: 1290px\" class=\"wp-caption alignnone\"><img aria-describedby=\"caption-attachment-222988\" loading=\"lazy\" class=\"wp-image-222988 size-full\" src=\"https:\/\/franciscanos.org.br\/noticias\/wp-content\/uploads\/2020\/04\/especial_curitiba_3.jpg\" alt=\"\" width=\"1280\" height=\"960\" srcset=\"https:\/\/franciscanos.org.br\/noticias\/wp-content\/uploads\/2020\/04\/especial_curitiba_3.jpg 1280w, https:\/\/franciscanos.org.br\/noticias\/wp-content\/uploads\/2020\/04\/especial_curitiba_3-450x338.jpg 450w, https:\/\/franciscanos.org.br\/noticias\/wp-content\/uploads\/2020\/04\/especial_curitiba_3-1024x768.jpg 1024w, https:\/\/franciscanos.org.br\/noticias\/wp-content\/uploads\/2020\/04\/especial_curitiba_3-768x576.jpg 768w, https:\/\/franciscanos.org.br\/noticias\/wp-content\/uploads\/2020\/04\/especial_curitiba_3-150x113.jpg 150w, https:\/\/franciscanos.org.br\/noticias\/wp-content\/uploads\/2020\/04\/especial_curitiba_3-600x450.jpg 600w\" sizes=\"(max-width: 1280px) 100vw, 1280px\" \/><p id=\"caption-attachment-222988\" class=\"wp-caption-text\"><em>Fila ao lado da Igreja Bom Jesus dos Perd\u00f5es em Curitiba <\/em><\/p><\/div>\n<p>Uma barraca em frente a Igreja Bom Jesus dos Perd\u00f5es, em Curitiba, mostra todo o trabalho da A\u00e7\u00e3o Solid\u00e1ria para levar comida a quase 5 mil moradores de rua. &#8220;A raz\u00e3o de ser toda a religi\u00e3o \u00e9 cuidar: receber o cuidado de Deus e retribuir esse cuidado aos que mais necessitam&#8221;, explica o p\u00e1roco Frei Alexandre Magno. Segundo o frade, o projeto j\u00e1 existia, mas a pandemia aumentou a sua import\u00e2ncia.<\/p>\n<p><strong>PRONTO ATENDIMENTO<\/strong><\/p>\n<p><img loading=\"lazy\" class=\"alignright wp-image-222989\" src=\"https:\/\/franciscanos.org.br\/noticias\/wp-content\/uploads\/2020\/04\/especial_taborda_14.jpg\" alt=\"\" width=\"327\" height=\"327\" srcset=\"https:\/\/franciscanos.org.br\/noticias\/wp-content\/uploads\/2020\/04\/especial_taborda_14.jpg 500w, https:\/\/franciscanos.org.br\/noticias\/wp-content\/uploads\/2020\/04\/especial_taborda_14-450x450.jpg 450w, https:\/\/franciscanos.org.br\/noticias\/wp-content\/uploads\/2020\/04\/especial_taborda_14-300x300.jpg 300w, https:\/\/franciscanos.org.br\/noticias\/wp-content\/uploads\/2020\/04\/especial_taborda_14-150x150.jpg 150w, https:\/\/franciscanos.org.br\/noticias\/wp-content\/uploads\/2020\/04\/especial_taborda_14-100x100.jpg 100w\" sizes=\"(max-width: 327px) 100vw, 327px\" \/>O jovem mission\u00e1rio franciscano, Reginaldo Taborda Ribas, 34 anos <em>(foto ao lado<\/em>), n\u00e3o perde os eventos da Prov\u00edncia e assim que viu o apelo de Frei Diego para ser volunt\u00e1rio no Sefras, deixou sua cidade, Campo Largo (PR), na regi\u00e3o metropolitana de Curitiba para se juntar a esse ex\u00e9rcito de solidariedade. &#8220;Atualmente estou desempregado e me disponibilizei a fazer esse trabalho porque gosto de a\u00e7\u00f5es de solidariedade, principalmente com moradores de rua&#8221;.<\/p>\n<p>Mesmo sendo local de grande concentra\u00e7\u00e3o, o que pode ajudar na propaga\u00e7\u00e3o do v\u00edrus, Reginaldo diz que \u00e9 muito gratificante poder contribuir e ser \u00fatil para fazer o bem ao pr\u00f3ximo.<\/p>\n<p><strong>CORRENTE DO BEM<\/strong><\/p>\n<p>Segundo o Servi\u00e7o Franciscano de Solidariedade da Par\u00f3quia Porci\u00fancula de Santana de Niter\u00f3i (RJ), mais de 150 fam\u00edlias assistidas pelo servi\u00e7o, mas nesse momento de dificuldades, a demanda aumentou. Para isso, o servi\u00e7o est\u00e1 recebendo as doa\u00e7\u00f5es de alimentos nesta semana de segunda a quarta-feira, das 8h \u00e0s 12h e 13h \u00e0s 17h. As doa\u00e7\u00f5es tamb\u00e9m podem ser feitas por dep\u00f3sito banc\u00e1rio.<\/p>\n<p>A corrente do bem continua em Nil\u00f3polis com um apelo aos jovens franciscanos. &#8220;Agora \u00e9 nossa hora de ajudar com for\u00e7a total, jovens! A partir de 16h30 na Par\u00f3quia Nossa Senhora Aparecida, na quarta-feira. Esperamos voc\u00eas. Precisamos de jovens para fazer o alimento e tamb\u00e9m para distribuir&#8221;. O apelo incluiu al\u00e9m do alimento, kits de higiene.<\/p>\n<p>O servi\u00e7o de Justi\u00e7a, Paz e Integridade da Cria\u00e7\u00e3o da Fraternidade Santo Ant\u00f4nio e a Pastoral do Povo da Rua da Regi\u00e3o Pastoral S\u00e3o Jo\u00e3o de Meriti, da Diocese de Duque de Caxias, est\u00e3o distribuindo panfletos e cartazes com orienta\u00e7\u00f5es para a popula\u00e7\u00e3o em situa\u00e7\u00e3o de rua para ajudar a prevenir a Covid-2019, causada pelo novo coronav\u00edrus. A iniciativa visa ajudar na preven\u00e7\u00e3o e tirar da invisibilidade grupos que vivem em extrema situa\u00e7\u00e3o de vulnerabilidade social.<\/p>\n<div id=\"attachment_222991\" style=\"width: 1290px\" class=\"wp-caption alignleft\"><img aria-describedby=\"caption-attachment-222991\" loading=\"lazy\" class=\"wp-image-222991 size-full\" src=\"https:\/\/franciscanos.org.br\/noticias\/wp-content\/uploads\/2020\/04\/especial_campo_7.jpg\" alt=\"\" width=\"1280\" height=\"960\" srcset=\"https:\/\/franciscanos.org.br\/noticias\/wp-content\/uploads\/2020\/04\/especial_campo_7.jpg 1280w, https:\/\/franciscanos.org.br\/noticias\/wp-content\/uploads\/2020\/04\/especial_campo_7-450x338.jpg 450w, https:\/\/franciscanos.org.br\/noticias\/wp-content\/uploads\/2020\/04\/especial_campo_7-1024x768.jpg 1024w, https:\/\/franciscanos.org.br\/noticias\/wp-content\/uploads\/2020\/04\/especial_campo_7-768x576.jpg 768w, https:\/\/franciscanos.org.br\/noticias\/wp-content\/uploads\/2020\/04\/especial_campo_7-150x113.jpg 150w, https:\/\/franciscanos.org.br\/noticias\/wp-content\/uploads\/2020\/04\/especial_campo_7-600x450.jpg 600w\" sizes=\"(max-width: 1280px) 100vw, 1280px\" \/><p id=\"caption-attachment-222991\" class=\"wp-caption-text\"><em>Pamela Chiapetti. em primeiro plano, fala do projeto &#8220;De todo o cora\u00e7\u00e3o&#8221;, que nasce em Campo Largo (PR)<\/em><\/p><\/div>\n<p><strong>DE TODO O CORA\u00c7\u00c3O<\/strong><\/p>\n<p>Na cidade de Campo Largo, na regi\u00e3o metropolitana de Curitiba, est\u00e1 nascendo o projeto &#8220;De todo Cora\u00e7\u00e3o&#8221;, que fez a sua primeira a\u00e7\u00e3o na \u00faltima quinta-feira. &#8220;Aqui em Campo Largo h\u00e1 uma fam\u00edlia que j\u00e1 faz h\u00e1 alguns anos esse trabalho com as pessoas em situa\u00e7\u00e3o de rua, e foi grande nossa comunh\u00e3o com o Sefras no sentido de sairmos da nossa zona de conforto para podermos fazer algo tamb\u00e9m. Chamamos o projeto &#8220;De todo cora\u00e7\u00e3o&#8221;, em sintonia com S\u00e3o Francisco: &#8220;\u00c9 isso que queremos, \u00e9 isso que procuramos, \u00e9 isso que desejamos irm\u00e3os fazer de todo cora\u00e7\u00e3o&#8230;&#8221;, explica Pamela Chiapetti. Segundo ela, por ser cidade pequena, as pessoas vulner\u00e1veis n\u00e3o est\u00e3o t\u00e3o expostas como em cidades grandes e imaginava que seriam uns 3 ou 4. &#8220;Mas quando fiz essa a\u00e7\u00e3o, vi quantos s\u00e3o e quantas vidas h\u00e1 por tr\u00e1s desses n\u00fameros com hist\u00f3rias inimagin\u00e1veis&#8221;, explicou.<\/p>\n<p>Para Pamela, ao conhecer a hist\u00f3ria de S\u00e3o Francisco, sempre soube que sua maior barreira seria entender as vulnerabilidades existenciais. &#8220;Mas sempre tive grande em meu cora\u00e7\u00e3o transpor essas barreiras. Me abri, conheci e mudei muitas ideias com conhecimento e autoconhecimento. Meus valores como ser humano est\u00e3o cada vez mais firmados e em sintonia com os valores que Jesus Cristo nos ensinou&#8221;, indicou.<\/p>\n<div id=\"attachment_222992\" style=\"width: 1290px\" class=\"wp-caption alignleft\"><img aria-describedby=\"caption-attachment-222992\" loading=\"lazy\" class=\"wp-image-222992 size-full\" src=\"https:\/\/franciscanos.org.br\/noticias\/wp-content\/uploads\/2020\/04\/especial_01.jpg\" alt=\"\" width=\"1280\" height=\"960\" srcset=\"https:\/\/franciscanos.org.br\/noticias\/wp-content\/uploads\/2020\/04\/especial_01.jpg 1280w, https:\/\/franciscanos.org.br\/noticias\/wp-content\/uploads\/2020\/04\/especial_01-450x338.jpg 450w, https:\/\/franciscanos.org.br\/noticias\/wp-content\/uploads\/2020\/04\/especial_01-1024x768.jpg 1024w, https:\/\/franciscanos.org.br\/noticias\/wp-content\/uploads\/2020\/04\/especial_01-768x576.jpg 768w, https:\/\/franciscanos.org.br\/noticias\/wp-content\/uploads\/2020\/04\/especial_01-150x113.jpg 150w, https:\/\/franciscanos.org.br\/noticias\/wp-content\/uploads\/2020\/04\/especial_01-600x450.jpg 600w\" sizes=\"(max-width: 1280px) 100vw, 1280px\" \/><p id=\"caption-attachment-222992\" class=\"wp-caption-text\"><em>Para Bruna, a segunda da esq. para dir., a solidariedade vem de ber\u00e7o e n\u00e3o \u00e9 diferente nesses tempos de pandemia.<\/em><strong style=\"font-size: 16px;\"><br \/>LUTA E RESILI\u00caNCIA<\/strong><\/p><\/div>\n<p>&#8220;Minha fam\u00edlia e minha par\u00f3quia (Santa Clara de Assis &#8211; Imbari\u00ea &#8211; RJ) sempre me ensinaram a import\u00e2ncia da solidariedade. Vivemos em um bairro pobre, com pouco acesso a saneamento b\u00e1sico, educa\u00e7\u00e3o de qualidade e seguran\u00e7a, contudo muito rico em luta e resili\u00eancia. As periferias tendem a sofrer mais nos per\u00edodos de crise e, neste per\u00edodo de pandemia devido ao coronav\u00edrus (COVID-19), n\u00e3o est\u00e1 sendo diferente. J\u00e1 que n\u00e3o podemos contar muito com a ajuda do Estado e nos resta unir as pessoas de bom cora\u00e7\u00e3o e ajudar os que mais precisam&#8221;. O depoimento \u00e9 de Bruna Maria da Par\u00f3quia Santa Clara, que montou e continua montando cestas para ajudar as fam\u00edlias que j\u00e1 acompanhavam antes e agora conseguiram ajudar at\u00e9 mais fam\u00edlias.<\/p>\n<p><img loading=\"lazy\" class=\"alignleft size-full wp-image-222993\" src=\"https:\/\/franciscanos.org.br\/noticias\/wp-content\/uploads\/2020\/04\/especial_imbarie_5.jpg\" alt=\"\" width=\"1280\" height=\"773\" srcset=\"https:\/\/franciscanos.org.br\/noticias\/wp-content\/uploads\/2020\/04\/especial_imbarie_5.jpg 1280w, https:\/\/franciscanos.org.br\/noticias\/wp-content\/uploads\/2020\/04\/especial_imbarie_5-450x272.jpg 450w, https:\/\/franciscanos.org.br\/noticias\/wp-content\/uploads\/2020\/04\/especial_imbarie_5-1024x618.jpg 1024w, https:\/\/franciscanos.org.br\/noticias\/wp-content\/uploads\/2020\/04\/especial_imbarie_5-768x464.jpg 768w, https:\/\/franciscanos.org.br\/noticias\/wp-content\/uploads\/2020\/04\/especial_imbarie_5-150x91.jpg 150w\" sizes=\"(max-width: 1280px) 100vw, 1280px\" \/><\/p>\n<p>O FAIM (Festival de Artes em Imbari\u00ea) e parceiros tamb\u00e9m est\u00e1 fazendo a distribui\u00e7\u00e3o de cestas nos bairros do Terceiro Distrito de Duque de Caxias. &#8220;Tem sido um per\u00edodo de muita reflex\u00e3o. Estamos vendo pessoas abdicando de sua seguran\u00e7a para ajudar o pr\u00f3ximo e se isso n\u00e3o \u00e9 constru\u00e7\u00e3o do Reino de Deus, eu n\u00e3o sei o que \u00e9&#8221;, questiona essa jovem franciscana.<\/p>\n<p>&#8220;Temos visto a face de Cristo em todos que ajudam e principalmente nos que precisam nesta onda de amor. Minha prece \u00e9 que n\u00e3o esperemos um momento de crise para aflorar nossa sensibilidade&#8221;, ensinou.<\/p>\n<p>Siga o instagram da par\u00f3quia: @staclaraimbarie; o instagram do FAIM: @faimfestival.<\/p>\n<p><strong>GOTAS DE MISERIC\u00d3RDIA<\/strong><\/p>\n<p>O projeto Gotas de Miseric\u00f3rdia de Nil\u00f3polis (RJ) vai completar 4 anos de funda\u00e7\u00e3o no pr\u00f3ximo dia 10 de julho.<br \/>\n&#8220;Desde o primeiro momento at\u00e9 o dia de hoje uma coisa n\u00e3o faltou: muito amor&#8221;, escreviam no Facebook do grupo no anivers\u00e1rio de 3 anos.<\/p>\n<p>&#8220;Entregar quentinhas \u00e9 algo f\u00e1cil, mas quando pensamos nos problemas de cada um, vivendo-os intensamente tudo fica mais prazeroso e logo mais dif\u00edcil&#8221;, escrevem os integrantes do projeto, que agora veem as demandas serem maiores diante da pandemia. Veja as necessidades do projeto para poderem dar atendimento \u00e0 popula\u00e7\u00e3o em situa\u00e7\u00e3o de rua de Nil\u00f3polis.<\/p>\n<p><em>Entre em contato: https:\/\/www.facebook.com\/gotasdemisericordiaoficial\/<\/em><\/p>\n<p><img loading=\"lazy\" class=\"alignleft wp-image-222996\" src=\"https:\/\/franciscanos.org.br\/noticias\/wp-content\/uploads\/2020\/04\/03.jpg\" alt=\"\" width=\"237\" height=\"313\" srcset=\"https:\/\/franciscanos.org.br\/noticias\/wp-content\/uploads\/2020\/04\/03.jpg 725w, https:\/\/franciscanos.org.br\/noticias\/wp-content\/uploads\/2020\/04\/03-340x450.jpg 340w, https:\/\/franciscanos.org.br\/noticias\/wp-content\/uploads\/2020\/04\/03-150x199.jpg 150w\" sizes=\"(max-width: 237px) 100vw, 237px\" \/><img loading=\"lazy\" class=\"alignleft wp-image-222997\" src=\"https:\/\/franciscanos.org.br\/noticias\/wp-content\/uploads\/2020\/04\/04.jpg\" alt=\"\" width=\"232\" height=\"308\" srcset=\"https:\/\/franciscanos.org.br\/noticias\/wp-content\/uploads\/2020\/04\/04.jpg 723w, https:\/\/franciscanos.org.br\/noticias\/wp-content\/uploads\/2020\/04\/04-339x450.jpg 339w, https:\/\/franciscanos.org.br\/noticias\/wp-content\/uploads\/2020\/04\/04-150x199.jpg 150w\" sizes=\"(max-width: 232px) 100vw, 232px\" \/><\/p>\n<p><img loading=\"lazy\" class=\"alignleft wp-image-222995\" src=\"https:\/\/franciscanos.org.br\/noticias\/wp-content\/uploads\/2020\/04\/02.jpg\" alt=\"\" width=\"232\" height=\"306\" srcset=\"https:\/\/franciscanos.org.br\/noticias\/wp-content\/uploads\/2020\/04\/02.jpg 729w, https:\/\/franciscanos.org.br\/noticias\/wp-content\/uploads\/2020\/04\/02-342x450.jpg 342w, https:\/\/franciscanos.org.br\/noticias\/wp-content\/uploads\/2020\/04\/02-150x198.jpg 150w\" sizes=\"(max-width: 232px) 100vw, 232px\" \/><\/p>\n<p>&nbsp;<\/p>\n<p>&nbsp;<\/p>\n<p>&nbsp;<\/p>\n<p>&nbsp;<\/p>\n<p>&nbsp;<\/p>\n<p>&nbsp;<\/p>\n<p>&nbsp;<\/p>\n<p>&nbsp;<\/p>\n<p>&nbsp;<\/p>\n<p>Frei Diego acredita que todas essas iniciativas pastorais e de solidariedade ir\u00e3o nos ajudar a vencer outras doen\u00e7as. \u201cUma \u00e9 a da C\u00faria Romana, denunciada pelo Papa Francisco em 2015 e que, certamente, est\u00e1 presente em nosso meio, que \u00e9 a doen\u00e7a da planifica\u00e7\u00e3o excessiva e do funcionalismo, quando o ap\u00f3stolo planifica tudo minuciosamente e julga que, se fizer uma planifica\u00e7\u00e3o perfeita, as coisas avan\u00e7am efetivamente, tornando-se, assim, um contabilista ou comercialista. \u00c9 necess\u00e1rio preparar tudo bem, mas sem nunca cair na tenta\u00e7\u00e3o de querer conter e pilotar a liberdade do Esp\u00edrito Santo, que sempre permanece maior e mais generosa do que toda a planifica\u00e7\u00e3o humana (cf. Jo 3, 8). Cai-se nesta doen\u00e7a, porque \u00ab\u00e9 sempre mais f\u00e1cil e confort\u00e1vel acomodar-se nas pr\u00f3prias posi\u00e7\u00f5es est\u00e1ticas e inalteradas. Na realidade, a Igreja mostra-se fiel ao Esp\u00edrito Santo na medida em que p\u00f5e de lado a pretens\u00e3o de O regular e domesticar \u2013 domesticar o Esp\u00edrito Santo! \u2013 (\u2026) Ele \u00e9 frescor, criatividade, novidade\u00bb. Que possamos sair dessa pandemia mais solid\u00e1rios, fraternos e realmente entusiastas daquela radicalidade evang\u00e9lica que encantou Francisco de Assis\u201d, deseja Frei Diego.<\/p>\n<p><a href=\"https:\/\/franciscanos.org.br\/noticias\/sefras-mostra-os-numeros-da-solidariedade-campanha-continua.html\"><strong>VEJA COMO AJUDAR O SEFRAS<\/strong><\/a><\/p>\n<p><strong>CENTRAL DE DOA\u00c7\u00d5ES: (11) 3795-5220<\/strong><\/p>\n<p><strong>Mais informa\u00e7\u00f5es:<\/strong>\u00a0(11) 96607-3441 (Lucas) e ((11) 3291-4433<br \/>\nEmail: articulacao@sefras.org.br (Ros\u00e2ngela)<\/p>\n<hr \/>\n<p><em>(*) Imagens cedidas pelos projetos e colaboradores.<\/em><\/p>\n","protected":false},"excerpt":{"rendered":"<p>Solidariedade com os Empobrecidos em tempos de pandemia<\/p>\n","protected":false},"author":3,"featured_media":223003,"comment_status":"open","ping_status":"open","sticky":false,"template":"","format":"standard","meta":[],"categories":[1],"tags":[228],"acf":[],"yoast_head":"<!-- This site is optimized with the Yoast SEO plugin v19.2 - https:\/\/yoast.com\/wordpress\/plugins\/seo\/ -->\n<title>Jovens lideram a\u00e7\u00f5es solid\u00e1rias na Prov\u00edncia - Not\u00edcias - Franciscanos<\/title>\n<meta name=\"robots\" content=\"index, follow, max-snippet:-1, max-image-preview:large, max-video-preview:-1\" \/>\n<link rel=\"canonical\" href=\"https:\/\/franciscanos.org.br\/noticias\/jovens-lideram-acoes-solidarias-na-provincia.html\" \/>\n<meta property=\"og:locale\" content=\"pt_BR\" \/>\n<meta property=\"og:type\" content=\"article\" \/>\n<meta property=\"og:title\" content=\"Jovens lideram a\u00e7\u00f5es solid\u00e1rias na Prov\u00edncia - Not\u00edcias - Franciscanos\" \/>\n<meta property=\"og:description\" content=\"Solidariedade com os Empobrecidos em tempos de pandemia\" \/>\n<meta property=\"og:url\" content=\"https:\/\/franciscanos.org.br\/noticias\/jovens-lideram-acoes-solidarias-na-provincia.html\" \/>\n<meta property=\"og:site_name\" content=\"Not\u00edcias - Franciscanos\" \/>\n<meta property=\"article:published_time\" content=\"2020-04-08T13:03:23+00:00\" \/>\n<meta property=\"article:modified_time\" content=\"2020-04-29T14:38:22+00:00\" \/>\n<meta property=\"og:image\" content=\"https:\/\/franciscanos.org.br\/noticias\/wp-content\/uploads\/2020\/04\/especial_d_08.jpg\" \/>\n\t<meta property=\"og:image:width\" content=\"800\" \/>\n\t<meta property=\"og:image:height\" content=\"600\" \/>\n\t<meta property=\"og:image:type\" content=\"image\/jpeg\" \/>\n<meta name=\"author\" content=\"moacir\" \/>\n<meta name=\"twitter:card\" content=\"summary_large_image\" \/>\n<meta name=\"twitter:label1\" content=\"Escrito por\" \/>\n\t<meta name=\"twitter:data1\" content=\"moacir\" \/>\n\t<meta name=\"twitter:label2\" content=\"Est. tempo de leitura\" \/>\n\t<meta name=\"twitter:data2\" content=\"14 minutos\" \/>\n<script type=\"application\/ld+json\" class=\"yoast-schema-graph\">{\"@context\":\"https:\/\/schema.org\",\"@graph\":[{\"@type\":\"WebSite\",\"@id\":\"https:\/\/franciscanos.org.br\/noticias\/#website\",\"url\":\"https:\/\/franciscanos.org.br\/noticias\/\",\"name\":\"Not\u00edcias - Franciscanos\",\"description\":\"Prov\u00edncia Franciscana da Imaculada Concei\u00e7\u00e3o do Brasil - Ordem dos Frades Menores - OFM\",\"potentialAction\":[{\"@type\":\"SearchAction\",\"target\":{\"@type\":\"EntryPoint\",\"urlTemplate\":\"https:\/\/franciscanos.org.br\/noticias\/?s={search_term_string}\"},\"query-input\":\"required name=search_term_string\"}],\"inLanguage\":\"pt-BR\"},{\"@type\":\"ImageObject\",\"inLanguage\":\"pt-BR\",\"@id\":\"https:\/\/franciscanos.org.br\/noticias\/jovens-lideram-acoes-solidarias-na-provincia.html#primaryimage\",\"url\":\"https:\/\/franciscanos.org.br\/noticias\/wp-content\/uploads\/2020\/04\/especial_d_08.jpg\",\"contentUrl\":\"https:\/\/franciscanos.org.br\/noticias\/wp-content\/uploads\/2020\/04\/especial_d_08.jpg\",\"width\":800,\"height\":600},{\"@type\":\"WebPage\",\"@id\":\"https:\/\/franciscanos.org.br\/noticias\/jovens-lideram-acoes-solidarias-na-provincia.html#webpage\",\"url\":\"https:\/\/franciscanos.org.br\/noticias\/jovens-lideram-acoes-solidarias-na-provincia.html\",\"name\":\"Jovens lideram a\u00e7\u00f5es solid\u00e1rias na Prov\u00edncia - Not\u00edcias - Franciscanos\",\"isPartOf\":{\"@id\":\"https:\/\/franciscanos.org.br\/noticias\/#website\"},\"primaryImageOfPage\":{\"@id\":\"https:\/\/franciscanos.org.br\/noticias\/jovens-lideram-acoes-solidarias-na-provincia.html#primaryimage\"},\"datePublished\":\"2020-04-08T13:03:23+00:00\",\"dateModified\":\"2020-04-29T14:38:22+00:00\",\"author\":{\"@id\":\"https:\/\/franciscanos.org.br\/noticias\/#\/schema\/person\/b5c8cba458c330ccff548b056e95a5d4\"},\"breadcrumb\":{\"@id\":\"https:\/\/franciscanos.org.br\/noticias\/jovens-lideram-acoes-solidarias-na-provincia.html#breadcrumb\"},\"inLanguage\":\"pt-BR\",\"potentialAction\":[{\"@type\":\"ReadAction\",\"target\":[\"https:\/\/franciscanos.org.br\/noticias\/jovens-lideram-acoes-solidarias-na-provincia.html\"]}]},{\"@type\":\"BreadcrumbList\",\"@id\":\"https:\/\/franciscanos.org.br\/noticias\/jovens-lideram-acoes-solidarias-na-provincia.html#breadcrumb\",\"itemListElement\":[{\"@type\":\"ListItem\",\"position\":1,\"name\":\"Home\",\"item\":\"https:\/\/franciscanos.org.br\/noticias\"},{\"@type\":\"ListItem\",\"position\":2,\"name\":\"Jovens lideram a\u00e7\u00f5es solid\u00e1rias na Prov\u00edncia\"}]},{\"@type\":\"Person\",\"@id\":\"https:\/\/franciscanos.org.br\/noticias\/#\/schema\/person\/b5c8cba458c330ccff548b056e95a5d4\",\"name\":\"moacir\",\"image\":{\"@type\":\"ImageObject\",\"inLanguage\":\"pt-BR\",\"@id\":\"https:\/\/franciscanos.org.br\/noticias\/#\/schema\/person\/image\/\",\"url\":\"https:\/\/secure.gravatar.com\/avatar\/d08aa2ce4c8dd416d4479aa8536fcf64?s=96&d=mm&r=g\",\"contentUrl\":\"https:\/\/secure.gravatar.com\/avatar\/d08aa2ce4c8dd416d4479aa8536fcf64?s=96&d=mm&r=g\",\"caption\":\"moacir\"},\"url\":\"https:\/\/franciscanos.org.br\/noticias\/author\/moacir\"}]}<\/script>\n<!-- \/ Yoast SEO plugin. -->","yoast_head_json":{"title":"Jovens lideram a\u00e7\u00f5es solid\u00e1rias na Prov\u00edncia - Not\u00edcias - Franciscanos","robots":{"index":"index","follow":"follow","max-snippet":"max-snippet:-1","max-image-preview":"max-image-preview:large","max-video-preview":"max-video-preview:-1"},"canonical":"https:\/\/franciscanos.org.br\/noticias\/jovens-lideram-acoes-solidarias-na-provincia.html","og_locale":"pt_BR","og_type":"article","og_title":"Jovens lideram a\u00e7\u00f5es solid\u00e1rias na Prov\u00edncia - Not\u00edcias - Franciscanos","og_description":"Solidariedade com os Empobrecidos em tempos de pandemia","og_url":"https:\/\/franciscanos.org.br\/noticias\/jovens-lideram-acoes-solidarias-na-provincia.html","og_site_name":"Not\u00edcias - Franciscanos","article_published_time":"2020-04-08T13:03:23+00:00","article_modified_time":"2020-04-29T14:38:22+00:00","og_image":[{"width":800,"height":600,"url":"https:\/\/franciscanos.org.br\/noticias\/wp-content\/uploads\/2020\/04\/especial_d_08.jpg","type":"image\/jpeg"}],"author":"moacir","twitter_card":"summary_large_image","twitter_misc":{"Escrito por":"moacir","Est. tempo de leitura":"14 minutos"},"schema":{"@context":"https:\/\/schema.org","@graph":[{"@type":"WebSite","@id":"https:\/\/franciscanos.org.br\/noticias\/#website","url":"https:\/\/franciscanos.org.br\/noticias\/","name":"Not\u00edcias - Franciscanos","description":"Prov\u00edncia Franciscana da Imaculada Concei\u00e7\u00e3o do Brasil - Ordem dos Frades Menores - OFM","potentialAction":[{"@type":"SearchAction","target":{"@type":"EntryPoint","urlTemplate":"https:\/\/franciscanos.org.br\/noticias\/?s={search_term_string}"},"query-input":"required name=search_term_string"}],"inLanguage":"pt-BR"},{"@type":"ImageObject","inLanguage":"pt-BR","@id":"https:\/\/franciscanos.org.br\/noticias\/jovens-lideram-acoes-solidarias-na-provincia.html#primaryimage","url":"https:\/\/franciscanos.org.br\/noticias\/wp-content\/uploads\/2020\/04\/especial_d_08.jpg","contentUrl":"https:\/\/franciscanos.org.br\/noticias\/wp-content\/uploads\/2020\/04\/especial_d_08.jpg","width":800,"height":600},{"@type":"WebPage","@id":"https:\/\/franciscanos.org.br\/noticias\/jovens-lideram-acoes-solidarias-na-provincia.html#webpage","url":"https:\/\/franciscanos.org.br\/noticias\/jovens-lideram-acoes-solidarias-na-provincia.html","name":"Jovens lideram a\u00e7\u00f5es solid\u00e1rias na Prov\u00edncia - Not\u00edcias - Franciscanos","isPartOf":{"@id":"https:\/\/franciscanos.org.br\/noticias\/#website"},"primaryImageOfPage":{"@id":"https:\/\/franciscanos.org.br\/noticias\/jovens-lideram-acoes-solidarias-na-provincia.html#primaryimage"},"datePublished":"2020-04-08T13:03:23+00:00","dateModified":"2020-04-29T14:38:22+00:00","author":{"@id":"https:\/\/franciscanos.org.br\/noticias\/#\/schema\/person\/b5c8cba458c330ccff548b056e95a5d4"},"breadcrumb":{"@id":"https:\/\/franciscanos.org.br\/noticias\/jovens-lideram-acoes-solidarias-na-provincia.html#breadcrumb"},"inLanguage":"pt-BR","potentialAction":[{"@type":"ReadAction","target":["https:\/\/franciscanos.org.br\/noticias\/jovens-lideram-acoes-solidarias-na-provincia.html"]}]},{"@type":"BreadcrumbList","@id":"https:\/\/franciscanos.org.br\/noticias\/jovens-lideram-acoes-solidarias-na-provincia.html#breadcrumb","itemListElement":[{"@type":"ListItem","position":1,"name":"Home","item":"https:\/\/franciscanos.org.br\/noticias"},{"@type":"ListItem","position":2,"name":"Jovens lideram a\u00e7\u00f5es solid\u00e1rias na Prov\u00edncia"}]},{"@type":"Person","@id":"https:\/\/franciscanos.org.br\/noticias\/#\/schema\/person\/b5c8cba458c330ccff548b056e95a5d4","name":"moacir","image":{"@type":"ImageObject","inLanguage":"pt-BR","@id":"https:\/\/franciscanos.org.br\/noticias\/#\/schema\/person\/image\/","url":"https:\/\/secure.gravatar.com\/avatar\/d08aa2ce4c8dd416d4479aa8536fcf64?s=96&d=mm&r=g","contentUrl":"https:\/\/secure.gravatar.com\/avatar\/d08aa2ce4c8dd416d4479aa8536fcf64?s=96&d=mm&r=g","caption":"moacir"},"url":"https:\/\/franciscanos.org.br\/noticias\/author\/moacir"}]}},"_links":{"self":[{"href":"https:\/\/franciscanos.org.br\/noticias\/wp-json\/wp\/v2\/posts\/222981"}],"collection":[{"href":"https:\/\/franciscanos.org.br\/noticias\/wp-json\/wp\/v2\/posts"}],"about":[{"href":"https:\/\/franciscanos.org.br\/noticias\/wp-json\/wp\/v2\/types\/post"}],"author":[{"embeddable":true,"href":"https:\/\/franciscanos.org.br\/noticias\/wp-json\/wp\/v2\/users\/3"}],"replies":[{"embeddable":true,"href":"https:\/\/franciscanos.org.br\/noticias\/wp-json\/wp\/v2\/comments?post=222981"}],"version-history":[{"count":8,"href":"https:\/\/franciscanos.org.br\/noticias\/wp-json\/wp\/v2\/posts\/222981\/revisions"}],"predecessor-version":[{"id":223391,"href":"https:\/\/franciscanos.org.br\/noticias\/wp-json\/wp\/v2\/posts\/222981\/revisions\/223391"}],"wp:featuredmedia":[{"embeddable":true,"href":"https:\/\/franciscanos.org.br\/noticias\/wp-json\/wp\/v2\/media\/223003"}],"wp:attachment":[{"href":"https:\/\/franciscanos.org.br\/noticias\/wp-json\/wp\/v2\/media?parent=222981"}],"wp:term":[{"taxonomy":"category","embeddable":true,"href":"https:\/\/franciscanos.org.br\/noticias\/wp-json\/wp\/v2\/categories?post=222981"},{"taxonomy":"post_tag","embeddable":true,"href":"https:\/\/franciscanos.org.br\/noticias\/wp-json\/wp\/v2\/tags?post=222981"}],"curies":[{"name":"wp","href":"https:\/\/api.w.org\/{rel}","templated":true}]}}