{"id":222974,"date":"2020-04-08T08:28:04","date_gmt":"2020-04-08T11:28:04","guid":{"rendered":"https:\/\/franciscanos.org.br\/noticias\/?p=222974"},"modified":"2020-04-08T14:38:17","modified_gmt":"2020-04-08T17:38:17","slug":"sefras-mostra-os-numeros-da-solidariedade-campanha-continua","status":"publish","type":"post","link":"https:\/\/franciscanos.org.br\/noticias\/sefras-mostra-os-numeros-da-solidariedade-campanha-continua.html","title":{"rendered":"Sefras mostra os n\u00fameros da solidariedade. Campanha continua!"},"content":{"rendered":"<p><img loading=\"lazy\" class=\"alignnone size-full wp-image-222975\" src=\"https:\/\/franciscanos.org.br\/noticias\/wp-content\/uploads\/2020\/04\/campanha_01.jpg\" alt=\"\" width=\"1160\" height=\"682\" srcset=\"https:\/\/franciscanos.org.br\/noticias\/wp-content\/uploads\/2020\/04\/campanha_01.jpg 1160w, https:\/\/franciscanos.org.br\/noticias\/wp-content\/uploads\/2020\/04\/campanha_01-450x265.jpg 450w, https:\/\/franciscanos.org.br\/noticias\/wp-content\/uploads\/2020\/04\/campanha_01-1024x602.jpg 1024w, https:\/\/franciscanos.org.br\/noticias\/wp-content\/uploads\/2020\/04\/campanha_01-768x452.jpg 768w, https:\/\/franciscanos.org.br\/noticias\/wp-content\/uploads\/2020\/04\/campanha_01-150x88.jpg 150w\" sizes=\"(max-width: 1160px) 100vw, 1160px\" \/><\/p>\n<p>Desde o dia 27 de mar\u00e7o, quando o Servi\u00e7o Franciscano de Solidariedade (Sefras) deu in\u00edcio \u00e0 campanha pedindo doa\u00e7\u00f5es e armou a Tenda Franciscana no Largo S\u00e3o Francisco para atender a popula\u00e7\u00e3o em situa\u00e7\u00e3o de rua na regi\u00e3o central de S\u00e3o Paulo, at\u00e9 esta ter\u00e7a-feira, 7 de abril, um grande mutir\u00e3o de solidariedade foi feito, como j\u00e1 mostram os primeiros n\u00fameros.<\/p>\n<p>Envolvendo 183 trabalhadores, 73 volunt\u00e1rios, 28 parceiros e milhares de doadores, o Servi\u00e7o Franciscano de Solidariedade arrecadou 49,2 toneladas de alimentos e uma distribui\u00e7\u00e3o de 37.100 refei\u00e7\u00f5es para popula\u00e7\u00e3o em situa\u00e7\u00e3o de rua. Al\u00e9m disso, o Sefras entregou 2.850 cestas b\u00e1sicas, atingindo 5.208 pessoas, fam\u00edlias de comunidades, ocupa\u00e7\u00f5es e imigrantes.<\/p>\n<p><img loading=\"lazy\" class=\"alignnone wp-image-222977 size-full\" src=\"https:\/\/franciscanos.org.br\/noticias\/wp-content\/uploads\/2020\/04\/PHOTO-2020-04-07-18-17-47.jpg\" alt=\"\" width=\"1280\" height=\"1280\" srcset=\"https:\/\/franciscanos.org.br\/noticias\/wp-content\/uploads\/2020\/04\/PHOTO-2020-04-07-18-17-47.jpg 1280w, https:\/\/franciscanos.org.br\/noticias\/wp-content\/uploads\/2020\/04\/PHOTO-2020-04-07-18-17-47-450x450.jpg 450w, https:\/\/franciscanos.org.br\/noticias\/wp-content\/uploads\/2020\/04\/PHOTO-2020-04-07-18-17-47-1024x1024.jpg 1024w, https:\/\/franciscanos.org.br\/noticias\/wp-content\/uploads\/2020\/04\/PHOTO-2020-04-07-18-17-47-300x300.jpg 300w, https:\/\/franciscanos.org.br\/noticias\/wp-content\/uploads\/2020\/04\/PHOTO-2020-04-07-18-17-47-768x768.jpg 768w, https:\/\/franciscanos.org.br\/noticias\/wp-content\/uploads\/2020\/04\/PHOTO-2020-04-07-18-17-47-150x150.jpg 150w, https:\/\/franciscanos.org.br\/noticias\/wp-content\/uploads\/2020\/04\/PHOTO-2020-04-07-18-17-47-100x100.jpg 100w\" sizes=\"(max-width: 1280px) 100vw, 1280px\" \/><\/p>\n<p>A campanha continua e os franciscanos renovam os pedidos de doa\u00e7\u00f5es para este momento emergencial.<\/p>\n<p><strong>VEJA COMO VOC\u00ca PODE AJUDAR:<\/strong><\/p>\n<p>Materiais de preven\u00e7\u00e3o: \u00e1lcool e \u00e1lcool em gel; sabonete; creme dental e escova de dente; copos descart\u00e1veis; luvas e m\u00e1scaras descart\u00e1veis; toucas e aventais descart\u00e1veis; \u00f3culos de prote\u00e7\u00e3o; m\u00e1scaras N95, produtos de higiene pessoal e produtos de limpeza.<\/p>\n<p>Alimentos n\u00e3o perec\u00edveis.<\/p>\n<hr \/>\n<p><strong>Os postos de coleta est\u00e3o em quatro bairros:<\/strong><\/p>\n<p>Par\u00f3quia Santo Ant\u00f4nio do Pari &#8211; na Pra\u00e7a Padre Bento, n\u00ba 13, Pari, das 8 \u00e0s 18 horas.<\/p>\n<p>Par\u00f3quia e Convento S\u00e3o Francisco &#8211; no Largo S\u00e3o Francisco &#8211; n\u00ba 133, Centro, das 8 \u00e0s 18 horas.<\/p>\n<p>Casa de Alice Tibiri\u00e7a &#8211; na rua Bom Pastor, n\u00ba 1914, Ipiranga, das 19 \u00e0s 14 horas.<\/p>\n<p>Casa de Clara &#8211; na Rua Serra de Jair\u00e9, n\u00ba 316, Belenzinho, das 8 \u00e0s 17 horas.<\/p>\n<p style=\"padding-left: 40px;\"><em>As doa\u00e7\u00f5es tamb\u00e9m podem ser feitas atrav\u00e9s de dep\u00f3sitos em um dos bancos da Associa\u00e7\u00e3o Franciscana de Solidariedade, inscrita com o CNPJ 11.861.086\/0001-63.<\/em><\/p>\n<hr \/>\n<p><strong>Veja os bancos que voc\u00ea pode fazer esse dep\u00f3sito:<\/strong><\/p>\n<p><strong>Banco Santander (033)<br \/>\n<\/strong>Ag\u00eancia: 4773<br \/>\nConta Corrente: 13003349-6<\/p>\n<p><strong>Banco Bradesco (237)<br \/>\n<\/strong>Ag\u00eancia: 0106<br \/>\nConta Corrente: 0134517-6<\/p>\n<p><strong>Banco Ita\u00fa (341)<br \/>\n<\/strong>Ag\u00eancia: 8179<br \/>\nConta Corrente: 12218-2<\/p>\n<p><strong>Caixa Econ\u00f4mica Federal (104)<br \/>\n<\/strong>Ag\u00eancia: 0249 &#8211; OP 003<br \/>\nConta Corrente: 00053070-0<\/p>\n<p><strong>Banco do Brasil (001)<br \/>\n<\/strong>Ag\u00eancia: 0386-7<br \/>\nConta Corrente: 101234-7<\/p>\n<hr \/>\n<p><strong>SEJA VOLUNT\u00c1RIO<\/strong><\/p>\n<p>Caso voc\u00ea queira fazer parte desta grande onda de solidariedade, o Servi\u00e7o Franciscano de Solidariedade precisa de volunt\u00e1rios para a cozinha nos seguintes endere\u00e7os:<\/p>\n<p>Recifran &#8211; Rua Junqueira Freire, 176 &#8211; Liberdade<br \/>\nCasa de Assis &#8211; Rua Japur\u00e1, 234 &#8211; Bela Vista<br \/>\nCh\u00e1 do Padre &#8211; Rua Riachuelo, 268 &#8211; Centro<\/p>\n<p>Segundo dados do Censo publicado neste ano, cerca de 24.334 pessoas vivem em situa\u00e7\u00e3o de rua na capital. Desta popula\u00e7\u00e3o, 45,38% (11.048) est\u00e3o na Subprefeitura da S\u00e9, formada pelos Distritos da Bela Vista, Bom Retiro, Cambuci, Consola\u00e7\u00e3o, Liberdade, Rep\u00fablica, Santa Cec\u00edlia e S\u00e9; regi\u00e3o em que est\u00e3o situados os servi\u00e7os do Sefras de atendimento a essa popula\u00e7\u00e3o, cuja m\u00e9dia \u00e9 de 700 pessoas diariamente.<\/p>\n<p><strong>CENTRAL DE DOA\u00c7\u00d5ES: (11) 3795-5220<\/strong><\/p>\n<p><strong>Mais informa\u00e7\u00f5es:<\/strong> (11) 96607-3441 (Lucas) e ((11) 3291-4433<br \/>\nEmail: articulacao@sefras.org.br (Ros\u00e2ngela)<\/p>\n","protected":false},"excerpt":{"rendered":"<p>Servi\u00e7o Franciscano de Solidariedade<\/p>\n","protected":false},"author":3,"featured_media":222976,"comment_status":"open","ping_status":"open","sticky":false,"template":"","format":"standard","meta":[],"categories":[1],"tags":[228],"acf":[],"yoast_head":"<!-- This site is optimized with the Yoast SEO plugin v19.2 - https:\/\/yoast.com\/wordpress\/plugins\/seo\/ -->\n<title>Sefras mostra os n\u00fameros da solidariedade. Campanha continua! - Not\u00edcias - Franciscanos<\/title>\n<meta name=\"robots\" content=\"index, follow, max-snippet:-1, max-image-preview:large, max-video-preview:-1\" \/>\n<link rel=\"canonical\" href=\"https:\/\/franciscanos.org.br\/noticias\/sefras-mostra-os-numeros-da-solidariedade-campanha-continua.html\" \/>\n<meta property=\"og:locale\" content=\"pt_BR\" \/>\n<meta property=\"og:type\" content=\"article\" \/>\n<meta property=\"og:title\" content=\"Sefras mostra os n\u00fameros da solidariedade. Campanha continua! - Not\u00edcias - Franciscanos\" \/>\n<meta property=\"og:description\" content=\"Servi\u00e7o Franciscano de Solidariedade\" \/>\n<meta property=\"og:url\" content=\"https:\/\/franciscanos.org.br\/noticias\/sefras-mostra-os-numeros-da-solidariedade-campanha-continua.html\" \/>\n<meta property=\"og:site_name\" content=\"Not\u00edcias - Franciscanos\" \/>\n<meta property=\"article:published_time\" content=\"2020-04-08T11:28:04+00:00\" \/>\n<meta property=\"article:modified_time\" content=\"2020-04-08T17:38:17+00:00\" \/>\n<meta property=\"og:image\" content=\"https:\/\/franciscanos.org.br\/noticias\/wp-content\/uploads\/2020\/04\/campanha_01d.jpg\" \/>\n\t<meta property=\"og:image:width\" content=\"800\" \/>\n\t<meta property=\"og:image:height\" content=\"600\" \/>\n\t<meta property=\"og:image:type\" content=\"image\/jpeg\" \/>\n<meta name=\"author\" content=\"moacir\" \/>\n<meta name=\"twitter:card\" content=\"summary_large_image\" \/>\n<meta name=\"twitter:label1\" content=\"Escrito por\" \/>\n\t<meta name=\"twitter:data1\" content=\"moacir\" \/>\n\t<meta name=\"twitter:label2\" content=\"Est. tempo de leitura\" \/>\n\t<meta name=\"twitter:data2\" content=\"2 minutos\" \/>\n<script type=\"application\/ld+json\" class=\"yoast-schema-graph\">{\"@context\":\"https:\/\/schema.org\",\"@graph\":[{\"@type\":\"WebSite\",\"@id\":\"https:\/\/franciscanos.org.br\/noticias\/#website\",\"url\":\"https:\/\/franciscanos.org.br\/noticias\/\",\"name\":\"Not\u00edcias - Franciscanos\",\"description\":\"Prov\u00edncia Franciscana da Imaculada Concei\u00e7\u00e3o do Brasil - Ordem dos Frades Menores - OFM\",\"potentialAction\":[{\"@type\":\"SearchAction\",\"target\":{\"@type\":\"EntryPoint\",\"urlTemplate\":\"https:\/\/franciscanos.org.br\/noticias\/?s={search_term_string}\"},\"query-input\":\"required name=search_term_string\"}],\"inLanguage\":\"pt-BR\"},{\"@type\":\"ImageObject\",\"inLanguage\":\"pt-BR\",\"@id\":\"https:\/\/franciscanos.org.br\/noticias\/sefras-mostra-os-numeros-da-solidariedade-campanha-continua.html#primaryimage\",\"url\":\"https:\/\/franciscanos.org.br\/noticias\/wp-content\/uploads\/2020\/04\/campanha_01d.jpg\",\"contentUrl\":\"https:\/\/franciscanos.org.br\/noticias\/wp-content\/uploads\/2020\/04\/campanha_01d.jpg\",\"width\":800,\"height\":600},{\"@type\":\"WebPage\",\"@id\":\"https:\/\/franciscanos.org.br\/noticias\/sefras-mostra-os-numeros-da-solidariedade-campanha-continua.html#webpage\",\"url\":\"https:\/\/franciscanos.org.br\/noticias\/sefras-mostra-os-numeros-da-solidariedade-campanha-continua.html\",\"name\":\"Sefras mostra os n\u00fameros da solidariedade. Campanha continua! - Not\u00edcias - Franciscanos\",\"isPartOf\":{\"@id\":\"https:\/\/franciscanos.org.br\/noticias\/#website\"},\"primaryImageOfPage\":{\"@id\":\"https:\/\/franciscanos.org.br\/noticias\/sefras-mostra-os-numeros-da-solidariedade-campanha-continua.html#primaryimage\"},\"datePublished\":\"2020-04-08T11:28:04+00:00\",\"dateModified\":\"2020-04-08T17:38:17+00:00\",\"author\":{\"@id\":\"https:\/\/franciscanos.org.br\/noticias\/#\/schema\/person\/b5c8cba458c330ccff548b056e95a5d4\"},\"breadcrumb\":{\"@id\":\"https:\/\/franciscanos.org.br\/noticias\/sefras-mostra-os-numeros-da-solidariedade-campanha-continua.html#breadcrumb\"},\"inLanguage\":\"pt-BR\",\"potentialAction\":[{\"@type\":\"ReadAction\",\"target\":[\"https:\/\/franciscanos.org.br\/noticias\/sefras-mostra-os-numeros-da-solidariedade-campanha-continua.html\"]}]},{\"@type\":\"BreadcrumbList\",\"@id\":\"https:\/\/franciscanos.org.br\/noticias\/sefras-mostra-os-numeros-da-solidariedade-campanha-continua.html#breadcrumb\",\"itemListElement\":[{\"@type\":\"ListItem\",\"position\":1,\"name\":\"Home\",\"item\":\"https:\/\/franciscanos.org.br\/noticias\"},{\"@type\":\"ListItem\",\"position\":2,\"name\":\"Sefras mostra os n\u00fameros da solidariedade. Campanha continua!\"}]},{\"@type\":\"Person\",\"@id\":\"https:\/\/franciscanos.org.br\/noticias\/#\/schema\/person\/b5c8cba458c330ccff548b056e95a5d4\",\"name\":\"moacir\",\"image\":{\"@type\":\"ImageObject\",\"inLanguage\":\"pt-BR\",\"@id\":\"https:\/\/franciscanos.org.br\/noticias\/#\/schema\/person\/image\/\",\"url\":\"https:\/\/secure.gravatar.com\/avatar\/d08aa2ce4c8dd416d4479aa8536fcf64?s=96&d=mm&r=g\",\"contentUrl\":\"https:\/\/secure.gravatar.com\/avatar\/d08aa2ce4c8dd416d4479aa8536fcf64?s=96&d=mm&r=g\",\"caption\":\"moacir\"},\"url\":\"https:\/\/franciscanos.org.br\/noticias\/author\/moacir\"}]}<\/script>\n<!-- \/ Yoast SEO plugin. -->","yoast_head_json":{"title":"Sefras mostra os n\u00fameros da solidariedade. Campanha continua! - Not\u00edcias - Franciscanos","robots":{"index":"index","follow":"follow","max-snippet":"max-snippet:-1","max-image-preview":"max-image-preview:large","max-video-preview":"max-video-preview:-1"},"canonical":"https:\/\/franciscanos.org.br\/noticias\/sefras-mostra-os-numeros-da-solidariedade-campanha-continua.html","og_locale":"pt_BR","og_type":"article","og_title":"Sefras mostra os n\u00fameros da solidariedade. Campanha continua! - Not\u00edcias - Franciscanos","og_description":"Servi\u00e7o Franciscano de Solidariedade","og_url":"https:\/\/franciscanos.org.br\/noticias\/sefras-mostra-os-numeros-da-solidariedade-campanha-continua.html","og_site_name":"Not\u00edcias - Franciscanos","article_published_time":"2020-04-08T11:28:04+00:00","article_modified_time":"2020-04-08T17:38:17+00:00","og_image":[{"width":800,"height":600,"url":"https:\/\/franciscanos.org.br\/noticias\/wp-content\/uploads\/2020\/04\/campanha_01d.jpg","type":"image\/jpeg"}],"author":"moacir","twitter_card":"summary_large_image","twitter_misc":{"Escrito por":"moacir","Est. tempo de leitura":"2 minutos"},"schema":{"@context":"https:\/\/schema.org","@graph":[{"@type":"WebSite","@id":"https:\/\/franciscanos.org.br\/noticias\/#website","url":"https:\/\/franciscanos.org.br\/noticias\/","name":"Not\u00edcias - Franciscanos","description":"Prov\u00edncia Franciscana da Imaculada Concei\u00e7\u00e3o do Brasil - Ordem dos Frades Menores - OFM","potentialAction":[{"@type":"SearchAction","target":{"@type":"EntryPoint","urlTemplate":"https:\/\/franciscanos.org.br\/noticias\/?s={search_term_string}"},"query-input":"required name=search_term_string"}],"inLanguage":"pt-BR"},{"@type":"ImageObject","inLanguage":"pt-BR","@id":"https:\/\/franciscanos.org.br\/noticias\/sefras-mostra-os-numeros-da-solidariedade-campanha-continua.html#primaryimage","url":"https:\/\/franciscanos.org.br\/noticias\/wp-content\/uploads\/2020\/04\/campanha_01d.jpg","contentUrl":"https:\/\/franciscanos.org.br\/noticias\/wp-content\/uploads\/2020\/04\/campanha_01d.jpg","width":800,"height":600},{"@type":"WebPage","@id":"https:\/\/franciscanos.org.br\/noticias\/sefras-mostra-os-numeros-da-solidariedade-campanha-continua.html#webpage","url":"https:\/\/franciscanos.org.br\/noticias\/sefras-mostra-os-numeros-da-solidariedade-campanha-continua.html","name":"Sefras mostra os n\u00fameros da solidariedade. Campanha continua! - Not\u00edcias - Franciscanos","isPartOf":{"@id":"https:\/\/franciscanos.org.br\/noticias\/#website"},"primaryImageOfPage":{"@id":"https:\/\/franciscanos.org.br\/noticias\/sefras-mostra-os-numeros-da-solidariedade-campanha-continua.html#primaryimage"},"datePublished":"2020-04-08T11:28:04+00:00","dateModified":"2020-04-08T17:38:17+00:00","author":{"@id":"https:\/\/franciscanos.org.br\/noticias\/#\/schema\/person\/b5c8cba458c330ccff548b056e95a5d4"},"breadcrumb":{"@id":"https:\/\/franciscanos.org.br\/noticias\/sefras-mostra-os-numeros-da-solidariedade-campanha-continua.html#breadcrumb"},"inLanguage":"pt-BR","potentialAction":[{"@type":"ReadAction","target":["https:\/\/franciscanos.org.br\/noticias\/sefras-mostra-os-numeros-da-solidariedade-campanha-continua.html"]}]},{"@type":"BreadcrumbList","@id":"https:\/\/franciscanos.org.br\/noticias\/sefras-mostra-os-numeros-da-solidariedade-campanha-continua.html#breadcrumb","itemListElement":[{"@type":"ListItem","position":1,"name":"Home","item":"https:\/\/franciscanos.org.br\/noticias"},{"@type":"ListItem","position":2,"name":"Sefras mostra os n\u00fameros da solidariedade. Campanha continua!"}]},{"@type":"Person","@id":"https:\/\/franciscanos.org.br\/noticias\/#\/schema\/person\/b5c8cba458c330ccff548b056e95a5d4","name":"moacir","image":{"@type":"ImageObject","inLanguage":"pt-BR","@id":"https:\/\/franciscanos.org.br\/noticias\/#\/schema\/person\/image\/","url":"https:\/\/secure.gravatar.com\/avatar\/d08aa2ce4c8dd416d4479aa8536fcf64?s=96&d=mm&r=g","contentUrl":"https:\/\/secure.gravatar.com\/avatar\/d08aa2ce4c8dd416d4479aa8536fcf64?s=96&d=mm&r=g","caption":"moacir"},"url":"https:\/\/franciscanos.org.br\/noticias\/author\/moacir"}]}},"_links":{"self":[{"href":"https:\/\/franciscanos.org.br\/noticias\/wp-json\/wp\/v2\/posts\/222974"}],"collection":[{"href":"https:\/\/franciscanos.org.br\/noticias\/wp-json\/wp\/v2\/posts"}],"about":[{"href":"https:\/\/franciscanos.org.br\/noticias\/wp-json\/wp\/v2\/types\/post"}],"author":[{"embeddable":true,"href":"https:\/\/franciscanos.org.br\/noticias\/wp-json\/wp\/v2\/users\/3"}],"replies":[{"embeddable":true,"href":"https:\/\/franciscanos.org.br\/noticias\/wp-json\/wp\/v2\/comments?post=222974"}],"version-history":[{"count":2,"href":"https:\/\/franciscanos.org.br\/noticias\/wp-json\/wp\/v2\/posts\/222974\/revisions"}],"predecessor-version":[{"id":223014,"href":"https:\/\/franciscanos.org.br\/noticias\/wp-json\/wp\/v2\/posts\/222974\/revisions\/223014"}],"wp:featuredmedia":[{"embeddable":true,"href":"https:\/\/franciscanos.org.br\/noticias\/wp-json\/wp\/v2\/media\/222976"}],"wp:attachment":[{"href":"https:\/\/franciscanos.org.br\/noticias\/wp-json\/wp\/v2\/media?parent=222974"}],"wp:term":[{"taxonomy":"category","embeddable":true,"href":"https:\/\/franciscanos.org.br\/noticias\/wp-json\/wp\/v2\/categories?post=222974"},{"taxonomy":"post_tag","embeddable":true,"href":"https:\/\/franciscanos.org.br\/noticias\/wp-json\/wp\/v2\/tags?post=222974"}],"curies":[{"name":"wp","href":"https:\/\/api.w.org\/{rel}","templated":true}]}}