{"id":222963,"date":"2020-04-08T07:00:00","date_gmt":"2020-04-08T10:00:00","guid":{"rendered":"https:\/\/franciscanos.org.br\/noticias\/?p=222963"},"modified":"2021-08-29T12:45:57","modified_gmt":"2021-08-29T15:45:57","slug":"papa-ensina-crucifixo-e-evangelho-a-liturgia-domestica-sera-essa","status":"publish","type":"post","link":"https:\/\/franciscanos.org.br\/noticias\/papa-ensina-crucifixo-e-evangelho-a-liturgia-domestica-sera-essa.html","title":{"rendered":"Papa ensina: &#8220;Crucifixo e Evangelho. A liturgia dom\u00e9stica ser\u00e1 essa.\u201d"},"content":{"rendered":"<div id=\"attachment_222964\" style=\"width: 900px\" class=\"wp-caption alignnone\"><img aria-describedby=\"caption-attachment-222964\" loading=\"lazy\" class=\"wp-image-222964 size-full\" src=\"https:\/\/franciscanos.org.br\/noticias\/wp-content\/uploads\/2020\/04\/audiencia_08_1.jpg\" alt=\"\" width=\"890\" height=\"593\" srcset=\"https:\/\/franciscanos.org.br\/noticias\/wp-content\/uploads\/2020\/04\/audiencia_08_1.jpg 890w, https:\/\/franciscanos.org.br\/noticias\/wp-content\/uploads\/2020\/04\/audiencia_08_1-450x300.jpg 450w, https:\/\/franciscanos.org.br\/noticias\/wp-content\/uploads\/2020\/04\/audiencia_08_1-768x512.jpg 768w, https:\/\/franciscanos.org.br\/noticias\/wp-content\/uploads\/2020\/04\/audiencia_08_1-150x100.jpg 150w\" sizes=\"(max-width: 890px) 100vw, 890px\" \/><p id=\"caption-attachment-222964\" class=\"wp-caption-text\">\u00a0 \u00a0 \u00a0 \u00a0 \u00a0 \u00a0 \u00a0 \u00a0 \u00a0 \u00a0 \u00a0 \u00a0 \u00a0 \u00a0 \u00a0 \u00a0 \u00a0 \u00a0 \u00a0 \u00a0 \u00a0 \u00a0 \u00a0 \u00a0 \u00a0 \u00a0 \u00a0 \u00a0 \u00a0 \u00a0 \u00a0 \u00a0 \u00a0 \u00a0 \u00a0 \u00a0 \u00a0 \u00a0 \u00a0 \u00a0 \u00a0 \u00a0 \u00a0 \u00a0 \u00a0 \u00a0 \u00a0 \u00a0 \u00a0 \u00a0 \u00a0 \u00a0 \u00a0<em> \u00a0 \u00a0 \u00a0 \u00a0 \u00a0Imagem: Vatican Media\u00a0 \u00a0<\/em><\/p><\/div>\n<p><strong>Cidade do Vaticano<\/strong> &#8211; Nessas semanas de apreens\u00e3o por causa da pandemia que est\u00e1 fazendo o mundo sofrer, entre as muitas perguntas que nos fazemos, tamb\u00e9m pode haver perguntas sobre Deus: o que Ele faz diante de nossa dor? Onde est\u00e1 quando tudo d\u00e1 errado? Por que n\u00e3o resolve os problemas rapidamente?\u201d<\/p>\n<p>Com essas palavras, o Papa Francisco iniciou sua catequese na <strong>Audi\u00eancia Geral,<\/strong> desta quarta-feira (08\/04), realizada na Biblioteca do Pal\u00e1cio Apost\u00f3lico, devido \u00e0 pandemia do Covid-19.<\/p>\n<p>Segundo o Pont\u00edfice, \u201ca narra\u00e7\u00e3o da Paix\u00e3o de Jesus, que nos acompanha nestes dias santos, nos ajuda\u201d, pois nela se concentram muitas perguntas. \u201cO povo, depois de acolher Jesus triunfante em Jerusal\u00e9m, se perguntava se ele finalmente libertaria o povo de seus inimigos. Esperavam um Messias poderoso e triunfante com a espada. Em vez disso, chega um homem manso e humilde de cora\u00e7\u00e3o, que convida \u00e0 convers\u00e3o e \u00e0 miseric\u00f3rdia\u201d. Aquela mesma multid\u00e3o, que antes gritava \u201cHosana ao Filho de Davi!\u201d, agora grita: \u201cCrucifica-o!\u201d Aqueles que o seguiram, confusos e assustados, o abandonam. Pensaram: se o destino de Jesus \u00e9 esse, o Messias n\u00e3o \u00e9 Ele, porque Deus \u00e9 forte e invenc\u00edvel\u201d.<\/p>\n<p><img loading=\"lazy\" class=\"wp-image-222965 size-full aligncenter\" src=\"https:\/\/franciscanos.org.br\/noticias\/wp-content\/uploads\/2020\/04\/audiencia_08_2.jpg\" alt=\"\" width=\"800\" height=\"533\" srcset=\"https:\/\/franciscanos.org.br\/noticias\/wp-content\/uploads\/2020\/04\/audiencia_08_2.jpg 800w, https:\/\/franciscanos.org.br\/noticias\/wp-content\/uploads\/2020\/04\/audiencia_08_2-450x300.jpg 450w, https:\/\/franciscanos.org.br\/noticias\/wp-content\/uploads\/2020\/04\/audiencia_08_2-768x512.jpg 768w, https:\/\/franciscanos.org.br\/noticias\/wp-content\/uploads\/2020\/04\/audiencia_08_2-150x100.jpg 150w\" sizes=\"(max-width: 800px) 100vw, 800px\" \/><\/p>\n<p><strong>Crucifixo e Evangelho: grande liturgia dom\u00e9stica<\/strong><br \/>\nO Papa ent\u00e3o disse que se continuamos a leitura da Paix\u00e3o do Senhor, \u201cencontramos um fato surpreendente. Quando Jesus morre, o centuri\u00e3o romano, que era um pag\u00e3o, que o viu sofrer na cruz, o ouviu perdoar a todos e tocou com as m\u00e3os o seu amor sem medida, confessa: \u00abDe fato, esse homem era mesmo Filho de Deus!\u00bb Diz o contr\u00e1rio dos outros. Diz que Deus est\u00e1 ali realmente\u201d.<\/p>\n<p>\u201cPerguntemo-nos hoje: qual \u00e9 a verdadeira face de Deus? Geralmente, projetamos Nele o que somos, na m\u00e1xima pot\u00eancia: o nosso sucesso, o nosso senso de justi\u00e7a e tamb\u00e9m a nossa indigna\u00e7\u00e3o. Por\u00e9m, o Evangelho nos diz que Deus n\u00e3o \u00e9 assim. \u00c9 diferente e n\u00e3o podemos conhec\u00ea-lo com as nossas pr\u00f3prias for\u00e7as. Foi por isso que ele se fez pr\u00f3ximo, veio ao nosso encontro e se revelou completamente na P\u00e1scoa. Onde? Na cruz. Nela aprendemos os tra\u00e7os do rosto de Deus. Porque a cruz \u00e9 a c\u00e1tedra de Deus\u201d, disse Francisco, acrescentando:<\/p>\n<p style=\"padding-left: 40px;\"><em>Nos far\u00e1 bem olhar o crucifixo em sil\u00eancio e ver quem \u00e9 o nosso Senhor: \u00e9 Aquele que n\u00e3o aponta o dedo contra ningu\u00e9m, mas abre os bra\u00e7os para todos; que n\u00e3o nos esmaga com a sua gl\u00f3ria, mas se despe por n\u00f3s; que n\u00e3o nos ama em palavras, mas nos d\u00e1 a vida em sil\u00eancio; que n\u00e3o nos obriga, mas nos liberta; que n\u00e3o nos trata como estranhos, mas assume os nossos males, os nossos pecados. Para nos libertar dos preconceitos sobre Deus, olhemos o crucifixo e depois abramos o Evangelho.<\/em><\/p>\n<p><img loading=\"lazy\" class=\"alignnone size-full wp-image-222966\" src=\"https:\/\/franciscanos.org.br\/noticias\/wp-content\/uploads\/2020\/04\/audiencia_08.jpg\" alt=\"\" width=\"890\" height=\"536\" srcset=\"https:\/\/franciscanos.org.br\/noticias\/wp-content\/uploads\/2020\/04\/audiencia_08.jpg 890w, https:\/\/franciscanos.org.br\/noticias\/wp-content\/uploads\/2020\/04\/audiencia_08-450x271.jpg 450w, https:\/\/franciscanos.org.br\/noticias\/wp-content\/uploads\/2020\/04\/audiencia_08-768x463.jpg 768w, https:\/\/franciscanos.org.br\/noticias\/wp-content\/uploads\/2020\/04\/audiencia_08-150x90.jpg 150w\" sizes=\"(max-width: 890px) 100vw, 890px\" \/><\/p>\n<p>A seguir, o Papa disse:<\/p>\n<p><strong>Nestes dias, todos em quarentena e em casa, fechados, tomemos essas duas coisas em m\u00e3os: o crucifixo, vamos olh\u00e1-lo, e abramos o Evangelho. Isso ser\u00e1 para n\u00f3s, digamos assim, como uma grande liturgia dom\u00e9stica, pois n\u00e3o podemos ir \u00e0 igreja nesses dias. Crucifixo e Evangelho.<\/strong><\/p>\n<p><strong>Deus \u00e9 onipotente no amor<\/strong><br \/>\nO Evangelho nos diz que \u201cquando as pessoas v\u00e3o a Jesus para faz\u00ea-lo rei, por exemplo, depois da multiplica\u00e7\u00e3o dos p\u00e3es, Ele sai. Quando os esp\u00edritos maus querem revelar a sua majestade divina, Ele os silencia. Por qu\u00ea? Porque Jesus n\u00e3o quer ser mal entendido, ele n\u00e3o quer que as pessoas confundam o Deus verdadeiro, que \u00e9 o amor humilde, com um deus falso, um deus mundano que d\u00e1 espet\u00e1culo e se imp\u00f5e \u00e0 for\u00e7a. Deus \u00e9 onipotente no amor, e n\u00e3o de outra maneira. \u00c9 sua natureza. Ele \u00e9 assim. Ele \u00e9 amor\u201d.<\/p>\n<p><strong>Francisco disse que podemos objetar:<\/strong><\/p>\n<p>O que eu fa\u00e7o com um Deus t\u00e3o fraco? Preferiria um deus forte e poderoso!\u201d. Mas o poder deste mundo passa, enquanto o amor permanece. Somente o amor protege a vida que temos, porque abra\u00e7a as nossas fragilidades e as transforma. \u00c9 o amor de Deus que curou o nosso pecado na P\u00e1scoa com seu perd\u00e3o, que fez da morte uma passagem da vida, que transformou o nosso medo em confian\u00e7a, a nossa ang\u00fastia em esperan\u00e7a. A P\u00e1scoa nos diz que Deus pode transformar tudo para o bem. Que com ele podemos realmente confiar que tudo ficar\u00e1 bem. \u00c9 por isso que na manh\u00e3 de P\u00e1scoa nos \u00e9 dito: \u201cN\u00e3o tenha medo!\u201d. As perguntas angustiantes sobre o mal n\u00e3o desaparecem repentinamente, mas encontram no Ressuscitado o fundamento s\u00f3lido que n\u00e3o nos deixa naufragar.<\/p>\n<p>Francisco concluiu sua catequese, dizendo que \u201cJesus mudou a hist\u00f3ria, tornando-se pr\u00f3ximo de n\u00f3s e fez dela, embora ainda marcada pelo mal, uma hist\u00f3ria de salva\u00e7\u00e3o\u201d. Convidou a todos a abrir o cora\u00e7\u00e3o na ora\u00e7\u00e3o: \u201cN\u00e3o se esque\u00e7am: Crucifixo e Evangelho. A liturgia dom\u00e9stica ser\u00e1 essa\u201d e desejou a todos uma boa Semana Santa e uma Feliz P\u00e1scoa.<\/p>\n<hr \/>\n<h3>MISSA EM SANTA MARTA<\/h3>\n<h3>Deus converta os Judas de hoje, mafiosos e agiotas que exploram necessitados<\/h3>\n<p>O Papa Francisco presidiu a Missa na Casa Santa Marta, no Vaticano, manh\u00e3 desta quarta-feira (08\/04) da Semana Santa. Ao introduzir a celebra\u00e7\u00e3o, rezou pela convers\u00e3o daqueles que neste momento exploram quem se encontra necessitado:<\/p>\n<p>Rezemos, hoje, por aqueles que neste tempo de pandemia fazem com\u00e9rcio com os necessitados. Aproveitam-se da necessidade dos outros e os vendem: os mafiosos, os agiotas e tantos outros. Que o Senhor toque o cora\u00e7\u00e3o deles e os converta.<\/p>\n<p>Na homilia, Francisco comentou o Evangelho de Mateus (Mt 26,14-25), que nos fala da trai\u00e7\u00e3o de Judas. Tamb\u00e9m hoje \u2013 disse o Papa \u2013 existem Judas, pessoas que traem, inclusive seus entes queridos, vendendo-os, para interesses pr\u00f3prios. Tamb\u00e9m hoje existem pessoas que querem servir a Deus e ao dinheiro, exploradores escondidos, aparentemente impec\u00e1veis, mas fazem com\u00e9rcio com as pessoas: vendem o pr\u00f3ximo. Judas deixou disc\u00edpulos, disc\u00edpulos do diabo. Judas era apegado ao dinheiro: quem demasiadamente ama o dinheiro, trai. Mas \u00e9 tra\u00eddo pelo diabo, que \u00e9 um mau pagador e deixa no desespero. E caba por enforcar-se. O Papa pensou nos muitos Judas institucionalizados que hoje exploram as pessoas e tamb\u00e9m nos pequenos Judas que est\u00e3o em n\u00f3s: cada um de n\u00f3s tem a possibilidade de trair, por amor ao dinheiro ou aos bens. A seguir, o texto da homilia transcrita pelo Vatican News:<\/p>\n<p>Quarta-feira Santa \u00e9 tamb\u00e9m chamada \u201cquarta-feira da trai\u00e7\u00e3o\u201d, o dia no qual na Igreja se ressalta a trai\u00e7\u00e3o de Judas. Judas vende o Mestre.<\/p>\n<p>Quando pensamos no fato de vender pessoas, vem em mente o com\u00e9rcio feito com os escravos da \u00c1frica para lev\u00e1-los para a Am\u00e9rica \u2013 uma coisa antiga \u2013, depois o com\u00e9rcio, por exemplo, das jovens yazidis vendidas ao Isis: mas \u00e9 coisa distante, \u00e9 uma coisa\u2026 Tamb\u00e9m hoje pessoas s\u00e3o vendidas. Todos os dias. Existem Judas que vendem os irm\u00e3os e as irm\u00e3s, explorando-os no trabalho, n\u00e3o pagando o justo, n\u00e3o reconhecendo os deveres\u2026 Ali\u00e1s, muitas vezes vendem o que t\u00eam de mais precioso. Penso que por comodidade, um homem \u00e9 capaz de distanciar os pais e n\u00e3o mais v\u00ea-los, coloc\u00e1-los numa casa de repouso e n\u00e3o ir visit\u00e1-los\u2026 vende. H\u00e1 um ditado popular que, falando de pessoas assim, diz que \u201ceste \u00e9 capaz de vender a pr\u00f3pria m\u00e3e\u201d: e a vendem. E ent\u00e3o ficam tranquilos, foram distanciados: \u201cCuidem voc\u00eas deles\u2026\u201d<\/p>\n<p>Hoje, o com\u00e9rcio humano \u00e9 como nos primeiros tempos: se faz. E isso porqu\u00ea? Jesus disse o porqu\u00ea. Ele deu ao dinheiro uma senhoria. Jesus disse: \u201cN\u00e3o podeis servir a Deus e ao dinheiro\u201d, dois senhores. \u00c9 a \u00fanica coisa que Jesus coloca \u00e0 altura e cada um de n\u00f3s deve escolher: ou serve a Deus, e ser\u00e1 livre na adora\u00e7\u00e3o e no servi\u00e7o, ou serve ao dinheiro, e ser\u00e1 escravo do dinheiro. Essa \u00e9 a op\u00e7\u00e3o e muita gente quer servir a Deus e ao dinheiro. E isso n\u00e3o se pode fazer. Acabam fazendo finta de servir a Deus para servir ao dinheiro. S\u00e3o os exploradores escondidos que socialmente s\u00e3o impec\u00e1veis, mas por debaixo dos panos comercializam, inclusive com as pessoas: n\u00e3o importa. A explora\u00e7\u00e3o humana \u00e9 vender o pr\u00f3ximo.<\/p>\n<p>Judas foi embora, mas deixou disc\u00edpulos, que n\u00e3o s\u00e3o seus disc\u00edpulos, mas do diabo. N\u00e3o sabemos como foi a vida de Judas. Um jovem normal, talvez, e tamb\u00e9m com inquieta\u00e7\u00f5es, porque o Senhor o chamou para ser disc\u00edpulo. Ele jamais conseguiu s\u00ea-lo: n\u00e3o tinha boca de disc\u00edpulo e cora\u00e7\u00e3o de disc\u00edpulo, como lemos na primeira Leitura. Era fraco no discipulado, mas Jesus o amava\u2026 Depois o Evangelho nos faz entender que ele gostava do dinheiro: na casa de L\u00e1zaro, quando Maria unge os p\u00e9s de Jesus com aquele perfume t\u00e3o caro, ele faz a reflex\u00e3o e Jo\u00e3o ressalta: \u201cMas n\u00e3o disse isso porque amava os pobres, (mas) porque era ladr\u00e3o\u201d. O amor ao dinheiro o tinha levado para fora das regras, a roubar, e do roubar a trair \u00e9 um passo, muito pequeno. Quem demasiadamente ama o dinheiro trai para ter mais ainda, sempre: \u00e9 uma regra, \u00e9 um dado de fato. O Judas garoto, talvez bom, com boas inten\u00e7\u00f5es, acaba traidor a ponto de ir ao mercado vender: \u201cO que me dareis se vos entregar Jesus?\u201d A meu ver, este homem estava fora de si.<\/p>\n<p>Uma coisa que chama a minha aten\u00e7\u00e3o \u00e9 que Jesus jamais lhe diz \u201ctraidor\u201d; diz que ser\u00e1 tra\u00eddo, mas n\u00e3o diz a ele \u201ctraidor\u201d. Jamais o diz: \u201cVa embora, v\u00e1 embora, traidor\u201d. Jamais! Ali\u00e1s, lhe diz: \u201cAmigo\u201d, e o beija. O mist\u00e9rio de Judas\u2026 Como \u00e9 o mist\u00e9rio de Judas? N\u00e3o sei\u2026 Padre Primo Mazzolari o explicou melhor do que eu\u2026 Sim, me consola contemplar aquele capitel de Vezelay: como Judas acabou? N\u00e3o sei. Jesus amea\u00e7a veementemente, aqui; grande amea\u00e7a: \u201cAi daquele que trair o Filho do Homem! Seria melhor que nunca tivesse nascido!\u201d Mas isso significa que Judas est\u00e1 no Inferno? N\u00e3o sei. Eu olho o capitel. E ou\u00e7o a palavra de Jesus: \u201cAmigo\u201d.<\/p>\n<p>Mas isso nos faz pensar em outra coisa, que \u00e9 mais real, mais que hoje: o diabo entrou em Judas, foi o diabo a lev\u00e1-lo a este ponto. E como acabou a hist\u00f3ria? O diabo \u00e9 um mau pagador: n\u00e3o \u00e9 um pagador confi\u00e1vel. Promete-lhe tudo, lhe mostra tudo e depois o deixa sozinho em seu desespero a enforcar-se.<\/p>\n<p>O cora\u00e7\u00e3o de Judas, inquieto, atormentado pela gan\u00e2ncia e atormentado pelo amor a Jesus, um amor que n\u00e3o conseguiu fazer-se amor, atormentado com essa n\u00e9voa, volta aos sumos sacerdotes pedindo perd\u00e3o, pedindo salva\u00e7\u00e3o. \u201cO que temos a ver com isso?\u201d O problema \u00e9 seu\u2026\u201d: o diabo fala assim e nos deixa no desespero.<\/p>\n<p>Pensemos nos muitos Judas institucionalizados neste mundo, que exploram as pessoas. E pensemos tamb\u00e9m no pequeno Judas que cada um de n\u00f3s tem dentro de si na hora de escolher: entre lealdade ou interesse. Cada um de n\u00f3s tem a capacidade de trair, de vender, de escolher o pr\u00f3prio interesse. Cada um de n\u00f3s tem a possibilidade de deixar-se atrair pelo amor ao dinheiro ou aos bens ou ao bem-estar futuro. \u201cJudas, onde est\u00e1s?\u201d Mas, a pergunta, a fa\u00e7o a cada um de n\u00f3s: \u201cTu, Judas, o pequeno Judas que tenho dentro: onde est\u00e1s?\u201d<\/p>\n<p>O Santo Padre terminou a celebra\u00e7\u00e3o com a adora\u00e7\u00e3o e a b\u00ean\u00e7\u00e3o eucar\u00edstica, convidando a fazer a Comunh\u00e3o espiritual. A seguir, a ora\u00e7\u00e3o recitada pelo Papa:<\/p>\n<p>Aos vossos p\u00e9s, \u00f3 meu Jesus, me prostro e vos ofere\u00e7o o arrependimento do meu cora\u00e7\u00e3o contrito que mergulha no seu nada na Vossa santa presen\u00e7a. Eu vos adoro no Sacramento do vosso amor, a Eucaristia. Desejo receber-vos na pobre morada que meu cora\u00e7\u00e3o vos oferece; \u00e0 espera da felicidade da comunh\u00e3o sacramental, quero possuir-vos em Esp\u00edrito. Vinde a mim, \u00f3 meu Jesus, que eu venha a v\u00f3s. Que o vosso amor possa inflamar todo o meu ser, para a vida e para a morte. Creio em v\u00f3s, espero em v\u00f3s. Amo-vos. Assim seja.<\/p>\n<p>Antes de deixar a Capela dedicada ao Esp\u00edrito Santo foi entoada uma antiga ant\u00edfona mariana Ave Regina Caelorum (\u201cAve Rainha dos C\u00e9us\u201d):<\/p>\n<p>Ave, Rainha do c\u00e9u; ave, dos anjos Senhora; ave, raiz, ave, porta; da luz do mundo \u00e9s aurora. Exulta, \u00f3 Virgem gloriosa, as outras seguem-te ap\u00f3s; n\u00f3s te saudamos: adeus! E pede a Cristo por n\u00f3s!<\/p>\n<hr \/>\n<p><em>Fonte: Vatican News<\/em><\/p>\n","protected":false},"excerpt":{"rendered":"<p>Audi\u00eancia Geral<\/p>\n","protected":false},"author":3,"featured_media":222967,"comment_status":"open","ping_status":"open","sticky":false,"template":"","format":"standard","meta":[],"categories":[1428],"tags":[487],"acf":[],"yoast_head":"<!-- This site is optimized with the Yoast SEO plugin v19.2 - https:\/\/yoast.com\/wordpress\/plugins\/seo\/ -->\n<title>Papa ensina: &quot;Crucifixo e Evangelho. A liturgia dom\u00e9stica ser\u00e1 essa.\u201d - Not\u00edcias - Franciscanos<\/title>\n<meta name=\"robots\" content=\"index, follow, max-snippet:-1, max-image-preview:large, max-video-preview:-1\" \/>\n<link rel=\"canonical\" href=\"https:\/\/franciscanos.org.br\/noticias\/papa-ensina-crucifixo-e-evangelho-a-liturgia-domestica-sera-essa.html\" \/>\n<meta property=\"og:locale\" content=\"pt_BR\" \/>\n<meta property=\"og:type\" content=\"article\" \/>\n<meta property=\"og:title\" content=\"Papa ensina: &quot;Crucifixo e Evangelho. A liturgia dom\u00e9stica ser\u00e1 essa.\u201d - Not\u00edcias - Franciscanos\" \/>\n<meta property=\"og:description\" content=\"Audi\u00eancia Geral\" \/>\n<meta property=\"og:url\" content=\"https:\/\/franciscanos.org.br\/noticias\/papa-ensina-crucifixo-e-evangelho-a-liturgia-domestica-sera-essa.html\" \/>\n<meta property=\"og:site_name\" content=\"Not\u00edcias - Franciscanos\" \/>\n<meta property=\"article:published_time\" content=\"2020-04-08T10:00:00+00:00\" \/>\n<meta property=\"article:modified_time\" content=\"2021-08-29T15:45:57+00:00\" \/>\n<meta property=\"og:image\" content=\"https:\/\/franciscanos.org.br\/noticias\/wp-content\/uploads\/2020\/04\/audiencia_08d.jpg\" \/>\n\t<meta property=\"og:image:width\" content=\"800\" \/>\n\t<meta property=\"og:image:height\" content=\"601\" \/>\n\t<meta property=\"og:image:type\" content=\"image\/jpeg\" \/>\n<meta name=\"author\" content=\"moacir\" \/>\n<meta name=\"twitter:card\" content=\"summary_large_image\" \/>\n<meta name=\"twitter:label1\" content=\"Escrito por\" \/>\n\t<meta name=\"twitter:data1\" content=\"moacir\" \/>\n\t<meta name=\"twitter:label2\" content=\"Est. tempo de leitura\" \/>\n\t<meta name=\"twitter:data2\" content=\"11 minutos\" \/>\n<script type=\"application\/ld+json\" class=\"yoast-schema-graph\">{\"@context\":\"https:\/\/schema.org\",\"@graph\":[{\"@type\":\"WebSite\",\"@id\":\"https:\/\/franciscanos.org.br\/noticias\/#website\",\"url\":\"https:\/\/franciscanos.org.br\/noticias\/\",\"name\":\"Not\u00edcias - Franciscanos\",\"description\":\"Prov\u00edncia Franciscana da Imaculada Concei\u00e7\u00e3o do Brasil - Ordem dos Frades Menores - OFM\",\"potentialAction\":[{\"@type\":\"SearchAction\",\"target\":{\"@type\":\"EntryPoint\",\"urlTemplate\":\"https:\/\/franciscanos.org.br\/noticias\/?s={search_term_string}\"},\"query-input\":\"required name=search_term_string\"}],\"inLanguage\":\"pt-BR\"},{\"@type\":\"ImageObject\",\"inLanguage\":\"pt-BR\",\"@id\":\"https:\/\/franciscanos.org.br\/noticias\/papa-ensina-crucifixo-e-evangelho-a-liturgia-domestica-sera-essa.html#primaryimage\",\"url\":\"https:\/\/franciscanos.org.br\/noticias\/wp-content\/uploads\/2020\/04\/audiencia_08d.jpg\",\"contentUrl\":\"https:\/\/franciscanos.org.br\/noticias\/wp-content\/uploads\/2020\/04\/audiencia_08d.jpg\",\"width\":800,\"height\":601},{\"@type\":\"WebPage\",\"@id\":\"https:\/\/franciscanos.org.br\/noticias\/papa-ensina-crucifixo-e-evangelho-a-liturgia-domestica-sera-essa.html#webpage\",\"url\":\"https:\/\/franciscanos.org.br\/noticias\/papa-ensina-crucifixo-e-evangelho-a-liturgia-domestica-sera-essa.html\",\"name\":\"Papa ensina: \\\"Crucifixo e Evangelho. A liturgia dom\u00e9stica ser\u00e1 essa.\u201d - Not\u00edcias - Franciscanos\",\"isPartOf\":{\"@id\":\"https:\/\/franciscanos.org.br\/noticias\/#website\"},\"primaryImageOfPage\":{\"@id\":\"https:\/\/franciscanos.org.br\/noticias\/papa-ensina-crucifixo-e-evangelho-a-liturgia-domestica-sera-essa.html#primaryimage\"},\"datePublished\":\"2020-04-08T10:00:00+00:00\",\"dateModified\":\"2021-08-29T15:45:57+00:00\",\"author\":{\"@id\":\"https:\/\/franciscanos.org.br\/noticias\/#\/schema\/person\/b5c8cba458c330ccff548b056e95a5d4\"},\"breadcrumb\":{\"@id\":\"https:\/\/franciscanos.org.br\/noticias\/papa-ensina-crucifixo-e-evangelho-a-liturgia-domestica-sera-essa.html#breadcrumb\"},\"inLanguage\":\"pt-BR\",\"potentialAction\":[{\"@type\":\"ReadAction\",\"target\":[\"https:\/\/franciscanos.org.br\/noticias\/papa-ensina-crucifixo-e-evangelho-a-liturgia-domestica-sera-essa.html\"]}]},{\"@type\":\"BreadcrumbList\",\"@id\":\"https:\/\/franciscanos.org.br\/noticias\/papa-ensina-crucifixo-e-evangelho-a-liturgia-domestica-sera-essa.html#breadcrumb\",\"itemListElement\":[{\"@type\":\"ListItem\",\"position\":1,\"name\":\"Home\",\"item\":\"https:\/\/franciscanos.org.br\/noticias\"},{\"@type\":\"ListItem\",\"position\":2,\"name\":\"Papa ensina: &#8220;Crucifixo e Evangelho. A liturgia dom\u00e9stica ser\u00e1 essa.\u201d\"}]},{\"@type\":\"Person\",\"@id\":\"https:\/\/franciscanos.org.br\/noticias\/#\/schema\/person\/b5c8cba458c330ccff548b056e95a5d4\",\"name\":\"moacir\",\"image\":{\"@type\":\"ImageObject\",\"inLanguage\":\"pt-BR\",\"@id\":\"https:\/\/franciscanos.org.br\/noticias\/#\/schema\/person\/image\/\",\"url\":\"https:\/\/secure.gravatar.com\/avatar\/d08aa2ce4c8dd416d4479aa8536fcf64?s=96&d=mm&r=g\",\"contentUrl\":\"https:\/\/secure.gravatar.com\/avatar\/d08aa2ce4c8dd416d4479aa8536fcf64?s=96&d=mm&r=g\",\"caption\":\"moacir\"},\"url\":\"https:\/\/franciscanos.org.br\/noticias\/author\/moacir\"}]}<\/script>\n<!-- \/ Yoast SEO plugin. -->","yoast_head_json":{"title":"Papa ensina: \"Crucifixo e Evangelho. A liturgia dom\u00e9stica ser\u00e1 essa.\u201d - Not\u00edcias - Franciscanos","robots":{"index":"index","follow":"follow","max-snippet":"max-snippet:-1","max-image-preview":"max-image-preview:large","max-video-preview":"max-video-preview:-1"},"canonical":"https:\/\/franciscanos.org.br\/noticias\/papa-ensina-crucifixo-e-evangelho-a-liturgia-domestica-sera-essa.html","og_locale":"pt_BR","og_type":"article","og_title":"Papa ensina: \"Crucifixo e Evangelho. A liturgia dom\u00e9stica ser\u00e1 essa.\u201d - Not\u00edcias - Franciscanos","og_description":"Audi\u00eancia Geral","og_url":"https:\/\/franciscanos.org.br\/noticias\/papa-ensina-crucifixo-e-evangelho-a-liturgia-domestica-sera-essa.html","og_site_name":"Not\u00edcias - Franciscanos","article_published_time":"2020-04-08T10:00:00+00:00","article_modified_time":"2021-08-29T15:45:57+00:00","og_image":[{"width":800,"height":601,"url":"https:\/\/franciscanos.org.br\/noticias\/wp-content\/uploads\/2020\/04\/audiencia_08d.jpg","type":"image\/jpeg"}],"author":"moacir","twitter_card":"summary_large_image","twitter_misc":{"Escrito por":"moacir","Est. tempo de leitura":"11 minutos"},"schema":{"@context":"https:\/\/schema.org","@graph":[{"@type":"WebSite","@id":"https:\/\/franciscanos.org.br\/noticias\/#website","url":"https:\/\/franciscanos.org.br\/noticias\/","name":"Not\u00edcias - Franciscanos","description":"Prov\u00edncia Franciscana da Imaculada Concei\u00e7\u00e3o do Brasil - Ordem dos Frades Menores - OFM","potentialAction":[{"@type":"SearchAction","target":{"@type":"EntryPoint","urlTemplate":"https:\/\/franciscanos.org.br\/noticias\/?s={search_term_string}"},"query-input":"required name=search_term_string"}],"inLanguage":"pt-BR"},{"@type":"ImageObject","inLanguage":"pt-BR","@id":"https:\/\/franciscanos.org.br\/noticias\/papa-ensina-crucifixo-e-evangelho-a-liturgia-domestica-sera-essa.html#primaryimage","url":"https:\/\/franciscanos.org.br\/noticias\/wp-content\/uploads\/2020\/04\/audiencia_08d.jpg","contentUrl":"https:\/\/franciscanos.org.br\/noticias\/wp-content\/uploads\/2020\/04\/audiencia_08d.jpg","width":800,"height":601},{"@type":"WebPage","@id":"https:\/\/franciscanos.org.br\/noticias\/papa-ensina-crucifixo-e-evangelho-a-liturgia-domestica-sera-essa.html#webpage","url":"https:\/\/franciscanos.org.br\/noticias\/papa-ensina-crucifixo-e-evangelho-a-liturgia-domestica-sera-essa.html","name":"Papa ensina: \"Crucifixo e Evangelho. A liturgia dom\u00e9stica ser\u00e1 essa.\u201d - Not\u00edcias - Franciscanos","isPartOf":{"@id":"https:\/\/franciscanos.org.br\/noticias\/#website"},"primaryImageOfPage":{"@id":"https:\/\/franciscanos.org.br\/noticias\/papa-ensina-crucifixo-e-evangelho-a-liturgia-domestica-sera-essa.html#primaryimage"},"datePublished":"2020-04-08T10:00:00+00:00","dateModified":"2021-08-29T15:45:57+00:00","author":{"@id":"https:\/\/franciscanos.org.br\/noticias\/#\/schema\/person\/b5c8cba458c330ccff548b056e95a5d4"},"breadcrumb":{"@id":"https:\/\/franciscanos.org.br\/noticias\/papa-ensina-crucifixo-e-evangelho-a-liturgia-domestica-sera-essa.html#breadcrumb"},"inLanguage":"pt-BR","potentialAction":[{"@type":"ReadAction","target":["https:\/\/franciscanos.org.br\/noticias\/papa-ensina-crucifixo-e-evangelho-a-liturgia-domestica-sera-essa.html"]}]},{"@type":"BreadcrumbList","@id":"https:\/\/franciscanos.org.br\/noticias\/papa-ensina-crucifixo-e-evangelho-a-liturgia-domestica-sera-essa.html#breadcrumb","itemListElement":[{"@type":"ListItem","position":1,"name":"Home","item":"https:\/\/franciscanos.org.br\/noticias"},{"@type":"ListItem","position":2,"name":"Papa ensina: &#8220;Crucifixo e Evangelho. A liturgia dom\u00e9stica ser\u00e1 essa.\u201d"}]},{"@type":"Person","@id":"https:\/\/franciscanos.org.br\/noticias\/#\/schema\/person\/b5c8cba458c330ccff548b056e95a5d4","name":"moacir","image":{"@type":"ImageObject","inLanguage":"pt-BR","@id":"https:\/\/franciscanos.org.br\/noticias\/#\/schema\/person\/image\/","url":"https:\/\/secure.gravatar.com\/avatar\/d08aa2ce4c8dd416d4479aa8536fcf64?s=96&d=mm&r=g","contentUrl":"https:\/\/secure.gravatar.com\/avatar\/d08aa2ce4c8dd416d4479aa8536fcf64?s=96&d=mm&r=g","caption":"moacir"},"url":"https:\/\/franciscanos.org.br\/noticias\/author\/moacir"}]}},"_links":{"self":[{"href":"https:\/\/franciscanos.org.br\/noticias\/wp-json\/wp\/v2\/posts\/222963"}],"collection":[{"href":"https:\/\/franciscanos.org.br\/noticias\/wp-json\/wp\/v2\/posts"}],"about":[{"href":"https:\/\/franciscanos.org.br\/noticias\/wp-json\/wp\/v2\/types\/post"}],"author":[{"embeddable":true,"href":"https:\/\/franciscanos.org.br\/noticias\/wp-json\/wp\/v2\/users\/3"}],"replies":[{"embeddable":true,"href":"https:\/\/franciscanos.org.br\/noticias\/wp-json\/wp\/v2\/comments?post=222963"}],"version-history":[{"count":6,"href":"https:\/\/franciscanos.org.br\/noticias\/wp-json\/wp\/v2\/posts\/222963\/revisions"}],"predecessor-version":[{"id":234014,"href":"https:\/\/franciscanos.org.br\/noticias\/wp-json\/wp\/v2\/posts\/222963\/revisions\/234014"}],"wp:featuredmedia":[{"embeddable":true,"href":"https:\/\/franciscanos.org.br\/noticias\/wp-json\/wp\/v2\/media\/222967"}],"wp:attachment":[{"href":"https:\/\/franciscanos.org.br\/noticias\/wp-json\/wp\/v2\/media?parent=222963"}],"wp:term":[{"taxonomy":"category","embeddable":true,"href":"https:\/\/franciscanos.org.br\/noticias\/wp-json\/wp\/v2\/categories?post=222963"},{"taxonomy":"post_tag","embeddable":true,"href":"https:\/\/franciscanos.org.br\/noticias\/wp-json\/wp\/v2\/tags?post=222963"}],"curies":[{"name":"wp","href":"https:\/\/api.w.org\/{rel}","templated":true}]}}