{"id":222953,"date":"2020-04-07T16:22:41","date_gmt":"2020-04-07T19:22:41","guid":{"rendered":"https:\/\/franciscanos.org.br\/noticias\/?p=222953"},"modified":"2020-04-07T16:57:05","modified_gmt":"2020-04-07T19:57:05","slug":"podcasts-novos-episodios-da-serie-juntos-iremos-vencer","status":"publish","type":"post","link":"https:\/\/franciscanos.org.br\/noticias\/podcasts-novos-episodios-da-serie-juntos-iremos-vencer.html","title":{"rendered":"Podcasts: novos epis\u00f3dios da s\u00e9rie &#8220;Juntos iremos vencer&#8221;"},"content":{"rendered":"<div><img loading=\"lazy\" class=\"alignnone wp-image-222821 size-large\" src=\"https:\/\/franciscanos.org.br\/noticias\/wp-content\/uploads\/2020\/03\/podcasts_310320-1024x576.png\" alt=\"\" width=\"1024\" height=\"576\" srcset=\"https:\/\/franciscanos.org.br\/noticias\/wp-content\/uploads\/2020\/03\/podcasts_310320-1024x576.png 1024w, https:\/\/franciscanos.org.br\/noticias\/wp-content\/uploads\/2020\/03\/podcasts_310320-450x253.png 450w, https:\/\/franciscanos.org.br\/noticias\/wp-content\/uploads\/2020\/03\/podcasts_310320-768x432.png 768w, https:\/\/franciscanos.org.br\/noticias\/wp-content\/uploads\/2020\/03\/podcasts_310320-1536x864.png 1536w, https:\/\/franciscanos.org.br\/noticias\/wp-content\/uploads\/2020\/03\/podcasts_310320-2048x1152.png 2048w, https:\/\/franciscanos.org.br\/noticias\/wp-content\/uploads\/2020\/03\/podcasts_310320-150x84.png 150w\" sizes=\"(max-width: 1024px) 100vw, 1024px\" \/><\/div>\n<div>\n<p>Conforme j\u00e1 tem realizado em outros momentos fortes da vida da sociedade e da Igreja, a Prov\u00edncia Franciscana da Imaculada Concei\u00e7\u00e3o do Brasil d\u00e1 continuidade, hoje (02.04),\u00a0 a uma s\u00e9rie de Podcasts que abordam o tema da pandemia do novo coronav\u00edrus. A iniciativa \u00e9 uma parceria entre o Servi\u00e7o Franciscano de Solidariedade (SEFRAS) e a Funda\u00e7\u00e3o Cultural Celinauta, de Pato Branco, PR. De acordo com o Secret\u00e1rio de Evangeliza\u00e7\u00e3o da Prov\u00edncia e apresentador da s\u00e9rie, Frei Gustavo Medella, a ideia \u00e9 levar aos ouvintes informa\u00e7\u00e3o e forma\u00e7\u00e3o, abordando o assunto a partir de diferentes pontos de vista.<\/p>\n<p>\u201cUma situa\u00e7\u00e3o grave e in\u00e9dita desta natureza provoca muitas perguntas que precisam ser respondidas de forma \u00e1gil e imediata. \u00c9 como se a humanidade fosse desafiada a trocar o pneu de um carro com ele em movimento. Sendo assim, nossa inten\u00e7\u00e3o \u00e9 oferecer aos ouvintes mais elementos para sua reflex\u00e3o pessoal a partir de temas ligados \u00e0 vida da Igreja e da Sociedade sob o ponto de vista de profissionais ligados a diferentes \u00e1reas do saber, desde a espiritualidade, a psicologia, o franciscanismo, a assist\u00eancia social, entre outras\u201d, explica Frei Gustavo.<\/p>\n<p>Os epis\u00f3dios ser\u00e3o oferecidos por etapas.<\/p>\n<p><strong><a href=\"https:\/\/franciscanos.org.br\/noticias\/provincia-lanca-podcasts-sobre-pandemia-do-novo-coronavirus.html\">VEJA COMO FOI A PRIMEIRA ETAPA\u00a0<\/a><\/strong><\/p>\n<p><strong><a href=\"https:\/\/franciscanos.org.br\/noticias\/novos-podcasts-solidariedade-em-tempos-de-pandemia.html\">VEJA COMO FOI A SEGUNDA ETAPA<\/a><\/strong><\/p>\n<p>Nesta terceira,\u00a0 outros cinco temas s\u00e3o abordados. Al\u00e9m de ouvidos e baixados pessoalmente, os podcasts est\u00e3o livres para reprodu\u00e7\u00e3o total ou parcial em emissoras de r\u00e1dio e outros ve\u00edculos de comunica\u00e7\u00e3o.<\/p>\n<\/div>\n<div><\/div>\n<div><strong>OU\u00c7A NO SPOTIFY<\/strong><\/div>\n<div><\/div>\n<div><strong>Epis\u00f3dio 11 &#8211; Preven\u00e7\u00e3o e combate \u00e0 viol\u00eancia dom\u00e9stica &#8211; Bruna Sim\u00f5es, Educadora do Sefras, Peri, S\u00e3o Paulo, SP<\/strong><\/div>\n<div><\/div>\n<p><iframe loading=\"lazy\" title=\"Spotify Embed: Coronav\u00edrus #11 | Preven\u00e7\u00e3o e combate \u00e0 viol\u00eancia dom\u00e9stica\" width=\"100%\" height=\"232\" allowtransparency=\"true\" frameborder=\"0\" allow=\"encrypted-media\" src=\"https:\/\/open.spotify.com\/embed-podcast\/episode\/4cG9YyC4r8AN6WcN8xqhaF\"><\/iframe><\/p>\n<div><\/div>\n<div><strong>Epis\u00f3dio 12 &#8211; \u00a0O valor franciscano da fraternidade &#8211; Frei C\u00e9sar K\u00fclkamp, Ministro Provincial<\/strong><\/div>\n<div><\/div>\n<p><iframe loading=\"lazy\" title=\"Spotify Embed: Coronav\u00edrus #12 | O valor franciscano da fraternidade\" width=\"100%\" height=\"232\" allowtransparency=\"true\" frameborder=\"0\" allow=\"encrypted-media\" src=\"https:\/\/open.spotify.com\/embed-podcast\/episode\/63kc26CN5e2worG1Vkvaae\"><\/iframe><\/p>\n<div><strong>Epis\u00f3dio 13 &#8211; A Pastoral da Comunica\u00e7\u00e3o em tempos de pandemia &#8211; Mois\u00e9s Sbardelotto, professor e pesquisador<\/strong><\/div>\n<div><\/div>\n<p><iframe loading=\"lazy\" title=\"Spotify Embed: Coronav\u00edrus #13 | A Pastoral da Comunica\u00e7\u00e3o em tempos de pandemia\" width=\"100%\" height=\"232\" allowtransparency=\"true\" frameborder=\"0\" allow=\"encrypted-media\" src=\"https:\/\/open.spotify.com\/embed-podcast\/episode\/6zVK43fi3oUoJxTrD3UhpC\"><\/iframe><\/p>\n<div><\/div>\n<div><strong>Epis\u00f3dio 14 &#8211; Os riscos da masculinidade t\u00f3xica &#8211; Tha\u00eds Oliveira, Jornalista.<\/strong><\/div>\n<div><\/div>\n<p><iframe loading=\"lazy\" title=\"Spotify Embed: Coronav\u00edrus #14 | Os riscos da masculinidade t\u00f3xica\" width=\"100%\" height=\"232\" allowtransparency=\"true\" frameborder=\"0\" allow=\"encrypted-media\" src=\"https:\/\/open.spotify.com\/embed-podcast\/episode\/5EzRcaAEJ1B1coAz4RTor8\"><\/iframe><\/p>\n<div><\/div>\n<div><strong>Epis\u00f3dio 15 &#8211; Os valores franciscanos da pobreza e da humildade &#8211; Frei Vit\u00f3rio Mazzuco, Mestre em Espiritualidade Franciscana.<\/strong><\/div>\n<div><\/div>\n<p><iframe loading=\"lazy\" title=\"Spotify Embed: Coronav\u00edrus #15 | Os valores franciscanos da pobreza e da humildade\" width=\"100%\" height=\"232\" allowtransparency=\"true\" frameborder=\"0\" allow=\"encrypted-media\" src=\"https:\/\/open.spotify.com\/embed-podcast\/episode\/3rIb9dRebScTgnDpyiBUbJ\"><\/iframe><\/p>\n<p>&nbsp;<\/p>\n<p>OU\u00c7A NO SOUNDCLOUD<\/p>\n<p><iframe loading=\"lazy\" src=\"https:\/\/w.soundcloud.com\/player\/?url=https%3A\/\/api.soundcloud.com\/playlists\/1022286751&amp;color=%23447c7c&amp;auto_play=false&amp;hide_related=false&amp;show_comments=true&amp;show_user=false&amp;show_reposts=false&amp;show_teaser=true\" width=\"100%\" height=\"450\" frameborder=\"no\" scrolling=\"no\"><\/iframe><\/p>\n","protected":false},"excerpt":{"rendered":"<p>S\u00e9rie Podcasts<\/p>\n","protected":false},"author":3,"featured_media":222827,"comment_status":"open","ping_status":"open","sticky":false,"template":"","format":"standard","meta":[],"categories":[1],"tags":[1601],"acf":[],"yoast_head":"<!-- This site is optimized with the Yoast SEO plugin v19.2 - https:\/\/yoast.com\/wordpress\/plugins\/seo\/ -->\n<title>Podcasts: novos epis\u00f3dios da s\u00e9rie &quot;Juntos iremos vencer&quot; - Not\u00edcias - Franciscanos<\/title>\n<meta name=\"robots\" content=\"index, follow, max-snippet:-1, max-image-preview:large, max-video-preview:-1\" \/>\n<link rel=\"canonical\" href=\"https:\/\/franciscanos.org.br\/noticias\/podcasts-novos-episodios-da-serie-juntos-iremos-vencer.html\" \/>\n<meta property=\"og:locale\" content=\"pt_BR\" \/>\n<meta property=\"og:type\" content=\"article\" \/>\n<meta property=\"og:title\" content=\"Podcasts: novos epis\u00f3dios da s\u00e9rie &quot;Juntos iremos vencer&quot; - Not\u00edcias - Franciscanos\" \/>\n<meta property=\"og:description\" content=\"S\u00e9rie Podcasts\" \/>\n<meta property=\"og:url\" content=\"https:\/\/franciscanos.org.br\/noticias\/podcasts-novos-episodios-da-serie-juntos-iremos-vencer.html\" \/>\n<meta property=\"og:site_name\" content=\"Not\u00edcias - Franciscanos\" \/>\n<meta property=\"article:published_time\" content=\"2020-04-07T19:22:41+00:00\" \/>\n<meta property=\"article:modified_time\" content=\"2020-04-07T19:57:05+00:00\" \/>\n<meta property=\"og:image\" content=\"https:\/\/franciscanos.org.br\/noticias\/wp-content\/uploads\/2020\/03\/podcasts_273x181.jpg\" \/>\n\t<meta property=\"og:image:width\" content=\"273\" \/>\n\t<meta property=\"og:image:height\" content=\"181\" \/>\n\t<meta property=\"og:image:type\" content=\"image\/jpeg\" \/>\n<meta name=\"author\" content=\"moacir\" \/>\n<meta name=\"twitter:card\" content=\"summary_large_image\" \/>\n<meta name=\"twitter:label1\" content=\"Escrito por\" \/>\n\t<meta name=\"twitter:data1\" content=\"moacir\" \/>\n\t<meta name=\"twitter:label2\" content=\"Est. tempo de leitura\" \/>\n\t<meta name=\"twitter:data2\" content=\"2 minutos\" \/>\n<script type=\"application\/ld+json\" class=\"yoast-schema-graph\">{\"@context\":\"https:\/\/schema.org\",\"@graph\":[{\"@type\":\"WebSite\",\"@id\":\"https:\/\/franciscanos.org.br\/noticias\/#website\",\"url\":\"https:\/\/franciscanos.org.br\/noticias\/\",\"name\":\"Not\u00edcias - Franciscanos\",\"description\":\"Prov\u00edncia Franciscana da Imaculada Concei\u00e7\u00e3o do Brasil - Ordem dos Frades Menores - OFM\",\"potentialAction\":[{\"@type\":\"SearchAction\",\"target\":{\"@type\":\"EntryPoint\",\"urlTemplate\":\"https:\/\/franciscanos.org.br\/noticias\/?s={search_term_string}\"},\"query-input\":\"required name=search_term_string\"}],\"inLanguage\":\"pt-BR\"},{\"@type\":\"ImageObject\",\"inLanguage\":\"pt-BR\",\"@id\":\"https:\/\/franciscanos.org.br\/noticias\/podcasts-novos-episodios-da-serie-juntos-iremos-vencer.html#primaryimage\",\"url\":\"https:\/\/franciscanos.org.br\/noticias\/wp-content\/uploads\/2020\/03\/podcasts_273x181.jpg\",\"contentUrl\":\"https:\/\/franciscanos.org.br\/noticias\/wp-content\/uploads\/2020\/03\/podcasts_273x181.jpg\",\"width\":273,\"height\":181},{\"@type\":\"WebPage\",\"@id\":\"https:\/\/franciscanos.org.br\/noticias\/podcasts-novos-episodios-da-serie-juntos-iremos-vencer.html#webpage\",\"url\":\"https:\/\/franciscanos.org.br\/noticias\/podcasts-novos-episodios-da-serie-juntos-iremos-vencer.html\",\"name\":\"Podcasts: novos epis\u00f3dios da s\u00e9rie \\\"Juntos iremos vencer\\\" - Not\u00edcias - Franciscanos\",\"isPartOf\":{\"@id\":\"https:\/\/franciscanos.org.br\/noticias\/#website\"},\"primaryImageOfPage\":{\"@id\":\"https:\/\/franciscanos.org.br\/noticias\/podcasts-novos-episodios-da-serie-juntos-iremos-vencer.html#primaryimage\"},\"datePublished\":\"2020-04-07T19:22:41+00:00\",\"dateModified\":\"2020-04-07T19:57:05+00:00\",\"author\":{\"@id\":\"https:\/\/franciscanos.org.br\/noticias\/#\/schema\/person\/b5c8cba458c330ccff548b056e95a5d4\"},\"breadcrumb\":{\"@id\":\"https:\/\/franciscanos.org.br\/noticias\/podcasts-novos-episodios-da-serie-juntos-iremos-vencer.html#breadcrumb\"},\"inLanguage\":\"pt-BR\",\"potentialAction\":[{\"@type\":\"ReadAction\",\"target\":[\"https:\/\/franciscanos.org.br\/noticias\/podcasts-novos-episodios-da-serie-juntos-iremos-vencer.html\"]}]},{\"@type\":\"BreadcrumbList\",\"@id\":\"https:\/\/franciscanos.org.br\/noticias\/podcasts-novos-episodios-da-serie-juntos-iremos-vencer.html#breadcrumb\",\"itemListElement\":[{\"@type\":\"ListItem\",\"position\":1,\"name\":\"Home\",\"item\":\"https:\/\/franciscanos.org.br\/noticias\"},{\"@type\":\"ListItem\",\"position\":2,\"name\":\"Podcasts: novos epis\u00f3dios da s\u00e9rie &#8220;Juntos iremos vencer&#8221;\"}]},{\"@type\":\"Person\",\"@id\":\"https:\/\/franciscanos.org.br\/noticias\/#\/schema\/person\/b5c8cba458c330ccff548b056e95a5d4\",\"name\":\"moacir\",\"image\":{\"@type\":\"ImageObject\",\"inLanguage\":\"pt-BR\",\"@id\":\"https:\/\/franciscanos.org.br\/noticias\/#\/schema\/person\/image\/\",\"url\":\"https:\/\/secure.gravatar.com\/avatar\/d08aa2ce4c8dd416d4479aa8536fcf64?s=96&d=mm&r=g\",\"contentUrl\":\"https:\/\/secure.gravatar.com\/avatar\/d08aa2ce4c8dd416d4479aa8536fcf64?s=96&d=mm&r=g\",\"caption\":\"moacir\"},\"url\":\"https:\/\/franciscanos.org.br\/noticias\/author\/moacir\"}]}<\/script>\n<!-- \/ Yoast SEO plugin. -->","yoast_head_json":{"title":"Podcasts: novos epis\u00f3dios da s\u00e9rie \"Juntos iremos vencer\" - Not\u00edcias - Franciscanos","robots":{"index":"index","follow":"follow","max-snippet":"max-snippet:-1","max-image-preview":"max-image-preview:large","max-video-preview":"max-video-preview:-1"},"canonical":"https:\/\/franciscanos.org.br\/noticias\/podcasts-novos-episodios-da-serie-juntos-iremos-vencer.html","og_locale":"pt_BR","og_type":"article","og_title":"Podcasts: novos epis\u00f3dios da s\u00e9rie \"Juntos iremos vencer\" - Not\u00edcias - Franciscanos","og_description":"S\u00e9rie Podcasts","og_url":"https:\/\/franciscanos.org.br\/noticias\/podcasts-novos-episodios-da-serie-juntos-iremos-vencer.html","og_site_name":"Not\u00edcias - Franciscanos","article_published_time":"2020-04-07T19:22:41+00:00","article_modified_time":"2020-04-07T19:57:05+00:00","og_image":[{"width":273,"height":181,"url":"https:\/\/franciscanos.org.br\/noticias\/wp-content\/uploads\/2020\/03\/podcasts_273x181.jpg","type":"image\/jpeg"}],"author":"moacir","twitter_card":"summary_large_image","twitter_misc":{"Escrito por":"moacir","Est. tempo de leitura":"2 minutos"},"schema":{"@context":"https:\/\/schema.org","@graph":[{"@type":"WebSite","@id":"https:\/\/franciscanos.org.br\/noticias\/#website","url":"https:\/\/franciscanos.org.br\/noticias\/","name":"Not\u00edcias - Franciscanos","description":"Prov\u00edncia Franciscana da Imaculada Concei\u00e7\u00e3o do Brasil - Ordem dos Frades Menores - OFM","potentialAction":[{"@type":"SearchAction","target":{"@type":"EntryPoint","urlTemplate":"https:\/\/franciscanos.org.br\/noticias\/?s={search_term_string}"},"query-input":"required name=search_term_string"}],"inLanguage":"pt-BR"},{"@type":"ImageObject","inLanguage":"pt-BR","@id":"https:\/\/franciscanos.org.br\/noticias\/podcasts-novos-episodios-da-serie-juntos-iremos-vencer.html#primaryimage","url":"https:\/\/franciscanos.org.br\/noticias\/wp-content\/uploads\/2020\/03\/podcasts_273x181.jpg","contentUrl":"https:\/\/franciscanos.org.br\/noticias\/wp-content\/uploads\/2020\/03\/podcasts_273x181.jpg","width":273,"height":181},{"@type":"WebPage","@id":"https:\/\/franciscanos.org.br\/noticias\/podcasts-novos-episodios-da-serie-juntos-iremos-vencer.html#webpage","url":"https:\/\/franciscanos.org.br\/noticias\/podcasts-novos-episodios-da-serie-juntos-iremos-vencer.html","name":"Podcasts: novos epis\u00f3dios da s\u00e9rie \"Juntos iremos vencer\" - Not\u00edcias - Franciscanos","isPartOf":{"@id":"https:\/\/franciscanos.org.br\/noticias\/#website"},"primaryImageOfPage":{"@id":"https:\/\/franciscanos.org.br\/noticias\/podcasts-novos-episodios-da-serie-juntos-iremos-vencer.html#primaryimage"},"datePublished":"2020-04-07T19:22:41+00:00","dateModified":"2020-04-07T19:57:05+00:00","author":{"@id":"https:\/\/franciscanos.org.br\/noticias\/#\/schema\/person\/b5c8cba458c330ccff548b056e95a5d4"},"breadcrumb":{"@id":"https:\/\/franciscanos.org.br\/noticias\/podcasts-novos-episodios-da-serie-juntos-iremos-vencer.html#breadcrumb"},"inLanguage":"pt-BR","potentialAction":[{"@type":"ReadAction","target":["https:\/\/franciscanos.org.br\/noticias\/podcasts-novos-episodios-da-serie-juntos-iremos-vencer.html"]}]},{"@type":"BreadcrumbList","@id":"https:\/\/franciscanos.org.br\/noticias\/podcasts-novos-episodios-da-serie-juntos-iremos-vencer.html#breadcrumb","itemListElement":[{"@type":"ListItem","position":1,"name":"Home","item":"https:\/\/franciscanos.org.br\/noticias"},{"@type":"ListItem","position":2,"name":"Podcasts: novos epis\u00f3dios da s\u00e9rie &#8220;Juntos iremos vencer&#8221;"}]},{"@type":"Person","@id":"https:\/\/franciscanos.org.br\/noticias\/#\/schema\/person\/b5c8cba458c330ccff548b056e95a5d4","name":"moacir","image":{"@type":"ImageObject","inLanguage":"pt-BR","@id":"https:\/\/franciscanos.org.br\/noticias\/#\/schema\/person\/image\/","url":"https:\/\/secure.gravatar.com\/avatar\/d08aa2ce4c8dd416d4479aa8536fcf64?s=96&d=mm&r=g","contentUrl":"https:\/\/secure.gravatar.com\/avatar\/d08aa2ce4c8dd416d4479aa8536fcf64?s=96&d=mm&r=g","caption":"moacir"},"url":"https:\/\/franciscanos.org.br\/noticias\/author\/moacir"}]}},"_links":{"self":[{"href":"https:\/\/franciscanos.org.br\/noticias\/wp-json\/wp\/v2\/posts\/222953"}],"collection":[{"href":"https:\/\/franciscanos.org.br\/noticias\/wp-json\/wp\/v2\/posts"}],"about":[{"href":"https:\/\/franciscanos.org.br\/noticias\/wp-json\/wp\/v2\/types\/post"}],"author":[{"embeddable":true,"href":"https:\/\/franciscanos.org.br\/noticias\/wp-json\/wp\/v2\/users\/3"}],"replies":[{"embeddable":true,"href":"https:\/\/franciscanos.org.br\/noticias\/wp-json\/wp\/v2\/comments?post=222953"}],"version-history":[{"count":4,"href":"https:\/\/franciscanos.org.br\/noticias\/wp-json\/wp\/v2\/posts\/222953\/revisions"}],"predecessor-version":[{"id":222962,"href":"https:\/\/franciscanos.org.br\/noticias\/wp-json\/wp\/v2\/posts\/222953\/revisions\/222962"}],"wp:featuredmedia":[{"embeddable":true,"href":"https:\/\/franciscanos.org.br\/noticias\/wp-json\/wp\/v2\/media\/222827"}],"wp:attachment":[{"href":"https:\/\/franciscanos.org.br\/noticias\/wp-json\/wp\/v2\/media?parent=222953"}],"wp:term":[{"taxonomy":"category","embeddable":true,"href":"https:\/\/franciscanos.org.br\/noticias\/wp-json\/wp\/v2\/categories?post=222953"},{"taxonomy":"post_tag","embeddable":true,"href":"https:\/\/franciscanos.org.br\/noticias\/wp-json\/wp\/v2\/tags?post=222953"}],"curies":[{"name":"wp","href":"https:\/\/api.w.org\/{rel}","templated":true}]}}