{"id":222949,"date":"2020-04-07T06:34:41","date_gmt":"2020-04-07T09:34:41","guid":{"rendered":"https:\/\/franciscanos.org.br\/noticias\/?p=222949"},"modified":"2020-06-06T11:39:46","modified_gmt":"2020-06-06T14:39:46","slug":"papa-reza-pelos-inocentes-que-sofrem-sentencas-injustas","status":"publish","type":"post","link":"https:\/\/franciscanos.org.br\/noticias\/papa-reza-pelos-inocentes-que-sofrem-sentencas-injustas.html","title":{"rendered":"Papa reza pelos inocentes que sofrem senten\u00e7as injustas"},"content":{"rendered":"<p><img loading=\"lazy\" class=\"alignnone size-full wp-image-222950\" src=\"https:\/\/franciscanos.org.br\/noticias\/wp-content\/uploads\/2020\/04\/marta_07.jpg\" alt=\"\" width=\"1280\" height=\"731\" srcset=\"https:\/\/franciscanos.org.br\/noticias\/wp-content\/uploads\/2020\/04\/marta_07.jpg 1280w, https:\/\/franciscanos.org.br\/noticias\/wp-content\/uploads\/2020\/04\/marta_07-450x257.jpg 450w, https:\/\/franciscanos.org.br\/noticias\/wp-content\/uploads\/2020\/04\/marta_07-1024x585.jpg 1024w, https:\/\/franciscanos.org.br\/noticias\/wp-content\/uploads\/2020\/04\/marta_07-768x439.jpg 768w, https:\/\/franciscanos.org.br\/noticias\/wp-content\/uploads\/2020\/04\/marta_07-150x86.jpg 150w\" sizes=\"(max-width: 1280px) 100vw, 1280px\" \/><\/p>\n<p><strong>Cidade do Vaticano<\/strong> &#8211; Francisco presidiu a Missa na Casa Santa Marta, no Vaticano, na manh\u00e3 desta ter\u00e7a-feira (07\/04) da Semana Santa. A Ant\u00edfona de entrada da celebra\u00e7\u00e3o do dia, que o Papa l\u00ea no in\u00edcio da celebra\u00e7\u00e3o, \u00e9 extra\u00edda do Salmo 26: \u201cN\u00e3o me deixeis, Senhor \u00e0 merc\u00ea de meus advers\u00e1rios, pois contra mim se levantaram testemunhas falsas, mas volta-se contra eles a sua iniquidade\u201d (Sl 26,12). Na introdu\u00e7\u00e3o, Francisco dirigiu seu pensamento aos inocentes perseguidos:<\/p>\n<p>Nestes dias de Quaresma vimos a persegui\u00e7\u00e3o que Jesus sofreu e como os doutores da Lei se acirraram contra Ele: foi julgado sob acirramento, com acirramento, sendo inocente. Gostaria de rezar hoje por todas as pessoas que sofrem uma senten\u00e7a injusta por acirramento.<\/p>\n<p>Na homilia, comentou as leituras do dia, extra\u00eddas do Livro do profeta Isa\u00edas (Is 49,1-6), o segundo canto do Servo do Senhor, e o Evangelho de Jo\u00e3o (Jo 13,21-33.36-38) que fala da trai\u00e7\u00e3o de Judas e da renega\u00e7\u00e3o de Pedro. Pe\u00e7amos a gra\u00e7a \u2013 disse \u2013 de perseverar no servi\u00e7o, apesar das nossas quedas. A seguir, o texto da homilia transcrita pelo <em>Vatican News:<\/em><\/p>\n<p>A profecia de Isa\u00edas que ouvimos \u00e9 uma profecia sobre o Messias, sobre o Redentor, mas tamb\u00e9m uma profecia sobre o povo de Israel, sobre o povo de Deus: podemos dizer que pode ser uma profecia sobre cada um de n\u00f3s. Substancialmente, a profecia ressalta que o Senhor elegeu o seu servo desde o seio materno: diz isso duas vezes. Desde o in\u00edcio o seu servo foi eleito, desde o nascimento ou antes do nascimento. O povo de Deus foi eleito antes do nascimento: tamb\u00e9m cada um de n\u00f3s. Nenhum de n\u00f3s caiu no mundo por casualidade, por acaso. Cada um de n\u00f3s tem um destino, tem um destino livre, o destino da elei\u00e7\u00e3o de Deus. Eu nas\u00e7o com o destino de ser filho de Deus, de ser servo de Deus, com a miss\u00e3o de servir, de construir, de edificar. E isso, desde o seio materno.<\/p>\n<p>O servo de Jav\u00e9, Jesus, serviu at\u00e9 \u00e0 morte: parecia uma derrota, mas era o modo de servir. E isso ressalta o modo de servir que n\u00f3s devemos assumir em nossa vida. Servir \u00e9 dar-se, dar-se aos outros. Para cada um de n\u00f3s, servir \u00e9 n\u00e3o pretender nenhum benef\u00edcio que n\u00e3o seja o servir. \u00c9 a gl\u00f3ria, servir; e a gl\u00f3ria de Cristo \u00e9 servir at\u00e9 aniquilar-se a si mesmo, at\u00e9 \u00e0 morte, morte de Cruz. Jesus \u00e9 o servo de Israel. O povo de Deus \u00e9 servo, e quando o povo de Deus se distancia desta atitude de servir \u00e9 um povo ap\u00f3stata: distancia-se da voca\u00e7\u00e3o que Deus lhe deu. E quando cada um de n\u00f3s se distancia desta voca\u00e7\u00e3o de servir, se distancia do amor de Deus. E edifica a sua vida sobre outros amores, muitas vezes idol\u00e1tricos.<\/p>\n<p>O Senhor nos elegeu desde o seio materno. H\u00e1 quedas, na vida: cada um de n\u00f3s \u00e9 pecador e pode cair e caiu. Somente Nossa Senhora e Jesus: todos os outros ca\u00edmos, somos pecadores. Mas o que importa \u00e9 a atitude diante de Deus que me elegeu, que me ungiu como servo; \u00e9 a atitude de um pecador que \u00e9 capaz de pedir perd\u00e3o, como Pedro, que jura que \u201cn\u00e3o, jamais te renegarei, Senhor, jamais, jamais, jamais!\u201d, depois quando o galo canta, chora. Arrepende-se. Este \u00e9 o caminho do servo: quando escorrega, quando cai, pedir perd\u00e3o.<\/p>\n<p>Ao inv\u00e9s, quando o servo n\u00e3o \u00e9 capaz de entender que caiu, quando a paix\u00e3o o arrebata de tal modo que o leva \u00e0 idolatria, abre o cora\u00e7\u00e3o a satan\u00e1s, entra na noite: foi o que aconteceu com Judas.<\/p>\n<p>Pensemos hoje em Jesus, o servo, fiel no servi\u00e7o. Sua voca\u00e7\u00e3o \u00e9 servir, at\u00e9 \u00e0 morte e morte de Cruz. Pensemos em cada um de n\u00f3s, parte do povo de Deus: somos servos, nossa voca\u00e7\u00e3o \u00e9 para servir, n\u00e3o para se aproveitar do nosso lugar na Igreja. Servir. Sempre em servi\u00e7o.<\/p>\n<p>Pe\u00e7amos a gra\u00e7a de perseverar no servi\u00e7o. Por vezes com escorreg\u00f5es, quedas, mas ao menos a gra\u00e7a de chorar como Pedro chorou.<\/p>\n<p>O Santo Padre terminou a celebra\u00e7\u00e3o com a adora\u00e7\u00e3o e a b\u00ean\u00e7\u00e3o eucar\u00edstica, convidando a fazer a Comunh\u00e3o espiritual. A seguir, a ora\u00e7\u00e3o recitada pelo Papa:<\/p>\n<p style=\"padding-left: 40px;\"><em>Meu Jesus, eu creio que estais presente no Sant\u00edssimo Sacramento do Altar. Amo-vos sobre todas as coisas, e minha alma suspira por V\u00f3s. Mas, como n\u00e3o posso receber-Vos agora no Sant\u00edssimo Sacramento, vinde, ao menos espiritualmente, a meu cora\u00e7\u00e3o. Abra\u00e7o-me convosco como se j\u00e1 estiv\u00e9sseis comigo: uno-me Convosco inteiramente. Ah! n\u00e3o permitais que torne a separar-me de V\u00f3s!<\/em><\/p>\n<p>Antes de deixar a Capela dedicada ao Esp\u00edrito Santo foi entoada uma antiga ant\u00edfona mariana Ave Regina Caelorum (\u201cAve Rainha dos C\u00e9us\u201d):<\/p>\n<p style=\"padding-left: 40px;\"><em>Ave, Rainha do c\u00e9u; ave, dos anjos Senhora; ave, raiz, ave, porta; da luz do mundo \u00e9s aurora. Exulta, \u00f3 Virgem gloriosa, as outras seguem-te ap\u00f3s; n\u00f3s te saudamos: adeus! E pede a Cristo por n\u00f3s!<\/em><\/p>\n<hr \/>\n<p><em>Fonte: Vatican News<\/em><\/p>\n","protected":false},"excerpt":{"rendered":"<p>Missa em Santa Marta<\/p>\n","protected":false},"author":3,"featured_media":222951,"comment_status":"open","ping_status":"open","sticky":false,"template":"","format":"standard","meta":[],"categories":[1428],"tags":[1586],"acf":[],"yoast_head":"<!-- This site is optimized with the Yoast SEO plugin v19.2 - https:\/\/yoast.com\/wordpress\/plugins\/seo\/ -->\n<title>Papa reza pelos inocentes que sofrem senten\u00e7as injustas - Not\u00edcias - Franciscanos<\/title>\n<meta name=\"robots\" content=\"index, follow, max-snippet:-1, max-image-preview:large, max-video-preview:-1\" \/>\n<link rel=\"canonical\" href=\"https:\/\/franciscanos.org.br\/noticias\/papa-reza-pelos-inocentes-que-sofrem-sentencas-injustas.html\" \/>\n<meta property=\"og:locale\" content=\"pt_BR\" \/>\n<meta property=\"og:type\" content=\"article\" \/>\n<meta property=\"og:title\" content=\"Papa reza pelos inocentes que sofrem senten\u00e7as injustas - Not\u00edcias - Franciscanos\" \/>\n<meta property=\"og:description\" content=\"Missa em Santa Marta\" \/>\n<meta property=\"og:url\" content=\"https:\/\/franciscanos.org.br\/noticias\/papa-reza-pelos-inocentes-que-sofrem-sentencas-injustas.html\" \/>\n<meta property=\"og:site_name\" content=\"Not\u00edcias - Franciscanos\" \/>\n<meta property=\"article:published_time\" content=\"2020-04-07T09:34:41+00:00\" \/>\n<meta property=\"article:modified_time\" content=\"2020-06-06T14:39:46+00:00\" \/>\n<meta property=\"og:image\" content=\"https:\/\/franciscanos.org.br\/noticias\/wp-content\/uploads\/2020\/04\/marta_07d.jpg\" \/>\n\t<meta property=\"og:image:width\" content=\"800\" \/>\n\t<meta property=\"og:image:height\" content=\"599\" \/>\n\t<meta property=\"og:image:type\" content=\"image\/jpeg\" \/>\n<meta name=\"author\" content=\"moacir\" \/>\n<meta name=\"twitter:card\" content=\"summary_large_image\" \/>\n<meta name=\"twitter:label1\" content=\"Escrito por\" \/>\n\t<meta name=\"twitter:data1\" content=\"moacir\" \/>\n\t<meta name=\"twitter:label2\" content=\"Est. tempo de leitura\" \/>\n\t<meta name=\"twitter:data2\" content=\"4 minutos\" \/>\n<script type=\"application\/ld+json\" class=\"yoast-schema-graph\">{\"@context\":\"https:\/\/schema.org\",\"@graph\":[{\"@type\":\"WebSite\",\"@id\":\"https:\/\/franciscanos.org.br\/noticias\/#website\",\"url\":\"https:\/\/franciscanos.org.br\/noticias\/\",\"name\":\"Not\u00edcias - Franciscanos\",\"description\":\"Prov\u00edncia Franciscana da Imaculada Concei\u00e7\u00e3o do Brasil - Ordem dos Frades Menores - OFM\",\"potentialAction\":[{\"@type\":\"SearchAction\",\"target\":{\"@type\":\"EntryPoint\",\"urlTemplate\":\"https:\/\/franciscanos.org.br\/noticias\/?s={search_term_string}\"},\"query-input\":\"required name=search_term_string\"}],\"inLanguage\":\"pt-BR\"},{\"@type\":\"ImageObject\",\"inLanguage\":\"pt-BR\",\"@id\":\"https:\/\/franciscanos.org.br\/noticias\/papa-reza-pelos-inocentes-que-sofrem-sentencas-injustas.html#primaryimage\",\"url\":\"https:\/\/franciscanos.org.br\/noticias\/wp-content\/uploads\/2020\/04\/marta_07d.jpg\",\"contentUrl\":\"https:\/\/franciscanos.org.br\/noticias\/wp-content\/uploads\/2020\/04\/marta_07d.jpg\",\"width\":800,\"height\":599},{\"@type\":\"WebPage\",\"@id\":\"https:\/\/franciscanos.org.br\/noticias\/papa-reza-pelos-inocentes-que-sofrem-sentencas-injustas.html#webpage\",\"url\":\"https:\/\/franciscanos.org.br\/noticias\/papa-reza-pelos-inocentes-que-sofrem-sentencas-injustas.html\",\"name\":\"Papa reza pelos inocentes que sofrem senten\u00e7as injustas - Not\u00edcias - Franciscanos\",\"isPartOf\":{\"@id\":\"https:\/\/franciscanos.org.br\/noticias\/#website\"},\"primaryImageOfPage\":{\"@id\":\"https:\/\/franciscanos.org.br\/noticias\/papa-reza-pelos-inocentes-que-sofrem-sentencas-injustas.html#primaryimage\"},\"datePublished\":\"2020-04-07T09:34:41+00:00\",\"dateModified\":\"2020-06-06T14:39:46+00:00\",\"author\":{\"@id\":\"https:\/\/franciscanos.org.br\/noticias\/#\/schema\/person\/b5c8cba458c330ccff548b056e95a5d4\"},\"breadcrumb\":{\"@id\":\"https:\/\/franciscanos.org.br\/noticias\/papa-reza-pelos-inocentes-que-sofrem-sentencas-injustas.html#breadcrumb\"},\"inLanguage\":\"pt-BR\",\"potentialAction\":[{\"@type\":\"ReadAction\",\"target\":[\"https:\/\/franciscanos.org.br\/noticias\/papa-reza-pelos-inocentes-que-sofrem-sentencas-injustas.html\"]}]},{\"@type\":\"BreadcrumbList\",\"@id\":\"https:\/\/franciscanos.org.br\/noticias\/papa-reza-pelos-inocentes-que-sofrem-sentencas-injustas.html#breadcrumb\",\"itemListElement\":[{\"@type\":\"ListItem\",\"position\":1,\"name\":\"Home\",\"item\":\"https:\/\/franciscanos.org.br\/noticias\"},{\"@type\":\"ListItem\",\"position\":2,\"name\":\"Papa reza pelos inocentes que sofrem senten\u00e7as injustas\"}]},{\"@type\":\"Person\",\"@id\":\"https:\/\/franciscanos.org.br\/noticias\/#\/schema\/person\/b5c8cba458c330ccff548b056e95a5d4\",\"name\":\"moacir\",\"image\":{\"@type\":\"ImageObject\",\"inLanguage\":\"pt-BR\",\"@id\":\"https:\/\/franciscanos.org.br\/noticias\/#\/schema\/person\/image\/\",\"url\":\"https:\/\/secure.gravatar.com\/avatar\/d08aa2ce4c8dd416d4479aa8536fcf64?s=96&d=mm&r=g\",\"contentUrl\":\"https:\/\/secure.gravatar.com\/avatar\/d08aa2ce4c8dd416d4479aa8536fcf64?s=96&d=mm&r=g\",\"caption\":\"moacir\"},\"url\":\"https:\/\/franciscanos.org.br\/noticias\/author\/moacir\"}]}<\/script>\n<!-- \/ Yoast SEO plugin. -->","yoast_head_json":{"title":"Papa reza pelos inocentes que sofrem senten\u00e7as injustas - Not\u00edcias - Franciscanos","robots":{"index":"index","follow":"follow","max-snippet":"max-snippet:-1","max-image-preview":"max-image-preview:large","max-video-preview":"max-video-preview:-1"},"canonical":"https:\/\/franciscanos.org.br\/noticias\/papa-reza-pelos-inocentes-que-sofrem-sentencas-injustas.html","og_locale":"pt_BR","og_type":"article","og_title":"Papa reza pelos inocentes que sofrem senten\u00e7as injustas - Not\u00edcias - Franciscanos","og_description":"Missa em Santa Marta","og_url":"https:\/\/franciscanos.org.br\/noticias\/papa-reza-pelos-inocentes-que-sofrem-sentencas-injustas.html","og_site_name":"Not\u00edcias - Franciscanos","article_published_time":"2020-04-07T09:34:41+00:00","article_modified_time":"2020-06-06T14:39:46+00:00","og_image":[{"width":800,"height":599,"url":"https:\/\/franciscanos.org.br\/noticias\/wp-content\/uploads\/2020\/04\/marta_07d.jpg","type":"image\/jpeg"}],"author":"moacir","twitter_card":"summary_large_image","twitter_misc":{"Escrito por":"moacir","Est. tempo de leitura":"4 minutos"},"schema":{"@context":"https:\/\/schema.org","@graph":[{"@type":"WebSite","@id":"https:\/\/franciscanos.org.br\/noticias\/#website","url":"https:\/\/franciscanos.org.br\/noticias\/","name":"Not\u00edcias - Franciscanos","description":"Prov\u00edncia Franciscana da Imaculada Concei\u00e7\u00e3o do Brasil - Ordem dos Frades Menores - OFM","potentialAction":[{"@type":"SearchAction","target":{"@type":"EntryPoint","urlTemplate":"https:\/\/franciscanos.org.br\/noticias\/?s={search_term_string}"},"query-input":"required name=search_term_string"}],"inLanguage":"pt-BR"},{"@type":"ImageObject","inLanguage":"pt-BR","@id":"https:\/\/franciscanos.org.br\/noticias\/papa-reza-pelos-inocentes-que-sofrem-sentencas-injustas.html#primaryimage","url":"https:\/\/franciscanos.org.br\/noticias\/wp-content\/uploads\/2020\/04\/marta_07d.jpg","contentUrl":"https:\/\/franciscanos.org.br\/noticias\/wp-content\/uploads\/2020\/04\/marta_07d.jpg","width":800,"height":599},{"@type":"WebPage","@id":"https:\/\/franciscanos.org.br\/noticias\/papa-reza-pelos-inocentes-que-sofrem-sentencas-injustas.html#webpage","url":"https:\/\/franciscanos.org.br\/noticias\/papa-reza-pelos-inocentes-que-sofrem-sentencas-injustas.html","name":"Papa reza pelos inocentes que sofrem senten\u00e7as injustas - Not\u00edcias - Franciscanos","isPartOf":{"@id":"https:\/\/franciscanos.org.br\/noticias\/#website"},"primaryImageOfPage":{"@id":"https:\/\/franciscanos.org.br\/noticias\/papa-reza-pelos-inocentes-que-sofrem-sentencas-injustas.html#primaryimage"},"datePublished":"2020-04-07T09:34:41+00:00","dateModified":"2020-06-06T14:39:46+00:00","author":{"@id":"https:\/\/franciscanos.org.br\/noticias\/#\/schema\/person\/b5c8cba458c330ccff548b056e95a5d4"},"breadcrumb":{"@id":"https:\/\/franciscanos.org.br\/noticias\/papa-reza-pelos-inocentes-que-sofrem-sentencas-injustas.html#breadcrumb"},"inLanguage":"pt-BR","potentialAction":[{"@type":"ReadAction","target":["https:\/\/franciscanos.org.br\/noticias\/papa-reza-pelos-inocentes-que-sofrem-sentencas-injustas.html"]}]},{"@type":"BreadcrumbList","@id":"https:\/\/franciscanos.org.br\/noticias\/papa-reza-pelos-inocentes-que-sofrem-sentencas-injustas.html#breadcrumb","itemListElement":[{"@type":"ListItem","position":1,"name":"Home","item":"https:\/\/franciscanos.org.br\/noticias"},{"@type":"ListItem","position":2,"name":"Papa reza pelos inocentes que sofrem senten\u00e7as injustas"}]},{"@type":"Person","@id":"https:\/\/franciscanos.org.br\/noticias\/#\/schema\/person\/b5c8cba458c330ccff548b056e95a5d4","name":"moacir","image":{"@type":"ImageObject","inLanguage":"pt-BR","@id":"https:\/\/franciscanos.org.br\/noticias\/#\/schema\/person\/image\/","url":"https:\/\/secure.gravatar.com\/avatar\/d08aa2ce4c8dd416d4479aa8536fcf64?s=96&d=mm&r=g","contentUrl":"https:\/\/secure.gravatar.com\/avatar\/d08aa2ce4c8dd416d4479aa8536fcf64?s=96&d=mm&r=g","caption":"moacir"},"url":"https:\/\/franciscanos.org.br\/noticias\/author\/moacir"}]}},"_links":{"self":[{"href":"https:\/\/franciscanos.org.br\/noticias\/wp-json\/wp\/v2\/posts\/222949"}],"collection":[{"href":"https:\/\/franciscanos.org.br\/noticias\/wp-json\/wp\/v2\/posts"}],"about":[{"href":"https:\/\/franciscanos.org.br\/noticias\/wp-json\/wp\/v2\/types\/post"}],"author":[{"embeddable":true,"href":"https:\/\/franciscanos.org.br\/noticias\/wp-json\/wp\/v2\/users\/3"}],"replies":[{"embeddable":true,"href":"https:\/\/franciscanos.org.br\/noticias\/wp-json\/wp\/v2\/comments?post=222949"}],"version-history":[{"count":2,"href":"https:\/\/franciscanos.org.br\/noticias\/wp-json\/wp\/v2\/posts\/222949\/revisions"}],"predecessor-version":[{"id":224569,"href":"https:\/\/franciscanos.org.br\/noticias\/wp-json\/wp\/v2\/posts\/222949\/revisions\/224569"}],"wp:featuredmedia":[{"embeddable":true,"href":"https:\/\/franciscanos.org.br\/noticias\/wp-json\/wp\/v2\/media\/222951"}],"wp:attachment":[{"href":"https:\/\/franciscanos.org.br\/noticias\/wp-json\/wp\/v2\/media?parent=222949"}],"wp:term":[{"taxonomy":"category","embeddable":true,"href":"https:\/\/franciscanos.org.br\/noticias\/wp-json\/wp\/v2\/categories?post=222949"},{"taxonomy":"post_tag","embeddable":true,"href":"https:\/\/franciscanos.org.br\/noticias\/wp-json\/wp\/v2\/tags?post=222949"}],"curies":[{"name":"wp","href":"https:\/\/api.w.org\/{rel}","templated":true}]}}