{"id":222939,"date":"2020-04-06T08:35:10","date_gmt":"2020-04-06T11:35:10","guid":{"rendered":"https:\/\/franciscanos.org.br\/noticias\/?p=222939"},"modified":"2020-04-20T00:44:05","modified_gmt":"2020-04-20T03:44:05","slug":"especial-canarinhos-na-semana-santa","status":"publish","type":"post","link":"https:\/\/franciscanos.org.br\/noticias\/especial-canarinhos-na-semana-santa.html","title":{"rendered":"ESPECIAL: CANARINHOS NA SEMANA SANTA"},"content":{"rendered":"<p><img loading=\"lazy\" class=\"alignnone size-full wp-image-222940\" src=\"https:\/\/franciscanos.org.br\/noticias\/wp-content\/uploads\/2020\/04\/canarinhos_06.jpg\" alt=\"\" width=\"1280\" height=\"625\" srcset=\"https:\/\/franciscanos.org.br\/noticias\/wp-content\/uploads\/2020\/04\/canarinhos_06.jpg 1280w, https:\/\/franciscanos.org.br\/noticias\/wp-content\/uploads\/2020\/04\/canarinhos_06-450x220.jpg 450w, https:\/\/franciscanos.org.br\/noticias\/wp-content\/uploads\/2020\/04\/canarinhos_06-1024x500.jpg 1024w, https:\/\/franciscanos.org.br\/noticias\/wp-content\/uploads\/2020\/04\/canarinhos_06-768x375.jpg 768w, https:\/\/franciscanos.org.br\/noticias\/wp-content\/uploads\/2020\/04\/canarinhos_06-150x73.jpg 150w\" sizes=\"(max-width: 1280px) 100vw, 1280px\" \/><\/p>\n<p><strong>Frei Augusto Luiz Gabriel<\/strong><\/p>\n<p><strong>Petr\u00f3polis (RJ) &#8211;<\/strong> A Par\u00f3quia do Sagrado Cora\u00e7\u00e3o de Jesus, em parceria com o Instituto dos Meninos Cantores Canarinhos (IMCP) de Petr\u00f3polis\u00a0 (RJ), e a TvFranciscanos da Prov\u00edncia da Imaculada, apresentou neste domingo (05\/04), o \u201cEspecial com os Corais dos Canarinhos\u201d. O evento foi transmitido ao vivo pelas plataformas digitais e faz parte da programa\u00e7\u00e3o da Semana Santa da Igreja do Sagrado.<\/p>\n<p>Devido a pandemia do Coronav\u00edrus, o Concerto Espiritual de Quaresma deste ano n\u00e3o pode ser realizado. Por isso, aproveitando este tempo forte da Semana Santa, apresentamos a voc\u00ea o reprise do Concerto de Quaresma do ano passado. Fazer mem\u00f3ria, reviver, \u00e9 uma oportunidade de aprofundar a riqueza pr\u00f3pria do tempo lit\u00fargico em que estamos vivendo atrav\u00e9s da m\u00fasica. Al\u00e9m das can\u00e7\u00f5es, o Concerto teve apresenta\u00e7\u00e3o do Frei Marcos Ant\u00f4nio de Andrade, diretor do IMCP, que conduziu o momento intercalando m\u00fasicas com reflex\u00f5es.<\/p>\n<p>Os dias da Semana Santa s\u00e3o os mais importantes para a vida da Igreja para a vida do mundo. O Filho de Deus deixou-se pregar no madeiro da cruz para que todos fic\u00e1ssemos sabendo quanto o Senhor nos ama.\u00a0 N\u00e3o \u00e9 poss\u00edvel ignorar este grito de amor.\u00a0 \u201cPai, em tuas m\u00e3os eu entrego o meu esp\u00edrito\u201d. Atrav\u00e9s desse dom incondicional entramos todos na esfera do amor. &#8216;Jerusal\u00e9m, desta vez, \u00e9 a nossa casa, onde Jesus habita o seio da fam\u00edlia&#8217;. Por isso, pedimos licen\u00e7a para adentrarmos na sua Jerusal\u00e9m.<\/p>\n<p><strong>ACOMPANHE O ESPECIAL COM OS CORAIS DOS CANARINHOS<\/strong><\/p>\n<p><iframe loading=\"lazy\" src=\"https:\/\/www.youtube.com\/embed\/m0AuFg5QI4A\" width=\"100%\" height=\"450\" frameborder=\"0\" allowfullscreen=\"allowfullscreen\"><span data-mce-type=\"bookmark\" style=\"display: inline-block; width: 0px; overflow: hidden; line-height: 0;\" class=\"mce_SELRES_start\">\ufeff<\/span><\/iframe><\/p>\n<p>A pr\u00f3xima apresenta\u00e7\u00e3o ser\u00e1 no dia 10 de abril, Sexta-feira Santa, \u00e0s 18 horas, e no Domingo de P\u00e1scoa, dia 12 de abril, tamb\u00e9m \u00e0s 18 horas. Acompanhe pela p\u00e1gina do Facebook da Par\u00f3quia do Sagrado ou do Instituto dos Canarinhos de Petr\u00f3polis,\u00a0 e tamb\u00e9m pela TvFranciscanos.<\/p>\n<p><strong>CONFIRA A PROGRAMA\u00c7\u00c3O DA SEMANA SANTA<\/strong><\/p>\n<p><img loading=\"lazy\" class=\"wp-image-222947 aligncenter\" src=\"https:\/\/franciscanos.org.br\/noticias\/wp-content\/uploads\/2020\/04\/Semana-Santa-_-Sagrado.png\" alt=\"\" width=\"894\" height=\"1265\" srcset=\"https:\/\/franciscanos.org.br\/noticias\/wp-content\/uploads\/2020\/04\/Semana-Santa-_-Sagrado.png 4761w, https:\/\/franciscanos.org.br\/noticias\/wp-content\/uploads\/2020\/04\/Semana-Santa-_-Sagrado-318x450.png 318w, https:\/\/franciscanos.org.br\/noticias\/wp-content\/uploads\/2020\/04\/Semana-Santa-_-Sagrado-724x1024.png 724w, https:\/\/franciscanos.org.br\/noticias\/wp-content\/uploads\/2020\/04\/Semana-Santa-_-Sagrado-768x1086.png 768w, https:\/\/franciscanos.org.br\/noticias\/wp-content\/uploads\/2020\/04\/Semana-Santa-_-Sagrado-1086x1536.png 1086w, https:\/\/franciscanos.org.br\/noticias\/wp-content\/uploads\/2020\/04\/Semana-Santa-_-Sagrado-1448x2048.png 1448w, https:\/\/franciscanos.org.br\/noticias\/wp-content\/uploads\/2020\/04\/Semana-Santa-_-Sagrado-150x212.png 150w\" sizes=\"(max-width: 894px) 100vw, 894px\" \/><\/p>\n","protected":false},"excerpt":{"rendered":"<p>Corais Canarinhos de Petr\u00f3polis<\/p>\n","protected":false},"author":3,"featured_media":222941,"comment_status":"open","ping_status":"open","sticky":false,"template":"","format":"standard","meta":[],"categories":[1],"tags":[1378,190,257],"acf":[],"yoast_head":"<!-- This site is optimized with the Yoast SEO plugin v19.2 - https:\/\/yoast.com\/wordpress\/plugins\/seo\/ -->\n<title>ESPECIAL: CANARINHOS NA SEMANA SANTA - Not\u00edcias - Franciscanos<\/title>\n<meta name=\"robots\" content=\"index, follow, max-snippet:-1, max-image-preview:large, max-video-preview:-1\" \/>\n<link rel=\"canonical\" href=\"https:\/\/franciscanos.org.br\/noticias\/especial-canarinhos-na-semana-santa.html\" \/>\n<meta property=\"og:locale\" content=\"pt_BR\" \/>\n<meta property=\"og:type\" content=\"article\" \/>\n<meta property=\"og:title\" content=\"ESPECIAL: CANARINHOS NA SEMANA SANTA - Not\u00edcias - Franciscanos\" \/>\n<meta property=\"og:description\" content=\"Corais Canarinhos de Petr\u00f3polis\" \/>\n<meta property=\"og:url\" content=\"https:\/\/franciscanos.org.br\/noticias\/especial-canarinhos-na-semana-santa.html\" \/>\n<meta property=\"og:site_name\" content=\"Not\u00edcias - Franciscanos\" \/>\n<meta property=\"article:published_time\" content=\"2020-04-06T11:35:10+00:00\" \/>\n<meta property=\"article:modified_time\" content=\"2020-04-20T03:44:05+00:00\" \/>\n<meta property=\"og:image\" content=\"https:\/\/franciscanos.org.br\/noticias\/wp-content\/uploads\/2020\/04\/canarinhos_06d.jpg\" \/>\n\t<meta property=\"og:image:width\" content=\"800\" \/>\n\t<meta property=\"og:image:height\" content=\"600\" \/>\n\t<meta property=\"og:image:type\" content=\"image\/jpeg\" \/>\n<meta name=\"author\" content=\"moacir\" \/>\n<meta name=\"twitter:card\" content=\"summary_large_image\" \/>\n<meta name=\"twitter:label1\" content=\"Escrito por\" \/>\n\t<meta name=\"twitter:data1\" content=\"moacir\" \/>\n\t<meta name=\"twitter:label2\" content=\"Est. tempo de leitura\" \/>\n\t<meta name=\"twitter:data2\" content=\"2 minutos\" \/>\n<script type=\"application\/ld+json\" class=\"yoast-schema-graph\">{\"@context\":\"https:\/\/schema.org\",\"@graph\":[{\"@type\":\"WebSite\",\"@id\":\"https:\/\/franciscanos.org.br\/noticias\/#website\",\"url\":\"https:\/\/franciscanos.org.br\/noticias\/\",\"name\":\"Not\u00edcias - Franciscanos\",\"description\":\"Prov\u00edncia Franciscana da Imaculada Concei\u00e7\u00e3o do Brasil - Ordem dos Frades Menores - OFM\",\"potentialAction\":[{\"@type\":\"SearchAction\",\"target\":{\"@type\":\"EntryPoint\",\"urlTemplate\":\"https:\/\/franciscanos.org.br\/noticias\/?s={search_term_string}\"},\"query-input\":\"required name=search_term_string\"}],\"inLanguage\":\"pt-BR\"},{\"@type\":\"ImageObject\",\"inLanguage\":\"pt-BR\",\"@id\":\"https:\/\/franciscanos.org.br\/noticias\/especial-canarinhos-na-semana-santa.html#primaryimage\",\"url\":\"https:\/\/franciscanos.org.br\/noticias\/wp-content\/uploads\/2020\/04\/canarinhos_06d.jpg\",\"contentUrl\":\"https:\/\/franciscanos.org.br\/noticias\/wp-content\/uploads\/2020\/04\/canarinhos_06d.jpg\",\"width\":800,\"height\":600},{\"@type\":\"WebPage\",\"@id\":\"https:\/\/franciscanos.org.br\/noticias\/especial-canarinhos-na-semana-santa.html#webpage\",\"url\":\"https:\/\/franciscanos.org.br\/noticias\/especial-canarinhos-na-semana-santa.html\",\"name\":\"ESPECIAL: CANARINHOS NA SEMANA SANTA - Not\u00edcias - Franciscanos\",\"isPartOf\":{\"@id\":\"https:\/\/franciscanos.org.br\/noticias\/#website\"},\"primaryImageOfPage\":{\"@id\":\"https:\/\/franciscanos.org.br\/noticias\/especial-canarinhos-na-semana-santa.html#primaryimage\"},\"datePublished\":\"2020-04-06T11:35:10+00:00\",\"dateModified\":\"2020-04-20T03:44:05+00:00\",\"author\":{\"@id\":\"https:\/\/franciscanos.org.br\/noticias\/#\/schema\/person\/b5c8cba458c330ccff548b056e95a5d4\"},\"breadcrumb\":{\"@id\":\"https:\/\/franciscanos.org.br\/noticias\/especial-canarinhos-na-semana-santa.html#breadcrumb\"},\"inLanguage\":\"pt-BR\",\"potentialAction\":[{\"@type\":\"ReadAction\",\"target\":[\"https:\/\/franciscanos.org.br\/noticias\/especial-canarinhos-na-semana-santa.html\"]}]},{\"@type\":\"BreadcrumbList\",\"@id\":\"https:\/\/franciscanos.org.br\/noticias\/especial-canarinhos-na-semana-santa.html#breadcrumb\",\"itemListElement\":[{\"@type\":\"ListItem\",\"position\":1,\"name\":\"Home\",\"item\":\"https:\/\/franciscanos.org.br\/noticias\"},{\"@type\":\"ListItem\",\"position\":2,\"name\":\"ESPECIAL: CANARINHOS NA SEMANA SANTA\"}]},{\"@type\":\"Person\",\"@id\":\"https:\/\/franciscanos.org.br\/noticias\/#\/schema\/person\/b5c8cba458c330ccff548b056e95a5d4\",\"name\":\"moacir\",\"image\":{\"@type\":\"ImageObject\",\"inLanguage\":\"pt-BR\",\"@id\":\"https:\/\/franciscanos.org.br\/noticias\/#\/schema\/person\/image\/\",\"url\":\"https:\/\/secure.gravatar.com\/avatar\/d08aa2ce4c8dd416d4479aa8536fcf64?s=96&d=mm&r=g\",\"contentUrl\":\"https:\/\/secure.gravatar.com\/avatar\/d08aa2ce4c8dd416d4479aa8536fcf64?s=96&d=mm&r=g\",\"caption\":\"moacir\"},\"url\":\"https:\/\/franciscanos.org.br\/noticias\/author\/moacir\"}]}<\/script>\n<!-- \/ Yoast SEO plugin. -->","yoast_head_json":{"title":"ESPECIAL: CANARINHOS NA SEMANA SANTA - Not\u00edcias - Franciscanos","robots":{"index":"index","follow":"follow","max-snippet":"max-snippet:-1","max-image-preview":"max-image-preview:large","max-video-preview":"max-video-preview:-1"},"canonical":"https:\/\/franciscanos.org.br\/noticias\/especial-canarinhos-na-semana-santa.html","og_locale":"pt_BR","og_type":"article","og_title":"ESPECIAL: CANARINHOS NA SEMANA SANTA - Not\u00edcias - Franciscanos","og_description":"Corais Canarinhos de Petr\u00f3polis","og_url":"https:\/\/franciscanos.org.br\/noticias\/especial-canarinhos-na-semana-santa.html","og_site_name":"Not\u00edcias - Franciscanos","article_published_time":"2020-04-06T11:35:10+00:00","article_modified_time":"2020-04-20T03:44:05+00:00","og_image":[{"width":800,"height":600,"url":"https:\/\/franciscanos.org.br\/noticias\/wp-content\/uploads\/2020\/04\/canarinhos_06d.jpg","type":"image\/jpeg"}],"author":"moacir","twitter_card":"summary_large_image","twitter_misc":{"Escrito por":"moacir","Est. tempo de leitura":"2 minutos"},"schema":{"@context":"https:\/\/schema.org","@graph":[{"@type":"WebSite","@id":"https:\/\/franciscanos.org.br\/noticias\/#website","url":"https:\/\/franciscanos.org.br\/noticias\/","name":"Not\u00edcias - Franciscanos","description":"Prov\u00edncia Franciscana da Imaculada Concei\u00e7\u00e3o do Brasil - Ordem dos Frades Menores - OFM","potentialAction":[{"@type":"SearchAction","target":{"@type":"EntryPoint","urlTemplate":"https:\/\/franciscanos.org.br\/noticias\/?s={search_term_string}"},"query-input":"required name=search_term_string"}],"inLanguage":"pt-BR"},{"@type":"ImageObject","inLanguage":"pt-BR","@id":"https:\/\/franciscanos.org.br\/noticias\/especial-canarinhos-na-semana-santa.html#primaryimage","url":"https:\/\/franciscanos.org.br\/noticias\/wp-content\/uploads\/2020\/04\/canarinhos_06d.jpg","contentUrl":"https:\/\/franciscanos.org.br\/noticias\/wp-content\/uploads\/2020\/04\/canarinhos_06d.jpg","width":800,"height":600},{"@type":"WebPage","@id":"https:\/\/franciscanos.org.br\/noticias\/especial-canarinhos-na-semana-santa.html#webpage","url":"https:\/\/franciscanos.org.br\/noticias\/especial-canarinhos-na-semana-santa.html","name":"ESPECIAL: CANARINHOS NA SEMANA SANTA - Not\u00edcias - Franciscanos","isPartOf":{"@id":"https:\/\/franciscanos.org.br\/noticias\/#website"},"primaryImageOfPage":{"@id":"https:\/\/franciscanos.org.br\/noticias\/especial-canarinhos-na-semana-santa.html#primaryimage"},"datePublished":"2020-04-06T11:35:10+00:00","dateModified":"2020-04-20T03:44:05+00:00","author":{"@id":"https:\/\/franciscanos.org.br\/noticias\/#\/schema\/person\/b5c8cba458c330ccff548b056e95a5d4"},"breadcrumb":{"@id":"https:\/\/franciscanos.org.br\/noticias\/especial-canarinhos-na-semana-santa.html#breadcrumb"},"inLanguage":"pt-BR","potentialAction":[{"@type":"ReadAction","target":["https:\/\/franciscanos.org.br\/noticias\/especial-canarinhos-na-semana-santa.html"]}]},{"@type":"BreadcrumbList","@id":"https:\/\/franciscanos.org.br\/noticias\/especial-canarinhos-na-semana-santa.html#breadcrumb","itemListElement":[{"@type":"ListItem","position":1,"name":"Home","item":"https:\/\/franciscanos.org.br\/noticias"},{"@type":"ListItem","position":2,"name":"ESPECIAL: CANARINHOS NA SEMANA SANTA"}]},{"@type":"Person","@id":"https:\/\/franciscanos.org.br\/noticias\/#\/schema\/person\/b5c8cba458c330ccff548b056e95a5d4","name":"moacir","image":{"@type":"ImageObject","inLanguage":"pt-BR","@id":"https:\/\/franciscanos.org.br\/noticias\/#\/schema\/person\/image\/","url":"https:\/\/secure.gravatar.com\/avatar\/d08aa2ce4c8dd416d4479aa8536fcf64?s=96&d=mm&r=g","contentUrl":"https:\/\/secure.gravatar.com\/avatar\/d08aa2ce4c8dd416d4479aa8536fcf64?s=96&d=mm&r=g","caption":"moacir"},"url":"https:\/\/franciscanos.org.br\/noticias\/author\/moacir"}]}},"_links":{"self":[{"href":"https:\/\/franciscanos.org.br\/noticias\/wp-json\/wp\/v2\/posts\/222939"}],"collection":[{"href":"https:\/\/franciscanos.org.br\/noticias\/wp-json\/wp\/v2\/posts"}],"about":[{"href":"https:\/\/franciscanos.org.br\/noticias\/wp-json\/wp\/v2\/types\/post"}],"author":[{"embeddable":true,"href":"https:\/\/franciscanos.org.br\/noticias\/wp-json\/wp\/v2\/users\/3"}],"replies":[{"embeddable":true,"href":"https:\/\/franciscanos.org.br\/noticias\/wp-json\/wp\/v2\/comments?post=222939"}],"version-history":[{"count":7,"href":"https:\/\/franciscanos.org.br\/noticias\/wp-json\/wp\/v2\/posts\/222939\/revisions"}],"predecessor-version":[{"id":223277,"href":"https:\/\/franciscanos.org.br\/noticias\/wp-json\/wp\/v2\/posts\/222939\/revisions\/223277"}],"wp:featuredmedia":[{"embeddable":true,"href":"https:\/\/franciscanos.org.br\/noticias\/wp-json\/wp\/v2\/media\/222941"}],"wp:attachment":[{"href":"https:\/\/franciscanos.org.br\/noticias\/wp-json\/wp\/v2\/media?parent=222939"}],"wp:term":[{"taxonomy":"category","embeddable":true,"href":"https:\/\/franciscanos.org.br\/noticias\/wp-json\/wp\/v2\/categories?post=222939"},{"taxonomy":"post_tag","embeddable":true,"href":"https:\/\/franciscanos.org.br\/noticias\/wp-json\/wp\/v2\/tags?post=222939"}],"curies":[{"name":"wp","href":"https:\/\/api.w.org\/{rel}","templated":true}]}}