{"id":222923,"date":"2020-04-05T08:05:24","date_gmt":"2020-04-05T11:05:24","guid":{"rendered":"https:\/\/franciscanos.org.br\/noticias\/?p=222923"},"modified":"2021-08-29T09:56:08","modified_gmt":"2021-08-29T12:56:08","slug":"papa-no-drama-da-pandemia-pedir-a-graca-de-viver-para-servir","status":"publish","type":"post","link":"https:\/\/franciscanos.org.br\/noticias\/papa-no-drama-da-pandemia-pedir-a-graca-de-viver-para-servir.html","title":{"rendered":"Papa: no drama da pandemia, pedir a gra\u00e7a de viver para servir"},"content":{"rendered":"<div id=\"attachment_222924\" style=\"width: 1010px\" class=\"wp-caption alignnone\"><img aria-describedby=\"caption-attachment-222924\" loading=\"lazy\" class=\"wp-image-222924 size-full\" src=\"https:\/\/franciscanos.org.br\/noticias\/wp-content\/uploads\/2020\/04\/ramos_6.jpeg\" alt=\"\" width=\"1000\" height=\"563\" srcset=\"https:\/\/franciscanos.org.br\/noticias\/wp-content\/uploads\/2020\/04\/ramos_6.jpeg 1000w, https:\/\/franciscanos.org.br\/noticias\/wp-content\/uploads\/2020\/04\/ramos_6-450x253.jpeg 450w, https:\/\/franciscanos.org.br\/noticias\/wp-content\/uploads\/2020\/04\/ramos_6-768x432.jpeg 768w, https:\/\/franciscanos.org.br\/noticias\/wp-content\/uploads\/2020\/04\/ramos_6-150x84.jpeg 150w\" sizes=\"(max-width: 1000px) 100vw, 1000px\" \/><p id=\"caption-attachment-222924\" class=\"wp-caption-text\">\u00a0 \u00a0 \u00a0 \u00a0 \u00a0 \u00a0 \u00a0 \u00a0 \u00a0 \u00a0 \u00a0 \u00a0 \u00a0 \u00a0 \u00a0 \u00a0 \u00a0 \u00a0 \u00a0 \u00a0 \u00a0 \u00a0 \u00a0 \u00a0 \u00a0 \u00a0 \u00a0 \u00a0 \u00a0 \u00a0 \u00a0 \u00a0 \u00a0 \u00a0 \u00a0 \u00a0 \u00a0 \u00a0 \u00a0 \u00a0 \u00a0 \u00a0 \u00a0 \u00a0 \u00a0 \u00a0 \u00a0 \u00a0 \u00a0 \u00a0 \u00a0 \u00a0 \u00a0 \u00a0<em> \u00a0 \u00a0 \u00a0Imagens: Vatican Media<\/em><\/p><\/div>\n<p><strong>Cidade do Vaticano<\/strong> &#8211; Em meio \u00e0 pandemia, n\u00e3o s\u00f3 a Pra\u00e7a S\u00e3o Pedro vazia, mas tamb\u00e9m a Bas\u00edlica Vaticana, onde o Papa Francisco presidiu \u00e0 celebra\u00e7\u00e3o eucar\u00edstica neste Domingo de Ramos. Com o Pont\u00edfice, o mestre das cerim\u00f4nias lit\u00fargicas, Mons. Guido Marini, poucos di\u00e1conos, um \u00fanico cardeal, alguns leigos e religiosas. Tamb\u00e9m o coral foi em n\u00famero reduzido.<\/p>\n<p>As oliveiras e os ramos perto do altar central lembravam a entrada triunfante de Jesus em Jerusal\u00e9m. Na homilia, o convite do Papa foi para se deixar guiar pela Palavra de Deus na Semana Santa, que, quase como um refr\u00e3o, mostra Jesus como servo: na Quinta-feira Santa, \u00e9 o servo que lava os p\u00e9s aos disc\u00edpulos; na Sexta-feira Santa, \u00e9 apresentado como o servo sofredor e vitorioso (cf. Is 52, 13); e j\u00e1 amanh\u00e3, Isa\u00edas profetiza: \u00abEis o meu servo que Eu amparo\u00bb (42, 1).<\/p>\n<p>\u201cDeus salvou-nos, servindo-nos. Geralmente pensamos que somos n\u00f3s que servimos a Deus. Mas n\u00e3o; foi Ele que nos serviu gratuitamente, porque nos amou primeiro. \u00c9 dif\u00edcil amar, sem ser amado; e \u00e9 ainda mais dif\u00edcil servir, se n\u00e3o nos deixamos servir por Deus\u201d.<\/p>\n<p><img loading=\"lazy\" class=\"alignnone size-full wp-image-222925\" src=\"https:\/\/franciscanos.org.br\/noticias\/wp-content\/uploads\/2020\/04\/ramos_5.jpeg\" alt=\"\" width=\"1000\" height=\"563\" srcset=\"https:\/\/franciscanos.org.br\/noticias\/wp-content\/uploads\/2020\/04\/ramos_5.jpeg 1000w, https:\/\/franciscanos.org.br\/noticias\/wp-content\/uploads\/2020\/04\/ramos_5-450x253.jpeg 450w, https:\/\/franciscanos.org.br\/noticias\/wp-content\/uploads\/2020\/04\/ramos_5-768x432.jpeg 768w, https:\/\/franciscanos.org.br\/noticias\/wp-content\/uploads\/2020\/04\/ramos_5-150x84.jpeg 150w\" sizes=\"(max-width: 1000px) 100vw, 1000px\" \/><\/p>\n<p><strong>Trai\u00e7\u00e3o e abandono<\/strong><br \/>\nO Senhor, explicou o Papa, nos serviu dando a sua vida por n\u00f3s, a ponto de experimentar as situa\u00e7\u00f5es mais dolorosas para quem ama: a trai\u00e7\u00e3o e o abandono.<\/p>\n<p>Jesus sofreu a trai\u00e7\u00e3o do disc\u00edpulo que O vendeu e do disc\u00edpulo que O renegou, foi tra\u00eddo pela multid\u00e3o, pela institui\u00e7\u00e3o religiosa e pela institui\u00e7\u00e3o pol\u00edtica.<\/p>\n<p>Quando sofremos trai\u00e7\u00f5es, a vida parece deixar de ter sentido. Isso porque nascemos para ser amados e para amar.<\/p>\n<p>\u201cOlhemos dentro n\u00f3s mesmos; se formos sinceros para conosco, veremos as nossas infidelidades. Tanta falsidade, hipocrisia e fingimento! Tantas boas inten\u00e7\u00f5es tra\u00eddas! Tantas promessas quebradas! Tantos prop\u00f3sitos esmorecidos! O Senhor conhece melhor do que n\u00f3s o nosso cora\u00e7\u00e3o; sabe como somos fracos e inconstantes.\u201d<\/p>\n<p>O que Ele faz para nos servir \u00e9 tomar sobre Si as nossas infidelidades, removendo as nossas trai\u00e7\u00f5es. Assim, n\u00f3s, em vez de desanimarmos com medo de n\u00e3o ser capazes, podemos levantar o olhar para o Crucificado e seguir em frente.<\/p>\n<p><img loading=\"lazy\" class=\"alignnone size-full wp-image-222926\" src=\"https:\/\/franciscanos.org.br\/noticias\/wp-content\/uploads\/2020\/04\/ramos_3.jpeg\" alt=\"\" width=\"1000\" height=\"563\" srcset=\"https:\/\/franciscanos.org.br\/noticias\/wp-content\/uploads\/2020\/04\/ramos_3.jpeg 1000w, https:\/\/franciscanos.org.br\/noticias\/wp-content\/uploads\/2020\/04\/ramos_3-450x253.jpeg 450w, https:\/\/franciscanos.org.br\/noticias\/wp-content\/uploads\/2020\/04\/ramos_3-768x432.jpeg 768w, https:\/\/franciscanos.org.br\/noticias\/wp-content\/uploads\/2020\/04\/ramos_3-150x84.jpeg 150w\" sizes=\"(max-width: 1000px) 100vw, 1000px\" \/><\/p>\n<p><strong>Meu Deus, meu Deus, por que Me abandonaste?<\/strong><br \/>\nSobre o abandono de Jesus, nada \u00e9 mais impressionante do que as palavras pronunciadas por Ele na cruz: Meu Deus, meu Deus, por que Me abandonaste?<\/p>\n<p>No abismo da solid\u00e3o, pela primeira vez Jesus O designa pelo nome gen\u00e9rico de \u00abDeus\u00bb. Na realidade, explicou Francisco, trata-se das palavras de um Salmo (cf. 22, 2), que dizem como Jesus levou \u00e0 ora\u00e7\u00e3o inclusive a extrema desola\u00e7\u00e3o.<\/p>\n<p>O porqu\u00ea de tudo isto, mais uma vez encontramos na palavra servi\u00e7o. Jesus morreu por n\u00f3s, para nos servir. Lembremo-nos de que n\u00e3o estamos s\u00f3s:<\/p>\n<p>\u201cHoje, no drama da pandemia, perante tantas certezas que se desmoronam, diante de tantas expetativas tra\u00eddas, no sentido de abandono que nos aperta o cora\u00e7\u00e3o, Jesus diz a cada um: Coragem! Abra o cora\u00e7\u00e3o ao meu amor.\u201d<\/p>\n<p>Estamos no mundo para amar a Ele e aos outros, disse ainda o Papa: \u201co resto passa, isto permanece. O drama que estamos atravessando impele-nos a levar a s\u00e9rio o que \u00e9 s\u00e9rio, a n\u00e3o nos perdermos em coisas de pouco valor; a redescobrir que a vida n\u00e3o serve, se n\u00e3o se serve. Porque a vida mede-se pelo amor\u201d.<\/p>\n<p><img loading=\"lazy\" class=\"alignnone size-full wp-image-222927\" src=\"https:\/\/franciscanos.org.br\/noticias\/wp-content\/uploads\/2020\/04\/ramos_4.jpeg\" alt=\"\" width=\"1000\" height=\"563\" srcset=\"https:\/\/franciscanos.org.br\/noticias\/wp-content\/uploads\/2020\/04\/ramos_4.jpeg 1000w, https:\/\/franciscanos.org.br\/noticias\/wp-content\/uploads\/2020\/04\/ramos_4-450x253.jpeg 450w, https:\/\/franciscanos.org.br\/noticias\/wp-content\/uploads\/2020\/04\/ramos_4-768x432.jpeg 768w, https:\/\/franciscanos.org.br\/noticias\/wp-content\/uploads\/2020\/04\/ramos_4-150x84.jpeg 150w\" sizes=\"(max-width: 1000px) 100vw, 1000px\" \/><\/p>\n<p><strong>Jovens: viver para servir<\/strong><br \/>\nA exorta\u00e7\u00e3o do Pont\u00edfice, nestes dias da Semana Santa, em casa, \u00e9 permanecer diante do Crucificado. Diante de Deus, pedir a gra\u00e7a de viver para servir. \u201cProcuremos contatar quem sofre, quem est\u00e1 sozinho e necessitado. N\u00e3o pensemos s\u00f3 naquilo que nos falta, mas no bem que podemos fazer.\u201d<\/p>\n<p>A senda do servi\u00e7o, concluiu Francisco, \u00e9 o caminho vencedor, que nos salvou e salva a vida. E essas palavras foram dedicadas aos jovens, que hoje celebram a 35 Jornada Mundial da Juventude:<\/p>\n<p>\u201cQueridos amigos, olhem para os verdadeiros her\u00f3is que v\u00eam \u00e0 luz nestes dias: n\u00e3o s\u00e3o aqueles que t\u00eam fama, dinheiro e sucesso, mas aqueles que se oferecem para servir os outros. Sintam-se chamados a arriscar a vida. Porque a maior alegria \u00e9 dizer sim ao amor, sem se nem mas&#8230; Como fez Jesus por n\u00f3s.\u201d<\/p>\n<p><img loading=\"lazy\" class=\"alignnone size-full wp-image-222928\" src=\"https:\/\/franciscanos.org.br\/noticias\/wp-content\/uploads\/2020\/04\/ramos_2.jpeg\" alt=\"\" width=\"1000\" height=\"563\" srcset=\"https:\/\/franciscanos.org.br\/noticias\/wp-content\/uploads\/2020\/04\/ramos_2.jpeg 1000w, https:\/\/franciscanos.org.br\/noticias\/wp-content\/uploads\/2020\/04\/ramos_2-450x253.jpeg 450w, https:\/\/franciscanos.org.br\/noticias\/wp-content\/uploads\/2020\/04\/ramos_2-768x432.jpeg 768w, https:\/\/franciscanos.org.br\/noticias\/wp-content\/uploads\/2020\/04\/ramos_2-150x84.jpeg 150w\" sizes=\"(max-width: 1000px) 100vw, 1000px\" \/><\/p>\n<p><strong>#RezemosJuntos na Semana Santa<\/strong><\/p>\n<p>O <em>Vatican News<\/em> transmitir\u00e1 todas as celebra\u00e7\u00f5es, com coment\u00e1rios em portugu\u00eas, nos seguintes dias e hor\u00e1rios: (o hor\u00e1rio indicado refere-se ao hor\u00e1rio de Roma: &#8211; 2 Angola; &#8211; 5 Brasil; &#8211; 3 Cabo Verde; &#8211; 2 Guin\u00e9 Bissau; +6 Macau; Mo\u00e7ambique mesmo hor\u00e1rio da It\u00e1lia; &#8211; 1 Portugal; &#8211; 2 S\u00e3o Tom\u00e9 e Pr\u00edncipe; +7 Timor Leste)<\/p>\n<p><strong>9 de abril de 2020 &#8211; Quinta-feira Santa<\/strong><\/p>\n<p><strong>18h:<\/strong> Santa Missa na Ceia do Senhor<\/p>\n<p><strong>10 de abril de 2020 &#8211;<\/strong> Sexta-feira Santa<\/p>\n<p><strong>18h:<\/strong> Celebra\u00e7\u00e3o da Paix\u00e3o do Senhor<br \/>\n21h: Via Sacra (no sagrado da Bas\u00edlica de S\u00e3o Pedro)<\/p>\n<p><strong>11 de abril de 2020 &#8211;<\/strong> S\u00e1bado Santo<\/p>\n<p><strong>21h:<\/strong> Vig\u00edlia Pascal na noite santa<\/p>\n<p><strong>12 de abril de 2020<\/strong> &#8211; Domingo de P\u00e1scoa &#8211; Ressurrei\u00e7\u00e3o do Senhor<br \/>\n<strong>11h:<\/strong> Santa Missa do dia<\/p>\n<p><em>No final da Santa Missa, o Santo Padre conceder\u00e1 a b\u00ean\u00e7\u00e3o &#8220;Urbi et Orbi&#8221;.<\/em><\/p>\n<hr \/>\n<p><em>Fonte: Vatican News<\/em><\/p>\n","protected":false},"excerpt":{"rendered":"<p>Domingo de Ramos no Vaticano<\/p>\n","protected":false},"author":3,"featured_media":222929,"comment_status":"open","ping_status":"open","sticky":false,"template":"","format":"standard","meta":[],"categories":[1428],"tags":[626],"acf":[],"yoast_head":"<!-- This site is optimized with the Yoast SEO plugin v19.2 - https:\/\/yoast.com\/wordpress\/plugins\/seo\/ -->\n<title>Papa: no drama da pandemia, pedir a gra\u00e7a de viver para servir - Not\u00edcias - Franciscanos<\/title>\n<meta name=\"robots\" content=\"index, follow, max-snippet:-1, max-image-preview:large, max-video-preview:-1\" \/>\n<link rel=\"canonical\" href=\"https:\/\/franciscanos.org.br\/noticias\/papa-no-drama-da-pandemia-pedir-a-graca-de-viver-para-servir.html\" \/>\n<meta property=\"og:locale\" content=\"pt_BR\" \/>\n<meta property=\"og:type\" content=\"article\" \/>\n<meta property=\"og:title\" content=\"Papa: no drama da pandemia, pedir a gra\u00e7a de viver para servir - Not\u00edcias - Franciscanos\" \/>\n<meta property=\"og:description\" content=\"Domingo de Ramos no Vaticano\" \/>\n<meta property=\"og:url\" content=\"https:\/\/franciscanos.org.br\/noticias\/papa-no-drama-da-pandemia-pedir-a-graca-de-viver-para-servir.html\" \/>\n<meta property=\"og:site_name\" content=\"Not\u00edcias - Franciscanos\" \/>\n<meta property=\"article:published_time\" content=\"2020-04-05T11:05:24+00:00\" \/>\n<meta property=\"article:modified_time\" content=\"2021-08-29T12:56:08+00:00\" \/>\n<meta property=\"og:image\" content=\"https:\/\/franciscanos.org.br\/noticias\/wp-content\/uploads\/2020\/04\/ramos_05d.jpg\" \/>\n\t<meta property=\"og:image:width\" content=\"800\" \/>\n\t<meta property=\"og:image:height\" content=\"601\" \/>\n\t<meta property=\"og:image:type\" content=\"image\/jpeg\" \/>\n<meta name=\"author\" content=\"moacir\" \/>\n<meta name=\"twitter:card\" content=\"summary_large_image\" \/>\n<meta name=\"twitter:label1\" content=\"Escrito por\" \/>\n\t<meta name=\"twitter:data1\" content=\"moacir\" \/>\n\t<meta name=\"twitter:label2\" content=\"Est. tempo de leitura\" \/>\n\t<meta name=\"twitter:data2\" content=\"4 minutos\" \/>\n<script type=\"application\/ld+json\" class=\"yoast-schema-graph\">{\"@context\":\"https:\/\/schema.org\",\"@graph\":[{\"@type\":\"WebSite\",\"@id\":\"https:\/\/franciscanos.org.br\/noticias\/#website\",\"url\":\"https:\/\/franciscanos.org.br\/noticias\/\",\"name\":\"Not\u00edcias - Franciscanos\",\"description\":\"Prov\u00edncia Franciscana da Imaculada Concei\u00e7\u00e3o do Brasil - Ordem dos Frades Menores - OFM\",\"potentialAction\":[{\"@type\":\"SearchAction\",\"target\":{\"@type\":\"EntryPoint\",\"urlTemplate\":\"https:\/\/franciscanos.org.br\/noticias\/?s={search_term_string}\"},\"query-input\":\"required name=search_term_string\"}],\"inLanguage\":\"pt-BR\"},{\"@type\":\"ImageObject\",\"inLanguage\":\"pt-BR\",\"@id\":\"https:\/\/franciscanos.org.br\/noticias\/papa-no-drama-da-pandemia-pedir-a-graca-de-viver-para-servir.html#primaryimage\",\"url\":\"https:\/\/franciscanos.org.br\/noticias\/wp-content\/uploads\/2020\/04\/ramos_05d.jpg\",\"contentUrl\":\"https:\/\/franciscanos.org.br\/noticias\/wp-content\/uploads\/2020\/04\/ramos_05d.jpg\",\"width\":800,\"height\":601},{\"@type\":\"WebPage\",\"@id\":\"https:\/\/franciscanos.org.br\/noticias\/papa-no-drama-da-pandemia-pedir-a-graca-de-viver-para-servir.html#webpage\",\"url\":\"https:\/\/franciscanos.org.br\/noticias\/papa-no-drama-da-pandemia-pedir-a-graca-de-viver-para-servir.html\",\"name\":\"Papa: no drama da pandemia, pedir a gra\u00e7a de viver para servir - Not\u00edcias - Franciscanos\",\"isPartOf\":{\"@id\":\"https:\/\/franciscanos.org.br\/noticias\/#website\"},\"primaryImageOfPage\":{\"@id\":\"https:\/\/franciscanos.org.br\/noticias\/papa-no-drama-da-pandemia-pedir-a-graca-de-viver-para-servir.html#primaryimage\"},\"datePublished\":\"2020-04-05T11:05:24+00:00\",\"dateModified\":\"2021-08-29T12:56:08+00:00\",\"author\":{\"@id\":\"https:\/\/franciscanos.org.br\/noticias\/#\/schema\/person\/b5c8cba458c330ccff548b056e95a5d4\"},\"breadcrumb\":{\"@id\":\"https:\/\/franciscanos.org.br\/noticias\/papa-no-drama-da-pandemia-pedir-a-graca-de-viver-para-servir.html#breadcrumb\"},\"inLanguage\":\"pt-BR\",\"potentialAction\":[{\"@type\":\"ReadAction\",\"target\":[\"https:\/\/franciscanos.org.br\/noticias\/papa-no-drama-da-pandemia-pedir-a-graca-de-viver-para-servir.html\"]}]},{\"@type\":\"BreadcrumbList\",\"@id\":\"https:\/\/franciscanos.org.br\/noticias\/papa-no-drama-da-pandemia-pedir-a-graca-de-viver-para-servir.html#breadcrumb\",\"itemListElement\":[{\"@type\":\"ListItem\",\"position\":1,\"name\":\"Home\",\"item\":\"https:\/\/franciscanos.org.br\/noticias\"},{\"@type\":\"ListItem\",\"position\":2,\"name\":\"Papa: no drama da pandemia, pedir a gra\u00e7a de viver para servir\"}]},{\"@type\":\"Person\",\"@id\":\"https:\/\/franciscanos.org.br\/noticias\/#\/schema\/person\/b5c8cba458c330ccff548b056e95a5d4\",\"name\":\"moacir\",\"image\":{\"@type\":\"ImageObject\",\"inLanguage\":\"pt-BR\",\"@id\":\"https:\/\/franciscanos.org.br\/noticias\/#\/schema\/person\/image\/\",\"url\":\"https:\/\/secure.gravatar.com\/avatar\/d08aa2ce4c8dd416d4479aa8536fcf64?s=96&d=mm&r=g\",\"contentUrl\":\"https:\/\/secure.gravatar.com\/avatar\/d08aa2ce4c8dd416d4479aa8536fcf64?s=96&d=mm&r=g\",\"caption\":\"moacir\"},\"url\":\"https:\/\/franciscanos.org.br\/noticias\/author\/moacir\"}]}<\/script>\n<!-- \/ Yoast SEO plugin. -->","yoast_head_json":{"title":"Papa: no drama da pandemia, pedir a gra\u00e7a de viver para servir - Not\u00edcias - Franciscanos","robots":{"index":"index","follow":"follow","max-snippet":"max-snippet:-1","max-image-preview":"max-image-preview:large","max-video-preview":"max-video-preview:-1"},"canonical":"https:\/\/franciscanos.org.br\/noticias\/papa-no-drama-da-pandemia-pedir-a-graca-de-viver-para-servir.html","og_locale":"pt_BR","og_type":"article","og_title":"Papa: no drama da pandemia, pedir a gra\u00e7a de viver para servir - Not\u00edcias - Franciscanos","og_description":"Domingo de Ramos no Vaticano","og_url":"https:\/\/franciscanos.org.br\/noticias\/papa-no-drama-da-pandemia-pedir-a-graca-de-viver-para-servir.html","og_site_name":"Not\u00edcias - Franciscanos","article_published_time":"2020-04-05T11:05:24+00:00","article_modified_time":"2021-08-29T12:56:08+00:00","og_image":[{"width":800,"height":601,"url":"https:\/\/franciscanos.org.br\/noticias\/wp-content\/uploads\/2020\/04\/ramos_05d.jpg","type":"image\/jpeg"}],"author":"moacir","twitter_card":"summary_large_image","twitter_misc":{"Escrito por":"moacir","Est. tempo de leitura":"4 minutos"},"schema":{"@context":"https:\/\/schema.org","@graph":[{"@type":"WebSite","@id":"https:\/\/franciscanos.org.br\/noticias\/#website","url":"https:\/\/franciscanos.org.br\/noticias\/","name":"Not\u00edcias - Franciscanos","description":"Prov\u00edncia Franciscana da Imaculada Concei\u00e7\u00e3o do Brasil - Ordem dos Frades Menores - OFM","potentialAction":[{"@type":"SearchAction","target":{"@type":"EntryPoint","urlTemplate":"https:\/\/franciscanos.org.br\/noticias\/?s={search_term_string}"},"query-input":"required name=search_term_string"}],"inLanguage":"pt-BR"},{"@type":"ImageObject","inLanguage":"pt-BR","@id":"https:\/\/franciscanos.org.br\/noticias\/papa-no-drama-da-pandemia-pedir-a-graca-de-viver-para-servir.html#primaryimage","url":"https:\/\/franciscanos.org.br\/noticias\/wp-content\/uploads\/2020\/04\/ramos_05d.jpg","contentUrl":"https:\/\/franciscanos.org.br\/noticias\/wp-content\/uploads\/2020\/04\/ramos_05d.jpg","width":800,"height":601},{"@type":"WebPage","@id":"https:\/\/franciscanos.org.br\/noticias\/papa-no-drama-da-pandemia-pedir-a-graca-de-viver-para-servir.html#webpage","url":"https:\/\/franciscanos.org.br\/noticias\/papa-no-drama-da-pandemia-pedir-a-graca-de-viver-para-servir.html","name":"Papa: no drama da pandemia, pedir a gra\u00e7a de viver para servir - Not\u00edcias - Franciscanos","isPartOf":{"@id":"https:\/\/franciscanos.org.br\/noticias\/#website"},"primaryImageOfPage":{"@id":"https:\/\/franciscanos.org.br\/noticias\/papa-no-drama-da-pandemia-pedir-a-graca-de-viver-para-servir.html#primaryimage"},"datePublished":"2020-04-05T11:05:24+00:00","dateModified":"2021-08-29T12:56:08+00:00","author":{"@id":"https:\/\/franciscanos.org.br\/noticias\/#\/schema\/person\/b5c8cba458c330ccff548b056e95a5d4"},"breadcrumb":{"@id":"https:\/\/franciscanos.org.br\/noticias\/papa-no-drama-da-pandemia-pedir-a-graca-de-viver-para-servir.html#breadcrumb"},"inLanguage":"pt-BR","potentialAction":[{"@type":"ReadAction","target":["https:\/\/franciscanos.org.br\/noticias\/papa-no-drama-da-pandemia-pedir-a-graca-de-viver-para-servir.html"]}]},{"@type":"BreadcrumbList","@id":"https:\/\/franciscanos.org.br\/noticias\/papa-no-drama-da-pandemia-pedir-a-graca-de-viver-para-servir.html#breadcrumb","itemListElement":[{"@type":"ListItem","position":1,"name":"Home","item":"https:\/\/franciscanos.org.br\/noticias"},{"@type":"ListItem","position":2,"name":"Papa: no drama da pandemia, pedir a gra\u00e7a de viver para servir"}]},{"@type":"Person","@id":"https:\/\/franciscanos.org.br\/noticias\/#\/schema\/person\/b5c8cba458c330ccff548b056e95a5d4","name":"moacir","image":{"@type":"ImageObject","inLanguage":"pt-BR","@id":"https:\/\/franciscanos.org.br\/noticias\/#\/schema\/person\/image\/","url":"https:\/\/secure.gravatar.com\/avatar\/d08aa2ce4c8dd416d4479aa8536fcf64?s=96&d=mm&r=g","contentUrl":"https:\/\/secure.gravatar.com\/avatar\/d08aa2ce4c8dd416d4479aa8536fcf64?s=96&d=mm&r=g","caption":"moacir"},"url":"https:\/\/franciscanos.org.br\/noticias\/author\/moacir"}]}},"_links":{"self":[{"href":"https:\/\/franciscanos.org.br\/noticias\/wp-json\/wp\/v2\/posts\/222923"}],"collection":[{"href":"https:\/\/franciscanos.org.br\/noticias\/wp-json\/wp\/v2\/posts"}],"about":[{"href":"https:\/\/franciscanos.org.br\/noticias\/wp-json\/wp\/v2\/types\/post"}],"author":[{"embeddable":true,"href":"https:\/\/franciscanos.org.br\/noticias\/wp-json\/wp\/v2\/users\/3"}],"replies":[{"embeddable":true,"href":"https:\/\/franciscanos.org.br\/noticias\/wp-json\/wp\/v2\/comments?post=222923"}],"version-history":[{"count":4,"href":"https:\/\/franciscanos.org.br\/noticias\/wp-json\/wp\/v2\/posts\/222923\/revisions"}],"predecessor-version":[{"id":233935,"href":"https:\/\/franciscanos.org.br\/noticias\/wp-json\/wp\/v2\/posts\/222923\/revisions\/233935"}],"wp:featuredmedia":[{"embeddable":true,"href":"https:\/\/franciscanos.org.br\/noticias\/wp-json\/wp\/v2\/media\/222929"}],"wp:attachment":[{"href":"https:\/\/franciscanos.org.br\/noticias\/wp-json\/wp\/v2\/media?parent=222923"}],"wp:term":[{"taxonomy":"category","embeddable":true,"href":"https:\/\/franciscanos.org.br\/noticias\/wp-json\/wp\/v2\/categories?post=222923"},{"taxonomy":"post_tag","embeddable":true,"href":"https:\/\/franciscanos.org.br\/noticias\/wp-json\/wp\/v2\/tags?post=222923"}],"curies":[{"name":"wp","href":"https:\/\/api.w.org\/{rel}","templated":true}]}}