{"id":222899,"date":"2020-04-03T07:42:18","date_gmt":"2020-04-03T10:42:18","guid":{"rendered":"https:\/\/franciscanos.org.br\/noticias\/?p=222899"},"modified":"2020-04-04T21:39:07","modified_gmt":"2020-04-05T00:39:07","slug":"presidente-da-comissao-para-a-doutrina","status":"publish","type":"post","link":"https:\/\/franciscanos.org.br\/noticias\/presidente-da-comissao-para-a-doutrina.html","title":{"rendered":"Covid-19: Presidente da Comiss\u00e3o para a Doutrina da F\u00e9 esclarece sobre confus\u00f5es em rela\u00e7\u00e3o \u00e0 f\u00e9"},"content":{"rendered":"<div class=\"wp-caption\"><a class=\"lightbox-photo\" title=\"Presidente da Comiss\u00e3o para a Doutrina da F\u00e9 da CNBB esclarece sobre confus\u00f5es em rela\u00e7\u00e3o \u00e0 f\u00e9 que circulam nas redes sociais a respeito da Covid-19\" href=\"https:\/\/www.cnbb.org.br\/wp-content\/uploads\/sites\/32\/2020\/04\/sstopic-e1585830600341.jpg\"><img loading=\"lazy\" src=\"https:\/\/www.cnbb.org.br\/wp-content\/uploads\/sites\/32\/2020\/04\/sstopic-e1585830600341-1200x762_c.jpg\" srcset=\"https:\/\/www.cnbb.org.br\/wp-content\/uploads\/sites\/32\/2020\/04\/sstopic-e1585830600341-2400x1524_c.jpg 2x\" alt=\"Presidente da Comiss\u00e3o para a Doutrina da F\u00e9 da CNBB esclarece sobre confus\u00f5es em rela\u00e7\u00e3o \u00e0 f\u00e9 que circulam nas redes sociais a respeito da Covid-19\" width=\"1200\" height=\"762\" \/><\/a><\/div>\n<p>Na \u00faltima sexta-feira, 27 de mar\u00e7o, pela primeira vez, o mundo se uniu em ora\u00e7\u00e3o ao Papa Francisco para acompanhar, direto da Pra\u00e7a S\u00e3o Pedro vazia, a b\u00ean\u00e7\u00e3o extraordin\u00e1ria Urbi et Orbi \u2013 que geralmente \u00e9 feita apenas no Natal e na P\u00e1scoa. O momento de ora\u00e7\u00e3o foi um pedido pelo fim da pandemia do novo coronav\u00edrus. Al\u00e9m disso, Francisco concedeu indulg\u00eancia plen\u00e1ria \u2013 que \u00e9 o perd\u00e3o do mal causado como consequ\u00eancia do pecado \u2013 aos fi\u00e9is.<\/p>\n<p>Desde o in\u00edcio da pandemia no Brasil, in\u00fameros momentos de ora\u00e7\u00e3o, reflex\u00e3o e prega\u00e7\u00e3o t\u00eam tomado conta das redes sociais. Muitos deles sem fundamento algum na Doutrina Cat\u00f3lica, que \u00e9 constitu\u00edda pelo conjunto de dogmas, verdades de f\u00e9 , ensinamentos, preceitos e leis que formam o magist\u00e9rio da Igreja Cat\u00f3lica Apost\u00f3lica Romana.<\/p>\n<div id=\"attachment_236334\" class=\"wp-caption alignright\">\n<p id=\"caption-attachment-236334\" class=\"wp-caption-text\">\n<\/div>\n<p><img loading=\"lazy\" class=\"size-full wp-image-222900 alignleft\" src=\"https:\/\/franciscanos.org.br\/noticias\/wp-content\/uploads\/2020\/04\/altemeyer_250219G.jpg\" alt=\"\" width=\"400\" height=\"399\" srcset=\"https:\/\/franciscanos.org.br\/noticias\/wp-content\/uploads\/2020\/04\/altemeyer_250219G.jpg 400w, https:\/\/franciscanos.org.br\/noticias\/wp-content\/uploads\/2020\/04\/altemeyer_250219G-300x300.jpg 300w, https:\/\/franciscanos.org.br\/noticias\/wp-content\/uploads\/2020\/04\/altemeyer_250219G-150x150.jpg 150w, https:\/\/franciscanos.org.br\/noticias\/wp-content\/uploads\/2020\/04\/altemeyer_250219G-100x100.jpg 100w\" sizes=\"(max-width: 400px) 100vw, 400px\" \/>O professor de teologia da Pontif\u00edcia Universidade Cat\u00f3lica de S\u00e3o Paulo (PUC-SP), Fernando Altemeyer J\u00fanior, escreveu recentemente sobre amuletos e prote\u00e7\u00e3o.\u00a0<em>\u201cDeus n\u00e3o escolhe uns e mata outros de forma s\u00e1dica ou como algo inevit\u00e1vel da roda c\u00edclica da morte\u201d, disse.<\/em><\/p>\n<p>Em um trecho do texto, o professor destaca que\u00a0<em>\u201cessa maneira de ver a religi\u00e3o como amuleto da sorte, ou posse de objetos sagrados que me salvassem do mal que todos estamos submetidos \u00e9 tremendamente defeituosa e caricata. Falsifica Deus e o faz ser um agente do mal\u201d.<\/em><\/p>\n<p>Ainda segundo o texto, o te\u00f3logo afirma que a ora\u00e7\u00e3o n\u00e3o \u00e9 vacina nem \u00e9 ant\u00eddoto.\u00a0<em>\u201cSe fosse assim a dezena de padres mortos em Bolonha estaria viva! F\u00e9 \u00e9 a for\u00e7a da esperan\u00e7a de quem cr\u00ea e confia sem resultados aparentes. Pessoas de f\u00e9 tamb\u00e9m morrem e \u00e0s vezes mais que os incr\u00e9dulos. F\u00e9 n\u00e3o salva uns e mata outros, protegendo uns e discriminando outros. Se fosse assim estar\u00edamos dizendo que Deus detesta It\u00e1lia e ama o Brasil\u201d.<\/em><\/p>\n<p>O professor Altemeyer destaca no texto que\u00a0<em>\u201cDeus nos ama por igual, todos e cada um, crente ou ateu, mesmo se n\u00e3o rez\u00e1ssemos nem um pai-nosso. Deus que \u00e9 Pai perdoa antes que abramos a nossa boca. Aten\u00e7\u00e3o para esse tipo de religi\u00e3o m\u00e1gica de barganha e privil\u00e9gios\u201d.<\/em><\/p>\n<h3><strong><img loading=\"lazy\" class=\"alignright size-full wp-image-222905\" src=\"https:\/\/franciscanos.org.br\/noticias\/wp-content\/uploads\/2020\/04\/cipolline_d.jpg\" alt=\"\" width=\"400\" height=\"412\" srcset=\"https:\/\/franciscanos.org.br\/noticias\/wp-content\/uploads\/2020\/04\/cipolline_d.jpg 400w, https:\/\/franciscanos.org.br\/noticias\/wp-content\/uploads\/2020\/04\/cipolline_d-150x155.jpg 150w\" sizes=\"(max-width: 400px) 100vw, 400px\" \/>Leia a aqui entrevista completa:<\/strong><\/h3>\n<p><em>Em uma r\u00e1pida busca pela internet \u00e9 poss\u00edvel ver que as pessoas t\u00eam escrito e compartilhado \u201cexplica\u00e7\u00f5es\u201d sobre os des\u00edgnios de Deus a respeito da pandemia do coronav\u00edrus. Diante disso, o portal da Confer\u00eancia Nacional dos Bispos do Brasil (CNBB) conversou com o bispo de Santo Andr\u00e9 e presidente da Comiss\u00e3o Episcopal para a Doutrina da F\u00e9 da CNBB, dom Pedro Carlos Cipollini, que destacou que esta vis\u00e3o de que Deus castiga e pune n\u00e3o est\u00e1 de acordo com a revela\u00e7\u00e3o que Jesus nos fez do Pai que n\u00e3o quer a morte do pecador, mas que ele se converta de vida.<\/em><\/p>\n<p><strong><em>Deus quem manda o v\u00edrus para converter o povo?<\/em><\/strong><\/p>\n<p>N\u00e3o \u00e9 Deus que manda. Esta vis\u00e3o de que Deus castiga e pune n\u00e3o \u00e9 de acordo com a revela\u00e7\u00e3o que Jesus nos fez do Pai que n\u00e3o quer a morte do pecador, mas que ele se converta e viva. Jesus disse ainda: quero miseric\u00f3rdia e n\u00e3o sacrif\u00edcio.<\/p>\n<p><strong><em>Deus n\u00e3o manda, mas permite com um objetivo maior?<\/em><\/strong><\/p>\n<p>Deus permite? Sim. Deus permite as consequ\u00eancias das a\u00e7\u00f5es do pr\u00f3prio homem que hoje por exemplo est\u00e1 de certa forma destruindo a natureza, a terra, nossa casa comum. Isto porque Deus \u00e9 Pai mas n\u00e3o paternalista, ele permite que soframos as consequ\u00eancias de nossas escolhas.<\/p>\n<p><strong><em>A f\u00e9 pode ser uma armadura e evitar as infec\u00e7\u00f5es?<\/em><\/strong><\/p>\n<p>A f\u00e9 \u00e9 sempre uma armadura do esp\u00edrito para, mais que evitar, vencer o mal em todas as suas manifesta\u00e7\u00f5es. Por\u00e9m, a cura pode ser fruto da pr\u00f3pria a\u00e7\u00e3o inteligente do homem que consegue descobrir os rem\u00e9dios necess\u00e1rios. Agora algumas curas s\u00e3o especiais e fruto da interven\u00e7\u00e3o direta de Deus sem explica\u00e7\u00f5es cient\u00edficas.<\/p>\n<p><strong><em>Somente os n\u00e3o pecadores e convertidos ser\u00e3o salvos?<\/em><\/strong><\/p>\n<p>Esta pergunta sobre quem ser\u00e1 salvo est\u00e1 l\u00e1 no Evangelho de Marcos (cap. 16,16) \u201cquem crer ser\u00e1 salvo\u201d . Consideremos que este ato misterioso de crer pode vir at\u00e9 em um \u00faltimo momento como veio para o bom ladr\u00e3o. Ser\u00e3o salvos os pecadores que reconhecem seu pecado e os que est\u00e3o no caminho da convers\u00e3o. Deus quer que todos se salvem e nenhum se perca.<\/p>\n<p><strong><em>Como podemos enxergar coerentemente aos olhos da f\u00e9 tudo que est\u00e1 acontecendo?<\/em><\/strong><\/p>\n<p>Aos olhos da f\u00e9 devemos ver a a\u00e7\u00e3o de Deus em tudo. Ele est\u00e1 presente em tudo o que acontece mesmo que seja algo que aparentemente seja absurdo como a morte de um inocente na cruz (Jesus). A f\u00e9 nos ensina al\u00e9m disso que tudo concorre para o bem dos que creem e amam a Deus. Pois Deus sabe tirar o bem de situa\u00e7\u00f5es que s\u00e3o ruins como a morte na cruz. Foi passando pela cruz que Jesus ressuscitou. Morrendo destruiu a morte. A f\u00e9 aponta para o mist\u00e9rio pascal que est\u00e1 impresso em todas as realidades e tamb\u00e9m nessa de pandemia. \u00c9 um momento de sofrimento, mas Deus far\u00e1 surgir uma luz. A vida tem a \u00faltima palavra, Deus tem a \u00faltima palavra, esta \u00e9 a vis\u00e3o da f\u00e9.<\/p>\n<p><em>Fonte: Site da CNBB<\/em><\/p>\n","protected":false},"excerpt":{"rendered":"<p>CNBB<\/p>\n","protected":false},"author":3,"featured_media":222901,"comment_status":"open","ping_status":"open","sticky":false,"template":"","format":"standard","meta":[],"categories":[1],"tags":[29],"acf":[],"yoast_head":"<!-- This site is optimized with the Yoast SEO plugin v19.2 - https:\/\/yoast.com\/wordpress\/plugins\/seo\/ -->\n<title>Covid-19: Presidente da Comiss\u00e3o para a Doutrina da F\u00e9 esclarece sobre confus\u00f5es em rela\u00e7\u00e3o \u00e0 f\u00e9 - Not\u00edcias - Franciscanos<\/title>\n<meta name=\"robots\" content=\"index, follow, max-snippet:-1, max-image-preview:large, max-video-preview:-1\" \/>\n<link rel=\"canonical\" href=\"https:\/\/franciscanos.org.br\/noticias\/presidente-da-comissao-para-a-doutrina.html\" \/>\n<meta property=\"og:locale\" content=\"pt_BR\" \/>\n<meta property=\"og:type\" content=\"article\" \/>\n<meta property=\"og:title\" content=\"Covid-19: Presidente da Comiss\u00e3o para a Doutrina da F\u00e9 esclarece sobre confus\u00f5es em rela\u00e7\u00e3o \u00e0 f\u00e9 - Not\u00edcias - Franciscanos\" \/>\n<meta property=\"og:description\" content=\"CNBB\" \/>\n<meta property=\"og:url\" content=\"https:\/\/franciscanos.org.br\/noticias\/presidente-da-comissao-para-a-doutrina.html\" \/>\n<meta property=\"og:site_name\" content=\"Not\u00edcias - Franciscanos\" \/>\n<meta property=\"article:published_time\" content=\"2020-04-03T10:42:18+00:00\" \/>\n<meta property=\"article:modified_time\" content=\"2020-04-05T00:39:07+00:00\" \/>\n<meta property=\"og:image\" content=\"https:\/\/franciscanos.org.br\/noticias\/wp-content\/uploads\/2020\/04\/cnbb_1.jpg\" \/>\n\t<meta property=\"og:image:width\" content=\"800\" \/>\n\t<meta property=\"og:image:height\" content=\"600\" \/>\n\t<meta property=\"og:image:type\" content=\"image\/jpeg\" \/>\n<meta name=\"author\" content=\"moacir\" \/>\n<meta name=\"twitter:card\" content=\"summary_large_image\" \/>\n<meta name=\"twitter:label1\" content=\"Escrito por\" \/>\n\t<meta name=\"twitter:data1\" content=\"moacir\" \/>\n\t<meta name=\"twitter:label2\" content=\"Est. tempo de leitura\" \/>\n\t<meta name=\"twitter:data2\" content=\"5 minutos\" \/>\n<script type=\"application\/ld+json\" class=\"yoast-schema-graph\">{\"@context\":\"https:\/\/schema.org\",\"@graph\":[{\"@type\":\"WebSite\",\"@id\":\"https:\/\/franciscanos.org.br\/noticias\/#website\",\"url\":\"https:\/\/franciscanos.org.br\/noticias\/\",\"name\":\"Not\u00edcias - Franciscanos\",\"description\":\"Prov\u00edncia Franciscana da Imaculada Concei\u00e7\u00e3o do Brasil - Ordem dos Frades Menores - OFM\",\"potentialAction\":[{\"@type\":\"SearchAction\",\"target\":{\"@type\":\"EntryPoint\",\"urlTemplate\":\"https:\/\/franciscanos.org.br\/noticias\/?s={search_term_string}\"},\"query-input\":\"required name=search_term_string\"}],\"inLanguage\":\"pt-BR\"},{\"@type\":\"ImageObject\",\"inLanguage\":\"pt-BR\",\"@id\":\"https:\/\/franciscanos.org.br\/noticias\/presidente-da-comissao-para-a-doutrina.html#primaryimage\",\"url\":\"https:\/\/franciscanos.org.br\/noticias\/wp-content\/uploads\/2020\/04\/cnbb_1.jpg\",\"contentUrl\":\"https:\/\/franciscanos.org.br\/noticias\/wp-content\/uploads\/2020\/04\/cnbb_1.jpg\",\"width\":800,\"height\":600},{\"@type\":\"WebPage\",\"@id\":\"https:\/\/franciscanos.org.br\/noticias\/presidente-da-comissao-para-a-doutrina.html#webpage\",\"url\":\"https:\/\/franciscanos.org.br\/noticias\/presidente-da-comissao-para-a-doutrina.html\",\"name\":\"Covid-19: Presidente da Comiss\u00e3o para a Doutrina da F\u00e9 esclarece sobre confus\u00f5es em rela\u00e7\u00e3o \u00e0 f\u00e9 - Not\u00edcias - Franciscanos\",\"isPartOf\":{\"@id\":\"https:\/\/franciscanos.org.br\/noticias\/#website\"},\"primaryImageOfPage\":{\"@id\":\"https:\/\/franciscanos.org.br\/noticias\/presidente-da-comissao-para-a-doutrina.html#primaryimage\"},\"datePublished\":\"2020-04-03T10:42:18+00:00\",\"dateModified\":\"2020-04-05T00:39:07+00:00\",\"author\":{\"@id\":\"https:\/\/franciscanos.org.br\/noticias\/#\/schema\/person\/b5c8cba458c330ccff548b056e95a5d4\"},\"breadcrumb\":{\"@id\":\"https:\/\/franciscanos.org.br\/noticias\/presidente-da-comissao-para-a-doutrina.html#breadcrumb\"},\"inLanguage\":\"pt-BR\",\"potentialAction\":[{\"@type\":\"ReadAction\",\"target\":[\"https:\/\/franciscanos.org.br\/noticias\/presidente-da-comissao-para-a-doutrina.html\"]}]},{\"@type\":\"BreadcrumbList\",\"@id\":\"https:\/\/franciscanos.org.br\/noticias\/presidente-da-comissao-para-a-doutrina.html#breadcrumb\",\"itemListElement\":[{\"@type\":\"ListItem\",\"position\":1,\"name\":\"Home\",\"item\":\"https:\/\/franciscanos.org.br\/noticias\"},{\"@type\":\"ListItem\",\"position\":2,\"name\":\"Covid-19: Presidente da Comiss\u00e3o para a Doutrina da F\u00e9 esclarece sobre confus\u00f5es em rela\u00e7\u00e3o \u00e0 f\u00e9\"}]},{\"@type\":\"Person\",\"@id\":\"https:\/\/franciscanos.org.br\/noticias\/#\/schema\/person\/b5c8cba458c330ccff548b056e95a5d4\",\"name\":\"moacir\",\"image\":{\"@type\":\"ImageObject\",\"inLanguage\":\"pt-BR\",\"@id\":\"https:\/\/franciscanos.org.br\/noticias\/#\/schema\/person\/image\/\",\"url\":\"https:\/\/secure.gravatar.com\/avatar\/d08aa2ce4c8dd416d4479aa8536fcf64?s=96&d=mm&r=g\",\"contentUrl\":\"https:\/\/secure.gravatar.com\/avatar\/d08aa2ce4c8dd416d4479aa8536fcf64?s=96&d=mm&r=g\",\"caption\":\"moacir\"},\"url\":\"https:\/\/franciscanos.org.br\/noticias\/author\/moacir\"}]}<\/script>\n<!-- \/ Yoast SEO plugin. -->","yoast_head_json":{"title":"Covid-19: Presidente da Comiss\u00e3o para a Doutrina da F\u00e9 esclarece sobre confus\u00f5es em rela\u00e7\u00e3o \u00e0 f\u00e9 - Not\u00edcias - Franciscanos","robots":{"index":"index","follow":"follow","max-snippet":"max-snippet:-1","max-image-preview":"max-image-preview:large","max-video-preview":"max-video-preview:-1"},"canonical":"https:\/\/franciscanos.org.br\/noticias\/presidente-da-comissao-para-a-doutrina.html","og_locale":"pt_BR","og_type":"article","og_title":"Covid-19: Presidente da Comiss\u00e3o para a Doutrina da F\u00e9 esclarece sobre confus\u00f5es em rela\u00e7\u00e3o \u00e0 f\u00e9 - Not\u00edcias - Franciscanos","og_description":"CNBB","og_url":"https:\/\/franciscanos.org.br\/noticias\/presidente-da-comissao-para-a-doutrina.html","og_site_name":"Not\u00edcias - Franciscanos","article_published_time":"2020-04-03T10:42:18+00:00","article_modified_time":"2020-04-05T00:39:07+00:00","og_image":[{"width":800,"height":600,"url":"https:\/\/franciscanos.org.br\/noticias\/wp-content\/uploads\/2020\/04\/cnbb_1.jpg","type":"image\/jpeg"}],"author":"moacir","twitter_card":"summary_large_image","twitter_misc":{"Escrito por":"moacir","Est. tempo de leitura":"5 minutos"},"schema":{"@context":"https:\/\/schema.org","@graph":[{"@type":"WebSite","@id":"https:\/\/franciscanos.org.br\/noticias\/#website","url":"https:\/\/franciscanos.org.br\/noticias\/","name":"Not\u00edcias - Franciscanos","description":"Prov\u00edncia Franciscana da Imaculada Concei\u00e7\u00e3o do Brasil - Ordem dos Frades Menores - OFM","potentialAction":[{"@type":"SearchAction","target":{"@type":"EntryPoint","urlTemplate":"https:\/\/franciscanos.org.br\/noticias\/?s={search_term_string}"},"query-input":"required name=search_term_string"}],"inLanguage":"pt-BR"},{"@type":"ImageObject","inLanguage":"pt-BR","@id":"https:\/\/franciscanos.org.br\/noticias\/presidente-da-comissao-para-a-doutrina.html#primaryimage","url":"https:\/\/franciscanos.org.br\/noticias\/wp-content\/uploads\/2020\/04\/cnbb_1.jpg","contentUrl":"https:\/\/franciscanos.org.br\/noticias\/wp-content\/uploads\/2020\/04\/cnbb_1.jpg","width":800,"height":600},{"@type":"WebPage","@id":"https:\/\/franciscanos.org.br\/noticias\/presidente-da-comissao-para-a-doutrina.html#webpage","url":"https:\/\/franciscanos.org.br\/noticias\/presidente-da-comissao-para-a-doutrina.html","name":"Covid-19: Presidente da Comiss\u00e3o para a Doutrina da F\u00e9 esclarece sobre confus\u00f5es em rela\u00e7\u00e3o \u00e0 f\u00e9 - Not\u00edcias - Franciscanos","isPartOf":{"@id":"https:\/\/franciscanos.org.br\/noticias\/#website"},"primaryImageOfPage":{"@id":"https:\/\/franciscanos.org.br\/noticias\/presidente-da-comissao-para-a-doutrina.html#primaryimage"},"datePublished":"2020-04-03T10:42:18+00:00","dateModified":"2020-04-05T00:39:07+00:00","author":{"@id":"https:\/\/franciscanos.org.br\/noticias\/#\/schema\/person\/b5c8cba458c330ccff548b056e95a5d4"},"breadcrumb":{"@id":"https:\/\/franciscanos.org.br\/noticias\/presidente-da-comissao-para-a-doutrina.html#breadcrumb"},"inLanguage":"pt-BR","potentialAction":[{"@type":"ReadAction","target":["https:\/\/franciscanos.org.br\/noticias\/presidente-da-comissao-para-a-doutrina.html"]}]},{"@type":"BreadcrumbList","@id":"https:\/\/franciscanos.org.br\/noticias\/presidente-da-comissao-para-a-doutrina.html#breadcrumb","itemListElement":[{"@type":"ListItem","position":1,"name":"Home","item":"https:\/\/franciscanos.org.br\/noticias"},{"@type":"ListItem","position":2,"name":"Covid-19: Presidente da Comiss\u00e3o para a Doutrina da F\u00e9 esclarece sobre confus\u00f5es em rela\u00e7\u00e3o \u00e0 f\u00e9"}]},{"@type":"Person","@id":"https:\/\/franciscanos.org.br\/noticias\/#\/schema\/person\/b5c8cba458c330ccff548b056e95a5d4","name":"moacir","image":{"@type":"ImageObject","inLanguage":"pt-BR","@id":"https:\/\/franciscanos.org.br\/noticias\/#\/schema\/person\/image\/","url":"https:\/\/secure.gravatar.com\/avatar\/d08aa2ce4c8dd416d4479aa8536fcf64?s=96&d=mm&r=g","contentUrl":"https:\/\/secure.gravatar.com\/avatar\/d08aa2ce4c8dd416d4479aa8536fcf64?s=96&d=mm&r=g","caption":"moacir"},"url":"https:\/\/franciscanos.org.br\/noticias\/author\/moacir"}]}},"_links":{"self":[{"href":"https:\/\/franciscanos.org.br\/noticias\/wp-json\/wp\/v2\/posts\/222899"}],"collection":[{"href":"https:\/\/franciscanos.org.br\/noticias\/wp-json\/wp\/v2\/posts"}],"about":[{"href":"https:\/\/franciscanos.org.br\/noticias\/wp-json\/wp\/v2\/types\/post"}],"author":[{"embeddable":true,"href":"https:\/\/franciscanos.org.br\/noticias\/wp-json\/wp\/v2\/users\/3"}],"replies":[{"embeddable":true,"href":"https:\/\/franciscanos.org.br\/noticias\/wp-json\/wp\/v2\/comments?post=222899"}],"version-history":[{"count":5,"href":"https:\/\/franciscanos.org.br\/noticias\/wp-json\/wp\/v2\/posts\/222899\/revisions"}],"predecessor-version":[{"id":222907,"href":"https:\/\/franciscanos.org.br\/noticias\/wp-json\/wp\/v2\/posts\/222899\/revisions\/222907"}],"wp:featuredmedia":[{"embeddable":true,"href":"https:\/\/franciscanos.org.br\/noticias\/wp-json\/wp\/v2\/media\/222901"}],"wp:attachment":[{"href":"https:\/\/franciscanos.org.br\/noticias\/wp-json\/wp\/v2\/media?parent=222899"}],"wp:term":[{"taxonomy":"category","embeddable":true,"href":"https:\/\/franciscanos.org.br\/noticias\/wp-json\/wp\/v2\/categories?post=222899"},{"taxonomy":"post_tag","embeddable":true,"href":"https:\/\/franciscanos.org.br\/noticias\/wp-json\/wp\/v2\/tags?post=222899"}],"curies":[{"name":"wp","href":"https:\/\/api.w.org\/{rel}","templated":true}]}}