{"id":222883,"date":"2020-04-02T06:59:13","date_gmt":"2020-04-02T09:59:13","guid":{"rendered":"https:\/\/franciscanos.org.br\/noticias\/?p=222883"},"modified":"2020-06-06T11:21:11","modified_gmt":"2020-06-06T14:21:11","slug":"papa-reza-pelos-sem-teto-sofredores-escondidos-neste-tempo-de-dor","status":"publish","type":"post","link":"https:\/\/franciscanos.org.br\/noticias\/papa-reza-pelos-sem-teto-sofredores-escondidos-neste-tempo-de-dor.html","title":{"rendered":"Papa reza pelos sem-teto, sofredores escondidos neste tempo de dor"},"content":{"rendered":"<p><img loading=\"lazy\" class=\"alignnone size-full wp-image-222884\" src=\"https:\/\/franciscanos.org.br\/noticias\/wp-content\/uploads\/2020\/04\/marta_02.jpg\" alt=\"\" width=\"1280\" height=\"731\" srcset=\"https:\/\/franciscanos.org.br\/noticias\/wp-content\/uploads\/2020\/04\/marta_02.jpg 1280w, https:\/\/franciscanos.org.br\/noticias\/wp-content\/uploads\/2020\/04\/marta_02-450x257.jpg 450w, https:\/\/franciscanos.org.br\/noticias\/wp-content\/uploads\/2020\/04\/marta_02-1024x585.jpg 1024w, https:\/\/franciscanos.org.br\/noticias\/wp-content\/uploads\/2020\/04\/marta_02-768x439.jpg 768w, https:\/\/franciscanos.org.br\/noticias\/wp-content\/uploads\/2020\/04\/marta_02-150x86.jpg 150w\" sizes=\"(max-width: 1280px) 100vw, 1280px\" \/><\/p>\n<p><strong>Cidade do Vaticano<\/strong> &#8211; A Ant\u00edfona de entrada da celebra\u00e7\u00e3o da quinta-feira (02\/04) da V Semana da Quaresma, que o Papa leu no in\u00edcio da Missa matutina na Capela da Casa Santa Marta \u00e9 um convite a manter os olhos fixos em Jesus, esperan\u00e7a que n\u00e3o decepciona: \u201cCristo \u00e9 o mediador de uma nova alian\u00e7a, para que, por meio de sua morte, recebam os eleitos a heran\u00e7a eterna que lhes foi prometida\u201d (Hb 9,15). Ao introduzir a celebra\u00e7\u00e3o, Francisco rezou, em particular, pelos sem-teto:<\/p>\n<p>Estes dias de dor e de tristeza evidenciam muitos problemas escondidos. No jornal, hoje, h\u00e1 uma foto que toca o cora\u00e7\u00e3o: muitos sem-teto de uma cidade deitados num estacionamento, sob observa\u00e7\u00e3o&#8230; h\u00e1 muitos sem-teto hoje. Pe\u00e7amos a Santa Teresa de Calcut\u00e1 que desperte em n\u00f3s o sentido da proximidade a muitas pessoas que na sociedade, na vida normal, vivem escondidas, mas, como os sem-teto, no momento da crise, se evidenciam desse modo.<\/p>\n<p>Na homilia, Francisco comentou as leituras do dia, extra\u00eddas do Livro do G\u00eanesis (Gn 17,3-9) e Evangelho de Jo\u00e3o (Jo 8,51-59), que t\u00eam em seu centro a figura de Abra\u00e3o, a alian\u00e7a com Deus e o novo an\u00fancio de Jesus que vem \u201crefazer\u201d a cria\u00e7\u00e3o perdoando nossos pecados. N\u00f3s somos crist\u00e3os \u2013 disse \u2013 porque fomos eleitos, escolhidos, e recebemos uma promessa de fecundidade, \u00e0 qual devemos responder com a fidelidade \u00e0 alian\u00e7a. Nossos pecados s\u00e3o contra essas tr\u00eas dimens\u00f5es: n\u00e3o acolher a elei\u00e7\u00e3o adorando os \u00eddolos, n\u00e3o esperar na promessa e esquecer a alian\u00e7a. O caminho do crist\u00e3o \u2013 concluiu \u2013 \u00e9 ser consciente da elei\u00e7\u00e3o, da alegria de caminhar rumo a uma promessa e da fidelidade no cumprimento da alian\u00e7a. A seguir, o texto da homilia transcrita pelo <em>Vatican News:<\/em><\/p>\n<p>O Senhor sempre se recordou da sua alian\u00e7a. N\u00f3s o repetimos no Salmo Responsorial. O Senhor n\u00e3o se esquece, jamais esquece. Sim, esquece somente num caso, quando perdoa os pecados. Ap\u00f3s ter perdoado perde a mem\u00f3ria, n\u00e3o recorda os pecados. Nos outros casos, Deus n\u00e3o esquece. A sua fidelidade \u00e9 mem\u00f3ria. A sua fidelidade com o seu povo. A sua fidelidade com Abra\u00e3o \u00e9 mem\u00f3ria das promessas que tinha feito. Deus elegeu Abra\u00e3o para fazer um caminho. Abra\u00e3o \u00e9 um eleito, era um eleito. Deus o elegeu. Depois, naquela elei\u00e7\u00e3o prometeu-lhe uma heran\u00e7a e hoje, na passagem do livro do G\u00eanesis, h\u00e1 uma passagem a mais. Quanto a ti, a minha alian\u00e7a \u00e9 contigo. A alian\u00e7a. Uma alian\u00e7a que lhe faz enxergar longe a sua fecundidade: tu ser\u00e1s pai de uma multid\u00e3o de na\u00e7\u00f5es. A elei\u00e7\u00e3o, a promessa e a alian\u00e7a s\u00e3o as tr\u00eas dimens\u00f5es da vida de f\u00e9, e as tr\u00eas dimens\u00f5es da vida crist\u00e3. Cada um de n\u00f3s \u00e9 um eleito, ningu\u00e9m escolhe ser crist\u00e3o em meio a todas a todas as possibilidades que o \u201cmercado\u201d religioso lhe oferece, \u00e9 um eleito. N\u00f3s somos crist\u00e3os porque fomos eleitos. Nesta elei\u00e7\u00e3o h\u00e1 uma promessa, h\u00e1 uma promessa de esperan\u00e7a, o sinal \u00e9 a fecundidade: \u201cAbra\u00e3o, ser\u00e1s pai de uma multid\u00e3o de na\u00e7\u00f5es e&#8230; ser\u00e1s fecundo na f\u00e9. A tua f\u00e9 florescer\u00e1 em obras, em boas obras, inclusive em obras de fecundidade, uma f\u00e9 fecunda. Mas deves \u2013 o terceiro passo \u2013 observar a alian\u00e7a comigo. E a alian\u00e7a \u00e9 fidelidade, ser fiel. Fomos eleitos, o Senhor nos fez uma promessa, agora nos pede uma alian\u00e7a. Uma alian\u00e7a de fidelidade. Jesus diz que Abra\u00e3o exultou de alegria pensando, vendo o Seu dia, o dia da grande fecundidade, aquele seu filho \u2013 Jesus era filho de Abra\u00e3o \u2013 que veio refazer a cria\u00e7\u00e3o, que \u00e9 mais dif\u00edcil que faz\u00ea-la, diz a liturgia \u2013 veio fazer a reden\u00e7\u00e3o dos nossos pecados, veio libertar-nos. O crist\u00e3o \u00e9 crist\u00e3o n\u00e3o porque pode mostrar a f\u00e9 do batismo: a f\u00e9 de batismo \u00e9 um papel. Voc\u00ea \u00e9 crist\u00e3o se diz sim \u00e0 elei\u00e7\u00e3o que Deus lhe fez, se vai atr\u00e1s das promessas que o Senhor lhe fez e se voc\u00ea vive uma alian\u00e7a com o Senhor: essa \u00e9 a vida crist\u00e3. Os pecados s\u00e3o sempre contra estas tr\u00eas dimens\u00f5es: n\u00e3o aceitar a elei\u00e7\u00e3o e n\u00f3s \u201celegere\u201d (eleger) tantos \u00eddolos, tantas coisas que n\u00e3o s\u00e3o de Deus. N\u00e3o aceitar a esperan\u00e7a na promessa, ir, olhar as promessas de longe, inclusive muitas vezes, como diz a Leitura aos Hebreus, saudando-as de longe e fazer que as promessas sejam hoje com os pequenos \u00eddolos que fazemos, e esquecer a alian\u00e7a, viver sem alian\u00e7a, como se f\u00f4ssemos sem alian\u00e7a. A fecundidade \u00e9 a alegria, aquela alegria de Abra\u00e3o que v\u00ea o dia de Jesus e se enche de alegria. Essa \u00e9 a revela\u00e7\u00e3o que hoje a Palavra de Deus nos d\u00e1 sobre nossa exist\u00eancia crist\u00e3. Que seja como aquela do nosso pai: consciente de ser eleito, alegre por caminhar rumo a uma promessa e fiel no cumprimento da alian\u00e7a.<\/p>\n<p>O Santo Padre terminou a celebra\u00e7\u00e3o com a adora\u00e7\u00e3o e a b\u00ean\u00e7\u00e3o eucar\u00edstica, convidando a fazer a Comunh\u00e3o espiritual. A seguir, a ora\u00e7\u00e3o recitada pelo Papa:<\/p>\n<p style=\"padding-left: 40px;\"><em>Meu Jesus, eu creio que estais presente no Sant\u00edssimo Sacramento do Altar. Amo-vos sobre todas as coisas, e minha alma suspira por V\u00f3s. Mas, como n\u00e3o posso receber-Vos agora no Sant\u00edssimo Sacramento, vinde, ao menos espiritualmente, a meu cora\u00e7\u00e3o. Abra\u00e7o-me convosco como se j\u00e1 estiv\u00e9sseis comigo: uno-me Convosco inteiramente. Ah! n\u00e3o permitais que torne a separar-me de V\u00f3s!<\/em><\/p>\n<p>Antes de deixar a Capela dedicada ao Esp\u00edrito Santo foi entoada uma antiga ant\u00edfona mariana Ave Regina Caelorum (\u201cAve Rainha dos C\u00e9us\u201d):<\/p>\n<p style=\"padding-left: 40px;\"><em>Ave, Rainha do c\u00e9u; ave, dos anjos Senhora; ave, raiz, ave, porta; da luz do mundo \u00e9s aurora. Exulta, \u00f3 Virgem gloriosa, as outras seguem-te ap\u00f3s; n\u00f3s te saudamos: adeus! E pede a Cristo por n\u00f3s!<\/em><\/p>\n<hr \/>\n<p><em>Fonte: Vatican News<\/em><\/p>\n","protected":false},"excerpt":{"rendered":"<p>Missa em Santa Marta<\/p>\n","protected":false},"author":3,"featured_media":222885,"comment_status":"open","ping_status":"open","sticky":false,"template":"","format":"standard","meta":[],"categories":[1428],"tags":[1586],"acf":[],"yoast_head":"<!-- This site is optimized with the Yoast SEO plugin v19.2 - https:\/\/yoast.com\/wordpress\/plugins\/seo\/ -->\n<title>Papa reza pelos sem-teto, sofredores escondidos neste tempo de dor - Not\u00edcias - Franciscanos<\/title>\n<meta name=\"robots\" content=\"index, follow, max-snippet:-1, max-image-preview:large, max-video-preview:-1\" \/>\n<link rel=\"canonical\" href=\"https:\/\/franciscanos.org.br\/noticias\/papa-reza-pelos-sem-teto-sofredores-escondidos-neste-tempo-de-dor.html\" \/>\n<meta property=\"og:locale\" content=\"pt_BR\" \/>\n<meta property=\"og:type\" content=\"article\" \/>\n<meta property=\"og:title\" content=\"Papa reza pelos sem-teto, sofredores escondidos neste tempo de dor - Not\u00edcias - Franciscanos\" \/>\n<meta property=\"og:description\" content=\"Missa em Santa Marta\" \/>\n<meta property=\"og:url\" content=\"https:\/\/franciscanos.org.br\/noticias\/papa-reza-pelos-sem-teto-sofredores-escondidos-neste-tempo-de-dor.html\" \/>\n<meta property=\"og:site_name\" content=\"Not\u00edcias - Franciscanos\" \/>\n<meta property=\"article:published_time\" content=\"2020-04-02T09:59:13+00:00\" \/>\n<meta property=\"article:modified_time\" content=\"2020-06-06T14:21:11+00:00\" \/>\n<meta property=\"og:image\" content=\"https:\/\/franciscanos.org.br\/noticias\/wp-content\/uploads\/2020\/04\/marta_02d.jpg\" \/>\n\t<meta property=\"og:image:width\" content=\"800\" \/>\n\t<meta property=\"og:image:height\" content=\"600\" \/>\n\t<meta property=\"og:image:type\" content=\"image\/jpeg\" \/>\n<meta name=\"author\" content=\"moacir\" \/>\n<meta name=\"twitter:card\" content=\"summary_large_image\" \/>\n<meta name=\"twitter:label1\" content=\"Escrito por\" \/>\n\t<meta name=\"twitter:data1\" content=\"moacir\" \/>\n\t<meta name=\"twitter:label2\" content=\"Est. tempo de leitura\" \/>\n\t<meta name=\"twitter:data2\" content=\"5 minutos\" \/>\n<script type=\"application\/ld+json\" class=\"yoast-schema-graph\">{\"@context\":\"https:\/\/schema.org\",\"@graph\":[{\"@type\":\"WebSite\",\"@id\":\"https:\/\/franciscanos.org.br\/noticias\/#website\",\"url\":\"https:\/\/franciscanos.org.br\/noticias\/\",\"name\":\"Not\u00edcias - Franciscanos\",\"description\":\"Prov\u00edncia Franciscana da Imaculada Concei\u00e7\u00e3o do Brasil - Ordem dos Frades Menores - OFM\",\"potentialAction\":[{\"@type\":\"SearchAction\",\"target\":{\"@type\":\"EntryPoint\",\"urlTemplate\":\"https:\/\/franciscanos.org.br\/noticias\/?s={search_term_string}\"},\"query-input\":\"required name=search_term_string\"}],\"inLanguage\":\"pt-BR\"},{\"@type\":\"ImageObject\",\"inLanguage\":\"pt-BR\",\"@id\":\"https:\/\/franciscanos.org.br\/noticias\/papa-reza-pelos-sem-teto-sofredores-escondidos-neste-tempo-de-dor.html#primaryimage\",\"url\":\"https:\/\/franciscanos.org.br\/noticias\/wp-content\/uploads\/2020\/04\/marta_02d.jpg\",\"contentUrl\":\"https:\/\/franciscanos.org.br\/noticias\/wp-content\/uploads\/2020\/04\/marta_02d.jpg\",\"width\":800,\"height\":600},{\"@type\":\"WebPage\",\"@id\":\"https:\/\/franciscanos.org.br\/noticias\/papa-reza-pelos-sem-teto-sofredores-escondidos-neste-tempo-de-dor.html#webpage\",\"url\":\"https:\/\/franciscanos.org.br\/noticias\/papa-reza-pelos-sem-teto-sofredores-escondidos-neste-tempo-de-dor.html\",\"name\":\"Papa reza pelos sem-teto, sofredores escondidos neste tempo de dor - Not\u00edcias - Franciscanos\",\"isPartOf\":{\"@id\":\"https:\/\/franciscanos.org.br\/noticias\/#website\"},\"primaryImageOfPage\":{\"@id\":\"https:\/\/franciscanos.org.br\/noticias\/papa-reza-pelos-sem-teto-sofredores-escondidos-neste-tempo-de-dor.html#primaryimage\"},\"datePublished\":\"2020-04-02T09:59:13+00:00\",\"dateModified\":\"2020-06-06T14:21:11+00:00\",\"author\":{\"@id\":\"https:\/\/franciscanos.org.br\/noticias\/#\/schema\/person\/b5c8cba458c330ccff548b056e95a5d4\"},\"breadcrumb\":{\"@id\":\"https:\/\/franciscanos.org.br\/noticias\/papa-reza-pelos-sem-teto-sofredores-escondidos-neste-tempo-de-dor.html#breadcrumb\"},\"inLanguage\":\"pt-BR\",\"potentialAction\":[{\"@type\":\"ReadAction\",\"target\":[\"https:\/\/franciscanos.org.br\/noticias\/papa-reza-pelos-sem-teto-sofredores-escondidos-neste-tempo-de-dor.html\"]}]},{\"@type\":\"BreadcrumbList\",\"@id\":\"https:\/\/franciscanos.org.br\/noticias\/papa-reza-pelos-sem-teto-sofredores-escondidos-neste-tempo-de-dor.html#breadcrumb\",\"itemListElement\":[{\"@type\":\"ListItem\",\"position\":1,\"name\":\"Home\",\"item\":\"https:\/\/franciscanos.org.br\/noticias\"},{\"@type\":\"ListItem\",\"position\":2,\"name\":\"Papa reza pelos sem-teto, sofredores escondidos neste tempo de dor\"}]},{\"@type\":\"Person\",\"@id\":\"https:\/\/franciscanos.org.br\/noticias\/#\/schema\/person\/b5c8cba458c330ccff548b056e95a5d4\",\"name\":\"moacir\",\"image\":{\"@type\":\"ImageObject\",\"inLanguage\":\"pt-BR\",\"@id\":\"https:\/\/franciscanos.org.br\/noticias\/#\/schema\/person\/image\/\",\"url\":\"https:\/\/secure.gravatar.com\/avatar\/d08aa2ce4c8dd416d4479aa8536fcf64?s=96&d=mm&r=g\",\"contentUrl\":\"https:\/\/secure.gravatar.com\/avatar\/d08aa2ce4c8dd416d4479aa8536fcf64?s=96&d=mm&r=g\",\"caption\":\"moacir\"},\"url\":\"https:\/\/franciscanos.org.br\/noticias\/author\/moacir\"}]}<\/script>\n<!-- \/ Yoast SEO plugin. -->","yoast_head_json":{"title":"Papa reza pelos sem-teto, sofredores escondidos neste tempo de dor - Not\u00edcias - Franciscanos","robots":{"index":"index","follow":"follow","max-snippet":"max-snippet:-1","max-image-preview":"max-image-preview:large","max-video-preview":"max-video-preview:-1"},"canonical":"https:\/\/franciscanos.org.br\/noticias\/papa-reza-pelos-sem-teto-sofredores-escondidos-neste-tempo-de-dor.html","og_locale":"pt_BR","og_type":"article","og_title":"Papa reza pelos sem-teto, sofredores escondidos neste tempo de dor - Not\u00edcias - Franciscanos","og_description":"Missa em Santa Marta","og_url":"https:\/\/franciscanos.org.br\/noticias\/papa-reza-pelos-sem-teto-sofredores-escondidos-neste-tempo-de-dor.html","og_site_name":"Not\u00edcias - Franciscanos","article_published_time":"2020-04-02T09:59:13+00:00","article_modified_time":"2020-06-06T14:21:11+00:00","og_image":[{"width":800,"height":600,"url":"https:\/\/franciscanos.org.br\/noticias\/wp-content\/uploads\/2020\/04\/marta_02d.jpg","type":"image\/jpeg"}],"author":"moacir","twitter_card":"summary_large_image","twitter_misc":{"Escrito por":"moacir","Est. tempo de leitura":"5 minutos"},"schema":{"@context":"https:\/\/schema.org","@graph":[{"@type":"WebSite","@id":"https:\/\/franciscanos.org.br\/noticias\/#website","url":"https:\/\/franciscanos.org.br\/noticias\/","name":"Not\u00edcias - Franciscanos","description":"Prov\u00edncia Franciscana da Imaculada Concei\u00e7\u00e3o do Brasil - Ordem dos Frades Menores - OFM","potentialAction":[{"@type":"SearchAction","target":{"@type":"EntryPoint","urlTemplate":"https:\/\/franciscanos.org.br\/noticias\/?s={search_term_string}"},"query-input":"required name=search_term_string"}],"inLanguage":"pt-BR"},{"@type":"ImageObject","inLanguage":"pt-BR","@id":"https:\/\/franciscanos.org.br\/noticias\/papa-reza-pelos-sem-teto-sofredores-escondidos-neste-tempo-de-dor.html#primaryimage","url":"https:\/\/franciscanos.org.br\/noticias\/wp-content\/uploads\/2020\/04\/marta_02d.jpg","contentUrl":"https:\/\/franciscanos.org.br\/noticias\/wp-content\/uploads\/2020\/04\/marta_02d.jpg","width":800,"height":600},{"@type":"WebPage","@id":"https:\/\/franciscanos.org.br\/noticias\/papa-reza-pelos-sem-teto-sofredores-escondidos-neste-tempo-de-dor.html#webpage","url":"https:\/\/franciscanos.org.br\/noticias\/papa-reza-pelos-sem-teto-sofredores-escondidos-neste-tempo-de-dor.html","name":"Papa reza pelos sem-teto, sofredores escondidos neste tempo de dor - Not\u00edcias - Franciscanos","isPartOf":{"@id":"https:\/\/franciscanos.org.br\/noticias\/#website"},"primaryImageOfPage":{"@id":"https:\/\/franciscanos.org.br\/noticias\/papa-reza-pelos-sem-teto-sofredores-escondidos-neste-tempo-de-dor.html#primaryimage"},"datePublished":"2020-04-02T09:59:13+00:00","dateModified":"2020-06-06T14:21:11+00:00","author":{"@id":"https:\/\/franciscanos.org.br\/noticias\/#\/schema\/person\/b5c8cba458c330ccff548b056e95a5d4"},"breadcrumb":{"@id":"https:\/\/franciscanos.org.br\/noticias\/papa-reza-pelos-sem-teto-sofredores-escondidos-neste-tempo-de-dor.html#breadcrumb"},"inLanguage":"pt-BR","potentialAction":[{"@type":"ReadAction","target":["https:\/\/franciscanos.org.br\/noticias\/papa-reza-pelos-sem-teto-sofredores-escondidos-neste-tempo-de-dor.html"]}]},{"@type":"BreadcrumbList","@id":"https:\/\/franciscanos.org.br\/noticias\/papa-reza-pelos-sem-teto-sofredores-escondidos-neste-tempo-de-dor.html#breadcrumb","itemListElement":[{"@type":"ListItem","position":1,"name":"Home","item":"https:\/\/franciscanos.org.br\/noticias"},{"@type":"ListItem","position":2,"name":"Papa reza pelos sem-teto, sofredores escondidos neste tempo de dor"}]},{"@type":"Person","@id":"https:\/\/franciscanos.org.br\/noticias\/#\/schema\/person\/b5c8cba458c330ccff548b056e95a5d4","name":"moacir","image":{"@type":"ImageObject","inLanguage":"pt-BR","@id":"https:\/\/franciscanos.org.br\/noticias\/#\/schema\/person\/image\/","url":"https:\/\/secure.gravatar.com\/avatar\/d08aa2ce4c8dd416d4479aa8536fcf64?s=96&d=mm&r=g","contentUrl":"https:\/\/secure.gravatar.com\/avatar\/d08aa2ce4c8dd416d4479aa8536fcf64?s=96&d=mm&r=g","caption":"moacir"},"url":"https:\/\/franciscanos.org.br\/noticias\/author\/moacir"}]}},"_links":{"self":[{"href":"https:\/\/franciscanos.org.br\/noticias\/wp-json\/wp\/v2\/posts\/222883"}],"collection":[{"href":"https:\/\/franciscanos.org.br\/noticias\/wp-json\/wp\/v2\/posts"}],"about":[{"href":"https:\/\/franciscanos.org.br\/noticias\/wp-json\/wp\/v2\/types\/post"}],"author":[{"embeddable":true,"href":"https:\/\/franciscanos.org.br\/noticias\/wp-json\/wp\/v2\/users\/3"}],"replies":[{"embeddable":true,"href":"https:\/\/franciscanos.org.br\/noticias\/wp-json\/wp\/v2\/comments?post=222883"}],"version-history":[{"count":2,"href":"https:\/\/franciscanos.org.br\/noticias\/wp-json\/wp\/v2\/posts\/222883\/revisions"}],"predecessor-version":[{"id":224551,"href":"https:\/\/franciscanos.org.br\/noticias\/wp-json\/wp\/v2\/posts\/222883\/revisions\/224551"}],"wp:featuredmedia":[{"embeddable":true,"href":"https:\/\/franciscanos.org.br\/noticias\/wp-json\/wp\/v2\/media\/222885"}],"wp:attachment":[{"href":"https:\/\/franciscanos.org.br\/noticias\/wp-json\/wp\/v2\/media?parent=222883"}],"wp:term":[{"taxonomy":"category","embeddable":true,"href":"https:\/\/franciscanos.org.br\/noticias\/wp-json\/wp\/v2\/categories?post=222883"},{"taxonomy":"post_tag","embeddable":true,"href":"https:\/\/franciscanos.org.br\/noticias\/wp-json\/wp\/v2\/tags?post=222883"}],"curies":[{"name":"wp","href":"https:\/\/api.w.org\/{rel}","templated":true}]}}