{"id":222872,"date":"2020-04-02T08:37:08","date_gmt":"2020-04-02T11:37:08","guid":{"rendered":"https:\/\/franciscanos.org.br\/noticias\/?p=222872"},"modified":"2020-04-02T08:39:59","modified_gmt":"2020-04-02T11:39:59","slug":"novos-podcasts-solidariedade-em-tempos-de-pandemia","status":"publish","type":"post","link":"https:\/\/franciscanos.org.br\/noticias\/novos-podcasts-solidariedade-em-tempos-de-pandemia.html","title":{"rendered":"Novos podcasts: solidariedade em tempos de pandemia"},"content":{"rendered":"<p><img loading=\"lazy\" class=\"alignnone size-full wp-image-222821\" src=\"https:\/\/franciscanos.org.br\/noticias\/wp-content\/uploads\/2020\/03\/podcasts_310320.png\" alt=\"\" width=\"3840\" height=\"2160\" srcset=\"https:\/\/franciscanos.org.br\/noticias\/wp-content\/uploads\/2020\/03\/podcasts_310320.png 3840w, https:\/\/franciscanos.org.br\/noticias\/wp-content\/uploads\/2020\/03\/podcasts_310320-450x253.png 450w, https:\/\/franciscanos.org.br\/noticias\/wp-content\/uploads\/2020\/03\/podcasts_310320-1024x576.png 1024w, https:\/\/franciscanos.org.br\/noticias\/wp-content\/uploads\/2020\/03\/podcasts_310320-768x432.png 768w, https:\/\/franciscanos.org.br\/noticias\/wp-content\/uploads\/2020\/03\/podcasts_310320-1536x864.png 1536w, https:\/\/franciscanos.org.br\/noticias\/wp-content\/uploads\/2020\/03\/podcasts_310320-2048x1152.png 2048w, https:\/\/franciscanos.org.br\/noticias\/wp-content\/uploads\/2020\/03\/podcasts_310320-150x84.png 150w\" sizes=\"(max-width: 3840px) 100vw, 3840px\" \/><\/p>\n<p>Conforme j\u00e1 tem realizado em outros momentos fortes da vida da sociedade e da Igreja, a Prov\u00edncia Franciscana da Imaculada Concei\u00e7\u00e3o do Brasil d\u00e1 continuidade, hoje (02.04),\u00a0 a uma s\u00e9rie de Podcasts que abordam o tema da pandemia do novo coronav\u00edrus. A iniciativa \u00e9 uma parceria entre o Servi\u00e7o Franciscano de Solidariedade (SEFRAS) e a Funda\u00e7\u00e3o Cultural Celinauta, de Pato Branco, PR. De acordo com o Secret\u00e1rio de Evangeliza\u00e7\u00e3o da Prov\u00edncia e apresentador da s\u00e9rie, Frei Gustavo Medella, a ideia \u00e9 levar aos ouvintes informa\u00e7\u00e3o e forma\u00e7\u00e3o, abordando o assunto a partir de diferentes pontos de vista.<\/p>\n<p>\u201cUma situa\u00e7\u00e3o grave e in\u00e9dita desta natureza provoca muitas perguntas que precisam ser respondidas de forma \u00e1gil e imediata. \u00c9 como se a humanidade fosse desafiada a trocar o pneu de um carro com ele em movimento. Sendo assim, nossa inten\u00e7\u00e3o \u00e9 oferecer aos ouvintes mais elementos para sua reflex\u00e3o pessoal a partir de temas ligados \u00e0 vida da Igreja e da Sociedade sob o ponto de vista de profissionais ligados a diferentes \u00e1reas do saber, desde a espiritualidade, a psicologia, o franciscanismo, a assist\u00eancia social, entre outras\u201d, explica Frei Gustavo.<\/p>\n<p>Os epis\u00f3dios ser\u00e3o oferecidos por etapas.<\/p>\n<p><strong><a href=\"https:\/\/franciscanos.org.br\/noticias\/provincia-lanca-podcasts-sobre-pandemia-do-novo-coronavirus.html\">VEJA COMO FOI A PRIMEIRA ETAPA\u00a0<\/a><\/strong><\/p>\n<p>Nesta segunda,\u00a0 outros cinco temas s\u00e3o abordados. Al\u00e9m de ouvidos e baixados pessoalmente, os podcasts est\u00e3o livres para reprodu\u00e7\u00e3o total ou parcial em emissoras de r\u00e1dio e outros ve\u00edculos de comunica\u00e7\u00e3o.<\/p>\n<h2><strong>S\u00e9rie especial sobre a pandemia do novo coronav\u00edrus &#8211; 2<\/strong><\/h2>\n<p><strong>OU\u00c7A NO SPOTIFY<\/strong><\/p>\n<p><strong>Epis\u00f3dio 06 &#8211; Os cuidados especiais com a popula\u00e7\u00e3o em situa\u00e7\u00e3o de rua<\/strong> &#8211; Adriana Brito &#8211; Coordenadora do Recifran\/SEFRAS<\/p>\n<p><iframe loading=\"lazy\" title=\"Spotify Embed: Coronav\u00edrus #06 \u2013 Os cuidados com a Popula\u00e7\u00e3o em situa\u00e7\u00e3o de rua\" width=\"100%\" height=\"232\" allowtransparency=\"true\" frameborder=\"0\" allow=\"encrypted-media\" src=\"https:\/\/open.spotify.com\/embed-podcast\/episode\/5MdOdnR6NW0tTFjnjnOioC\"><\/iframe><\/p>\n<p><strong>Epis\u00f3dio 07 &#8211; Os desafios \u00e0 pastoral paroquial &#8211; Frei M\u00e1rio Tagliari &#8211;<\/strong> Guardi\u00e3o e p\u00e1roco do Convento S\u00e3o Francisco de Assis, S\u00e3o Paulo<\/p>\n<p><iframe loading=\"lazy\" title=\"Spotify Embed: Coronav\u00edrus #07 | Os desafios \u00e0 pastoral paroquial\" width=\"100%\" height=\"232\" allowtransparency=\"true\" frameborder=\"0\" allow=\"encrypted-media\" src=\"https:\/\/open.spotify.com\/embed-podcast\/episode\/1ZXC4Wrh3uuyio97a5qDOi\"><\/iframe><\/p>\n<p><strong>Epis\u00f3dio 08 &#8211; Os riscos para os encarcerados &#8211;<\/strong> F\u00e1bio Pereira &#8211; Articula\u00e7\u00e3o Pol\u00edtica da Associa\u00e7\u00e3o dos Pais e Amigos dos Presos e Presas (AMPARAR)<\/p>\n<p><iframe loading=\"lazy\" title=\"Spotify Embed: Coronav\u00edrus #08 | Os riscos para os encarcerados\" width=\"100%\" height=\"232\" allowtransparency=\"true\" frameborder=\"0\" allow=\"encrypted-media\" src=\"https:\/\/open.spotify.com\/embed-podcast\/episode\/2LolOxeicRHhUUxd7oUYI9\"><\/iframe><\/p>\n<p><strong>Epis\u00f3dio 09 &#8211; A comunidade da Par\u00f3quia Nossa Senhora da Boa Viagem &#8211; Rocinha, Rio de Janeiro<\/strong> &#8211; Frei Antonio Michels &#8211; P\u00e1roco<\/p>\n<p><iframe loading=\"lazy\" title=\"Spotify Embed: Coronav\u00edrus #09 | A comunidade da Rocinha\" width=\"100%\" height=\"232\" allowtransparency=\"true\" frameborder=\"0\" allow=\"encrypted-media\" src=\"https:\/\/open.spotify.com\/embed-podcast\/episode\/6DXCbnt6Z5Ja2ncQqFhXOn\"><\/iframe><\/p>\n<p><strong>Epis\u00f3dio 10 &#8211; Solidariedade em tempos de isolamento &#8211; Frei Diego Melo<\/strong>, Animador da Frente de Evangeliza\u00e7\u00e3o da Solidariedade.<\/p>\n<p><iframe loading=\"lazy\" title=\"Spotify Embed: Coronav\u00edrus #10 | Solidariedade em tempos de isolamento\" width=\"100%\" height=\"232\" allowtransparency=\"true\" frameborder=\"0\" allow=\"encrypted-media\" src=\"https:\/\/open.spotify.com\/embed-podcast\/episode\/6sE04pX2BjeADasxctMeDt\"><\/iframe><\/p>\n<p><strong>OU\u00c7A NO SOUNCLOUD<\/strong><br \/>\n<iframe loading=\"lazy\" src=\"https:\/\/w.soundcloud.com\/player\/?url=https%3A\/\/api.soundcloud.com\/playlists\/1022286751&amp;color=%23447c7c&amp;auto_play=false&amp;hide_related=false&amp;show_comments=true&amp;show_user=false&amp;show_reposts=false&amp;show_teaser=true\" width=\"100%\" height=\"450\" frameborder=\"no\" scrolling=\"no\"><\/iframe><\/p>\n","protected":false},"excerpt":{"rendered":"<p>Coronav\u00edrus: juntos iremos vencer<\/p>\n","protected":false},"author":3,"featured_media":222827,"comment_status":"open","ping_status":"open","sticky":false,"template":"","format":"standard","meta":[],"categories":[1],"tags":[1601],"acf":[],"yoast_head":"<!-- This site is optimized with the Yoast SEO plugin v19.2 - https:\/\/yoast.com\/wordpress\/plugins\/seo\/ -->\n<title>Novos podcasts: solidariedade em tempos de pandemia - Not\u00edcias - Franciscanos<\/title>\n<meta name=\"robots\" content=\"index, follow, max-snippet:-1, max-image-preview:large, max-video-preview:-1\" \/>\n<link rel=\"canonical\" href=\"https:\/\/franciscanos.org.br\/noticias\/novos-podcasts-solidariedade-em-tempos-de-pandemia.html\" \/>\n<meta property=\"og:locale\" content=\"pt_BR\" \/>\n<meta property=\"og:type\" content=\"article\" \/>\n<meta property=\"og:title\" content=\"Novos podcasts: solidariedade em tempos de pandemia - Not\u00edcias - Franciscanos\" \/>\n<meta property=\"og:description\" content=\"Coronav\u00edrus: juntos iremos vencer\" \/>\n<meta property=\"og:url\" content=\"https:\/\/franciscanos.org.br\/noticias\/novos-podcasts-solidariedade-em-tempos-de-pandemia.html\" \/>\n<meta property=\"og:site_name\" content=\"Not\u00edcias - Franciscanos\" \/>\n<meta property=\"article:published_time\" content=\"2020-04-02T11:37:08+00:00\" \/>\n<meta property=\"article:modified_time\" content=\"2020-04-02T11:39:59+00:00\" \/>\n<meta property=\"og:image\" content=\"https:\/\/franciscanos.org.br\/noticias\/wp-content\/uploads\/2020\/03\/podcasts_273x181.jpg\" \/>\n\t<meta property=\"og:image:width\" content=\"273\" \/>\n\t<meta property=\"og:image:height\" content=\"181\" \/>\n\t<meta property=\"og:image:type\" content=\"image\/jpeg\" \/>\n<meta name=\"author\" content=\"moacir\" \/>\n<meta name=\"twitter:card\" content=\"summary_large_image\" \/>\n<meta name=\"twitter:label1\" content=\"Escrito por\" \/>\n\t<meta name=\"twitter:data1\" content=\"moacir\" \/>\n\t<meta name=\"twitter:label2\" content=\"Est. tempo de leitura\" \/>\n\t<meta name=\"twitter:data2\" content=\"2 minutos\" \/>\n<script type=\"application\/ld+json\" class=\"yoast-schema-graph\">{\"@context\":\"https:\/\/schema.org\",\"@graph\":[{\"@type\":\"WebSite\",\"@id\":\"https:\/\/franciscanos.org.br\/noticias\/#website\",\"url\":\"https:\/\/franciscanos.org.br\/noticias\/\",\"name\":\"Not\u00edcias - Franciscanos\",\"description\":\"Prov\u00edncia Franciscana da Imaculada Concei\u00e7\u00e3o do Brasil - Ordem dos Frades Menores - OFM\",\"potentialAction\":[{\"@type\":\"SearchAction\",\"target\":{\"@type\":\"EntryPoint\",\"urlTemplate\":\"https:\/\/franciscanos.org.br\/noticias\/?s={search_term_string}\"},\"query-input\":\"required name=search_term_string\"}],\"inLanguage\":\"pt-BR\"},{\"@type\":\"ImageObject\",\"inLanguage\":\"pt-BR\",\"@id\":\"https:\/\/franciscanos.org.br\/noticias\/novos-podcasts-solidariedade-em-tempos-de-pandemia.html#primaryimage\",\"url\":\"https:\/\/franciscanos.org.br\/noticias\/wp-content\/uploads\/2020\/03\/podcasts_273x181.jpg\",\"contentUrl\":\"https:\/\/franciscanos.org.br\/noticias\/wp-content\/uploads\/2020\/03\/podcasts_273x181.jpg\",\"width\":273,\"height\":181},{\"@type\":\"WebPage\",\"@id\":\"https:\/\/franciscanos.org.br\/noticias\/novos-podcasts-solidariedade-em-tempos-de-pandemia.html#webpage\",\"url\":\"https:\/\/franciscanos.org.br\/noticias\/novos-podcasts-solidariedade-em-tempos-de-pandemia.html\",\"name\":\"Novos podcasts: solidariedade em tempos de pandemia - Not\u00edcias - Franciscanos\",\"isPartOf\":{\"@id\":\"https:\/\/franciscanos.org.br\/noticias\/#website\"},\"primaryImageOfPage\":{\"@id\":\"https:\/\/franciscanos.org.br\/noticias\/novos-podcasts-solidariedade-em-tempos-de-pandemia.html#primaryimage\"},\"datePublished\":\"2020-04-02T11:37:08+00:00\",\"dateModified\":\"2020-04-02T11:39:59+00:00\",\"author\":{\"@id\":\"https:\/\/franciscanos.org.br\/noticias\/#\/schema\/person\/b5c8cba458c330ccff548b056e95a5d4\"},\"breadcrumb\":{\"@id\":\"https:\/\/franciscanos.org.br\/noticias\/novos-podcasts-solidariedade-em-tempos-de-pandemia.html#breadcrumb\"},\"inLanguage\":\"pt-BR\",\"potentialAction\":[{\"@type\":\"ReadAction\",\"target\":[\"https:\/\/franciscanos.org.br\/noticias\/novos-podcasts-solidariedade-em-tempos-de-pandemia.html\"]}]},{\"@type\":\"BreadcrumbList\",\"@id\":\"https:\/\/franciscanos.org.br\/noticias\/novos-podcasts-solidariedade-em-tempos-de-pandemia.html#breadcrumb\",\"itemListElement\":[{\"@type\":\"ListItem\",\"position\":1,\"name\":\"Home\",\"item\":\"https:\/\/franciscanos.org.br\/noticias\"},{\"@type\":\"ListItem\",\"position\":2,\"name\":\"Novos podcasts: solidariedade em tempos de pandemia\"}]},{\"@type\":\"Person\",\"@id\":\"https:\/\/franciscanos.org.br\/noticias\/#\/schema\/person\/b5c8cba458c330ccff548b056e95a5d4\",\"name\":\"moacir\",\"image\":{\"@type\":\"ImageObject\",\"inLanguage\":\"pt-BR\",\"@id\":\"https:\/\/franciscanos.org.br\/noticias\/#\/schema\/person\/image\/\",\"url\":\"https:\/\/secure.gravatar.com\/avatar\/d08aa2ce4c8dd416d4479aa8536fcf64?s=96&d=mm&r=g\",\"contentUrl\":\"https:\/\/secure.gravatar.com\/avatar\/d08aa2ce4c8dd416d4479aa8536fcf64?s=96&d=mm&r=g\",\"caption\":\"moacir\"},\"url\":\"https:\/\/franciscanos.org.br\/noticias\/author\/moacir\"}]}<\/script>\n<!-- \/ Yoast SEO plugin. -->","yoast_head_json":{"title":"Novos podcasts: solidariedade em tempos de pandemia - Not\u00edcias - Franciscanos","robots":{"index":"index","follow":"follow","max-snippet":"max-snippet:-1","max-image-preview":"max-image-preview:large","max-video-preview":"max-video-preview:-1"},"canonical":"https:\/\/franciscanos.org.br\/noticias\/novos-podcasts-solidariedade-em-tempos-de-pandemia.html","og_locale":"pt_BR","og_type":"article","og_title":"Novos podcasts: solidariedade em tempos de pandemia - Not\u00edcias - Franciscanos","og_description":"Coronav\u00edrus: juntos iremos vencer","og_url":"https:\/\/franciscanos.org.br\/noticias\/novos-podcasts-solidariedade-em-tempos-de-pandemia.html","og_site_name":"Not\u00edcias - Franciscanos","article_published_time":"2020-04-02T11:37:08+00:00","article_modified_time":"2020-04-02T11:39:59+00:00","og_image":[{"width":273,"height":181,"url":"https:\/\/franciscanos.org.br\/noticias\/wp-content\/uploads\/2020\/03\/podcasts_273x181.jpg","type":"image\/jpeg"}],"author":"moacir","twitter_card":"summary_large_image","twitter_misc":{"Escrito por":"moacir","Est. tempo de leitura":"2 minutos"},"schema":{"@context":"https:\/\/schema.org","@graph":[{"@type":"WebSite","@id":"https:\/\/franciscanos.org.br\/noticias\/#website","url":"https:\/\/franciscanos.org.br\/noticias\/","name":"Not\u00edcias - Franciscanos","description":"Prov\u00edncia Franciscana da Imaculada Concei\u00e7\u00e3o do Brasil - Ordem dos Frades Menores - OFM","potentialAction":[{"@type":"SearchAction","target":{"@type":"EntryPoint","urlTemplate":"https:\/\/franciscanos.org.br\/noticias\/?s={search_term_string}"},"query-input":"required name=search_term_string"}],"inLanguage":"pt-BR"},{"@type":"ImageObject","inLanguage":"pt-BR","@id":"https:\/\/franciscanos.org.br\/noticias\/novos-podcasts-solidariedade-em-tempos-de-pandemia.html#primaryimage","url":"https:\/\/franciscanos.org.br\/noticias\/wp-content\/uploads\/2020\/03\/podcasts_273x181.jpg","contentUrl":"https:\/\/franciscanos.org.br\/noticias\/wp-content\/uploads\/2020\/03\/podcasts_273x181.jpg","width":273,"height":181},{"@type":"WebPage","@id":"https:\/\/franciscanos.org.br\/noticias\/novos-podcasts-solidariedade-em-tempos-de-pandemia.html#webpage","url":"https:\/\/franciscanos.org.br\/noticias\/novos-podcasts-solidariedade-em-tempos-de-pandemia.html","name":"Novos podcasts: solidariedade em tempos de pandemia - Not\u00edcias - Franciscanos","isPartOf":{"@id":"https:\/\/franciscanos.org.br\/noticias\/#website"},"primaryImageOfPage":{"@id":"https:\/\/franciscanos.org.br\/noticias\/novos-podcasts-solidariedade-em-tempos-de-pandemia.html#primaryimage"},"datePublished":"2020-04-02T11:37:08+00:00","dateModified":"2020-04-02T11:39:59+00:00","author":{"@id":"https:\/\/franciscanos.org.br\/noticias\/#\/schema\/person\/b5c8cba458c330ccff548b056e95a5d4"},"breadcrumb":{"@id":"https:\/\/franciscanos.org.br\/noticias\/novos-podcasts-solidariedade-em-tempos-de-pandemia.html#breadcrumb"},"inLanguage":"pt-BR","potentialAction":[{"@type":"ReadAction","target":["https:\/\/franciscanos.org.br\/noticias\/novos-podcasts-solidariedade-em-tempos-de-pandemia.html"]}]},{"@type":"BreadcrumbList","@id":"https:\/\/franciscanos.org.br\/noticias\/novos-podcasts-solidariedade-em-tempos-de-pandemia.html#breadcrumb","itemListElement":[{"@type":"ListItem","position":1,"name":"Home","item":"https:\/\/franciscanos.org.br\/noticias"},{"@type":"ListItem","position":2,"name":"Novos podcasts: solidariedade em tempos de pandemia"}]},{"@type":"Person","@id":"https:\/\/franciscanos.org.br\/noticias\/#\/schema\/person\/b5c8cba458c330ccff548b056e95a5d4","name":"moacir","image":{"@type":"ImageObject","inLanguage":"pt-BR","@id":"https:\/\/franciscanos.org.br\/noticias\/#\/schema\/person\/image\/","url":"https:\/\/secure.gravatar.com\/avatar\/d08aa2ce4c8dd416d4479aa8536fcf64?s=96&d=mm&r=g","contentUrl":"https:\/\/secure.gravatar.com\/avatar\/d08aa2ce4c8dd416d4479aa8536fcf64?s=96&d=mm&r=g","caption":"moacir"},"url":"https:\/\/franciscanos.org.br\/noticias\/author\/moacir"}]}},"_links":{"self":[{"href":"https:\/\/franciscanos.org.br\/noticias\/wp-json\/wp\/v2\/posts\/222872"}],"collection":[{"href":"https:\/\/franciscanos.org.br\/noticias\/wp-json\/wp\/v2\/posts"}],"about":[{"href":"https:\/\/franciscanos.org.br\/noticias\/wp-json\/wp\/v2\/types\/post"}],"author":[{"embeddable":true,"href":"https:\/\/franciscanos.org.br\/noticias\/wp-json\/wp\/v2\/users\/3"}],"replies":[{"embeddable":true,"href":"https:\/\/franciscanos.org.br\/noticias\/wp-json\/wp\/v2\/comments?post=222872"}],"version-history":[{"count":4,"href":"https:\/\/franciscanos.org.br\/noticias\/wp-json\/wp\/v2\/posts\/222872\/revisions"}],"predecessor-version":[{"id":222888,"href":"https:\/\/franciscanos.org.br\/noticias\/wp-json\/wp\/v2\/posts\/222872\/revisions\/222888"}],"wp:featuredmedia":[{"embeddable":true,"href":"https:\/\/franciscanos.org.br\/noticias\/wp-json\/wp\/v2\/media\/222827"}],"wp:attachment":[{"href":"https:\/\/franciscanos.org.br\/noticias\/wp-json\/wp\/v2\/media?parent=222872"}],"wp:term":[{"taxonomy":"category","embeddable":true,"href":"https:\/\/franciscanos.org.br\/noticias\/wp-json\/wp\/v2\/categories?post=222872"},{"taxonomy":"post_tag","embeddable":true,"href":"https:\/\/franciscanos.org.br\/noticias\/wp-json\/wp\/v2\/tags?post=222872"}],"curies":[{"name":"wp","href":"https:\/\/api.w.org\/{rel}","templated":true}]}}