{"id":222843,"date":"2020-03-31T07:50:16","date_gmt":"2020-03-31T10:50:16","guid":{"rendered":"https:\/\/franciscanos.org.br\/noticias\/?p=222843"},"modified":"2020-05-07T16:33:52","modified_gmt":"2020-05-07T19:33:52","slug":"moema-miranda-espero-que-esse-apocalipse-seja-um-novo-genesis","status":"publish","type":"post","link":"https:\/\/franciscanos.org.br\/noticias\/moema-miranda-espero-que-esse-apocalipse-seja-um-novo-genesis.html","title":{"rendered":"Moema Miranda: &#8220;Espero que esse \u2018Apocalipse\u2019 seja um novo \u2018G\u00eanesis\u2019&#8221;"},"content":{"rendered":"<p><img loading=\"lazy\" class=\"size-full wp-image-222848 aligncenter\" src=\"https:\/\/franciscanos.org.br\/noticias\/wp-content\/uploads\/2020\/03\/moema_alto.jpg\" alt=\"\" width=\"1280\" height=\"720\" srcset=\"https:\/\/franciscanos.org.br\/noticias\/wp-content\/uploads\/2020\/03\/moema_alto.jpg 1280w, https:\/\/franciscanos.org.br\/noticias\/wp-content\/uploads\/2020\/03\/moema_alto-450x253.jpg 450w, https:\/\/franciscanos.org.br\/noticias\/wp-content\/uploads\/2020\/03\/moema_alto-1024x576.jpg 1024w, https:\/\/franciscanos.org.br\/noticias\/wp-content\/uploads\/2020\/03\/moema_alto-768x432.jpg 768w, https:\/\/franciscanos.org.br\/noticias\/wp-content\/uploads\/2020\/03\/moema_alto-150x84.jpg 150w\" sizes=\"(max-width: 1280px) 100vw, 1280px\" \/><\/p>\n<h3>&#8220;Espero que esse \u2018Apocalipse\u2019 seja um novo \u2018G\u00eanesis\u2019 em que possamos voltar a compreender que s\u00f3 em harmonia com o planeta podemos viver bem aqui&#8221;.<\/h3>\n<p><em>A firme constata\u00e7\u00e3o \u00e9 da antrop\u00f3loga e franciscana secular Moema Miranda, que participou do S\u00ednodo para a Amaz\u00f4nia no ano passado, em entrevista a <\/em><strong>Frei Gustavo Medella<\/strong><em>, vig\u00e1rio provincial da Prov\u00edncia da Imaculada Concei\u00e7\u00e3o, para compreendermos melhor o que est\u00e1 acontecendo no mundo e no nosso planeta Terra diante da pandemia do novo coronav\u00edrus que assola quase todos os pa\u00edses.<\/em><\/p>\n<p><em>\u00a0<\/em><em>Frei Gustavo partiu do conceito, que n\u00e3o \u00e9 do Papa Francisco, mas que \u00e9 por ele abra\u00e7ado, de que tudo est\u00e1 interligado no Universo, para iniciar esta reflex\u00e3o com Moema e entender essa situa\u00e7\u00e3o que estamos vivendo. <\/em><\/p>\n<p><em>\u00a0<\/em><em>Moema lamentou que, al\u00e9m da pandemia, h\u00e1 um &#8220;pandem\u00f4nio&#8221;, uma falta de coer\u00eancia e de conforma\u00e7\u00e3o nas formas de lidar com a doen\u00e7a e que faz com que ela seja t\u00e3o letal. &#8220;A privatiza\u00e7\u00e3o dos sistemas de sa\u00fade nos \u00faltimos anos e a fragiliza\u00e7\u00e3o dos sistemas p\u00fablicos de sa\u00fade s\u00e3o elementos que se revelam agora na sua maior perversidade, porque s\u00e3o os sistemas de sa\u00fade que n\u00e3o est\u00e3o preparados para acolher a popula\u00e7\u00e3o que precisa de atendimento&#8221;. <\/em><\/p>\n<p><em>\u00a0<\/em><em>T\u00e3o graves e &#8220;sat\u00e2nicas&#8221; s\u00e3o as posturas de governos, como o brasileiro, que minimizam a crise para evitar que a situa\u00e7\u00e3o econ\u00f4mica se deteriore ainda mais. O governo Bolsonaro chegou a criticar medidas \u201calarmistas\u201d de alguns governadores do pa\u00eds e o fechamento de escolas, o que gerou um grave conflito com os pol\u00edticos regionais. &#8220;N\u00e3o podemos estar colocados em alternativas sat\u00e2nicas: Voc\u00ea quer morrer de fome ou voc\u00ea quer morrer do v\u00edrus? Voc\u00ea quer morrer sem trabalho ou voc\u00ea quer morrer do v\u00edrus? Essas s\u00e3o alternativas sat\u00e2nicas das quais a gente deve fugir. N\u00f3s devemos, ao contr\u00e1rio, encontrar v\u00ednculos que nos articulam. Como disse o Papa Francisco muito bem, n\u00e3o p\u00e2nico, mas corresponsabilidade&#8221;, lembrou. <\/em><\/p>\n<p><em>\u00a0<\/em><em>Moema leciona a disciplina Conflitos Socioambientais do Instituto Teol\u00f3gico Franciscano (ITF) de Petr\u00f3polis (RJ) e integra a secretaria da Rede \u201cIgrejas e Minera\u00e7\u00e3o\u201d da CNBB. Ela tamb\u00e9m faz parte da coordena\u00e7\u00e3o nacional do Sinfrajupe (Servi\u00e7o Interfranciscano de Justi\u00e7a Paz e Ecologia) e assessora a Rede Eclesial Pan-Amaz\u00f4nica (REPAM). Atuou at\u00e9 agosto de 2017 no Instituto Brasileiro de An\u00e1lises Sociais e Econ\u00f4micas (Ibase) e faz doutorado em quest\u00f5es ambientais pela PUC do Rio de Janeiro.<\/em><\/p>\n<p><strong>OU\u00c7A A ENTREVISTA DE MOEMA NO SPOTIFY<\/strong><\/p>\n<p><iframe loading=\"lazy\" title=\"Spotify Embed: Coronav\u00edrus #03 | Tudo est\u00e1 interligado\" width=\"100%\" height=\"232\" allowtransparency=\"true\" frameborder=\"0\" allow=\"encrypted-media\" src=\"https:\/\/open.spotify.com\/embed-podcast\/episode\/0DjduhlYTxtSqYQHuM02m8\"><\/iframe><\/p>\n<p><strong>OU\u00c7A NO SOUNDCLOUD<\/strong><\/p>\n<p><iframe loading=\"lazy\" src=\"https:\/\/w.soundcloud.com\/player\/?url=https%3A\/\/api.soundcloud.com\/tracks\/787276183&amp;color=%23447c7c&amp;auto_play=false&amp;hide_related=false&amp;show_comments=true&amp;show_user=false&amp;show_reposts=false&amp;show_teaser=true\" width=\"100%\" height=\"166\" frameborder=\"no\" scrolling=\"no\"><\/iframe><\/p>\n<p><em>\u00a0<\/em><em>Acompanhe a entrevista!<\/em><\/p>\n<p><strong>Site Franciscanos &#8211; O Papa Francisco insiste na ideia de que tudo est\u00e1 interligado. De maneira esta pandemia vem refor\u00e7ar tal ideia?<\/strong><\/p>\n<p><strong>Moema<\/strong> &#8211; Essa \u00e9 uma ideia que emerge dos estudos de ecologia, mas que hoje se revela com muita clareza.\u00a0 Quando o Papa Francisco lan\u00e7ou h\u00e1 cinco anos a enc\u00edlica <em>Laudato Si&#8217;<\/em>, j\u00e1 era um pren\u00fancio deste tempo. Na verdade, o coronav\u00edrus &#8211; e sua pandemia e sua expans\u00e3o &#8211; \u00e9, sem d\u00favida nenhuma, uma quest\u00e3o ecol\u00f3gica. Eco no sentido de <em>oikos<\/em>, da casa, da forma como funciona a nossa Casa Comum. O Papa, na homilia t\u00e3o maravilhosa que fez na sexta-feira (27.03), disse que seria muita ilus\u00e3o nossa pensarmos que tudo est\u00e1 bem se o planeta est\u00e1 doente. Lembra que na enc\u00edclica <em>Laudato Si&#8217;<\/em> dizia, no par\u00e1grafo 2: &#8220;N\u00f3s somos terra&#8221;. Ent\u00e3o, n\u00e3o existe a possibilidade que o humano e o h\u00famus, de onde somos feitos, separem-se num momento t\u00e3o dram\u00e1tico. Na verdade, a quest\u00e3o da pandemia do coronav\u00edrus junta muitos fios complexos. Por um lado, um desrespeito humano aos biossistemas, aos ecossistemas das esferas de vida dos animais como um todo. N\u00f3s sabemos que, no momento que vivemos, n\u00f3s atravessamos a sexta extin\u00e7\u00e3o em massa, com a devasta\u00e7\u00e3o das florestas, devasta\u00e7\u00e3o dos rios, devasta\u00e7\u00e3o dos habitats naturais de um conjunto de seres outros, que &#8216;n\u00e3o humanos&#8217;, que coabitam conosco no planeta e que s\u00e3o essenciais para a vida de todo ecossistema e de todo planeta. N\u00e3o existe possibilidade de os humanos viverem sem os &#8216;n\u00e3o humanos&#8217; nessa cria\u00e7\u00e3o maravilhosa. Mas quando a gente n\u00e3o respeita esses limites, quando a gente invade esses limites, o reverso tamb\u00e9m \u00e9 verdadeiro. Da mesma forma quando a gente faz uma barragem no rio e depois vem uma chuva e o rio transborda levando a lavoura, e a gente diz: &#8220;O rio atravessou, o rio passou da conta&#8221;. N\u00e3o! N\u00f3s \u00e9 que passamos da conta da falta de limite. Ent\u00e3o esse \u00e9 um primeiro elemento: a falta de limite no respeito pelos ecossistemas onde vivem outros seres n\u00e3o humanos.<\/p>\n<p><img loading=\"lazy\" class=\"alignleft size-medium wp-image-222846\" src=\"https:\/\/franciscanos.org.br\/noticias\/wp-content\/uploads\/2020\/03\/moema_03-311x450.jpg\" alt=\"\" width=\"311\" height=\"450\" srcset=\"https:\/\/franciscanos.org.br\/noticias\/wp-content\/uploads\/2020\/03\/moema_03-311x450.jpg 311w, https:\/\/franciscanos.org.br\/noticias\/wp-content\/uploads\/2020\/03\/moema_03-150x217.jpg 150w, https:\/\/franciscanos.org.br\/noticias\/wp-content\/uploads\/2020\/03\/moema_03.jpg 500w\" sizes=\"(max-width: 311px) 100vw, 311px\" \/>Segundo, como n\u00f3s j\u00e1 sabemos hoje, esse \u00e9 um v\u00edrus que vem de um mercado de animais vivos, que ali s\u00e3o mantidos e s\u00e3o vendidos, numa intersec\u00e7\u00e3o entre diferentes animais, inclusive n\u00f3s, que somos tamb\u00e9m um desses animais. As doen\u00e7as v\u00e3o passando e determinados microorganismos, que habitam em paz um ecossistema, quando s\u00e3o transmitidos para outros, viram doen\u00e7as. A gente sabe que a diferen\u00e7a entre vacina e veneno \u00e9 muito pequenininha. \u00c9 a dose e o ambiente. Ent\u00e3o num momento como esse, essa falta de limite faz com que isso afete aos humanos de uma maneira diferente do que afetava a outros animais. Depois, na globaliza\u00e7\u00e3o, o circuito e a circula\u00e7\u00e3o da popula\u00e7\u00e3o s\u00e3o intensas por todo o mundo. Mas essa pandemia revela outros aspectos absolutamente fundamentais da economia, da forma como a gente est\u00e1 lidando com a economia. A privatiza\u00e7\u00e3o dos sistemas de sa\u00fade nos \u00faltimos anos e a fragiliza\u00e7\u00e3o dos sistemas p\u00fablicos de sa\u00fade s\u00e3o elementos que se revelam agora na sua maior perversidade, porque ent\u00e3o s\u00e3o os sistemas de sa\u00fade que n\u00e3o est\u00e3o preparados para acolher a popula\u00e7\u00e3o que precisa de atendimento. O v\u00edrus pode ser muito menos letal se as pessoas tiverem atendimento adequado e de qualidade num primeiro momento.<\/p>\n<p>O terceiro e fundamental elemento \u00e9 o da falta de solidariedade internacional. Mil\u00e3o \u00e9 um dos centros onde a doen\u00e7a est\u00e1 causando uma dizima\u00e7\u00e3o impressionante &#8211; s\u00f3 nas suas dioceses, nos \u00faltimos dez dias, 35 padres morreram, as pessoas est\u00e3o morrendo sozinhas nos hospitais porque n\u00e3o podem receber a visita de seus familiares e os corpos est\u00e3o em fila nos necrot\u00e9rios -, Mil\u00e3o, um pouco antes de entrar nessa fase, dizia: &#8220;Nossa economia n\u00e3o pode parar&#8221;. E a\u00ed vem uma for\u00e7a maior que diz: &#8220;para ou para&#8221;. Ent\u00e3o, esse momento de prepot\u00eancia humana e de falta de solidariedade, porque se quando a It\u00e1lia come\u00e7ou a desenvolver a doen\u00e7a, a Uni\u00e3o Europeia tivesse se somado e dado aten\u00e7\u00e3o a isso, entendendo como disse o Papa Francisco na homilia da sexta-feira (27.03), que n\u00f3s estamos no mesmo barco e que, portanto, n\u00e3o \u00e9 poss\u00edvel que os da proa se salvem, certamente, a difus\u00e3o do v\u00edrus seria muito, muito menor. Al\u00e9m da pandemia, de uma epidemia mundializada, um pandem\u00f4nio, uma falta de coer\u00eancia e de conforma\u00e7\u00e3o nas formas de lidar com a doen\u00e7a, \u00e9 que faz com que ela seja t\u00e3o letal.<\/p>\n<p><strong>Site Franciscanos &#8211; Pensando-se no cuidado com o ser humano e com a Casa Comum, o que se torna priorit\u00e1rio numa situa\u00e7\u00e3o como esta?<\/strong><\/p>\n<p><strong>\u00a0<\/strong><strong>Moema<\/strong> &#8211; O mais importante nesse momento \u00e9 retomar esse mesmo conceito com que a gente partiu. N\u00f3s, humanos, somos feitos da terra; n\u00f3s somos filhos e filhas da terra. N\u00e3o podemos estar colocados em alternativas sat\u00e2nicas: Voc\u00ea quer morrer de fome ou voc\u00ea quer morrer do v\u00edrus? Voc\u00ea quer morrer sem trabalho ou voc\u00ea quer morrer do v\u00edrus? Essas s\u00e3o alternativas sat\u00e2nicas das quais a gente deve fugir. N\u00f3s devemos, ao contr\u00e1rio, encontrar v\u00ednculos que nos articulam. Como disse o Papa Francisco muito bem: n\u00e3o p\u00e2nico, mas corresponsabilidade. N\u00f3s estamos vivendo uma emerg\u00eancia cr\u00f4nica e o planeta Terra est\u00e1 entrando numa nova fase. Numa fase do antropoceno, como j\u00e1 conversamos. Muitas coisas imprevis\u00edveis acontecer\u00e3o no nosso planeta. Mas, cada vez mais, a gente vai entender que n\u00e3o se salva sozinho. N\u00e3o s\u00e3o os caminhos da individualiza\u00e7\u00e3o, do individualismo ego\u00edsta, os que podem nos levar a encontrar a solu\u00e7\u00e3o. S\u00e3o, certamente, os caminhos da informa\u00e7\u00e3o compartilhada, do cuidado com o bem comum, do respeito ao limite e da compreens\u00e3o de que humanos e n\u00e3o humanos habitam o mesmo planeta, onde cabemos todos, mas o que n\u00e3o cabe \u00e9 a l\u00f3gica de uma economia que n\u00e3o se adapta aos limites do planeta.<\/p>\n<p><strong><img loading=\"lazy\" class=\"alignright size-full wp-image-222847\" src=\"https:\/\/franciscanos.org.br\/noticias\/wp-content\/uploads\/2020\/03\/moema_04.jpg\" alt=\"\" width=\"450\" height=\"518\" srcset=\"https:\/\/franciscanos.org.br\/noticias\/wp-content\/uploads\/2020\/03\/moema_04.jpg 450w, https:\/\/franciscanos.org.br\/noticias\/wp-content\/uploads\/2020\/03\/moema_04-391x450.jpg 391w, https:\/\/franciscanos.org.br\/noticias\/wp-content\/uploads\/2020\/03\/moema_04-150x173.jpg 150w\" sizes=\"(max-width: 450px) 100vw, 450px\" \/>Site Franciscanos \u2013 E que li\u00e7\u00f5es voc\u00ea espera que essa pandemia traga para a humanidade?<\/strong><\/p>\n<p><strong>\u00a0<\/strong><strong>Moema<\/strong> &#8211; Acho que um primeiro elemento muito inspirador &#8211; se \u00e9 que posso falar assim &#8211; \u00e9 que ele n\u00e3o afeta s\u00f3 os mais pobres. Voc\u00eas lembram a \u00faltima grande doen\u00e7a que nos amedrontou, o ebola, que era evidentemente muito mais letal e matava 90% das pessoas afetadas, diferente dessa em que o n\u00edvel de letalidade est\u00e1 entre 3 e 7%, ficou restrita a pa\u00edses da \u00c1frica, num canto recluso da \u00c1frica. Essa pandemia, o coronav\u00edrus, \u00e9 muito mais capaz de nos ensinar, porque at\u00e9 o Primeiro Ministro da Inglaterra est\u00e1 infectado pelo coronav\u00edrus. Artistas importantes est\u00e3o infectados e isso nos mostra mais e mais que somos carne. N\u00e3o importa &#8211; claro que as condi\u00e7\u00f5es de sa\u00fade, as condi\u00e7\u00f5es alimentares s\u00e3o vitais -, mas n\u00e3o \u00e9 poss\u00edvel que todo dinheiro do mundo leve a que s\u00f3 uma elite do mundo seja salva. Ent\u00e3o, o que eu espero \u00e9 que esse \u2018Apocalipse\u2019 seja um novo \u2018G\u00eanesis\u2019, seja um \u2018G\u00eanesis\u2019 em que n\u00f3s possamos voltar a compreender que s\u00f3 em harmonia com o planeta n\u00f3s podemos viver bem aqui. Esse n\u00e3o \u00e9 um Planeta para n\u00f3s temermos, como disse o Papa antes: \u2018Deus ama a cria\u00e7\u00e3o\u2019. Esse \u00e9 um Planeta de amor. Feito para o bem viver, para a abund\u00e2ncia, feito para a alegria, para a festa e para a partilha. Mas a festa da partilha e da alegria precisam se basear nos limites do planeta. Uma economia que n\u00e3o para, num planeta que \u00e9 c\u00edclico, se transforma numa forma doente e patol\u00f3gica de habitar o planeta.<\/p>\n<p>N\u00f3s temos dito e voltamos a dizer: Nosso Planeta \u00e9 maravilhoso, \u00e9 c\u00edclico, \u00e9 sist\u00eamico e \u00e9 limitado. Ent\u00e3o, \u00e9 imposs\u00edvel crescer ilimitadamente a economia num planeta limitado. N\u00f3s temos que aprender a nos adaptar e podemos viver muito bem adaptados aos limites do planeta. Como j\u00e1 disse um fil\u00f3sofo antes, a ideia de que a economia tem que crescer ilimitadamente num planeta limitado \u00e9 a l\u00f3gica das c\u00e9lulas do c\u00e2ncer, que se reproduzem independentemente da sa\u00fade do hospedeiro. Como disse o Papa na homilia (27.3), \u00e9 imposs\u00edvel que os humanos vivam com sa\u00fade se o planeta est\u00e1 doente por sua a\u00e7\u00e3o de adoecimento do planeta. Achei a ora\u00e7\u00e3o do Papa, na sexta (27.03), t\u00e3o profunda, t\u00e3o bonita, um momento m\u00edstico t\u00e3o importante, que nos lembra dessa fragilidade e da for\u00e7a que vem dessa fragilidade, do reconhecimento de que n\u00f3s somos uns com a natureza, que o mundo n\u00e3o foi feito s\u00f3 para n\u00f3s, que o mundo foi feito para a festa amorosa da partilha e da abund\u00e2ncia entre humanos e n\u00e3o humanos.<\/p>\n<p>Que n\u00f3s nos irmanemos, nos fraternizemos, como S\u00e3o Francisco de Assis nos ensinou, como uma grande fraternidade, com todo o universo c\u00f3smico, com todo esse universo que nos cerca. E que a gente aprenda a viver na sufici\u00eancia, na sobriedade feliz como ensina o Papa. Que essa pandemia nos mostre o que \u00e9 essencial na solidariedade, o que \u00e9 essencial no consumo. Quais s\u00e3o as coisas que n\u00f3s efetivamente precisamos para vivermos com dignidade. Sa\u00fade p\u00fablica, educa\u00e7\u00e3o de qualidade. E que a gente n\u00e3o precise continuar, como diz o Papa, obcecado por um consumo ilimitado de bens que desequilibra nosso planeta. Que essa pandemia, que esse \u2018Apocalipse\u2019, seja o \u2018G\u00eanesis\u2019 de uma humanidade mais fraterna, mais solid\u00e1ria, mais ecol\u00f3gica. \u00c9 isso que, junto com o Papa Francisco, eu rezo todos os dias.<\/p>\n","protected":false},"excerpt":{"rendered":"<p>Entrevista com Moema Miranda<\/p>\n","protected":false},"author":3,"featured_media":222845,"comment_status":"open","ping_status":"open","sticky":false,"template":"","format":"standard","meta":[],"categories":[758,1],"tags":[864,1601],"acf":[],"yoast_head":"<!-- This site is optimized with the Yoast SEO plugin v19.2 - https:\/\/yoast.com\/wordpress\/plugins\/seo\/ -->\n<title>Moema Miranda: &quot;Espero que esse \u2018Apocalipse\u2019 seja um novo \u2018G\u00eanesis\u2019&quot; - Not\u00edcias - Franciscanos<\/title>\n<meta name=\"robots\" content=\"index, follow, max-snippet:-1, max-image-preview:large, max-video-preview:-1\" \/>\n<link rel=\"canonical\" href=\"https:\/\/franciscanos.org.br\/noticias\/moema-miranda-espero-que-esse-apocalipse-seja-um-novo-genesis.html\" \/>\n<meta property=\"og:locale\" content=\"pt_BR\" \/>\n<meta property=\"og:type\" content=\"article\" \/>\n<meta property=\"og:title\" content=\"Moema Miranda: &quot;Espero que esse \u2018Apocalipse\u2019 seja um novo \u2018G\u00eanesis\u2019&quot; - Not\u00edcias - Franciscanos\" \/>\n<meta property=\"og:description\" content=\"Entrevista com Moema Miranda\" \/>\n<meta property=\"og:url\" content=\"https:\/\/franciscanos.org.br\/noticias\/moema-miranda-espero-que-esse-apocalipse-seja-um-novo-genesis.html\" \/>\n<meta property=\"og:site_name\" content=\"Not\u00edcias - Franciscanos\" \/>\n<meta property=\"article:published_time\" content=\"2020-03-31T10:50:16+00:00\" \/>\n<meta property=\"article:modified_time\" content=\"2020-05-07T19:33:52+00:00\" \/>\n<meta property=\"og:image\" content=\"https:\/\/franciscanos.org.br\/noticias\/wp-content\/uploads\/2020\/03\/moema_01d.jpg\" \/>\n\t<meta property=\"og:image:width\" content=\"273\" \/>\n\t<meta property=\"og:image:height\" content=\"181\" \/>\n\t<meta property=\"og:image:type\" content=\"image\/jpeg\" \/>\n<meta name=\"author\" content=\"moacir\" \/>\n<meta name=\"twitter:card\" content=\"summary_large_image\" \/>\n<meta name=\"twitter:label1\" content=\"Escrito por\" \/>\n\t<meta name=\"twitter:data1\" content=\"moacir\" \/>\n\t<meta name=\"twitter:label2\" content=\"Est. tempo de leitura\" \/>\n\t<meta name=\"twitter:data2\" content=\"11 minutos\" \/>\n<script type=\"application\/ld+json\" class=\"yoast-schema-graph\">{\"@context\":\"https:\/\/schema.org\",\"@graph\":[{\"@type\":\"WebSite\",\"@id\":\"https:\/\/franciscanos.org.br\/noticias\/#website\",\"url\":\"https:\/\/franciscanos.org.br\/noticias\/\",\"name\":\"Not\u00edcias - Franciscanos\",\"description\":\"Prov\u00edncia Franciscana da Imaculada Concei\u00e7\u00e3o do Brasil - Ordem dos Frades Menores - OFM\",\"potentialAction\":[{\"@type\":\"SearchAction\",\"target\":{\"@type\":\"EntryPoint\",\"urlTemplate\":\"https:\/\/franciscanos.org.br\/noticias\/?s={search_term_string}\"},\"query-input\":\"required name=search_term_string\"}],\"inLanguage\":\"pt-BR\"},{\"@type\":\"ImageObject\",\"inLanguage\":\"pt-BR\",\"@id\":\"https:\/\/franciscanos.org.br\/noticias\/moema-miranda-espero-que-esse-apocalipse-seja-um-novo-genesis.html#primaryimage\",\"url\":\"https:\/\/franciscanos.org.br\/noticias\/wp-content\/uploads\/2020\/03\/moema_01d.jpg\",\"contentUrl\":\"https:\/\/franciscanos.org.br\/noticias\/wp-content\/uploads\/2020\/03\/moema_01d.jpg\",\"width\":273,\"height\":181},{\"@type\":\"WebPage\",\"@id\":\"https:\/\/franciscanos.org.br\/noticias\/moema-miranda-espero-que-esse-apocalipse-seja-um-novo-genesis.html#webpage\",\"url\":\"https:\/\/franciscanos.org.br\/noticias\/moema-miranda-espero-que-esse-apocalipse-seja-um-novo-genesis.html\",\"name\":\"Moema Miranda: \\\"Espero que esse \u2018Apocalipse\u2019 seja um novo \u2018G\u00eanesis\u2019\\\" - Not\u00edcias - Franciscanos\",\"isPartOf\":{\"@id\":\"https:\/\/franciscanos.org.br\/noticias\/#website\"},\"primaryImageOfPage\":{\"@id\":\"https:\/\/franciscanos.org.br\/noticias\/moema-miranda-espero-que-esse-apocalipse-seja-um-novo-genesis.html#primaryimage\"},\"datePublished\":\"2020-03-31T10:50:16+00:00\",\"dateModified\":\"2020-05-07T19:33:52+00:00\",\"author\":{\"@id\":\"https:\/\/franciscanos.org.br\/noticias\/#\/schema\/person\/b5c8cba458c330ccff548b056e95a5d4\"},\"breadcrumb\":{\"@id\":\"https:\/\/franciscanos.org.br\/noticias\/moema-miranda-espero-que-esse-apocalipse-seja-um-novo-genesis.html#breadcrumb\"},\"inLanguage\":\"pt-BR\",\"potentialAction\":[{\"@type\":\"ReadAction\",\"target\":[\"https:\/\/franciscanos.org.br\/noticias\/moema-miranda-espero-que-esse-apocalipse-seja-um-novo-genesis.html\"]}]},{\"@type\":\"BreadcrumbList\",\"@id\":\"https:\/\/franciscanos.org.br\/noticias\/moema-miranda-espero-que-esse-apocalipse-seja-um-novo-genesis.html#breadcrumb\",\"itemListElement\":[{\"@type\":\"ListItem\",\"position\":1,\"name\":\"Home\",\"item\":\"https:\/\/franciscanos.org.br\/noticias\"},{\"@type\":\"ListItem\",\"position\":2,\"name\":\"Moema Miranda: &#8220;Espero que esse \u2018Apocalipse\u2019 seja um novo \u2018G\u00eanesis\u2019&#8221;\"}]},{\"@type\":\"Person\",\"@id\":\"https:\/\/franciscanos.org.br\/noticias\/#\/schema\/person\/b5c8cba458c330ccff548b056e95a5d4\",\"name\":\"moacir\",\"image\":{\"@type\":\"ImageObject\",\"inLanguage\":\"pt-BR\",\"@id\":\"https:\/\/franciscanos.org.br\/noticias\/#\/schema\/person\/image\/\",\"url\":\"https:\/\/secure.gravatar.com\/avatar\/d08aa2ce4c8dd416d4479aa8536fcf64?s=96&d=mm&r=g\",\"contentUrl\":\"https:\/\/secure.gravatar.com\/avatar\/d08aa2ce4c8dd416d4479aa8536fcf64?s=96&d=mm&r=g\",\"caption\":\"moacir\"},\"url\":\"https:\/\/franciscanos.org.br\/noticias\/author\/moacir\"}]}<\/script>\n<!-- \/ Yoast SEO plugin. -->","yoast_head_json":{"title":"Moema Miranda: \"Espero que esse \u2018Apocalipse\u2019 seja um novo \u2018G\u00eanesis\u2019\" - Not\u00edcias - Franciscanos","robots":{"index":"index","follow":"follow","max-snippet":"max-snippet:-1","max-image-preview":"max-image-preview:large","max-video-preview":"max-video-preview:-1"},"canonical":"https:\/\/franciscanos.org.br\/noticias\/moema-miranda-espero-que-esse-apocalipse-seja-um-novo-genesis.html","og_locale":"pt_BR","og_type":"article","og_title":"Moema Miranda: \"Espero que esse \u2018Apocalipse\u2019 seja um novo \u2018G\u00eanesis\u2019\" - Not\u00edcias - Franciscanos","og_description":"Entrevista com Moema Miranda","og_url":"https:\/\/franciscanos.org.br\/noticias\/moema-miranda-espero-que-esse-apocalipse-seja-um-novo-genesis.html","og_site_name":"Not\u00edcias - Franciscanos","article_published_time":"2020-03-31T10:50:16+00:00","article_modified_time":"2020-05-07T19:33:52+00:00","og_image":[{"width":273,"height":181,"url":"https:\/\/franciscanos.org.br\/noticias\/wp-content\/uploads\/2020\/03\/moema_01d.jpg","type":"image\/jpeg"}],"author":"moacir","twitter_card":"summary_large_image","twitter_misc":{"Escrito por":"moacir","Est. tempo de leitura":"11 minutos"},"schema":{"@context":"https:\/\/schema.org","@graph":[{"@type":"WebSite","@id":"https:\/\/franciscanos.org.br\/noticias\/#website","url":"https:\/\/franciscanos.org.br\/noticias\/","name":"Not\u00edcias - Franciscanos","description":"Prov\u00edncia Franciscana da Imaculada Concei\u00e7\u00e3o do Brasil - Ordem dos Frades Menores - OFM","potentialAction":[{"@type":"SearchAction","target":{"@type":"EntryPoint","urlTemplate":"https:\/\/franciscanos.org.br\/noticias\/?s={search_term_string}"},"query-input":"required name=search_term_string"}],"inLanguage":"pt-BR"},{"@type":"ImageObject","inLanguage":"pt-BR","@id":"https:\/\/franciscanos.org.br\/noticias\/moema-miranda-espero-que-esse-apocalipse-seja-um-novo-genesis.html#primaryimage","url":"https:\/\/franciscanos.org.br\/noticias\/wp-content\/uploads\/2020\/03\/moema_01d.jpg","contentUrl":"https:\/\/franciscanos.org.br\/noticias\/wp-content\/uploads\/2020\/03\/moema_01d.jpg","width":273,"height":181},{"@type":"WebPage","@id":"https:\/\/franciscanos.org.br\/noticias\/moema-miranda-espero-que-esse-apocalipse-seja-um-novo-genesis.html#webpage","url":"https:\/\/franciscanos.org.br\/noticias\/moema-miranda-espero-que-esse-apocalipse-seja-um-novo-genesis.html","name":"Moema Miranda: \"Espero que esse \u2018Apocalipse\u2019 seja um novo \u2018G\u00eanesis\u2019\" - Not\u00edcias - Franciscanos","isPartOf":{"@id":"https:\/\/franciscanos.org.br\/noticias\/#website"},"primaryImageOfPage":{"@id":"https:\/\/franciscanos.org.br\/noticias\/moema-miranda-espero-que-esse-apocalipse-seja-um-novo-genesis.html#primaryimage"},"datePublished":"2020-03-31T10:50:16+00:00","dateModified":"2020-05-07T19:33:52+00:00","author":{"@id":"https:\/\/franciscanos.org.br\/noticias\/#\/schema\/person\/b5c8cba458c330ccff548b056e95a5d4"},"breadcrumb":{"@id":"https:\/\/franciscanos.org.br\/noticias\/moema-miranda-espero-que-esse-apocalipse-seja-um-novo-genesis.html#breadcrumb"},"inLanguage":"pt-BR","potentialAction":[{"@type":"ReadAction","target":["https:\/\/franciscanos.org.br\/noticias\/moema-miranda-espero-que-esse-apocalipse-seja-um-novo-genesis.html"]}]},{"@type":"BreadcrumbList","@id":"https:\/\/franciscanos.org.br\/noticias\/moema-miranda-espero-que-esse-apocalipse-seja-um-novo-genesis.html#breadcrumb","itemListElement":[{"@type":"ListItem","position":1,"name":"Home","item":"https:\/\/franciscanos.org.br\/noticias"},{"@type":"ListItem","position":2,"name":"Moema Miranda: &#8220;Espero que esse \u2018Apocalipse\u2019 seja um novo \u2018G\u00eanesis\u2019&#8221;"}]},{"@type":"Person","@id":"https:\/\/franciscanos.org.br\/noticias\/#\/schema\/person\/b5c8cba458c330ccff548b056e95a5d4","name":"moacir","image":{"@type":"ImageObject","inLanguage":"pt-BR","@id":"https:\/\/franciscanos.org.br\/noticias\/#\/schema\/person\/image\/","url":"https:\/\/secure.gravatar.com\/avatar\/d08aa2ce4c8dd416d4479aa8536fcf64?s=96&d=mm&r=g","contentUrl":"https:\/\/secure.gravatar.com\/avatar\/d08aa2ce4c8dd416d4479aa8536fcf64?s=96&d=mm&r=g","caption":"moacir"},"url":"https:\/\/franciscanos.org.br\/noticias\/author\/moacir"}]}},"_links":{"self":[{"href":"https:\/\/franciscanos.org.br\/noticias\/wp-json\/wp\/v2\/posts\/222843"}],"collection":[{"href":"https:\/\/franciscanos.org.br\/noticias\/wp-json\/wp\/v2\/posts"}],"about":[{"href":"https:\/\/franciscanos.org.br\/noticias\/wp-json\/wp\/v2\/types\/post"}],"author":[{"embeddable":true,"href":"https:\/\/franciscanos.org.br\/noticias\/wp-json\/wp\/v2\/users\/3"}],"replies":[{"embeddable":true,"href":"https:\/\/franciscanos.org.br\/noticias\/wp-json\/wp\/v2\/comments?post=222843"}],"version-history":[{"count":7,"href":"https:\/\/franciscanos.org.br\/noticias\/wp-json\/wp\/v2\/posts\/222843\/revisions"}],"predecessor-version":[{"id":223454,"href":"https:\/\/franciscanos.org.br\/noticias\/wp-json\/wp\/v2\/posts\/222843\/revisions\/223454"}],"wp:featuredmedia":[{"embeddable":true,"href":"https:\/\/franciscanos.org.br\/noticias\/wp-json\/wp\/v2\/media\/222845"}],"wp:attachment":[{"href":"https:\/\/franciscanos.org.br\/noticias\/wp-json\/wp\/v2\/media?parent=222843"}],"wp:term":[{"taxonomy":"category","embeddable":true,"href":"https:\/\/franciscanos.org.br\/noticias\/wp-json\/wp\/v2\/categories?post=222843"},{"taxonomy":"post_tag","embeddable":true,"href":"https:\/\/franciscanos.org.br\/noticias\/wp-json\/wp\/v2\/tags?post=222843"}],"curies":[{"name":"wp","href":"https:\/\/api.w.org\/{rel}","templated":true}]}}