{"id":222820,"date":"2020-03-31T06:33:29","date_gmt":"2020-03-31T09:33:29","guid":{"rendered":"https:\/\/franciscanos.org.br\/noticias\/?p=222820"},"modified":"2020-03-31T06:33:29","modified_gmt":"2020-03-31T09:33:29","slug":"provincia-lanca-podcasts-sobre-pandemia-do-novo-coronavirus","status":"publish","type":"post","link":"https:\/\/franciscanos.org.br\/noticias\/provincia-lanca-podcasts-sobre-pandemia-do-novo-coronavirus.html","title":{"rendered":"Prov\u00edncia lan\u00e7a Podcasts sobre pandemia do novo coronav\u00edrus"},"content":{"rendered":"<p><img loading=\"lazy\" class=\"alignnone wp-image-222821 size-full\" src=\"https:\/\/franciscanos.org.br\/noticias\/wp-content\/uploads\/2020\/03\/podcasts_310320.png\" alt=\"\" width=\"3840\" height=\"2160\" srcset=\"https:\/\/franciscanos.org.br\/noticias\/wp-content\/uploads\/2020\/03\/podcasts_310320.png 3840w, https:\/\/franciscanos.org.br\/noticias\/wp-content\/uploads\/2020\/03\/podcasts_310320-450x253.png 450w, https:\/\/franciscanos.org.br\/noticias\/wp-content\/uploads\/2020\/03\/podcasts_310320-1024x576.png 1024w, https:\/\/franciscanos.org.br\/noticias\/wp-content\/uploads\/2020\/03\/podcasts_310320-768x432.png 768w, https:\/\/franciscanos.org.br\/noticias\/wp-content\/uploads\/2020\/03\/podcasts_310320-1536x864.png 1536w, https:\/\/franciscanos.org.br\/noticias\/wp-content\/uploads\/2020\/03\/podcasts_310320-2048x1152.png 2048w, https:\/\/franciscanos.org.br\/noticias\/wp-content\/uploads\/2020\/03\/podcasts_310320-150x84.png 150w\" sizes=\"(max-width: 3840px) 100vw, 3840px\" \/><\/p>\n<p>Conforme j\u00e1 tem realizado em outros momentos fortes da vida da sociedade e da Igreja, a Prov\u00edncia Franciscana da Imaculada Concei\u00e7\u00e3o do Brasil lan\u00e7a nesta ter\u00e7a-feira, dia 31 de mar\u00e7o, uma s\u00e9rie de Podcasts que abordam o tema da pandemia do novo coronav\u00edrus. A iniciativa \u00e9 uma parceria entre o Servi\u00e7o Franciscano de Solidariedade (SEFRAS) e a Funda\u00e7\u00e3o Cultural Celinauta, de Pato Branco, PR. De acordo com o Secret\u00e1rio de Evangeliza\u00e7\u00e3o da Prov\u00edncia e apresentador da s\u00e9rie, Frei Gustavo Medella, a ideia \u00e9 levar aos ouvintes informa\u00e7\u00e3o e forma\u00e7\u00e3o, abordando o assunto a partir de diferentes pontos de vista. \u201cUma situa\u00e7\u00e3o grave e in\u00e9dita desta natureza provoca muitas perguntas que precisam ser respondidas de forma \u00e1gil e imediata. \u00c9 como se a humanidade fosse desafiada a trocar o pneu de um carro com ele em movimento. Sendo assim, nossa inten\u00e7\u00e3o \u00e9 oferecer aos ouvintes mais elementos para sua reflex\u00e3o pessoal a partir de temas ligados \u00e0 vida da Igreja e da Sociedade sob o ponto de vista de profissionais ligados a diferentes \u00e1reas do saber, desde a espiritualidade, a psicologia, o franciscanismo, a assist\u00eancia social, entre outras\u201d, explica Frei Gustavo.<\/p>\n<p>Os epis\u00f3dios ser\u00e3o oferecidos por etapas. Nesta primeira, cinco temas s\u00e3o abordados. Al\u00e9m de ouvidos e baixados pessoalmente, os podcasts est\u00e3o livres para reprodu\u00e7\u00e3o total ou parcial em emissoras de r\u00e1dio e outros ve\u00edculos de comunica\u00e7\u00e3o.<\/p>\n<h2 style=\"text-align: center;\"><strong>S\u00e9rie especial sobre a pandemia do novo coronav\u00edrus<\/strong><\/h2>\n<p><strong>Epis\u00f3dio 01 \u2013 A rela\u00e7\u00e3o entre quaresma e quarentena\u2013<\/strong> Frei Fid\u00eancio Vanboemmel, OFM, Ex-Ministro Provincial e Mestre em Espiritualidade Franciscana<\/p>\n<p><iframe loading=\"lazy\" title=\"Spotify Embed: Coronav\u00edrus #01 | A rela\u00e7\u00e3o entre quaresma e quarentena\" width=\"100%\" height=\"232\" allowtransparency=\"true\" frameborder=\"0\" allow=\"encrypted-media\" src=\"https:\/\/open.spotify.com\/embed-podcast\/episode\/5Kb4dnXhNb3ajjAtj2WQAZ\"><\/iframe><\/p>\n<p><strong>Epis\u00f3dio 02 \u2013 A aten\u00e7\u00e3o, o cuidado e o risco dos idosos \u2013<\/strong> Tatiane Lima, Assistente Social da Casa de Clara, do Servi\u00e7o Franciscano de Solidariedade (SEFRAS)<\/p>\n<p><iframe loading=\"lazy\" title=\"Spotify Embed: Coronav\u00edrus #02 | A aten\u00e7\u00e3o, o cuidado e o risco dos idosos\" width=\"100%\" height=\"232\" allowtransparency=\"true\" frameborder=\"0\" allow=\"encrypted-media\" src=\"https:\/\/open.spotify.com\/embed-podcast\/episode\/7KLcTbtP5H7e8NXsRmzsgu\"><\/iframe><\/p>\n<p><strong>Epis\u00f3dio 03 \u2013 A confirma\u00e7\u00e3o de que tudo est\u00e1 interligado &#8211;<\/strong> Moema Miranda, Antrop\u00f3loga e franciscana leiga da OFS<\/p>\n<p><iframe loading=\"lazy\" title=\"Spotify Embed: Coronav\u00edrus #03 | Tudo est\u00e1 interligado\" width=\"100%\" height=\"232\" allowtransparency=\"true\" frameborder=\"0\" allow=\"encrypted-media\" src=\"https:\/\/open.spotify.com\/embed-podcast\/episode\/0DjduhlYTxtSqYQHuM02m8\"><\/iframe><\/p>\n<p><strong>Epis\u00f3dio 04 \u2013 A pandemia e a quest\u00e3o habitacional<\/strong> \u2013 Karin Schmid, Enfermeira e volunt\u00e1ria no Ch\u00e1 do Padre, do Servi\u00e7o Franciscano de Solidariedade (SEFRAS)<\/p>\n<p><iframe loading=\"lazy\" title=\"Spotify Embed: Coronav\u00edrus #04 | A pandemia e a quest\u00e3o habitacional\" width=\"100%\" height=\"232\" allowtransparency=\"true\" frameborder=\"0\" allow=\"encrypted-media\" src=\"https:\/\/open.spotify.com\/embed-podcast\/episode\/1AZ4Pwr4COoXYhmPNTmViF\"><\/iframe><\/p>\n<p><strong>Epis\u00f3dio 05 \u2013 Os efeitos psicol\u00f3gicos na situa\u00e7\u00e3o de isolamento \u2013<\/strong> Ester Baptistella, Professora do Curso de Psicologia da Universidade S\u00e3o Francisco (USF)<\/p>\n<p><iframe loading=\"lazy\" title=\"Spotify Embed: Coronav\u00edrus #05 \u2013 Os efeitos psicol\u00f3gicos na situa\u00e7\u00e3o de isolamento\" width=\"100%\" height=\"232\" allowtransparency=\"true\" frameborder=\"0\" allow=\"encrypted-media\" src=\"https:\/\/open.spotify.com\/embed-podcast\/episode\/7DFmFbsBlGn5ZT0twnyAMk\"><\/iframe><\/p>\n<hr \/>\n<p><strong>OU\u00c7A NO SOUNDCLOUD<\/strong><br \/>\n<iframe loading=\"lazy\" src=\"https:\/\/w.soundcloud.com\/player\/?url=https%3A\/\/api.soundcloud.com\/playlists\/1022286751&amp;color=%23447c7c&amp;auto_play=false&amp;hide_related=false&amp;show_comments=true&amp;show_user=false&amp;show_reposts=false&amp;show_teaser=true\" width=\"100%\" height=\"450\" frameborder=\"no\" scrolling=\"no\"><\/iframe><\/p>\n","protected":false},"excerpt":{"rendered":"<p>Coronav\u00edrus: Juntos iremos vencer<\/p>\n","protected":false},"author":3,"featured_media":222827,"comment_status":"open","ping_status":"open","sticky":false,"template":"","format":"standard","meta":[],"categories":[1],"tags":[550,1601,228],"acf":[],"yoast_head":"<!-- This site is optimized with the Yoast SEO plugin v19.2 - https:\/\/yoast.com\/wordpress\/plugins\/seo\/ -->\n<title>Prov\u00edncia lan\u00e7a Podcasts sobre pandemia do novo coronav\u00edrus - Not\u00edcias - Franciscanos<\/title>\n<meta name=\"robots\" content=\"index, follow, max-snippet:-1, max-image-preview:large, max-video-preview:-1\" \/>\n<link rel=\"canonical\" href=\"https:\/\/franciscanos.org.br\/noticias\/provincia-lanca-podcasts-sobre-pandemia-do-novo-coronavirus.html\" \/>\n<meta property=\"og:locale\" content=\"pt_BR\" \/>\n<meta property=\"og:type\" content=\"article\" \/>\n<meta property=\"og:title\" content=\"Prov\u00edncia lan\u00e7a Podcasts sobre pandemia do novo coronav\u00edrus - Not\u00edcias - Franciscanos\" \/>\n<meta property=\"og:description\" content=\"Coronav\u00edrus: Juntos iremos vencer\" \/>\n<meta property=\"og:url\" content=\"https:\/\/franciscanos.org.br\/noticias\/provincia-lanca-podcasts-sobre-pandemia-do-novo-coronavirus.html\" \/>\n<meta property=\"og:site_name\" content=\"Not\u00edcias - Franciscanos\" \/>\n<meta property=\"article:published_time\" content=\"2020-03-31T09:33:29+00:00\" \/>\n<meta property=\"og:image\" content=\"https:\/\/franciscanos.org.br\/noticias\/wp-content\/uploads\/2020\/03\/podcasts_273x181.jpg\" \/>\n\t<meta property=\"og:image:width\" content=\"273\" \/>\n\t<meta property=\"og:image:height\" content=\"181\" \/>\n\t<meta property=\"og:image:type\" content=\"image\/jpeg\" \/>\n<meta name=\"author\" content=\"moacir\" \/>\n<meta name=\"twitter:card\" content=\"summary_large_image\" \/>\n<meta name=\"twitter:label1\" content=\"Escrito por\" \/>\n\t<meta name=\"twitter:data1\" content=\"moacir\" \/>\n\t<meta name=\"twitter:label2\" content=\"Est. tempo de leitura\" \/>\n\t<meta name=\"twitter:data2\" content=\"2 minutos\" \/>\n<script type=\"application\/ld+json\" class=\"yoast-schema-graph\">{\"@context\":\"https:\/\/schema.org\",\"@graph\":[{\"@type\":\"WebSite\",\"@id\":\"https:\/\/franciscanos.org.br\/noticias\/#website\",\"url\":\"https:\/\/franciscanos.org.br\/noticias\/\",\"name\":\"Not\u00edcias - Franciscanos\",\"description\":\"Prov\u00edncia Franciscana da Imaculada Concei\u00e7\u00e3o do Brasil - Ordem dos Frades Menores - OFM\",\"potentialAction\":[{\"@type\":\"SearchAction\",\"target\":{\"@type\":\"EntryPoint\",\"urlTemplate\":\"https:\/\/franciscanos.org.br\/noticias\/?s={search_term_string}\"},\"query-input\":\"required name=search_term_string\"}],\"inLanguage\":\"pt-BR\"},{\"@type\":\"ImageObject\",\"inLanguage\":\"pt-BR\",\"@id\":\"https:\/\/franciscanos.org.br\/noticias\/provincia-lanca-podcasts-sobre-pandemia-do-novo-coronavirus.html#primaryimage\",\"url\":\"https:\/\/franciscanos.org.br\/noticias\/wp-content\/uploads\/2020\/03\/podcasts_273x181.jpg\",\"contentUrl\":\"https:\/\/franciscanos.org.br\/noticias\/wp-content\/uploads\/2020\/03\/podcasts_273x181.jpg\",\"width\":273,\"height\":181},{\"@type\":\"WebPage\",\"@id\":\"https:\/\/franciscanos.org.br\/noticias\/provincia-lanca-podcasts-sobre-pandemia-do-novo-coronavirus.html#webpage\",\"url\":\"https:\/\/franciscanos.org.br\/noticias\/provincia-lanca-podcasts-sobre-pandemia-do-novo-coronavirus.html\",\"name\":\"Prov\u00edncia lan\u00e7a Podcasts sobre pandemia do novo coronav\u00edrus - Not\u00edcias - Franciscanos\",\"isPartOf\":{\"@id\":\"https:\/\/franciscanos.org.br\/noticias\/#website\"},\"primaryImageOfPage\":{\"@id\":\"https:\/\/franciscanos.org.br\/noticias\/provincia-lanca-podcasts-sobre-pandemia-do-novo-coronavirus.html#primaryimage\"},\"datePublished\":\"2020-03-31T09:33:29+00:00\",\"dateModified\":\"2020-03-31T09:33:29+00:00\",\"author\":{\"@id\":\"https:\/\/franciscanos.org.br\/noticias\/#\/schema\/person\/b5c8cba458c330ccff548b056e95a5d4\"},\"breadcrumb\":{\"@id\":\"https:\/\/franciscanos.org.br\/noticias\/provincia-lanca-podcasts-sobre-pandemia-do-novo-coronavirus.html#breadcrumb\"},\"inLanguage\":\"pt-BR\",\"potentialAction\":[{\"@type\":\"ReadAction\",\"target\":[\"https:\/\/franciscanos.org.br\/noticias\/provincia-lanca-podcasts-sobre-pandemia-do-novo-coronavirus.html\"]}]},{\"@type\":\"BreadcrumbList\",\"@id\":\"https:\/\/franciscanos.org.br\/noticias\/provincia-lanca-podcasts-sobre-pandemia-do-novo-coronavirus.html#breadcrumb\",\"itemListElement\":[{\"@type\":\"ListItem\",\"position\":1,\"name\":\"Home\",\"item\":\"https:\/\/franciscanos.org.br\/noticias\"},{\"@type\":\"ListItem\",\"position\":2,\"name\":\"Prov\u00edncia lan\u00e7a Podcasts sobre pandemia do novo coronav\u00edrus\"}]},{\"@type\":\"Person\",\"@id\":\"https:\/\/franciscanos.org.br\/noticias\/#\/schema\/person\/b5c8cba458c330ccff548b056e95a5d4\",\"name\":\"moacir\",\"image\":{\"@type\":\"ImageObject\",\"inLanguage\":\"pt-BR\",\"@id\":\"https:\/\/franciscanos.org.br\/noticias\/#\/schema\/person\/image\/\",\"url\":\"https:\/\/secure.gravatar.com\/avatar\/d08aa2ce4c8dd416d4479aa8536fcf64?s=96&d=mm&r=g\",\"contentUrl\":\"https:\/\/secure.gravatar.com\/avatar\/d08aa2ce4c8dd416d4479aa8536fcf64?s=96&d=mm&r=g\",\"caption\":\"moacir\"},\"url\":\"https:\/\/franciscanos.org.br\/noticias\/author\/moacir\"}]}<\/script>\n<!-- \/ Yoast SEO plugin. -->","yoast_head_json":{"title":"Prov\u00edncia lan\u00e7a Podcasts sobre pandemia do novo coronav\u00edrus - Not\u00edcias - Franciscanos","robots":{"index":"index","follow":"follow","max-snippet":"max-snippet:-1","max-image-preview":"max-image-preview:large","max-video-preview":"max-video-preview:-1"},"canonical":"https:\/\/franciscanos.org.br\/noticias\/provincia-lanca-podcasts-sobre-pandemia-do-novo-coronavirus.html","og_locale":"pt_BR","og_type":"article","og_title":"Prov\u00edncia lan\u00e7a Podcasts sobre pandemia do novo coronav\u00edrus - Not\u00edcias - Franciscanos","og_description":"Coronav\u00edrus: Juntos iremos vencer","og_url":"https:\/\/franciscanos.org.br\/noticias\/provincia-lanca-podcasts-sobre-pandemia-do-novo-coronavirus.html","og_site_name":"Not\u00edcias - Franciscanos","article_published_time":"2020-03-31T09:33:29+00:00","og_image":[{"width":273,"height":181,"url":"https:\/\/franciscanos.org.br\/noticias\/wp-content\/uploads\/2020\/03\/podcasts_273x181.jpg","type":"image\/jpeg"}],"author":"moacir","twitter_card":"summary_large_image","twitter_misc":{"Escrito por":"moacir","Est. tempo de leitura":"2 minutos"},"schema":{"@context":"https:\/\/schema.org","@graph":[{"@type":"WebSite","@id":"https:\/\/franciscanos.org.br\/noticias\/#website","url":"https:\/\/franciscanos.org.br\/noticias\/","name":"Not\u00edcias - Franciscanos","description":"Prov\u00edncia Franciscana da Imaculada Concei\u00e7\u00e3o do Brasil - Ordem dos Frades Menores - OFM","potentialAction":[{"@type":"SearchAction","target":{"@type":"EntryPoint","urlTemplate":"https:\/\/franciscanos.org.br\/noticias\/?s={search_term_string}"},"query-input":"required name=search_term_string"}],"inLanguage":"pt-BR"},{"@type":"ImageObject","inLanguage":"pt-BR","@id":"https:\/\/franciscanos.org.br\/noticias\/provincia-lanca-podcasts-sobre-pandemia-do-novo-coronavirus.html#primaryimage","url":"https:\/\/franciscanos.org.br\/noticias\/wp-content\/uploads\/2020\/03\/podcasts_273x181.jpg","contentUrl":"https:\/\/franciscanos.org.br\/noticias\/wp-content\/uploads\/2020\/03\/podcasts_273x181.jpg","width":273,"height":181},{"@type":"WebPage","@id":"https:\/\/franciscanos.org.br\/noticias\/provincia-lanca-podcasts-sobre-pandemia-do-novo-coronavirus.html#webpage","url":"https:\/\/franciscanos.org.br\/noticias\/provincia-lanca-podcasts-sobre-pandemia-do-novo-coronavirus.html","name":"Prov\u00edncia lan\u00e7a Podcasts sobre pandemia do novo coronav\u00edrus - Not\u00edcias - Franciscanos","isPartOf":{"@id":"https:\/\/franciscanos.org.br\/noticias\/#website"},"primaryImageOfPage":{"@id":"https:\/\/franciscanos.org.br\/noticias\/provincia-lanca-podcasts-sobre-pandemia-do-novo-coronavirus.html#primaryimage"},"datePublished":"2020-03-31T09:33:29+00:00","dateModified":"2020-03-31T09:33:29+00:00","author":{"@id":"https:\/\/franciscanos.org.br\/noticias\/#\/schema\/person\/b5c8cba458c330ccff548b056e95a5d4"},"breadcrumb":{"@id":"https:\/\/franciscanos.org.br\/noticias\/provincia-lanca-podcasts-sobre-pandemia-do-novo-coronavirus.html#breadcrumb"},"inLanguage":"pt-BR","potentialAction":[{"@type":"ReadAction","target":["https:\/\/franciscanos.org.br\/noticias\/provincia-lanca-podcasts-sobre-pandemia-do-novo-coronavirus.html"]}]},{"@type":"BreadcrumbList","@id":"https:\/\/franciscanos.org.br\/noticias\/provincia-lanca-podcasts-sobre-pandemia-do-novo-coronavirus.html#breadcrumb","itemListElement":[{"@type":"ListItem","position":1,"name":"Home","item":"https:\/\/franciscanos.org.br\/noticias"},{"@type":"ListItem","position":2,"name":"Prov\u00edncia lan\u00e7a Podcasts sobre pandemia do novo coronav\u00edrus"}]},{"@type":"Person","@id":"https:\/\/franciscanos.org.br\/noticias\/#\/schema\/person\/b5c8cba458c330ccff548b056e95a5d4","name":"moacir","image":{"@type":"ImageObject","inLanguage":"pt-BR","@id":"https:\/\/franciscanos.org.br\/noticias\/#\/schema\/person\/image\/","url":"https:\/\/secure.gravatar.com\/avatar\/d08aa2ce4c8dd416d4479aa8536fcf64?s=96&d=mm&r=g","contentUrl":"https:\/\/secure.gravatar.com\/avatar\/d08aa2ce4c8dd416d4479aa8536fcf64?s=96&d=mm&r=g","caption":"moacir"},"url":"https:\/\/franciscanos.org.br\/noticias\/author\/moacir"}]}},"_links":{"self":[{"href":"https:\/\/franciscanos.org.br\/noticias\/wp-json\/wp\/v2\/posts\/222820"}],"collection":[{"href":"https:\/\/franciscanos.org.br\/noticias\/wp-json\/wp\/v2\/posts"}],"about":[{"href":"https:\/\/franciscanos.org.br\/noticias\/wp-json\/wp\/v2\/types\/post"}],"author":[{"embeddable":true,"href":"https:\/\/franciscanos.org.br\/noticias\/wp-json\/wp\/v2\/users\/3"}],"replies":[{"embeddable":true,"href":"https:\/\/franciscanos.org.br\/noticias\/wp-json\/wp\/v2\/comments?post=222820"}],"version-history":[{"count":7,"href":"https:\/\/franciscanos.org.br\/noticias\/wp-json\/wp\/v2\/posts\/222820\/revisions"}],"predecessor-version":[{"id":222838,"href":"https:\/\/franciscanos.org.br\/noticias\/wp-json\/wp\/v2\/posts\/222820\/revisions\/222838"}],"wp:featuredmedia":[{"embeddable":true,"href":"https:\/\/franciscanos.org.br\/noticias\/wp-json\/wp\/v2\/media\/222827"}],"wp:attachment":[{"href":"https:\/\/franciscanos.org.br\/noticias\/wp-json\/wp\/v2\/media?parent=222820"}],"wp:term":[{"taxonomy":"category","embeddable":true,"href":"https:\/\/franciscanos.org.br\/noticias\/wp-json\/wp\/v2\/categories?post=222820"},{"taxonomy":"post_tag","embeddable":true,"href":"https:\/\/franciscanos.org.br\/noticias\/wp-json\/wp\/v2\/tags?post=222820"}],"curies":[{"name":"wp","href":"https:\/\/api.w.org\/{rel}","templated":true}]}}